{"id":199170,"date":"2022-11-20T16:51:00","date_gmt":"2022-11-20T16:51:00","guid":{"rendered":"https:\/\/www.webdo.tn\/fr\/blog\/coupe-du-monde-morgan-freeman-surprise-de-la-ceremonie-d-ouverture\/199170\/"},"modified":"2025-05-20T23:01:55","modified_gmt":"2025-05-20T23:01:55","slug":"coupe-du-monde-morgan-freeman-surprise-de-la-ceremonie-d-ouverture","status":"publish","type":"post","link":"https:\/\/www.webdo.tn\/fr\/actualite\/sport\/coupe-du-monde-morgan-freeman-surprise-de-la-ceremonie-d-ouverture\/199170\/","title":{"rendered":"Coupe du Monde: Morgan Freeman, surprise de la c\u00e9r\u00e9monie d&rsquo;ouverture (photos)"},"content":{"rendered":"<p>\u00c7a a \u00e9t\u00e9 le premier temps fort du Mondial qatari. Morgan Freeman \u00e9tait la surprise de la c\u00e9r\u00e9monie d\u2019ouverture de la Coupe du Monde Qatar 2022.<\/p>\n<p>\t\t\t\t\t\t\t\t\tUne heure et demie avant le coup d&rsquo;envoi du match Qatar-\u00c9quateur, ce dimanche 20 novembre, le pays h\u00f4te a cherch\u00e9 \u00e0 \u00e9blouir le monde entier.\u00a0<\/p>\n<p>L\u2019acteur Morgan Freeman a accompagn\u00e9 le jeune Ghanem Meftah qui a inaugur\u00e9 cette manifestation mondiale, \u00e0 travers une r\u00e9citation des versets coraniques.<\/p>\n<p>Il s\u2019agit d\u2019une premi\u00e8re dans l\u2019histoire de cet \u00e9v\u00e9nement sportif mondial.<\/p>\n","protected":false},"excerpt":{"rendered":"<p>\u00c7a a \u00e9t\u00e9 le premier temps fort du Mondial qatari. Morgan Freeman \u00e9tait la surprise de la c\u00e9r\u00e9monie d\u2019ouverture de la Coupe du Monde Qatar 2022.<\/p>\n","protected":false},"author":3196,"featured_media":277284,"comment_status":"open","ping_status":"closed","sticky":false,"template":"","format":"standard","meta":{"footnotes":""},"categories":[2593],"tags":[8587,4066,9161,9160],"class_list":["post-199170","post","type-post","status-publish","format-standard","has-post-thumbnail","hentry","category-sport","tag-ceremonie-douverture","tag-coupe-du-monde","tag-ghanem-meftah","tag-morgan-freeman"],"yoast_head":"<!-- This site is optimized with the Yoast SEO Premium plugin v27.4 (Yoast SEO v27.4) - https:\/\/yoast.com\/product\/yoast-seo-premium-wordpress\/ -->\n<title>Coupe du Monde: Morgan Freeman, surprise de la c\u00e9r\u00e9monie d&#039;ouverture (photos)<\/title>\n<meta name=\"description\" content=\"\u00c7a a \u00e9t\u00e9 le premier temps fort du Mondial qatari. Morgan Freeman \u00e9tait la surprise de la c\u00e9r\u00e9monie d\u2019ouverture de la Coupe du Monde Qatar 2022.\" \/>\n<link rel=\"canonical\" href=\"https:\/\/www.webdo.tn\/fr\/actualite\/sport\/coupe-du-monde-morgan-freeman-surprise-de-la-ceremonie-d-ouverture\/199170\/\" \/>\n<meta property=\"og:locale\" content=\"fr_FR\" \/>\n<meta property=\"og:type\" content=\"article\" \/>\n<meta property=\"og:title\" content=\"Coupe du Monde: Morgan Freeman, surprise de la c\u00e9r\u00e9monie d&#039;ouverture (photos)\" \/>\n<meta property=\"og:description\" content=\"\u00c7a a \u00e9t\u00e9 le premier temps fort du Mondial qatari. Morgan Freeman \u00e9tait la surprise de la c\u00e9r\u00e9monie d\u2019ouverture de la Coupe du Monde Qatar 2022.\" \/>\n<meta property=\"og:url\" content=\"https:\/\/www.webdo.tn\/fr\/actualite\/sport\/coupe-du-monde-morgan-freeman-surprise-de-la-ceremonie-d-ouverture\/199170\/\" \/>\n<meta property=\"og:site_name\" content=\"webdo\" \/>\n<meta property=\"article:publisher\" content=\"https:\/\/www.facebook.com\/webdotn\" \/>\n<meta property=\"article:published_time\" content=\"2022-11-20T16:51:00+00:00\" \/>\n<meta property=\"article:modified_time\" content=\"2025-05-20T23:01:55+00:00\" \/>\n<meta property=\"og:image\" content=\"https:\/\/www.webdo.tn\/fr\/wp-content\/uploads\/2022\/11\/3ed9fd9c4cc64c540c01a6c2ca78112f.jpg\" \/>\n\t<meta property=\"og:image:width\" content=\"750\" \/>\n\t<meta property=\"og:image:height\" content=\"400\" \/>\n\t<meta property=\"og:image:type\" content=\"image\/jpeg\" \/>\n<meta name=\"author\" content=\"MK\" \/>\n<meta name=\"twitter:card\" content=\"summary_large_image\" \/>\n<meta name=\"twitter:creator\" content=\"@webdo_tn\" \/>\n<meta name=\"twitter:site\" content=\"@webdo_tn\" \/>\n<meta name=\"twitter:label1\" content=\"\u00c9crit par\" \/>\n\t<meta name=\"twitter:data1\" content=\"MK\" \/>\n<script type=\"application\/ld+json\" class=\"yoast-schema-graph\">{\"@context\":\"https:\\\/\\\/schema.org\",\"@graph\":[{\"@type\":\"NewsArticle\",\"@id\":\"https:\\\/\\\/www.webdo.tn\\\/fr\\\/actualite\\\/sport\\\/coupe-du-monde-morgan-freeman-surprise-de-la-ceremonie-d-ouverture\\\/199170\\\/#article\",\"isPartOf\":{\"@id\":\"https:\\\/\\\/www.webdo.tn\\\/fr\\\/actualite\\\/sport\\\/coupe-du-monde-morgan-freeman-surprise-de-la-ceremonie-d-ouverture\\\/199170\\\/\"},\"author\":{\"name\":\"MK\",\"@id\":\"https:\\\/\\\/www.webdo.tn\\\/fr\\\/#\\\/schema\\\/person\\\/c3a9d32fa6d495ca5f4b6510e3db97bf\"},\"headline\":\"Coupe du Monde: Morgan Freeman, surprise de la c\u00e9r\u00e9monie d&rsquo;ouverture (photos)\",\"datePublished\":\"2022-11-20T16:51:00+00:00\",\"dateModified\":\"2025-05-20T23:01:55+00:00\",\"mainEntityOfPage\":{\"@id\":\"https:\\\/\\\/www.webdo.tn\\\/fr\\\/actualite\\\/sport\\\/coupe-du-monde-morgan-freeman-surprise-de-la-ceremonie-d-ouverture\\\/199170\\\/\"},\"wordCount\":107,\"commentCount\":0,\"publisher\":{\"@id\":\"https:\\\/\\\/www.webdo.tn\\\/fr\\\/#organization\"},\"image\":{\"@id\":\"https:\\\/\\\/www.webdo.tn\\\/fr\\\/actualite\\\/sport\\\/coupe-du-monde-morgan-freeman-surprise-de-la-ceremonie-d-ouverture\\\/199170\\\/#primaryimage\"},\"thumbnailUrl\":\"https:\\\/\\\/www.webdo.tn\\\/fr\\\/wp-content\\\/uploads\\\/2022\\\/11\\\/3ed9fd9c4cc64c540c01a6c2ca78112f.jpg\",\"keywords\":[\"c\u00e9r\u00e9monie d'ouverture\",\"Coupe du Monde\",\"Ghanem Meftah\",\"Morgan Freeman\"],\"articleSection\":[\"Sport\"],\"inLanguage\":\"fr-FR\"},{\"@type\":\"WebPage\",\"@id\":\"https:\\\/\\\/www.webdo.tn\\\/fr\\\/actualite\\\/sport\\\/coupe-du-monde-morgan-freeman-surprise-de-la-ceremonie-d-ouverture\\\/199170\\\/\",\"url\":\"https:\\\/\\\/www.webdo.tn\\\/fr\\\/actualite\\\/sport\\\/coupe-du-monde-morgan-freeman-surprise-de-la-ceremonie-d-ouverture\\\/199170\\\/\",\"name\":\"Coupe du Monde: Morgan Freeman, surprise de la c\u00e9r\u00e9monie d'ouverture (photos)\",\"isPartOf\":{\"@id\":\"https:\\\/\\\/www.webdo.tn\\\/fr\\\/#website\"},\"primaryImageOfPage\":{\"@id\":\"https:\\\/\\\/www.webdo.tn\\\/fr\\\/actualite\\\/sport\\\/coupe-du-monde-morgan-freeman-surprise-de-la-ceremonie-d-ouverture\\\/199170\\\/#primaryimage\"},\"image\":{\"@id\":\"https:\\\/\\\/www.webdo.tn\\\/fr\\\/actualite\\\/sport\\\/coupe-du-monde-morgan-freeman-surprise-de-la-ceremonie-d-ouverture\\\/199170\\\/#primaryimage\"},\"thumbnailUrl\":\"https:\\\/\\\/www.webdo.tn\\\/fr\\\/wp-content\\\/uploads\\\/2022\\\/11\\\/3ed9fd9c4cc64c540c01a6c2ca78112f.jpg\",\"datePublished\":\"2022-11-20T16:51:00+00:00\",\"dateModified\":\"2025-05-20T23:01:55+00:00\",\"description\":\"\u00c7a a \u00e9t\u00e9 le premier temps fort du Mondial qatari. Morgan Freeman \u00e9tait la surprise de la c\u00e9r\u00e9monie d\u2019ouverture de la Coupe du Monde Qatar 2022.\",\"breadcrumb\":{\"@id\":\"https:\\\/\\\/www.webdo.tn\\\/fr\\\/actualite\\\/sport\\\/coupe-du-monde-morgan-freeman-surprise-de-la-ceremonie-d-ouverture\\\/199170\\\/#breadcrumb\"},\"inLanguage\":\"fr-FR\",\"potentialAction\":[{\"@type\":\"ReadAction\",\"target\":[\"https:\\\/\\\/www.webdo.tn\\\/fr\\\/actualite\\\/sport\\\/coupe-du-monde-morgan-freeman-surprise-de-la-ceremonie-d-ouverture\\\/199170\\\/\"]}]},{\"@type\":\"ImageObject\",\"inLanguage\":\"fr-FR\",\"@id\":\"https:\\\/\\\/www.webdo.tn\\\/fr\\\/actualite\\\/sport\\\/coupe-du-monde-morgan-freeman-surprise-de-la-ceremonie-d-ouverture\\\/199170\\\/#primaryimage\",\"url\":\"https:\\\/\\\/www.webdo.tn\\\/fr\\\/wp-content\\\/uploads\\\/2022\\\/11\\\/3ed9fd9c4cc64c540c01a6c2ca78112f.jpg\",\"contentUrl\":\"https:\\\/\\\/www.webdo.tn\\\/fr\\\/wp-content\\\/uploads\\\/2022\\\/11\\\/3ed9fd9c4cc64c540c01a6c2ca78112f.jpg\",\"width\":750,\"height\":400,\"caption\":\"Coupe du Monde: Morgan Freeman, surprise de la c\u00e9r\u00e9monie d'ouverture\"},{\"@type\":\"BreadcrumbList\",\"@id\":\"https:\\\/\\\/www.webdo.tn\\\/fr\\\/actualite\\\/sport\\\/coupe-du-monde-morgan-freeman-surprise-de-la-ceremonie-d-ouverture\\\/199170\\\/#breadcrumb\",\"itemListElement\":[{\"@type\":\"ListItem\",\"position\":1,\"name\":\"Accueil\",\"item\":\"https:\\\/\\\/www.webdo.tn\\\/fr\\\/\"},{\"@type\":\"ListItem\",\"position\":2,\"name\":\"Coupe du Monde: Morgan Freeman, surprise de la c\u00e9r\u00e9monie d&rsquo;ouverture (photos)\"}]},{\"@type\":\"WebSite\",\"@id\":\"https:\\\/\\\/www.webdo.tn\\\/fr\\\/#website\",\"url\":\"https:\\\/\\\/www.webdo.tn\\\/fr\\\/\",\"name\":\"webdo\",\"description\":\"Tunisie - News en Tunisie et \u00e0 l&#039;international sur Webdo.tn\",\"publisher\":{\"@id\":\"https:\\\/\\\/www.webdo.tn\\\/fr\\\/#organization\"},\"potentialAction\":[{\"@type\":\"SearchAction\",\"target\":{\"@type\":\"EntryPoint\",\"urlTemplate\":\"https:\\\/\\\/www.webdo.tn\\\/fr\\\/?s={search_term_string}\"},\"query-input\":{\"@type\":\"PropertyValueSpecification\",\"valueRequired\":true,\"valueName\":\"search_term_string\"}}],\"inLanguage\":\"fr-FR\"},{\"@type\":\"Organization\",\"@id\":\"https:\\\/\\\/www.webdo.tn\\\/fr\\\/#organization\",\"name\":\"Webdo\",\"alternateName\":\"Webdo.tn\",\"url\":\"https:\\\/\\\/www.webdo.tn\\\/fr\\\/\",\"logo\":{\"@type\":\"ImageObject\",\"inLanguage\":\"fr-FR\",\"@id\":\"https:\\\/\\\/www.webdo.tn\\\/fr\\\/#\\\/schema\\\/logo\\\/image\\\/\",\"url\":\"https:\\\/\\\/www.webdo.tn\\\/fr\\\/wp-content\\\/uploads\\\/2025\\\/06\\\/Webdo-Tunisie_168377.jpg\",\"contentUrl\":\"https:\\\/\\\/www.webdo.tn\\\/fr\\\/wp-content\\\/uploads\\\/2025\\\/06\\\/Webdo-Tunisie_168377.jpg\",\"width\":301,\"height\":301,\"caption\":\"Webdo\"},\"image\":{\"@id\":\"https:\\\/\\\/www.webdo.tn\\\/fr\\\/#\\\/schema\\\/logo\\\/image\\\/\"},\"sameAs\":[\"https:\\\/\\\/www.facebook.com\\\/webdotn\",\"https:\\\/\\\/x.com\\\/webdo_tn\"],\"description\":\"Webdo est un m\u00e9dia num\u00e9rique tunisien fond\u00e9 en 2010, sp\u00e9cialis\u00e9 dans l\u2019actualit\u00e9 nationale et internationale, l\u2019\u00e9conomie, la soci\u00e9t\u00e9 et les analyses politiques. Le site s\u2019adresse \u00e0 un large public francophone et couvre l\u2019information tunisienne en temps r\u00e9el.\",\"email\":\"redac@webdo.tn\",\"legalName\":\"YNJ SARL\",\"foundingDate\":\"2010-09-06\",\"numberOfEmployees\":{\"@type\":\"QuantitativeValue\",\"minValue\":\"11\",\"maxValue\":\"50\"}},{\"@type\":\"Person\",\"@id\":\"https:\\\/\\\/www.webdo.tn\\\/fr\\\/#\\\/schema\\\/person\\\/c3a9d32fa6d495ca5f4b6510e3db97bf\",\"name\":\"MK\",\"image\":{\"@type\":\"ImageObject\",\"inLanguage\":\"fr-FR\",\"@id\":\"https:\\\/\\\/secure.gravatar.com\\\/avatar\\\/6d44f937f19929f3b75db77056d3e08abd6e302e71bcfea340cd8b00c13e7baf?s=96&d=mm&r=g\",\"url\":\"https:\\\/\\\/secure.gravatar.com\\\/avatar\\\/6d44f937f19929f3b75db77056d3e08abd6e302e71bcfea340cd8b00c13e7baf?s=96&d=mm&r=g\",\"contentUrl\":\"https:\\\/\\\/secure.gravatar.com\\\/avatar\\\/6d44f937f19929f3b75db77056d3e08abd6e302e71bcfea340cd8b00c13e7baf?s=96&d=mm&r=g\",\"caption\":\"MK\"},\"url\":\"https:\\\/\\\/www.webdo.tn\\\/fr\\\/actualite\\\/author\\\/mk\\\/\"}]}<\/script>\n<!-- \/ Yoast SEO Premium plugin. -->","yoast_head_json":{"title":"Coupe du Monde: Morgan Freeman, surprise de la c\u00e9r\u00e9monie d'ouverture (photos)","description":"\u00c7a a \u00e9t\u00e9 le premier temps fort du Mondial qatari. Morgan Freeman \u00e9tait la surprise de la c\u00e9r\u00e9monie d\u2019ouverture de la Coupe du Monde Qatar 2022.","canonical":"https:\/\/www.webdo.tn\/fr\/actualite\/sport\/coupe-du-monde-morgan-freeman-surprise-de-la-ceremonie-d-ouverture\/199170\/","og_locale":"fr_FR","og_type":"article","og_title":"Coupe du Monde: Morgan Freeman, surprise de la c\u00e9r\u00e9monie d'ouverture (photos)","og_description":"\u00c7a a \u00e9t\u00e9 le premier temps fort du Mondial qatari. Morgan Freeman \u00e9tait la surprise de la c\u00e9r\u00e9monie d\u2019ouverture de la Coupe du Monde Qatar 2022.","og_url":"https:\/\/www.webdo.tn\/fr\/actualite\/sport\/coupe-du-monde-morgan-freeman-surprise-de-la-ceremonie-d-ouverture\/199170\/","og_site_name":"webdo","article_publisher":"https:\/\/www.facebook.com\/webdotn","article_published_time":"2022-11-20T16:51:00+00:00","article_modified_time":"2025-05-20T23:01:55+00:00","og_image":[{"width":750,"height":400,"url":"https:\/\/www.webdo.tn\/fr\/wp-content\/uploads\/2022\/11\/3ed9fd9c4cc64c540c01a6c2ca78112f.jpg","type":"image\/jpeg"}],"author":"MK","twitter_card":"summary_large_image","twitter_creator":"@webdo_tn","twitter_site":"@webdo_tn","twitter_misc":{"\u00c9crit par":"MK"},"schema":{"@context":"https:\/\/schema.org","@graph":[{"@type":"NewsArticle","@id":"https:\/\/www.webdo.tn\/fr\/actualite\/sport\/coupe-du-monde-morgan-freeman-surprise-de-la-ceremonie-d-ouverture\/199170\/#article","isPartOf":{"@id":"https:\/\/www.webdo.tn\/fr\/actualite\/sport\/coupe-du-monde-morgan-freeman-surprise-de-la-ceremonie-d-ouverture\/199170\/"},"author":{"name":"MK","@id":"https:\/\/www.webdo.tn\/fr\/#\/schema\/person\/c3a9d32fa6d495ca5f4b6510e3db97bf"},"headline":"Coupe du Monde: Morgan Freeman, surprise de la c\u00e9r\u00e9monie d&rsquo;ouverture (photos)","datePublished":"2022-11-20T16:51:00+00:00","dateModified":"2025-05-20T23:01:55+00:00","mainEntityOfPage":{"@id":"https:\/\/www.webdo.tn\/fr\/actualite\/sport\/coupe-du-monde-morgan-freeman-surprise-de-la-ceremonie-d-ouverture\/199170\/"},"wordCount":107,"commentCount":0,"publisher":{"@id":"https:\/\/www.webdo.tn\/fr\/#organization"},"image":{"@id":"https:\/\/www.webdo.tn\/fr\/actualite\/sport\/coupe-du-monde-morgan-freeman-surprise-de-la-ceremonie-d-ouverture\/199170\/#primaryimage"},"thumbnailUrl":"https:\/\/www.webdo.tn\/fr\/wp-content\/uploads\/2022\/11\/3ed9fd9c4cc64c540c01a6c2ca78112f.jpg","keywords":["c\u00e9r\u00e9monie d'ouverture","Coupe du Monde","Ghanem Meftah","Morgan Freeman"],"articleSection":["Sport"],"inLanguage":"fr-FR"},{"@type":"WebPage","@id":"https:\/\/www.webdo.tn\/fr\/actualite\/sport\/coupe-du-monde-morgan-freeman-surprise-de-la-ceremonie-d-ouverture\/199170\/","url":"https:\/\/www.webdo.tn\/fr\/actualite\/sport\/coupe-du-monde-morgan-freeman-surprise-de-la-ceremonie-d-ouverture\/199170\/","name":"Coupe du Monde: Morgan Freeman, surprise de la c\u00e9r\u00e9monie d'ouverture (photos)","isPartOf":{"@id":"https:\/\/www.webdo.tn\/fr\/#website"},"primaryImageOfPage":{"@id":"https:\/\/www.webdo.tn\/fr\/actualite\/sport\/coupe-du-monde-morgan-freeman-surprise-de-la-ceremonie-d-ouverture\/199170\/#primaryimage"},"image":{"@id":"https:\/\/www.webdo.tn\/fr\/actualite\/sport\/coupe-du-monde-morgan-freeman-surprise-de-la-ceremonie-d-ouverture\/199170\/#primaryimage"},"thumbnailUrl":"https:\/\/www.webdo.tn\/fr\/wp-content\/uploads\/2022\/11\/3ed9fd9c4cc64c540c01a6c2ca78112f.jpg","datePublished":"2022-11-20T16:51:00+00:00","dateModified":"2025-05-20T23:01:55+00:00","description":"\u00c7a a \u00e9t\u00e9 le premier temps fort du Mondial qatari. Morgan Freeman \u00e9tait la surprise de la c\u00e9r\u00e9monie d\u2019ouverture de la Coupe du Monde Qatar 2022.","breadcrumb":{"@id":"https:\/\/www.webdo.tn\/fr\/actualite\/sport\/coupe-du-monde-morgan-freeman-surprise-de-la-ceremonie-d-ouverture\/199170\/#breadcrumb"},"inLanguage":"fr-FR","potentialAction":[{"@type":"ReadAction","target":["https:\/\/www.webdo.tn\/fr\/actualite\/sport\/coupe-du-monde-morgan-freeman-surprise-de-la-ceremonie-d-ouverture\/199170\/"]}]},{"@type":"ImageObject","inLanguage":"fr-FR","@id":"https:\/\/www.webdo.tn\/fr\/actualite\/sport\/coupe-du-monde-morgan-freeman-surprise-de-la-ceremonie-d-ouverture\/199170\/#primaryimage","url":"https:\/\/www.webdo.tn\/fr\/wp-content\/uploads\/2022\/11\/3ed9fd9c4cc64c540c01a6c2ca78112f.jpg","contentUrl":"https:\/\/www.webdo.tn\/fr\/wp-content\/uploads\/2022\/11\/3ed9fd9c4cc64c540c01a6c2ca78112f.jpg","width":750,"height":400,"caption":"Coupe du Monde: Morgan Freeman, surprise de la c\u00e9r\u00e9monie d'ouverture"},{"@type":"BreadcrumbList","@id":"https:\/\/www.webdo.tn\/fr\/actualite\/sport\/coupe-du-monde-morgan-freeman-surprise-de-la-ceremonie-d-ouverture\/199170\/#breadcrumb","itemListElement":[{"@type":"ListItem","position":1,"name":"Accueil","item":"https:\/\/www.webdo.tn\/fr\/"},{"@type":"ListItem","position":2,"name":"Coupe du Monde: Morgan Freeman, surprise de la c\u00e9r\u00e9monie d&rsquo;ouverture (photos)"}]},{"@type":"WebSite","@id":"https:\/\/www.webdo.tn\/fr\/#website","url":"https:\/\/www.webdo.tn\/fr\/","name":"webdo","description":"Tunisie - News en Tunisie et \u00e0 l&#039;international sur Webdo.tn","publisher":{"@id":"https:\/\/www.webdo.tn\/fr\/#organization"},"potentialAction":[{"@type":"SearchAction","target":{"@type":"EntryPoint","urlTemplate":"https:\/\/www.webdo.tn\/fr\/?s={search_term_string}"},"query-input":{"@type":"PropertyValueSpecification","valueRequired":true,"valueName":"search_term_string"}}],"inLanguage":"fr-FR"},{"@type":"Organization","@id":"https:\/\/www.webdo.tn\/fr\/#organization","name":"Webdo","alternateName":"Webdo.tn","url":"https:\/\/www.webdo.tn\/fr\/","logo":{"@type":"ImageObject","inLanguage":"fr-FR","@id":"https:\/\/www.webdo.tn\/fr\/#\/schema\/logo\/image\/","url":"https:\/\/www.webdo.tn\/fr\/wp-content\/uploads\/2025\/06\/Webdo-Tunisie_168377.jpg","contentUrl":"https:\/\/www.webdo.tn\/fr\/wp-content\/uploads\/2025\/06\/Webdo-Tunisie_168377.jpg","width":301,"height":301,"caption":"Webdo"},"image":{"@id":"https:\/\/www.webdo.tn\/fr\/#\/schema\/logo\/image\/"},"sameAs":["https:\/\/www.facebook.com\/webdotn","https:\/\/x.com\/webdo_tn"],"description":"Webdo est un m\u00e9dia num\u00e9rique tunisien fond\u00e9 en 2010, sp\u00e9cialis\u00e9 dans l\u2019actualit\u00e9 nationale et internationale, l\u2019\u00e9conomie, la soci\u00e9t\u00e9 et les analyses politiques. Le site s\u2019adresse \u00e0 un large public francophone et couvre l\u2019information tunisienne en temps r\u00e9el.","email":"redac@webdo.tn","legalName":"YNJ SARL","foundingDate":"2010-09-06","numberOfEmployees":{"@type":"QuantitativeValue","minValue":"11","maxValue":"50"}},{"@type":"Person","@id":"https:\/\/www.webdo.tn\/fr\/#\/schema\/person\/c3a9d32fa6d495ca5f4b6510e3db97bf","name":"MK","image":{"@type":"ImageObject","inLanguage":"fr-FR","@id":"https:\/\/secure.gravatar.com\/avatar\/6d44f937f19929f3b75db77056d3e08abd6e302e71bcfea340cd8b00c13e7baf?s=96&d=mm&r=g","url":"https:\/\/secure.gravatar.com\/avatar\/6d44f937f19929f3b75db77056d3e08abd6e302e71bcfea340cd8b00c13e7baf?s=96&d=mm&r=g","contentUrl":"https:\/\/secure.gravatar.com\/avatar\/6d44f937f19929f3b75db77056d3e08abd6e302e71bcfea340cd8b00c13e7baf?s=96&d=mm&r=g","caption":"MK"},"url":"https:\/\/www.webdo.tn\/fr\/actualite\/author\/mk\/"}]}},"_links":{"self":[{"href":"https:\/\/www.webdo.tn\/fr\/wp-json\/wp\/v2\/posts\/199170","targetHints":{"allow":["GET"]}}],"collection":[{"href":"https:\/\/www.webdo.tn\/fr\/wp-json\/wp\/v2\/posts"}],"about":[{"href":"https:\/\/www.webdo.tn\/fr\/wp-json\/wp\/v2\/types\/post"}],"author":[{"embeddable":true,"href":"https:\/\/www.webdo.tn\/fr\/wp-json\/wp\/v2\/users\/3196"}],"replies":[{"embeddable":true,"href":"https:\/\/www.webdo.tn\/fr\/wp-json\/wp\/v2\/comments?post=199170"}],"version-history":[{"count":0,"href":"https:\/\/www.webdo.tn\/fr\/wp-json\/wp\/v2\/posts\/199170\/revisions"}],"wp:featuredmedia":[{"embeddable":true,"href":"https:\/\/www.webdo.tn\/fr\/wp-json\/wp\/v2\/media\/277284"}],"wp:attachment":[{"href":"https:\/\/www.webdo.tn\/fr\/wp-json\/wp\/v2\/media?parent=199170"}],"wp:term":[{"taxonomy":"category","embeddable":true,"href":"https:\/\/www.webdo.tn\/fr\/wp-json\/wp\/v2\/categories?post=199170"},{"taxonomy":"post_tag","embeddable":true,"href":"https:\/\/www.webdo.tn\/fr\/wp-json\/wp\/v2\/tags?post=199170"}],"curies":[{"name":"wp","href":"https:\/\/api.w.org\/{rel}","templated":true}]}}