{"id":199168,"date":"2022-11-20T12:52:00","date_gmt":"2022-11-20T12:52:00","guid":{"rendered":"https:\/\/www.webdo.tn\/fr\/blog\/sommet-de-la-francophonie-kais-saied-inaugure-les-travaux-de-la-deuxieme-journee\/199168\/"},"modified":"2025-05-20T23:01:54","modified_gmt":"2025-05-20T23:01:54","slug":"sommet-de-la-francophonie-kais-saied-inaugure-les-travaux-de-la-deuxieme-journee","status":"publish","type":"post","link":"https:\/\/www.webdo.tn\/fr\/actualite\/national\/sommet-de-la-francophonie-kais-saied-inaugure-les-travaux-de-la-deuxieme-journee\/199168\/","title":{"rendered":"Sommet de la Francophonie: Kais Saied inaugure les travaux de la deuxi\u00e8me journ\u00e9e"},"content":{"rendered":"<p>Le pr\u00e9sident de la R\u00e9publique, Kais Saied, a inaugur\u00e9, ce dimanche 20 novembre 2022, sur l&rsquo;\u00eele de Djerba, la s\u00e9ance d&rsquo;ouverture de la deuxi\u00e8me journ\u00e9e du Sommet de la Francophonie.<\/p>\n<p>\t\t\t\t\t\t\t\t\tLes interventions dans le cadre de cette session porteront sur le th\u00e8me \u00ab femmes et jeunes : objectifs prioritaires de la Francophonie \u00bb.<\/p>\n<p>Le pr\u00e9sident de la R\u00e9publique s\u2019est rendu, vendredi 18 novembre 2022, \u00e0 Djerba pour participer au 18\u00e8me Sommet de la Francophonie.<\/p>\n<p>Lors de sa visite, il a d\u00e9clar\u00e9, au Village de la Francophonie, que \u00ab\u00a0les r\u00e9sultats du Sommet de Djerba seront positifs\u00a0\u00bb, soulignant que l&rsquo;impact du Forum \u00e9conomique et du Village de la francophonie, sera assur\u00e9ment \u00e9difiant.<\/p>\n<p>\u00ab\u00a0Nous nous penchons sur la situation socio-\u00e9conomique du pays \u00e0 l&rsquo;aune des choix du peuple tunisien et nous \u0153uvrerons \u00e0 les r\u00e9aliser sur la base de nos conceptions et nos capacit\u00e9s, en vue de surmonter cette situation\u00a0\u00bb, a-t-il notamment d\u00e9clar\u00e9.<\/p>\n<p>Le pr\u00e9sident Sa\u00efed a r\u00e9it\u00e9r\u00e9 son engagement qui consiste \u00e0 r\u00e9pondre aux revendications des Tunisiens, soulignant que \u00ab\u00a0les choix \u00e0 mettre en \u0153uvre sont ind\u00e9pendants et ne se soumettent \u00e0 aucun diktat\u00a0\u00bb.<\/p>\n<p>Par ailleurs, le chef de l&rsquo;Etat a mis l&rsquo;accent sur l&rsquo;importance de \u00ab\u00a0la convergence sur les id\u00e9es et les conceptions ainsi que sur un monde nouveau qui se fonde sur de nouvelles valeurs et approches\u00a0\u00bb.<\/p>\n<p>\u00ab\u00a0Le choix port\u00e9 sur Djerba pour abriter ce sommet intervient sur la base d&rsquo;un ensemble de donn\u00e9es, dont l&rsquo;impact positif de cet \u00e9v\u00e8nement sur la r\u00e9gion du sud\u00a0\u00bb, a-t-il dit, ajoutant que \u00ab\u00a0toutes les r\u00e9gions de la Tunisie sont dans la capacit\u00e9 d&rsquo;accueillir des manifestations de cette envergure, dans les meilleures conditions et dans la s\u00e9curit\u00e9 totale\u00a0\u00bb.<\/p>\n<p>S&rsquo;agissant de la situation \u00e0 Zarzis, le pr\u00e9sident a r\u00e9v\u00e9l\u00e9 que \u00ab\u00a0la v\u00e9rit\u00e9 sera, incessamment sous peu, d\u00e9voil\u00e9e\u00a0\u00bb, estimant que \u00ab\u00a0certaines parties \u0153uvrent \u00e0 saboter le sommet\u00a0\u00bb.<\/p>\n<p>Le chef de l&rsquo;Etat a rendu visite aux diff\u00e9rents pavillons du Village francophone, examinant de pr\u00e8s les sp\u00e9cificit\u00e9s et la richesse du patrimoine culturel francophone.<\/p>\n<p>Le pr\u00e9sident de la R\u00e9publique, s&rsquo;est entretenu, vendredi soir, avec le pr\u00e9sident du Conseil europ\u00e9en, Charles Michel, \u00e0 l&rsquo;occasion du Sommet lors d\u2019une rencontre qui a \u00e9t\u00e9 l&rsquo;occasion d&rsquo;\u00e9changer les vues sur plusieurs questions qui concernent les relations historiques de coop\u00e9ration et de partenariat \u00e9tablies entre la Tunisie et l&rsquo;Union europ\u00e9enne dans divers secteurs, indique la pr\u00e9sidence de la R\u00e9publique.<\/p>\n<p>Les deux parties ont insist\u00e9 sur l&rsquo;engagement mutuel de les d\u00e9velopper et de les diversifier, en particulier dans le domaine \u00e9conomique, social, culturel.<\/p>\n<p>Le pr\u00e9sident de la R\u00e9publique, s\u2019est aussi entretenu avec la secr\u00e9taire g\u00e9n\u00e9rale de l\u2019Organisation internationale de la Francophonie, Louise Mushikiwabo.<\/p>\n<p>Le chef de l\u2019Etat a not\u00e9 que la Tunisie a r\u00e9ussi \u00e0 organiser le Sommet dans le respect de ses engagements et malgr\u00e9 les difficult\u00e9s d\u2019organisation. Il a tenu \u00e0 cette occasion \u00e0 remercier la secr\u00e9taire g\u00e9n\u00e9rale de l\u2019OIF pour sa coop\u00e9ration dans toutes les \u00e9tapes de l\u2019organisation de cet \u00e9v\u00e9nement.<\/p>\n<p>De son c\u00f4t\u00e9, la secr\u00e9taire g\u00e9n\u00e9rale de l\u2019OIF a remerci\u00e9 la Tunisie pour sa d\u00e9termination \u00e0 bien organiser ce Sommet sur tous les niveaux.<\/p>\n<p>Il s&rsquo;est \u00e9galement entretenu avec son homologue burundais Evariste Ndayishimiye et s&rsquo;est f\u00e9licit\u00e9 de la solidit\u00e9 des relations fraternelles liant les deux pays, mettant l&rsquo;accent sur la n\u00e9cessit\u00e9 d&rsquo;acc\u00e9l\u00e9rer la tenue de la commission mixte et de promouvoir les m\u00e9canismes de coop\u00e9ration et de partenariat entre les deux pays dans un cadre bilat\u00e9ral et multilat\u00e9ral.<\/p>\n<p>De son c\u00f4t\u00e9, le pr\u00e9sident fran\u00e7ais, Emmanuel Macron, a d\u00e9clar\u00e9, ce samedi 19 novembre 2022, \u00e0 Djerba que la Francophonie doit porter un projet de \u00ab\u00a0reconqu\u00eate de la langue fran\u00e7aise\u00a0\u00bb.<\/p>\n<p>Rencontrant des jeunes ambassadeurs de la Francophonie, il a soulign\u00e9 que le vrai d\u00e9fi de la Francophonie aujourd\u2019hui est de porter un projet de reconqu\u00eate, voire de r\u00e9sistance.<\/p>\n<p>Le chef d\u2019Etat fran\u00e7ais a fait \u00e9tat d\u2019un recul de l\u2019usage de la langue fran\u00e7aise en d\u00e9pit du d\u00e9veloppement d\u00e9mographique, en Afrique, qui a entra\u00een\u00e9 une augmentation de 7% du nombre des personnes ayant le fran\u00e7ais en partage. \u00ab\u00a0Les peuples maghr\u00e9bins parlent moins fran\u00e7ais qu\u2019il y a 20 ou 30 ans\u00a0\u00bb, a-t-il regrett\u00e9.<\/p>\n<p>Emmanuel Macron a expliqu\u00e9 que des facteurs politiques qu\u2019il a qualifi\u00e9s de \u00ab\u00a0hasards, morsures et blessures de l\u2019Histoire\u00a0\u00bb et d\u2019autres en lien avec les difficult\u00e9s d\u2019apprentissage du fran\u00e7ais sont \u00e0 l\u2019origine de ce recul.<\/p>\n<p>Il a, \u00e9galement, \u00e9voqu\u00e9, dans ce sens, la mont\u00e9e des mouvements anticolonialistes et la migration vers la langue anglaise qui, selon ses propos, reste plus accessible que la langue de Moli\u00e8re, recommandant de miser sur l\u2019\u00e9ducation, la culture et le sport, en tant que leviers \u00ab\u00a0formidables\u00a0\u00bb pour la Francophonie.<\/p>\n<p>Il a soulign\u00e9 la n\u00e9cessit\u00e9 de renforcer le r\u00e9seau \u00e9ducatif fran\u00e7ais partout dans le monde, comme c&rsquo;est le cas en Tunisie, appelant \u00e0 miser sur la traduction ainsi que sur la diffusion de livres \u00e0 tr\u00e8s bas prix.<\/p>\n","protected":false},"excerpt":{"rendered":"<p>Le pr\u00e9sident de la R\u00e9publique, Kais Saied, a inaugur\u00e9, ce dimanche 20 novembre 2022, sur l&rsquo;\u00eele de Djerba, la s\u00e9ance d&rsquo;ouverture de la deuxi\u00e8me journ\u00e9e du Sommet&#8230;<\/p>\n","protected":false},"author":3196,"featured_media":277283,"comment_status":"open","ping_status":"closed","sticky":false,"template":"","format":"standard","meta":{"footnotes":""},"categories":[44],"tags":[5467,2614,5518],"class_list":["post-199168","post","type-post","status-publish","format-standard","has-post-thumbnail","hentry","category-national","tag-emmanuel-macron","tag-kais-saied","tag-sommet-de-la-francophonie"],"yoast_head":"<!-- This site is optimized with the Yoast SEO Premium plugin v27.5 (Yoast SEO v27.5) - https:\/\/yoast.com\/product\/yoast-seo-premium-wordpress\/ -->\n<title>Sommet de la Francophonie: Kais Saied inaugure les travaux de la deuxi\u00e8me journ\u00e9e<\/title>\n<meta name=\"description\" content=\"Le pr\u00e9sident de la R\u00e9publique, Kais Saied, a inaugur\u00e9, ce dimanche 20 novembre 2022, sur l&#039;\u00eele de Djerba, la s\u00e9ance d&#039;ouverture de la deuxi\u00e8me journ\u00e9e du Sommet...\" \/>\n<link rel=\"canonical\" href=\"https:\/\/www.webdo.tn\/fr\/actualite\/national\/sommet-de-la-francophonie-kais-saied-inaugure-les-travaux-de-la-deuxieme-journee\/199168\/\" \/>\n<meta property=\"og:locale\" content=\"fr_FR\" \/>\n<meta property=\"og:type\" content=\"article\" \/>\n<meta property=\"og:title\" content=\"Sommet de la Francophonie: Kais Saied inaugure les travaux de la deuxi\u00e8me journ\u00e9e\" \/>\n<meta property=\"og:description\" content=\"Le pr\u00e9sident de la R\u00e9publique, Kais Saied, a inaugur\u00e9, ce dimanche 20 novembre 2022, sur l&#039;\u00eele de Djerba, la s\u00e9ance d&#039;ouverture de la deuxi\u00e8me journ\u00e9e du Sommet...\" \/>\n<meta property=\"og:url\" content=\"https:\/\/www.webdo.tn\/fr\/actualite\/national\/sommet-de-la-francophonie-kais-saied-inaugure-les-travaux-de-la-deuxieme-journee\/199168\/\" \/>\n<meta property=\"og:site_name\" content=\"webdo\" \/>\n<meta property=\"article:publisher\" content=\"https:\/\/www.facebook.com\/webdotn\" \/>\n<meta property=\"article:published_time\" content=\"2022-11-20T12:52:00+00:00\" \/>\n<meta property=\"article:modified_time\" content=\"2025-05-20T23:01:54+00:00\" \/>\n<meta property=\"og:image\" content=\"https:\/\/www.webdo.tn\/fr\/wp-content\/uploads\/2022\/11\/d9a4e2932d479524ee07b620f2dbdd11.jpg\" \/>\n\t<meta property=\"og:image:width\" content=\"750\" \/>\n\t<meta property=\"og:image:height\" content=\"400\" \/>\n\t<meta property=\"og:image:type\" content=\"image\/jpeg\" \/>\n<meta name=\"author\" content=\"MK\" \/>\n<meta name=\"twitter:card\" content=\"summary_large_image\" \/>\n<meta name=\"twitter:creator\" content=\"@webdo_tn\" \/>\n<meta name=\"twitter:site\" content=\"@webdo_tn\" \/>\n<meta name=\"twitter:label1\" content=\"\u00c9crit par\" \/>\n\t<meta name=\"twitter:data1\" content=\"MK\" \/>\n\t<meta name=\"twitter:label2\" content=\"Dur\u00e9e de lecture estim\u00e9e\" \/>\n\t<meta name=\"twitter:data2\" content=\"4 minutes\" \/>\n<script type=\"application\/ld+json\" class=\"yoast-schema-graph\">{\"@context\":\"https:\\\/\\\/schema.org\",\"@graph\":[{\"@type\":\"NewsArticle\",\"@id\":\"https:\\\/\\\/www.webdo.tn\\\/fr\\\/actualite\\\/national\\\/sommet-de-la-francophonie-kais-saied-inaugure-les-travaux-de-la-deuxieme-journee\\\/199168\\\/#article\",\"isPartOf\":{\"@id\":\"https:\\\/\\\/www.webdo.tn\\\/fr\\\/actualite\\\/national\\\/sommet-de-la-francophonie-kais-saied-inaugure-les-travaux-de-la-deuxieme-journee\\\/199168\\\/\"},\"author\":{\"name\":\"MK\",\"@id\":\"https:\\\/\\\/www.webdo.tn\\\/fr\\\/#\\\/schema\\\/person\\\/c3a9d32fa6d495ca5f4b6510e3db97bf\"},\"headline\":\"Sommet de la Francophonie: Kais Saied inaugure les travaux de la deuxi\u00e8me journ\u00e9e\",\"datePublished\":\"2022-11-20T12:52:00+00:00\",\"dateModified\":\"2025-05-20T23:01:54+00:00\",\"mainEntityOfPage\":{\"@id\":\"https:\\\/\\\/www.webdo.tn\\\/fr\\\/actualite\\\/national\\\/sommet-de-la-francophonie-kais-saied-inaugure-les-travaux-de-la-deuxieme-journee\\\/199168\\\/\"},\"wordCount\":918,\"commentCount\":0,\"publisher\":{\"@id\":\"https:\\\/\\\/www.webdo.tn\\\/fr\\\/#organization\"},\"image\":{\"@id\":\"https:\\\/\\\/www.webdo.tn\\\/fr\\\/actualite\\\/national\\\/sommet-de-la-francophonie-kais-saied-inaugure-les-travaux-de-la-deuxieme-journee\\\/199168\\\/#primaryimage\"},\"thumbnailUrl\":\"https:\\\/\\\/www.webdo.tn\\\/fr\\\/wp-content\\\/uploads\\\/2022\\\/11\\\/d9a4e2932d479524ee07b620f2dbdd11.jpg\",\"keywords\":[\"Emmanuel Macron\",\"Kais Saied\",\"Sommet de la Francophonie\"],\"articleSection\":[\"National\"],\"inLanguage\":\"fr-FR\"},{\"@type\":\"WebPage\",\"@id\":\"https:\\\/\\\/www.webdo.tn\\\/fr\\\/actualite\\\/national\\\/sommet-de-la-francophonie-kais-saied-inaugure-les-travaux-de-la-deuxieme-journee\\\/199168\\\/\",\"url\":\"https:\\\/\\\/www.webdo.tn\\\/fr\\\/actualite\\\/national\\\/sommet-de-la-francophonie-kais-saied-inaugure-les-travaux-de-la-deuxieme-journee\\\/199168\\\/\",\"name\":\"Sommet de la Francophonie: Kais Saied inaugure les travaux de la deuxi\u00e8me journ\u00e9e\",\"isPartOf\":{\"@id\":\"https:\\\/\\\/www.webdo.tn\\\/fr\\\/#website\"},\"primaryImageOfPage\":{\"@id\":\"https:\\\/\\\/www.webdo.tn\\\/fr\\\/actualite\\\/national\\\/sommet-de-la-francophonie-kais-saied-inaugure-les-travaux-de-la-deuxieme-journee\\\/199168\\\/#primaryimage\"},\"image\":{\"@id\":\"https:\\\/\\\/www.webdo.tn\\\/fr\\\/actualite\\\/national\\\/sommet-de-la-francophonie-kais-saied-inaugure-les-travaux-de-la-deuxieme-journee\\\/199168\\\/#primaryimage\"},\"thumbnailUrl\":\"https:\\\/\\\/www.webdo.tn\\\/fr\\\/wp-content\\\/uploads\\\/2022\\\/11\\\/d9a4e2932d479524ee07b620f2dbdd11.jpg\",\"datePublished\":\"2022-11-20T12:52:00+00:00\",\"dateModified\":\"2025-05-20T23:01:54+00:00\",\"description\":\"Le pr\u00e9sident de la R\u00e9publique, Kais Saied, a inaugur\u00e9, ce dimanche 20 novembre 2022, sur l'\u00eele de Djerba, la s\u00e9ance d'ouverture de la deuxi\u00e8me journ\u00e9e du Sommet...\",\"breadcrumb\":{\"@id\":\"https:\\\/\\\/www.webdo.tn\\\/fr\\\/actualite\\\/national\\\/sommet-de-la-francophonie-kais-saied-inaugure-les-travaux-de-la-deuxieme-journee\\\/199168\\\/#breadcrumb\"},\"inLanguage\":\"fr-FR\",\"potentialAction\":[{\"@type\":\"ReadAction\",\"target\":[\"https:\\\/\\\/www.webdo.tn\\\/fr\\\/actualite\\\/national\\\/sommet-de-la-francophonie-kais-saied-inaugure-les-travaux-de-la-deuxieme-journee\\\/199168\\\/\"]}]},{\"@type\":\"ImageObject\",\"inLanguage\":\"fr-FR\",\"@id\":\"https:\\\/\\\/www.webdo.tn\\\/fr\\\/actualite\\\/national\\\/sommet-de-la-francophonie-kais-saied-inaugure-les-travaux-de-la-deuxieme-journee\\\/199168\\\/#primaryimage\",\"url\":\"https:\\\/\\\/www.webdo.tn\\\/fr\\\/wp-content\\\/uploads\\\/2022\\\/11\\\/d9a4e2932d479524ee07b620f2dbdd11.jpg\",\"contentUrl\":\"https:\\\/\\\/www.webdo.tn\\\/fr\\\/wp-content\\\/uploads\\\/2022\\\/11\\\/d9a4e2932d479524ee07b620f2dbdd11.jpg\",\"width\":750,\"height\":400,\"caption\":\"Kais Saied Sommet de la Francophonie\"},{\"@type\":\"BreadcrumbList\",\"@id\":\"https:\\\/\\\/www.webdo.tn\\\/fr\\\/actualite\\\/national\\\/sommet-de-la-francophonie-kais-saied-inaugure-les-travaux-de-la-deuxieme-journee\\\/199168\\\/#breadcrumb\",\"itemListElement\":[{\"@type\":\"ListItem\",\"position\":1,\"name\":\"Accueil\",\"item\":\"https:\\\/\\\/www.webdo.tn\\\/fr\\\/\"},{\"@type\":\"ListItem\",\"position\":2,\"name\":\"Sommet de la Francophonie: Kais Saied inaugure les travaux de la deuxi\u00e8me journ\u00e9e\"}]},{\"@type\":\"WebSite\",\"@id\":\"https:\\\/\\\/www.webdo.tn\\\/fr\\\/#website\",\"url\":\"https:\\\/\\\/www.webdo.tn\\\/fr\\\/\",\"name\":\"webdo\",\"description\":\"Tunisie - News en Tunisie et \u00e0 l&#039;international sur Webdo.tn\",\"publisher\":{\"@id\":\"https:\\\/\\\/www.webdo.tn\\\/fr\\\/#organization\"},\"potentialAction\":[{\"@type\":\"SearchAction\",\"target\":{\"@type\":\"EntryPoint\",\"urlTemplate\":\"https:\\\/\\\/www.webdo.tn\\\/fr\\\/?s={search_term_string}\"},\"query-input\":{\"@type\":\"PropertyValueSpecification\",\"valueRequired\":true,\"valueName\":\"search_term_string\"}}],\"inLanguage\":\"fr-FR\"},{\"@type\":\"Organization\",\"@id\":\"https:\\\/\\\/www.webdo.tn\\\/fr\\\/#organization\",\"name\":\"Webdo\",\"alternateName\":\"Webdo.tn\",\"url\":\"https:\\\/\\\/www.webdo.tn\\\/fr\\\/\",\"logo\":{\"@type\":\"ImageObject\",\"inLanguage\":\"fr-FR\",\"@id\":\"https:\\\/\\\/www.webdo.tn\\\/fr\\\/#\\\/schema\\\/logo\\\/image\\\/\",\"url\":\"https:\\\/\\\/www.webdo.tn\\\/fr\\\/wp-content\\\/uploads\\\/2025\\\/06\\\/Webdo-Tunisie_168377.jpg\",\"contentUrl\":\"https:\\\/\\\/www.webdo.tn\\\/fr\\\/wp-content\\\/uploads\\\/2025\\\/06\\\/Webdo-Tunisie_168377.jpg\",\"width\":301,\"height\":301,\"caption\":\"Webdo\"},\"image\":{\"@id\":\"https:\\\/\\\/www.webdo.tn\\\/fr\\\/#\\\/schema\\\/logo\\\/image\\\/\"},\"sameAs\":[\"https:\\\/\\\/www.facebook.com\\\/webdotn\",\"https:\\\/\\\/x.com\\\/webdo_tn\"],\"description\":\"Webdo est un m\u00e9dia num\u00e9rique tunisien fond\u00e9 en 2010, sp\u00e9cialis\u00e9 dans l\u2019actualit\u00e9 nationale et internationale, l\u2019\u00e9conomie, la soci\u00e9t\u00e9 et les analyses politiques. Le site s\u2019adresse \u00e0 un large public francophone et couvre l\u2019information tunisienne en temps r\u00e9el.\",\"email\":\"redac@webdo.tn\",\"legalName\":\"YNJ SARL\",\"foundingDate\":\"2010-09-06\",\"numberOfEmployees\":{\"@type\":\"QuantitativeValue\",\"minValue\":\"11\",\"maxValue\":\"50\"}},{\"@type\":\"Person\",\"@id\":\"https:\\\/\\\/www.webdo.tn\\\/fr\\\/#\\\/schema\\\/person\\\/c3a9d32fa6d495ca5f4b6510e3db97bf\",\"name\":\"MK\",\"image\":{\"@type\":\"ImageObject\",\"inLanguage\":\"fr-FR\",\"@id\":\"https:\\\/\\\/secure.gravatar.com\\\/avatar\\\/6d44f937f19929f3b75db77056d3e08abd6e302e71bcfea340cd8b00c13e7baf?s=96&d=mm&r=g\",\"url\":\"https:\\\/\\\/secure.gravatar.com\\\/avatar\\\/6d44f937f19929f3b75db77056d3e08abd6e302e71bcfea340cd8b00c13e7baf?s=96&d=mm&r=g\",\"contentUrl\":\"https:\\\/\\\/secure.gravatar.com\\\/avatar\\\/6d44f937f19929f3b75db77056d3e08abd6e302e71bcfea340cd8b00c13e7baf?s=96&d=mm&r=g\",\"caption\":\"MK\"},\"url\":\"https:\\\/\\\/www.webdo.tn\\\/fr\\\/actualite\\\/author\\\/mk\\\/\"}]}<\/script>\n<!-- \/ Yoast SEO Premium plugin. -->","yoast_head_json":{"title":"Sommet de la Francophonie: Kais Saied inaugure les travaux de la deuxi\u00e8me journ\u00e9e","description":"Le pr\u00e9sident de la R\u00e9publique, Kais Saied, a inaugur\u00e9, ce dimanche 20 novembre 2022, sur l'\u00eele de Djerba, la s\u00e9ance d'ouverture de la deuxi\u00e8me journ\u00e9e du Sommet...","canonical":"https:\/\/www.webdo.tn\/fr\/actualite\/national\/sommet-de-la-francophonie-kais-saied-inaugure-les-travaux-de-la-deuxieme-journee\/199168\/","og_locale":"fr_FR","og_type":"article","og_title":"Sommet de la Francophonie: Kais Saied inaugure les travaux de la deuxi\u00e8me journ\u00e9e","og_description":"Le pr\u00e9sident de la R\u00e9publique, Kais Saied, a inaugur\u00e9, ce dimanche 20 novembre 2022, sur l'\u00eele de Djerba, la s\u00e9ance d'ouverture de la deuxi\u00e8me journ\u00e9e du Sommet...","og_url":"https:\/\/www.webdo.tn\/fr\/actualite\/national\/sommet-de-la-francophonie-kais-saied-inaugure-les-travaux-de-la-deuxieme-journee\/199168\/","og_site_name":"webdo","article_publisher":"https:\/\/www.facebook.com\/webdotn","article_published_time":"2022-11-20T12:52:00+00:00","article_modified_time":"2025-05-20T23:01:54+00:00","og_image":[{"width":750,"height":400,"url":"https:\/\/www.webdo.tn\/fr\/wp-content\/uploads\/2022\/11\/d9a4e2932d479524ee07b620f2dbdd11.jpg","type":"image\/jpeg"}],"author":"MK","twitter_card":"summary_large_image","twitter_creator":"@webdo_tn","twitter_site":"@webdo_tn","twitter_misc":{"\u00c9crit par":"MK","Dur\u00e9e de lecture estim\u00e9e":"4 minutes"},"schema":{"@context":"https:\/\/schema.org","@graph":[{"@type":"NewsArticle","@id":"https:\/\/www.webdo.tn\/fr\/actualite\/national\/sommet-de-la-francophonie-kais-saied-inaugure-les-travaux-de-la-deuxieme-journee\/199168\/#article","isPartOf":{"@id":"https:\/\/www.webdo.tn\/fr\/actualite\/national\/sommet-de-la-francophonie-kais-saied-inaugure-les-travaux-de-la-deuxieme-journee\/199168\/"},"author":{"name":"MK","@id":"https:\/\/www.webdo.tn\/fr\/#\/schema\/person\/c3a9d32fa6d495ca5f4b6510e3db97bf"},"headline":"Sommet de la Francophonie: Kais Saied inaugure les travaux de la deuxi\u00e8me journ\u00e9e","datePublished":"2022-11-20T12:52:00+00:00","dateModified":"2025-05-20T23:01:54+00:00","mainEntityOfPage":{"@id":"https:\/\/www.webdo.tn\/fr\/actualite\/national\/sommet-de-la-francophonie-kais-saied-inaugure-les-travaux-de-la-deuxieme-journee\/199168\/"},"wordCount":918,"commentCount":0,"publisher":{"@id":"https:\/\/www.webdo.tn\/fr\/#organization"},"image":{"@id":"https:\/\/www.webdo.tn\/fr\/actualite\/national\/sommet-de-la-francophonie-kais-saied-inaugure-les-travaux-de-la-deuxieme-journee\/199168\/#primaryimage"},"thumbnailUrl":"https:\/\/www.webdo.tn\/fr\/wp-content\/uploads\/2022\/11\/d9a4e2932d479524ee07b620f2dbdd11.jpg","keywords":["Emmanuel Macron","Kais Saied","Sommet de la Francophonie"],"articleSection":["National"],"inLanguage":"fr-FR"},{"@type":"WebPage","@id":"https:\/\/www.webdo.tn\/fr\/actualite\/national\/sommet-de-la-francophonie-kais-saied-inaugure-les-travaux-de-la-deuxieme-journee\/199168\/","url":"https:\/\/www.webdo.tn\/fr\/actualite\/national\/sommet-de-la-francophonie-kais-saied-inaugure-les-travaux-de-la-deuxieme-journee\/199168\/","name":"Sommet de la Francophonie: Kais Saied inaugure les travaux de la deuxi\u00e8me journ\u00e9e","isPartOf":{"@id":"https:\/\/www.webdo.tn\/fr\/#website"},"primaryImageOfPage":{"@id":"https:\/\/www.webdo.tn\/fr\/actualite\/national\/sommet-de-la-francophonie-kais-saied-inaugure-les-travaux-de-la-deuxieme-journee\/199168\/#primaryimage"},"image":{"@id":"https:\/\/www.webdo.tn\/fr\/actualite\/national\/sommet-de-la-francophonie-kais-saied-inaugure-les-travaux-de-la-deuxieme-journee\/199168\/#primaryimage"},"thumbnailUrl":"https:\/\/www.webdo.tn\/fr\/wp-content\/uploads\/2022\/11\/d9a4e2932d479524ee07b620f2dbdd11.jpg","datePublished":"2022-11-20T12:52:00+00:00","dateModified":"2025-05-20T23:01:54+00:00","description":"Le pr\u00e9sident de la R\u00e9publique, Kais Saied, a inaugur\u00e9, ce dimanche 20 novembre 2022, sur l'\u00eele de Djerba, la s\u00e9ance d'ouverture de la deuxi\u00e8me journ\u00e9e du Sommet...","breadcrumb":{"@id":"https:\/\/www.webdo.tn\/fr\/actualite\/national\/sommet-de-la-francophonie-kais-saied-inaugure-les-travaux-de-la-deuxieme-journee\/199168\/#breadcrumb"},"inLanguage":"fr-FR","potentialAction":[{"@type":"ReadAction","target":["https:\/\/www.webdo.tn\/fr\/actualite\/national\/sommet-de-la-francophonie-kais-saied-inaugure-les-travaux-de-la-deuxieme-journee\/199168\/"]}]},{"@type":"ImageObject","inLanguage":"fr-FR","@id":"https:\/\/www.webdo.tn\/fr\/actualite\/national\/sommet-de-la-francophonie-kais-saied-inaugure-les-travaux-de-la-deuxieme-journee\/199168\/#primaryimage","url":"https:\/\/www.webdo.tn\/fr\/wp-content\/uploads\/2022\/11\/d9a4e2932d479524ee07b620f2dbdd11.jpg","contentUrl":"https:\/\/www.webdo.tn\/fr\/wp-content\/uploads\/2022\/11\/d9a4e2932d479524ee07b620f2dbdd11.jpg","width":750,"height":400,"caption":"Kais Saied Sommet de la Francophonie"},{"@type":"BreadcrumbList","@id":"https:\/\/www.webdo.tn\/fr\/actualite\/national\/sommet-de-la-francophonie-kais-saied-inaugure-les-travaux-de-la-deuxieme-journee\/199168\/#breadcrumb","itemListElement":[{"@type":"ListItem","position":1,"name":"Accueil","item":"https:\/\/www.webdo.tn\/fr\/"},{"@type":"ListItem","position":2,"name":"Sommet de la Francophonie: Kais Saied inaugure les travaux de la deuxi\u00e8me journ\u00e9e"}]},{"@type":"WebSite","@id":"https:\/\/www.webdo.tn\/fr\/#website","url":"https:\/\/www.webdo.tn\/fr\/","name":"webdo","description":"Tunisie - News en Tunisie et \u00e0 l&#039;international sur Webdo.tn","publisher":{"@id":"https:\/\/www.webdo.tn\/fr\/#organization"},"potentialAction":[{"@type":"SearchAction","target":{"@type":"EntryPoint","urlTemplate":"https:\/\/www.webdo.tn\/fr\/?s={search_term_string}"},"query-input":{"@type":"PropertyValueSpecification","valueRequired":true,"valueName":"search_term_string"}}],"inLanguage":"fr-FR"},{"@type":"Organization","@id":"https:\/\/www.webdo.tn\/fr\/#organization","name":"Webdo","alternateName":"Webdo.tn","url":"https:\/\/www.webdo.tn\/fr\/","logo":{"@type":"ImageObject","inLanguage":"fr-FR","@id":"https:\/\/www.webdo.tn\/fr\/#\/schema\/logo\/image\/","url":"https:\/\/www.webdo.tn\/fr\/wp-content\/uploads\/2025\/06\/Webdo-Tunisie_168377.jpg","contentUrl":"https:\/\/www.webdo.tn\/fr\/wp-content\/uploads\/2025\/06\/Webdo-Tunisie_168377.jpg","width":301,"height":301,"caption":"Webdo"},"image":{"@id":"https:\/\/www.webdo.tn\/fr\/#\/schema\/logo\/image\/"},"sameAs":["https:\/\/www.facebook.com\/webdotn","https:\/\/x.com\/webdo_tn"],"description":"Webdo est un m\u00e9dia num\u00e9rique tunisien fond\u00e9 en 2010, sp\u00e9cialis\u00e9 dans l\u2019actualit\u00e9 nationale et internationale, l\u2019\u00e9conomie, la soci\u00e9t\u00e9 et les analyses politiques. Le site s\u2019adresse \u00e0 un large public francophone et couvre l\u2019information tunisienne en temps r\u00e9el.","email":"redac@webdo.tn","legalName":"YNJ SARL","foundingDate":"2010-09-06","numberOfEmployees":{"@type":"QuantitativeValue","minValue":"11","maxValue":"50"}},{"@type":"Person","@id":"https:\/\/www.webdo.tn\/fr\/#\/schema\/person\/c3a9d32fa6d495ca5f4b6510e3db97bf","name":"MK","image":{"@type":"ImageObject","inLanguage":"fr-FR","@id":"https:\/\/secure.gravatar.com\/avatar\/6d44f937f19929f3b75db77056d3e08abd6e302e71bcfea340cd8b00c13e7baf?s=96&d=mm&r=g","url":"https:\/\/secure.gravatar.com\/avatar\/6d44f937f19929f3b75db77056d3e08abd6e302e71bcfea340cd8b00c13e7baf?s=96&d=mm&r=g","contentUrl":"https:\/\/secure.gravatar.com\/avatar\/6d44f937f19929f3b75db77056d3e08abd6e302e71bcfea340cd8b00c13e7baf?s=96&d=mm&r=g","caption":"MK"},"url":"https:\/\/www.webdo.tn\/fr\/actualite\/author\/mk\/"}]}},"_links":{"self":[{"href":"https:\/\/www.webdo.tn\/fr\/wp-json\/wp\/v2\/posts\/199168","targetHints":{"allow":["GET"]}}],"collection":[{"href":"https:\/\/www.webdo.tn\/fr\/wp-json\/wp\/v2\/posts"}],"about":[{"href":"https:\/\/www.webdo.tn\/fr\/wp-json\/wp\/v2\/types\/post"}],"author":[{"embeddable":true,"href":"https:\/\/www.webdo.tn\/fr\/wp-json\/wp\/v2\/users\/3196"}],"replies":[{"embeddable":true,"href":"https:\/\/www.webdo.tn\/fr\/wp-json\/wp\/v2\/comments?post=199168"}],"version-history":[{"count":0,"href":"https:\/\/www.webdo.tn\/fr\/wp-json\/wp\/v2\/posts\/199168\/revisions"}],"wp:featuredmedia":[{"embeddable":true,"href":"https:\/\/www.webdo.tn\/fr\/wp-json\/wp\/v2\/media\/277283"}],"wp:attachment":[{"href":"https:\/\/www.webdo.tn\/fr\/wp-json\/wp\/v2\/media?parent=199168"}],"wp:term":[{"taxonomy":"category","embeddable":true,"href":"https:\/\/www.webdo.tn\/fr\/wp-json\/wp\/v2\/categories?post=199168"},{"taxonomy":"post_tag","embeddable":true,"href":"https:\/\/www.webdo.tn\/fr\/wp-json\/wp\/v2\/tags?post=199168"}],"curies":[{"name":"wp","href":"https:\/\/api.w.org\/{rel}","templated":true}]}}