{"id":199158,"date":"2022-11-20T09:51:00","date_gmt":"2022-11-20T09:51:00","guid":{"rendered":"https:\/\/www.webdo.tn\/fr\/actualite\/blog\/salaires-des-32-selectionneurs-de-la-coupe-du-monde-jalel-kadri-le-moins-paye\/199158\/"},"modified":"2025-05-22T11:43:45","modified_gmt":"2025-05-22T11:43:45","slug":"salaires-des-32-selectionneurs-de-la-coupe-du-monde-jalel-kadri-le-moins-paye","status":"publish","type":"post","link":"https:\/\/www.webdo.tn\/fr\/actualite\/sport\/salaires-des-32-selectionneurs-de-la-coupe-du-monde-jalel-kadri-le-moins-paye\/199158\/","title":{"rendered":"Salaires des 32 s\u00e9lectionneurs de la Coupe du monde : Jalel Kadri le moins pay\u00e9"},"content":{"rendered":"<p>Finances Football a r\u00e9v\u00e9l\u00e9 les salaires des 32 s\u00e9lectionneurs pr\u00e9sents \u00e0 la Coupe du monde Qatar 2022, dont le coup d\u2019envoi sera donn\u00e9 aujourd\u2019hui.<\/p>\n<p> Hans-Dieter Flick (Allemagne) est le s\u00e9lectionneur le mieux pay\u00e9, avec un salaire annuel de 6,5 millions d\u2019euros, devant l\u2019entra\u00eeneur anglais Gareth Southgate, qui gagne environ 5,8 millions d\u2019euros par an et le s\u00e9lectionneur fran\u00e7ais Didier Deschamps (3,8 millions d\u2019euros).<\/p>\n<p>L\u2019entra\u00eeneur du Maroc, le Bosniaque Vahid Halilhodzic, est le mieux pay\u00e9 parmi les cinq s\u00e9lectionneurs des \u00e9quipes africaines, avec 920 000 \u20ac par an.<\/p>\n<p>Salaires annuels des s\u00e9lectionneurs de la Coupe du Monde :<\/p>\n<p>Hans-Dieter Flick (ALLEMAGNE) \u2013 6 500 000 \u20ac<br \/>\nGareth Southgate (ANGLETERRE) \u2013 5 800 000 \u20ac<br \/>\nDidier Deschamps (FRANCE) \u2013 3 800 000 \u20ac<br \/>\nTite (BR\u00c9SIL) \u2013 3 600 000 \u20ac<br \/>\nLouis van Gaal (PAYS-BAS) \u2013 2 900 000 \u20ac<br \/>\nGerardo Martino (MEXIQUE) \u2013 2 900 000 \u20ac<br \/>\nLionel Scaloni (ARGENTINE) \u2013 2 600 000 \u20ac<br \/>\nF\u00e9lix S\u00e1nchez Bas (QATAR) \u2013 2 400 000 \u20ac<br \/>\nFernando Santos (PORTUGAL) \u2013 2 250 000 \u20ac<br \/>\nMurat Yakin (SUISSE) \u2013 1 600 000 \u20ac<br \/>\nPaulo Bento (COR\u00c9E DU SUD) \u2013 1 300 000 \u20ac<br \/>\nGraham Arnold (AUSTRALIE) \u2013 1 300 000 \u20ac<br \/>\nGregg Berhalter (\u00c9tats-Unis) \u2013 1 250 000 \u20ac<br \/>\nRoberto Mart\u00ednez (BELGIQUE) \u2013 1 200 000 \u20ac<br \/>\nKasper Hjulmand (DANEMARK) \u2013 1 150 000 \u20ac<br \/>\nLuis Enrique (ESPAGNE) \u2013 1 150 000 \u20ac<br \/>\nHerv\u00e9 Renard (ARABIE SAOUDITE) \u2013 1 100 000 \u20ac<br \/>\nHajime Moriyasu (JAPON) \u2013 1 050 000 \u20ac<br \/>\nVahid Halilhod\u017ei\u0107 (MAROC) \u2013 920 000 \u20ac<br \/>\nDiego Alonso (URUGUAY) \u2013 860 000 \u20ac<br \/>\nGustavo J. Alfaro (EQUATEUR) \u2013 770 000 \u20ac<br \/>\nDragan Stojkovi\u0107 (SERBIE) \u2013 650 000 \u20ac<br \/>\nDragan Sko\u010di\u0107 (IRAN) \u2013 650 000 \u20ac<br \/>\nZlatko Dali\u0107 (CROATIE) \u2013 550 000 \u20ac<br \/>\nCzes\u0142aw Michniewicz (POLOGNE) \u2013 500 000 \u20ac<br \/>\nJohn Herdman (CANADA) \u2013 480 000 \u20ac<br \/>\nChris Hughton (GHANA) \u2013 400 000 \u20ac<br \/>\nRob Page (Pays de Galles) \u2013 380 000 \u20ac<br \/>\nLuis F. Su\u00e1rez (COSTA RICA) \u2013 350 000 \u20ac<br \/>\nRigobert Song (CAMEROUN) \u2013 340 000 \u20ac<br \/>\nAliou Ciss\u00e9 (S\u00c9N\u00c9GAL) \u2013 310 000 \u20ac<br \/>\nJalel Kadri (TUNISIE) \u2013 130 000 \u20ac<\/p>\n","protected":false},"excerpt":{"rendered":"<p>Finances Football a r\u00e9v\u00e9l\u00e9 les salaires des 32 s\u00e9lectionneurs pr\u00e9sents \u00e0 la Coupe du monde Qatar 2022, dont le coup d\u2019envoi sera donn\u00e9 aujourd\u2019hui.<\/p>\n","protected":false},"author":3196,"featured_media":348564,"comment_status":"open","ping_status":"closed","sticky":false,"template":"","format":"standard","meta":{"footnotes":""},"categories":[2593],"tags":[4066,7137,11529,6686],"class_list":["post-199158","post","type-post","status-publish","format-standard","has-post-thumbnail","hentry","category-sport","tag-coupe-du-monde","tag-jalel-kadri","tag-qatar2020","tag-salaires"],"yoast_head":"<!-- This site is optimized with the Yoast SEO Premium plugin v27.4 (Yoast SEO v27.5) - https:\/\/yoast.com\/product\/yoast-seo-premium-wordpress\/ -->\n<title>Salaires des 32 s\u00e9lectionneurs de la Coupe du monde : Jalel Kadri le moins pay\u00e9<\/title>\n<meta name=\"description\" content=\"Finances Football a r\u00e9v\u00e9l\u00e9 les salaires des 32 s\u00e9lectionneurs pr\u00e9sents \u00e0 la Coupe du monde Qatar 2022, dont le coup d\u2019envoi sera donn\u00e9 aujourd\u2019hui.\" \/>\n<link rel=\"canonical\" href=\"https:\/\/www.webdo.tn\/fr\/actualite\/sport\/salaires-des-32-selectionneurs-de-la-coupe-du-monde-jalel-kadri-le-moins-paye\/199158\/\" \/>\n<meta property=\"og:locale\" content=\"fr_FR\" \/>\n<meta property=\"og:type\" content=\"article\" \/>\n<meta property=\"og:title\" content=\"Salaires des 32 s\u00e9lectionneurs de la Coupe du monde : Jalel Kadri le moins pay\u00e9\" \/>\n<meta property=\"og:description\" content=\"Finances Football a r\u00e9v\u00e9l\u00e9 les salaires des 32 s\u00e9lectionneurs pr\u00e9sents \u00e0 la Coupe du monde Qatar 2022, dont le coup d\u2019envoi sera donn\u00e9 aujourd\u2019hui.\" \/>\n<meta property=\"og:url\" content=\"https:\/\/www.webdo.tn\/fr\/actualite\/sport\/salaires-des-32-selectionneurs-de-la-coupe-du-monde-jalel-kadri-le-moins-paye\/199158\/\" \/>\n<meta property=\"og:site_name\" content=\"webdo\" \/>\n<meta property=\"article:publisher\" content=\"https:\/\/www.facebook.com\/webdotn\" \/>\n<meta property=\"article:published_time\" content=\"2022-11-20T09:51:00+00:00\" \/>\n<meta property=\"article:modified_time\" content=\"2025-05-22T11:43:45+00:00\" \/>\n<meta property=\"og:image\" content=\"https:\/\/www.webdo.tn\/fr\/wp-content\/uploads\/2022\/11\/f5b31813e6a8504af9ad9b1e7da6895c.jpg\" \/>\n\t<meta property=\"og:image:width\" content=\"750\" \/>\n\t<meta property=\"og:image:height\" content=\"400\" \/>\n\t<meta property=\"og:image:type\" content=\"image\/jpeg\" \/>\n<meta name=\"author\" content=\"MK\" \/>\n<meta name=\"twitter:card\" content=\"summary_large_image\" \/>\n<meta name=\"twitter:creator\" content=\"@webdo_tn\" \/>\n<meta name=\"twitter:site\" content=\"@webdo_tn\" \/>\n<meta name=\"twitter:label1\" content=\"\u00c9crit par\" \/>\n\t<meta name=\"twitter:data1\" content=\"MK\" \/>\n\t<meta name=\"twitter:label2\" content=\"Dur\u00e9e de lecture estim\u00e9e\" \/>\n\t<meta name=\"twitter:data2\" content=\"1 minute\" \/>\n<script type=\"application\/ld+json\" class=\"yoast-schema-graph\">{\"@context\":\"https:\\\/\\\/schema.org\",\"@graph\":[{\"@type\":\"NewsArticle\",\"@id\":\"https:\\\/\\\/www.webdo.tn\\\/fr\\\/actualite\\\/sport\\\/salaires-des-32-selectionneurs-de-la-coupe-du-monde-jalel-kadri-le-moins-paye\\\/199158\\\/#article\",\"isPartOf\":{\"@id\":\"https:\\\/\\\/www.webdo.tn\\\/fr\\\/actualite\\\/sport\\\/salaires-des-32-selectionneurs-de-la-coupe-du-monde-jalel-kadri-le-moins-paye\\\/199158\\\/\"},\"author\":{\"name\":\"MK\",\"@id\":\"https:\\\/\\\/www.webdo.tn\\\/fr\\\/#\\\/schema\\\/person\\\/c3a9d32fa6d495ca5f4b6510e3db97bf\"},\"headline\":\"Salaires des 32 s\u00e9lectionneurs de la Coupe du monde : Jalel Kadri le moins pay\u00e9\",\"datePublished\":\"2022-11-20T09:51:00+00:00\",\"dateModified\":\"2025-05-22T11:43:45+00:00\",\"mainEntityOfPage\":{\"@id\":\"https:\\\/\\\/www.webdo.tn\\\/fr\\\/actualite\\\/sport\\\/salaires-des-32-selectionneurs-de-la-coupe-du-monde-jalel-kadri-le-moins-paye\\\/199158\\\/\"},\"wordCount\":235,\"commentCount\":0,\"publisher\":{\"@id\":\"https:\\\/\\\/www.webdo.tn\\\/fr\\\/#organization\"},\"image\":{\"@id\":\"https:\\\/\\\/www.webdo.tn\\\/fr\\\/actualite\\\/sport\\\/salaires-des-32-selectionneurs-de-la-coupe-du-monde-jalel-kadri-le-moins-paye\\\/199158\\\/#primaryimage\"},\"thumbnailUrl\":\"https:\\\/\\\/www.webdo.tn\\\/fr\\\/wp-content\\\/uploads\\\/2022\\\/11\\\/f5b31813e6a8504af9ad9b1e7da6895c.jpg\",\"keywords\":[\"Coupe du Monde\",\"Jalel Kadri\",\"Qatar2020\",\"Salaires\"],\"articleSection\":[\"Sport\"],\"inLanguage\":\"fr-FR\"},{\"@type\":\"WebPage\",\"@id\":\"https:\\\/\\\/www.webdo.tn\\\/fr\\\/actualite\\\/sport\\\/salaires-des-32-selectionneurs-de-la-coupe-du-monde-jalel-kadri-le-moins-paye\\\/199158\\\/\",\"url\":\"https:\\\/\\\/www.webdo.tn\\\/fr\\\/actualite\\\/sport\\\/salaires-des-32-selectionneurs-de-la-coupe-du-monde-jalel-kadri-le-moins-paye\\\/199158\\\/\",\"name\":\"Salaires des 32 s\u00e9lectionneurs de la Coupe du monde : Jalel Kadri le moins pay\u00e9\",\"isPartOf\":{\"@id\":\"https:\\\/\\\/www.webdo.tn\\\/fr\\\/#website\"},\"primaryImageOfPage\":{\"@id\":\"https:\\\/\\\/www.webdo.tn\\\/fr\\\/actualite\\\/sport\\\/salaires-des-32-selectionneurs-de-la-coupe-du-monde-jalel-kadri-le-moins-paye\\\/199158\\\/#primaryimage\"},\"image\":{\"@id\":\"https:\\\/\\\/www.webdo.tn\\\/fr\\\/actualite\\\/sport\\\/salaires-des-32-selectionneurs-de-la-coupe-du-monde-jalel-kadri-le-moins-paye\\\/199158\\\/#primaryimage\"},\"thumbnailUrl\":\"https:\\\/\\\/www.webdo.tn\\\/fr\\\/wp-content\\\/uploads\\\/2022\\\/11\\\/f5b31813e6a8504af9ad9b1e7da6895c.jpg\",\"datePublished\":\"2022-11-20T09:51:00+00:00\",\"dateModified\":\"2025-05-22T11:43:45+00:00\",\"description\":\"Finances Football a r\u00e9v\u00e9l\u00e9 les salaires des 32 s\u00e9lectionneurs pr\u00e9sents \u00e0 la Coupe du monde Qatar 2022, dont le coup d\u2019envoi sera donn\u00e9 aujourd\u2019hui.\",\"breadcrumb\":{\"@id\":\"https:\\\/\\\/www.webdo.tn\\\/fr\\\/actualite\\\/sport\\\/salaires-des-32-selectionneurs-de-la-coupe-du-monde-jalel-kadri-le-moins-paye\\\/199158\\\/#breadcrumb\"},\"inLanguage\":\"fr-FR\",\"potentialAction\":[{\"@type\":\"ReadAction\",\"target\":[\"https:\\\/\\\/www.webdo.tn\\\/fr\\\/actualite\\\/sport\\\/salaires-des-32-selectionneurs-de-la-coupe-du-monde-jalel-kadri-le-moins-paye\\\/199158\\\/\"]}]},{\"@type\":\"ImageObject\",\"inLanguage\":\"fr-FR\",\"@id\":\"https:\\\/\\\/www.webdo.tn\\\/fr\\\/actualite\\\/sport\\\/salaires-des-32-selectionneurs-de-la-coupe-du-monde-jalel-kadri-le-moins-paye\\\/199158\\\/#primaryimage\",\"url\":\"https:\\\/\\\/www.webdo.tn\\\/fr\\\/wp-content\\\/uploads\\\/2022\\\/11\\\/f5b31813e6a8504af9ad9b1e7da6895c.jpg\",\"contentUrl\":\"https:\\\/\\\/www.webdo.tn\\\/fr\\\/wp-content\\\/uploads\\\/2022\\\/11\\\/f5b31813e6a8504af9ad9b1e7da6895c.jpg\",\"width\":750,\"height\":400,\"caption\":\"Jalel Kadri\"},{\"@type\":\"BreadcrumbList\",\"@id\":\"https:\\\/\\\/www.webdo.tn\\\/fr\\\/actualite\\\/sport\\\/salaires-des-32-selectionneurs-de-la-coupe-du-monde-jalel-kadri-le-moins-paye\\\/199158\\\/#breadcrumb\",\"itemListElement\":[{\"@type\":\"ListItem\",\"position\":1,\"name\":\"Accueil\",\"item\":\"https:\\\/\\\/www.webdo.tn\\\/fr\\\/\"},{\"@type\":\"ListItem\",\"position\":2,\"name\":\"Salaires des 32 s\u00e9lectionneurs de la Coupe du monde : Jalel Kadri le moins pay\u00e9\"}]},{\"@type\":\"WebSite\",\"@id\":\"https:\\\/\\\/www.webdo.tn\\\/fr\\\/#website\",\"url\":\"https:\\\/\\\/www.webdo.tn\\\/fr\\\/\",\"name\":\"webdo\",\"description\":\"Tunisie - News en Tunisie et \u00e0 l&#039;international sur Webdo.tn\",\"publisher\":{\"@id\":\"https:\\\/\\\/www.webdo.tn\\\/fr\\\/#organization\"},\"potentialAction\":[{\"@type\":\"SearchAction\",\"target\":{\"@type\":\"EntryPoint\",\"urlTemplate\":\"https:\\\/\\\/www.webdo.tn\\\/fr\\\/?s={search_term_string}\"},\"query-input\":{\"@type\":\"PropertyValueSpecification\",\"valueRequired\":true,\"valueName\":\"search_term_string\"}}],\"inLanguage\":\"fr-FR\"},{\"@type\":\"Organization\",\"@id\":\"https:\\\/\\\/www.webdo.tn\\\/fr\\\/#organization\",\"name\":\"Webdo\",\"alternateName\":\"Webdo.tn\",\"url\":\"https:\\\/\\\/www.webdo.tn\\\/fr\\\/\",\"logo\":{\"@type\":\"ImageObject\",\"inLanguage\":\"fr-FR\",\"@id\":\"https:\\\/\\\/www.webdo.tn\\\/fr\\\/#\\\/schema\\\/logo\\\/image\\\/\",\"url\":\"https:\\\/\\\/www.webdo.tn\\\/fr\\\/wp-content\\\/uploads\\\/2025\\\/06\\\/Webdo-Tunisie_168377.jpg\",\"contentUrl\":\"https:\\\/\\\/www.webdo.tn\\\/fr\\\/wp-content\\\/uploads\\\/2025\\\/06\\\/Webdo-Tunisie_168377.jpg\",\"width\":301,\"height\":301,\"caption\":\"Webdo\"},\"image\":{\"@id\":\"https:\\\/\\\/www.webdo.tn\\\/fr\\\/#\\\/schema\\\/logo\\\/image\\\/\"},\"sameAs\":[\"https:\\\/\\\/www.facebook.com\\\/webdotn\",\"https:\\\/\\\/x.com\\\/webdo_tn\"],\"description\":\"Webdo est un m\u00e9dia num\u00e9rique tunisien fond\u00e9 en 2010, sp\u00e9cialis\u00e9 dans l\u2019actualit\u00e9 nationale et internationale, l\u2019\u00e9conomie, la soci\u00e9t\u00e9 et les analyses politiques. Le site s\u2019adresse \u00e0 un large public francophone et couvre l\u2019information tunisienne en temps r\u00e9el.\",\"email\":\"redac@webdo.tn\",\"legalName\":\"YNJ SARL\",\"foundingDate\":\"2010-09-06\",\"numberOfEmployees\":{\"@type\":\"QuantitativeValue\",\"minValue\":\"11\",\"maxValue\":\"50\"}},{\"@type\":\"Person\",\"@id\":\"https:\\\/\\\/www.webdo.tn\\\/fr\\\/#\\\/schema\\\/person\\\/c3a9d32fa6d495ca5f4b6510e3db97bf\",\"name\":\"MK\",\"image\":{\"@type\":\"ImageObject\",\"inLanguage\":\"fr-FR\",\"@id\":\"https:\\\/\\\/secure.gravatar.com\\\/avatar\\\/6d44f937f19929f3b75db77056d3e08abd6e302e71bcfea340cd8b00c13e7baf?s=96&d=mm&r=g\",\"url\":\"https:\\\/\\\/secure.gravatar.com\\\/avatar\\\/6d44f937f19929f3b75db77056d3e08abd6e302e71bcfea340cd8b00c13e7baf?s=96&d=mm&r=g\",\"contentUrl\":\"https:\\\/\\\/secure.gravatar.com\\\/avatar\\\/6d44f937f19929f3b75db77056d3e08abd6e302e71bcfea340cd8b00c13e7baf?s=96&d=mm&r=g\",\"caption\":\"MK\"},\"url\":\"https:\\\/\\\/www.webdo.tn\\\/fr\\\/actualite\\\/author\\\/mk\\\/\"}]}<\/script>\n<!-- \/ Yoast SEO Premium plugin. -->","yoast_head_json":{"title":"Salaires des 32 s\u00e9lectionneurs de la Coupe du monde : Jalel Kadri le moins pay\u00e9","description":"Finances Football a r\u00e9v\u00e9l\u00e9 les salaires des 32 s\u00e9lectionneurs pr\u00e9sents \u00e0 la Coupe du monde Qatar 2022, dont le coup d\u2019envoi sera donn\u00e9 aujourd\u2019hui.","canonical":"https:\/\/www.webdo.tn\/fr\/actualite\/sport\/salaires-des-32-selectionneurs-de-la-coupe-du-monde-jalel-kadri-le-moins-paye\/199158\/","og_locale":"fr_FR","og_type":"article","og_title":"Salaires des 32 s\u00e9lectionneurs de la Coupe du monde : Jalel Kadri le moins pay\u00e9","og_description":"Finances Football a r\u00e9v\u00e9l\u00e9 les salaires des 32 s\u00e9lectionneurs pr\u00e9sents \u00e0 la Coupe du monde Qatar 2022, dont le coup d\u2019envoi sera donn\u00e9 aujourd\u2019hui.","og_url":"https:\/\/www.webdo.tn\/fr\/actualite\/sport\/salaires-des-32-selectionneurs-de-la-coupe-du-monde-jalel-kadri-le-moins-paye\/199158\/","og_site_name":"webdo","article_publisher":"https:\/\/www.facebook.com\/webdotn","article_published_time":"2022-11-20T09:51:00+00:00","article_modified_time":"2025-05-22T11:43:45+00:00","og_image":[{"width":750,"height":400,"url":"https:\/\/www.webdo.tn\/fr\/wp-content\/uploads\/2022\/11\/f5b31813e6a8504af9ad9b1e7da6895c.jpg","type":"image\/jpeg"}],"author":"MK","twitter_card":"summary_large_image","twitter_creator":"@webdo_tn","twitter_site":"@webdo_tn","twitter_misc":{"\u00c9crit par":"MK","Dur\u00e9e de lecture estim\u00e9e":"1 minute"},"schema":{"@context":"https:\/\/schema.org","@graph":[{"@type":"NewsArticle","@id":"https:\/\/www.webdo.tn\/fr\/actualite\/sport\/salaires-des-32-selectionneurs-de-la-coupe-du-monde-jalel-kadri-le-moins-paye\/199158\/#article","isPartOf":{"@id":"https:\/\/www.webdo.tn\/fr\/actualite\/sport\/salaires-des-32-selectionneurs-de-la-coupe-du-monde-jalel-kadri-le-moins-paye\/199158\/"},"author":{"name":"MK","@id":"https:\/\/www.webdo.tn\/fr\/#\/schema\/person\/c3a9d32fa6d495ca5f4b6510e3db97bf"},"headline":"Salaires des 32 s\u00e9lectionneurs de la Coupe du monde : Jalel Kadri le moins pay\u00e9","datePublished":"2022-11-20T09:51:00+00:00","dateModified":"2025-05-22T11:43:45+00:00","mainEntityOfPage":{"@id":"https:\/\/www.webdo.tn\/fr\/actualite\/sport\/salaires-des-32-selectionneurs-de-la-coupe-du-monde-jalel-kadri-le-moins-paye\/199158\/"},"wordCount":235,"commentCount":0,"publisher":{"@id":"https:\/\/www.webdo.tn\/fr\/#organization"},"image":{"@id":"https:\/\/www.webdo.tn\/fr\/actualite\/sport\/salaires-des-32-selectionneurs-de-la-coupe-du-monde-jalel-kadri-le-moins-paye\/199158\/#primaryimage"},"thumbnailUrl":"https:\/\/www.webdo.tn\/fr\/wp-content\/uploads\/2022\/11\/f5b31813e6a8504af9ad9b1e7da6895c.jpg","keywords":["Coupe du Monde","Jalel Kadri","Qatar2020","Salaires"],"articleSection":["Sport"],"inLanguage":"fr-FR"},{"@type":"WebPage","@id":"https:\/\/www.webdo.tn\/fr\/actualite\/sport\/salaires-des-32-selectionneurs-de-la-coupe-du-monde-jalel-kadri-le-moins-paye\/199158\/","url":"https:\/\/www.webdo.tn\/fr\/actualite\/sport\/salaires-des-32-selectionneurs-de-la-coupe-du-monde-jalel-kadri-le-moins-paye\/199158\/","name":"Salaires des 32 s\u00e9lectionneurs de la Coupe du monde : Jalel Kadri le moins pay\u00e9","isPartOf":{"@id":"https:\/\/www.webdo.tn\/fr\/#website"},"primaryImageOfPage":{"@id":"https:\/\/www.webdo.tn\/fr\/actualite\/sport\/salaires-des-32-selectionneurs-de-la-coupe-du-monde-jalel-kadri-le-moins-paye\/199158\/#primaryimage"},"image":{"@id":"https:\/\/www.webdo.tn\/fr\/actualite\/sport\/salaires-des-32-selectionneurs-de-la-coupe-du-monde-jalel-kadri-le-moins-paye\/199158\/#primaryimage"},"thumbnailUrl":"https:\/\/www.webdo.tn\/fr\/wp-content\/uploads\/2022\/11\/f5b31813e6a8504af9ad9b1e7da6895c.jpg","datePublished":"2022-11-20T09:51:00+00:00","dateModified":"2025-05-22T11:43:45+00:00","description":"Finances Football a r\u00e9v\u00e9l\u00e9 les salaires des 32 s\u00e9lectionneurs pr\u00e9sents \u00e0 la Coupe du monde Qatar 2022, dont le coup d\u2019envoi sera donn\u00e9 aujourd\u2019hui.","breadcrumb":{"@id":"https:\/\/www.webdo.tn\/fr\/actualite\/sport\/salaires-des-32-selectionneurs-de-la-coupe-du-monde-jalel-kadri-le-moins-paye\/199158\/#breadcrumb"},"inLanguage":"fr-FR","potentialAction":[{"@type":"ReadAction","target":["https:\/\/www.webdo.tn\/fr\/actualite\/sport\/salaires-des-32-selectionneurs-de-la-coupe-du-monde-jalel-kadri-le-moins-paye\/199158\/"]}]},{"@type":"ImageObject","inLanguage":"fr-FR","@id":"https:\/\/www.webdo.tn\/fr\/actualite\/sport\/salaires-des-32-selectionneurs-de-la-coupe-du-monde-jalel-kadri-le-moins-paye\/199158\/#primaryimage","url":"https:\/\/www.webdo.tn\/fr\/wp-content\/uploads\/2022\/11\/f5b31813e6a8504af9ad9b1e7da6895c.jpg","contentUrl":"https:\/\/www.webdo.tn\/fr\/wp-content\/uploads\/2022\/11\/f5b31813e6a8504af9ad9b1e7da6895c.jpg","width":750,"height":400,"caption":"Jalel Kadri"},{"@type":"BreadcrumbList","@id":"https:\/\/www.webdo.tn\/fr\/actualite\/sport\/salaires-des-32-selectionneurs-de-la-coupe-du-monde-jalel-kadri-le-moins-paye\/199158\/#breadcrumb","itemListElement":[{"@type":"ListItem","position":1,"name":"Accueil","item":"https:\/\/www.webdo.tn\/fr\/"},{"@type":"ListItem","position":2,"name":"Salaires des 32 s\u00e9lectionneurs de la Coupe du monde : Jalel Kadri le moins pay\u00e9"}]},{"@type":"WebSite","@id":"https:\/\/www.webdo.tn\/fr\/#website","url":"https:\/\/www.webdo.tn\/fr\/","name":"webdo","description":"Tunisie - News en Tunisie et \u00e0 l&#039;international sur Webdo.tn","publisher":{"@id":"https:\/\/www.webdo.tn\/fr\/#organization"},"potentialAction":[{"@type":"SearchAction","target":{"@type":"EntryPoint","urlTemplate":"https:\/\/www.webdo.tn\/fr\/?s={search_term_string}"},"query-input":{"@type":"PropertyValueSpecification","valueRequired":true,"valueName":"search_term_string"}}],"inLanguage":"fr-FR"},{"@type":"Organization","@id":"https:\/\/www.webdo.tn\/fr\/#organization","name":"Webdo","alternateName":"Webdo.tn","url":"https:\/\/www.webdo.tn\/fr\/","logo":{"@type":"ImageObject","inLanguage":"fr-FR","@id":"https:\/\/www.webdo.tn\/fr\/#\/schema\/logo\/image\/","url":"https:\/\/www.webdo.tn\/fr\/wp-content\/uploads\/2025\/06\/Webdo-Tunisie_168377.jpg","contentUrl":"https:\/\/www.webdo.tn\/fr\/wp-content\/uploads\/2025\/06\/Webdo-Tunisie_168377.jpg","width":301,"height":301,"caption":"Webdo"},"image":{"@id":"https:\/\/www.webdo.tn\/fr\/#\/schema\/logo\/image\/"},"sameAs":["https:\/\/www.facebook.com\/webdotn","https:\/\/x.com\/webdo_tn"],"description":"Webdo est un m\u00e9dia num\u00e9rique tunisien fond\u00e9 en 2010, sp\u00e9cialis\u00e9 dans l\u2019actualit\u00e9 nationale et internationale, l\u2019\u00e9conomie, la soci\u00e9t\u00e9 et les analyses politiques. Le site s\u2019adresse \u00e0 un large public francophone et couvre l\u2019information tunisienne en temps r\u00e9el.","email":"redac@webdo.tn","legalName":"YNJ SARL","foundingDate":"2010-09-06","numberOfEmployees":{"@type":"QuantitativeValue","minValue":"11","maxValue":"50"}},{"@type":"Person","@id":"https:\/\/www.webdo.tn\/fr\/#\/schema\/person\/c3a9d32fa6d495ca5f4b6510e3db97bf","name":"MK","image":{"@type":"ImageObject","inLanguage":"fr-FR","@id":"https:\/\/secure.gravatar.com\/avatar\/6d44f937f19929f3b75db77056d3e08abd6e302e71bcfea340cd8b00c13e7baf?s=96&d=mm&r=g","url":"https:\/\/secure.gravatar.com\/avatar\/6d44f937f19929f3b75db77056d3e08abd6e302e71bcfea340cd8b00c13e7baf?s=96&d=mm&r=g","contentUrl":"https:\/\/secure.gravatar.com\/avatar\/6d44f937f19929f3b75db77056d3e08abd6e302e71bcfea340cd8b00c13e7baf?s=96&d=mm&r=g","caption":"MK"},"url":"https:\/\/www.webdo.tn\/fr\/actualite\/author\/mk\/"}]}},"_links":{"self":[{"href":"https:\/\/www.webdo.tn\/fr\/wp-json\/wp\/v2\/posts\/199158","targetHints":{"allow":["GET"]}}],"collection":[{"href":"https:\/\/www.webdo.tn\/fr\/wp-json\/wp\/v2\/posts"}],"about":[{"href":"https:\/\/www.webdo.tn\/fr\/wp-json\/wp\/v2\/types\/post"}],"author":[{"embeddable":true,"href":"https:\/\/www.webdo.tn\/fr\/wp-json\/wp\/v2\/users\/3196"}],"replies":[{"embeddable":true,"href":"https:\/\/www.webdo.tn\/fr\/wp-json\/wp\/v2\/comments?post=199158"}],"version-history":[{"count":0,"href":"https:\/\/www.webdo.tn\/fr\/wp-json\/wp\/v2\/posts\/199158\/revisions"}],"wp:featuredmedia":[{"embeddable":true,"href":"https:\/\/www.webdo.tn\/fr\/wp-json\/wp\/v2\/media\/348564"}],"wp:attachment":[{"href":"https:\/\/www.webdo.tn\/fr\/wp-json\/wp\/v2\/media?parent=199158"}],"wp:term":[{"taxonomy":"category","embeddable":true,"href":"https:\/\/www.webdo.tn\/fr\/wp-json\/wp\/v2\/categories?post=199158"},{"taxonomy":"post_tag","embeddable":true,"href":"https:\/\/www.webdo.tn\/fr\/wp-json\/wp\/v2\/tags?post=199158"}],"curies":[{"name":"wp","href":"https:\/\/api.w.org\/{rel}","templated":true}]}}