{"id":199156,"date":"2022-11-19T12:59:00","date_gmt":"2022-11-19T12:59:00","guid":{"rendered":"https:\/\/www.webdo.tn\/fr\/actualite\/blog\/emmanuel-marcron-les-peuples-maghrebins-parlent-moins-francais-qu-il-y-a-20-ou-30-ans\/199156\/"},"modified":"2025-05-22T11:43:44","modified_gmt":"2025-05-22T11:43:44","slug":"emmanuel-marcron-les-peuples-maghrebins-parlent-moins-francais-qu-il-y-a-20-ou-30-ans","status":"publish","type":"post","link":"https:\/\/www.webdo.tn\/fr\/actualite\/national\/emmanuel-marcron-les-peuples-maghrebins-parlent-moins-francais-qu-il-y-a-20-ou-30-ans\/199156\/","title":{"rendered":"Emmanuel Marcron : \u00ab\u00a0Les peuples maghr\u00e9bins parlent moins fran\u00e7ais qu\u2019il y a 20 ou 30 ans\u00a0\u00bb"},"content":{"rendered":"<p>Le pr\u00e9sident fran\u00e7ais, Emmanuel Macron, a d\u00e9clar\u00e9, ce samedi 19 novembre 2022, \u00e0 Djerba que la Francophonie doit porter un projet de \u00ab\u00a0reconqu\u00eate de la langue fran\u00e7aise\u00a0\u00bb.<\/p>\n<p> Rencontrant des jeunes ambassadeurs de la Francophonie, il a soulign\u00e9 que le vrai d\u00e9fi de la Francophonie aujourd\u2019hui est de porter un projet de reconqu\u00eate, voire de r\u00e9sistance.<\/p>\n<p>Le chef d\u2019Etat fran\u00e7ais a fait \u00e9tat d\u2019un recul de l\u2019usage de la langue fran\u00e7aise en d\u00e9pit du d\u00e9veloppement d\u00e9mographique, en Afrique, qui a entra\u00een\u00e9 une augmentation de 7% du nombre des personnes ayant le fran\u00e7ais en partage. \u00ab\u00a0Les peuples maghr\u00e9bins parlent moins fran\u00e7ais qu\u2019il y a 20 ou 30 ans\u00a0\u00bb, a-t-il regrett\u00e9.<\/p>\n<p>Emmanuel Macron a expliqu\u00e9 que des facteurs politiques qu\u2019il a qualifi\u00e9s de \u00ab\u00a0hasards, morsures et blessures de l\u2019Histoire\u00a0\u00bb et d\u2019autres en lien avec les difficult\u00e9s d\u2019apprentissage du fran\u00e7ais sont \u00e0 l\u2019origine de ce recul.<\/p>\n<p>Il a, \u00e9galement, \u00e9voqu\u00e9, dans ce sens, la mont\u00e9e des mouvements anticolonialistes et la migration vers la langue anglaise qui, selon ses propos, reste plus accessible que la langue de Moli\u00e8re, recommandant de miser sur l\u2019\u00e9ducation, la culture et le sport, en tant que leviers \u00ab\u00a0formidables\u00a0\u00bb pour la Francophonie.<\/p>\n<p>Il a soulign\u00e9 la n\u00e9cessit\u00e9 de renforcer le r\u00e9seau \u00e9ducatif fran\u00e7ais partout dans le monde, comme c&rsquo;est le cas en Tunisie, appelant \u00e0 miser sur la traduction ainsi que sur la diffusion de livres \u00e0 tr\u00e8s bas prix, rapporte l&rsquo;agence TAP.<\/p>\n","protected":false},"excerpt":{"rendered":"<p>Le pr\u00e9sident fran\u00e7ais, Emmanuel Macron, a d\u00e9clar\u00e9, ce samedi 19 novembre 2022, \u00e0 Djerba que la Francophonie doit porter un projet de  reconqu\u00eate de la langue fr&#8230;<\/p>\n","protected":false},"author":3162,"featured_media":348563,"comment_status":"open","ping_status":"closed","sticky":false,"template":"","format":"standard","meta":{"footnotes":""},"categories":[44],"tags":[3696,5467,9009,4539],"class_list":["post-199156","post","type-post","status-publish","format-standard","has-post-thumbnail","hentry","category-national","tag-djerba","tag-emmanuel-macron","tag-francophonie","tag-sommet"],"yoast_head":"<!-- This site is optimized with the Yoast SEO Premium plugin v27.4 (Yoast SEO v27.5) - https:\/\/yoast.com\/product\/yoast-seo-premium-wordpress\/ -->\n<title>Emmanuel Marcron : Les peuples maghr\u00e9bins parlent moins fran\u00e7ais qu\u2019il y a 20 ou 30 ans<\/title>\n<meta name=\"description\" content=\"Le pr\u00e9sident fran\u00e7ais, Emmanuel Macron, a d\u00e9clar\u00e9, ce samedi 19 novembre 2022, \u00e0 Djerba que la Francophonie doit porter un projet de reconqu\u00eate de la langue fr...\" \/>\n<link rel=\"canonical\" href=\"https:\/\/www.webdo.tn\/fr\/actualite\/national-45\/emmanuel-marcron-les-peuples-maghrebins-parlent-moins-francais-qu-il-y-a-20-ou-30-ans\/199156\/\" \/>\n<meta property=\"og:locale\" content=\"fr_FR\" \/>\n<meta property=\"og:type\" content=\"article\" \/>\n<meta property=\"og:title\" content=\"Emmanuel Marcron : &quot;Les peuples maghr\u00e9bins parlent moins fran\u00e7ais qu\u2019il y a 20 ou 30 ans&quot;\" \/>\n<meta property=\"og:description\" content=\"Le pr\u00e9sident fran\u00e7ais, Emmanuel Macron, a d\u00e9clar\u00e9, ce samedi 19 novembre 2022, \u00e0 Djerba que la Francophonie doit porter un projet de reconqu\u00eate de la langue fr...\" \/>\n<meta property=\"og:url\" content=\"https:\/\/www.webdo.tn\/fr\/actualite\/national-45\/emmanuel-marcron-les-peuples-maghrebins-parlent-moins-francais-qu-il-y-a-20-ou-30-ans\/199156\/\" \/>\n<meta property=\"og:site_name\" content=\"webdo\" \/>\n<meta property=\"article:publisher\" content=\"https:\/\/www.facebook.com\/webdotn\" \/>\n<meta property=\"article:published_time\" content=\"2022-11-19T12:59:00+00:00\" \/>\n<meta property=\"article:modified_time\" content=\"2025-05-22T11:43:44+00:00\" \/>\n<meta property=\"og:image\" content=\"https:\/\/www.webdo.tn\/fr\/wp-content\/uploads\/2022\/11\/7e37100249ee7a5114a289d8908e9ee1.jpg\" \/>\n\t<meta property=\"og:image:width\" content=\"750\" \/>\n\t<meta property=\"og:image:height\" content=\"400\" \/>\n\t<meta property=\"og:image:type\" content=\"image\/jpeg\" \/>\n<meta name=\"author\" content=\"MC\" \/>\n<meta name=\"twitter:card\" content=\"summary_large_image\" \/>\n<meta name=\"twitter:creator\" content=\"@webdo_tn\" \/>\n<meta name=\"twitter:site\" content=\"@webdo_tn\" \/>\n<meta name=\"twitter:label1\" content=\"\u00c9crit par\" \/>\n\t<meta name=\"twitter:data1\" content=\"MC\" \/>\n\t<meta name=\"twitter:label2\" content=\"Dur\u00e9e de lecture estim\u00e9e\" \/>\n\t<meta name=\"twitter:data2\" content=\"1 minute\" \/>\n<script type=\"application\/ld+json\" class=\"yoast-schema-graph\">{\"@context\":\"https:\\\/\\\/schema.org\",\"@graph\":[{\"@type\":\"NewsArticle\",\"@id\":\"https:\\\/\\\/www.webdo.tn\\\/fr\\\/actualite\\\/national-45\\\/emmanuel-marcron-les-peuples-maghrebins-parlent-moins-francais-qu-il-y-a-20-ou-30-ans\\\/199156\\\/#article\",\"isPartOf\":{\"@id\":\"https:\\\/\\\/www.webdo.tn\\\/fr\\\/actualite\\\/national-45\\\/emmanuel-marcron-les-peuples-maghrebins-parlent-moins-francais-qu-il-y-a-20-ou-30-ans\\\/199156\\\/\"},\"author\":{\"name\":\"MC\",\"@id\":\"https:\\\/\\\/www.webdo.tn\\\/fr\\\/#\\\/schema\\\/person\\\/2c4929cbf5a809e3bd38617c6ce150f6\"},\"headline\":\"Emmanuel Marcron : \u00ab\u00a0Les peuples maghr\u00e9bins parlent moins fran\u00e7ais qu\u2019il y a 20 ou 30 ans\u00a0\u00bb\",\"datePublished\":\"2022-11-19T12:59:00+00:00\",\"dateModified\":\"2025-05-22T11:43:44+00:00\",\"mainEntityOfPage\":{\"@id\":\"https:\\\/\\\/www.webdo.tn\\\/fr\\\/actualite\\\/national-45\\\/emmanuel-marcron-les-peuples-maghrebins-parlent-moins-francais-qu-il-y-a-20-ou-30-ans\\\/199156\\\/\"},\"wordCount\":278,\"commentCount\":0,\"publisher\":{\"@id\":\"https:\\\/\\\/www.webdo.tn\\\/fr\\\/#organization\"},\"image\":{\"@id\":\"https:\\\/\\\/www.webdo.tn\\\/fr\\\/actualite\\\/national-45\\\/emmanuel-marcron-les-peuples-maghrebins-parlent-moins-francais-qu-il-y-a-20-ou-30-ans\\\/199156\\\/#primaryimage\"},\"thumbnailUrl\":\"https:\\\/\\\/www.webdo.tn\\\/fr\\\/wp-content\\\/uploads\\\/2022\\\/11\\\/7e37100249ee7a5114a289d8908e9ee1.jpg\",\"keywords\":[\"djerba\",\"Emmanuel Macron\",\"francophonie\",\"sommet\"],\"articleSection\":[\"National\"],\"inLanguage\":\"fr-FR\"},{\"@type\":\"WebPage\",\"@id\":\"https:\\\/\\\/www.webdo.tn\\\/fr\\\/actualite\\\/national-45\\\/emmanuel-marcron-les-peuples-maghrebins-parlent-moins-francais-qu-il-y-a-20-ou-30-ans\\\/199156\\\/\",\"url\":\"https:\\\/\\\/www.webdo.tn\\\/fr\\\/actualite\\\/national-45\\\/emmanuel-marcron-les-peuples-maghrebins-parlent-moins-francais-qu-il-y-a-20-ou-30-ans\\\/199156\\\/\",\"name\":\"Emmanuel Marcron : Les peuples maghr\u00e9bins parlent moins fran\u00e7ais qu\u2019il y a 20 ou 30 ans\",\"isPartOf\":{\"@id\":\"https:\\\/\\\/www.webdo.tn\\\/fr\\\/#website\"},\"primaryImageOfPage\":{\"@id\":\"https:\\\/\\\/www.webdo.tn\\\/fr\\\/actualite\\\/national-45\\\/emmanuel-marcron-les-peuples-maghrebins-parlent-moins-francais-qu-il-y-a-20-ou-30-ans\\\/199156\\\/#primaryimage\"},\"image\":{\"@id\":\"https:\\\/\\\/www.webdo.tn\\\/fr\\\/actualite\\\/national-45\\\/emmanuel-marcron-les-peuples-maghrebins-parlent-moins-francais-qu-il-y-a-20-ou-30-ans\\\/199156\\\/#primaryimage\"},\"thumbnailUrl\":\"https:\\\/\\\/www.webdo.tn\\\/fr\\\/wp-content\\\/uploads\\\/2022\\\/11\\\/7e37100249ee7a5114a289d8908e9ee1.jpg\",\"datePublished\":\"2022-11-19T12:59:00+00:00\",\"dateModified\":\"2025-05-22T11:43:44+00:00\",\"description\":\"Le pr\u00e9sident fran\u00e7ais, Emmanuel Macron, a d\u00e9clar\u00e9, ce samedi 19 novembre 2022, \u00e0 Djerba que la Francophonie doit porter un projet de reconqu\u00eate de la langue fr...\",\"breadcrumb\":{\"@id\":\"https:\\\/\\\/www.webdo.tn\\\/fr\\\/actualite\\\/national-45\\\/emmanuel-marcron-les-peuples-maghrebins-parlent-moins-francais-qu-il-y-a-20-ou-30-ans\\\/199156\\\/#breadcrumb\"},\"inLanguage\":\"fr-FR\",\"potentialAction\":[{\"@type\":\"ReadAction\",\"target\":[\"https:\\\/\\\/www.webdo.tn\\\/fr\\\/actualite\\\/national-45\\\/emmanuel-marcron-les-peuples-maghrebins-parlent-moins-francais-qu-il-y-a-20-ou-30-ans\\\/199156\\\/\"]}]},{\"@type\":\"ImageObject\",\"inLanguage\":\"fr-FR\",\"@id\":\"https:\\\/\\\/www.webdo.tn\\\/fr\\\/actualite\\\/national-45\\\/emmanuel-marcron-les-peuples-maghrebins-parlent-moins-francais-qu-il-y-a-20-ou-30-ans\\\/199156\\\/#primaryimage\",\"url\":\"https:\\\/\\\/www.webdo.tn\\\/fr\\\/wp-content\\\/uploads\\\/2022\\\/11\\\/7e37100249ee7a5114a289d8908e9ee1.jpg\",\"contentUrl\":\"https:\\\/\\\/www.webdo.tn\\\/fr\\\/wp-content\\\/uploads\\\/2022\\\/11\\\/7e37100249ee7a5114a289d8908e9ee1.jpg\",\"width\":750,\"height\":400,\"caption\":\"Emmanuel Macron \u00e0 Djerba\"},{\"@type\":\"BreadcrumbList\",\"@id\":\"https:\\\/\\\/www.webdo.tn\\\/fr\\\/actualite\\\/national-45\\\/emmanuel-marcron-les-peuples-maghrebins-parlent-moins-francais-qu-il-y-a-20-ou-30-ans\\\/199156\\\/#breadcrumb\",\"itemListElement\":[{\"@type\":\"ListItem\",\"position\":1,\"name\":\"Accueil\",\"item\":\"https:\\\/\\\/www.webdo.tn\\\/fr\\\/\"},{\"@type\":\"ListItem\",\"position\":2,\"name\":\"Emmanuel Marcron : \u00ab\u00a0Les peuples maghr\u00e9bins parlent moins fran\u00e7ais qu\u2019il y a 20 ou 30 ans\u00a0\u00bb\"}]},{\"@type\":\"WebSite\",\"@id\":\"https:\\\/\\\/www.webdo.tn\\\/fr\\\/#website\",\"url\":\"https:\\\/\\\/www.webdo.tn\\\/fr\\\/\",\"name\":\"webdo\",\"description\":\"Tunisie - News en Tunisie et \u00e0 l&#039;international sur Webdo.tn\",\"publisher\":{\"@id\":\"https:\\\/\\\/www.webdo.tn\\\/fr\\\/#organization\"},\"potentialAction\":[{\"@type\":\"SearchAction\",\"target\":{\"@type\":\"EntryPoint\",\"urlTemplate\":\"https:\\\/\\\/www.webdo.tn\\\/fr\\\/?s={search_term_string}\"},\"query-input\":{\"@type\":\"PropertyValueSpecification\",\"valueRequired\":true,\"valueName\":\"search_term_string\"}}],\"inLanguage\":\"fr-FR\"},{\"@type\":\"Organization\",\"@id\":\"https:\\\/\\\/www.webdo.tn\\\/fr\\\/#organization\",\"name\":\"Webdo\",\"alternateName\":\"Webdo.tn\",\"url\":\"https:\\\/\\\/www.webdo.tn\\\/fr\\\/\",\"logo\":{\"@type\":\"ImageObject\",\"inLanguage\":\"fr-FR\",\"@id\":\"https:\\\/\\\/www.webdo.tn\\\/fr\\\/#\\\/schema\\\/logo\\\/image\\\/\",\"url\":\"https:\\\/\\\/www.webdo.tn\\\/fr\\\/wp-content\\\/uploads\\\/2025\\\/06\\\/Webdo-Tunisie_168377.jpg\",\"contentUrl\":\"https:\\\/\\\/www.webdo.tn\\\/fr\\\/wp-content\\\/uploads\\\/2025\\\/06\\\/Webdo-Tunisie_168377.jpg\",\"width\":301,\"height\":301,\"caption\":\"Webdo\"},\"image\":{\"@id\":\"https:\\\/\\\/www.webdo.tn\\\/fr\\\/#\\\/schema\\\/logo\\\/image\\\/\"},\"sameAs\":[\"https:\\\/\\\/www.facebook.com\\\/webdotn\",\"https:\\\/\\\/x.com\\\/webdo_tn\"],\"description\":\"Webdo est un m\u00e9dia num\u00e9rique tunisien fond\u00e9 en 2010, sp\u00e9cialis\u00e9 dans l\u2019actualit\u00e9 nationale et internationale, l\u2019\u00e9conomie, la soci\u00e9t\u00e9 et les analyses politiques. Le site s\u2019adresse \u00e0 un large public francophone et couvre l\u2019information tunisienne en temps r\u00e9el.\",\"email\":\"redac@webdo.tn\",\"legalName\":\"YNJ SARL\",\"foundingDate\":\"2010-09-06\",\"numberOfEmployees\":{\"@type\":\"QuantitativeValue\",\"minValue\":\"11\",\"maxValue\":\"50\"}},{\"@type\":\"Person\",\"@id\":\"https:\\\/\\\/www.webdo.tn\\\/fr\\\/#\\\/schema\\\/person\\\/2c4929cbf5a809e3bd38617c6ce150f6\",\"name\":\"MC\",\"image\":{\"@type\":\"ImageObject\",\"inLanguage\":\"fr-FR\",\"@id\":\"https:\\\/\\\/secure.gravatar.com\\\/avatar\\\/a545bbb6f84efdd5553dbbc2895e3ca8f1d12c5215e00a041c9670b54aa9b18a?s=96&d=mm&r=g\",\"url\":\"https:\\\/\\\/secure.gravatar.com\\\/avatar\\\/a545bbb6f84efdd5553dbbc2895e3ca8f1d12c5215e00a041c9670b54aa9b18a?s=96&d=mm&r=g\",\"contentUrl\":\"https:\\\/\\\/secure.gravatar.com\\\/avatar\\\/a545bbb6f84efdd5553dbbc2895e3ca8f1d12c5215e00a041c9670b54aa9b18a?s=96&d=mm&r=g\",\"caption\":\"MC\"},\"url\":\"https:\\\/\\\/www.webdo.tn\\\/fr\\\/actualite\\\/author\\\/mc\\\/\"}]}<\/script>\n<!-- \/ Yoast SEO Premium plugin. -->","yoast_head_json":{"title":"Emmanuel Marcron : Les peuples maghr\u00e9bins parlent moins fran\u00e7ais qu\u2019il y a 20 ou 30 ans","description":"Le pr\u00e9sident fran\u00e7ais, Emmanuel Macron, a d\u00e9clar\u00e9, ce samedi 19 novembre 2022, \u00e0 Djerba que la Francophonie doit porter un projet de reconqu\u00eate de la langue fr...","canonical":"https:\/\/www.webdo.tn\/fr\/actualite\/national-45\/emmanuel-marcron-les-peuples-maghrebins-parlent-moins-francais-qu-il-y-a-20-ou-30-ans\/199156\/","og_locale":"fr_FR","og_type":"article","og_title":"Emmanuel Marcron : \"Les peuples maghr\u00e9bins parlent moins fran\u00e7ais qu\u2019il y a 20 ou 30 ans\"","og_description":"Le pr\u00e9sident fran\u00e7ais, Emmanuel Macron, a d\u00e9clar\u00e9, ce samedi 19 novembre 2022, \u00e0 Djerba que la Francophonie doit porter un projet de reconqu\u00eate de la langue fr...","og_url":"https:\/\/www.webdo.tn\/fr\/actualite\/national-45\/emmanuel-marcron-les-peuples-maghrebins-parlent-moins-francais-qu-il-y-a-20-ou-30-ans\/199156\/","og_site_name":"webdo","article_publisher":"https:\/\/www.facebook.com\/webdotn","article_published_time":"2022-11-19T12:59:00+00:00","article_modified_time":"2025-05-22T11:43:44+00:00","og_image":[{"width":750,"height":400,"url":"https:\/\/www.webdo.tn\/fr\/wp-content\/uploads\/2022\/11\/7e37100249ee7a5114a289d8908e9ee1.jpg","type":"image\/jpeg"}],"author":"MC","twitter_card":"summary_large_image","twitter_creator":"@webdo_tn","twitter_site":"@webdo_tn","twitter_misc":{"\u00c9crit par":"MC","Dur\u00e9e de lecture estim\u00e9e":"1 minute"},"schema":{"@context":"https:\/\/schema.org","@graph":[{"@type":"NewsArticle","@id":"https:\/\/www.webdo.tn\/fr\/actualite\/national-45\/emmanuel-marcron-les-peuples-maghrebins-parlent-moins-francais-qu-il-y-a-20-ou-30-ans\/199156\/#article","isPartOf":{"@id":"https:\/\/www.webdo.tn\/fr\/actualite\/national-45\/emmanuel-marcron-les-peuples-maghrebins-parlent-moins-francais-qu-il-y-a-20-ou-30-ans\/199156\/"},"author":{"name":"MC","@id":"https:\/\/www.webdo.tn\/fr\/#\/schema\/person\/2c4929cbf5a809e3bd38617c6ce150f6"},"headline":"Emmanuel Marcron : \u00ab\u00a0Les peuples maghr\u00e9bins parlent moins fran\u00e7ais qu\u2019il y a 20 ou 30 ans\u00a0\u00bb","datePublished":"2022-11-19T12:59:00+00:00","dateModified":"2025-05-22T11:43:44+00:00","mainEntityOfPage":{"@id":"https:\/\/www.webdo.tn\/fr\/actualite\/national-45\/emmanuel-marcron-les-peuples-maghrebins-parlent-moins-francais-qu-il-y-a-20-ou-30-ans\/199156\/"},"wordCount":278,"commentCount":0,"publisher":{"@id":"https:\/\/www.webdo.tn\/fr\/#organization"},"image":{"@id":"https:\/\/www.webdo.tn\/fr\/actualite\/national-45\/emmanuel-marcron-les-peuples-maghrebins-parlent-moins-francais-qu-il-y-a-20-ou-30-ans\/199156\/#primaryimage"},"thumbnailUrl":"https:\/\/www.webdo.tn\/fr\/wp-content\/uploads\/2022\/11\/7e37100249ee7a5114a289d8908e9ee1.jpg","keywords":["djerba","Emmanuel Macron","francophonie","sommet"],"articleSection":["National"],"inLanguage":"fr-FR"},{"@type":"WebPage","@id":"https:\/\/www.webdo.tn\/fr\/actualite\/national-45\/emmanuel-marcron-les-peuples-maghrebins-parlent-moins-francais-qu-il-y-a-20-ou-30-ans\/199156\/","url":"https:\/\/www.webdo.tn\/fr\/actualite\/national-45\/emmanuel-marcron-les-peuples-maghrebins-parlent-moins-francais-qu-il-y-a-20-ou-30-ans\/199156\/","name":"Emmanuel Marcron : Les peuples maghr\u00e9bins parlent moins fran\u00e7ais qu\u2019il y a 20 ou 30 ans","isPartOf":{"@id":"https:\/\/www.webdo.tn\/fr\/#website"},"primaryImageOfPage":{"@id":"https:\/\/www.webdo.tn\/fr\/actualite\/national-45\/emmanuel-marcron-les-peuples-maghrebins-parlent-moins-francais-qu-il-y-a-20-ou-30-ans\/199156\/#primaryimage"},"image":{"@id":"https:\/\/www.webdo.tn\/fr\/actualite\/national-45\/emmanuel-marcron-les-peuples-maghrebins-parlent-moins-francais-qu-il-y-a-20-ou-30-ans\/199156\/#primaryimage"},"thumbnailUrl":"https:\/\/www.webdo.tn\/fr\/wp-content\/uploads\/2022\/11\/7e37100249ee7a5114a289d8908e9ee1.jpg","datePublished":"2022-11-19T12:59:00+00:00","dateModified":"2025-05-22T11:43:44+00:00","description":"Le pr\u00e9sident fran\u00e7ais, Emmanuel Macron, a d\u00e9clar\u00e9, ce samedi 19 novembre 2022, \u00e0 Djerba que la Francophonie doit porter un projet de reconqu\u00eate de la langue fr...","breadcrumb":{"@id":"https:\/\/www.webdo.tn\/fr\/actualite\/national-45\/emmanuel-marcron-les-peuples-maghrebins-parlent-moins-francais-qu-il-y-a-20-ou-30-ans\/199156\/#breadcrumb"},"inLanguage":"fr-FR","potentialAction":[{"@type":"ReadAction","target":["https:\/\/www.webdo.tn\/fr\/actualite\/national-45\/emmanuel-marcron-les-peuples-maghrebins-parlent-moins-francais-qu-il-y-a-20-ou-30-ans\/199156\/"]}]},{"@type":"ImageObject","inLanguage":"fr-FR","@id":"https:\/\/www.webdo.tn\/fr\/actualite\/national-45\/emmanuel-marcron-les-peuples-maghrebins-parlent-moins-francais-qu-il-y-a-20-ou-30-ans\/199156\/#primaryimage","url":"https:\/\/www.webdo.tn\/fr\/wp-content\/uploads\/2022\/11\/7e37100249ee7a5114a289d8908e9ee1.jpg","contentUrl":"https:\/\/www.webdo.tn\/fr\/wp-content\/uploads\/2022\/11\/7e37100249ee7a5114a289d8908e9ee1.jpg","width":750,"height":400,"caption":"Emmanuel Macron \u00e0 Djerba"},{"@type":"BreadcrumbList","@id":"https:\/\/www.webdo.tn\/fr\/actualite\/national-45\/emmanuel-marcron-les-peuples-maghrebins-parlent-moins-francais-qu-il-y-a-20-ou-30-ans\/199156\/#breadcrumb","itemListElement":[{"@type":"ListItem","position":1,"name":"Accueil","item":"https:\/\/www.webdo.tn\/fr\/"},{"@type":"ListItem","position":2,"name":"Emmanuel Marcron : \u00ab\u00a0Les peuples maghr\u00e9bins parlent moins fran\u00e7ais qu\u2019il y a 20 ou 30 ans\u00a0\u00bb"}]},{"@type":"WebSite","@id":"https:\/\/www.webdo.tn\/fr\/#website","url":"https:\/\/www.webdo.tn\/fr\/","name":"webdo","description":"Tunisie - News en Tunisie et \u00e0 l&#039;international sur Webdo.tn","publisher":{"@id":"https:\/\/www.webdo.tn\/fr\/#organization"},"potentialAction":[{"@type":"SearchAction","target":{"@type":"EntryPoint","urlTemplate":"https:\/\/www.webdo.tn\/fr\/?s={search_term_string}"},"query-input":{"@type":"PropertyValueSpecification","valueRequired":true,"valueName":"search_term_string"}}],"inLanguage":"fr-FR"},{"@type":"Organization","@id":"https:\/\/www.webdo.tn\/fr\/#organization","name":"Webdo","alternateName":"Webdo.tn","url":"https:\/\/www.webdo.tn\/fr\/","logo":{"@type":"ImageObject","inLanguage":"fr-FR","@id":"https:\/\/www.webdo.tn\/fr\/#\/schema\/logo\/image\/","url":"https:\/\/www.webdo.tn\/fr\/wp-content\/uploads\/2025\/06\/Webdo-Tunisie_168377.jpg","contentUrl":"https:\/\/www.webdo.tn\/fr\/wp-content\/uploads\/2025\/06\/Webdo-Tunisie_168377.jpg","width":301,"height":301,"caption":"Webdo"},"image":{"@id":"https:\/\/www.webdo.tn\/fr\/#\/schema\/logo\/image\/"},"sameAs":["https:\/\/www.facebook.com\/webdotn","https:\/\/x.com\/webdo_tn"],"description":"Webdo est un m\u00e9dia num\u00e9rique tunisien fond\u00e9 en 2010, sp\u00e9cialis\u00e9 dans l\u2019actualit\u00e9 nationale et internationale, l\u2019\u00e9conomie, la soci\u00e9t\u00e9 et les analyses politiques. Le site s\u2019adresse \u00e0 un large public francophone et couvre l\u2019information tunisienne en temps r\u00e9el.","email":"redac@webdo.tn","legalName":"YNJ SARL","foundingDate":"2010-09-06","numberOfEmployees":{"@type":"QuantitativeValue","minValue":"11","maxValue":"50"}},{"@type":"Person","@id":"https:\/\/www.webdo.tn\/fr\/#\/schema\/person\/2c4929cbf5a809e3bd38617c6ce150f6","name":"MC","image":{"@type":"ImageObject","inLanguage":"fr-FR","@id":"https:\/\/secure.gravatar.com\/avatar\/a545bbb6f84efdd5553dbbc2895e3ca8f1d12c5215e00a041c9670b54aa9b18a?s=96&d=mm&r=g","url":"https:\/\/secure.gravatar.com\/avatar\/a545bbb6f84efdd5553dbbc2895e3ca8f1d12c5215e00a041c9670b54aa9b18a?s=96&d=mm&r=g","contentUrl":"https:\/\/secure.gravatar.com\/avatar\/a545bbb6f84efdd5553dbbc2895e3ca8f1d12c5215e00a041c9670b54aa9b18a?s=96&d=mm&r=g","caption":"MC"},"url":"https:\/\/www.webdo.tn\/fr\/actualite\/author\/mc\/"}]}},"_links":{"self":[{"href":"https:\/\/www.webdo.tn\/fr\/wp-json\/wp\/v2\/posts\/199156","targetHints":{"allow":["GET"]}}],"collection":[{"href":"https:\/\/www.webdo.tn\/fr\/wp-json\/wp\/v2\/posts"}],"about":[{"href":"https:\/\/www.webdo.tn\/fr\/wp-json\/wp\/v2\/types\/post"}],"author":[{"embeddable":true,"href":"https:\/\/www.webdo.tn\/fr\/wp-json\/wp\/v2\/users\/3162"}],"replies":[{"embeddable":true,"href":"https:\/\/www.webdo.tn\/fr\/wp-json\/wp\/v2\/comments?post=199156"}],"version-history":[{"count":0,"href":"https:\/\/www.webdo.tn\/fr\/wp-json\/wp\/v2\/posts\/199156\/revisions"}],"wp:featuredmedia":[{"embeddable":true,"href":"https:\/\/www.webdo.tn\/fr\/wp-json\/wp\/v2\/media\/348563"}],"wp:attachment":[{"href":"https:\/\/www.webdo.tn\/fr\/wp-json\/wp\/v2\/media?parent=199156"}],"wp:term":[{"taxonomy":"category","embeddable":true,"href":"https:\/\/www.webdo.tn\/fr\/wp-json\/wp\/v2\/categories?post=199156"},{"taxonomy":"post_tag","embeddable":true,"href":"https:\/\/www.webdo.tn\/fr\/wp-json\/wp\/v2\/tags?post=199156"}],"curies":[{"name":"wp","href":"https:\/\/api.w.org\/{rel}","templated":true}]}}