{"id":199144,"date":"2022-11-19T09:10:00","date_gmt":"2022-11-19T09:10:00","guid":{"rendered":"https:\/\/www.webdo.tn\/fr\/blog\/le-president-kais-saied-a-djerba-pour-le-sommet-de-la-francophonie\/199144\/"},"modified":"2025-05-20T22:05:50","modified_gmt":"2025-05-20T22:05:50","slug":"le-president-kais-saied-a-djerba-pour-le-sommet-de-la-francophonie","status":"publish","type":"post","link":"https:\/\/www.webdo.tn\/fr\/actualite\/national\/le-president-kais-saied-a-djerba-pour-le-sommet-de-la-francophonie\/199144\/","title":{"rendered":"Le pr\u00e9sident Kais Sa\u00efed \u00e0 Djerba pour le Sommet de la Francophonie"},"content":{"rendered":"<p>Le pr\u00e9sident de la R\u00e9publique, Ka\u00efs Sa\u00efed, s\u2019est rendu, vendredi 18 novembre 2022, \u00e0 Djerba pour participer au 18\u00e8me Sommet de la Francophonie.<\/p>\n<p>\t\t\t\t\t\t\t\t\tLors de sa visite, il a d\u00e9clar\u00e9, au Village de la Francophonie, que \u00ab\u00a0les r\u00e9sultats du Sommet de Djerba seront positifs\u00a0\u00bb, soulignant que l&rsquo;impact du Forum \u00e9conomique et du Village de la francophonie, sera assur\u00e9ment \u00e9difiant.<\/p>\n<p>\u00ab\u00a0Nous nous penchons sur la situation socio-\u00e9conomique du pays \u00e0 l&rsquo;aune des choix du peuple tunisien et nous \u0153uvrerons \u00e0 les r\u00e9aliser sur la base de nos conceptions et nos capacit\u00e9s, en vue de surmonter cette situation\u00a0\u00bb, a-t-il notamment d\u00e9clar\u00e9.<\/p>\n<p>Le pr\u00e9sident Sa\u00efed a r\u00e9it\u00e9r\u00e9 son engagement qui consiste \u00e0 r\u00e9pondre aux revendications des Tunisiens, soulignant que \u00ab\u00a0les choix \u00e0 mettre en \u0153uvre sont ind\u00e9pendants et ne se soumettent \u00e0 aucun diktat\u00a0\u00bb.<\/p>\n<p>Par ailleurs, le chef de l&rsquo;Etat a mis l&rsquo;accent sur l&rsquo;importance de \u00ab\u00a0la convergence sur les id\u00e9es et les conceptions ainsi que sur un monde nouveau qui se fonde sur de nouvelles valeurs et approches\u00a0\u00bb.<\/p>\n<p>\u00ab\u00a0Le choix port\u00e9 sur Djerba pour abriter ce sommet intervient sur la base d&rsquo;un ensemble de donn\u00e9es, dont l&rsquo;impact positif de cet \u00e9v\u00e8nement sur la r\u00e9gion du sud\u00a0\u00bb, a-t-il dit, ajoutant que \u00ab\u00a0toutes les r\u00e9gions de la Tunisie sont dans la capacit\u00e9 d&rsquo;accueillir des manifestations de cette envergure, dans les meilleures conditions et dans la s\u00e9curit\u00e9 totale\u00a0\u00bb.<\/p>\n<p>S&rsquo;agissant de la situation \u00e0 Zarzis, le pr\u00e9sident a r\u00e9v\u00e9l\u00e9 que \u00ab\u00a0la v\u00e9rit\u00e9 sera, incessamment sous peu, d\u00e9voil\u00e9e\u00a0\u00bb, estimant que \u00ab\u00a0certaines parties \u0153uvrent \u00e0 saboter le sommet\u00a0\u00bb.<\/p>\n<p>Le chef de l&rsquo;Etat a rendu visite aux diff\u00e9rents pavillons du Village francophone, examinant de pr\u00e8s les sp\u00e9cificit\u00e9s et la richesse du patrimoine culturel francophone.<\/p>\n<p>Le chef de l&rsquo;Etat s&rsquo;entretient avec le pr\u00e9sident du Conseil europ\u00e9en<\/p>\n<p>Le pr\u00e9sident de la R\u00e9publique, s&rsquo;est entretenu, vendredi soir, avec le pr\u00e9sident du Conseil europ\u00e9en, Charles Michel, \u00e0 l&rsquo;occasion du Sommet lors d\u2019une rencontre qui a \u00e9t\u00e9 l&rsquo;occasion d&rsquo;\u00e9changer les vues sur plusieurs questions qui concernent les relations historiques de coop\u00e9ration et de partenariat \u00e9tablies entre la Tunisie et l&rsquo;Union europ\u00e9enne dans divers secteurs, indique la pr\u00e9sidence de la R\u00e9publique.<\/p>\n<p>Les deux parties ont insist\u00e9 sur l&rsquo;engagement mutuel de les d\u00e9velopper et de les diversifier, en particulier dans le domaine \u00e9conomique, social, culturel.<\/p>\n<p>Sa\u00efed rencontre la secr\u00e9taire g\u00e9n\u00e9rale de l\u2019OIF<\/p>\n<p>Le pr\u00e9sident de la R\u00e9publique, s\u2019est aussi entretenu avec la secr\u00e9taire g\u00e9n\u00e9rale de l\u2019Organisation internationale de la Francophonie, Louise Mushikiwabo.<\/p>\n<p>Le chef de l\u2019Etat a not\u00e9 que la Tunisie a r\u00e9ussi \u00e0 organiser le Sommet dans le respect de ses engagements et malgr\u00e9 les difficult\u00e9s d\u2019organisation. Il a tenu \u00e0 cette occasion \u00e0 remercier la secr\u00e9taire g\u00e9n\u00e9rale de l\u2019OIF pour sa coop\u00e9ration dans toutes les \u00e9tapes de l\u2019organisation de cet \u00e9v\u00e9nement.<\/p>\n<p>De son c\u00f4t\u00e9, la secr\u00e9taire g\u00e9n\u00e9rale de l\u2019OIF a remerci\u00e9 la Tunisie pour sa d\u00e9termination \u00e0 bien organiser ce Sommet sur tous les niveaux.<\/p>\n<p>Kais Sa\u00efed s\u2019entretient avec son homologue Burundais<\/p>\n<p>Il s&rsquo;est \u00e9galement entretenu avec son homologue burundais Evariste Ndayishimiye et s&rsquo;est f\u00e9licit\u00e9 de la solidit\u00e9 des relations fraternelles liant les deux pays, mettant l&rsquo;accent sur la n\u00e9cessit\u00e9 d&rsquo;acc\u00e9l\u00e9rer la tenue de la commission mixte et de promouvoir les m\u00e9canismes de coop\u00e9ration et de partenariat entre les deux pays dans un cadre bilat\u00e9ral et multilat\u00e9ral.<\/p>\n","protected":false},"excerpt":{"rendered":"<p>Le pr\u00e9sident de la R\u00e9publique, Ka\u00efs Sa\u00efed, s\u2019est rendu, vendredi 18 novembre 2022, \u00e0 Djerba pour participer au 18\u00e8me Sommet de la Francophonie.<\/p>\n","protected":false},"author":3162,"featured_media":277285,"comment_status":"open","ping_status":"closed","sticky":false,"template":"","format":"standard","meta":{"footnotes":""},"categories":[44],"tags":[9009,2614,4539],"class_list":["post-199144","post","type-post","status-publish","format-standard","has-post-thumbnail","hentry","category-national","tag-francophonie","tag-kais-saied","tag-sommet"],"yoast_head":"<!-- This site is optimized with the Yoast SEO Premium plugin v27.4 (Yoast SEO v27.5) - https:\/\/yoast.com\/product\/yoast-seo-premium-wordpress\/ -->\n<title>Le pr\u00e9sident Kais Sa\u00efed \u00e0 Djerba pour le Sommet de la Francophonie<\/title>\n<meta name=\"description\" content=\"Le pr\u00e9sident de la R\u00e9publique, Ka\u00efs Sa\u00efed, s\u2019est rendu, vendredi 18 novembre 2022, \u00e0 Djerba pour participer au 18\u00e8me Sommet de la Francophonie.\" \/>\n<link rel=\"canonical\" href=\"https:\/\/www.webdo.tn\/fr\/actualite\/national\/le-president-kais-saied-a-djerba-pour-le-sommet-de-la-francophonie\/199144\/\" \/>\n<meta property=\"og:locale\" content=\"fr_FR\" \/>\n<meta property=\"og:type\" content=\"article\" \/>\n<meta property=\"og:title\" content=\"Le pr\u00e9sident Kais Sa\u00efed \u00e0 Djerba pour le Sommet de la Francophonie\" \/>\n<meta property=\"og:description\" content=\"Le pr\u00e9sident de la R\u00e9publique, Ka\u00efs Sa\u00efed, s\u2019est rendu, vendredi 18 novembre 2022, \u00e0 Djerba pour participer au 18\u00e8me Sommet de la Francophonie.\" \/>\n<meta property=\"og:url\" content=\"https:\/\/www.webdo.tn\/fr\/actualite\/national\/le-president-kais-saied-a-djerba-pour-le-sommet-de-la-francophonie\/199144\/\" \/>\n<meta property=\"og:site_name\" content=\"webdo\" \/>\n<meta property=\"article:publisher\" content=\"https:\/\/www.facebook.com\/webdotn\" \/>\n<meta property=\"article:published_time\" content=\"2022-11-19T09:10:00+00:00\" \/>\n<meta property=\"article:modified_time\" content=\"2025-05-20T22:05:50+00:00\" \/>\n<meta property=\"og:image\" content=\"https:\/\/www.webdo.tn\/fr\/wp-content\/uploads\/2022\/11\/894ee03c1c0e68a737fe7263881aeaa3.jpg\" \/>\n\t<meta property=\"og:image:width\" content=\"750\" \/>\n\t<meta property=\"og:image:height\" content=\"400\" \/>\n\t<meta property=\"og:image:type\" content=\"image\/jpeg\" \/>\n<meta name=\"author\" content=\"MC\" \/>\n<meta name=\"twitter:card\" content=\"summary_large_image\" \/>\n<meta name=\"twitter:creator\" content=\"@webdo_tn\" \/>\n<meta name=\"twitter:site\" content=\"@webdo_tn\" \/>\n<meta name=\"twitter:label1\" content=\"\u00c9crit par\" \/>\n\t<meta name=\"twitter:data1\" content=\"MC\" \/>\n\t<meta name=\"twitter:label2\" content=\"Dur\u00e9e de lecture estim\u00e9e\" \/>\n\t<meta name=\"twitter:data2\" content=\"3 minutes\" \/>\n<script type=\"application\/ld+json\" class=\"yoast-schema-graph\">{\"@context\":\"https:\\\/\\\/schema.org\",\"@graph\":[{\"@type\":\"NewsArticle\",\"@id\":\"https:\\\/\\\/www.webdo.tn\\\/fr\\\/actualite\\\/national\\\/le-president-kais-saied-a-djerba-pour-le-sommet-de-la-francophonie\\\/199144\\\/#article\",\"isPartOf\":{\"@id\":\"https:\\\/\\\/www.webdo.tn\\\/fr\\\/actualite\\\/national\\\/le-president-kais-saied-a-djerba-pour-le-sommet-de-la-francophonie\\\/199144\\\/\"},\"author\":{\"name\":\"MC\",\"@id\":\"https:\\\/\\\/www.webdo.tn\\\/fr\\\/#\\\/schema\\\/person\\\/2c4929cbf5a809e3bd38617c6ce150f6\"},\"headline\":\"Le pr\u00e9sident Kais Sa\u00efed \u00e0 Djerba pour le Sommet de la Francophonie\",\"datePublished\":\"2022-11-19T09:10:00+00:00\",\"dateModified\":\"2025-05-20T22:05:50+00:00\",\"mainEntityOfPage\":{\"@id\":\"https:\\\/\\\/www.webdo.tn\\\/fr\\\/actualite\\\/national\\\/le-president-kais-saied-a-djerba-pour-le-sommet-de-la-francophonie\\\/199144\\\/\"},\"wordCount\":638,\"commentCount\":0,\"publisher\":{\"@id\":\"https:\\\/\\\/www.webdo.tn\\\/fr\\\/#organization\"},\"image\":{\"@id\":\"https:\\\/\\\/www.webdo.tn\\\/fr\\\/actualite\\\/national\\\/le-president-kais-saied-a-djerba-pour-le-sommet-de-la-francophonie\\\/199144\\\/#primaryimage\"},\"thumbnailUrl\":\"https:\\\/\\\/www.webdo.tn\\\/fr\\\/wp-content\\\/uploads\\\/2022\\\/11\\\/894ee03c1c0e68a737fe7263881aeaa3.jpg\",\"keywords\":[\"francophonie\",\"Kais Saied\",\"sommet\"],\"articleSection\":[\"National\"],\"inLanguage\":\"fr-FR\"},{\"@type\":\"WebPage\",\"@id\":\"https:\\\/\\\/www.webdo.tn\\\/fr\\\/actualite\\\/national\\\/le-president-kais-saied-a-djerba-pour-le-sommet-de-la-francophonie\\\/199144\\\/\",\"url\":\"https:\\\/\\\/www.webdo.tn\\\/fr\\\/actualite\\\/national\\\/le-president-kais-saied-a-djerba-pour-le-sommet-de-la-francophonie\\\/199144\\\/\",\"name\":\"Le pr\u00e9sident Kais Sa\u00efed \u00e0 Djerba pour le Sommet de la Francophonie\",\"isPartOf\":{\"@id\":\"https:\\\/\\\/www.webdo.tn\\\/fr\\\/#website\"},\"primaryImageOfPage\":{\"@id\":\"https:\\\/\\\/www.webdo.tn\\\/fr\\\/actualite\\\/national\\\/le-president-kais-saied-a-djerba-pour-le-sommet-de-la-francophonie\\\/199144\\\/#primaryimage\"},\"image\":{\"@id\":\"https:\\\/\\\/www.webdo.tn\\\/fr\\\/actualite\\\/national\\\/le-president-kais-saied-a-djerba-pour-le-sommet-de-la-francophonie\\\/199144\\\/#primaryimage\"},\"thumbnailUrl\":\"https:\\\/\\\/www.webdo.tn\\\/fr\\\/wp-content\\\/uploads\\\/2022\\\/11\\\/894ee03c1c0e68a737fe7263881aeaa3.jpg\",\"datePublished\":\"2022-11-19T09:10:00+00:00\",\"dateModified\":\"2025-05-20T22:05:50+00:00\",\"description\":\"Le pr\u00e9sident de la R\u00e9publique, Ka\u00efs Sa\u00efed, s\u2019est rendu, vendredi 18 novembre 2022, \u00e0 Djerba pour participer au 18\u00e8me Sommet de la Francophonie.\",\"breadcrumb\":{\"@id\":\"https:\\\/\\\/www.webdo.tn\\\/fr\\\/actualite\\\/national\\\/le-president-kais-saied-a-djerba-pour-le-sommet-de-la-francophonie\\\/199144\\\/#breadcrumb\"},\"inLanguage\":\"fr-FR\",\"potentialAction\":[{\"@type\":\"ReadAction\",\"target\":[\"https:\\\/\\\/www.webdo.tn\\\/fr\\\/actualite\\\/national\\\/le-president-kais-saied-a-djerba-pour-le-sommet-de-la-francophonie\\\/199144\\\/\"]}]},{\"@type\":\"ImageObject\",\"inLanguage\":\"fr-FR\",\"@id\":\"https:\\\/\\\/www.webdo.tn\\\/fr\\\/actualite\\\/national\\\/le-president-kais-saied-a-djerba-pour-le-sommet-de-la-francophonie\\\/199144\\\/#primaryimage\",\"url\":\"https:\\\/\\\/www.webdo.tn\\\/fr\\\/wp-content\\\/uploads\\\/2022\\\/11\\\/894ee03c1c0e68a737fe7263881aeaa3.jpg\",\"contentUrl\":\"https:\\\/\\\/www.webdo.tn\\\/fr\\\/wp-content\\\/uploads\\\/2022\\\/11\\\/894ee03c1c0e68a737fe7263881aeaa3.jpg\",\"width\":750,\"height\":400,\"caption\":\"Kais Sa\u00efed au Sommet de la Francophonie\"},{\"@type\":\"BreadcrumbList\",\"@id\":\"https:\\\/\\\/www.webdo.tn\\\/fr\\\/actualite\\\/national\\\/le-president-kais-saied-a-djerba-pour-le-sommet-de-la-francophonie\\\/199144\\\/#breadcrumb\",\"itemListElement\":[{\"@type\":\"ListItem\",\"position\":1,\"name\":\"Accueil\",\"item\":\"https:\\\/\\\/www.webdo.tn\\\/fr\\\/\"},{\"@type\":\"ListItem\",\"position\":2,\"name\":\"Le pr\u00e9sident Kais Sa\u00efed \u00e0 Djerba pour le Sommet de la Francophonie\"}]},{\"@type\":\"WebSite\",\"@id\":\"https:\\\/\\\/www.webdo.tn\\\/fr\\\/#website\",\"url\":\"https:\\\/\\\/www.webdo.tn\\\/fr\\\/\",\"name\":\"webdo\",\"description\":\"Tunisie - News en Tunisie et \u00e0 l&#039;international sur Webdo.tn\",\"publisher\":{\"@id\":\"https:\\\/\\\/www.webdo.tn\\\/fr\\\/#organization\"},\"potentialAction\":[{\"@type\":\"SearchAction\",\"target\":{\"@type\":\"EntryPoint\",\"urlTemplate\":\"https:\\\/\\\/www.webdo.tn\\\/fr\\\/?s={search_term_string}\"},\"query-input\":{\"@type\":\"PropertyValueSpecification\",\"valueRequired\":true,\"valueName\":\"search_term_string\"}}],\"inLanguage\":\"fr-FR\"},{\"@type\":\"Organization\",\"@id\":\"https:\\\/\\\/www.webdo.tn\\\/fr\\\/#organization\",\"name\":\"Webdo\",\"alternateName\":\"Webdo.tn\",\"url\":\"https:\\\/\\\/www.webdo.tn\\\/fr\\\/\",\"logo\":{\"@type\":\"ImageObject\",\"inLanguage\":\"fr-FR\",\"@id\":\"https:\\\/\\\/www.webdo.tn\\\/fr\\\/#\\\/schema\\\/logo\\\/image\\\/\",\"url\":\"https:\\\/\\\/www.webdo.tn\\\/fr\\\/wp-content\\\/uploads\\\/2025\\\/06\\\/Webdo-Tunisie_168377.jpg\",\"contentUrl\":\"https:\\\/\\\/www.webdo.tn\\\/fr\\\/wp-content\\\/uploads\\\/2025\\\/06\\\/Webdo-Tunisie_168377.jpg\",\"width\":301,\"height\":301,\"caption\":\"Webdo\"},\"image\":{\"@id\":\"https:\\\/\\\/www.webdo.tn\\\/fr\\\/#\\\/schema\\\/logo\\\/image\\\/\"},\"sameAs\":[\"https:\\\/\\\/www.facebook.com\\\/webdotn\",\"https:\\\/\\\/x.com\\\/webdo_tn\"],\"description\":\"Webdo est un m\u00e9dia num\u00e9rique tunisien fond\u00e9 en 2010, sp\u00e9cialis\u00e9 dans l\u2019actualit\u00e9 nationale et internationale, l\u2019\u00e9conomie, la soci\u00e9t\u00e9 et les analyses politiques. Le site s\u2019adresse \u00e0 un large public francophone et couvre l\u2019information tunisienne en temps r\u00e9el.\",\"email\":\"redac@webdo.tn\",\"legalName\":\"YNJ SARL\",\"foundingDate\":\"2010-09-06\",\"numberOfEmployees\":{\"@type\":\"QuantitativeValue\",\"minValue\":\"11\",\"maxValue\":\"50\"}},{\"@type\":\"Person\",\"@id\":\"https:\\\/\\\/www.webdo.tn\\\/fr\\\/#\\\/schema\\\/person\\\/2c4929cbf5a809e3bd38617c6ce150f6\",\"name\":\"MC\",\"image\":{\"@type\":\"ImageObject\",\"inLanguage\":\"fr-FR\",\"@id\":\"https:\\\/\\\/secure.gravatar.com\\\/avatar\\\/a545bbb6f84efdd5553dbbc2895e3ca8f1d12c5215e00a041c9670b54aa9b18a?s=96&d=mm&r=g\",\"url\":\"https:\\\/\\\/secure.gravatar.com\\\/avatar\\\/a545bbb6f84efdd5553dbbc2895e3ca8f1d12c5215e00a041c9670b54aa9b18a?s=96&d=mm&r=g\",\"contentUrl\":\"https:\\\/\\\/secure.gravatar.com\\\/avatar\\\/a545bbb6f84efdd5553dbbc2895e3ca8f1d12c5215e00a041c9670b54aa9b18a?s=96&d=mm&r=g\",\"caption\":\"MC\"},\"url\":\"https:\\\/\\\/www.webdo.tn\\\/fr\\\/actualite\\\/author\\\/mc\\\/\"}]}<\/script>\n<!-- \/ Yoast SEO Premium plugin. -->","yoast_head_json":{"title":"Le pr\u00e9sident Kais Sa\u00efed \u00e0 Djerba pour le Sommet de la Francophonie","description":"Le pr\u00e9sident de la R\u00e9publique, Ka\u00efs Sa\u00efed, s\u2019est rendu, vendredi 18 novembre 2022, \u00e0 Djerba pour participer au 18\u00e8me Sommet de la Francophonie.","canonical":"https:\/\/www.webdo.tn\/fr\/actualite\/national\/le-president-kais-saied-a-djerba-pour-le-sommet-de-la-francophonie\/199144\/","og_locale":"fr_FR","og_type":"article","og_title":"Le pr\u00e9sident Kais Sa\u00efed \u00e0 Djerba pour le Sommet de la Francophonie","og_description":"Le pr\u00e9sident de la R\u00e9publique, Ka\u00efs Sa\u00efed, s\u2019est rendu, vendredi 18 novembre 2022, \u00e0 Djerba pour participer au 18\u00e8me Sommet de la Francophonie.","og_url":"https:\/\/www.webdo.tn\/fr\/actualite\/national\/le-president-kais-saied-a-djerba-pour-le-sommet-de-la-francophonie\/199144\/","og_site_name":"webdo","article_publisher":"https:\/\/www.facebook.com\/webdotn","article_published_time":"2022-11-19T09:10:00+00:00","article_modified_time":"2025-05-20T22:05:50+00:00","og_image":[{"width":750,"height":400,"url":"https:\/\/www.webdo.tn\/fr\/wp-content\/uploads\/2022\/11\/894ee03c1c0e68a737fe7263881aeaa3.jpg","type":"image\/jpeg"}],"author":"MC","twitter_card":"summary_large_image","twitter_creator":"@webdo_tn","twitter_site":"@webdo_tn","twitter_misc":{"\u00c9crit par":"MC","Dur\u00e9e de lecture estim\u00e9e":"3 minutes"},"schema":{"@context":"https:\/\/schema.org","@graph":[{"@type":"NewsArticle","@id":"https:\/\/www.webdo.tn\/fr\/actualite\/national\/le-president-kais-saied-a-djerba-pour-le-sommet-de-la-francophonie\/199144\/#article","isPartOf":{"@id":"https:\/\/www.webdo.tn\/fr\/actualite\/national\/le-president-kais-saied-a-djerba-pour-le-sommet-de-la-francophonie\/199144\/"},"author":{"name":"MC","@id":"https:\/\/www.webdo.tn\/fr\/#\/schema\/person\/2c4929cbf5a809e3bd38617c6ce150f6"},"headline":"Le pr\u00e9sident Kais Sa\u00efed \u00e0 Djerba pour le Sommet de la Francophonie","datePublished":"2022-11-19T09:10:00+00:00","dateModified":"2025-05-20T22:05:50+00:00","mainEntityOfPage":{"@id":"https:\/\/www.webdo.tn\/fr\/actualite\/national\/le-president-kais-saied-a-djerba-pour-le-sommet-de-la-francophonie\/199144\/"},"wordCount":638,"commentCount":0,"publisher":{"@id":"https:\/\/www.webdo.tn\/fr\/#organization"},"image":{"@id":"https:\/\/www.webdo.tn\/fr\/actualite\/national\/le-president-kais-saied-a-djerba-pour-le-sommet-de-la-francophonie\/199144\/#primaryimage"},"thumbnailUrl":"https:\/\/www.webdo.tn\/fr\/wp-content\/uploads\/2022\/11\/894ee03c1c0e68a737fe7263881aeaa3.jpg","keywords":["francophonie","Kais Saied","sommet"],"articleSection":["National"],"inLanguage":"fr-FR"},{"@type":"WebPage","@id":"https:\/\/www.webdo.tn\/fr\/actualite\/national\/le-president-kais-saied-a-djerba-pour-le-sommet-de-la-francophonie\/199144\/","url":"https:\/\/www.webdo.tn\/fr\/actualite\/national\/le-president-kais-saied-a-djerba-pour-le-sommet-de-la-francophonie\/199144\/","name":"Le pr\u00e9sident Kais Sa\u00efed \u00e0 Djerba pour le Sommet de la Francophonie","isPartOf":{"@id":"https:\/\/www.webdo.tn\/fr\/#website"},"primaryImageOfPage":{"@id":"https:\/\/www.webdo.tn\/fr\/actualite\/national\/le-president-kais-saied-a-djerba-pour-le-sommet-de-la-francophonie\/199144\/#primaryimage"},"image":{"@id":"https:\/\/www.webdo.tn\/fr\/actualite\/national\/le-president-kais-saied-a-djerba-pour-le-sommet-de-la-francophonie\/199144\/#primaryimage"},"thumbnailUrl":"https:\/\/www.webdo.tn\/fr\/wp-content\/uploads\/2022\/11\/894ee03c1c0e68a737fe7263881aeaa3.jpg","datePublished":"2022-11-19T09:10:00+00:00","dateModified":"2025-05-20T22:05:50+00:00","description":"Le pr\u00e9sident de la R\u00e9publique, Ka\u00efs Sa\u00efed, s\u2019est rendu, vendredi 18 novembre 2022, \u00e0 Djerba pour participer au 18\u00e8me Sommet de la Francophonie.","breadcrumb":{"@id":"https:\/\/www.webdo.tn\/fr\/actualite\/national\/le-president-kais-saied-a-djerba-pour-le-sommet-de-la-francophonie\/199144\/#breadcrumb"},"inLanguage":"fr-FR","potentialAction":[{"@type":"ReadAction","target":["https:\/\/www.webdo.tn\/fr\/actualite\/national\/le-president-kais-saied-a-djerba-pour-le-sommet-de-la-francophonie\/199144\/"]}]},{"@type":"ImageObject","inLanguage":"fr-FR","@id":"https:\/\/www.webdo.tn\/fr\/actualite\/national\/le-president-kais-saied-a-djerba-pour-le-sommet-de-la-francophonie\/199144\/#primaryimage","url":"https:\/\/www.webdo.tn\/fr\/wp-content\/uploads\/2022\/11\/894ee03c1c0e68a737fe7263881aeaa3.jpg","contentUrl":"https:\/\/www.webdo.tn\/fr\/wp-content\/uploads\/2022\/11\/894ee03c1c0e68a737fe7263881aeaa3.jpg","width":750,"height":400,"caption":"Kais Sa\u00efed au Sommet de la Francophonie"},{"@type":"BreadcrumbList","@id":"https:\/\/www.webdo.tn\/fr\/actualite\/national\/le-president-kais-saied-a-djerba-pour-le-sommet-de-la-francophonie\/199144\/#breadcrumb","itemListElement":[{"@type":"ListItem","position":1,"name":"Accueil","item":"https:\/\/www.webdo.tn\/fr\/"},{"@type":"ListItem","position":2,"name":"Le pr\u00e9sident Kais Sa\u00efed \u00e0 Djerba pour le Sommet de la Francophonie"}]},{"@type":"WebSite","@id":"https:\/\/www.webdo.tn\/fr\/#website","url":"https:\/\/www.webdo.tn\/fr\/","name":"webdo","description":"Tunisie - News en Tunisie et \u00e0 l&#039;international sur Webdo.tn","publisher":{"@id":"https:\/\/www.webdo.tn\/fr\/#organization"},"potentialAction":[{"@type":"SearchAction","target":{"@type":"EntryPoint","urlTemplate":"https:\/\/www.webdo.tn\/fr\/?s={search_term_string}"},"query-input":{"@type":"PropertyValueSpecification","valueRequired":true,"valueName":"search_term_string"}}],"inLanguage":"fr-FR"},{"@type":"Organization","@id":"https:\/\/www.webdo.tn\/fr\/#organization","name":"Webdo","alternateName":"Webdo.tn","url":"https:\/\/www.webdo.tn\/fr\/","logo":{"@type":"ImageObject","inLanguage":"fr-FR","@id":"https:\/\/www.webdo.tn\/fr\/#\/schema\/logo\/image\/","url":"https:\/\/www.webdo.tn\/fr\/wp-content\/uploads\/2025\/06\/Webdo-Tunisie_168377.jpg","contentUrl":"https:\/\/www.webdo.tn\/fr\/wp-content\/uploads\/2025\/06\/Webdo-Tunisie_168377.jpg","width":301,"height":301,"caption":"Webdo"},"image":{"@id":"https:\/\/www.webdo.tn\/fr\/#\/schema\/logo\/image\/"},"sameAs":["https:\/\/www.facebook.com\/webdotn","https:\/\/x.com\/webdo_tn"],"description":"Webdo est un m\u00e9dia num\u00e9rique tunisien fond\u00e9 en 2010, sp\u00e9cialis\u00e9 dans l\u2019actualit\u00e9 nationale et internationale, l\u2019\u00e9conomie, la soci\u00e9t\u00e9 et les analyses politiques. Le site s\u2019adresse \u00e0 un large public francophone et couvre l\u2019information tunisienne en temps r\u00e9el.","email":"redac@webdo.tn","legalName":"YNJ SARL","foundingDate":"2010-09-06","numberOfEmployees":{"@type":"QuantitativeValue","minValue":"11","maxValue":"50"}},{"@type":"Person","@id":"https:\/\/www.webdo.tn\/fr\/#\/schema\/person\/2c4929cbf5a809e3bd38617c6ce150f6","name":"MC","image":{"@type":"ImageObject","inLanguage":"fr-FR","@id":"https:\/\/secure.gravatar.com\/avatar\/a545bbb6f84efdd5553dbbc2895e3ca8f1d12c5215e00a041c9670b54aa9b18a?s=96&d=mm&r=g","url":"https:\/\/secure.gravatar.com\/avatar\/a545bbb6f84efdd5553dbbc2895e3ca8f1d12c5215e00a041c9670b54aa9b18a?s=96&d=mm&r=g","contentUrl":"https:\/\/secure.gravatar.com\/avatar\/a545bbb6f84efdd5553dbbc2895e3ca8f1d12c5215e00a041c9670b54aa9b18a?s=96&d=mm&r=g","caption":"MC"},"url":"https:\/\/www.webdo.tn\/fr\/actualite\/author\/mc\/"}]}},"_links":{"self":[{"href":"https:\/\/www.webdo.tn\/fr\/wp-json\/wp\/v2\/posts\/199144","targetHints":{"allow":["GET"]}}],"collection":[{"href":"https:\/\/www.webdo.tn\/fr\/wp-json\/wp\/v2\/posts"}],"about":[{"href":"https:\/\/www.webdo.tn\/fr\/wp-json\/wp\/v2\/types\/post"}],"author":[{"embeddable":true,"href":"https:\/\/www.webdo.tn\/fr\/wp-json\/wp\/v2\/users\/3162"}],"replies":[{"embeddable":true,"href":"https:\/\/www.webdo.tn\/fr\/wp-json\/wp\/v2\/comments?post=199144"}],"version-history":[{"count":0,"href":"https:\/\/www.webdo.tn\/fr\/wp-json\/wp\/v2\/posts\/199144\/revisions"}],"wp:featuredmedia":[{"embeddable":true,"href":"https:\/\/www.webdo.tn\/fr\/wp-json\/wp\/v2\/media\/277285"}],"wp:attachment":[{"href":"https:\/\/www.webdo.tn\/fr\/wp-json\/wp\/v2\/media?parent=199144"}],"wp:term":[{"taxonomy":"category","embeddable":true,"href":"https:\/\/www.webdo.tn\/fr\/wp-json\/wp\/v2\/categories?post=199144"},{"taxonomy":"post_tag","embeddable":true,"href":"https:\/\/www.webdo.tn\/fr\/wp-json\/wp\/v2\/tags?post=199144"}],"curies":[{"name":"wp","href":"https:\/\/api.w.org\/{rel}","templated":true}]}}