{"id":199141,"date":"2022-11-18T20:35:00","date_gmt":"2022-11-18T20:35:00","guid":{"rendered":"https:\/\/www.webdo.tn\/fr\/blog\/la-coupe-du-monde-c-est-aussi-une-histoire-de-ballons-voici-leurs-histoires\/199141\/"},"modified":"2025-05-20T23:01:54","modified_gmt":"2025-05-20T23:01:54","slug":"la-coupe-du-monde-c-est-aussi-une-histoire-de-ballons-voici-leurs-histoires","status":"publish","type":"post","link":"https:\/\/www.webdo.tn\/fr\/actualite\/sport\/la-coupe-du-monde-c-est-aussi-une-histoire-de-ballons-voici-leurs-histoires\/199141\/","title":{"rendered":"La Coupe du monde c\u2019est aussi une histoire de ballons !"},"content":{"rendered":"<p>A chaque \u00e9dition de coupe du monde ses propres histoires, anecdotes, h\u00e9ros, mais \u00e9galement ballons. Depuis 1970, Adidas est le fabriquant officiel des ballons de la coupe du monde.\u00a0<\/p>\n<p>\t\t\t\t\t\t\t\t\tMais ces ballons existaient d\u00e9j\u00e0 bel et bien avant 1970. Depuis exactement 1930, date de la toute premi\u00e8re coupe du monde en Uruguay. Voici leurs histoires\u2026<\/p>\n<p>Uruguay 1930 : T-SHAPE<br \/>\nLe T-Shape a \u00e9t\u00e9 le ballon utilis\u00e9 lors de la premi\u00e8re Coupe du Monde en 1930 en Uruguay. Il se caract\u00e9risait par ses 12 faces en forme de T.<\/p>\n<p>Italie 1934<br \/>\nCe Mod\u00e8le fut utilis\u00e9 lors de la deuxi\u00e8me Coupe du Monde en 1934 qui s&rsquo;est d\u00e9roul\u00e9e en Italie.<\/p>\n<p>France 1938 : ALLEN<br \/>\nAllen est le nom du ballon utilis\u00e9 en France pendant la Coupe du monde en 1938. Contrairement \u00e0 ses pr\u00e9d\u00e9cesseurs, ce mod\u00e8le \u00e9tait compos\u00e9 de 13 faces en cuir.<\/p>\n<p>Br\u00e9sil 1950\u00a0<br \/>\nLe ballon officiel de la Coupe du Monde 1950 au Br\u00e9sil \u00e9tait compos\u00e9 de 12 faces en cuir. Ce mod\u00e8le \u00e9tait gonfl\u00e9 comme les balles actuelles, gr\u00e2ce \u00e0 une valve.<\/p>\n<p>Suisse 1954\u00a0<br \/>\nLe ballon officiel de la Coupe du monde 1954 en Suisse. Pour la premi\u00e8re fois, on utilisait un ballon de couleur (jaune) et \u00e9tait constitu\u00e9 de 18 faces en cuir. Sursa surface, il \u00e9tait imprim\u00e9 avec les caract\u00e8res suivants : SWISS WORLD CHAMPION MATCH BALL.<\/p>\n<p>Su\u00e8de 1958<br \/>\nCe ballon f\u00fbt utilis\u00e9 lors de la Coupe du Monde 1958 en Su\u00e8de. Son design est tr\u00e8s semblable au mod\u00e8le de 1954.<\/p>\n<p>Chili 1962 : SANTIAGO<br \/>\nPremier mod\u00e8le de ballon \u00e0 comporter de longues faces octogonales. Baptis\u00e9 Santiago par Adidas, il a \u00e9t\u00e9 utilis\u00e9 lors de la Coupe du Monde\u00a01962 au Chili.<\/p>\n<p>Angleterre 1966 : CHALLENGE<br \/>\nCe ballon a \u00e9t\u00e9 utilis\u00e9 pendant la Coupe du Monde 1966 en Angleterre. Ce mod\u00e8le tr\u00e8s similaire \u00e0 celui de 1958 avec comme diff\u00e9rence sa couleur orange. Lors des Coupes du Monde suivantes, tous les ballons ont \u00e9t\u00e9 con\u00e7us par Adidas.<\/p>\n<p>Mexique 1970 : TELSTAR<br \/>\nCr\u00e9\u00e9 par Adidas, Telstar \u00e9tait le ballon officiel des Coupes du Monde 1970 et 1974 organis\u00e9es respectivement par le Mexique et l&rsquo;Allemagne(RFA). Ce mod\u00e8le a \u00e9t\u00e9 con\u00e7u avec des faces noires et blanches afin qu&rsquo;il soit plus visible sur les \u00e9crans de t\u00e9l\u00e9vision.<\/p>\n<p>RFA 1974 : TELSTAR Durlast<br \/>\nLa couleur du marquage sera la seule diff\u00e9rence avec le mod\u00e8le utilis\u00e9 pour la Coupe du Monde 1970 au Mexique.<\/p>\n<p>Argentine 1978 : TANGO Rosario<br \/>\nLe Tango cr\u00e9\u00e9 par Adidas a \u00e9t\u00e9 le ballon officiel de la Coupe du Monde 1978 en Argentine. Une v\u00e9ritable r\u00e9volution dans la fabrication puisque son mod\u00e8le de conception sera utilis\u00e9 pour les vingt prochaines ann\u00e9es : 20 faces identiques en cuir v\u00e9ritable \u00e9tanches formaient un design avec 7 cercles. A l&rsquo;\u00e9poque, le Tango \u00e9tait la balle la plus ch\u00e8re de l&rsquo;histoire.<\/p>\n<p>Espagne 1982 : TANGO Espa\u00f1a<br \/>\nAdidas a cr\u00e9\u00e9 ce nouveau ballon pour la Coupe du monde 1982 en Espagne. Le Tango Espa\u00f1a \u00e9tait cens\u00e9 \u00eatre plus r\u00e9sistant gr\u00e2ce \u00e0 des coutures en caoutchouc. Finalement, il a \u00e9t\u00e9 chang\u00e9 \u00e0 plusieurs reprises pendant des matches et cette technique de fabrication ne sera pas r\u00e9utilis\u00e9e par la suite. Ce ballon sera le dernier en cuir v\u00e9ritable \u00e0 \u00eatre utilis\u00e9 en Coupe du Monde.<\/p>\n<p>Mexique 1986 : AZTECA<br \/>\nInspir\u00e9 de l&rsquo;architecture Azt\u00e8que, ce ballon fut le premier ballon enti\u00e8rement synth\u00e9tique. Il sera utilis\u00e9 lors de la Coupe du Monde 1986 au Mexique.<\/p>\n<p>Italie 1990 : ETRUSCO UNICO<br \/>\nL&rsquo;Etrusco Unico a \u00e9t\u00e9 cr\u00e9\u00e9 par Adidas au d\u00e9but des ann\u00e9es 90. Il sera le ballon officiel de la Coupe du Monde 1990 en Italie et de l&rsquo;Euro 1992 en Su\u00e8de. Trois t\u00eates de lion d\u00e9corent chacune des 20 faces.<\/p>\n<p>Etats-Unis 1994 : QUESTRA<br \/>\nAdidas Questra, le ballon officiel de la Coupe du Monde 1994 aux Etats-Unis d&rsquo;Am\u00e9rique. Ce mod\u00e8le \u00e9tait appr\u00e9ci\u00e9 des joueurs pour sa vitesse et son contr\u00f4le mais d\u00e9cri\u00e9 par les gardiens de but qui se plaignaient de son impr\u00e9visibilit\u00e9.<\/p>\n<p>France 1998 : TRICOLORE<br \/>\nPremier ballon avec plus de deux couleurs utilis\u00e9es pour une phase finale, Tricolore d&rsquo;Adidas \u00e9tait le ballon officiel de la Coupe du monde 1998 en France. L&rsquo;utilisation du bleu \u00e9tait pour rappeler la couleur de l&rsquo;\u00e9quipe nationale fran\u00e7aise dont le pays organisait la comp\u00e9tition. Tricolore sera le premier ballon fabriqu\u00e9 ailleurs qu&rsquo;en Europe (Maroc) depuis le Telstar 1970.<\/p>\n<p>Japon et Cor\u00e9e du Sud 2002 : FEVERNOVA<br \/>\nLe Fevernova a \u00e9t\u00e9 le premier ballon \u00e0 se s\u00e9parer de la conception traditionnelle du Tango depuis 1978. Cr\u00e9\u00e9 par Adidas pour la Coupe du Monde 2002, organis\u00e9e conjointement par le Japon et la Cor\u00e9e du Sud, son look surprend par ses couleurs et son c\u00f4t\u00e9 et r\u00e9volutionnaire inspir\u00e9 de la culture asiatique.<\/p>\n<p>\u00a0<\/p>\n<p>Allemagne 2006 : TEAMGEIST<br \/>\nLe Teamgeist a \u00e9t\u00e9 dessin\u00e9 par Adidas Innovation Team and the Molten Corporation et cr\u00e9\u00e9 par Adidas pour la Coupe du Monde 2006 en Allemagne. Ce ballon comportait uniquement 14 faces. Chaque match de la phase finale avait ses propres ballons, avec la date du match, le stade et les \u00e9quipes imprim\u00e9s sur la surface. Pour la finale, des ballons nomm\u00e9s \u00ab\u00a0TeamgeistBerlin\u00a0\u00bb \u00e9taient de couleur dor\u00e9e.<\/p>\n<p>Afrique du Sud 2010 : JABULANI<br \/>\nLe Jabulani (en zoulou, \u00eatre joyeux) est le ballon officiel de la coupe du monde de football 2010 fabriqu\u00e9 par Adidas. Il a \u00e9t\u00e9 pr\u00e9sent\u00e9 le 4 d\u00e9cembre 2009 au Cap. Il a \u00e9t\u00e9 con\u00e7u et d\u00e9velopp\u00e9 sp\u00e9cialement pour cet \u00e9v\u00e9nement qui s&rsquo;est d\u00e9roul\u00e9 du 11 juin au 11 juillet 2010 en Afrique du Sud. Il arbore onze coloris uniques, en hommage aux 11 joueurs de chaque \u00e9quipe, aux onze langues parl\u00e9es en Afrique du Sud, et aux onze communaut\u00e9s sud-africaines qui seront h\u00f4tes de ce tournoi.<\/p>\n<p>Br\u00e9sil 2014 : BRAZUCA<br \/>\nBrazuca est un terme informel utilis\u00e9 par les Br\u00e9siliens pour d\u00e9crire la fiert\u00e9 nationale \u00e0 travers le mode de vie br\u00e9silien. Son surnom a \u00e9t\u00e9 choisi en 2012 par les internautes lors d&rsquo;un vote auquel ont particip\u00e9 de nombreux br\u00e9siliens. Ils avaient le choix entre \u00ab\u00a0Brazuca\u00a0\u00bb, \u00ab\u00a0Bossa Nova\u00a0\u00bb et \u00ab\u00a0Carvanalesca\u00a0\u00bb.<\/p>\n<p>Russie 2018 : TELSTAR Mechta<br \/>\nTelstar est la contraction de \u00ab\u00a0star de la t\u00e9l\u00e9vision\u00a0\u00bb. Ce mod\u00e8le a \u00e9t\u00e9 con\u00e7u en 1970 avec des faces noires et blanches afin qu&rsquo;il soit plus visible sur les \u00e9crans de t\u00e9l\u00e9vision.<br \/>\nTelstar Mechta (en photo) remplace le Telstar 18 \u00e0 partir des huiti\u00e8mes de finale de la Coupe du monde 2018 en Russie.<\/p>\n<p>\u00a0<\/p>\n<p>Qatar 2022 : AL RIHLA<br \/>\nAl Rihla signifie \u00ab voyage \u00bb en arabe. Inspir\u00e9 du drapeau et de l\u2019architecture du Qatar, le ballon officiel de la Coupe du monde de football affiche un design aux lignes color\u00e9es<\/p>\n","protected":false},"excerpt":{"rendered":"<p>A chaque \u00e9dition de coupe du monde ses propres histoires, anecdotes, h\u00e9ros, mais \u00e9galement ballons. Depuis 1970, Adidas est le fabriquant officiel des ballons d&#8230;<\/p>\n","protected":false},"author":3196,"featured_media":277275,"comment_status":"open","ping_status":"closed","sticky":false,"template":"","format":"standard","meta":{"footnotes":""},"categories":[2593],"tags":[9157,9156,4066,8930],"class_list":["post-199141","post","type-post","status-publish","format-standard","has-post-thumbnail","hentry","category-sport","tag-al-rihla","tag-ballons","tag-coupe-du-monde","tag-qatar-2022"],"yoast_head":"<!-- This site is optimized with the Yoast SEO Premium plugin v27.4 (Yoast SEO v27.5) - https:\/\/yoast.com\/product\/yoast-seo-premium-wordpress\/ -->\n<title>La Coupe du monde c\u2019est aussi une histoire de ballons !<\/title>\n<meta name=\"description\" content=\"A chaque \u00e9dition de coupe du monde ses propres histoires, anecdotes, h\u00e9ros, mais \u00e9galement ballons. Depuis 1970, Adidas est le fabriquant officiel des ballons d...\" \/>\n<link rel=\"canonical\" href=\"https:\/\/www.webdo.tn\/fr\/actualite\/sport\/la-coupe-du-monde-c-est-aussi-une-histoire-de-ballons-voici-leurs-histoires\/199141\/\" \/>\n<meta property=\"og:locale\" content=\"fr_FR\" \/>\n<meta property=\"og:type\" content=\"article\" \/>\n<meta property=\"og:title\" content=\"La Coupe du monde c\u2019est aussi une histoire de ballons !\" \/>\n<meta property=\"og:description\" content=\"A chaque \u00e9dition de coupe du monde ses propres histoires, anecdotes, h\u00e9ros, mais \u00e9galement ballons. Depuis 1970, Adidas est le fabriquant officiel des ballons d...\" \/>\n<meta property=\"og:url\" content=\"https:\/\/www.webdo.tn\/fr\/actualite\/sport\/la-coupe-du-monde-c-est-aussi-une-histoire-de-ballons-voici-leurs-histoires\/199141\/\" \/>\n<meta property=\"og:site_name\" content=\"webdo\" \/>\n<meta property=\"article:publisher\" content=\"https:\/\/www.facebook.com\/webdotn\" \/>\n<meta property=\"article:published_time\" content=\"2022-11-18T20:35:00+00:00\" \/>\n<meta property=\"article:modified_time\" content=\"2025-05-20T23:01:54+00:00\" \/>\n<meta property=\"og:image\" content=\"https:\/\/www.webdo.tn\/fr\/wp-content\/uploads\/2022\/11\/f309abd15beed1e57aa8676fb02c8411.png\" \/>\n\t<meta property=\"og:image:width\" content=\"750\" \/>\n\t<meta property=\"og:image:height\" content=\"400\" \/>\n\t<meta property=\"og:image:type\" content=\"image\/png\" \/>\n<meta name=\"author\" content=\"MK\" \/>\n<meta name=\"twitter:card\" content=\"summary_large_image\" \/>\n<meta name=\"twitter:creator\" content=\"@webdo_tn\" \/>\n<meta name=\"twitter:site\" content=\"@webdo_tn\" \/>\n<meta name=\"twitter:label1\" content=\"\u00c9crit par\" \/>\n\t<meta name=\"twitter:data1\" content=\"MK\" \/>\n\t<meta name=\"twitter:label2\" content=\"Dur\u00e9e de lecture estim\u00e9e\" \/>\n\t<meta name=\"twitter:data2\" content=\"5 minutes\" \/>\n<script type=\"application\/ld+json\" class=\"yoast-schema-graph\">{\"@context\":\"https:\\\/\\\/schema.org\",\"@graph\":[{\"@type\":\"NewsArticle\",\"@id\":\"https:\\\/\\\/www.webdo.tn\\\/fr\\\/actualite\\\/sport\\\/la-coupe-du-monde-c-est-aussi-une-histoire-de-ballons-voici-leurs-histoires\\\/199141\\\/#article\",\"isPartOf\":{\"@id\":\"https:\\\/\\\/www.webdo.tn\\\/fr\\\/actualite\\\/sport\\\/la-coupe-du-monde-c-est-aussi-une-histoire-de-ballons-voici-leurs-histoires\\\/199141\\\/\"},\"author\":{\"name\":\"MK\",\"@id\":\"https:\\\/\\\/www.webdo.tn\\\/fr\\\/#\\\/schema\\\/person\\\/c3a9d32fa6d495ca5f4b6510e3db97bf\"},\"headline\":\"La Coupe du monde c\u2019est aussi une histoire de ballons !\",\"datePublished\":\"2022-11-18T20:35:00+00:00\",\"dateModified\":\"2025-05-20T23:01:54+00:00\",\"mainEntityOfPage\":{\"@id\":\"https:\\\/\\\/www.webdo.tn\\\/fr\\\/actualite\\\/sport\\\/la-coupe-du-monde-c-est-aussi-une-histoire-de-ballons-voici-leurs-histoires\\\/199141\\\/\"},\"wordCount\":1107,\"commentCount\":0,\"publisher\":{\"@id\":\"https:\\\/\\\/www.webdo.tn\\\/fr\\\/#organization\"},\"image\":{\"@id\":\"https:\\\/\\\/www.webdo.tn\\\/fr\\\/actualite\\\/sport\\\/la-coupe-du-monde-c-est-aussi-une-histoire-de-ballons-voici-leurs-histoires\\\/199141\\\/#primaryimage\"},\"thumbnailUrl\":\"https:\\\/\\\/www.webdo.tn\\\/fr\\\/wp-content\\\/uploads\\\/2022\\\/11\\\/f309abd15beed1e57aa8676fb02c8411.png\",\"keywords\":[\"Al Rihla\",\"Ballons\",\"Coupe du Monde\",\"Qatar 2022\"],\"articleSection\":[\"Sport\"],\"inLanguage\":\"fr-FR\"},{\"@type\":\"WebPage\",\"@id\":\"https:\\\/\\\/www.webdo.tn\\\/fr\\\/actualite\\\/sport\\\/la-coupe-du-monde-c-est-aussi-une-histoire-de-ballons-voici-leurs-histoires\\\/199141\\\/\",\"url\":\"https:\\\/\\\/www.webdo.tn\\\/fr\\\/actualite\\\/sport\\\/la-coupe-du-monde-c-est-aussi-une-histoire-de-ballons-voici-leurs-histoires\\\/199141\\\/\",\"name\":\"La Coupe du monde c\u2019est aussi une histoire de ballons !\",\"isPartOf\":{\"@id\":\"https:\\\/\\\/www.webdo.tn\\\/fr\\\/#website\"},\"primaryImageOfPage\":{\"@id\":\"https:\\\/\\\/www.webdo.tn\\\/fr\\\/actualite\\\/sport\\\/la-coupe-du-monde-c-est-aussi-une-histoire-de-ballons-voici-leurs-histoires\\\/199141\\\/#primaryimage\"},\"image\":{\"@id\":\"https:\\\/\\\/www.webdo.tn\\\/fr\\\/actualite\\\/sport\\\/la-coupe-du-monde-c-est-aussi-une-histoire-de-ballons-voici-leurs-histoires\\\/199141\\\/#primaryimage\"},\"thumbnailUrl\":\"https:\\\/\\\/www.webdo.tn\\\/fr\\\/wp-content\\\/uploads\\\/2022\\\/11\\\/f309abd15beed1e57aa8676fb02c8411.png\",\"datePublished\":\"2022-11-18T20:35:00+00:00\",\"dateModified\":\"2025-05-20T23:01:54+00:00\",\"description\":\"A chaque \u00e9dition de coupe du monde ses propres histoires, anecdotes, h\u00e9ros, mais \u00e9galement ballons. Depuis 1970, Adidas est le fabriquant officiel des ballons d...\",\"breadcrumb\":{\"@id\":\"https:\\\/\\\/www.webdo.tn\\\/fr\\\/actualite\\\/sport\\\/la-coupe-du-monde-c-est-aussi-une-histoire-de-ballons-voici-leurs-histoires\\\/199141\\\/#breadcrumb\"},\"inLanguage\":\"fr-FR\",\"potentialAction\":[{\"@type\":\"ReadAction\",\"target\":[\"https:\\\/\\\/www.webdo.tn\\\/fr\\\/actualite\\\/sport\\\/la-coupe-du-monde-c-est-aussi-une-histoire-de-ballons-voici-leurs-histoires\\\/199141\\\/\"]}]},{\"@type\":\"ImageObject\",\"inLanguage\":\"fr-FR\",\"@id\":\"https:\\\/\\\/www.webdo.tn\\\/fr\\\/actualite\\\/sport\\\/la-coupe-du-monde-c-est-aussi-une-histoire-de-ballons-voici-leurs-histoires\\\/199141\\\/#primaryimage\",\"url\":\"https:\\\/\\\/www.webdo.tn\\\/fr\\\/wp-content\\\/uploads\\\/2022\\\/11\\\/f309abd15beed1e57aa8676fb02c8411.png\",\"contentUrl\":\"https:\\\/\\\/www.webdo.tn\\\/fr\\\/wp-content\\\/uploads\\\/2022\\\/11\\\/f309abd15beed1e57aa8676fb02c8411.png\",\"width\":750,\"height\":400,\"caption\":\"Ballons coupe du monde\"},{\"@type\":\"BreadcrumbList\",\"@id\":\"https:\\\/\\\/www.webdo.tn\\\/fr\\\/actualite\\\/sport\\\/la-coupe-du-monde-c-est-aussi-une-histoire-de-ballons-voici-leurs-histoires\\\/199141\\\/#breadcrumb\",\"itemListElement\":[{\"@type\":\"ListItem\",\"position\":1,\"name\":\"Accueil\",\"item\":\"https:\\\/\\\/www.webdo.tn\\\/fr\\\/\"},{\"@type\":\"ListItem\",\"position\":2,\"name\":\"La Coupe du monde c\u2019est aussi une histoire de ballons !\"}]},{\"@type\":\"WebSite\",\"@id\":\"https:\\\/\\\/www.webdo.tn\\\/fr\\\/#website\",\"url\":\"https:\\\/\\\/www.webdo.tn\\\/fr\\\/\",\"name\":\"webdo\",\"description\":\"Tunisie - News en Tunisie et \u00e0 l&#039;international sur Webdo.tn\",\"publisher\":{\"@id\":\"https:\\\/\\\/www.webdo.tn\\\/fr\\\/#organization\"},\"potentialAction\":[{\"@type\":\"SearchAction\",\"target\":{\"@type\":\"EntryPoint\",\"urlTemplate\":\"https:\\\/\\\/www.webdo.tn\\\/fr\\\/?s={search_term_string}\"},\"query-input\":{\"@type\":\"PropertyValueSpecification\",\"valueRequired\":true,\"valueName\":\"search_term_string\"}}],\"inLanguage\":\"fr-FR\"},{\"@type\":\"Organization\",\"@id\":\"https:\\\/\\\/www.webdo.tn\\\/fr\\\/#organization\",\"name\":\"Webdo\",\"alternateName\":\"Webdo.tn\",\"url\":\"https:\\\/\\\/www.webdo.tn\\\/fr\\\/\",\"logo\":{\"@type\":\"ImageObject\",\"inLanguage\":\"fr-FR\",\"@id\":\"https:\\\/\\\/www.webdo.tn\\\/fr\\\/#\\\/schema\\\/logo\\\/image\\\/\",\"url\":\"https:\\\/\\\/www.webdo.tn\\\/fr\\\/wp-content\\\/uploads\\\/2025\\\/06\\\/Webdo-Tunisie_168377.jpg\",\"contentUrl\":\"https:\\\/\\\/www.webdo.tn\\\/fr\\\/wp-content\\\/uploads\\\/2025\\\/06\\\/Webdo-Tunisie_168377.jpg\",\"width\":301,\"height\":301,\"caption\":\"Webdo\"},\"image\":{\"@id\":\"https:\\\/\\\/www.webdo.tn\\\/fr\\\/#\\\/schema\\\/logo\\\/image\\\/\"},\"sameAs\":[\"https:\\\/\\\/www.facebook.com\\\/webdotn\",\"https:\\\/\\\/x.com\\\/webdo_tn\"],\"description\":\"Webdo est un m\u00e9dia num\u00e9rique tunisien fond\u00e9 en 2010, sp\u00e9cialis\u00e9 dans l\u2019actualit\u00e9 nationale et internationale, l\u2019\u00e9conomie, la soci\u00e9t\u00e9 et les analyses politiques. Le site s\u2019adresse \u00e0 un large public francophone et couvre l\u2019information tunisienne en temps r\u00e9el.\",\"email\":\"redac@webdo.tn\",\"legalName\":\"YNJ SARL\",\"foundingDate\":\"2010-09-06\",\"numberOfEmployees\":{\"@type\":\"QuantitativeValue\",\"minValue\":\"11\",\"maxValue\":\"50\"}},{\"@type\":\"Person\",\"@id\":\"https:\\\/\\\/www.webdo.tn\\\/fr\\\/#\\\/schema\\\/person\\\/c3a9d32fa6d495ca5f4b6510e3db97bf\",\"name\":\"MK\",\"image\":{\"@type\":\"ImageObject\",\"inLanguage\":\"fr-FR\",\"@id\":\"https:\\\/\\\/secure.gravatar.com\\\/avatar\\\/6d44f937f19929f3b75db77056d3e08abd6e302e71bcfea340cd8b00c13e7baf?s=96&d=mm&r=g\",\"url\":\"https:\\\/\\\/secure.gravatar.com\\\/avatar\\\/6d44f937f19929f3b75db77056d3e08abd6e302e71bcfea340cd8b00c13e7baf?s=96&d=mm&r=g\",\"contentUrl\":\"https:\\\/\\\/secure.gravatar.com\\\/avatar\\\/6d44f937f19929f3b75db77056d3e08abd6e302e71bcfea340cd8b00c13e7baf?s=96&d=mm&r=g\",\"caption\":\"MK\"},\"url\":\"https:\\\/\\\/www.webdo.tn\\\/fr\\\/actualite\\\/author\\\/mk\\\/\"}]}<\/script>\n<!-- \/ Yoast SEO Premium plugin. -->","yoast_head_json":{"title":"La Coupe du monde c\u2019est aussi une histoire de ballons !","description":"A chaque \u00e9dition de coupe du monde ses propres histoires, anecdotes, h\u00e9ros, mais \u00e9galement ballons. Depuis 1970, Adidas est le fabriquant officiel des ballons d...","canonical":"https:\/\/www.webdo.tn\/fr\/actualite\/sport\/la-coupe-du-monde-c-est-aussi-une-histoire-de-ballons-voici-leurs-histoires\/199141\/","og_locale":"fr_FR","og_type":"article","og_title":"La Coupe du monde c\u2019est aussi une histoire de ballons !","og_description":"A chaque \u00e9dition de coupe du monde ses propres histoires, anecdotes, h\u00e9ros, mais \u00e9galement ballons. Depuis 1970, Adidas est le fabriquant officiel des ballons d...","og_url":"https:\/\/www.webdo.tn\/fr\/actualite\/sport\/la-coupe-du-monde-c-est-aussi-une-histoire-de-ballons-voici-leurs-histoires\/199141\/","og_site_name":"webdo","article_publisher":"https:\/\/www.facebook.com\/webdotn","article_published_time":"2022-11-18T20:35:00+00:00","article_modified_time":"2025-05-20T23:01:54+00:00","og_image":[{"width":750,"height":400,"url":"https:\/\/www.webdo.tn\/fr\/wp-content\/uploads\/2022\/11\/f309abd15beed1e57aa8676fb02c8411.png","type":"image\/png"}],"author":"MK","twitter_card":"summary_large_image","twitter_creator":"@webdo_tn","twitter_site":"@webdo_tn","twitter_misc":{"\u00c9crit par":"MK","Dur\u00e9e de lecture estim\u00e9e":"5 minutes"},"schema":{"@context":"https:\/\/schema.org","@graph":[{"@type":"NewsArticle","@id":"https:\/\/www.webdo.tn\/fr\/actualite\/sport\/la-coupe-du-monde-c-est-aussi-une-histoire-de-ballons-voici-leurs-histoires\/199141\/#article","isPartOf":{"@id":"https:\/\/www.webdo.tn\/fr\/actualite\/sport\/la-coupe-du-monde-c-est-aussi-une-histoire-de-ballons-voici-leurs-histoires\/199141\/"},"author":{"name":"MK","@id":"https:\/\/www.webdo.tn\/fr\/#\/schema\/person\/c3a9d32fa6d495ca5f4b6510e3db97bf"},"headline":"La Coupe du monde c\u2019est aussi une histoire de ballons !","datePublished":"2022-11-18T20:35:00+00:00","dateModified":"2025-05-20T23:01:54+00:00","mainEntityOfPage":{"@id":"https:\/\/www.webdo.tn\/fr\/actualite\/sport\/la-coupe-du-monde-c-est-aussi-une-histoire-de-ballons-voici-leurs-histoires\/199141\/"},"wordCount":1107,"commentCount":0,"publisher":{"@id":"https:\/\/www.webdo.tn\/fr\/#organization"},"image":{"@id":"https:\/\/www.webdo.tn\/fr\/actualite\/sport\/la-coupe-du-monde-c-est-aussi-une-histoire-de-ballons-voici-leurs-histoires\/199141\/#primaryimage"},"thumbnailUrl":"https:\/\/www.webdo.tn\/fr\/wp-content\/uploads\/2022\/11\/f309abd15beed1e57aa8676fb02c8411.png","keywords":["Al Rihla","Ballons","Coupe du Monde","Qatar 2022"],"articleSection":["Sport"],"inLanguage":"fr-FR"},{"@type":"WebPage","@id":"https:\/\/www.webdo.tn\/fr\/actualite\/sport\/la-coupe-du-monde-c-est-aussi-une-histoire-de-ballons-voici-leurs-histoires\/199141\/","url":"https:\/\/www.webdo.tn\/fr\/actualite\/sport\/la-coupe-du-monde-c-est-aussi-une-histoire-de-ballons-voici-leurs-histoires\/199141\/","name":"La Coupe du monde c\u2019est aussi une histoire de ballons !","isPartOf":{"@id":"https:\/\/www.webdo.tn\/fr\/#website"},"primaryImageOfPage":{"@id":"https:\/\/www.webdo.tn\/fr\/actualite\/sport\/la-coupe-du-monde-c-est-aussi-une-histoire-de-ballons-voici-leurs-histoires\/199141\/#primaryimage"},"image":{"@id":"https:\/\/www.webdo.tn\/fr\/actualite\/sport\/la-coupe-du-monde-c-est-aussi-une-histoire-de-ballons-voici-leurs-histoires\/199141\/#primaryimage"},"thumbnailUrl":"https:\/\/www.webdo.tn\/fr\/wp-content\/uploads\/2022\/11\/f309abd15beed1e57aa8676fb02c8411.png","datePublished":"2022-11-18T20:35:00+00:00","dateModified":"2025-05-20T23:01:54+00:00","description":"A chaque \u00e9dition de coupe du monde ses propres histoires, anecdotes, h\u00e9ros, mais \u00e9galement ballons. Depuis 1970, Adidas est le fabriquant officiel des ballons d...","breadcrumb":{"@id":"https:\/\/www.webdo.tn\/fr\/actualite\/sport\/la-coupe-du-monde-c-est-aussi-une-histoire-de-ballons-voici-leurs-histoires\/199141\/#breadcrumb"},"inLanguage":"fr-FR","potentialAction":[{"@type":"ReadAction","target":["https:\/\/www.webdo.tn\/fr\/actualite\/sport\/la-coupe-du-monde-c-est-aussi-une-histoire-de-ballons-voici-leurs-histoires\/199141\/"]}]},{"@type":"ImageObject","inLanguage":"fr-FR","@id":"https:\/\/www.webdo.tn\/fr\/actualite\/sport\/la-coupe-du-monde-c-est-aussi-une-histoire-de-ballons-voici-leurs-histoires\/199141\/#primaryimage","url":"https:\/\/www.webdo.tn\/fr\/wp-content\/uploads\/2022\/11\/f309abd15beed1e57aa8676fb02c8411.png","contentUrl":"https:\/\/www.webdo.tn\/fr\/wp-content\/uploads\/2022\/11\/f309abd15beed1e57aa8676fb02c8411.png","width":750,"height":400,"caption":"Ballons coupe du monde"},{"@type":"BreadcrumbList","@id":"https:\/\/www.webdo.tn\/fr\/actualite\/sport\/la-coupe-du-monde-c-est-aussi-une-histoire-de-ballons-voici-leurs-histoires\/199141\/#breadcrumb","itemListElement":[{"@type":"ListItem","position":1,"name":"Accueil","item":"https:\/\/www.webdo.tn\/fr\/"},{"@type":"ListItem","position":2,"name":"La Coupe du monde c\u2019est aussi une histoire de ballons !"}]},{"@type":"WebSite","@id":"https:\/\/www.webdo.tn\/fr\/#website","url":"https:\/\/www.webdo.tn\/fr\/","name":"webdo","description":"Tunisie - News en Tunisie et \u00e0 l&#039;international sur Webdo.tn","publisher":{"@id":"https:\/\/www.webdo.tn\/fr\/#organization"},"potentialAction":[{"@type":"SearchAction","target":{"@type":"EntryPoint","urlTemplate":"https:\/\/www.webdo.tn\/fr\/?s={search_term_string}"},"query-input":{"@type":"PropertyValueSpecification","valueRequired":true,"valueName":"search_term_string"}}],"inLanguage":"fr-FR"},{"@type":"Organization","@id":"https:\/\/www.webdo.tn\/fr\/#organization","name":"Webdo","alternateName":"Webdo.tn","url":"https:\/\/www.webdo.tn\/fr\/","logo":{"@type":"ImageObject","inLanguage":"fr-FR","@id":"https:\/\/www.webdo.tn\/fr\/#\/schema\/logo\/image\/","url":"https:\/\/www.webdo.tn\/fr\/wp-content\/uploads\/2025\/06\/Webdo-Tunisie_168377.jpg","contentUrl":"https:\/\/www.webdo.tn\/fr\/wp-content\/uploads\/2025\/06\/Webdo-Tunisie_168377.jpg","width":301,"height":301,"caption":"Webdo"},"image":{"@id":"https:\/\/www.webdo.tn\/fr\/#\/schema\/logo\/image\/"},"sameAs":["https:\/\/www.facebook.com\/webdotn","https:\/\/x.com\/webdo_tn"],"description":"Webdo est un m\u00e9dia num\u00e9rique tunisien fond\u00e9 en 2010, sp\u00e9cialis\u00e9 dans l\u2019actualit\u00e9 nationale et internationale, l\u2019\u00e9conomie, la soci\u00e9t\u00e9 et les analyses politiques. Le site s\u2019adresse \u00e0 un large public francophone et couvre l\u2019information tunisienne en temps r\u00e9el.","email":"redac@webdo.tn","legalName":"YNJ SARL","foundingDate":"2010-09-06","numberOfEmployees":{"@type":"QuantitativeValue","minValue":"11","maxValue":"50"}},{"@type":"Person","@id":"https:\/\/www.webdo.tn\/fr\/#\/schema\/person\/c3a9d32fa6d495ca5f4b6510e3db97bf","name":"MK","image":{"@type":"ImageObject","inLanguage":"fr-FR","@id":"https:\/\/secure.gravatar.com\/avatar\/6d44f937f19929f3b75db77056d3e08abd6e302e71bcfea340cd8b00c13e7baf?s=96&d=mm&r=g","url":"https:\/\/secure.gravatar.com\/avatar\/6d44f937f19929f3b75db77056d3e08abd6e302e71bcfea340cd8b00c13e7baf?s=96&d=mm&r=g","contentUrl":"https:\/\/secure.gravatar.com\/avatar\/6d44f937f19929f3b75db77056d3e08abd6e302e71bcfea340cd8b00c13e7baf?s=96&d=mm&r=g","caption":"MK"},"url":"https:\/\/www.webdo.tn\/fr\/actualite\/author\/mk\/"}]}},"_links":{"self":[{"href":"https:\/\/www.webdo.tn\/fr\/wp-json\/wp\/v2\/posts\/199141","targetHints":{"allow":["GET"]}}],"collection":[{"href":"https:\/\/www.webdo.tn\/fr\/wp-json\/wp\/v2\/posts"}],"about":[{"href":"https:\/\/www.webdo.tn\/fr\/wp-json\/wp\/v2\/types\/post"}],"author":[{"embeddable":true,"href":"https:\/\/www.webdo.tn\/fr\/wp-json\/wp\/v2\/users\/3196"}],"replies":[{"embeddable":true,"href":"https:\/\/www.webdo.tn\/fr\/wp-json\/wp\/v2\/comments?post=199141"}],"version-history":[{"count":0,"href":"https:\/\/www.webdo.tn\/fr\/wp-json\/wp\/v2\/posts\/199141\/revisions"}],"wp:featuredmedia":[{"embeddable":true,"href":"https:\/\/www.webdo.tn\/fr\/wp-json\/wp\/v2\/media\/277275"}],"wp:attachment":[{"href":"https:\/\/www.webdo.tn\/fr\/wp-json\/wp\/v2\/media?parent=199141"}],"wp:term":[{"taxonomy":"category","embeddable":true,"href":"https:\/\/www.webdo.tn\/fr\/wp-json\/wp\/v2\/categories?post=199141"},{"taxonomy":"post_tag","embeddable":true,"href":"https:\/\/www.webdo.tn\/fr\/wp-json\/wp\/v2\/tags?post=199141"}],"curies":[{"name":"wp","href":"https:\/\/api.w.org\/{rel}","templated":true}]}}