{"id":199132,"date":"2022-11-18T18:06:00","date_gmt":"2022-11-18T18:06:00","guid":{"rendered":"https:\/\/www.webdo.tn\/fr\/blog\/saied-a-djerba-ceux-qui-ont-tente-de-saboter-le-sommet-ont-echoue\/199132\/"},"modified":"2025-05-20T22:47:59","modified_gmt":"2025-05-20T22:47:59","slug":"saied-a-djerba-ceux-qui-ont-tente-de-saboter-le-sommet-ont-echoue","status":"publish","type":"post","link":"https:\/\/www.webdo.tn\/fr\/actualite\/national\/saied-a-djerba-ceux-qui-ont-tente-de-saboter-le-sommet-ont-echoue\/199132\/","title":{"rendered":"Saied \u00e0 Djerba : \u00ab Ceux qui ont tent\u00e9 de saboter le Sommet ont \u00e9chou\u00e9 \u00bb"},"content":{"rendered":"<p>Le pr\u00e9sident de la R\u00e9publique s\u2019est rendu ce vendredi 18 novembre 2022 \u00e0 Djerba o\u00f9 il a visit\u00e9 le village francophone en marge du sommet de la Francophonie organis\u00e9 les 19 et 20 novembre courant.<\/p>\n<p>Le pr\u00e9sident de la R\u00e9publique a, dans des d\u00e9clarations m\u00e9diatiques fait part de tentatives visant \u00e0 saboter les travaux de ce Sommet. \u00ab Ceux qui ont voulu saboter ce Sommet ils savent maintenant qu\u2019ils ont \u00e9chou\u00e9 \u00bb, a-t-il insist\u00e9.\u00a0<\/p>\n<p>Evoquant les \u00e9v\u00e8nements dans le gouvernorat de Zarzis, Kais Saied a appel\u00e9 ses habitants \u00e0 patienter \u00ab car la v\u00e9rit\u00e9 ne va plus tarder \u00bb.\u00a0<br \/>\nLe ministre des Affaires \u00e9trang\u00e8res, de la Migration, et des Tunisiens de l\u2019\u00e9tranger, Othman Jerandi, a indiqu\u00e9 que plus de 60 chefs d\u2019Etat, de gouvernement et de ministres ont confirm\u00e9 leur participation au sommet de la Francophonie, qui se tiendra demain et dimanche \u00e0 Djerba.<\/p>\n<p>Au total, 89 d\u00e9l\u00e9gations des \u00c9tats membres de l&rsquo;Organisation internationale de la Francophonie (OIF) et des organisations internationales et r\u00e9gionales, ont confirm\u00e9 leur participation au 18e sommet de la Francophonie.<\/p>\n<p>Seront ainsi pr\u00e9sents \u00e0 Djerba pour participer aux assises de l\u2019OIF, 31 Chefs d&rsquo;Etat et de Gouvernement de pays membre de l\u2019OIF, dont Emmanuel Macron et Justin Trudeau, cinq secr\u00e9taires d&rsquo;\u00c9tat adjoints, des ministres des Affaires \u00e9trang\u00e8res, des ministres charg\u00e9s de la Francophonie, des ambassadeurs, en plus de sept secr\u00e9taires g\u00e9n\u00e9raux d&rsquo;organisations r\u00e9gionales et internationales.<\/p>\n","protected":false},"excerpt":{"rendered":"<p>Le pr\u00e9sident de la R\u00e9publique s\u2019est rendu ce vendredi 18 novembre 2022 \u00e0 Djerba o\u00f9 il a visit\u00e9 le village francophone en marge du sommet de la Francophonie orga&#8230;<\/p>\n","protected":false},"author":3175,"featured_media":277274,"comment_status":"open","ping_status":"closed","sticky":false,"template":"","format":"standard","meta":{"footnotes":""},"categories":[44],"tags":[2614,5518,2608],"class_list":["post-199132","post","type-post","status-publish","format-standard","has-post-thumbnail","hentry","category-national","tag-kais-saied","tag-sommet-de-la-francophonie","tag-tunisie"],"yoast_head":"<!-- This site is optimized with the Yoast SEO Premium plugin v27.5 (Yoast SEO v27.5) - https:\/\/yoast.com\/product\/yoast-seo-premium-wordpress\/ -->\n<title>Saied \u00e0 Djerba : \u00ab Ceux qui ont tent\u00e9 de saboter le Sommet ont \u00e9chou\u00e9 \u00bb<\/title>\n<meta name=\"description\" content=\"Le pr\u00e9sident de la R\u00e9publique s\u2019est rendu ce vendredi 18 novembre 2022 \u00e0 Djerba o\u00f9 il a visit\u00e9 le village francophone en marge du sommet de la Francophonie orga...\" \/>\n<link rel=\"canonical\" href=\"https:\/\/www.webdo.tn\/fr\/actualite\/national\/saied-a-djerba-ceux-qui-ont-tente-de-saboter-le-sommet-ont-echoue\/199132\/\" \/>\n<meta property=\"og:locale\" content=\"fr_FR\" \/>\n<meta property=\"og:type\" content=\"article\" \/>\n<meta property=\"og:title\" content=\"Saied \u00e0 Djerba : \u00ab Ceux qui ont tent\u00e9 de saboter le Sommet ont \u00e9chou\u00e9 \u00bb\" \/>\n<meta property=\"og:description\" content=\"Le pr\u00e9sident de la R\u00e9publique s\u2019est rendu ce vendredi 18 novembre 2022 \u00e0 Djerba o\u00f9 il a visit\u00e9 le village francophone en marge du sommet de la Francophonie orga...\" \/>\n<meta property=\"og:url\" content=\"https:\/\/www.webdo.tn\/fr\/actualite\/national\/saied-a-djerba-ceux-qui-ont-tente-de-saboter-le-sommet-ont-echoue\/199132\/\" \/>\n<meta property=\"og:site_name\" content=\"webdo\" \/>\n<meta property=\"article:publisher\" content=\"https:\/\/www.facebook.com\/webdotn\" \/>\n<meta property=\"article:published_time\" content=\"2022-11-18T18:06:00+00:00\" \/>\n<meta property=\"article:modified_time\" content=\"2025-05-20T22:47:59+00:00\" \/>\n<meta property=\"og:image\" content=\"https:\/\/www.webdo.tn\/fr\/wp-content\/uploads\/2022\/11\/5ac03b0379b7b9928d4a4a40c85c378a.jpg\" \/>\n\t<meta property=\"og:image:width\" content=\"750\" \/>\n\t<meta property=\"og:image:height\" content=\"400\" \/>\n\t<meta property=\"og:image:type\" content=\"image\/jpeg\" \/>\n<meta name=\"author\" content=\"CL\" \/>\n<meta name=\"twitter:card\" content=\"summary_large_image\" \/>\n<meta name=\"twitter:creator\" content=\"@webdo_tn\" \/>\n<meta name=\"twitter:site\" content=\"@webdo_tn\" \/>\n<meta name=\"twitter:label1\" content=\"\u00c9crit par\" \/>\n\t<meta name=\"twitter:data1\" content=\"CL\" \/>\n\t<meta name=\"twitter:label2\" content=\"Dur\u00e9e de lecture estim\u00e9e\" \/>\n\t<meta name=\"twitter:data2\" content=\"1 minute\" \/>\n<script type=\"application\/ld+json\" class=\"yoast-schema-graph\">{\"@context\":\"https:\\\/\\\/schema.org\",\"@graph\":[{\"@type\":\"NewsArticle\",\"@id\":\"https:\\\/\\\/www.webdo.tn\\\/fr\\\/actualite\\\/national\\\/saied-a-djerba-ceux-qui-ont-tente-de-saboter-le-sommet-ont-echoue\\\/199132\\\/#article\",\"isPartOf\":{\"@id\":\"https:\\\/\\\/www.webdo.tn\\\/fr\\\/actualite\\\/national\\\/saied-a-djerba-ceux-qui-ont-tente-de-saboter-le-sommet-ont-echoue\\\/199132\\\/\"},\"author\":{\"name\":\"CL\",\"@id\":\"https:\\\/\\\/www.webdo.tn\\\/fr\\\/#\\\/schema\\\/person\\\/f35b42a42c5e2511bbd282959d6385cc\"},\"headline\":\"Saied \u00e0 Djerba : \u00ab Ceux qui ont tent\u00e9 de saboter le Sommet ont \u00e9chou\u00e9 \u00bb\",\"datePublished\":\"2022-11-18T18:06:00+00:00\",\"dateModified\":\"2025-05-20T22:47:59+00:00\",\"mainEntityOfPage\":{\"@id\":\"https:\\\/\\\/www.webdo.tn\\\/fr\\\/actualite\\\/national\\\/saied-a-djerba-ceux-qui-ont-tente-de-saboter-le-sommet-ont-echoue\\\/199132\\\/\"},\"wordCount\":255,\"commentCount\":0,\"publisher\":{\"@id\":\"https:\\\/\\\/www.webdo.tn\\\/fr\\\/#organization\"},\"image\":{\"@id\":\"https:\\\/\\\/www.webdo.tn\\\/fr\\\/actualite\\\/national\\\/saied-a-djerba-ceux-qui-ont-tente-de-saboter-le-sommet-ont-echoue\\\/199132\\\/#primaryimage\"},\"thumbnailUrl\":\"https:\\\/\\\/www.webdo.tn\\\/fr\\\/wp-content\\\/uploads\\\/2022\\\/11\\\/5ac03b0379b7b9928d4a4a40c85c378a.jpg\",\"keywords\":[\"Kais Saied\",\"Sommet de la Francophonie\",\"Tunisie\"],\"articleSection\":[\"National\"],\"inLanguage\":\"fr-FR\"},{\"@type\":\"WebPage\",\"@id\":\"https:\\\/\\\/www.webdo.tn\\\/fr\\\/actualite\\\/national\\\/saied-a-djerba-ceux-qui-ont-tente-de-saboter-le-sommet-ont-echoue\\\/199132\\\/\",\"url\":\"https:\\\/\\\/www.webdo.tn\\\/fr\\\/actualite\\\/national\\\/saied-a-djerba-ceux-qui-ont-tente-de-saboter-le-sommet-ont-echoue\\\/199132\\\/\",\"name\":\"Saied \u00e0 Djerba : \u00ab Ceux qui ont tent\u00e9 de saboter le Sommet ont \u00e9chou\u00e9 \u00bb\",\"isPartOf\":{\"@id\":\"https:\\\/\\\/www.webdo.tn\\\/fr\\\/#website\"},\"primaryImageOfPage\":{\"@id\":\"https:\\\/\\\/www.webdo.tn\\\/fr\\\/actualite\\\/national\\\/saied-a-djerba-ceux-qui-ont-tente-de-saboter-le-sommet-ont-echoue\\\/199132\\\/#primaryimage\"},\"image\":{\"@id\":\"https:\\\/\\\/www.webdo.tn\\\/fr\\\/actualite\\\/national\\\/saied-a-djerba-ceux-qui-ont-tente-de-saboter-le-sommet-ont-echoue\\\/199132\\\/#primaryimage\"},\"thumbnailUrl\":\"https:\\\/\\\/www.webdo.tn\\\/fr\\\/wp-content\\\/uploads\\\/2022\\\/11\\\/5ac03b0379b7b9928d4a4a40c85c378a.jpg\",\"datePublished\":\"2022-11-18T18:06:00+00:00\",\"dateModified\":\"2025-05-20T22:47:59+00:00\",\"description\":\"Le pr\u00e9sident de la R\u00e9publique s\u2019est rendu ce vendredi 18 novembre 2022 \u00e0 Djerba o\u00f9 il a visit\u00e9 le village francophone en marge du sommet de la Francophonie orga...\",\"breadcrumb\":{\"@id\":\"https:\\\/\\\/www.webdo.tn\\\/fr\\\/actualite\\\/national\\\/saied-a-djerba-ceux-qui-ont-tente-de-saboter-le-sommet-ont-echoue\\\/199132\\\/#breadcrumb\"},\"inLanguage\":\"fr-FR\",\"potentialAction\":[{\"@type\":\"ReadAction\",\"target\":[\"https:\\\/\\\/www.webdo.tn\\\/fr\\\/actualite\\\/national\\\/saied-a-djerba-ceux-qui-ont-tente-de-saboter-le-sommet-ont-echoue\\\/199132\\\/\"]}]},{\"@type\":\"ImageObject\",\"inLanguage\":\"fr-FR\",\"@id\":\"https:\\\/\\\/www.webdo.tn\\\/fr\\\/actualite\\\/national\\\/saied-a-djerba-ceux-qui-ont-tente-de-saboter-le-sommet-ont-echoue\\\/199132\\\/#primaryimage\",\"url\":\"https:\\\/\\\/www.webdo.tn\\\/fr\\\/wp-content\\\/uploads\\\/2022\\\/11\\\/5ac03b0379b7b9928d4a4a40c85c378a.jpg\",\"contentUrl\":\"https:\\\/\\\/www.webdo.tn\\\/fr\\\/wp-content\\\/uploads\\\/2022\\\/11\\\/5ac03b0379b7b9928d4a4a40c85c378a.jpg\",\"width\":750,\"height\":400,\"caption\":\"Kais Saied\"},{\"@type\":\"BreadcrumbList\",\"@id\":\"https:\\\/\\\/www.webdo.tn\\\/fr\\\/actualite\\\/national\\\/saied-a-djerba-ceux-qui-ont-tente-de-saboter-le-sommet-ont-echoue\\\/199132\\\/#breadcrumb\",\"itemListElement\":[{\"@type\":\"ListItem\",\"position\":1,\"name\":\"Accueil\",\"item\":\"https:\\\/\\\/www.webdo.tn\\\/fr\\\/\"},{\"@type\":\"ListItem\",\"position\":2,\"name\":\"Saied \u00e0 Djerba : \u00ab Ceux qui ont tent\u00e9 de saboter le Sommet ont \u00e9chou\u00e9 \u00bb\"}]},{\"@type\":\"WebSite\",\"@id\":\"https:\\\/\\\/www.webdo.tn\\\/fr\\\/#website\",\"url\":\"https:\\\/\\\/www.webdo.tn\\\/fr\\\/\",\"name\":\"webdo\",\"description\":\"Tunisie - News en Tunisie et \u00e0 l&#039;international sur Webdo.tn\",\"publisher\":{\"@id\":\"https:\\\/\\\/www.webdo.tn\\\/fr\\\/#organization\"},\"potentialAction\":[{\"@type\":\"SearchAction\",\"target\":{\"@type\":\"EntryPoint\",\"urlTemplate\":\"https:\\\/\\\/www.webdo.tn\\\/fr\\\/?s={search_term_string}\"},\"query-input\":{\"@type\":\"PropertyValueSpecification\",\"valueRequired\":true,\"valueName\":\"search_term_string\"}}],\"inLanguage\":\"fr-FR\"},{\"@type\":\"Organization\",\"@id\":\"https:\\\/\\\/www.webdo.tn\\\/fr\\\/#organization\",\"name\":\"Webdo\",\"alternateName\":\"Webdo.tn\",\"url\":\"https:\\\/\\\/www.webdo.tn\\\/fr\\\/\",\"logo\":{\"@type\":\"ImageObject\",\"inLanguage\":\"fr-FR\",\"@id\":\"https:\\\/\\\/www.webdo.tn\\\/fr\\\/#\\\/schema\\\/logo\\\/image\\\/\",\"url\":\"https:\\\/\\\/www.webdo.tn\\\/fr\\\/wp-content\\\/uploads\\\/2025\\\/06\\\/Webdo-Tunisie_168377.jpg\",\"contentUrl\":\"https:\\\/\\\/www.webdo.tn\\\/fr\\\/wp-content\\\/uploads\\\/2025\\\/06\\\/Webdo-Tunisie_168377.jpg\",\"width\":301,\"height\":301,\"caption\":\"Webdo\"},\"image\":{\"@id\":\"https:\\\/\\\/www.webdo.tn\\\/fr\\\/#\\\/schema\\\/logo\\\/image\\\/\"},\"sameAs\":[\"https:\\\/\\\/www.facebook.com\\\/webdotn\",\"https:\\\/\\\/x.com\\\/webdo_tn\"],\"description\":\"Webdo est un m\u00e9dia num\u00e9rique tunisien fond\u00e9 en 2010, sp\u00e9cialis\u00e9 dans l\u2019actualit\u00e9 nationale et internationale, l\u2019\u00e9conomie, la soci\u00e9t\u00e9 et les analyses politiques. Le site s\u2019adresse \u00e0 un large public francophone et couvre l\u2019information tunisienne en temps r\u00e9el.\",\"email\":\"redac@webdo.tn\",\"legalName\":\"YNJ SARL\",\"foundingDate\":\"2010-09-06\",\"numberOfEmployees\":{\"@type\":\"QuantitativeValue\",\"minValue\":\"11\",\"maxValue\":\"50\"}},{\"@type\":\"Person\",\"@id\":\"https:\\\/\\\/www.webdo.tn\\\/fr\\\/#\\\/schema\\\/person\\\/f35b42a42c5e2511bbd282959d6385cc\",\"name\":\"CL\",\"image\":{\"@type\":\"ImageObject\",\"inLanguage\":\"fr-FR\",\"@id\":\"https:\\\/\\\/secure.gravatar.com\\\/avatar\\\/1447a49909b67aa657c488aec6512e1dd6143a480c1ecfee9b5b5cd74eb3b59e?s=96&d=mm&r=g\",\"url\":\"https:\\\/\\\/secure.gravatar.com\\\/avatar\\\/1447a49909b67aa657c488aec6512e1dd6143a480c1ecfee9b5b5cd74eb3b59e?s=96&d=mm&r=g\",\"contentUrl\":\"https:\\\/\\\/secure.gravatar.com\\\/avatar\\\/1447a49909b67aa657c488aec6512e1dd6143a480c1ecfee9b5b5cd74eb3b59e?s=96&d=mm&r=g\",\"caption\":\"CL\"},\"url\":\"https:\\\/\\\/www.webdo.tn\\\/fr\\\/actualite\\\/author\\\/cl\\\/\"}]}<\/script>\n<!-- \/ Yoast SEO Premium plugin. -->","yoast_head_json":{"title":"Saied \u00e0 Djerba : \u00ab Ceux qui ont tent\u00e9 de saboter le Sommet ont \u00e9chou\u00e9 \u00bb","description":"Le pr\u00e9sident de la R\u00e9publique s\u2019est rendu ce vendredi 18 novembre 2022 \u00e0 Djerba o\u00f9 il a visit\u00e9 le village francophone en marge du sommet de la Francophonie orga...","canonical":"https:\/\/www.webdo.tn\/fr\/actualite\/national\/saied-a-djerba-ceux-qui-ont-tente-de-saboter-le-sommet-ont-echoue\/199132\/","og_locale":"fr_FR","og_type":"article","og_title":"Saied \u00e0 Djerba : \u00ab Ceux qui ont tent\u00e9 de saboter le Sommet ont \u00e9chou\u00e9 \u00bb","og_description":"Le pr\u00e9sident de la R\u00e9publique s\u2019est rendu ce vendredi 18 novembre 2022 \u00e0 Djerba o\u00f9 il a visit\u00e9 le village francophone en marge du sommet de la Francophonie orga...","og_url":"https:\/\/www.webdo.tn\/fr\/actualite\/national\/saied-a-djerba-ceux-qui-ont-tente-de-saboter-le-sommet-ont-echoue\/199132\/","og_site_name":"webdo","article_publisher":"https:\/\/www.facebook.com\/webdotn","article_published_time":"2022-11-18T18:06:00+00:00","article_modified_time":"2025-05-20T22:47:59+00:00","og_image":[{"width":750,"height":400,"url":"https:\/\/www.webdo.tn\/fr\/wp-content\/uploads\/2022\/11\/5ac03b0379b7b9928d4a4a40c85c378a.jpg","type":"image\/jpeg"}],"author":"CL","twitter_card":"summary_large_image","twitter_creator":"@webdo_tn","twitter_site":"@webdo_tn","twitter_misc":{"\u00c9crit par":"CL","Dur\u00e9e de lecture estim\u00e9e":"1 minute"},"schema":{"@context":"https:\/\/schema.org","@graph":[{"@type":"NewsArticle","@id":"https:\/\/www.webdo.tn\/fr\/actualite\/national\/saied-a-djerba-ceux-qui-ont-tente-de-saboter-le-sommet-ont-echoue\/199132\/#article","isPartOf":{"@id":"https:\/\/www.webdo.tn\/fr\/actualite\/national\/saied-a-djerba-ceux-qui-ont-tente-de-saboter-le-sommet-ont-echoue\/199132\/"},"author":{"name":"CL","@id":"https:\/\/www.webdo.tn\/fr\/#\/schema\/person\/f35b42a42c5e2511bbd282959d6385cc"},"headline":"Saied \u00e0 Djerba : \u00ab Ceux qui ont tent\u00e9 de saboter le Sommet ont \u00e9chou\u00e9 \u00bb","datePublished":"2022-11-18T18:06:00+00:00","dateModified":"2025-05-20T22:47:59+00:00","mainEntityOfPage":{"@id":"https:\/\/www.webdo.tn\/fr\/actualite\/national\/saied-a-djerba-ceux-qui-ont-tente-de-saboter-le-sommet-ont-echoue\/199132\/"},"wordCount":255,"commentCount":0,"publisher":{"@id":"https:\/\/www.webdo.tn\/fr\/#organization"},"image":{"@id":"https:\/\/www.webdo.tn\/fr\/actualite\/national\/saied-a-djerba-ceux-qui-ont-tente-de-saboter-le-sommet-ont-echoue\/199132\/#primaryimage"},"thumbnailUrl":"https:\/\/www.webdo.tn\/fr\/wp-content\/uploads\/2022\/11\/5ac03b0379b7b9928d4a4a40c85c378a.jpg","keywords":["Kais Saied","Sommet de la Francophonie","Tunisie"],"articleSection":["National"],"inLanguage":"fr-FR"},{"@type":"WebPage","@id":"https:\/\/www.webdo.tn\/fr\/actualite\/national\/saied-a-djerba-ceux-qui-ont-tente-de-saboter-le-sommet-ont-echoue\/199132\/","url":"https:\/\/www.webdo.tn\/fr\/actualite\/national\/saied-a-djerba-ceux-qui-ont-tente-de-saboter-le-sommet-ont-echoue\/199132\/","name":"Saied \u00e0 Djerba : \u00ab Ceux qui ont tent\u00e9 de saboter le Sommet ont \u00e9chou\u00e9 \u00bb","isPartOf":{"@id":"https:\/\/www.webdo.tn\/fr\/#website"},"primaryImageOfPage":{"@id":"https:\/\/www.webdo.tn\/fr\/actualite\/national\/saied-a-djerba-ceux-qui-ont-tente-de-saboter-le-sommet-ont-echoue\/199132\/#primaryimage"},"image":{"@id":"https:\/\/www.webdo.tn\/fr\/actualite\/national\/saied-a-djerba-ceux-qui-ont-tente-de-saboter-le-sommet-ont-echoue\/199132\/#primaryimage"},"thumbnailUrl":"https:\/\/www.webdo.tn\/fr\/wp-content\/uploads\/2022\/11\/5ac03b0379b7b9928d4a4a40c85c378a.jpg","datePublished":"2022-11-18T18:06:00+00:00","dateModified":"2025-05-20T22:47:59+00:00","description":"Le pr\u00e9sident de la R\u00e9publique s\u2019est rendu ce vendredi 18 novembre 2022 \u00e0 Djerba o\u00f9 il a visit\u00e9 le village francophone en marge du sommet de la Francophonie orga...","breadcrumb":{"@id":"https:\/\/www.webdo.tn\/fr\/actualite\/national\/saied-a-djerba-ceux-qui-ont-tente-de-saboter-le-sommet-ont-echoue\/199132\/#breadcrumb"},"inLanguage":"fr-FR","potentialAction":[{"@type":"ReadAction","target":["https:\/\/www.webdo.tn\/fr\/actualite\/national\/saied-a-djerba-ceux-qui-ont-tente-de-saboter-le-sommet-ont-echoue\/199132\/"]}]},{"@type":"ImageObject","inLanguage":"fr-FR","@id":"https:\/\/www.webdo.tn\/fr\/actualite\/national\/saied-a-djerba-ceux-qui-ont-tente-de-saboter-le-sommet-ont-echoue\/199132\/#primaryimage","url":"https:\/\/www.webdo.tn\/fr\/wp-content\/uploads\/2022\/11\/5ac03b0379b7b9928d4a4a40c85c378a.jpg","contentUrl":"https:\/\/www.webdo.tn\/fr\/wp-content\/uploads\/2022\/11\/5ac03b0379b7b9928d4a4a40c85c378a.jpg","width":750,"height":400,"caption":"Kais Saied"},{"@type":"BreadcrumbList","@id":"https:\/\/www.webdo.tn\/fr\/actualite\/national\/saied-a-djerba-ceux-qui-ont-tente-de-saboter-le-sommet-ont-echoue\/199132\/#breadcrumb","itemListElement":[{"@type":"ListItem","position":1,"name":"Accueil","item":"https:\/\/www.webdo.tn\/fr\/"},{"@type":"ListItem","position":2,"name":"Saied \u00e0 Djerba : \u00ab Ceux qui ont tent\u00e9 de saboter le Sommet ont \u00e9chou\u00e9 \u00bb"}]},{"@type":"WebSite","@id":"https:\/\/www.webdo.tn\/fr\/#website","url":"https:\/\/www.webdo.tn\/fr\/","name":"webdo","description":"Tunisie - News en Tunisie et \u00e0 l&#039;international sur Webdo.tn","publisher":{"@id":"https:\/\/www.webdo.tn\/fr\/#organization"},"potentialAction":[{"@type":"SearchAction","target":{"@type":"EntryPoint","urlTemplate":"https:\/\/www.webdo.tn\/fr\/?s={search_term_string}"},"query-input":{"@type":"PropertyValueSpecification","valueRequired":true,"valueName":"search_term_string"}}],"inLanguage":"fr-FR"},{"@type":"Organization","@id":"https:\/\/www.webdo.tn\/fr\/#organization","name":"Webdo","alternateName":"Webdo.tn","url":"https:\/\/www.webdo.tn\/fr\/","logo":{"@type":"ImageObject","inLanguage":"fr-FR","@id":"https:\/\/www.webdo.tn\/fr\/#\/schema\/logo\/image\/","url":"https:\/\/www.webdo.tn\/fr\/wp-content\/uploads\/2025\/06\/Webdo-Tunisie_168377.jpg","contentUrl":"https:\/\/www.webdo.tn\/fr\/wp-content\/uploads\/2025\/06\/Webdo-Tunisie_168377.jpg","width":301,"height":301,"caption":"Webdo"},"image":{"@id":"https:\/\/www.webdo.tn\/fr\/#\/schema\/logo\/image\/"},"sameAs":["https:\/\/www.facebook.com\/webdotn","https:\/\/x.com\/webdo_tn"],"description":"Webdo est un m\u00e9dia num\u00e9rique tunisien fond\u00e9 en 2010, sp\u00e9cialis\u00e9 dans l\u2019actualit\u00e9 nationale et internationale, l\u2019\u00e9conomie, la soci\u00e9t\u00e9 et les analyses politiques. Le site s\u2019adresse \u00e0 un large public francophone et couvre l\u2019information tunisienne en temps r\u00e9el.","email":"redac@webdo.tn","legalName":"YNJ SARL","foundingDate":"2010-09-06","numberOfEmployees":{"@type":"QuantitativeValue","minValue":"11","maxValue":"50"}},{"@type":"Person","@id":"https:\/\/www.webdo.tn\/fr\/#\/schema\/person\/f35b42a42c5e2511bbd282959d6385cc","name":"CL","image":{"@type":"ImageObject","inLanguage":"fr-FR","@id":"https:\/\/secure.gravatar.com\/avatar\/1447a49909b67aa657c488aec6512e1dd6143a480c1ecfee9b5b5cd74eb3b59e?s=96&d=mm&r=g","url":"https:\/\/secure.gravatar.com\/avatar\/1447a49909b67aa657c488aec6512e1dd6143a480c1ecfee9b5b5cd74eb3b59e?s=96&d=mm&r=g","contentUrl":"https:\/\/secure.gravatar.com\/avatar\/1447a49909b67aa657c488aec6512e1dd6143a480c1ecfee9b5b5cd74eb3b59e?s=96&d=mm&r=g","caption":"CL"},"url":"https:\/\/www.webdo.tn\/fr\/actualite\/author\/cl\/"}]}},"_links":{"self":[{"href":"https:\/\/www.webdo.tn\/fr\/wp-json\/wp\/v2\/posts\/199132","targetHints":{"allow":["GET"]}}],"collection":[{"href":"https:\/\/www.webdo.tn\/fr\/wp-json\/wp\/v2\/posts"}],"about":[{"href":"https:\/\/www.webdo.tn\/fr\/wp-json\/wp\/v2\/types\/post"}],"author":[{"embeddable":true,"href":"https:\/\/www.webdo.tn\/fr\/wp-json\/wp\/v2\/users\/3175"}],"replies":[{"embeddable":true,"href":"https:\/\/www.webdo.tn\/fr\/wp-json\/wp\/v2\/comments?post=199132"}],"version-history":[{"count":0,"href":"https:\/\/www.webdo.tn\/fr\/wp-json\/wp\/v2\/posts\/199132\/revisions"}],"wp:featuredmedia":[{"embeddable":true,"href":"https:\/\/www.webdo.tn\/fr\/wp-json\/wp\/v2\/media\/277274"}],"wp:attachment":[{"href":"https:\/\/www.webdo.tn\/fr\/wp-json\/wp\/v2\/media?parent=199132"}],"wp:term":[{"taxonomy":"category","embeddable":true,"href":"https:\/\/www.webdo.tn\/fr\/wp-json\/wp\/v2\/categories?post=199132"},{"taxonomy":"post_tag","embeddable":true,"href":"https:\/\/www.webdo.tn\/fr\/wp-json\/wp\/v2\/tags?post=199132"}],"curies":[{"name":"wp","href":"https:\/\/api.w.org\/{rel}","templated":true}]}}