{"id":199127,"date":"2022-11-18T15:12:00","date_gmt":"2022-11-18T15:12:00","guid":{"rendered":"https:\/\/www.webdo.tn\/fr\/actualite\/blog\/sommet-de-la-francophonie-89-delegations-attendues-a-djerba\/199127\/"},"modified":"2025-05-22T11:44:00","modified_gmt":"2025-05-22T11:44:00","slug":"sommet-de-la-francophonie-89-delegations-attendues-a-djerba","status":"publish","type":"post","link":"https:\/\/www.webdo.tn\/fr\/actualite\/national\/sommet-de-la-francophonie-89-delegations-attendues-a-djerba\/199127\/","title":{"rendered":"Sommet de la francophonie : 89 d\u00e9l\u00e9gations attendues \u00e0 Djerba"},"content":{"rendered":"<p>Le ministre des Affaires \u00e9trang\u00e8res, de la Migration, et des Tunisiens de l\u2019\u00e9tranger, Othman Jerandi, a indiqu\u00e9 que plus de 60 chefs d\u2019Etat, de gouvernement et de ministres ont confirm\u00e9 leur participation au sommet de la Francophonie, qui se tiendra demain et dimanche \u00e0 Djerba.<\/p>\n<p> Au total, 89 d\u00e9l\u00e9gations des \u00c9tats membres de l&rsquo;Organisation internationale de la Francophonie (OIF) et des organisations internationales et r\u00e9gionales, ont confirm\u00e9 leur participation au 18e sommet de la Francophonie.<\/p>\n<p>Seront ainsi pr\u00e9sents \u00e0 Djerba pour participer aux assises de l\u2019OIF, 31 Chefs d&rsquo;Etat et de Gouvernement de pays membre de l\u2019OIF, dont Emmanuel Macron et Justin Trudeau, cinq secr\u00e9taires d&rsquo;\u00c9tat adjoints, des ministres des Affaires \u00e9trang\u00e8res, des ministres charg\u00e9s de la Francophonie, des ambassadeurs, en plus de sept secr\u00e9taires g\u00e9n\u00e9raux d&rsquo;organisations r\u00e9gionales et internationales.<\/p>\n<p>L\u2019OIF compte 88 \u00c9tats et gouvernements : 54 membres, 7 membres associ\u00e9s et 27 observateurs. Candidate unique \u00e0 sa succession, la Rwandaise Louise Mushikiwabo est assur\u00e9e d&rsquo;\u00eatre r\u00e9\u00e9lue pour un nouveau mandat de quatre ans comme secr\u00e9taire g\u00e9n\u00e9rale de l&rsquo;OIF, un espace de 321 millions de francophones.<\/p>\n","protected":false},"excerpt":{"rendered":"<p>Le ministre des Affaires \u00e9trang\u00e8res, de la Migration, et des Tunisiens de l\u2019\u00e9tranger, Othman Jerandi, a indiqu\u00e9 que plus de 60 chefs d\u2019Etat, de gouvernement et&#8230;<\/p>\n","protected":false},"author":3162,"featured_media":348579,"comment_status":"open","ping_status":"closed","sticky":false,"template":"","format":"standard","meta":{"footnotes":""},"categories":[44],"tags":[3696,9009,4539],"class_list":["post-199127","post","type-post","status-publish","format-standard","has-post-thumbnail","hentry","category-national","tag-djerba","tag-francophonie","tag-sommet"],"yoast_head":"<!-- This site is optimized with the Yoast SEO Premium plugin v27.4 (Yoast SEO v27.5) - https:\/\/yoast.com\/product\/yoast-seo-premium-wordpress\/ -->\n<title>Sommet de la francophonie : 89 d\u00e9l\u00e9gations attendues \u00e0 Djerba<\/title>\n<meta name=\"description\" content=\"Le ministre des Affaires \u00e9trang\u00e8res, de la Migration, et des Tunisiens de l\u2019\u00e9tranger, Othman Jerandi, a indiqu\u00e9 que plus de 60 chefs d\u2019Etat, de gouvernement et...\" \/>\n<link rel=\"canonical\" href=\"https:\/\/www.webdo.tn\/fr\/actualite\/national-45\/sommet-de-la-francophonie-89-delegations-attendues-a-djerba\/199127\/\" \/>\n<meta property=\"og:locale\" content=\"fr_FR\" \/>\n<meta property=\"og:type\" content=\"article\" \/>\n<meta property=\"og:title\" content=\"Sommet de la francophonie : 89 d\u00e9l\u00e9gations attendues \u00e0 Djerba\" \/>\n<meta property=\"og:description\" content=\"Le ministre des Affaires \u00e9trang\u00e8res, de la Migration, et des Tunisiens de l\u2019\u00e9tranger, Othman Jerandi, a indiqu\u00e9 que plus de 60 chefs d\u2019Etat, de gouvernement et...\" \/>\n<meta property=\"og:url\" content=\"https:\/\/www.webdo.tn\/fr\/actualite\/national-45\/sommet-de-la-francophonie-89-delegations-attendues-a-djerba\/199127\/\" \/>\n<meta property=\"og:site_name\" content=\"webdo\" \/>\n<meta property=\"article:publisher\" content=\"https:\/\/www.facebook.com\/webdotn\" \/>\n<meta property=\"article:published_time\" content=\"2022-11-18T15:12:00+00:00\" \/>\n<meta property=\"article:modified_time\" content=\"2025-05-22T11:44:00+00:00\" \/>\n<meta property=\"og:image\" content=\"https:\/\/www.webdo.tn\/fr\/wp-content\/uploads\/2022\/11\/743f00781c25e14791e145edfb36315e.jpg\" \/>\n\t<meta property=\"og:image:width\" content=\"750\" \/>\n\t<meta property=\"og:image:height\" content=\"400\" \/>\n\t<meta property=\"og:image:type\" content=\"image\/jpeg\" \/>\n<meta name=\"author\" content=\"MC\" \/>\n<meta name=\"twitter:card\" content=\"summary_large_image\" \/>\n<meta name=\"twitter:creator\" content=\"@webdo_tn\" \/>\n<meta name=\"twitter:site\" content=\"@webdo_tn\" \/>\n<meta name=\"twitter:label1\" content=\"\u00c9crit par\" \/>\n\t<meta name=\"twitter:data1\" content=\"MC\" \/>\n\t<meta name=\"twitter:label2\" content=\"Dur\u00e9e de lecture estim\u00e9e\" \/>\n\t<meta name=\"twitter:data2\" content=\"1 minute\" \/>\n<script type=\"application\/ld+json\" class=\"yoast-schema-graph\">{\"@context\":\"https:\\\/\\\/schema.org\",\"@graph\":[{\"@type\":\"NewsArticle\",\"@id\":\"https:\\\/\\\/www.webdo.tn\\\/fr\\\/actualite\\\/national-45\\\/sommet-de-la-francophonie-89-delegations-attendues-a-djerba\\\/199127\\\/#article\",\"isPartOf\":{\"@id\":\"https:\\\/\\\/www.webdo.tn\\\/fr\\\/actualite\\\/national-45\\\/sommet-de-la-francophonie-89-delegations-attendues-a-djerba\\\/199127\\\/\"},\"author\":{\"name\":\"MC\",\"@id\":\"https:\\\/\\\/www.webdo.tn\\\/fr\\\/#\\\/schema\\\/person\\\/2c4929cbf5a809e3bd38617c6ce150f6\"},\"headline\":\"Sommet de la francophonie : 89 d\u00e9l\u00e9gations attendues \u00e0 Djerba\",\"datePublished\":\"2022-11-18T15:12:00+00:00\",\"dateModified\":\"2025-05-22T11:44:00+00:00\",\"mainEntityOfPage\":{\"@id\":\"https:\\\/\\\/www.webdo.tn\\\/fr\\\/actualite\\\/national-45\\\/sommet-de-la-francophonie-89-delegations-attendues-a-djerba\\\/199127\\\/\"},\"wordCount\":203,\"commentCount\":0,\"publisher\":{\"@id\":\"https:\\\/\\\/www.webdo.tn\\\/fr\\\/#organization\"},\"image\":{\"@id\":\"https:\\\/\\\/www.webdo.tn\\\/fr\\\/actualite\\\/national-45\\\/sommet-de-la-francophonie-89-delegations-attendues-a-djerba\\\/199127\\\/#primaryimage\"},\"thumbnailUrl\":\"https:\\\/\\\/www.webdo.tn\\\/fr\\\/wp-content\\\/uploads\\\/2022\\\/11\\\/743f00781c25e14791e145edfb36315e.jpg\",\"keywords\":[\"djerba\",\"francophonie\",\"sommet\"],\"articleSection\":[\"National\"],\"inLanguage\":\"fr-FR\"},{\"@type\":\"WebPage\",\"@id\":\"https:\\\/\\\/www.webdo.tn\\\/fr\\\/actualite\\\/national-45\\\/sommet-de-la-francophonie-89-delegations-attendues-a-djerba\\\/199127\\\/\",\"url\":\"https:\\\/\\\/www.webdo.tn\\\/fr\\\/actualite\\\/national-45\\\/sommet-de-la-francophonie-89-delegations-attendues-a-djerba\\\/199127\\\/\",\"name\":\"Sommet de la francophonie : 89 d\u00e9l\u00e9gations attendues \u00e0 Djerba\",\"isPartOf\":{\"@id\":\"https:\\\/\\\/www.webdo.tn\\\/fr\\\/#website\"},\"primaryImageOfPage\":{\"@id\":\"https:\\\/\\\/www.webdo.tn\\\/fr\\\/actualite\\\/national-45\\\/sommet-de-la-francophonie-89-delegations-attendues-a-djerba\\\/199127\\\/#primaryimage\"},\"image\":{\"@id\":\"https:\\\/\\\/www.webdo.tn\\\/fr\\\/actualite\\\/national-45\\\/sommet-de-la-francophonie-89-delegations-attendues-a-djerba\\\/199127\\\/#primaryimage\"},\"thumbnailUrl\":\"https:\\\/\\\/www.webdo.tn\\\/fr\\\/wp-content\\\/uploads\\\/2022\\\/11\\\/743f00781c25e14791e145edfb36315e.jpg\",\"datePublished\":\"2022-11-18T15:12:00+00:00\",\"dateModified\":\"2025-05-22T11:44:00+00:00\",\"description\":\"Le ministre des Affaires \u00e9trang\u00e8res, de la Migration, et des Tunisiens de l\u2019\u00e9tranger, Othman Jerandi, a indiqu\u00e9 que plus de 60 chefs d\u2019Etat, de gouvernement et...\",\"breadcrumb\":{\"@id\":\"https:\\\/\\\/www.webdo.tn\\\/fr\\\/actualite\\\/national-45\\\/sommet-de-la-francophonie-89-delegations-attendues-a-djerba\\\/199127\\\/#breadcrumb\"},\"inLanguage\":\"fr-FR\",\"potentialAction\":[{\"@type\":\"ReadAction\",\"target\":[\"https:\\\/\\\/www.webdo.tn\\\/fr\\\/actualite\\\/national-45\\\/sommet-de-la-francophonie-89-delegations-attendues-a-djerba\\\/199127\\\/\"]}]},{\"@type\":\"ImageObject\",\"inLanguage\":\"fr-FR\",\"@id\":\"https:\\\/\\\/www.webdo.tn\\\/fr\\\/actualite\\\/national-45\\\/sommet-de-la-francophonie-89-delegations-attendues-a-djerba\\\/199127\\\/#primaryimage\",\"url\":\"https:\\\/\\\/www.webdo.tn\\\/fr\\\/wp-content\\\/uploads\\\/2022\\\/11\\\/743f00781c25e14791e145edfb36315e.jpg\",\"contentUrl\":\"https:\\\/\\\/www.webdo.tn\\\/fr\\\/wp-content\\\/uploads\\\/2022\\\/11\\\/743f00781c25e14791e145edfb36315e.jpg\",\"width\":750,\"height\":400,\"caption\":\"Le 18\u00e8me sommet de la francophonie d\u00e9marre demain\"},{\"@type\":\"BreadcrumbList\",\"@id\":\"https:\\\/\\\/www.webdo.tn\\\/fr\\\/actualite\\\/national-45\\\/sommet-de-la-francophonie-89-delegations-attendues-a-djerba\\\/199127\\\/#breadcrumb\",\"itemListElement\":[{\"@type\":\"ListItem\",\"position\":1,\"name\":\"Accueil\",\"item\":\"https:\\\/\\\/www.webdo.tn\\\/fr\\\/\"},{\"@type\":\"ListItem\",\"position\":2,\"name\":\"Sommet de la francophonie : 89 d\u00e9l\u00e9gations attendues \u00e0 Djerba\"}]},{\"@type\":\"WebSite\",\"@id\":\"https:\\\/\\\/www.webdo.tn\\\/fr\\\/#website\",\"url\":\"https:\\\/\\\/www.webdo.tn\\\/fr\\\/\",\"name\":\"webdo\",\"description\":\"Tunisie - News en Tunisie et \u00e0 l&#039;international sur Webdo.tn\",\"publisher\":{\"@id\":\"https:\\\/\\\/www.webdo.tn\\\/fr\\\/#organization\"},\"potentialAction\":[{\"@type\":\"SearchAction\",\"target\":{\"@type\":\"EntryPoint\",\"urlTemplate\":\"https:\\\/\\\/www.webdo.tn\\\/fr\\\/?s={search_term_string}\"},\"query-input\":{\"@type\":\"PropertyValueSpecification\",\"valueRequired\":true,\"valueName\":\"search_term_string\"}}],\"inLanguage\":\"fr-FR\"},{\"@type\":\"Organization\",\"@id\":\"https:\\\/\\\/www.webdo.tn\\\/fr\\\/#organization\",\"name\":\"Webdo\",\"alternateName\":\"Webdo.tn\",\"url\":\"https:\\\/\\\/www.webdo.tn\\\/fr\\\/\",\"logo\":{\"@type\":\"ImageObject\",\"inLanguage\":\"fr-FR\",\"@id\":\"https:\\\/\\\/www.webdo.tn\\\/fr\\\/#\\\/schema\\\/logo\\\/image\\\/\",\"url\":\"https:\\\/\\\/www.webdo.tn\\\/fr\\\/wp-content\\\/uploads\\\/2025\\\/06\\\/Webdo-Tunisie_168377.jpg\",\"contentUrl\":\"https:\\\/\\\/www.webdo.tn\\\/fr\\\/wp-content\\\/uploads\\\/2025\\\/06\\\/Webdo-Tunisie_168377.jpg\",\"width\":301,\"height\":301,\"caption\":\"Webdo\"},\"image\":{\"@id\":\"https:\\\/\\\/www.webdo.tn\\\/fr\\\/#\\\/schema\\\/logo\\\/image\\\/\"},\"sameAs\":[\"https:\\\/\\\/www.facebook.com\\\/webdotn\",\"https:\\\/\\\/x.com\\\/webdo_tn\"],\"description\":\"Webdo est un m\u00e9dia num\u00e9rique tunisien fond\u00e9 en 2010, sp\u00e9cialis\u00e9 dans l\u2019actualit\u00e9 nationale et internationale, l\u2019\u00e9conomie, la soci\u00e9t\u00e9 et les analyses politiques. Le site s\u2019adresse \u00e0 un large public francophone et couvre l\u2019information tunisienne en temps r\u00e9el.\",\"email\":\"redac@webdo.tn\",\"legalName\":\"YNJ SARL\",\"foundingDate\":\"2010-09-06\",\"numberOfEmployees\":{\"@type\":\"QuantitativeValue\",\"minValue\":\"11\",\"maxValue\":\"50\"}},{\"@type\":\"Person\",\"@id\":\"https:\\\/\\\/www.webdo.tn\\\/fr\\\/#\\\/schema\\\/person\\\/2c4929cbf5a809e3bd38617c6ce150f6\",\"name\":\"MC\",\"image\":{\"@type\":\"ImageObject\",\"inLanguage\":\"fr-FR\",\"@id\":\"https:\\\/\\\/secure.gravatar.com\\\/avatar\\\/a545bbb6f84efdd5553dbbc2895e3ca8f1d12c5215e00a041c9670b54aa9b18a?s=96&d=mm&r=g\",\"url\":\"https:\\\/\\\/secure.gravatar.com\\\/avatar\\\/a545bbb6f84efdd5553dbbc2895e3ca8f1d12c5215e00a041c9670b54aa9b18a?s=96&d=mm&r=g\",\"contentUrl\":\"https:\\\/\\\/secure.gravatar.com\\\/avatar\\\/a545bbb6f84efdd5553dbbc2895e3ca8f1d12c5215e00a041c9670b54aa9b18a?s=96&d=mm&r=g\",\"caption\":\"MC\"},\"url\":\"https:\\\/\\\/www.webdo.tn\\\/fr\\\/actualite\\\/author\\\/mc\\\/\"}]}<\/script>\n<!-- \/ Yoast SEO Premium plugin. -->","yoast_head_json":{"title":"Sommet de la francophonie : 89 d\u00e9l\u00e9gations attendues \u00e0 Djerba","description":"Le ministre des Affaires \u00e9trang\u00e8res, de la Migration, et des Tunisiens de l\u2019\u00e9tranger, Othman Jerandi, a indiqu\u00e9 que plus de 60 chefs d\u2019Etat, de gouvernement et...","canonical":"https:\/\/www.webdo.tn\/fr\/actualite\/national-45\/sommet-de-la-francophonie-89-delegations-attendues-a-djerba\/199127\/","og_locale":"fr_FR","og_type":"article","og_title":"Sommet de la francophonie : 89 d\u00e9l\u00e9gations attendues \u00e0 Djerba","og_description":"Le ministre des Affaires \u00e9trang\u00e8res, de la Migration, et des Tunisiens de l\u2019\u00e9tranger, Othman Jerandi, a indiqu\u00e9 que plus de 60 chefs d\u2019Etat, de gouvernement et...","og_url":"https:\/\/www.webdo.tn\/fr\/actualite\/national-45\/sommet-de-la-francophonie-89-delegations-attendues-a-djerba\/199127\/","og_site_name":"webdo","article_publisher":"https:\/\/www.facebook.com\/webdotn","article_published_time":"2022-11-18T15:12:00+00:00","article_modified_time":"2025-05-22T11:44:00+00:00","og_image":[{"width":750,"height":400,"url":"https:\/\/www.webdo.tn\/fr\/wp-content\/uploads\/2022\/11\/743f00781c25e14791e145edfb36315e.jpg","type":"image\/jpeg"}],"author":"MC","twitter_card":"summary_large_image","twitter_creator":"@webdo_tn","twitter_site":"@webdo_tn","twitter_misc":{"\u00c9crit par":"MC","Dur\u00e9e de lecture estim\u00e9e":"1 minute"},"schema":{"@context":"https:\/\/schema.org","@graph":[{"@type":"NewsArticle","@id":"https:\/\/www.webdo.tn\/fr\/actualite\/national-45\/sommet-de-la-francophonie-89-delegations-attendues-a-djerba\/199127\/#article","isPartOf":{"@id":"https:\/\/www.webdo.tn\/fr\/actualite\/national-45\/sommet-de-la-francophonie-89-delegations-attendues-a-djerba\/199127\/"},"author":{"name":"MC","@id":"https:\/\/www.webdo.tn\/fr\/#\/schema\/person\/2c4929cbf5a809e3bd38617c6ce150f6"},"headline":"Sommet de la francophonie : 89 d\u00e9l\u00e9gations attendues \u00e0 Djerba","datePublished":"2022-11-18T15:12:00+00:00","dateModified":"2025-05-22T11:44:00+00:00","mainEntityOfPage":{"@id":"https:\/\/www.webdo.tn\/fr\/actualite\/national-45\/sommet-de-la-francophonie-89-delegations-attendues-a-djerba\/199127\/"},"wordCount":203,"commentCount":0,"publisher":{"@id":"https:\/\/www.webdo.tn\/fr\/#organization"},"image":{"@id":"https:\/\/www.webdo.tn\/fr\/actualite\/national-45\/sommet-de-la-francophonie-89-delegations-attendues-a-djerba\/199127\/#primaryimage"},"thumbnailUrl":"https:\/\/www.webdo.tn\/fr\/wp-content\/uploads\/2022\/11\/743f00781c25e14791e145edfb36315e.jpg","keywords":["djerba","francophonie","sommet"],"articleSection":["National"],"inLanguage":"fr-FR"},{"@type":"WebPage","@id":"https:\/\/www.webdo.tn\/fr\/actualite\/national-45\/sommet-de-la-francophonie-89-delegations-attendues-a-djerba\/199127\/","url":"https:\/\/www.webdo.tn\/fr\/actualite\/national-45\/sommet-de-la-francophonie-89-delegations-attendues-a-djerba\/199127\/","name":"Sommet de la francophonie : 89 d\u00e9l\u00e9gations attendues \u00e0 Djerba","isPartOf":{"@id":"https:\/\/www.webdo.tn\/fr\/#website"},"primaryImageOfPage":{"@id":"https:\/\/www.webdo.tn\/fr\/actualite\/national-45\/sommet-de-la-francophonie-89-delegations-attendues-a-djerba\/199127\/#primaryimage"},"image":{"@id":"https:\/\/www.webdo.tn\/fr\/actualite\/national-45\/sommet-de-la-francophonie-89-delegations-attendues-a-djerba\/199127\/#primaryimage"},"thumbnailUrl":"https:\/\/www.webdo.tn\/fr\/wp-content\/uploads\/2022\/11\/743f00781c25e14791e145edfb36315e.jpg","datePublished":"2022-11-18T15:12:00+00:00","dateModified":"2025-05-22T11:44:00+00:00","description":"Le ministre des Affaires \u00e9trang\u00e8res, de la Migration, et des Tunisiens de l\u2019\u00e9tranger, Othman Jerandi, a indiqu\u00e9 que plus de 60 chefs d\u2019Etat, de gouvernement et...","breadcrumb":{"@id":"https:\/\/www.webdo.tn\/fr\/actualite\/national-45\/sommet-de-la-francophonie-89-delegations-attendues-a-djerba\/199127\/#breadcrumb"},"inLanguage":"fr-FR","potentialAction":[{"@type":"ReadAction","target":["https:\/\/www.webdo.tn\/fr\/actualite\/national-45\/sommet-de-la-francophonie-89-delegations-attendues-a-djerba\/199127\/"]}]},{"@type":"ImageObject","inLanguage":"fr-FR","@id":"https:\/\/www.webdo.tn\/fr\/actualite\/national-45\/sommet-de-la-francophonie-89-delegations-attendues-a-djerba\/199127\/#primaryimage","url":"https:\/\/www.webdo.tn\/fr\/wp-content\/uploads\/2022\/11\/743f00781c25e14791e145edfb36315e.jpg","contentUrl":"https:\/\/www.webdo.tn\/fr\/wp-content\/uploads\/2022\/11\/743f00781c25e14791e145edfb36315e.jpg","width":750,"height":400,"caption":"Le 18\u00e8me sommet de la francophonie d\u00e9marre demain"},{"@type":"BreadcrumbList","@id":"https:\/\/www.webdo.tn\/fr\/actualite\/national-45\/sommet-de-la-francophonie-89-delegations-attendues-a-djerba\/199127\/#breadcrumb","itemListElement":[{"@type":"ListItem","position":1,"name":"Accueil","item":"https:\/\/www.webdo.tn\/fr\/"},{"@type":"ListItem","position":2,"name":"Sommet de la francophonie : 89 d\u00e9l\u00e9gations attendues \u00e0 Djerba"}]},{"@type":"WebSite","@id":"https:\/\/www.webdo.tn\/fr\/#website","url":"https:\/\/www.webdo.tn\/fr\/","name":"webdo","description":"Tunisie - News en Tunisie et \u00e0 l&#039;international sur Webdo.tn","publisher":{"@id":"https:\/\/www.webdo.tn\/fr\/#organization"},"potentialAction":[{"@type":"SearchAction","target":{"@type":"EntryPoint","urlTemplate":"https:\/\/www.webdo.tn\/fr\/?s={search_term_string}"},"query-input":{"@type":"PropertyValueSpecification","valueRequired":true,"valueName":"search_term_string"}}],"inLanguage":"fr-FR"},{"@type":"Organization","@id":"https:\/\/www.webdo.tn\/fr\/#organization","name":"Webdo","alternateName":"Webdo.tn","url":"https:\/\/www.webdo.tn\/fr\/","logo":{"@type":"ImageObject","inLanguage":"fr-FR","@id":"https:\/\/www.webdo.tn\/fr\/#\/schema\/logo\/image\/","url":"https:\/\/www.webdo.tn\/fr\/wp-content\/uploads\/2025\/06\/Webdo-Tunisie_168377.jpg","contentUrl":"https:\/\/www.webdo.tn\/fr\/wp-content\/uploads\/2025\/06\/Webdo-Tunisie_168377.jpg","width":301,"height":301,"caption":"Webdo"},"image":{"@id":"https:\/\/www.webdo.tn\/fr\/#\/schema\/logo\/image\/"},"sameAs":["https:\/\/www.facebook.com\/webdotn","https:\/\/x.com\/webdo_tn"],"description":"Webdo est un m\u00e9dia num\u00e9rique tunisien fond\u00e9 en 2010, sp\u00e9cialis\u00e9 dans l\u2019actualit\u00e9 nationale et internationale, l\u2019\u00e9conomie, la soci\u00e9t\u00e9 et les analyses politiques. Le site s\u2019adresse \u00e0 un large public francophone et couvre l\u2019information tunisienne en temps r\u00e9el.","email":"redac@webdo.tn","legalName":"YNJ SARL","foundingDate":"2010-09-06","numberOfEmployees":{"@type":"QuantitativeValue","minValue":"11","maxValue":"50"}},{"@type":"Person","@id":"https:\/\/www.webdo.tn\/fr\/#\/schema\/person\/2c4929cbf5a809e3bd38617c6ce150f6","name":"MC","image":{"@type":"ImageObject","inLanguage":"fr-FR","@id":"https:\/\/secure.gravatar.com\/avatar\/a545bbb6f84efdd5553dbbc2895e3ca8f1d12c5215e00a041c9670b54aa9b18a?s=96&d=mm&r=g","url":"https:\/\/secure.gravatar.com\/avatar\/a545bbb6f84efdd5553dbbc2895e3ca8f1d12c5215e00a041c9670b54aa9b18a?s=96&d=mm&r=g","contentUrl":"https:\/\/secure.gravatar.com\/avatar\/a545bbb6f84efdd5553dbbc2895e3ca8f1d12c5215e00a041c9670b54aa9b18a?s=96&d=mm&r=g","caption":"MC"},"url":"https:\/\/www.webdo.tn\/fr\/actualite\/author\/mc\/"}]}},"_links":{"self":[{"href":"https:\/\/www.webdo.tn\/fr\/wp-json\/wp\/v2\/posts\/199127","targetHints":{"allow":["GET"]}}],"collection":[{"href":"https:\/\/www.webdo.tn\/fr\/wp-json\/wp\/v2\/posts"}],"about":[{"href":"https:\/\/www.webdo.tn\/fr\/wp-json\/wp\/v2\/types\/post"}],"author":[{"embeddable":true,"href":"https:\/\/www.webdo.tn\/fr\/wp-json\/wp\/v2\/users\/3162"}],"replies":[{"embeddable":true,"href":"https:\/\/www.webdo.tn\/fr\/wp-json\/wp\/v2\/comments?post=199127"}],"version-history":[{"count":0,"href":"https:\/\/www.webdo.tn\/fr\/wp-json\/wp\/v2\/posts\/199127\/revisions"}],"wp:featuredmedia":[{"embeddable":true,"href":"https:\/\/www.webdo.tn\/fr\/wp-json\/wp\/v2\/media\/348579"}],"wp:attachment":[{"href":"https:\/\/www.webdo.tn\/fr\/wp-json\/wp\/v2\/media?parent=199127"}],"wp:term":[{"taxonomy":"category","embeddable":true,"href":"https:\/\/www.webdo.tn\/fr\/wp-json\/wp\/v2\/categories?post=199127"},{"taxonomy":"post_tag","embeddable":true,"href":"https:\/\/www.webdo.tn\/fr\/wp-json\/wp\/v2\/tags?post=199127"}],"curies":[{"name":"wp","href":"https:\/\/api.w.org\/{rel}","templated":true}]}}