{"id":199121,"date":"2022-11-18T12:40:00","date_gmt":"2022-11-18T12:40:00","guid":{"rendered":"https:\/\/www.webdo.tn\/fr\/actualite\/blog\/demarrage-des-travaux-de-la-conference-ministerielle-de-la-francophonie\/199121\/"},"modified":"2025-05-22T11:43:58","modified_gmt":"2025-05-22T11:43:58","slug":"demarrage-des-travaux-de-la-conference-ministerielle-de-la-francophonie","status":"publish","type":"post","link":"https:\/\/www.webdo.tn\/fr\/actualite\/national\/demarrage-des-travaux-de-la-conference-ministerielle-de-la-francophonie\/199121\/","title":{"rendered":"D\u00e9marrage des travaux de la Conf\u00e9rence minist\u00e9rielle de la Francophonie"},"content":{"rendered":"<p>Les travaux de la 43e session de la Conf\u00e9rence minist\u00e9rielle de la Francophonie (CMF) ont d\u00e9marr\u00e9, ce vendredi 18 novembre 2022, \u00e0 Djerba, en pr\u00e9sence du ministre des Affaires \u00e9trang\u00e8res, de la Migration et des Tunisiens \u00e0 l\u2019\u00e9tranger, Othman Jerandi, et de la secr\u00e9taire g\u00e9n\u00e9rale de l\u2019Organisation internationale de la Francophonie, Louise Mushikiwabo.<\/p>\n<p> Plusieurs questions sont au menu de cette conf\u00e9rence comme la coop\u00e9ration multipartite au sein de l\u2019espace francophone, l\u2019examen du projet final de la \u00ab\u00a0D\u00e9claration de Djerba\u00a0\u00bb, le cadre strat\u00e9gique 2023-2030 de l\u2019OIF, les proc\u00e9dures d\u2019adh\u00e9sion, le budget de l\u2019organisation pour l\u2019exercice 2023, et les rapports des quatre sessions pr\u00e9c\u00e9dentes.<\/p>\n<p>A noter que plus de 20 ministres des Affaires \u00e9trang\u00e8res, ministres charg\u00e9s de la Francophonie, des hauts responsables de l\u2019OIF prennent part \u00e0 cette r\u00e9union minist\u00e9rielle.<\/p>\n","protected":false},"excerpt":{"rendered":"<p>Les travaux de la 43e session de la Conf\u00e9rence minist\u00e9rielle de la Francophonie (CMF) ont d\u00e9marr\u00e9, ce vendredi 18 novembre 2022, \u00e0 Djerba, en pr\u00e9sence du minist&#8230;<\/p>\n","protected":false},"author":3162,"featured_media":348576,"comment_status":"open","ping_status":"closed","sticky":false,"template":"","format":"standard","meta":{"footnotes":""},"categories":[44],"tags":[3696,9009],"class_list":["post-199121","post","type-post","status-publish","format-standard","has-post-thumbnail","hentry","category-national","tag-djerba","tag-francophonie"],"yoast_head":"<!-- This site is optimized with the Yoast SEO Premium plugin v27.4 (Yoast SEO v27.5) - https:\/\/yoast.com\/product\/yoast-seo-premium-wordpress\/ -->\n<title>D\u00e9marrage des travaux de la Conf\u00e9rence minist\u00e9rielle de la Francophonie<\/title>\n<meta name=\"description\" content=\"Les travaux de la 43e session de la Conf\u00e9rence minist\u00e9rielle de la Francophonie (CMF) ont d\u00e9marr\u00e9, ce vendredi 18 novembre 2022, \u00e0 Djerba, en pr\u00e9sence du minist...\" \/>\n<link rel=\"canonical\" href=\"https:\/\/www.webdo.tn\/fr\/actualite\/national-45\/demarrage-des-travaux-de-la-conference-ministerielle-de-la-francophonie\/199121\/\" \/>\n<meta property=\"og:locale\" content=\"fr_FR\" \/>\n<meta property=\"og:type\" content=\"article\" \/>\n<meta property=\"og:title\" content=\"D\u00e9marrage des travaux de la Conf\u00e9rence minist\u00e9rielle de la Francophonie\" \/>\n<meta property=\"og:description\" content=\"Les travaux de la 43e session de la Conf\u00e9rence minist\u00e9rielle de la Francophonie (CMF) ont d\u00e9marr\u00e9, ce vendredi 18 novembre 2022, \u00e0 Djerba, en pr\u00e9sence du minist...\" \/>\n<meta property=\"og:url\" content=\"https:\/\/www.webdo.tn\/fr\/actualite\/national-45\/demarrage-des-travaux-de-la-conference-ministerielle-de-la-francophonie\/199121\/\" \/>\n<meta property=\"og:site_name\" content=\"webdo\" \/>\n<meta property=\"article:publisher\" content=\"https:\/\/www.facebook.com\/webdotn\" \/>\n<meta property=\"article:published_time\" content=\"2022-11-18T12:40:00+00:00\" \/>\n<meta property=\"article:modified_time\" content=\"2025-05-22T11:43:58+00:00\" \/>\n<meta property=\"og:image\" content=\"https:\/\/www.webdo.tn\/fr\/wp-content\/uploads\/2022\/11\/13b4da94671447231daa21f67fed7ca9.jpg\" \/>\n\t<meta property=\"og:image:width\" content=\"750\" \/>\n\t<meta property=\"og:image:height\" content=\"400\" \/>\n\t<meta property=\"og:image:type\" content=\"image\/jpeg\" \/>\n<meta name=\"author\" content=\"MC\" \/>\n<meta name=\"twitter:card\" content=\"summary_large_image\" \/>\n<meta name=\"twitter:creator\" content=\"@webdo_tn\" \/>\n<meta name=\"twitter:site\" content=\"@webdo_tn\" \/>\n<meta name=\"twitter:label1\" content=\"\u00c9crit par\" \/>\n\t<meta name=\"twitter:data1\" content=\"MC\" \/>\n\t<meta name=\"twitter:label2\" content=\"Dur\u00e9e de lecture estim\u00e9e\" \/>\n\t<meta name=\"twitter:data2\" content=\"1 minute\" \/>\n<script type=\"application\/ld+json\" class=\"yoast-schema-graph\">{\"@context\":\"https:\\\/\\\/schema.org\",\"@graph\":[{\"@type\":\"NewsArticle\",\"@id\":\"https:\\\/\\\/www.webdo.tn\\\/fr\\\/actualite\\\/national-45\\\/demarrage-des-travaux-de-la-conference-ministerielle-de-la-francophonie\\\/199121\\\/#article\",\"isPartOf\":{\"@id\":\"https:\\\/\\\/www.webdo.tn\\\/fr\\\/actualite\\\/national-45\\\/demarrage-des-travaux-de-la-conference-ministerielle-de-la-francophonie\\\/199121\\\/\"},\"author\":{\"name\":\"MC\",\"@id\":\"https:\\\/\\\/www.webdo.tn\\\/fr\\\/#\\\/schema\\\/person\\\/2c4929cbf5a809e3bd38617c6ce150f6\"},\"headline\":\"D\u00e9marrage des travaux de la Conf\u00e9rence minist\u00e9rielle de la Francophonie\",\"datePublished\":\"2022-11-18T12:40:00+00:00\",\"dateModified\":\"2025-05-22T11:43:58+00:00\",\"mainEntityOfPage\":{\"@id\":\"https:\\\/\\\/www.webdo.tn\\\/fr\\\/actualite\\\/national-45\\\/demarrage-des-travaux-de-la-conference-ministerielle-de-la-francophonie\\\/199121\\\/\"},\"wordCount\":163,\"commentCount\":0,\"publisher\":{\"@id\":\"https:\\\/\\\/www.webdo.tn\\\/fr\\\/#organization\"},\"image\":{\"@id\":\"https:\\\/\\\/www.webdo.tn\\\/fr\\\/actualite\\\/national-45\\\/demarrage-des-travaux-de-la-conference-ministerielle-de-la-francophonie\\\/199121\\\/#primaryimage\"},\"thumbnailUrl\":\"https:\\\/\\\/www.webdo.tn\\\/fr\\\/wp-content\\\/uploads\\\/2022\\\/11\\\/13b4da94671447231daa21f67fed7ca9.jpg\",\"keywords\":[\"djerba\",\"francophonie\"],\"articleSection\":[\"National\"],\"inLanguage\":\"fr-FR\"},{\"@type\":\"WebPage\",\"@id\":\"https:\\\/\\\/www.webdo.tn\\\/fr\\\/actualite\\\/national-45\\\/demarrage-des-travaux-de-la-conference-ministerielle-de-la-francophonie\\\/199121\\\/\",\"url\":\"https:\\\/\\\/www.webdo.tn\\\/fr\\\/actualite\\\/national-45\\\/demarrage-des-travaux-de-la-conference-ministerielle-de-la-francophonie\\\/199121\\\/\",\"name\":\"D\u00e9marrage des travaux de la Conf\u00e9rence minist\u00e9rielle de la Francophonie\",\"isPartOf\":{\"@id\":\"https:\\\/\\\/www.webdo.tn\\\/fr\\\/#website\"},\"primaryImageOfPage\":{\"@id\":\"https:\\\/\\\/www.webdo.tn\\\/fr\\\/actualite\\\/national-45\\\/demarrage-des-travaux-de-la-conference-ministerielle-de-la-francophonie\\\/199121\\\/#primaryimage\"},\"image\":{\"@id\":\"https:\\\/\\\/www.webdo.tn\\\/fr\\\/actualite\\\/national-45\\\/demarrage-des-travaux-de-la-conference-ministerielle-de-la-francophonie\\\/199121\\\/#primaryimage\"},\"thumbnailUrl\":\"https:\\\/\\\/www.webdo.tn\\\/fr\\\/wp-content\\\/uploads\\\/2022\\\/11\\\/13b4da94671447231daa21f67fed7ca9.jpg\",\"datePublished\":\"2022-11-18T12:40:00+00:00\",\"dateModified\":\"2025-05-22T11:43:58+00:00\",\"description\":\"Les travaux de la 43e session de la Conf\u00e9rence minist\u00e9rielle de la Francophonie (CMF) ont d\u00e9marr\u00e9, ce vendredi 18 novembre 2022, \u00e0 Djerba, en pr\u00e9sence du minist...\",\"breadcrumb\":{\"@id\":\"https:\\\/\\\/www.webdo.tn\\\/fr\\\/actualite\\\/national-45\\\/demarrage-des-travaux-de-la-conference-ministerielle-de-la-francophonie\\\/199121\\\/#breadcrumb\"},\"inLanguage\":\"fr-FR\",\"potentialAction\":[{\"@type\":\"ReadAction\",\"target\":[\"https:\\\/\\\/www.webdo.tn\\\/fr\\\/actualite\\\/national-45\\\/demarrage-des-travaux-de-la-conference-ministerielle-de-la-francophonie\\\/199121\\\/\"]}]},{\"@type\":\"ImageObject\",\"inLanguage\":\"fr-FR\",\"@id\":\"https:\\\/\\\/www.webdo.tn\\\/fr\\\/actualite\\\/national-45\\\/demarrage-des-travaux-de-la-conference-ministerielle-de-la-francophonie\\\/199121\\\/#primaryimage\",\"url\":\"https:\\\/\\\/www.webdo.tn\\\/fr\\\/wp-content\\\/uploads\\\/2022\\\/11\\\/13b4da94671447231daa21f67fed7ca9.jpg\",\"contentUrl\":\"https:\\\/\\\/www.webdo.tn\\\/fr\\\/wp-content\\\/uploads\\\/2022\\\/11\\\/13b4da94671447231daa21f67fed7ca9.jpg\",\"width\":750,\"height\":400,\"caption\":\"D\u00e9marrage des travaux de la Conf\u00e9rence minist\u00e9rielle de la Francophonie\"},{\"@type\":\"BreadcrumbList\",\"@id\":\"https:\\\/\\\/www.webdo.tn\\\/fr\\\/actualite\\\/national-45\\\/demarrage-des-travaux-de-la-conference-ministerielle-de-la-francophonie\\\/199121\\\/#breadcrumb\",\"itemListElement\":[{\"@type\":\"ListItem\",\"position\":1,\"name\":\"Accueil\",\"item\":\"https:\\\/\\\/www.webdo.tn\\\/fr\\\/\"},{\"@type\":\"ListItem\",\"position\":2,\"name\":\"D\u00e9marrage des travaux de la Conf\u00e9rence minist\u00e9rielle de la Francophonie\"}]},{\"@type\":\"WebSite\",\"@id\":\"https:\\\/\\\/www.webdo.tn\\\/fr\\\/#website\",\"url\":\"https:\\\/\\\/www.webdo.tn\\\/fr\\\/\",\"name\":\"webdo\",\"description\":\"Tunisie - News en Tunisie et \u00e0 l&#039;international sur Webdo.tn\",\"publisher\":{\"@id\":\"https:\\\/\\\/www.webdo.tn\\\/fr\\\/#organization\"},\"potentialAction\":[{\"@type\":\"SearchAction\",\"target\":{\"@type\":\"EntryPoint\",\"urlTemplate\":\"https:\\\/\\\/www.webdo.tn\\\/fr\\\/?s={search_term_string}\"},\"query-input\":{\"@type\":\"PropertyValueSpecification\",\"valueRequired\":true,\"valueName\":\"search_term_string\"}}],\"inLanguage\":\"fr-FR\"},{\"@type\":\"Organization\",\"@id\":\"https:\\\/\\\/www.webdo.tn\\\/fr\\\/#organization\",\"name\":\"Webdo\",\"alternateName\":\"Webdo.tn\",\"url\":\"https:\\\/\\\/www.webdo.tn\\\/fr\\\/\",\"logo\":{\"@type\":\"ImageObject\",\"inLanguage\":\"fr-FR\",\"@id\":\"https:\\\/\\\/www.webdo.tn\\\/fr\\\/#\\\/schema\\\/logo\\\/image\\\/\",\"url\":\"https:\\\/\\\/www.webdo.tn\\\/fr\\\/wp-content\\\/uploads\\\/2025\\\/06\\\/Webdo-Tunisie_168377.jpg\",\"contentUrl\":\"https:\\\/\\\/www.webdo.tn\\\/fr\\\/wp-content\\\/uploads\\\/2025\\\/06\\\/Webdo-Tunisie_168377.jpg\",\"width\":301,\"height\":301,\"caption\":\"Webdo\"},\"image\":{\"@id\":\"https:\\\/\\\/www.webdo.tn\\\/fr\\\/#\\\/schema\\\/logo\\\/image\\\/\"},\"sameAs\":[\"https:\\\/\\\/www.facebook.com\\\/webdotn\",\"https:\\\/\\\/x.com\\\/webdo_tn\"],\"description\":\"Webdo est un m\u00e9dia num\u00e9rique tunisien fond\u00e9 en 2010, sp\u00e9cialis\u00e9 dans l\u2019actualit\u00e9 nationale et internationale, l\u2019\u00e9conomie, la soci\u00e9t\u00e9 et les analyses politiques. Le site s\u2019adresse \u00e0 un large public francophone et couvre l\u2019information tunisienne en temps r\u00e9el.\",\"email\":\"redac@webdo.tn\",\"legalName\":\"YNJ SARL\",\"foundingDate\":\"2010-09-06\",\"numberOfEmployees\":{\"@type\":\"QuantitativeValue\",\"minValue\":\"11\",\"maxValue\":\"50\"}},{\"@type\":\"Person\",\"@id\":\"https:\\\/\\\/www.webdo.tn\\\/fr\\\/#\\\/schema\\\/person\\\/2c4929cbf5a809e3bd38617c6ce150f6\",\"name\":\"MC\",\"image\":{\"@type\":\"ImageObject\",\"inLanguage\":\"fr-FR\",\"@id\":\"https:\\\/\\\/secure.gravatar.com\\\/avatar\\\/a545bbb6f84efdd5553dbbc2895e3ca8f1d12c5215e00a041c9670b54aa9b18a?s=96&d=mm&r=g\",\"url\":\"https:\\\/\\\/secure.gravatar.com\\\/avatar\\\/a545bbb6f84efdd5553dbbc2895e3ca8f1d12c5215e00a041c9670b54aa9b18a?s=96&d=mm&r=g\",\"contentUrl\":\"https:\\\/\\\/secure.gravatar.com\\\/avatar\\\/a545bbb6f84efdd5553dbbc2895e3ca8f1d12c5215e00a041c9670b54aa9b18a?s=96&d=mm&r=g\",\"caption\":\"MC\"},\"url\":\"https:\\\/\\\/www.webdo.tn\\\/fr\\\/actualite\\\/author\\\/mc\\\/\"}]}<\/script>\n<!-- \/ Yoast SEO Premium plugin. -->","yoast_head_json":{"title":"D\u00e9marrage des travaux de la Conf\u00e9rence minist\u00e9rielle de la Francophonie","description":"Les travaux de la 43e session de la Conf\u00e9rence minist\u00e9rielle de la Francophonie (CMF) ont d\u00e9marr\u00e9, ce vendredi 18 novembre 2022, \u00e0 Djerba, en pr\u00e9sence du minist...","canonical":"https:\/\/www.webdo.tn\/fr\/actualite\/national-45\/demarrage-des-travaux-de-la-conference-ministerielle-de-la-francophonie\/199121\/","og_locale":"fr_FR","og_type":"article","og_title":"D\u00e9marrage des travaux de la Conf\u00e9rence minist\u00e9rielle de la Francophonie","og_description":"Les travaux de la 43e session de la Conf\u00e9rence minist\u00e9rielle de la Francophonie (CMF) ont d\u00e9marr\u00e9, ce vendredi 18 novembre 2022, \u00e0 Djerba, en pr\u00e9sence du minist...","og_url":"https:\/\/www.webdo.tn\/fr\/actualite\/national-45\/demarrage-des-travaux-de-la-conference-ministerielle-de-la-francophonie\/199121\/","og_site_name":"webdo","article_publisher":"https:\/\/www.facebook.com\/webdotn","article_published_time":"2022-11-18T12:40:00+00:00","article_modified_time":"2025-05-22T11:43:58+00:00","og_image":[{"width":750,"height":400,"url":"https:\/\/www.webdo.tn\/fr\/wp-content\/uploads\/2022\/11\/13b4da94671447231daa21f67fed7ca9.jpg","type":"image\/jpeg"}],"author":"MC","twitter_card":"summary_large_image","twitter_creator":"@webdo_tn","twitter_site":"@webdo_tn","twitter_misc":{"\u00c9crit par":"MC","Dur\u00e9e de lecture estim\u00e9e":"1 minute"},"schema":{"@context":"https:\/\/schema.org","@graph":[{"@type":"NewsArticle","@id":"https:\/\/www.webdo.tn\/fr\/actualite\/national-45\/demarrage-des-travaux-de-la-conference-ministerielle-de-la-francophonie\/199121\/#article","isPartOf":{"@id":"https:\/\/www.webdo.tn\/fr\/actualite\/national-45\/demarrage-des-travaux-de-la-conference-ministerielle-de-la-francophonie\/199121\/"},"author":{"name":"MC","@id":"https:\/\/www.webdo.tn\/fr\/#\/schema\/person\/2c4929cbf5a809e3bd38617c6ce150f6"},"headline":"D\u00e9marrage des travaux de la Conf\u00e9rence minist\u00e9rielle de la Francophonie","datePublished":"2022-11-18T12:40:00+00:00","dateModified":"2025-05-22T11:43:58+00:00","mainEntityOfPage":{"@id":"https:\/\/www.webdo.tn\/fr\/actualite\/national-45\/demarrage-des-travaux-de-la-conference-ministerielle-de-la-francophonie\/199121\/"},"wordCount":163,"commentCount":0,"publisher":{"@id":"https:\/\/www.webdo.tn\/fr\/#organization"},"image":{"@id":"https:\/\/www.webdo.tn\/fr\/actualite\/national-45\/demarrage-des-travaux-de-la-conference-ministerielle-de-la-francophonie\/199121\/#primaryimage"},"thumbnailUrl":"https:\/\/www.webdo.tn\/fr\/wp-content\/uploads\/2022\/11\/13b4da94671447231daa21f67fed7ca9.jpg","keywords":["djerba","francophonie"],"articleSection":["National"],"inLanguage":"fr-FR"},{"@type":"WebPage","@id":"https:\/\/www.webdo.tn\/fr\/actualite\/national-45\/demarrage-des-travaux-de-la-conference-ministerielle-de-la-francophonie\/199121\/","url":"https:\/\/www.webdo.tn\/fr\/actualite\/national-45\/demarrage-des-travaux-de-la-conference-ministerielle-de-la-francophonie\/199121\/","name":"D\u00e9marrage des travaux de la Conf\u00e9rence minist\u00e9rielle de la Francophonie","isPartOf":{"@id":"https:\/\/www.webdo.tn\/fr\/#website"},"primaryImageOfPage":{"@id":"https:\/\/www.webdo.tn\/fr\/actualite\/national-45\/demarrage-des-travaux-de-la-conference-ministerielle-de-la-francophonie\/199121\/#primaryimage"},"image":{"@id":"https:\/\/www.webdo.tn\/fr\/actualite\/national-45\/demarrage-des-travaux-de-la-conference-ministerielle-de-la-francophonie\/199121\/#primaryimage"},"thumbnailUrl":"https:\/\/www.webdo.tn\/fr\/wp-content\/uploads\/2022\/11\/13b4da94671447231daa21f67fed7ca9.jpg","datePublished":"2022-11-18T12:40:00+00:00","dateModified":"2025-05-22T11:43:58+00:00","description":"Les travaux de la 43e session de la Conf\u00e9rence minist\u00e9rielle de la Francophonie (CMF) ont d\u00e9marr\u00e9, ce vendredi 18 novembre 2022, \u00e0 Djerba, en pr\u00e9sence du minist...","breadcrumb":{"@id":"https:\/\/www.webdo.tn\/fr\/actualite\/national-45\/demarrage-des-travaux-de-la-conference-ministerielle-de-la-francophonie\/199121\/#breadcrumb"},"inLanguage":"fr-FR","potentialAction":[{"@type":"ReadAction","target":["https:\/\/www.webdo.tn\/fr\/actualite\/national-45\/demarrage-des-travaux-de-la-conference-ministerielle-de-la-francophonie\/199121\/"]}]},{"@type":"ImageObject","inLanguage":"fr-FR","@id":"https:\/\/www.webdo.tn\/fr\/actualite\/national-45\/demarrage-des-travaux-de-la-conference-ministerielle-de-la-francophonie\/199121\/#primaryimage","url":"https:\/\/www.webdo.tn\/fr\/wp-content\/uploads\/2022\/11\/13b4da94671447231daa21f67fed7ca9.jpg","contentUrl":"https:\/\/www.webdo.tn\/fr\/wp-content\/uploads\/2022\/11\/13b4da94671447231daa21f67fed7ca9.jpg","width":750,"height":400,"caption":"D\u00e9marrage des travaux de la Conf\u00e9rence minist\u00e9rielle de la Francophonie"},{"@type":"BreadcrumbList","@id":"https:\/\/www.webdo.tn\/fr\/actualite\/national-45\/demarrage-des-travaux-de-la-conference-ministerielle-de-la-francophonie\/199121\/#breadcrumb","itemListElement":[{"@type":"ListItem","position":1,"name":"Accueil","item":"https:\/\/www.webdo.tn\/fr\/"},{"@type":"ListItem","position":2,"name":"D\u00e9marrage des travaux de la Conf\u00e9rence minist\u00e9rielle de la Francophonie"}]},{"@type":"WebSite","@id":"https:\/\/www.webdo.tn\/fr\/#website","url":"https:\/\/www.webdo.tn\/fr\/","name":"webdo","description":"Tunisie - News en Tunisie et \u00e0 l&#039;international sur Webdo.tn","publisher":{"@id":"https:\/\/www.webdo.tn\/fr\/#organization"},"potentialAction":[{"@type":"SearchAction","target":{"@type":"EntryPoint","urlTemplate":"https:\/\/www.webdo.tn\/fr\/?s={search_term_string}"},"query-input":{"@type":"PropertyValueSpecification","valueRequired":true,"valueName":"search_term_string"}}],"inLanguage":"fr-FR"},{"@type":"Organization","@id":"https:\/\/www.webdo.tn\/fr\/#organization","name":"Webdo","alternateName":"Webdo.tn","url":"https:\/\/www.webdo.tn\/fr\/","logo":{"@type":"ImageObject","inLanguage":"fr-FR","@id":"https:\/\/www.webdo.tn\/fr\/#\/schema\/logo\/image\/","url":"https:\/\/www.webdo.tn\/fr\/wp-content\/uploads\/2025\/06\/Webdo-Tunisie_168377.jpg","contentUrl":"https:\/\/www.webdo.tn\/fr\/wp-content\/uploads\/2025\/06\/Webdo-Tunisie_168377.jpg","width":301,"height":301,"caption":"Webdo"},"image":{"@id":"https:\/\/www.webdo.tn\/fr\/#\/schema\/logo\/image\/"},"sameAs":["https:\/\/www.facebook.com\/webdotn","https:\/\/x.com\/webdo_tn"],"description":"Webdo est un m\u00e9dia num\u00e9rique tunisien fond\u00e9 en 2010, sp\u00e9cialis\u00e9 dans l\u2019actualit\u00e9 nationale et internationale, l\u2019\u00e9conomie, la soci\u00e9t\u00e9 et les analyses politiques. Le site s\u2019adresse \u00e0 un large public francophone et couvre l\u2019information tunisienne en temps r\u00e9el.","email":"redac@webdo.tn","legalName":"YNJ SARL","foundingDate":"2010-09-06","numberOfEmployees":{"@type":"QuantitativeValue","minValue":"11","maxValue":"50"}},{"@type":"Person","@id":"https:\/\/www.webdo.tn\/fr\/#\/schema\/person\/2c4929cbf5a809e3bd38617c6ce150f6","name":"MC","image":{"@type":"ImageObject","inLanguage":"fr-FR","@id":"https:\/\/secure.gravatar.com\/avatar\/a545bbb6f84efdd5553dbbc2895e3ca8f1d12c5215e00a041c9670b54aa9b18a?s=96&d=mm&r=g","url":"https:\/\/secure.gravatar.com\/avatar\/a545bbb6f84efdd5553dbbc2895e3ca8f1d12c5215e00a041c9670b54aa9b18a?s=96&d=mm&r=g","contentUrl":"https:\/\/secure.gravatar.com\/avatar\/a545bbb6f84efdd5553dbbc2895e3ca8f1d12c5215e00a041c9670b54aa9b18a?s=96&d=mm&r=g","caption":"MC"},"url":"https:\/\/www.webdo.tn\/fr\/actualite\/author\/mc\/"}]}},"_links":{"self":[{"href":"https:\/\/www.webdo.tn\/fr\/wp-json\/wp\/v2\/posts\/199121","targetHints":{"allow":["GET"]}}],"collection":[{"href":"https:\/\/www.webdo.tn\/fr\/wp-json\/wp\/v2\/posts"}],"about":[{"href":"https:\/\/www.webdo.tn\/fr\/wp-json\/wp\/v2\/types\/post"}],"author":[{"embeddable":true,"href":"https:\/\/www.webdo.tn\/fr\/wp-json\/wp\/v2\/users\/3162"}],"replies":[{"embeddable":true,"href":"https:\/\/www.webdo.tn\/fr\/wp-json\/wp\/v2\/comments?post=199121"}],"version-history":[{"count":0,"href":"https:\/\/www.webdo.tn\/fr\/wp-json\/wp\/v2\/posts\/199121\/revisions"}],"wp:featuredmedia":[{"embeddable":true,"href":"https:\/\/www.webdo.tn\/fr\/wp-json\/wp\/v2\/media\/348576"}],"wp:attachment":[{"href":"https:\/\/www.webdo.tn\/fr\/wp-json\/wp\/v2\/media?parent=199121"}],"wp:term":[{"taxonomy":"category","embeddable":true,"href":"https:\/\/www.webdo.tn\/fr\/wp-json\/wp\/v2\/categories?post=199121"},{"taxonomy":"post_tag","embeddable":true,"href":"https:\/\/www.webdo.tn\/fr\/wp-json\/wp\/v2\/tags?post=199121"}],"curies":[{"name":"wp","href":"https:\/\/api.w.org\/{rel}","templated":true}]}}