{"id":199110,"date":"2022-11-18T09:26:00","date_gmt":"2022-11-18T09:26:00","guid":{"rendered":"https:\/\/www.webdo.tn\/fr\/actualite\/blog\/sadio-mane-declare-forfait-pour-le-mondial\/199110\/"},"modified":"2025-05-22T11:43:51","modified_gmt":"2025-05-22T11:43:51","slug":"sadio-mane-declare-forfait-pour-le-mondial","status":"publish","type":"post","link":"https:\/\/www.webdo.tn\/fr\/actualite\/sport\/sadio-mane-declare-forfait-pour-le-mondial\/199110\/","title":{"rendered":"Sadio Man\u00e9 d\u00e9clare forfait pour le Mondial"},"content":{"rendered":"<p>La star du S\u00e9n\u00e9gal, Sadio Man\u00e9, a d\u00e9clar\u00e9 forfait pour la Coupe du monde en raison de sa blessure au p\u00e9ron\u00e9 droit, a annonc\u00e9 hier, la F\u00e9d\u00e9ration s\u00e9n\u00e9galaise de football.<\/p>\n<p> \u00ab\u00a0Malheureusement, l&rsquo;IRM d&rsquo;aujourd&rsquo;hui (jeudi) nous montre que l&rsquo;\u00e9volution n&rsquo;est pas favorable comme on l&rsquo;imaginait et on se r\u00e9sout malheureusement \u00e0 d\u00e9clarer le forfait de Sadio pour la Coupe du monde\u00a0\u00bb, a d\u00e9clar\u00e9 le m\u00e9decin de la s\u00e9lection, Manuel Afonso, cit\u00e9 sur le compte Twitter du S\u00e9n\u00e9gal<\/p>\n<p>C\u2019est un coup dur pour le S\u00e9n\u00e9gal, qui sera priv\u00e9 de son principal atout.<\/p>\n<p>Le S\u00e9n\u00e9galais s\u2019\u00e9tait bless\u00e9 lors de la victoire du Bayern Munich face au Werder Br\u00eame (6-1) le 8 novembre dernier.<\/p>\n<p>Sadio Man\u00e9 pourrait \u00eatre indisponible trois mois et devrait subir une op\u00e9ration chirurgicale.<\/p>\n","protected":false},"excerpt":{"rendered":"<p>La star du S\u00e9n\u00e9gal, Sadio Man\u00e9, a d\u00e9clar\u00e9 forfait pour la Coupe du monde en raison de sa blessure au p\u00e9ron\u00e9 droit, a annonc\u00e9 hier, la F\u00e9d\u00e9ration s\u00e9n\u00e9galaise de&#8230;<\/p>\n","protected":false},"author":3162,"featured_media":348570,"comment_status":"open","ping_status":"closed","sticky":false,"template":"","format":"standard","meta":{"footnotes":""},"categories":[2593],"tags":[4066,9033,3127],"class_list":["post-199110","post","type-post","status-publish","format-standard","has-post-thumbnail","hentry","category-sport","tag-coupe-du-monde","tag-sadio-mane","tag-senegal"],"yoast_head":"<!-- This site is optimized with the Yoast SEO Premium plugin v27.4 (Yoast SEO v27.5) - https:\/\/yoast.com\/product\/yoast-seo-premium-wordpress\/ -->\n<title>Sadio Man\u00e9 d\u00e9clare forfait pour le Mondial<\/title>\n<meta name=\"description\" content=\"La star du S\u00e9n\u00e9gal, Sadio Man\u00e9, a d\u00e9clar\u00e9 forfait pour la Coupe du monde en raison de sa blessure au p\u00e9ron\u00e9 droit, a annonc\u00e9 hier, la F\u00e9d\u00e9ration s\u00e9n\u00e9galaise de...\" \/>\n<link rel=\"canonical\" href=\"https:\/\/www.webdo.tn\/fr\/actualite\/sport\/sadio-mane-declare-forfait-pour-le-mondial\/199110\/\" \/>\n<meta property=\"og:locale\" content=\"fr_FR\" \/>\n<meta property=\"og:type\" content=\"article\" \/>\n<meta property=\"og:title\" content=\"Sadio Man\u00e9 d\u00e9clare forfait pour le Mondial\" \/>\n<meta property=\"og:description\" content=\"La star du S\u00e9n\u00e9gal, Sadio Man\u00e9, a d\u00e9clar\u00e9 forfait pour la Coupe du monde en raison de sa blessure au p\u00e9ron\u00e9 droit, a annonc\u00e9 hier, la F\u00e9d\u00e9ration s\u00e9n\u00e9galaise de...\" \/>\n<meta property=\"og:url\" content=\"https:\/\/www.webdo.tn\/fr\/actualite\/sport\/sadio-mane-declare-forfait-pour-le-mondial\/199110\/\" \/>\n<meta property=\"og:site_name\" content=\"webdo\" \/>\n<meta property=\"article:publisher\" content=\"https:\/\/www.facebook.com\/webdotn\" \/>\n<meta property=\"article:published_time\" content=\"2022-11-18T09:26:00+00:00\" \/>\n<meta property=\"article:modified_time\" content=\"2025-05-22T11:43:51+00:00\" \/>\n<meta property=\"og:image\" content=\"https:\/\/www.webdo.tn\/fr\/wp-content\/uploads\/2022\/11\/649efcab53edfd9630fb87e5e5628f54.jpg\" \/>\n\t<meta property=\"og:image:width\" content=\"750\" \/>\n\t<meta property=\"og:image:height\" content=\"400\" \/>\n\t<meta property=\"og:image:type\" content=\"image\/jpeg\" \/>\n<meta name=\"author\" content=\"MC\" \/>\n<meta name=\"twitter:card\" content=\"summary_large_image\" \/>\n<meta name=\"twitter:creator\" content=\"@webdo_tn\" \/>\n<meta name=\"twitter:site\" content=\"@webdo_tn\" \/>\n<meta name=\"twitter:label1\" content=\"\u00c9crit par\" \/>\n\t<meta name=\"twitter:data1\" content=\"MC\" \/>\n\t<meta name=\"twitter:label2\" content=\"Dur\u00e9e de lecture estim\u00e9e\" \/>\n\t<meta name=\"twitter:data2\" content=\"1 minute\" \/>\n<script type=\"application\/ld+json\" class=\"yoast-schema-graph\">{\"@context\":\"https:\\\/\\\/schema.org\",\"@graph\":[{\"@type\":\"NewsArticle\",\"@id\":\"https:\\\/\\\/www.webdo.tn\\\/fr\\\/actualite\\\/sport\\\/sadio-mane-declare-forfait-pour-le-mondial\\\/199110\\\/#article\",\"isPartOf\":{\"@id\":\"https:\\\/\\\/www.webdo.tn\\\/fr\\\/actualite\\\/sport\\\/sadio-mane-declare-forfait-pour-le-mondial\\\/199110\\\/\"},\"author\":{\"name\":\"MC\",\"@id\":\"https:\\\/\\\/www.webdo.tn\\\/fr\\\/#\\\/schema\\\/person\\\/2c4929cbf5a809e3bd38617c6ce150f6\"},\"headline\":\"Sadio Man\u00e9 d\u00e9clare forfait pour le Mondial\",\"datePublished\":\"2022-11-18T09:26:00+00:00\",\"dateModified\":\"2025-05-22T11:43:51+00:00\",\"mainEntityOfPage\":{\"@id\":\"https:\\\/\\\/www.webdo.tn\\\/fr\\\/actualite\\\/sport\\\/sadio-mane-declare-forfait-pour-le-mondial\\\/199110\\\/\"},\"wordCount\":158,\"commentCount\":0,\"publisher\":{\"@id\":\"https:\\\/\\\/www.webdo.tn\\\/fr\\\/#organization\"},\"image\":{\"@id\":\"https:\\\/\\\/www.webdo.tn\\\/fr\\\/actualite\\\/sport\\\/sadio-mane-declare-forfait-pour-le-mondial\\\/199110\\\/#primaryimage\"},\"thumbnailUrl\":\"https:\\\/\\\/www.webdo.tn\\\/fr\\\/wp-content\\\/uploads\\\/2022\\\/11\\\/649efcab53edfd9630fb87e5e5628f54.jpg\",\"keywords\":[\"Coupe du Monde\",\"sadio man\u00e9\",\"S\u00e9n\u00e9gal\"],\"articleSection\":[\"Sport\"],\"inLanguage\":\"fr-FR\"},{\"@type\":\"WebPage\",\"@id\":\"https:\\\/\\\/www.webdo.tn\\\/fr\\\/actualite\\\/sport\\\/sadio-mane-declare-forfait-pour-le-mondial\\\/199110\\\/\",\"url\":\"https:\\\/\\\/www.webdo.tn\\\/fr\\\/actualite\\\/sport\\\/sadio-mane-declare-forfait-pour-le-mondial\\\/199110\\\/\",\"name\":\"Sadio Man\u00e9 d\u00e9clare forfait pour le Mondial\",\"isPartOf\":{\"@id\":\"https:\\\/\\\/www.webdo.tn\\\/fr\\\/#website\"},\"primaryImageOfPage\":{\"@id\":\"https:\\\/\\\/www.webdo.tn\\\/fr\\\/actualite\\\/sport\\\/sadio-mane-declare-forfait-pour-le-mondial\\\/199110\\\/#primaryimage\"},\"image\":{\"@id\":\"https:\\\/\\\/www.webdo.tn\\\/fr\\\/actualite\\\/sport\\\/sadio-mane-declare-forfait-pour-le-mondial\\\/199110\\\/#primaryimage\"},\"thumbnailUrl\":\"https:\\\/\\\/www.webdo.tn\\\/fr\\\/wp-content\\\/uploads\\\/2022\\\/11\\\/649efcab53edfd9630fb87e5e5628f54.jpg\",\"datePublished\":\"2022-11-18T09:26:00+00:00\",\"dateModified\":\"2025-05-22T11:43:51+00:00\",\"description\":\"La star du S\u00e9n\u00e9gal, Sadio Man\u00e9, a d\u00e9clar\u00e9 forfait pour la Coupe du monde en raison de sa blessure au p\u00e9ron\u00e9 droit, a annonc\u00e9 hier, la F\u00e9d\u00e9ration s\u00e9n\u00e9galaise de...\",\"breadcrumb\":{\"@id\":\"https:\\\/\\\/www.webdo.tn\\\/fr\\\/actualite\\\/sport\\\/sadio-mane-declare-forfait-pour-le-mondial\\\/199110\\\/#breadcrumb\"},\"inLanguage\":\"fr-FR\",\"potentialAction\":[{\"@type\":\"ReadAction\",\"target\":[\"https:\\\/\\\/www.webdo.tn\\\/fr\\\/actualite\\\/sport\\\/sadio-mane-declare-forfait-pour-le-mondial\\\/199110\\\/\"]}]},{\"@type\":\"ImageObject\",\"inLanguage\":\"fr-FR\",\"@id\":\"https:\\\/\\\/www.webdo.tn\\\/fr\\\/actualite\\\/sport\\\/sadio-mane-declare-forfait-pour-le-mondial\\\/199110\\\/#primaryimage\",\"url\":\"https:\\\/\\\/www.webdo.tn\\\/fr\\\/wp-content\\\/uploads\\\/2022\\\/11\\\/649efcab53edfd9630fb87e5e5628f54.jpg\",\"contentUrl\":\"https:\\\/\\\/www.webdo.tn\\\/fr\\\/wp-content\\\/uploads\\\/2022\\\/11\\\/649efcab53edfd9630fb87e5e5628f54.jpg\",\"width\":750,\"height\":400,\"caption\":\"Sadio Man\u00e9 forfait\"},{\"@type\":\"BreadcrumbList\",\"@id\":\"https:\\\/\\\/www.webdo.tn\\\/fr\\\/actualite\\\/sport\\\/sadio-mane-declare-forfait-pour-le-mondial\\\/199110\\\/#breadcrumb\",\"itemListElement\":[{\"@type\":\"ListItem\",\"position\":1,\"name\":\"Accueil\",\"item\":\"https:\\\/\\\/www.webdo.tn\\\/fr\\\/\"},{\"@type\":\"ListItem\",\"position\":2,\"name\":\"Sadio Man\u00e9 d\u00e9clare forfait pour le Mondial\"}]},{\"@type\":\"WebSite\",\"@id\":\"https:\\\/\\\/www.webdo.tn\\\/fr\\\/#website\",\"url\":\"https:\\\/\\\/www.webdo.tn\\\/fr\\\/\",\"name\":\"webdo\",\"description\":\"Tunisie - News en Tunisie et \u00e0 l&#039;international sur Webdo.tn\",\"publisher\":{\"@id\":\"https:\\\/\\\/www.webdo.tn\\\/fr\\\/#organization\"},\"potentialAction\":[{\"@type\":\"SearchAction\",\"target\":{\"@type\":\"EntryPoint\",\"urlTemplate\":\"https:\\\/\\\/www.webdo.tn\\\/fr\\\/?s={search_term_string}\"},\"query-input\":{\"@type\":\"PropertyValueSpecification\",\"valueRequired\":true,\"valueName\":\"search_term_string\"}}],\"inLanguage\":\"fr-FR\"},{\"@type\":\"Organization\",\"@id\":\"https:\\\/\\\/www.webdo.tn\\\/fr\\\/#organization\",\"name\":\"Webdo\",\"alternateName\":\"Webdo.tn\",\"url\":\"https:\\\/\\\/www.webdo.tn\\\/fr\\\/\",\"logo\":{\"@type\":\"ImageObject\",\"inLanguage\":\"fr-FR\",\"@id\":\"https:\\\/\\\/www.webdo.tn\\\/fr\\\/#\\\/schema\\\/logo\\\/image\\\/\",\"url\":\"https:\\\/\\\/www.webdo.tn\\\/fr\\\/wp-content\\\/uploads\\\/2025\\\/06\\\/Webdo-Tunisie_168377.jpg\",\"contentUrl\":\"https:\\\/\\\/www.webdo.tn\\\/fr\\\/wp-content\\\/uploads\\\/2025\\\/06\\\/Webdo-Tunisie_168377.jpg\",\"width\":301,\"height\":301,\"caption\":\"Webdo\"},\"image\":{\"@id\":\"https:\\\/\\\/www.webdo.tn\\\/fr\\\/#\\\/schema\\\/logo\\\/image\\\/\"},\"sameAs\":[\"https:\\\/\\\/www.facebook.com\\\/webdotn\",\"https:\\\/\\\/x.com\\\/webdo_tn\"],\"description\":\"Webdo est un m\u00e9dia num\u00e9rique tunisien fond\u00e9 en 2010, sp\u00e9cialis\u00e9 dans l\u2019actualit\u00e9 nationale et internationale, l\u2019\u00e9conomie, la soci\u00e9t\u00e9 et les analyses politiques. Le site s\u2019adresse \u00e0 un large public francophone et couvre l\u2019information tunisienne en temps r\u00e9el.\",\"email\":\"redac@webdo.tn\",\"legalName\":\"YNJ SARL\",\"foundingDate\":\"2010-09-06\",\"numberOfEmployees\":{\"@type\":\"QuantitativeValue\",\"minValue\":\"11\",\"maxValue\":\"50\"}},{\"@type\":\"Person\",\"@id\":\"https:\\\/\\\/www.webdo.tn\\\/fr\\\/#\\\/schema\\\/person\\\/2c4929cbf5a809e3bd38617c6ce150f6\",\"name\":\"MC\",\"image\":{\"@type\":\"ImageObject\",\"inLanguage\":\"fr-FR\",\"@id\":\"https:\\\/\\\/secure.gravatar.com\\\/avatar\\\/a545bbb6f84efdd5553dbbc2895e3ca8f1d12c5215e00a041c9670b54aa9b18a?s=96&d=mm&r=g\",\"url\":\"https:\\\/\\\/secure.gravatar.com\\\/avatar\\\/a545bbb6f84efdd5553dbbc2895e3ca8f1d12c5215e00a041c9670b54aa9b18a?s=96&d=mm&r=g\",\"contentUrl\":\"https:\\\/\\\/secure.gravatar.com\\\/avatar\\\/a545bbb6f84efdd5553dbbc2895e3ca8f1d12c5215e00a041c9670b54aa9b18a?s=96&d=mm&r=g\",\"caption\":\"MC\"},\"url\":\"https:\\\/\\\/www.webdo.tn\\\/fr\\\/actualite\\\/author\\\/mc\\\/\"}]}<\/script>\n<!-- \/ Yoast SEO Premium plugin. -->","yoast_head_json":{"title":"Sadio Man\u00e9 d\u00e9clare forfait pour le Mondial","description":"La star du S\u00e9n\u00e9gal, Sadio Man\u00e9, a d\u00e9clar\u00e9 forfait pour la Coupe du monde en raison de sa blessure au p\u00e9ron\u00e9 droit, a annonc\u00e9 hier, la F\u00e9d\u00e9ration s\u00e9n\u00e9galaise de...","canonical":"https:\/\/www.webdo.tn\/fr\/actualite\/sport\/sadio-mane-declare-forfait-pour-le-mondial\/199110\/","og_locale":"fr_FR","og_type":"article","og_title":"Sadio Man\u00e9 d\u00e9clare forfait pour le Mondial","og_description":"La star du S\u00e9n\u00e9gal, Sadio Man\u00e9, a d\u00e9clar\u00e9 forfait pour la Coupe du monde en raison de sa blessure au p\u00e9ron\u00e9 droit, a annonc\u00e9 hier, la F\u00e9d\u00e9ration s\u00e9n\u00e9galaise de...","og_url":"https:\/\/www.webdo.tn\/fr\/actualite\/sport\/sadio-mane-declare-forfait-pour-le-mondial\/199110\/","og_site_name":"webdo","article_publisher":"https:\/\/www.facebook.com\/webdotn","article_published_time":"2022-11-18T09:26:00+00:00","article_modified_time":"2025-05-22T11:43:51+00:00","og_image":[{"width":750,"height":400,"url":"https:\/\/www.webdo.tn\/fr\/wp-content\/uploads\/2022\/11\/649efcab53edfd9630fb87e5e5628f54.jpg","type":"image\/jpeg"}],"author":"MC","twitter_card":"summary_large_image","twitter_creator":"@webdo_tn","twitter_site":"@webdo_tn","twitter_misc":{"\u00c9crit par":"MC","Dur\u00e9e de lecture estim\u00e9e":"1 minute"},"schema":{"@context":"https:\/\/schema.org","@graph":[{"@type":"NewsArticle","@id":"https:\/\/www.webdo.tn\/fr\/actualite\/sport\/sadio-mane-declare-forfait-pour-le-mondial\/199110\/#article","isPartOf":{"@id":"https:\/\/www.webdo.tn\/fr\/actualite\/sport\/sadio-mane-declare-forfait-pour-le-mondial\/199110\/"},"author":{"name":"MC","@id":"https:\/\/www.webdo.tn\/fr\/#\/schema\/person\/2c4929cbf5a809e3bd38617c6ce150f6"},"headline":"Sadio Man\u00e9 d\u00e9clare forfait pour le Mondial","datePublished":"2022-11-18T09:26:00+00:00","dateModified":"2025-05-22T11:43:51+00:00","mainEntityOfPage":{"@id":"https:\/\/www.webdo.tn\/fr\/actualite\/sport\/sadio-mane-declare-forfait-pour-le-mondial\/199110\/"},"wordCount":158,"commentCount":0,"publisher":{"@id":"https:\/\/www.webdo.tn\/fr\/#organization"},"image":{"@id":"https:\/\/www.webdo.tn\/fr\/actualite\/sport\/sadio-mane-declare-forfait-pour-le-mondial\/199110\/#primaryimage"},"thumbnailUrl":"https:\/\/www.webdo.tn\/fr\/wp-content\/uploads\/2022\/11\/649efcab53edfd9630fb87e5e5628f54.jpg","keywords":["Coupe du Monde","sadio man\u00e9","S\u00e9n\u00e9gal"],"articleSection":["Sport"],"inLanguage":"fr-FR"},{"@type":"WebPage","@id":"https:\/\/www.webdo.tn\/fr\/actualite\/sport\/sadio-mane-declare-forfait-pour-le-mondial\/199110\/","url":"https:\/\/www.webdo.tn\/fr\/actualite\/sport\/sadio-mane-declare-forfait-pour-le-mondial\/199110\/","name":"Sadio Man\u00e9 d\u00e9clare forfait pour le Mondial","isPartOf":{"@id":"https:\/\/www.webdo.tn\/fr\/#website"},"primaryImageOfPage":{"@id":"https:\/\/www.webdo.tn\/fr\/actualite\/sport\/sadio-mane-declare-forfait-pour-le-mondial\/199110\/#primaryimage"},"image":{"@id":"https:\/\/www.webdo.tn\/fr\/actualite\/sport\/sadio-mane-declare-forfait-pour-le-mondial\/199110\/#primaryimage"},"thumbnailUrl":"https:\/\/www.webdo.tn\/fr\/wp-content\/uploads\/2022\/11\/649efcab53edfd9630fb87e5e5628f54.jpg","datePublished":"2022-11-18T09:26:00+00:00","dateModified":"2025-05-22T11:43:51+00:00","description":"La star du S\u00e9n\u00e9gal, Sadio Man\u00e9, a d\u00e9clar\u00e9 forfait pour la Coupe du monde en raison de sa blessure au p\u00e9ron\u00e9 droit, a annonc\u00e9 hier, la F\u00e9d\u00e9ration s\u00e9n\u00e9galaise de...","breadcrumb":{"@id":"https:\/\/www.webdo.tn\/fr\/actualite\/sport\/sadio-mane-declare-forfait-pour-le-mondial\/199110\/#breadcrumb"},"inLanguage":"fr-FR","potentialAction":[{"@type":"ReadAction","target":["https:\/\/www.webdo.tn\/fr\/actualite\/sport\/sadio-mane-declare-forfait-pour-le-mondial\/199110\/"]}]},{"@type":"ImageObject","inLanguage":"fr-FR","@id":"https:\/\/www.webdo.tn\/fr\/actualite\/sport\/sadio-mane-declare-forfait-pour-le-mondial\/199110\/#primaryimage","url":"https:\/\/www.webdo.tn\/fr\/wp-content\/uploads\/2022\/11\/649efcab53edfd9630fb87e5e5628f54.jpg","contentUrl":"https:\/\/www.webdo.tn\/fr\/wp-content\/uploads\/2022\/11\/649efcab53edfd9630fb87e5e5628f54.jpg","width":750,"height":400,"caption":"Sadio Man\u00e9 forfait"},{"@type":"BreadcrumbList","@id":"https:\/\/www.webdo.tn\/fr\/actualite\/sport\/sadio-mane-declare-forfait-pour-le-mondial\/199110\/#breadcrumb","itemListElement":[{"@type":"ListItem","position":1,"name":"Accueil","item":"https:\/\/www.webdo.tn\/fr\/"},{"@type":"ListItem","position":2,"name":"Sadio Man\u00e9 d\u00e9clare forfait pour le Mondial"}]},{"@type":"WebSite","@id":"https:\/\/www.webdo.tn\/fr\/#website","url":"https:\/\/www.webdo.tn\/fr\/","name":"webdo","description":"Tunisie - News en Tunisie et \u00e0 l&#039;international sur Webdo.tn","publisher":{"@id":"https:\/\/www.webdo.tn\/fr\/#organization"},"potentialAction":[{"@type":"SearchAction","target":{"@type":"EntryPoint","urlTemplate":"https:\/\/www.webdo.tn\/fr\/?s={search_term_string}"},"query-input":{"@type":"PropertyValueSpecification","valueRequired":true,"valueName":"search_term_string"}}],"inLanguage":"fr-FR"},{"@type":"Organization","@id":"https:\/\/www.webdo.tn\/fr\/#organization","name":"Webdo","alternateName":"Webdo.tn","url":"https:\/\/www.webdo.tn\/fr\/","logo":{"@type":"ImageObject","inLanguage":"fr-FR","@id":"https:\/\/www.webdo.tn\/fr\/#\/schema\/logo\/image\/","url":"https:\/\/www.webdo.tn\/fr\/wp-content\/uploads\/2025\/06\/Webdo-Tunisie_168377.jpg","contentUrl":"https:\/\/www.webdo.tn\/fr\/wp-content\/uploads\/2025\/06\/Webdo-Tunisie_168377.jpg","width":301,"height":301,"caption":"Webdo"},"image":{"@id":"https:\/\/www.webdo.tn\/fr\/#\/schema\/logo\/image\/"},"sameAs":["https:\/\/www.facebook.com\/webdotn","https:\/\/x.com\/webdo_tn"],"description":"Webdo est un m\u00e9dia num\u00e9rique tunisien fond\u00e9 en 2010, sp\u00e9cialis\u00e9 dans l\u2019actualit\u00e9 nationale et internationale, l\u2019\u00e9conomie, la soci\u00e9t\u00e9 et les analyses politiques. Le site s\u2019adresse \u00e0 un large public francophone et couvre l\u2019information tunisienne en temps r\u00e9el.","email":"redac@webdo.tn","legalName":"YNJ SARL","foundingDate":"2010-09-06","numberOfEmployees":{"@type":"QuantitativeValue","minValue":"11","maxValue":"50"}},{"@type":"Person","@id":"https:\/\/www.webdo.tn\/fr\/#\/schema\/person\/2c4929cbf5a809e3bd38617c6ce150f6","name":"MC","image":{"@type":"ImageObject","inLanguage":"fr-FR","@id":"https:\/\/secure.gravatar.com\/avatar\/a545bbb6f84efdd5553dbbc2895e3ca8f1d12c5215e00a041c9670b54aa9b18a?s=96&d=mm&r=g","url":"https:\/\/secure.gravatar.com\/avatar\/a545bbb6f84efdd5553dbbc2895e3ca8f1d12c5215e00a041c9670b54aa9b18a?s=96&d=mm&r=g","contentUrl":"https:\/\/secure.gravatar.com\/avatar\/a545bbb6f84efdd5553dbbc2895e3ca8f1d12c5215e00a041c9670b54aa9b18a?s=96&d=mm&r=g","caption":"MC"},"url":"https:\/\/www.webdo.tn\/fr\/actualite\/author\/mc\/"}]}},"_links":{"self":[{"href":"https:\/\/www.webdo.tn\/fr\/wp-json\/wp\/v2\/posts\/199110","targetHints":{"allow":["GET"]}}],"collection":[{"href":"https:\/\/www.webdo.tn\/fr\/wp-json\/wp\/v2\/posts"}],"about":[{"href":"https:\/\/www.webdo.tn\/fr\/wp-json\/wp\/v2\/types\/post"}],"author":[{"embeddable":true,"href":"https:\/\/www.webdo.tn\/fr\/wp-json\/wp\/v2\/users\/3162"}],"replies":[{"embeddable":true,"href":"https:\/\/www.webdo.tn\/fr\/wp-json\/wp\/v2\/comments?post=199110"}],"version-history":[{"count":0,"href":"https:\/\/www.webdo.tn\/fr\/wp-json\/wp\/v2\/posts\/199110\/revisions"}],"wp:featuredmedia":[{"embeddable":true,"href":"https:\/\/www.webdo.tn\/fr\/wp-json\/wp\/v2\/media\/348570"}],"wp:attachment":[{"href":"https:\/\/www.webdo.tn\/fr\/wp-json\/wp\/v2\/media?parent=199110"}],"wp:term":[{"taxonomy":"category","embeddable":true,"href":"https:\/\/www.webdo.tn\/fr\/wp-json\/wp\/v2\/categories?post=199110"},{"taxonomy":"post_tag","embeddable":true,"href":"https:\/\/www.webdo.tn\/fr\/wp-json\/wp\/v2\/tags?post=199110"}],"curies":[{"name":"wp","href":"https:\/\/api.w.org\/{rel}","templated":true}]}}