{"id":199102,"date":"2022-11-18T07:25:00","date_gmt":"2022-11-18T07:25:00","guid":{"rendered":"https:\/\/www.webdo.tn\/fr\/blog\/sit-in-de-colere-a-sfax-a-cause-de-la-crise-environnementale\/199102\/"},"modified":"2025-05-20T22:47:57","modified_gmt":"2025-05-20T22:47:57","slug":"sit-in-de-colere-a-sfax-a-cause-de-la-crise-environnementale","status":"publish","type":"post","link":"https:\/\/www.webdo.tn\/fr\/actualite\/regions\/sit-in-de-colere-a-sfax-a-cause-de-la-crise-environnementale\/199102\/","title":{"rendered":"Sit-in de col\u00e8re \u00e0 Sfax \u00e0 cause de la crise environnementale"},"content":{"rendered":"<p>Plusieurs repr\u00e9sentants d&rsquo;organisations nationales, de structures professionnelles et de composantes de la soci\u00e9t\u00e9 civile \u00e0 Sfax ont observ\u00e9, hier jeudi, un sit-in de col\u00e8re devant l&rsquo;h\u00f4tel de ville de la r\u00e9gion pour exprimer leur m\u00e9contentement face \u00e0 la d\u00e9gradation de la situation environnementale que conna\u00eet la r\u00e9gion depuis plus d&rsquo;une ann\u00e9e.<\/p>\n<p>\t\t\t\t\t\t\t\t\tCette situation s&rsquo;est amplifi\u00e9e \u00e0 la suite du d\u00e9clenchement, mardi dernier, d&rsquo;un incendie dans la d\u00e9charge de la route du port, ferm\u00e9e depuis le 31 octobre dernier.<\/p>\n<p>Cet incendie a caus\u00e9 l&rsquo;\u00e9mission de dioxines (gaz canc\u00e9rig\u00e8ne), ce qui a suscit\u00e9 l&rsquo;inqui\u00e9tude des citoyens. De nombre \u00e9tablissements \u00e9ducatifs et administrations ont ferm\u00e9 leurs portes en raison de l&rsquo;\u00e9manation de ces gaz.<\/p>\n<p>Selon le repr\u00e9sentant des organisations nationales, des structures professionnelles et des composantes de la soci\u00e9t\u00e9 civile \u00e0 Sfax, Slim Marrekchi, \u00ab\u00a0cette journ\u00e9e de col\u00e8re est l&rsquo;amorce d&rsquo;une s\u00e9rie de mouvements de protestations qui ont pour objectif de faire entendre la voix des habitants de Sfax aux autorit\u00e9s centrales, particuli\u00e8rement face \u00e0 leur mutisme persistant et le d\u00e9sengagement de leurs responsabilit\u00e9s envers le gouvernorat\u00a0\u00bb.<\/p>\n<p>\u00ab\u00a0Au cas o\u00f9 les autorit\u00e9s ne trouveraient pas une solution radicale \u00e0 ce probl\u00e8me \u00e9pineux, les habitants de Sfax menacent de boycotter les prochaines \u00e9lections l\u00e9gislatives et d&rsquo;organiser un grand mouvement de protestation place de la Kasbah ou devant le si\u00e8ge du minist\u00e8re de l&rsquo;environnement\u00a0\u00bb, a-t-il averti.<\/p>\n","protected":false},"excerpt":{"rendered":"<p>Plusieurs repr\u00e9sentants d&rsquo;organisations nationales, de structures professionnelles et de composantes de la soci\u00e9t\u00e9 civile \u00e0 Sfax ont observ\u00e9, hier jeudi, un sit&#8230;<\/p>\n","protected":false},"author":3175,"featured_media":277265,"comment_status":"open","ping_status":"closed","sticky":false,"template":"","format":"standard","meta":{"footnotes":""},"categories":[2595],"tags":[2675,3190,2608],"class_list":["post-199102","post","type-post","status-publish","format-standard","has-post-thumbnail","hentry","category-regions","tag-sfax","tag-sit-in","tag-tunisie"],"yoast_head":"<!-- This site is optimized with the Yoast SEO Premium plugin v27.4 (Yoast SEO v27.5) - https:\/\/yoast.com\/product\/yoast-seo-premium-wordpress\/ -->\n<title>Sit-in de col\u00e8re \u00e0 Sfax \u00e0 cause de la crise environnementale<\/title>\n<meta name=\"description\" content=\"Plusieurs repr\u00e9sentants d&#039;organisations nationales, de structures professionnelles et de composantes de la soci\u00e9t\u00e9 civile \u00e0 Sfax ont observ\u00e9, hier jeudi, un sit...\" \/>\n<link rel=\"canonical\" href=\"https:\/\/www.webdo.tn\/fr\/actualite\/regions\/sit-in-de-colere-a-sfax-a-cause-de-la-crise-environnementale\/199102\/\" \/>\n<meta property=\"og:locale\" content=\"fr_FR\" \/>\n<meta property=\"og:type\" content=\"article\" \/>\n<meta property=\"og:title\" content=\"Sit-in de col\u00e8re \u00e0 Sfax \u00e0 cause de la crise environnementale\" \/>\n<meta property=\"og:description\" content=\"Plusieurs repr\u00e9sentants d&#039;organisations nationales, de structures professionnelles et de composantes de la soci\u00e9t\u00e9 civile \u00e0 Sfax ont observ\u00e9, hier jeudi, un sit...\" \/>\n<meta property=\"og:url\" content=\"https:\/\/www.webdo.tn\/fr\/actualite\/regions\/sit-in-de-colere-a-sfax-a-cause-de-la-crise-environnementale\/199102\/\" \/>\n<meta property=\"og:site_name\" content=\"webdo\" \/>\n<meta property=\"article:publisher\" content=\"https:\/\/www.facebook.com\/webdotn\" \/>\n<meta property=\"article:published_time\" content=\"2022-11-18T07:25:00+00:00\" \/>\n<meta property=\"article:modified_time\" content=\"2025-05-20T22:47:57+00:00\" \/>\n<meta property=\"og:image\" content=\"https:\/\/www.webdo.tn\/fr\/wp-content\/uploads\/2022\/11\/e0f3c2b7128be081ad6e7af56442838c.jpg\" \/>\n\t<meta property=\"og:image:width\" content=\"750\" \/>\n\t<meta property=\"og:image:height\" content=\"400\" \/>\n\t<meta property=\"og:image:type\" content=\"image\/jpeg\" \/>\n<meta name=\"author\" content=\"CL\" \/>\n<meta name=\"twitter:card\" content=\"summary_large_image\" \/>\n<meta name=\"twitter:creator\" content=\"@webdo_tn\" \/>\n<meta name=\"twitter:site\" content=\"@webdo_tn\" \/>\n<meta name=\"twitter:label1\" content=\"\u00c9crit par\" \/>\n\t<meta name=\"twitter:data1\" content=\"CL\" \/>\n\t<meta name=\"twitter:label2\" content=\"Dur\u00e9e de lecture estim\u00e9e\" \/>\n\t<meta name=\"twitter:data2\" content=\"1 minute\" \/>\n<script type=\"application\/ld+json\" class=\"yoast-schema-graph\">{\"@context\":\"https:\\\/\\\/schema.org\",\"@graph\":[{\"@type\":\"NewsArticle\",\"@id\":\"https:\\\/\\\/www.webdo.tn\\\/fr\\\/actualite\\\/regions\\\/sit-in-de-colere-a-sfax-a-cause-de-la-crise-environnementale\\\/199102\\\/#article\",\"isPartOf\":{\"@id\":\"https:\\\/\\\/www.webdo.tn\\\/fr\\\/actualite\\\/regions\\\/sit-in-de-colere-a-sfax-a-cause-de-la-crise-environnementale\\\/199102\\\/\"},\"author\":{\"name\":\"CL\",\"@id\":\"https:\\\/\\\/www.webdo.tn\\\/fr\\\/#\\\/schema\\\/person\\\/f35b42a42c5e2511bbd282959d6385cc\"},\"headline\":\"Sit-in de col\u00e8re \u00e0 Sfax \u00e0 cause de la crise environnementale\",\"datePublished\":\"2022-11-18T07:25:00+00:00\",\"dateModified\":\"2025-05-20T22:47:57+00:00\",\"mainEntityOfPage\":{\"@id\":\"https:\\\/\\\/www.webdo.tn\\\/fr\\\/actualite\\\/regions\\\/sit-in-de-colere-a-sfax-a-cause-de-la-crise-environnementale\\\/199102\\\/\"},\"wordCount\":267,\"commentCount\":0,\"publisher\":{\"@id\":\"https:\\\/\\\/www.webdo.tn\\\/fr\\\/#organization\"},\"image\":{\"@id\":\"https:\\\/\\\/www.webdo.tn\\\/fr\\\/actualite\\\/regions\\\/sit-in-de-colere-a-sfax-a-cause-de-la-crise-environnementale\\\/199102\\\/#primaryimage\"},\"thumbnailUrl\":\"https:\\\/\\\/www.webdo.tn\\\/fr\\\/wp-content\\\/uploads\\\/2022\\\/11\\\/e0f3c2b7128be081ad6e7af56442838c.jpg\",\"keywords\":[\"Sfax\",\"sit-in\",\"Tunisie\"],\"articleSection\":[\"regions\"],\"inLanguage\":\"fr-FR\"},{\"@type\":\"WebPage\",\"@id\":\"https:\\\/\\\/www.webdo.tn\\\/fr\\\/actualite\\\/regions\\\/sit-in-de-colere-a-sfax-a-cause-de-la-crise-environnementale\\\/199102\\\/\",\"url\":\"https:\\\/\\\/www.webdo.tn\\\/fr\\\/actualite\\\/regions\\\/sit-in-de-colere-a-sfax-a-cause-de-la-crise-environnementale\\\/199102\\\/\",\"name\":\"Sit-in de col\u00e8re \u00e0 Sfax \u00e0 cause de la crise environnementale\",\"isPartOf\":{\"@id\":\"https:\\\/\\\/www.webdo.tn\\\/fr\\\/#website\"},\"primaryImageOfPage\":{\"@id\":\"https:\\\/\\\/www.webdo.tn\\\/fr\\\/actualite\\\/regions\\\/sit-in-de-colere-a-sfax-a-cause-de-la-crise-environnementale\\\/199102\\\/#primaryimage\"},\"image\":{\"@id\":\"https:\\\/\\\/www.webdo.tn\\\/fr\\\/actualite\\\/regions\\\/sit-in-de-colere-a-sfax-a-cause-de-la-crise-environnementale\\\/199102\\\/#primaryimage\"},\"thumbnailUrl\":\"https:\\\/\\\/www.webdo.tn\\\/fr\\\/wp-content\\\/uploads\\\/2022\\\/11\\\/e0f3c2b7128be081ad6e7af56442838c.jpg\",\"datePublished\":\"2022-11-18T07:25:00+00:00\",\"dateModified\":\"2025-05-20T22:47:57+00:00\",\"description\":\"Plusieurs repr\u00e9sentants d'organisations nationales, de structures professionnelles et de composantes de la soci\u00e9t\u00e9 civile \u00e0 Sfax ont observ\u00e9, hier jeudi, un sit...\",\"breadcrumb\":{\"@id\":\"https:\\\/\\\/www.webdo.tn\\\/fr\\\/actualite\\\/regions\\\/sit-in-de-colere-a-sfax-a-cause-de-la-crise-environnementale\\\/199102\\\/#breadcrumb\"},\"inLanguage\":\"fr-FR\",\"potentialAction\":[{\"@type\":\"ReadAction\",\"target\":[\"https:\\\/\\\/www.webdo.tn\\\/fr\\\/actualite\\\/regions\\\/sit-in-de-colere-a-sfax-a-cause-de-la-crise-environnementale\\\/199102\\\/\"]}]},{\"@type\":\"ImageObject\",\"inLanguage\":\"fr-FR\",\"@id\":\"https:\\\/\\\/www.webdo.tn\\\/fr\\\/actualite\\\/regions\\\/sit-in-de-colere-a-sfax-a-cause-de-la-crise-environnementale\\\/199102\\\/#primaryimage\",\"url\":\"https:\\\/\\\/www.webdo.tn\\\/fr\\\/wp-content\\\/uploads\\\/2022\\\/11\\\/e0f3c2b7128be081ad6e7af56442838c.jpg\",\"contentUrl\":\"https:\\\/\\\/www.webdo.tn\\\/fr\\\/wp-content\\\/uploads\\\/2022\\\/11\\\/e0f3c2b7128be081ad6e7af56442838c.jpg\",\"width\":750,\"height\":400,\"caption\":\"Sfax\"},{\"@type\":\"BreadcrumbList\",\"@id\":\"https:\\\/\\\/www.webdo.tn\\\/fr\\\/actualite\\\/regions\\\/sit-in-de-colere-a-sfax-a-cause-de-la-crise-environnementale\\\/199102\\\/#breadcrumb\",\"itemListElement\":[{\"@type\":\"ListItem\",\"position\":1,\"name\":\"Accueil\",\"item\":\"https:\\\/\\\/www.webdo.tn\\\/fr\\\/\"},{\"@type\":\"ListItem\",\"position\":2,\"name\":\"Sit-in de col\u00e8re \u00e0 Sfax \u00e0 cause de la crise environnementale\"}]},{\"@type\":\"WebSite\",\"@id\":\"https:\\\/\\\/www.webdo.tn\\\/fr\\\/#website\",\"url\":\"https:\\\/\\\/www.webdo.tn\\\/fr\\\/\",\"name\":\"webdo\",\"description\":\"Tunisie - News en Tunisie et \u00e0 l&#039;international sur Webdo.tn\",\"publisher\":{\"@id\":\"https:\\\/\\\/www.webdo.tn\\\/fr\\\/#organization\"},\"potentialAction\":[{\"@type\":\"SearchAction\",\"target\":{\"@type\":\"EntryPoint\",\"urlTemplate\":\"https:\\\/\\\/www.webdo.tn\\\/fr\\\/?s={search_term_string}\"},\"query-input\":{\"@type\":\"PropertyValueSpecification\",\"valueRequired\":true,\"valueName\":\"search_term_string\"}}],\"inLanguage\":\"fr-FR\"},{\"@type\":\"Organization\",\"@id\":\"https:\\\/\\\/www.webdo.tn\\\/fr\\\/#organization\",\"name\":\"Webdo\",\"alternateName\":\"Webdo.tn\",\"url\":\"https:\\\/\\\/www.webdo.tn\\\/fr\\\/\",\"logo\":{\"@type\":\"ImageObject\",\"inLanguage\":\"fr-FR\",\"@id\":\"https:\\\/\\\/www.webdo.tn\\\/fr\\\/#\\\/schema\\\/logo\\\/image\\\/\",\"url\":\"https:\\\/\\\/www.webdo.tn\\\/fr\\\/wp-content\\\/uploads\\\/2025\\\/06\\\/Webdo-Tunisie_168377.jpg\",\"contentUrl\":\"https:\\\/\\\/www.webdo.tn\\\/fr\\\/wp-content\\\/uploads\\\/2025\\\/06\\\/Webdo-Tunisie_168377.jpg\",\"width\":301,\"height\":301,\"caption\":\"Webdo\"},\"image\":{\"@id\":\"https:\\\/\\\/www.webdo.tn\\\/fr\\\/#\\\/schema\\\/logo\\\/image\\\/\"},\"sameAs\":[\"https:\\\/\\\/www.facebook.com\\\/webdotn\",\"https:\\\/\\\/x.com\\\/webdo_tn\"],\"description\":\"Webdo est un m\u00e9dia num\u00e9rique tunisien fond\u00e9 en 2010, sp\u00e9cialis\u00e9 dans l\u2019actualit\u00e9 nationale et internationale, l\u2019\u00e9conomie, la soci\u00e9t\u00e9 et les analyses politiques. Le site s\u2019adresse \u00e0 un large public francophone et couvre l\u2019information tunisienne en temps r\u00e9el.\",\"email\":\"redac@webdo.tn\",\"legalName\":\"YNJ SARL\",\"foundingDate\":\"2010-09-06\",\"numberOfEmployees\":{\"@type\":\"QuantitativeValue\",\"minValue\":\"11\",\"maxValue\":\"50\"}},{\"@type\":\"Person\",\"@id\":\"https:\\\/\\\/www.webdo.tn\\\/fr\\\/#\\\/schema\\\/person\\\/f35b42a42c5e2511bbd282959d6385cc\",\"name\":\"CL\",\"image\":{\"@type\":\"ImageObject\",\"inLanguage\":\"fr-FR\",\"@id\":\"https:\\\/\\\/secure.gravatar.com\\\/avatar\\\/1447a49909b67aa657c488aec6512e1dd6143a480c1ecfee9b5b5cd74eb3b59e?s=96&d=mm&r=g\",\"url\":\"https:\\\/\\\/secure.gravatar.com\\\/avatar\\\/1447a49909b67aa657c488aec6512e1dd6143a480c1ecfee9b5b5cd74eb3b59e?s=96&d=mm&r=g\",\"contentUrl\":\"https:\\\/\\\/secure.gravatar.com\\\/avatar\\\/1447a49909b67aa657c488aec6512e1dd6143a480c1ecfee9b5b5cd74eb3b59e?s=96&d=mm&r=g\",\"caption\":\"CL\"},\"url\":\"https:\\\/\\\/www.webdo.tn\\\/fr\\\/actualite\\\/author\\\/cl\\\/\"}]}<\/script>\n<!-- \/ Yoast SEO Premium plugin. -->","yoast_head_json":{"title":"Sit-in de col\u00e8re \u00e0 Sfax \u00e0 cause de la crise environnementale","description":"Plusieurs repr\u00e9sentants d'organisations nationales, de structures professionnelles et de composantes de la soci\u00e9t\u00e9 civile \u00e0 Sfax ont observ\u00e9, hier jeudi, un sit...","canonical":"https:\/\/www.webdo.tn\/fr\/actualite\/regions\/sit-in-de-colere-a-sfax-a-cause-de-la-crise-environnementale\/199102\/","og_locale":"fr_FR","og_type":"article","og_title":"Sit-in de col\u00e8re \u00e0 Sfax \u00e0 cause de la crise environnementale","og_description":"Plusieurs repr\u00e9sentants d'organisations nationales, de structures professionnelles et de composantes de la soci\u00e9t\u00e9 civile \u00e0 Sfax ont observ\u00e9, hier jeudi, un sit...","og_url":"https:\/\/www.webdo.tn\/fr\/actualite\/regions\/sit-in-de-colere-a-sfax-a-cause-de-la-crise-environnementale\/199102\/","og_site_name":"webdo","article_publisher":"https:\/\/www.facebook.com\/webdotn","article_published_time":"2022-11-18T07:25:00+00:00","article_modified_time":"2025-05-20T22:47:57+00:00","og_image":[{"width":750,"height":400,"url":"https:\/\/www.webdo.tn\/fr\/wp-content\/uploads\/2022\/11\/e0f3c2b7128be081ad6e7af56442838c.jpg","type":"image\/jpeg"}],"author":"CL","twitter_card":"summary_large_image","twitter_creator":"@webdo_tn","twitter_site":"@webdo_tn","twitter_misc":{"\u00c9crit par":"CL","Dur\u00e9e de lecture estim\u00e9e":"1 minute"},"schema":{"@context":"https:\/\/schema.org","@graph":[{"@type":"NewsArticle","@id":"https:\/\/www.webdo.tn\/fr\/actualite\/regions\/sit-in-de-colere-a-sfax-a-cause-de-la-crise-environnementale\/199102\/#article","isPartOf":{"@id":"https:\/\/www.webdo.tn\/fr\/actualite\/regions\/sit-in-de-colere-a-sfax-a-cause-de-la-crise-environnementale\/199102\/"},"author":{"name":"CL","@id":"https:\/\/www.webdo.tn\/fr\/#\/schema\/person\/f35b42a42c5e2511bbd282959d6385cc"},"headline":"Sit-in de col\u00e8re \u00e0 Sfax \u00e0 cause de la crise environnementale","datePublished":"2022-11-18T07:25:00+00:00","dateModified":"2025-05-20T22:47:57+00:00","mainEntityOfPage":{"@id":"https:\/\/www.webdo.tn\/fr\/actualite\/regions\/sit-in-de-colere-a-sfax-a-cause-de-la-crise-environnementale\/199102\/"},"wordCount":267,"commentCount":0,"publisher":{"@id":"https:\/\/www.webdo.tn\/fr\/#organization"},"image":{"@id":"https:\/\/www.webdo.tn\/fr\/actualite\/regions\/sit-in-de-colere-a-sfax-a-cause-de-la-crise-environnementale\/199102\/#primaryimage"},"thumbnailUrl":"https:\/\/www.webdo.tn\/fr\/wp-content\/uploads\/2022\/11\/e0f3c2b7128be081ad6e7af56442838c.jpg","keywords":["Sfax","sit-in","Tunisie"],"articleSection":["regions"],"inLanguage":"fr-FR"},{"@type":"WebPage","@id":"https:\/\/www.webdo.tn\/fr\/actualite\/regions\/sit-in-de-colere-a-sfax-a-cause-de-la-crise-environnementale\/199102\/","url":"https:\/\/www.webdo.tn\/fr\/actualite\/regions\/sit-in-de-colere-a-sfax-a-cause-de-la-crise-environnementale\/199102\/","name":"Sit-in de col\u00e8re \u00e0 Sfax \u00e0 cause de la crise environnementale","isPartOf":{"@id":"https:\/\/www.webdo.tn\/fr\/#website"},"primaryImageOfPage":{"@id":"https:\/\/www.webdo.tn\/fr\/actualite\/regions\/sit-in-de-colere-a-sfax-a-cause-de-la-crise-environnementale\/199102\/#primaryimage"},"image":{"@id":"https:\/\/www.webdo.tn\/fr\/actualite\/regions\/sit-in-de-colere-a-sfax-a-cause-de-la-crise-environnementale\/199102\/#primaryimage"},"thumbnailUrl":"https:\/\/www.webdo.tn\/fr\/wp-content\/uploads\/2022\/11\/e0f3c2b7128be081ad6e7af56442838c.jpg","datePublished":"2022-11-18T07:25:00+00:00","dateModified":"2025-05-20T22:47:57+00:00","description":"Plusieurs repr\u00e9sentants d'organisations nationales, de structures professionnelles et de composantes de la soci\u00e9t\u00e9 civile \u00e0 Sfax ont observ\u00e9, hier jeudi, un sit...","breadcrumb":{"@id":"https:\/\/www.webdo.tn\/fr\/actualite\/regions\/sit-in-de-colere-a-sfax-a-cause-de-la-crise-environnementale\/199102\/#breadcrumb"},"inLanguage":"fr-FR","potentialAction":[{"@type":"ReadAction","target":["https:\/\/www.webdo.tn\/fr\/actualite\/regions\/sit-in-de-colere-a-sfax-a-cause-de-la-crise-environnementale\/199102\/"]}]},{"@type":"ImageObject","inLanguage":"fr-FR","@id":"https:\/\/www.webdo.tn\/fr\/actualite\/regions\/sit-in-de-colere-a-sfax-a-cause-de-la-crise-environnementale\/199102\/#primaryimage","url":"https:\/\/www.webdo.tn\/fr\/wp-content\/uploads\/2022\/11\/e0f3c2b7128be081ad6e7af56442838c.jpg","contentUrl":"https:\/\/www.webdo.tn\/fr\/wp-content\/uploads\/2022\/11\/e0f3c2b7128be081ad6e7af56442838c.jpg","width":750,"height":400,"caption":"Sfax"},{"@type":"BreadcrumbList","@id":"https:\/\/www.webdo.tn\/fr\/actualite\/regions\/sit-in-de-colere-a-sfax-a-cause-de-la-crise-environnementale\/199102\/#breadcrumb","itemListElement":[{"@type":"ListItem","position":1,"name":"Accueil","item":"https:\/\/www.webdo.tn\/fr\/"},{"@type":"ListItem","position":2,"name":"Sit-in de col\u00e8re \u00e0 Sfax \u00e0 cause de la crise environnementale"}]},{"@type":"WebSite","@id":"https:\/\/www.webdo.tn\/fr\/#website","url":"https:\/\/www.webdo.tn\/fr\/","name":"webdo","description":"Tunisie - News en Tunisie et \u00e0 l&#039;international sur Webdo.tn","publisher":{"@id":"https:\/\/www.webdo.tn\/fr\/#organization"},"potentialAction":[{"@type":"SearchAction","target":{"@type":"EntryPoint","urlTemplate":"https:\/\/www.webdo.tn\/fr\/?s={search_term_string}"},"query-input":{"@type":"PropertyValueSpecification","valueRequired":true,"valueName":"search_term_string"}}],"inLanguage":"fr-FR"},{"@type":"Organization","@id":"https:\/\/www.webdo.tn\/fr\/#organization","name":"Webdo","alternateName":"Webdo.tn","url":"https:\/\/www.webdo.tn\/fr\/","logo":{"@type":"ImageObject","inLanguage":"fr-FR","@id":"https:\/\/www.webdo.tn\/fr\/#\/schema\/logo\/image\/","url":"https:\/\/www.webdo.tn\/fr\/wp-content\/uploads\/2025\/06\/Webdo-Tunisie_168377.jpg","contentUrl":"https:\/\/www.webdo.tn\/fr\/wp-content\/uploads\/2025\/06\/Webdo-Tunisie_168377.jpg","width":301,"height":301,"caption":"Webdo"},"image":{"@id":"https:\/\/www.webdo.tn\/fr\/#\/schema\/logo\/image\/"},"sameAs":["https:\/\/www.facebook.com\/webdotn","https:\/\/x.com\/webdo_tn"],"description":"Webdo est un m\u00e9dia num\u00e9rique tunisien fond\u00e9 en 2010, sp\u00e9cialis\u00e9 dans l\u2019actualit\u00e9 nationale et internationale, l\u2019\u00e9conomie, la soci\u00e9t\u00e9 et les analyses politiques. Le site s\u2019adresse \u00e0 un large public francophone et couvre l\u2019information tunisienne en temps r\u00e9el.","email":"redac@webdo.tn","legalName":"YNJ SARL","foundingDate":"2010-09-06","numberOfEmployees":{"@type":"QuantitativeValue","minValue":"11","maxValue":"50"}},{"@type":"Person","@id":"https:\/\/www.webdo.tn\/fr\/#\/schema\/person\/f35b42a42c5e2511bbd282959d6385cc","name":"CL","image":{"@type":"ImageObject","inLanguage":"fr-FR","@id":"https:\/\/secure.gravatar.com\/avatar\/1447a49909b67aa657c488aec6512e1dd6143a480c1ecfee9b5b5cd74eb3b59e?s=96&d=mm&r=g","url":"https:\/\/secure.gravatar.com\/avatar\/1447a49909b67aa657c488aec6512e1dd6143a480c1ecfee9b5b5cd74eb3b59e?s=96&d=mm&r=g","contentUrl":"https:\/\/secure.gravatar.com\/avatar\/1447a49909b67aa657c488aec6512e1dd6143a480c1ecfee9b5b5cd74eb3b59e?s=96&d=mm&r=g","caption":"CL"},"url":"https:\/\/www.webdo.tn\/fr\/actualite\/author\/cl\/"}]}},"_links":{"self":[{"href":"https:\/\/www.webdo.tn\/fr\/wp-json\/wp\/v2\/posts\/199102","targetHints":{"allow":["GET"]}}],"collection":[{"href":"https:\/\/www.webdo.tn\/fr\/wp-json\/wp\/v2\/posts"}],"about":[{"href":"https:\/\/www.webdo.tn\/fr\/wp-json\/wp\/v2\/types\/post"}],"author":[{"embeddable":true,"href":"https:\/\/www.webdo.tn\/fr\/wp-json\/wp\/v2\/users\/3175"}],"replies":[{"embeddable":true,"href":"https:\/\/www.webdo.tn\/fr\/wp-json\/wp\/v2\/comments?post=199102"}],"version-history":[{"count":0,"href":"https:\/\/www.webdo.tn\/fr\/wp-json\/wp\/v2\/posts\/199102\/revisions"}],"wp:featuredmedia":[{"embeddable":true,"href":"https:\/\/www.webdo.tn\/fr\/wp-json\/wp\/v2\/media\/277265"}],"wp:attachment":[{"href":"https:\/\/www.webdo.tn\/fr\/wp-json\/wp\/v2\/media?parent=199102"}],"wp:term":[{"taxonomy":"category","embeddable":true,"href":"https:\/\/www.webdo.tn\/fr\/wp-json\/wp\/v2\/categories?post=199102"},{"taxonomy":"post_tag","embeddable":true,"href":"https:\/\/www.webdo.tn\/fr\/wp-json\/wp\/v2\/tags?post=199102"}],"curies":[{"name":"wp","href":"https:\/\/api.w.org\/{rel}","templated":true}]}}