{"id":199098,"date":"2022-11-17T20:46:00","date_gmt":"2022-11-17T20:46:00","guid":{"rendered":"https:\/\/www.webdo.tn\/fr\/blog\/les-directeurs-generaux-de-la-fipa-et-de-l-atct-demis-de-leurs-fonctions\/199098\/"},"modified":"2025-05-20T22:47:57","modified_gmt":"2025-05-20T22:47:57","slug":"les-directeurs-generaux-de-la-fipa-et-de-l-atct-demis-de-leurs-fonctions","status":"publish","type":"post","link":"https:\/\/www.webdo.tn\/fr\/actualite\/national\/les-directeurs-generaux-de-la-fipa-et-de-l-atct-demis-de-leurs-fonctions\/199098\/","title":{"rendered":"Les directeurs g\u00e9n\u00e9raux de la FIPA et de l&rsquo;ATCT d\u00e9mis de leurs fonctions"},"content":{"rendered":"<p>Le directeur g\u00e9n\u00e9ral de l&rsquo;Agence de promotion de l&rsquo;investissement ext\u00e9rieur (FIPA), Abdelbasset Ghanmi, a \u00e9t\u00e9 limog\u00e9, \u00e0 compter du 5 octobre 2022, par d\u00e9cret pr\u00e9sidentiel, publi\u00e9 au Journal Officiel de la R\u00e9publique Tunisienne (JORT), paru, jeudi 17 novembre 2022.<\/p>\n<p>\t\t\t\t\t\t\t\t\tDe m\u00eame, le directeur g\u00e9n\u00e9ral de l&rsquo;Agence tunisienne de la coop\u00e9ration technique (ATCT), Borni Salhi, a \u00e9t\u00e9 d\u00e9mis de ses fonctions, \u00e0 compter du 10 octobre 2022, toujours par d\u00e9cret pr\u00e9sidentiel, publi\u00e9 au JORT du 17 novembre 2022.<\/p>\n","protected":false},"excerpt":{"rendered":"<p>Le directeur g\u00e9n\u00e9ral de l&rsquo;Agence de promotion de l&rsquo;investissement ext\u00e9rieur (FIPA), Abdelbasset Ghanmi, a \u00e9t\u00e9 limog\u00e9, \u00e0 compter du 5 octobre 2022, par d\u00e9cret pr&#8230;<\/p>\n","protected":false},"author":3175,"featured_media":277263,"comment_status":"open","ping_status":"closed","sticky":false,"template":"","format":"standard","meta":{"footnotes":""},"categories":[44],"tags":[9150,5024,2608],"class_list":["post-199098","post","type-post","status-publish","format-standard","has-post-thumbnail","hentry","category-national","tag-fipa","tag-limogeage","tag-tunisie"],"yoast_head":"<!-- This site is optimized with the Yoast SEO Premium plugin v27.4 (Yoast SEO v27.5) - https:\/\/yoast.com\/product\/yoast-seo-premium-wordpress\/ -->\n<title>Les directeurs g\u00e9n\u00e9raux de la FIPA et de l&#039;ATCT d\u00e9mis de leurs fonctions<\/title>\n<meta name=\"description\" content=\"Le directeur g\u00e9n\u00e9ral de l&#039;Agence de promotion de l&#039;investissement ext\u00e9rieur (FIPA), Abdelbasset Ghanmi, a \u00e9t\u00e9 limog\u00e9, \u00e0 compter du 5 octobre 2022, par d\u00e9cret pr...\" \/>\n<link rel=\"canonical\" href=\"https:\/\/www.webdo.tn\/fr\/actualite\/national\/les-directeurs-generaux-de-la-fipa-et-de-l-atct-demis-de-leurs-fonctions\/199098\/\" \/>\n<meta property=\"og:locale\" content=\"fr_FR\" \/>\n<meta property=\"og:type\" content=\"article\" \/>\n<meta property=\"og:title\" content=\"Les directeurs g\u00e9n\u00e9raux de la FIPA et de l&#039;ATCT d\u00e9mis de leurs fonctions\" \/>\n<meta property=\"og:description\" content=\"Le directeur g\u00e9n\u00e9ral de l&#039;Agence de promotion de l&#039;investissement ext\u00e9rieur (FIPA), Abdelbasset Ghanmi, a \u00e9t\u00e9 limog\u00e9, \u00e0 compter du 5 octobre 2022, par d\u00e9cret pr...\" \/>\n<meta property=\"og:url\" content=\"https:\/\/www.webdo.tn\/fr\/actualite\/national\/les-directeurs-generaux-de-la-fipa-et-de-l-atct-demis-de-leurs-fonctions\/199098\/\" \/>\n<meta property=\"og:site_name\" content=\"webdo\" \/>\n<meta property=\"article:publisher\" content=\"https:\/\/www.facebook.com\/webdotn\" \/>\n<meta property=\"article:published_time\" content=\"2022-11-17T20:46:00+00:00\" \/>\n<meta property=\"article:modified_time\" content=\"2025-05-20T22:47:57+00:00\" \/>\n<meta property=\"og:image\" content=\"https:\/\/www.webdo.tn\/fr\/wp-content\/uploads\/2022\/11\/a82fca1a7411bdd32d92d1ae170e276f.jpg\" \/>\n\t<meta property=\"og:image:width\" content=\"750\" \/>\n\t<meta property=\"og:image:height\" content=\"400\" \/>\n\t<meta property=\"og:image:type\" content=\"image\/jpeg\" \/>\n<meta name=\"author\" content=\"CL\" \/>\n<meta name=\"twitter:card\" content=\"summary_large_image\" \/>\n<meta name=\"twitter:creator\" content=\"@webdo_tn\" \/>\n<meta name=\"twitter:site\" content=\"@webdo_tn\" \/>\n<meta name=\"twitter:label1\" content=\"\u00c9crit par\" \/>\n\t<meta name=\"twitter:data1\" content=\"CL\" \/>\n<script type=\"application\/ld+json\" class=\"yoast-schema-graph\">{\"@context\":\"https:\\\/\\\/schema.org\",\"@graph\":[{\"@type\":\"NewsArticle\",\"@id\":\"https:\\\/\\\/www.webdo.tn\\\/fr\\\/actualite\\\/national\\\/les-directeurs-generaux-de-la-fipa-et-de-l-atct-demis-de-leurs-fonctions\\\/199098\\\/#article\",\"isPartOf\":{\"@id\":\"https:\\\/\\\/www.webdo.tn\\\/fr\\\/actualite\\\/national\\\/les-directeurs-generaux-de-la-fipa-et-de-l-atct-demis-de-leurs-fonctions\\\/199098\\\/\"},\"author\":{\"name\":\"CL\",\"@id\":\"https:\\\/\\\/www.webdo.tn\\\/fr\\\/#\\\/schema\\\/person\\\/f35b42a42c5e2511bbd282959d6385cc\"},\"headline\":\"Les directeurs g\u00e9n\u00e9raux de la FIPA et de l&rsquo;ATCT d\u00e9mis de leurs fonctions\",\"datePublished\":\"2022-11-17T20:46:00+00:00\",\"dateModified\":\"2025-05-20T22:47:57+00:00\",\"mainEntityOfPage\":{\"@id\":\"https:\\\/\\\/www.webdo.tn\\\/fr\\\/actualite\\\/national\\\/les-directeurs-generaux-de-la-fipa-et-de-l-atct-demis-de-leurs-fonctions\\\/199098\\\/\"},\"wordCount\":100,\"commentCount\":0,\"publisher\":{\"@id\":\"https:\\\/\\\/www.webdo.tn\\\/fr\\\/#organization\"},\"image\":{\"@id\":\"https:\\\/\\\/www.webdo.tn\\\/fr\\\/actualite\\\/national\\\/les-directeurs-generaux-de-la-fipa-et-de-l-atct-demis-de-leurs-fonctions\\\/199098\\\/#primaryimage\"},\"thumbnailUrl\":\"https:\\\/\\\/www.webdo.tn\\\/fr\\\/wp-content\\\/uploads\\\/2022\\\/11\\\/a82fca1a7411bdd32d92d1ae170e276f.jpg\",\"keywords\":[\"FIPA\",\"Limogeage\",\"Tunisie\"],\"articleSection\":[\"National\"],\"inLanguage\":\"fr-FR\"},{\"@type\":\"WebPage\",\"@id\":\"https:\\\/\\\/www.webdo.tn\\\/fr\\\/actualite\\\/national\\\/les-directeurs-generaux-de-la-fipa-et-de-l-atct-demis-de-leurs-fonctions\\\/199098\\\/\",\"url\":\"https:\\\/\\\/www.webdo.tn\\\/fr\\\/actualite\\\/national\\\/les-directeurs-generaux-de-la-fipa-et-de-l-atct-demis-de-leurs-fonctions\\\/199098\\\/\",\"name\":\"Les directeurs g\u00e9n\u00e9raux de la FIPA et de l'ATCT d\u00e9mis de leurs fonctions\",\"isPartOf\":{\"@id\":\"https:\\\/\\\/www.webdo.tn\\\/fr\\\/#website\"},\"primaryImageOfPage\":{\"@id\":\"https:\\\/\\\/www.webdo.tn\\\/fr\\\/actualite\\\/national\\\/les-directeurs-generaux-de-la-fipa-et-de-l-atct-demis-de-leurs-fonctions\\\/199098\\\/#primaryimage\"},\"image\":{\"@id\":\"https:\\\/\\\/www.webdo.tn\\\/fr\\\/actualite\\\/national\\\/les-directeurs-generaux-de-la-fipa-et-de-l-atct-demis-de-leurs-fonctions\\\/199098\\\/#primaryimage\"},\"thumbnailUrl\":\"https:\\\/\\\/www.webdo.tn\\\/fr\\\/wp-content\\\/uploads\\\/2022\\\/11\\\/a82fca1a7411bdd32d92d1ae170e276f.jpg\",\"datePublished\":\"2022-11-17T20:46:00+00:00\",\"dateModified\":\"2025-05-20T22:47:57+00:00\",\"description\":\"Le directeur g\u00e9n\u00e9ral de l'Agence de promotion de l'investissement ext\u00e9rieur (FIPA), Abdelbasset Ghanmi, a \u00e9t\u00e9 limog\u00e9, \u00e0 compter du 5 octobre 2022, par d\u00e9cret pr...\",\"breadcrumb\":{\"@id\":\"https:\\\/\\\/www.webdo.tn\\\/fr\\\/actualite\\\/national\\\/les-directeurs-generaux-de-la-fipa-et-de-l-atct-demis-de-leurs-fonctions\\\/199098\\\/#breadcrumb\"},\"inLanguage\":\"fr-FR\",\"potentialAction\":[{\"@type\":\"ReadAction\",\"target\":[\"https:\\\/\\\/www.webdo.tn\\\/fr\\\/actualite\\\/national\\\/les-directeurs-generaux-de-la-fipa-et-de-l-atct-demis-de-leurs-fonctions\\\/199098\\\/\"]}]},{\"@type\":\"ImageObject\",\"inLanguage\":\"fr-FR\",\"@id\":\"https:\\\/\\\/www.webdo.tn\\\/fr\\\/actualite\\\/national\\\/les-directeurs-generaux-de-la-fipa-et-de-l-atct-demis-de-leurs-fonctions\\\/199098\\\/#primaryimage\",\"url\":\"https:\\\/\\\/www.webdo.tn\\\/fr\\\/wp-content\\\/uploads\\\/2022\\\/11\\\/a82fca1a7411bdd32d92d1ae170e276f.jpg\",\"contentUrl\":\"https:\\\/\\\/www.webdo.tn\\\/fr\\\/wp-content\\\/uploads\\\/2022\\\/11\\\/a82fca1a7411bdd32d92d1ae170e276f.jpg\",\"width\":750,\"height\":400,\"caption\":\"FIPA\"},{\"@type\":\"BreadcrumbList\",\"@id\":\"https:\\\/\\\/www.webdo.tn\\\/fr\\\/actualite\\\/national\\\/les-directeurs-generaux-de-la-fipa-et-de-l-atct-demis-de-leurs-fonctions\\\/199098\\\/#breadcrumb\",\"itemListElement\":[{\"@type\":\"ListItem\",\"position\":1,\"name\":\"Accueil\",\"item\":\"https:\\\/\\\/www.webdo.tn\\\/fr\\\/\"},{\"@type\":\"ListItem\",\"position\":2,\"name\":\"Les directeurs g\u00e9n\u00e9raux de la FIPA et de l&rsquo;ATCT d\u00e9mis de leurs fonctions\"}]},{\"@type\":\"WebSite\",\"@id\":\"https:\\\/\\\/www.webdo.tn\\\/fr\\\/#website\",\"url\":\"https:\\\/\\\/www.webdo.tn\\\/fr\\\/\",\"name\":\"webdo\",\"description\":\"Tunisie - News en Tunisie et \u00e0 l&#039;international sur Webdo.tn\",\"publisher\":{\"@id\":\"https:\\\/\\\/www.webdo.tn\\\/fr\\\/#organization\"},\"potentialAction\":[{\"@type\":\"SearchAction\",\"target\":{\"@type\":\"EntryPoint\",\"urlTemplate\":\"https:\\\/\\\/www.webdo.tn\\\/fr\\\/?s={search_term_string}\"},\"query-input\":{\"@type\":\"PropertyValueSpecification\",\"valueRequired\":true,\"valueName\":\"search_term_string\"}}],\"inLanguage\":\"fr-FR\"},{\"@type\":\"Organization\",\"@id\":\"https:\\\/\\\/www.webdo.tn\\\/fr\\\/#organization\",\"name\":\"Webdo\",\"alternateName\":\"Webdo.tn\",\"url\":\"https:\\\/\\\/www.webdo.tn\\\/fr\\\/\",\"logo\":{\"@type\":\"ImageObject\",\"inLanguage\":\"fr-FR\",\"@id\":\"https:\\\/\\\/www.webdo.tn\\\/fr\\\/#\\\/schema\\\/logo\\\/image\\\/\",\"url\":\"https:\\\/\\\/www.webdo.tn\\\/fr\\\/wp-content\\\/uploads\\\/2025\\\/06\\\/Webdo-Tunisie_168377.jpg\",\"contentUrl\":\"https:\\\/\\\/www.webdo.tn\\\/fr\\\/wp-content\\\/uploads\\\/2025\\\/06\\\/Webdo-Tunisie_168377.jpg\",\"width\":301,\"height\":301,\"caption\":\"Webdo\"},\"image\":{\"@id\":\"https:\\\/\\\/www.webdo.tn\\\/fr\\\/#\\\/schema\\\/logo\\\/image\\\/\"},\"sameAs\":[\"https:\\\/\\\/www.facebook.com\\\/webdotn\",\"https:\\\/\\\/x.com\\\/webdo_tn\"],\"description\":\"Webdo est un m\u00e9dia num\u00e9rique tunisien fond\u00e9 en 2010, sp\u00e9cialis\u00e9 dans l\u2019actualit\u00e9 nationale et internationale, l\u2019\u00e9conomie, la soci\u00e9t\u00e9 et les analyses politiques. Le site s\u2019adresse \u00e0 un large public francophone et couvre l\u2019information tunisienne en temps r\u00e9el.\",\"email\":\"redac@webdo.tn\",\"legalName\":\"YNJ SARL\",\"foundingDate\":\"2010-09-06\",\"numberOfEmployees\":{\"@type\":\"QuantitativeValue\",\"minValue\":\"11\",\"maxValue\":\"50\"}},{\"@type\":\"Person\",\"@id\":\"https:\\\/\\\/www.webdo.tn\\\/fr\\\/#\\\/schema\\\/person\\\/f35b42a42c5e2511bbd282959d6385cc\",\"name\":\"CL\",\"image\":{\"@type\":\"ImageObject\",\"inLanguage\":\"fr-FR\",\"@id\":\"https:\\\/\\\/secure.gravatar.com\\\/avatar\\\/1447a49909b67aa657c488aec6512e1dd6143a480c1ecfee9b5b5cd74eb3b59e?s=96&d=mm&r=g\",\"url\":\"https:\\\/\\\/secure.gravatar.com\\\/avatar\\\/1447a49909b67aa657c488aec6512e1dd6143a480c1ecfee9b5b5cd74eb3b59e?s=96&d=mm&r=g\",\"contentUrl\":\"https:\\\/\\\/secure.gravatar.com\\\/avatar\\\/1447a49909b67aa657c488aec6512e1dd6143a480c1ecfee9b5b5cd74eb3b59e?s=96&d=mm&r=g\",\"caption\":\"CL\"},\"url\":\"https:\\\/\\\/www.webdo.tn\\\/fr\\\/actualite\\\/author\\\/cl\\\/\"}]}<\/script>\n<!-- \/ Yoast SEO Premium plugin. -->","yoast_head_json":{"title":"Les directeurs g\u00e9n\u00e9raux de la FIPA et de l'ATCT d\u00e9mis de leurs fonctions","description":"Le directeur g\u00e9n\u00e9ral de l'Agence de promotion de l'investissement ext\u00e9rieur (FIPA), Abdelbasset Ghanmi, a \u00e9t\u00e9 limog\u00e9, \u00e0 compter du 5 octobre 2022, par d\u00e9cret pr...","canonical":"https:\/\/www.webdo.tn\/fr\/actualite\/national\/les-directeurs-generaux-de-la-fipa-et-de-l-atct-demis-de-leurs-fonctions\/199098\/","og_locale":"fr_FR","og_type":"article","og_title":"Les directeurs g\u00e9n\u00e9raux de la FIPA et de l'ATCT d\u00e9mis de leurs fonctions","og_description":"Le directeur g\u00e9n\u00e9ral de l'Agence de promotion de l'investissement ext\u00e9rieur (FIPA), Abdelbasset Ghanmi, a \u00e9t\u00e9 limog\u00e9, \u00e0 compter du 5 octobre 2022, par d\u00e9cret pr...","og_url":"https:\/\/www.webdo.tn\/fr\/actualite\/national\/les-directeurs-generaux-de-la-fipa-et-de-l-atct-demis-de-leurs-fonctions\/199098\/","og_site_name":"webdo","article_publisher":"https:\/\/www.facebook.com\/webdotn","article_published_time":"2022-11-17T20:46:00+00:00","article_modified_time":"2025-05-20T22:47:57+00:00","og_image":[{"width":750,"height":400,"url":"https:\/\/www.webdo.tn\/fr\/wp-content\/uploads\/2022\/11\/a82fca1a7411bdd32d92d1ae170e276f.jpg","type":"image\/jpeg"}],"author":"CL","twitter_card":"summary_large_image","twitter_creator":"@webdo_tn","twitter_site":"@webdo_tn","twitter_misc":{"\u00c9crit par":"CL"},"schema":{"@context":"https:\/\/schema.org","@graph":[{"@type":"NewsArticle","@id":"https:\/\/www.webdo.tn\/fr\/actualite\/national\/les-directeurs-generaux-de-la-fipa-et-de-l-atct-demis-de-leurs-fonctions\/199098\/#article","isPartOf":{"@id":"https:\/\/www.webdo.tn\/fr\/actualite\/national\/les-directeurs-generaux-de-la-fipa-et-de-l-atct-demis-de-leurs-fonctions\/199098\/"},"author":{"name":"CL","@id":"https:\/\/www.webdo.tn\/fr\/#\/schema\/person\/f35b42a42c5e2511bbd282959d6385cc"},"headline":"Les directeurs g\u00e9n\u00e9raux de la FIPA et de l&rsquo;ATCT d\u00e9mis de leurs fonctions","datePublished":"2022-11-17T20:46:00+00:00","dateModified":"2025-05-20T22:47:57+00:00","mainEntityOfPage":{"@id":"https:\/\/www.webdo.tn\/fr\/actualite\/national\/les-directeurs-generaux-de-la-fipa-et-de-l-atct-demis-de-leurs-fonctions\/199098\/"},"wordCount":100,"commentCount":0,"publisher":{"@id":"https:\/\/www.webdo.tn\/fr\/#organization"},"image":{"@id":"https:\/\/www.webdo.tn\/fr\/actualite\/national\/les-directeurs-generaux-de-la-fipa-et-de-l-atct-demis-de-leurs-fonctions\/199098\/#primaryimage"},"thumbnailUrl":"https:\/\/www.webdo.tn\/fr\/wp-content\/uploads\/2022\/11\/a82fca1a7411bdd32d92d1ae170e276f.jpg","keywords":["FIPA","Limogeage","Tunisie"],"articleSection":["National"],"inLanguage":"fr-FR"},{"@type":"WebPage","@id":"https:\/\/www.webdo.tn\/fr\/actualite\/national\/les-directeurs-generaux-de-la-fipa-et-de-l-atct-demis-de-leurs-fonctions\/199098\/","url":"https:\/\/www.webdo.tn\/fr\/actualite\/national\/les-directeurs-generaux-de-la-fipa-et-de-l-atct-demis-de-leurs-fonctions\/199098\/","name":"Les directeurs g\u00e9n\u00e9raux de la FIPA et de l'ATCT d\u00e9mis de leurs fonctions","isPartOf":{"@id":"https:\/\/www.webdo.tn\/fr\/#website"},"primaryImageOfPage":{"@id":"https:\/\/www.webdo.tn\/fr\/actualite\/national\/les-directeurs-generaux-de-la-fipa-et-de-l-atct-demis-de-leurs-fonctions\/199098\/#primaryimage"},"image":{"@id":"https:\/\/www.webdo.tn\/fr\/actualite\/national\/les-directeurs-generaux-de-la-fipa-et-de-l-atct-demis-de-leurs-fonctions\/199098\/#primaryimage"},"thumbnailUrl":"https:\/\/www.webdo.tn\/fr\/wp-content\/uploads\/2022\/11\/a82fca1a7411bdd32d92d1ae170e276f.jpg","datePublished":"2022-11-17T20:46:00+00:00","dateModified":"2025-05-20T22:47:57+00:00","description":"Le directeur g\u00e9n\u00e9ral de l'Agence de promotion de l'investissement ext\u00e9rieur (FIPA), Abdelbasset Ghanmi, a \u00e9t\u00e9 limog\u00e9, \u00e0 compter du 5 octobre 2022, par d\u00e9cret pr...","breadcrumb":{"@id":"https:\/\/www.webdo.tn\/fr\/actualite\/national\/les-directeurs-generaux-de-la-fipa-et-de-l-atct-demis-de-leurs-fonctions\/199098\/#breadcrumb"},"inLanguage":"fr-FR","potentialAction":[{"@type":"ReadAction","target":["https:\/\/www.webdo.tn\/fr\/actualite\/national\/les-directeurs-generaux-de-la-fipa-et-de-l-atct-demis-de-leurs-fonctions\/199098\/"]}]},{"@type":"ImageObject","inLanguage":"fr-FR","@id":"https:\/\/www.webdo.tn\/fr\/actualite\/national\/les-directeurs-generaux-de-la-fipa-et-de-l-atct-demis-de-leurs-fonctions\/199098\/#primaryimage","url":"https:\/\/www.webdo.tn\/fr\/wp-content\/uploads\/2022\/11\/a82fca1a7411bdd32d92d1ae170e276f.jpg","contentUrl":"https:\/\/www.webdo.tn\/fr\/wp-content\/uploads\/2022\/11\/a82fca1a7411bdd32d92d1ae170e276f.jpg","width":750,"height":400,"caption":"FIPA"},{"@type":"BreadcrumbList","@id":"https:\/\/www.webdo.tn\/fr\/actualite\/national\/les-directeurs-generaux-de-la-fipa-et-de-l-atct-demis-de-leurs-fonctions\/199098\/#breadcrumb","itemListElement":[{"@type":"ListItem","position":1,"name":"Accueil","item":"https:\/\/www.webdo.tn\/fr\/"},{"@type":"ListItem","position":2,"name":"Les directeurs g\u00e9n\u00e9raux de la FIPA et de l&rsquo;ATCT d\u00e9mis de leurs fonctions"}]},{"@type":"WebSite","@id":"https:\/\/www.webdo.tn\/fr\/#website","url":"https:\/\/www.webdo.tn\/fr\/","name":"webdo","description":"Tunisie - News en Tunisie et \u00e0 l&#039;international sur Webdo.tn","publisher":{"@id":"https:\/\/www.webdo.tn\/fr\/#organization"},"potentialAction":[{"@type":"SearchAction","target":{"@type":"EntryPoint","urlTemplate":"https:\/\/www.webdo.tn\/fr\/?s={search_term_string}"},"query-input":{"@type":"PropertyValueSpecification","valueRequired":true,"valueName":"search_term_string"}}],"inLanguage":"fr-FR"},{"@type":"Organization","@id":"https:\/\/www.webdo.tn\/fr\/#organization","name":"Webdo","alternateName":"Webdo.tn","url":"https:\/\/www.webdo.tn\/fr\/","logo":{"@type":"ImageObject","inLanguage":"fr-FR","@id":"https:\/\/www.webdo.tn\/fr\/#\/schema\/logo\/image\/","url":"https:\/\/www.webdo.tn\/fr\/wp-content\/uploads\/2025\/06\/Webdo-Tunisie_168377.jpg","contentUrl":"https:\/\/www.webdo.tn\/fr\/wp-content\/uploads\/2025\/06\/Webdo-Tunisie_168377.jpg","width":301,"height":301,"caption":"Webdo"},"image":{"@id":"https:\/\/www.webdo.tn\/fr\/#\/schema\/logo\/image\/"},"sameAs":["https:\/\/www.facebook.com\/webdotn","https:\/\/x.com\/webdo_tn"],"description":"Webdo est un m\u00e9dia num\u00e9rique tunisien fond\u00e9 en 2010, sp\u00e9cialis\u00e9 dans l\u2019actualit\u00e9 nationale et internationale, l\u2019\u00e9conomie, la soci\u00e9t\u00e9 et les analyses politiques. Le site s\u2019adresse \u00e0 un large public francophone et couvre l\u2019information tunisienne en temps r\u00e9el.","email":"redac@webdo.tn","legalName":"YNJ SARL","foundingDate":"2010-09-06","numberOfEmployees":{"@type":"QuantitativeValue","minValue":"11","maxValue":"50"}},{"@type":"Person","@id":"https:\/\/www.webdo.tn\/fr\/#\/schema\/person\/f35b42a42c5e2511bbd282959d6385cc","name":"CL","image":{"@type":"ImageObject","inLanguage":"fr-FR","@id":"https:\/\/secure.gravatar.com\/avatar\/1447a49909b67aa657c488aec6512e1dd6143a480c1ecfee9b5b5cd74eb3b59e?s=96&d=mm&r=g","url":"https:\/\/secure.gravatar.com\/avatar\/1447a49909b67aa657c488aec6512e1dd6143a480c1ecfee9b5b5cd74eb3b59e?s=96&d=mm&r=g","contentUrl":"https:\/\/secure.gravatar.com\/avatar\/1447a49909b67aa657c488aec6512e1dd6143a480c1ecfee9b5b5cd74eb3b59e?s=96&d=mm&r=g","caption":"CL"},"url":"https:\/\/www.webdo.tn\/fr\/actualite\/author\/cl\/"}]}},"_links":{"self":[{"href":"https:\/\/www.webdo.tn\/fr\/wp-json\/wp\/v2\/posts\/199098","targetHints":{"allow":["GET"]}}],"collection":[{"href":"https:\/\/www.webdo.tn\/fr\/wp-json\/wp\/v2\/posts"}],"about":[{"href":"https:\/\/www.webdo.tn\/fr\/wp-json\/wp\/v2\/types\/post"}],"author":[{"embeddable":true,"href":"https:\/\/www.webdo.tn\/fr\/wp-json\/wp\/v2\/users\/3175"}],"replies":[{"embeddable":true,"href":"https:\/\/www.webdo.tn\/fr\/wp-json\/wp\/v2\/comments?post=199098"}],"version-history":[{"count":0,"href":"https:\/\/www.webdo.tn\/fr\/wp-json\/wp\/v2\/posts\/199098\/revisions"}],"wp:featuredmedia":[{"embeddable":true,"href":"https:\/\/www.webdo.tn\/fr\/wp-json\/wp\/v2\/media\/277263"}],"wp:attachment":[{"href":"https:\/\/www.webdo.tn\/fr\/wp-json\/wp\/v2\/media?parent=199098"}],"wp:term":[{"taxonomy":"category","embeddable":true,"href":"https:\/\/www.webdo.tn\/fr\/wp-json\/wp\/v2\/categories?post=199098"},{"taxonomy":"post_tag","embeddable":true,"href":"https:\/\/www.webdo.tn\/fr\/wp-json\/wp\/v2\/tags?post=199098"}],"curies":[{"name":"wp","href":"https:\/\/api.w.org\/{rel}","templated":true}]}}