{"id":199088,"date":"2022-11-17T18:19:00","date_gmt":"2022-11-17T18:19:00","guid":{"rendered":"https:\/\/www.webdo.tn\/fr\/blog\/demission-de-la-porte-parole-du-ministere-de-l-interieur\/199088\/"},"modified":"2025-05-20T22:47:56","modified_gmt":"2025-05-20T22:47:56","slug":"demission-de-la-porte-parole-du-ministere-de-l-interieur","status":"publish","type":"post","link":"https:\/\/www.webdo.tn\/fr\/actualite\/national\/demission-de-la-porte-parole-du-ministere-de-l-interieur\/199088\/","title":{"rendered":"D\u00e9mission de la porte-parole du minist\u00e8re de l\u2019Int\u00e9rieur"},"content":{"rendered":"<p>La porte-parole du minist\u00e8re de l\u2019Int\u00e9rieur la Juge Fadhila Khelifi a annonc\u00e9 ce jeudi 17 novembre 2022 sa d\u00e9mission de son poste.<\/p>\n<p>\t\t\t\t\t\t\t\t\tLe dernier num\u00e9ro du JORT indique en effet que les fonctions de la Juge en question au sein du minist\u00e8re de l\u2019Int\u00e9rieur ont pris fin.\u00a0<\/p>\n<p>Sur son compte Facebook elle affirme qu\u2019elle va r\u00e9int\u00e9grer le corps de la Magistrature.\u00a0<\/p>\n<p>Pour sa part, l\u2019autre porte-parole de l\u2019Int\u00e9rieur Faker Bouzgaya affirm\u00e9 que Fadhila Khelifi a d\u00e9missionn\u00e9 pour des raisons familiales.<\/p>\n","protected":false},"excerpt":{"rendered":"<p>La porte-parole du minist\u00e8re de l\u2019Int\u00e9rieur la Juge Fadhila Khelifi a annonc\u00e9 ce jeudi 17 novembre 2022 sa d\u00e9mission de son poste.<\/p>\n","protected":false},"author":3175,"featured_media":277259,"comment_status":"open","ping_status":"closed","sticky":false,"template":"","format":"standard","meta":{"footnotes":""},"categories":[44],"tags":[6379,3076,2608],"class_list":["post-199088","post","type-post","status-publish","format-standard","has-post-thumbnail","hentry","category-national","tag-demission","tag-ministere-de-linterieur","tag-tunisie"],"yoast_head":"<!-- This site is optimized with the Yoast SEO Premium plugin v27.4 (Yoast SEO v27.4) - https:\/\/yoast.com\/product\/yoast-seo-premium-wordpress\/ -->\n<title>D\u00e9mission de la porte-parole du minist\u00e8re de l\u2019Int\u00e9rieur<\/title>\n<meta name=\"description\" content=\"La porte-parole du minist\u00e8re de l\u2019Int\u00e9rieur la Juge Fadhila Khelifi a annonc\u00e9 ce jeudi 17 novembre 2022 sa d\u00e9mission de son poste.\" \/>\n<link rel=\"canonical\" href=\"https:\/\/www.webdo.tn\/fr\/actualite\/national\/demission-de-la-porte-parole-du-ministere-de-l-interieur\/199088\/\" \/>\n<meta property=\"og:locale\" content=\"fr_FR\" \/>\n<meta property=\"og:type\" content=\"article\" \/>\n<meta property=\"og:title\" content=\"D\u00e9mission de la porte-parole du minist\u00e8re de l\u2019Int\u00e9rieur\" \/>\n<meta property=\"og:description\" content=\"La porte-parole du minist\u00e8re de l\u2019Int\u00e9rieur la Juge Fadhila Khelifi a annonc\u00e9 ce jeudi 17 novembre 2022 sa d\u00e9mission de son poste.\" \/>\n<meta property=\"og:url\" content=\"https:\/\/www.webdo.tn\/fr\/actualite\/national\/demission-de-la-porte-parole-du-ministere-de-l-interieur\/199088\/\" \/>\n<meta property=\"og:site_name\" content=\"webdo\" \/>\n<meta property=\"article:publisher\" content=\"https:\/\/www.facebook.com\/webdotn\" \/>\n<meta property=\"article:published_time\" content=\"2022-11-17T18:19:00+00:00\" \/>\n<meta property=\"article:modified_time\" content=\"2025-05-20T22:47:56+00:00\" \/>\n<meta property=\"og:image\" content=\"https:\/\/www.webdo.tn\/fr\/wp-content\/uploads\/2022\/11\/c515ba632a370bcab01a6e777252c3c9.jpg\" \/>\n\t<meta property=\"og:image:width\" content=\"750\" \/>\n\t<meta property=\"og:image:height\" content=\"400\" \/>\n\t<meta property=\"og:image:type\" content=\"image\/jpeg\" \/>\n<meta name=\"author\" content=\"CL\" \/>\n<meta name=\"twitter:card\" content=\"summary_large_image\" \/>\n<meta name=\"twitter:creator\" content=\"@webdo_tn\" \/>\n<meta name=\"twitter:site\" content=\"@webdo_tn\" \/>\n<meta name=\"twitter:label1\" content=\"\u00c9crit par\" \/>\n\t<meta name=\"twitter:data1\" content=\"CL\" \/>\n<script type=\"application\/ld+json\" class=\"yoast-schema-graph\">{\"@context\":\"https:\\\/\\\/schema.org\",\"@graph\":[{\"@type\":\"NewsArticle\",\"@id\":\"https:\\\/\\\/www.webdo.tn\\\/fr\\\/actualite\\\/national\\\/demission-de-la-porte-parole-du-ministere-de-l-interieur\\\/199088\\\/#article\",\"isPartOf\":{\"@id\":\"https:\\\/\\\/www.webdo.tn\\\/fr\\\/actualite\\\/national\\\/demission-de-la-porte-parole-du-ministere-de-l-interieur\\\/199088\\\/\"},\"author\":{\"name\":\"CL\",\"@id\":\"https:\\\/\\\/www.webdo.tn\\\/fr\\\/#\\\/schema\\\/person\\\/f35b42a42c5e2511bbd282959d6385cc\"},\"headline\":\"D\u00e9mission de la porte-parole du minist\u00e8re de l\u2019Int\u00e9rieur\",\"datePublished\":\"2022-11-17T18:19:00+00:00\",\"dateModified\":\"2025-05-20T22:47:56+00:00\",\"mainEntityOfPage\":{\"@id\":\"https:\\\/\\\/www.webdo.tn\\\/fr\\\/actualite\\\/national\\\/demission-de-la-porte-parole-du-ministere-de-l-interieur\\\/199088\\\/\"},\"wordCount\":105,\"commentCount\":0,\"publisher\":{\"@id\":\"https:\\\/\\\/www.webdo.tn\\\/fr\\\/#organization\"},\"image\":{\"@id\":\"https:\\\/\\\/www.webdo.tn\\\/fr\\\/actualite\\\/national\\\/demission-de-la-porte-parole-du-ministere-de-l-interieur\\\/199088\\\/#primaryimage\"},\"thumbnailUrl\":\"https:\\\/\\\/www.webdo.tn\\\/fr\\\/wp-content\\\/uploads\\\/2022\\\/11\\\/c515ba632a370bcab01a6e777252c3c9.jpg\",\"keywords\":[\"D\u00e9mission\",\"minist\u00e8re de l'int\u00e9rieur\",\"Tunisie\"],\"articleSection\":[\"National\"],\"inLanguage\":\"fr-FR\"},{\"@type\":\"WebPage\",\"@id\":\"https:\\\/\\\/www.webdo.tn\\\/fr\\\/actualite\\\/national\\\/demission-de-la-porte-parole-du-ministere-de-l-interieur\\\/199088\\\/\",\"url\":\"https:\\\/\\\/www.webdo.tn\\\/fr\\\/actualite\\\/national\\\/demission-de-la-porte-parole-du-ministere-de-l-interieur\\\/199088\\\/\",\"name\":\"D\u00e9mission de la porte-parole du minist\u00e8re de l\u2019Int\u00e9rieur\",\"isPartOf\":{\"@id\":\"https:\\\/\\\/www.webdo.tn\\\/fr\\\/#website\"},\"primaryImageOfPage\":{\"@id\":\"https:\\\/\\\/www.webdo.tn\\\/fr\\\/actualite\\\/national\\\/demission-de-la-porte-parole-du-ministere-de-l-interieur\\\/199088\\\/#primaryimage\"},\"image\":{\"@id\":\"https:\\\/\\\/www.webdo.tn\\\/fr\\\/actualite\\\/national\\\/demission-de-la-porte-parole-du-ministere-de-l-interieur\\\/199088\\\/#primaryimage\"},\"thumbnailUrl\":\"https:\\\/\\\/www.webdo.tn\\\/fr\\\/wp-content\\\/uploads\\\/2022\\\/11\\\/c515ba632a370bcab01a6e777252c3c9.jpg\",\"datePublished\":\"2022-11-17T18:19:00+00:00\",\"dateModified\":\"2025-05-20T22:47:56+00:00\",\"description\":\"La porte-parole du minist\u00e8re de l\u2019Int\u00e9rieur la Juge Fadhila Khelifi a annonc\u00e9 ce jeudi 17 novembre 2022 sa d\u00e9mission de son poste.\",\"breadcrumb\":{\"@id\":\"https:\\\/\\\/www.webdo.tn\\\/fr\\\/actualite\\\/national\\\/demission-de-la-porte-parole-du-ministere-de-l-interieur\\\/199088\\\/#breadcrumb\"},\"inLanguage\":\"fr-FR\",\"potentialAction\":[{\"@type\":\"ReadAction\",\"target\":[\"https:\\\/\\\/www.webdo.tn\\\/fr\\\/actualite\\\/national\\\/demission-de-la-porte-parole-du-ministere-de-l-interieur\\\/199088\\\/\"]}]},{\"@type\":\"ImageObject\",\"inLanguage\":\"fr-FR\",\"@id\":\"https:\\\/\\\/www.webdo.tn\\\/fr\\\/actualite\\\/national\\\/demission-de-la-porte-parole-du-ministere-de-l-interieur\\\/199088\\\/#primaryimage\",\"url\":\"https:\\\/\\\/www.webdo.tn\\\/fr\\\/wp-content\\\/uploads\\\/2022\\\/11\\\/c515ba632a370bcab01a6e777252c3c9.jpg\",\"contentUrl\":\"https:\\\/\\\/www.webdo.tn\\\/fr\\\/wp-content\\\/uploads\\\/2022\\\/11\\\/c515ba632a370bcab01a6e777252c3c9.jpg\",\"width\":750,\"height\":400,\"caption\":\"Minist\u00e8re de l'Int\u00e9rieur\"},{\"@type\":\"BreadcrumbList\",\"@id\":\"https:\\\/\\\/www.webdo.tn\\\/fr\\\/actualite\\\/national\\\/demission-de-la-porte-parole-du-ministere-de-l-interieur\\\/199088\\\/#breadcrumb\",\"itemListElement\":[{\"@type\":\"ListItem\",\"position\":1,\"name\":\"Accueil\",\"item\":\"https:\\\/\\\/www.webdo.tn\\\/fr\\\/\"},{\"@type\":\"ListItem\",\"position\":2,\"name\":\"D\u00e9mission de la porte-parole du minist\u00e8re de l\u2019Int\u00e9rieur\"}]},{\"@type\":\"WebSite\",\"@id\":\"https:\\\/\\\/www.webdo.tn\\\/fr\\\/#website\",\"url\":\"https:\\\/\\\/www.webdo.tn\\\/fr\\\/\",\"name\":\"webdo\",\"description\":\"Tunisie - News en Tunisie et \u00e0 l&#039;international sur Webdo.tn\",\"publisher\":{\"@id\":\"https:\\\/\\\/www.webdo.tn\\\/fr\\\/#organization\"},\"potentialAction\":[{\"@type\":\"SearchAction\",\"target\":{\"@type\":\"EntryPoint\",\"urlTemplate\":\"https:\\\/\\\/www.webdo.tn\\\/fr\\\/?s={search_term_string}\"},\"query-input\":{\"@type\":\"PropertyValueSpecification\",\"valueRequired\":true,\"valueName\":\"search_term_string\"}}],\"inLanguage\":\"fr-FR\"},{\"@type\":\"Organization\",\"@id\":\"https:\\\/\\\/www.webdo.tn\\\/fr\\\/#organization\",\"name\":\"Webdo\",\"alternateName\":\"Webdo.tn\",\"url\":\"https:\\\/\\\/www.webdo.tn\\\/fr\\\/\",\"logo\":{\"@type\":\"ImageObject\",\"inLanguage\":\"fr-FR\",\"@id\":\"https:\\\/\\\/www.webdo.tn\\\/fr\\\/#\\\/schema\\\/logo\\\/image\\\/\",\"url\":\"https:\\\/\\\/www.webdo.tn\\\/fr\\\/wp-content\\\/uploads\\\/2025\\\/06\\\/Webdo-Tunisie_168377.jpg\",\"contentUrl\":\"https:\\\/\\\/www.webdo.tn\\\/fr\\\/wp-content\\\/uploads\\\/2025\\\/06\\\/Webdo-Tunisie_168377.jpg\",\"width\":301,\"height\":301,\"caption\":\"Webdo\"},\"image\":{\"@id\":\"https:\\\/\\\/www.webdo.tn\\\/fr\\\/#\\\/schema\\\/logo\\\/image\\\/\"},\"sameAs\":[\"https:\\\/\\\/www.facebook.com\\\/webdotn\",\"https:\\\/\\\/x.com\\\/webdo_tn\"],\"description\":\"Webdo est un m\u00e9dia num\u00e9rique tunisien fond\u00e9 en 2010, sp\u00e9cialis\u00e9 dans l\u2019actualit\u00e9 nationale et internationale, l\u2019\u00e9conomie, la soci\u00e9t\u00e9 et les analyses politiques. Le site s\u2019adresse \u00e0 un large public francophone et couvre l\u2019information tunisienne en temps r\u00e9el.\",\"email\":\"redac@webdo.tn\",\"legalName\":\"YNJ SARL\",\"foundingDate\":\"2010-09-06\",\"numberOfEmployees\":{\"@type\":\"QuantitativeValue\",\"minValue\":\"11\",\"maxValue\":\"50\"}},{\"@type\":\"Person\",\"@id\":\"https:\\\/\\\/www.webdo.tn\\\/fr\\\/#\\\/schema\\\/person\\\/f35b42a42c5e2511bbd282959d6385cc\",\"name\":\"CL\",\"image\":{\"@type\":\"ImageObject\",\"inLanguage\":\"fr-FR\",\"@id\":\"https:\\\/\\\/secure.gravatar.com\\\/avatar\\\/1447a49909b67aa657c488aec6512e1dd6143a480c1ecfee9b5b5cd74eb3b59e?s=96&d=mm&r=g\",\"url\":\"https:\\\/\\\/secure.gravatar.com\\\/avatar\\\/1447a49909b67aa657c488aec6512e1dd6143a480c1ecfee9b5b5cd74eb3b59e?s=96&d=mm&r=g\",\"contentUrl\":\"https:\\\/\\\/secure.gravatar.com\\\/avatar\\\/1447a49909b67aa657c488aec6512e1dd6143a480c1ecfee9b5b5cd74eb3b59e?s=96&d=mm&r=g\",\"caption\":\"CL\"},\"url\":\"https:\\\/\\\/www.webdo.tn\\\/fr\\\/actualite\\\/author\\\/cl\\\/\"}]}<\/script>\n<!-- \/ Yoast SEO Premium plugin. -->","yoast_head_json":{"title":"D\u00e9mission de la porte-parole du minist\u00e8re de l\u2019Int\u00e9rieur","description":"La porte-parole du minist\u00e8re de l\u2019Int\u00e9rieur la Juge Fadhila Khelifi a annonc\u00e9 ce jeudi 17 novembre 2022 sa d\u00e9mission de son poste.","canonical":"https:\/\/www.webdo.tn\/fr\/actualite\/national\/demission-de-la-porte-parole-du-ministere-de-l-interieur\/199088\/","og_locale":"fr_FR","og_type":"article","og_title":"D\u00e9mission de la porte-parole du minist\u00e8re de l\u2019Int\u00e9rieur","og_description":"La porte-parole du minist\u00e8re de l\u2019Int\u00e9rieur la Juge Fadhila Khelifi a annonc\u00e9 ce jeudi 17 novembre 2022 sa d\u00e9mission de son poste.","og_url":"https:\/\/www.webdo.tn\/fr\/actualite\/national\/demission-de-la-porte-parole-du-ministere-de-l-interieur\/199088\/","og_site_name":"webdo","article_publisher":"https:\/\/www.facebook.com\/webdotn","article_published_time":"2022-11-17T18:19:00+00:00","article_modified_time":"2025-05-20T22:47:56+00:00","og_image":[{"width":750,"height":400,"url":"https:\/\/www.webdo.tn\/fr\/wp-content\/uploads\/2022\/11\/c515ba632a370bcab01a6e777252c3c9.jpg","type":"image\/jpeg"}],"author":"CL","twitter_card":"summary_large_image","twitter_creator":"@webdo_tn","twitter_site":"@webdo_tn","twitter_misc":{"\u00c9crit par":"CL"},"schema":{"@context":"https:\/\/schema.org","@graph":[{"@type":"NewsArticle","@id":"https:\/\/www.webdo.tn\/fr\/actualite\/national\/demission-de-la-porte-parole-du-ministere-de-l-interieur\/199088\/#article","isPartOf":{"@id":"https:\/\/www.webdo.tn\/fr\/actualite\/national\/demission-de-la-porte-parole-du-ministere-de-l-interieur\/199088\/"},"author":{"name":"CL","@id":"https:\/\/www.webdo.tn\/fr\/#\/schema\/person\/f35b42a42c5e2511bbd282959d6385cc"},"headline":"D\u00e9mission de la porte-parole du minist\u00e8re de l\u2019Int\u00e9rieur","datePublished":"2022-11-17T18:19:00+00:00","dateModified":"2025-05-20T22:47:56+00:00","mainEntityOfPage":{"@id":"https:\/\/www.webdo.tn\/fr\/actualite\/national\/demission-de-la-porte-parole-du-ministere-de-l-interieur\/199088\/"},"wordCount":105,"commentCount":0,"publisher":{"@id":"https:\/\/www.webdo.tn\/fr\/#organization"},"image":{"@id":"https:\/\/www.webdo.tn\/fr\/actualite\/national\/demission-de-la-porte-parole-du-ministere-de-l-interieur\/199088\/#primaryimage"},"thumbnailUrl":"https:\/\/www.webdo.tn\/fr\/wp-content\/uploads\/2022\/11\/c515ba632a370bcab01a6e777252c3c9.jpg","keywords":["D\u00e9mission","minist\u00e8re de l'int\u00e9rieur","Tunisie"],"articleSection":["National"],"inLanguage":"fr-FR"},{"@type":"WebPage","@id":"https:\/\/www.webdo.tn\/fr\/actualite\/national\/demission-de-la-porte-parole-du-ministere-de-l-interieur\/199088\/","url":"https:\/\/www.webdo.tn\/fr\/actualite\/national\/demission-de-la-porte-parole-du-ministere-de-l-interieur\/199088\/","name":"D\u00e9mission de la porte-parole du minist\u00e8re de l\u2019Int\u00e9rieur","isPartOf":{"@id":"https:\/\/www.webdo.tn\/fr\/#website"},"primaryImageOfPage":{"@id":"https:\/\/www.webdo.tn\/fr\/actualite\/national\/demission-de-la-porte-parole-du-ministere-de-l-interieur\/199088\/#primaryimage"},"image":{"@id":"https:\/\/www.webdo.tn\/fr\/actualite\/national\/demission-de-la-porte-parole-du-ministere-de-l-interieur\/199088\/#primaryimage"},"thumbnailUrl":"https:\/\/www.webdo.tn\/fr\/wp-content\/uploads\/2022\/11\/c515ba632a370bcab01a6e777252c3c9.jpg","datePublished":"2022-11-17T18:19:00+00:00","dateModified":"2025-05-20T22:47:56+00:00","description":"La porte-parole du minist\u00e8re de l\u2019Int\u00e9rieur la Juge Fadhila Khelifi a annonc\u00e9 ce jeudi 17 novembre 2022 sa d\u00e9mission de son poste.","breadcrumb":{"@id":"https:\/\/www.webdo.tn\/fr\/actualite\/national\/demission-de-la-porte-parole-du-ministere-de-l-interieur\/199088\/#breadcrumb"},"inLanguage":"fr-FR","potentialAction":[{"@type":"ReadAction","target":["https:\/\/www.webdo.tn\/fr\/actualite\/national\/demission-de-la-porte-parole-du-ministere-de-l-interieur\/199088\/"]}]},{"@type":"ImageObject","inLanguage":"fr-FR","@id":"https:\/\/www.webdo.tn\/fr\/actualite\/national\/demission-de-la-porte-parole-du-ministere-de-l-interieur\/199088\/#primaryimage","url":"https:\/\/www.webdo.tn\/fr\/wp-content\/uploads\/2022\/11\/c515ba632a370bcab01a6e777252c3c9.jpg","contentUrl":"https:\/\/www.webdo.tn\/fr\/wp-content\/uploads\/2022\/11\/c515ba632a370bcab01a6e777252c3c9.jpg","width":750,"height":400,"caption":"Minist\u00e8re de l'Int\u00e9rieur"},{"@type":"BreadcrumbList","@id":"https:\/\/www.webdo.tn\/fr\/actualite\/national\/demission-de-la-porte-parole-du-ministere-de-l-interieur\/199088\/#breadcrumb","itemListElement":[{"@type":"ListItem","position":1,"name":"Accueil","item":"https:\/\/www.webdo.tn\/fr\/"},{"@type":"ListItem","position":2,"name":"D\u00e9mission de la porte-parole du minist\u00e8re de l\u2019Int\u00e9rieur"}]},{"@type":"WebSite","@id":"https:\/\/www.webdo.tn\/fr\/#website","url":"https:\/\/www.webdo.tn\/fr\/","name":"webdo","description":"Tunisie - News en Tunisie et \u00e0 l&#039;international sur Webdo.tn","publisher":{"@id":"https:\/\/www.webdo.tn\/fr\/#organization"},"potentialAction":[{"@type":"SearchAction","target":{"@type":"EntryPoint","urlTemplate":"https:\/\/www.webdo.tn\/fr\/?s={search_term_string}"},"query-input":{"@type":"PropertyValueSpecification","valueRequired":true,"valueName":"search_term_string"}}],"inLanguage":"fr-FR"},{"@type":"Organization","@id":"https:\/\/www.webdo.tn\/fr\/#organization","name":"Webdo","alternateName":"Webdo.tn","url":"https:\/\/www.webdo.tn\/fr\/","logo":{"@type":"ImageObject","inLanguage":"fr-FR","@id":"https:\/\/www.webdo.tn\/fr\/#\/schema\/logo\/image\/","url":"https:\/\/www.webdo.tn\/fr\/wp-content\/uploads\/2025\/06\/Webdo-Tunisie_168377.jpg","contentUrl":"https:\/\/www.webdo.tn\/fr\/wp-content\/uploads\/2025\/06\/Webdo-Tunisie_168377.jpg","width":301,"height":301,"caption":"Webdo"},"image":{"@id":"https:\/\/www.webdo.tn\/fr\/#\/schema\/logo\/image\/"},"sameAs":["https:\/\/www.facebook.com\/webdotn","https:\/\/x.com\/webdo_tn"],"description":"Webdo est un m\u00e9dia num\u00e9rique tunisien fond\u00e9 en 2010, sp\u00e9cialis\u00e9 dans l\u2019actualit\u00e9 nationale et internationale, l\u2019\u00e9conomie, la soci\u00e9t\u00e9 et les analyses politiques. Le site s\u2019adresse \u00e0 un large public francophone et couvre l\u2019information tunisienne en temps r\u00e9el.","email":"redac@webdo.tn","legalName":"YNJ SARL","foundingDate":"2010-09-06","numberOfEmployees":{"@type":"QuantitativeValue","minValue":"11","maxValue":"50"}},{"@type":"Person","@id":"https:\/\/www.webdo.tn\/fr\/#\/schema\/person\/f35b42a42c5e2511bbd282959d6385cc","name":"CL","image":{"@type":"ImageObject","inLanguage":"fr-FR","@id":"https:\/\/secure.gravatar.com\/avatar\/1447a49909b67aa657c488aec6512e1dd6143a480c1ecfee9b5b5cd74eb3b59e?s=96&d=mm&r=g","url":"https:\/\/secure.gravatar.com\/avatar\/1447a49909b67aa657c488aec6512e1dd6143a480c1ecfee9b5b5cd74eb3b59e?s=96&d=mm&r=g","contentUrl":"https:\/\/secure.gravatar.com\/avatar\/1447a49909b67aa657c488aec6512e1dd6143a480c1ecfee9b5b5cd74eb3b59e?s=96&d=mm&r=g","caption":"CL"},"url":"https:\/\/www.webdo.tn\/fr\/actualite\/author\/cl\/"}]}},"_links":{"self":[{"href":"https:\/\/www.webdo.tn\/fr\/wp-json\/wp\/v2\/posts\/199088","targetHints":{"allow":["GET"]}}],"collection":[{"href":"https:\/\/www.webdo.tn\/fr\/wp-json\/wp\/v2\/posts"}],"about":[{"href":"https:\/\/www.webdo.tn\/fr\/wp-json\/wp\/v2\/types\/post"}],"author":[{"embeddable":true,"href":"https:\/\/www.webdo.tn\/fr\/wp-json\/wp\/v2\/users\/3175"}],"replies":[{"embeddable":true,"href":"https:\/\/www.webdo.tn\/fr\/wp-json\/wp\/v2\/comments?post=199088"}],"version-history":[{"count":0,"href":"https:\/\/www.webdo.tn\/fr\/wp-json\/wp\/v2\/posts\/199088\/revisions"}],"wp:featuredmedia":[{"embeddable":true,"href":"https:\/\/www.webdo.tn\/fr\/wp-json\/wp\/v2\/media\/277259"}],"wp:attachment":[{"href":"https:\/\/www.webdo.tn\/fr\/wp-json\/wp\/v2\/media?parent=199088"}],"wp:term":[{"taxonomy":"category","embeddable":true,"href":"https:\/\/www.webdo.tn\/fr\/wp-json\/wp\/v2\/categories?post=199088"},{"taxonomy":"post_tag","embeddable":true,"href":"https:\/\/www.webdo.tn\/fr\/wp-json\/wp\/v2\/tags?post=199088"}],"curies":[{"name":"wp","href":"https:\/\/api.w.org\/{rel}","templated":true}]}}