{"id":199080,"date":"2022-11-17T14:46:00","date_gmt":"2022-11-17T14:46:00","guid":{"rendered":"https:\/\/www.webdo.tn\/fr\/blog\/bechir-ben-said-incertain-pour-la-coupe-du-monde\/199080\/"},"modified":"2025-05-20T22:04:49","modified_gmt":"2025-05-20T22:04:49","slug":"bechir-ben-said-incertain-pour-la-coupe-du-monde","status":"publish","type":"post","link":"https:\/\/www.webdo.tn\/fr\/actualite\/sport\/bechir-ben-said-incertain-pour-la-coupe-du-monde\/199080\/","title":{"rendered":"Bechir Ben Said incertain pour la Coupe du monde"},"content":{"rendered":"<p>Contrairement \u00e0 ce qui a \u00e9t\u00e9 annonc\u00e9 aujourd\u2019hui, la blessure du gardien de but de la S\u00e9lection nationale, n\u00e9cessite au moins une semaine de repos et de nouveaux tests, qui seront faits le 20 novembre.<\/p>\n<p>\t\t\t\t\t\t\t\t\tLa F\u00e9d\u00e9ration Tunisienne de Football indique, en effet, sur sa page Facebook qu\u2019apr\u00e8s avoir effectu\u00e9 tous les examens n\u00e9cessaires suite \u00e0 la fatigue qu&rsquo;il a ressentie hier, Bechir Ben Said souffre d&rsquo;une blessure musculaire n\u00e9cessitant au moins une semaine de repos.<\/p>\n<p>Notons que le dernier d\u00e9lai l\u00e9gal pour changer un joueur bless\u00e9 est le jour pr\u00e9c\u00e9dant imm\u00e9diatement la premi\u00e8re rencontre en Coupe du monde, qui aura lieu le 22 novembre entre la Tunisie et le Danemark.<\/p>\n<p>Bechir ben Said ne pourra donc en aucun cas participer \u00e0 cette rencontre \u00e0 cause de sa blessure.<\/p>\n","protected":false},"excerpt":{"rendered":"<p>Contrairement \u00e0 ce qui a \u00e9t\u00e9 annonc\u00e9 aujourd\u2019hui, la blessure du gardien de but de la S\u00e9lection nationale, n\u00e9cessite au moins une semaine de repos et de nouveau&#8230;<\/p>\n","protected":false},"author":3162,"featured_media":253185,"comment_status":"open","ping_status":"closed","sticky":false,"template":"","format":"standard","meta":{"footnotes":""},"categories":[2593],"tags":[9016,4066,2608],"class_list":["post-199080","post","type-post","status-publish","format-standard","has-post-thumbnail","hentry","category-sport","tag-bechir-ben-said","tag-coupe-du-monde","tag-tunisie"],"yoast_head":"<!-- This site is optimized with the Yoast SEO Premium plugin v27.4 (Yoast SEO v27.4) - https:\/\/yoast.com\/product\/yoast-seo-premium-wordpress\/ -->\n<title>Bechir Ben Said incertain pour la Coupe du monde<\/title>\n<meta name=\"description\" content=\"Contrairement \u00e0 ce qui a \u00e9t\u00e9 annonc\u00e9 aujourd\u2019hui, la blessure du gardien de but de la S\u00e9lection nationale, n\u00e9cessite au moins une semaine de repos et de nouveau...\" \/>\n<link rel=\"canonical\" href=\"https:\/\/www.webdo.tn\/fr\/actualite\/sport\/bechir-ben-said-incertain-pour-la-coupe-du-monde\/199080\/\" \/>\n<meta property=\"og:locale\" content=\"fr_FR\" \/>\n<meta property=\"og:type\" content=\"article\" \/>\n<meta property=\"og:title\" content=\"Bechir Ben Said incertain pour la Coupe du monde\" \/>\n<meta property=\"og:description\" content=\"Contrairement \u00e0 ce qui a \u00e9t\u00e9 annonc\u00e9 aujourd\u2019hui, la blessure du gardien de but de la S\u00e9lection nationale, n\u00e9cessite au moins une semaine de repos et de nouveau...\" \/>\n<meta property=\"og:url\" content=\"https:\/\/www.webdo.tn\/fr\/actualite\/sport\/bechir-ben-said-incertain-pour-la-coupe-du-monde\/199080\/\" \/>\n<meta property=\"og:site_name\" content=\"webdo\" \/>\n<meta property=\"article:publisher\" content=\"https:\/\/www.facebook.com\/webdotn\" \/>\n<meta property=\"article:published_time\" content=\"2022-11-17T14:46:00+00:00\" \/>\n<meta property=\"article:modified_time\" content=\"2025-05-20T22:04:49+00:00\" \/>\n<meta property=\"og:image\" content=\"https:\/\/www.webdo.tn\/fr\/wp-content\/uploads\/2022\/11\/043385167fc813ac97dd0c10df2e2144.jpg\" \/>\n\t<meta property=\"og:image:width\" content=\"750\" \/>\n\t<meta property=\"og:image:height\" content=\"400\" \/>\n\t<meta property=\"og:image:type\" content=\"image\/jpeg\" \/>\n<meta name=\"author\" content=\"MC\" \/>\n<meta name=\"twitter:card\" content=\"summary_large_image\" \/>\n<meta name=\"twitter:creator\" content=\"@webdo_tn\" \/>\n<meta name=\"twitter:site\" content=\"@webdo_tn\" \/>\n<meta name=\"twitter:label1\" content=\"\u00c9crit par\" \/>\n\t<meta name=\"twitter:data1\" content=\"MC\" \/>\n\t<meta name=\"twitter:label2\" content=\"Dur\u00e9e de lecture estim\u00e9e\" \/>\n\t<meta name=\"twitter:data2\" content=\"1 minute\" \/>\n<script type=\"application\/ld+json\" class=\"yoast-schema-graph\">{\"@context\":\"https:\\\/\\\/schema.org\",\"@graph\":[{\"@type\":\"NewsArticle\",\"@id\":\"https:\\\/\\\/www.webdo.tn\\\/fr\\\/actualite\\\/sport\\\/bechir-ben-said-incertain-pour-la-coupe-du-monde\\\/199080\\\/#article\",\"isPartOf\":{\"@id\":\"https:\\\/\\\/www.webdo.tn\\\/fr\\\/actualite\\\/sport\\\/bechir-ben-said-incertain-pour-la-coupe-du-monde\\\/199080\\\/\"},\"author\":{\"name\":\"MC\",\"@id\":\"https:\\\/\\\/www.webdo.tn\\\/fr\\\/#\\\/schema\\\/person\\\/2c4929cbf5a809e3bd38617c6ce150f6\"},\"headline\":\"Bechir Ben Said incertain pour la Coupe du monde\",\"datePublished\":\"2022-11-17T14:46:00+00:00\",\"dateModified\":\"2025-05-20T22:04:49+00:00\",\"mainEntityOfPage\":{\"@id\":\"https:\\\/\\\/www.webdo.tn\\\/fr\\\/actualite\\\/sport\\\/bechir-ben-said-incertain-pour-la-coupe-du-monde\\\/199080\\\/\"},\"wordCount\":149,\"commentCount\":0,\"publisher\":{\"@id\":\"https:\\\/\\\/www.webdo.tn\\\/fr\\\/#organization\"},\"image\":{\"@id\":\"https:\\\/\\\/www.webdo.tn\\\/fr\\\/actualite\\\/sport\\\/bechir-ben-said-incertain-pour-la-coupe-du-monde\\\/199080\\\/#primaryimage\"},\"thumbnailUrl\":\"https:\\\/\\\/www.webdo.tn\\\/fr\\\/wp-content\\\/uploads\\\/2022\\\/11\\\/043385167fc813ac97dd0c10df2e2144.jpg\",\"keywords\":[\"Bechir Ben Said\",\"Coupe du Monde\",\"Tunisie\"],\"articleSection\":[\"Sport\"],\"inLanguage\":\"fr-FR\"},{\"@type\":\"WebPage\",\"@id\":\"https:\\\/\\\/www.webdo.tn\\\/fr\\\/actualite\\\/sport\\\/bechir-ben-said-incertain-pour-la-coupe-du-monde\\\/199080\\\/\",\"url\":\"https:\\\/\\\/www.webdo.tn\\\/fr\\\/actualite\\\/sport\\\/bechir-ben-said-incertain-pour-la-coupe-du-monde\\\/199080\\\/\",\"name\":\"Bechir Ben Said incertain pour la Coupe du monde\",\"isPartOf\":{\"@id\":\"https:\\\/\\\/www.webdo.tn\\\/fr\\\/#website\"},\"primaryImageOfPage\":{\"@id\":\"https:\\\/\\\/www.webdo.tn\\\/fr\\\/actualite\\\/sport\\\/bechir-ben-said-incertain-pour-la-coupe-du-monde\\\/199080\\\/#primaryimage\"},\"image\":{\"@id\":\"https:\\\/\\\/www.webdo.tn\\\/fr\\\/actualite\\\/sport\\\/bechir-ben-said-incertain-pour-la-coupe-du-monde\\\/199080\\\/#primaryimage\"},\"thumbnailUrl\":\"https:\\\/\\\/www.webdo.tn\\\/fr\\\/wp-content\\\/uploads\\\/2022\\\/11\\\/043385167fc813ac97dd0c10df2e2144.jpg\",\"datePublished\":\"2022-11-17T14:46:00+00:00\",\"dateModified\":\"2025-05-20T22:04:49+00:00\",\"description\":\"Contrairement \u00e0 ce qui a \u00e9t\u00e9 annonc\u00e9 aujourd\u2019hui, la blessure du gardien de but de la S\u00e9lection nationale, n\u00e9cessite au moins une semaine de repos et de nouveau...\",\"breadcrumb\":{\"@id\":\"https:\\\/\\\/www.webdo.tn\\\/fr\\\/actualite\\\/sport\\\/bechir-ben-said-incertain-pour-la-coupe-du-monde\\\/199080\\\/#breadcrumb\"},\"inLanguage\":\"fr-FR\",\"potentialAction\":[{\"@type\":\"ReadAction\",\"target\":[\"https:\\\/\\\/www.webdo.tn\\\/fr\\\/actualite\\\/sport\\\/bechir-ben-said-incertain-pour-la-coupe-du-monde\\\/199080\\\/\"]}]},{\"@type\":\"ImageObject\",\"inLanguage\":\"fr-FR\",\"@id\":\"https:\\\/\\\/www.webdo.tn\\\/fr\\\/actualite\\\/sport\\\/bechir-ben-said-incertain-pour-la-coupe-du-monde\\\/199080\\\/#primaryimage\",\"url\":\"https:\\\/\\\/www.webdo.tn\\\/fr\\\/wp-content\\\/uploads\\\/2022\\\/11\\\/043385167fc813ac97dd0c10df2e2144.jpg\",\"contentUrl\":\"https:\\\/\\\/www.webdo.tn\\\/fr\\\/wp-content\\\/uploads\\\/2022\\\/11\\\/043385167fc813ac97dd0c10df2e2144.jpg\",\"width\":750,\"height\":400,\"caption\":\"Bechir Ben Said risque de rater le Mondial\"},{\"@type\":\"BreadcrumbList\",\"@id\":\"https:\\\/\\\/www.webdo.tn\\\/fr\\\/actualite\\\/sport\\\/bechir-ben-said-incertain-pour-la-coupe-du-monde\\\/199080\\\/#breadcrumb\",\"itemListElement\":[{\"@type\":\"ListItem\",\"position\":1,\"name\":\"Accueil\",\"item\":\"https:\\\/\\\/www.webdo.tn\\\/fr\\\/\"},{\"@type\":\"ListItem\",\"position\":2,\"name\":\"Bechir Ben Said incertain pour la Coupe du monde\"}]},{\"@type\":\"WebSite\",\"@id\":\"https:\\\/\\\/www.webdo.tn\\\/fr\\\/#website\",\"url\":\"https:\\\/\\\/www.webdo.tn\\\/fr\\\/\",\"name\":\"webdo\",\"description\":\"Tunisie - News en Tunisie et \u00e0 l&#039;international sur Webdo.tn\",\"publisher\":{\"@id\":\"https:\\\/\\\/www.webdo.tn\\\/fr\\\/#organization\"},\"potentialAction\":[{\"@type\":\"SearchAction\",\"target\":{\"@type\":\"EntryPoint\",\"urlTemplate\":\"https:\\\/\\\/www.webdo.tn\\\/fr\\\/?s={search_term_string}\"},\"query-input\":{\"@type\":\"PropertyValueSpecification\",\"valueRequired\":true,\"valueName\":\"search_term_string\"}}],\"inLanguage\":\"fr-FR\"},{\"@type\":\"Organization\",\"@id\":\"https:\\\/\\\/www.webdo.tn\\\/fr\\\/#organization\",\"name\":\"Webdo\",\"alternateName\":\"Webdo.tn\",\"url\":\"https:\\\/\\\/www.webdo.tn\\\/fr\\\/\",\"logo\":{\"@type\":\"ImageObject\",\"inLanguage\":\"fr-FR\",\"@id\":\"https:\\\/\\\/www.webdo.tn\\\/fr\\\/#\\\/schema\\\/logo\\\/image\\\/\",\"url\":\"https:\\\/\\\/www.webdo.tn\\\/fr\\\/wp-content\\\/uploads\\\/2025\\\/06\\\/Webdo-Tunisie_168377.jpg\",\"contentUrl\":\"https:\\\/\\\/www.webdo.tn\\\/fr\\\/wp-content\\\/uploads\\\/2025\\\/06\\\/Webdo-Tunisie_168377.jpg\",\"width\":301,\"height\":301,\"caption\":\"Webdo\"},\"image\":{\"@id\":\"https:\\\/\\\/www.webdo.tn\\\/fr\\\/#\\\/schema\\\/logo\\\/image\\\/\"},\"sameAs\":[\"https:\\\/\\\/www.facebook.com\\\/webdotn\",\"https:\\\/\\\/x.com\\\/webdo_tn\"],\"description\":\"Webdo est un m\u00e9dia num\u00e9rique tunisien fond\u00e9 en 2010, sp\u00e9cialis\u00e9 dans l\u2019actualit\u00e9 nationale et internationale, l\u2019\u00e9conomie, la soci\u00e9t\u00e9 et les analyses politiques. Le site s\u2019adresse \u00e0 un large public francophone et couvre l\u2019information tunisienne en temps r\u00e9el.\",\"email\":\"redac@webdo.tn\",\"legalName\":\"YNJ SARL\",\"foundingDate\":\"2010-09-06\",\"numberOfEmployees\":{\"@type\":\"QuantitativeValue\",\"minValue\":\"11\",\"maxValue\":\"50\"}},{\"@type\":\"Person\",\"@id\":\"https:\\\/\\\/www.webdo.tn\\\/fr\\\/#\\\/schema\\\/person\\\/2c4929cbf5a809e3bd38617c6ce150f6\",\"name\":\"MC\",\"image\":{\"@type\":\"ImageObject\",\"inLanguage\":\"fr-FR\",\"@id\":\"https:\\\/\\\/secure.gravatar.com\\\/avatar\\\/a545bbb6f84efdd5553dbbc2895e3ca8f1d12c5215e00a041c9670b54aa9b18a?s=96&d=mm&r=g\",\"url\":\"https:\\\/\\\/secure.gravatar.com\\\/avatar\\\/a545bbb6f84efdd5553dbbc2895e3ca8f1d12c5215e00a041c9670b54aa9b18a?s=96&d=mm&r=g\",\"contentUrl\":\"https:\\\/\\\/secure.gravatar.com\\\/avatar\\\/a545bbb6f84efdd5553dbbc2895e3ca8f1d12c5215e00a041c9670b54aa9b18a?s=96&d=mm&r=g\",\"caption\":\"MC\"},\"url\":\"https:\\\/\\\/www.webdo.tn\\\/fr\\\/actualite\\\/author\\\/mc\\\/\"}]}<\/script>\n<!-- \/ Yoast SEO Premium plugin. -->","yoast_head_json":{"title":"Bechir Ben Said incertain pour la Coupe du monde","description":"Contrairement \u00e0 ce qui a \u00e9t\u00e9 annonc\u00e9 aujourd\u2019hui, la blessure du gardien de but de la S\u00e9lection nationale, n\u00e9cessite au moins une semaine de repos et de nouveau...","canonical":"https:\/\/www.webdo.tn\/fr\/actualite\/sport\/bechir-ben-said-incertain-pour-la-coupe-du-monde\/199080\/","og_locale":"fr_FR","og_type":"article","og_title":"Bechir Ben Said incertain pour la Coupe du monde","og_description":"Contrairement \u00e0 ce qui a \u00e9t\u00e9 annonc\u00e9 aujourd\u2019hui, la blessure du gardien de but de la S\u00e9lection nationale, n\u00e9cessite au moins une semaine de repos et de nouveau...","og_url":"https:\/\/www.webdo.tn\/fr\/actualite\/sport\/bechir-ben-said-incertain-pour-la-coupe-du-monde\/199080\/","og_site_name":"webdo","article_publisher":"https:\/\/www.facebook.com\/webdotn","article_published_time":"2022-11-17T14:46:00+00:00","article_modified_time":"2025-05-20T22:04:49+00:00","og_image":[{"width":750,"height":400,"url":"https:\/\/www.webdo.tn\/fr\/wp-content\/uploads\/2022\/11\/043385167fc813ac97dd0c10df2e2144.jpg","type":"image\/jpeg"}],"author":"MC","twitter_card":"summary_large_image","twitter_creator":"@webdo_tn","twitter_site":"@webdo_tn","twitter_misc":{"\u00c9crit par":"MC","Dur\u00e9e de lecture estim\u00e9e":"1 minute"},"schema":{"@context":"https:\/\/schema.org","@graph":[{"@type":"NewsArticle","@id":"https:\/\/www.webdo.tn\/fr\/actualite\/sport\/bechir-ben-said-incertain-pour-la-coupe-du-monde\/199080\/#article","isPartOf":{"@id":"https:\/\/www.webdo.tn\/fr\/actualite\/sport\/bechir-ben-said-incertain-pour-la-coupe-du-monde\/199080\/"},"author":{"name":"MC","@id":"https:\/\/www.webdo.tn\/fr\/#\/schema\/person\/2c4929cbf5a809e3bd38617c6ce150f6"},"headline":"Bechir Ben Said incertain pour la Coupe du monde","datePublished":"2022-11-17T14:46:00+00:00","dateModified":"2025-05-20T22:04:49+00:00","mainEntityOfPage":{"@id":"https:\/\/www.webdo.tn\/fr\/actualite\/sport\/bechir-ben-said-incertain-pour-la-coupe-du-monde\/199080\/"},"wordCount":149,"commentCount":0,"publisher":{"@id":"https:\/\/www.webdo.tn\/fr\/#organization"},"image":{"@id":"https:\/\/www.webdo.tn\/fr\/actualite\/sport\/bechir-ben-said-incertain-pour-la-coupe-du-monde\/199080\/#primaryimage"},"thumbnailUrl":"https:\/\/www.webdo.tn\/fr\/wp-content\/uploads\/2022\/11\/043385167fc813ac97dd0c10df2e2144.jpg","keywords":["Bechir Ben Said","Coupe du Monde","Tunisie"],"articleSection":["Sport"],"inLanguage":"fr-FR"},{"@type":"WebPage","@id":"https:\/\/www.webdo.tn\/fr\/actualite\/sport\/bechir-ben-said-incertain-pour-la-coupe-du-monde\/199080\/","url":"https:\/\/www.webdo.tn\/fr\/actualite\/sport\/bechir-ben-said-incertain-pour-la-coupe-du-monde\/199080\/","name":"Bechir Ben Said incertain pour la Coupe du monde","isPartOf":{"@id":"https:\/\/www.webdo.tn\/fr\/#website"},"primaryImageOfPage":{"@id":"https:\/\/www.webdo.tn\/fr\/actualite\/sport\/bechir-ben-said-incertain-pour-la-coupe-du-monde\/199080\/#primaryimage"},"image":{"@id":"https:\/\/www.webdo.tn\/fr\/actualite\/sport\/bechir-ben-said-incertain-pour-la-coupe-du-monde\/199080\/#primaryimage"},"thumbnailUrl":"https:\/\/www.webdo.tn\/fr\/wp-content\/uploads\/2022\/11\/043385167fc813ac97dd0c10df2e2144.jpg","datePublished":"2022-11-17T14:46:00+00:00","dateModified":"2025-05-20T22:04:49+00:00","description":"Contrairement \u00e0 ce qui a \u00e9t\u00e9 annonc\u00e9 aujourd\u2019hui, la blessure du gardien de but de la S\u00e9lection nationale, n\u00e9cessite au moins une semaine de repos et de nouveau...","breadcrumb":{"@id":"https:\/\/www.webdo.tn\/fr\/actualite\/sport\/bechir-ben-said-incertain-pour-la-coupe-du-monde\/199080\/#breadcrumb"},"inLanguage":"fr-FR","potentialAction":[{"@type":"ReadAction","target":["https:\/\/www.webdo.tn\/fr\/actualite\/sport\/bechir-ben-said-incertain-pour-la-coupe-du-monde\/199080\/"]}]},{"@type":"ImageObject","inLanguage":"fr-FR","@id":"https:\/\/www.webdo.tn\/fr\/actualite\/sport\/bechir-ben-said-incertain-pour-la-coupe-du-monde\/199080\/#primaryimage","url":"https:\/\/www.webdo.tn\/fr\/wp-content\/uploads\/2022\/11\/043385167fc813ac97dd0c10df2e2144.jpg","contentUrl":"https:\/\/www.webdo.tn\/fr\/wp-content\/uploads\/2022\/11\/043385167fc813ac97dd0c10df2e2144.jpg","width":750,"height":400,"caption":"Bechir Ben Said risque de rater le Mondial"},{"@type":"BreadcrumbList","@id":"https:\/\/www.webdo.tn\/fr\/actualite\/sport\/bechir-ben-said-incertain-pour-la-coupe-du-monde\/199080\/#breadcrumb","itemListElement":[{"@type":"ListItem","position":1,"name":"Accueil","item":"https:\/\/www.webdo.tn\/fr\/"},{"@type":"ListItem","position":2,"name":"Bechir Ben Said incertain pour la Coupe du monde"}]},{"@type":"WebSite","@id":"https:\/\/www.webdo.tn\/fr\/#website","url":"https:\/\/www.webdo.tn\/fr\/","name":"webdo","description":"Tunisie - News en Tunisie et \u00e0 l&#039;international sur Webdo.tn","publisher":{"@id":"https:\/\/www.webdo.tn\/fr\/#organization"},"potentialAction":[{"@type":"SearchAction","target":{"@type":"EntryPoint","urlTemplate":"https:\/\/www.webdo.tn\/fr\/?s={search_term_string}"},"query-input":{"@type":"PropertyValueSpecification","valueRequired":true,"valueName":"search_term_string"}}],"inLanguage":"fr-FR"},{"@type":"Organization","@id":"https:\/\/www.webdo.tn\/fr\/#organization","name":"Webdo","alternateName":"Webdo.tn","url":"https:\/\/www.webdo.tn\/fr\/","logo":{"@type":"ImageObject","inLanguage":"fr-FR","@id":"https:\/\/www.webdo.tn\/fr\/#\/schema\/logo\/image\/","url":"https:\/\/www.webdo.tn\/fr\/wp-content\/uploads\/2025\/06\/Webdo-Tunisie_168377.jpg","contentUrl":"https:\/\/www.webdo.tn\/fr\/wp-content\/uploads\/2025\/06\/Webdo-Tunisie_168377.jpg","width":301,"height":301,"caption":"Webdo"},"image":{"@id":"https:\/\/www.webdo.tn\/fr\/#\/schema\/logo\/image\/"},"sameAs":["https:\/\/www.facebook.com\/webdotn","https:\/\/x.com\/webdo_tn"],"description":"Webdo est un m\u00e9dia num\u00e9rique tunisien fond\u00e9 en 2010, sp\u00e9cialis\u00e9 dans l\u2019actualit\u00e9 nationale et internationale, l\u2019\u00e9conomie, la soci\u00e9t\u00e9 et les analyses politiques. Le site s\u2019adresse \u00e0 un large public francophone et couvre l\u2019information tunisienne en temps r\u00e9el.","email":"redac@webdo.tn","legalName":"YNJ SARL","foundingDate":"2010-09-06","numberOfEmployees":{"@type":"QuantitativeValue","minValue":"11","maxValue":"50"}},{"@type":"Person","@id":"https:\/\/www.webdo.tn\/fr\/#\/schema\/person\/2c4929cbf5a809e3bd38617c6ce150f6","name":"MC","image":{"@type":"ImageObject","inLanguage":"fr-FR","@id":"https:\/\/secure.gravatar.com\/avatar\/a545bbb6f84efdd5553dbbc2895e3ca8f1d12c5215e00a041c9670b54aa9b18a?s=96&d=mm&r=g","url":"https:\/\/secure.gravatar.com\/avatar\/a545bbb6f84efdd5553dbbc2895e3ca8f1d12c5215e00a041c9670b54aa9b18a?s=96&d=mm&r=g","contentUrl":"https:\/\/secure.gravatar.com\/avatar\/a545bbb6f84efdd5553dbbc2895e3ca8f1d12c5215e00a041c9670b54aa9b18a?s=96&d=mm&r=g","caption":"MC"},"url":"https:\/\/www.webdo.tn\/fr\/actualite\/author\/mc\/"}]}},"_links":{"self":[{"href":"https:\/\/www.webdo.tn\/fr\/wp-json\/wp\/v2\/posts\/199080","targetHints":{"allow":["GET"]}}],"collection":[{"href":"https:\/\/www.webdo.tn\/fr\/wp-json\/wp\/v2\/posts"}],"about":[{"href":"https:\/\/www.webdo.tn\/fr\/wp-json\/wp\/v2\/types\/post"}],"author":[{"embeddable":true,"href":"https:\/\/www.webdo.tn\/fr\/wp-json\/wp\/v2\/users\/3162"}],"replies":[{"embeddable":true,"href":"https:\/\/www.webdo.tn\/fr\/wp-json\/wp\/v2\/comments?post=199080"}],"version-history":[{"count":0,"href":"https:\/\/www.webdo.tn\/fr\/wp-json\/wp\/v2\/posts\/199080\/revisions"}],"wp:featuredmedia":[{"embeddable":true,"href":"https:\/\/www.webdo.tn\/fr\/wp-json\/wp\/v2\/media\/253185"}],"wp:attachment":[{"href":"https:\/\/www.webdo.tn\/fr\/wp-json\/wp\/v2\/media?parent=199080"}],"wp:term":[{"taxonomy":"category","embeddable":true,"href":"https:\/\/www.webdo.tn\/fr\/wp-json\/wp\/v2\/categories?post=199080"},{"taxonomy":"post_tag","embeddable":true,"href":"https:\/\/www.webdo.tn\/fr\/wp-json\/wp\/v2\/tags?post=199080"}],"curies":[{"name":"wp","href":"https:\/\/api.w.org\/{rel}","templated":true}]}}