{"id":199077,"date":"2022-11-17T14:18:00","date_gmt":"2022-11-17T14:18:00","guid":{"rendered":"https:\/\/www.webdo.tn\/fr\/actualite\/blog\/repli-de-la-reserve-en-devises-les-explications-de-marouene-abassi\/199077\/"},"modified":"2025-05-22T11:44:14","modified_gmt":"2025-05-22T11:44:14","slug":"repli-de-la-reserve-en-devises-les-explications-de-marouene-abassi","status":"publish","type":"post","link":"https:\/\/www.webdo.tn\/fr\/actualite\/national\/repli-de-la-reserve-en-devises-les-explications-de-marouene-abassi\/199077\/","title":{"rendered":"Repli de la r\u00e9serve en devises : les explications de Marouene Abassi"},"content":{"rendered":"<p>Les avoirs nets en devises ne couvrent d\u00e9sormais que 98 jours d\u2019importation \u00e0 la date du 15 novembre 2022, selon les indicateurs mon\u00e9taires et financiers publi\u00e9s ce mardi 15 novembre 2022, par la Banque Centrale de Tunisie.<\/p>\n<p> Dans ce cadre, le gouverneur de la Banque centrale, Marouene Abassi a indiqu\u00e9, ce jeudi 17 novembre 2022, que le repli de la r\u00e9serve en devises \u00e0 un peu moins de 100 jours d&rsquo;importations est en relation directe avec les importations et les exportations tunisiennes.<\/p>\n<p>Consid\u00e9rant que cette r\u00e9serve est \u00ab tr\u00e8s raisonnable par rapport \u00e0 la situation \u00e9conomique en Tunisie et dans le monde \u00bb, Abassi a affirm\u00e9 que \u00ab la ligne rouge d\u00e9bute \u00e0 partir de 90 jours de r\u00e9serve en devises \u00bb.<\/p>\n<p>Le gouverneur de la BCT a fait part de son espoir que cette r\u00e9serve \u00ab d\u00e9passe les 100 jours d\u2019importation d&rsquo;ici la fin du mois de septembre, surtout avec l&rsquo;\u00e9volution des n\u00e9gociations avec le FMI et l&rsquo;obtention de la Tunisie de la premi\u00e8re tranche du cr\u00e9dit \u00bb.<\/p>\n<p>En valeur, les avoirs nets en devises ont augment\u00e9 de 1,076 milliard de dinars, pour s\u2019\u00e9tablir \u00e0 21,787 milliards de dinars contre 20,711 milliards de dinars le 15 novembre 2021. Par rapport \u00e0 l\u2019ann\u00e9e pr\u00e9c\u00e9dente, le nombre de jours d\u2019importation sont en baisse de 25 jours, passant de 123 jours, \u00e0 98 jours.<\/p>\n<p>A la date du 4 novembre 2022, les avoirs nets en devises s\u2019\u00e9tablissaient \u00e0 102 jours d\u2019importation, soit 22,6 milliards de dinars.<br \/>\nLa baisse des avoirs en devises est due, en partie, \u00e0 la d\u00e9pr\u00e9ciation du dinar, vis-\u00e0-vis des principales devises \u00e9trang\u00e8res.<br \/>\nLa valeur d\u2019un dollar est pass\u00e9e de 2,866 dinars, le 14 novembre 2021 \u00e0 3,224 dinars actuellement.<\/p>\n<p>L\u2019euro, quant \u00e0 lui vaut actuellement 3,340 dinars, alors qu\u2019il valait, \u00e0 la m\u00eame date de l\u2019ann\u00e9e derni\u00e8re, 3,282 dinars.<\/p>\n<p>La diminution des r\u00e9serves en devises est due, aussi, \u00e0 la hausse des importations durant les dix premiers mois de 2022, de 34% en comparaison avec la m\u00eame p\u00e9riode de 2021, pour s\u2019\u00e9tablir \u00e0 68,6 milliards de dinars.<\/p>\n<p>En contrepartie, les exportations n\u2019ont augment\u00e9 que de 24,9% pour une valeur de 47,3 milliards de dinars.<\/p>\n<p>Pour rappel, le d\u00e9ficit commercial du pays s\u2019est aggrav\u00e9 de plus de 60%, passant de 13,3 milliards de dinars, durant les dix premiers mois de 2021, \u00e0 21,3 milliards de dinars, \u00e0 fin octobre 2022.<\/p>\n","protected":false},"excerpt":{"rendered":"<p>Les avoirs nets en devises ne couvrent d\u00e9sormais que 98 jours d\u2019importation \u00e0 la date du 15 novembre 2022, selon les indicateurs mon\u00e9taires et financiers publi\u00e9&#8230;<\/p>\n","protected":false},"author":3196,"featured_media":348591,"comment_status":"open","ping_status":"closed","sticky":false,"template":"","format":"standard","meta":{"footnotes":""},"categories":[44],"tags":[8007,2810,11540,11542],"class_list":["post-199077","post","type-post","status-publish","format-standard","has-post-thumbnail","hentry","category-national","tag-avoirs-en-devises","tag-banque-centrale","tag-marouene-abassi","tag-reserve-en-devises"],"yoast_head":"<!-- This site is optimized with the Yoast SEO Premium plugin v27.5 (Yoast SEO v27.5) - https:\/\/yoast.com\/product\/yoast-seo-premium-wordpress\/ -->\n<title>Repli de la r\u00e9serve en devises : les explications de Marouene Abassi<\/title>\n<meta name=\"description\" content=\"Les avoirs nets en devises ne couvrent d\u00e9sormais que 98 jours d\u2019importation \u00e0 la date du 15 novembre 2022, selon les indicateurs mon\u00e9taires et financiers publi\u00e9...\" \/>\n<link rel=\"canonical\" href=\"https:\/\/www.webdo.tn\/fr\/actualite\/national-45\/repli-de-la-reserve-en-devises-les-explications-de-marouene-abassi\/199077\/\" \/>\n<meta property=\"og:locale\" content=\"fr_FR\" \/>\n<meta property=\"og:type\" content=\"article\" \/>\n<meta property=\"og:title\" content=\"Repli de la r\u00e9serve en devises : les explications de Marouene Abassi\" \/>\n<meta property=\"og:description\" content=\"Les avoirs nets en devises ne couvrent d\u00e9sormais que 98 jours d\u2019importation \u00e0 la date du 15 novembre 2022, selon les indicateurs mon\u00e9taires et financiers publi\u00e9...\" \/>\n<meta property=\"og:url\" content=\"https:\/\/www.webdo.tn\/fr\/actualite\/national-45\/repli-de-la-reserve-en-devises-les-explications-de-marouene-abassi\/199077\/\" \/>\n<meta property=\"og:site_name\" content=\"webdo\" \/>\n<meta property=\"article:publisher\" content=\"https:\/\/www.facebook.com\/webdotn\" \/>\n<meta property=\"article:published_time\" content=\"2022-11-17T14:18:00+00:00\" \/>\n<meta property=\"article:modified_time\" content=\"2025-05-22T11:44:14+00:00\" \/>\n<meta property=\"og:image\" content=\"https:\/\/www.webdo.tn\/fr\/wp-content\/uploads\/2022\/11\/e2dcb506a1e05c02147673c5a55b7483.jpg\" \/>\n\t<meta property=\"og:image:width\" content=\"750\" \/>\n\t<meta property=\"og:image:height\" content=\"400\" \/>\n\t<meta property=\"og:image:type\" content=\"image\/jpeg\" \/>\n<meta name=\"author\" content=\"MK\" \/>\n<meta name=\"twitter:card\" content=\"summary_large_image\" \/>\n<meta name=\"twitter:creator\" content=\"@webdo_tn\" \/>\n<meta name=\"twitter:site\" content=\"@webdo_tn\" \/>\n<meta name=\"twitter:label1\" content=\"\u00c9crit par\" \/>\n\t<meta name=\"twitter:data1\" content=\"MK\" \/>\n\t<meta name=\"twitter:label2\" content=\"Dur\u00e9e de lecture estim\u00e9e\" \/>\n\t<meta name=\"twitter:data2\" content=\"2 minutes\" \/>\n<script type=\"application\/ld+json\" class=\"yoast-schema-graph\">{\"@context\":\"https:\\\/\\\/schema.org\",\"@graph\":[{\"@type\":\"NewsArticle\",\"@id\":\"https:\\\/\\\/www.webdo.tn\\\/fr\\\/actualite\\\/national-45\\\/repli-de-la-reserve-en-devises-les-explications-de-marouene-abassi\\\/199077\\\/#article\",\"isPartOf\":{\"@id\":\"https:\\\/\\\/www.webdo.tn\\\/fr\\\/actualite\\\/national-45\\\/repli-de-la-reserve-en-devises-les-explications-de-marouene-abassi\\\/199077\\\/\"},\"author\":{\"name\":\"MK\",\"@id\":\"https:\\\/\\\/www.webdo.tn\\\/fr\\\/#\\\/schema\\\/person\\\/c3a9d32fa6d495ca5f4b6510e3db97bf\"},\"headline\":\"Repli de la r\u00e9serve en devises : les explications de Marouene Abassi\",\"datePublished\":\"2022-11-17T14:18:00+00:00\",\"dateModified\":\"2025-05-22T11:44:14+00:00\",\"mainEntityOfPage\":{\"@id\":\"https:\\\/\\\/www.webdo.tn\\\/fr\\\/actualite\\\/national-45\\\/repli-de-la-reserve-en-devises-les-explications-de-marouene-abassi\\\/199077\\\/\"},\"wordCount\":389,\"commentCount\":0,\"publisher\":{\"@id\":\"https:\\\/\\\/www.webdo.tn\\\/fr\\\/#organization\"},\"image\":{\"@id\":\"https:\\\/\\\/www.webdo.tn\\\/fr\\\/actualite\\\/national-45\\\/repli-de-la-reserve-en-devises-les-explications-de-marouene-abassi\\\/199077\\\/#primaryimage\"},\"thumbnailUrl\":\"https:\\\/\\\/www.webdo.tn\\\/fr\\\/wp-content\\\/uploads\\\/2022\\\/11\\\/e2dcb506a1e05c02147673c5a55b7483.jpg\",\"keywords\":[\"avoirs en devises\",\"Banque centrale\",\"Marouene Abassi\",\"r\u00e9serve en devises\"],\"articleSection\":[\"National\"],\"inLanguage\":\"fr-FR\"},{\"@type\":\"WebPage\",\"@id\":\"https:\\\/\\\/www.webdo.tn\\\/fr\\\/actualite\\\/national-45\\\/repli-de-la-reserve-en-devises-les-explications-de-marouene-abassi\\\/199077\\\/\",\"url\":\"https:\\\/\\\/www.webdo.tn\\\/fr\\\/actualite\\\/national-45\\\/repli-de-la-reserve-en-devises-les-explications-de-marouene-abassi\\\/199077\\\/\",\"name\":\"Repli de la r\u00e9serve en devises : les explications de Marouene Abassi\",\"isPartOf\":{\"@id\":\"https:\\\/\\\/www.webdo.tn\\\/fr\\\/#website\"},\"primaryImageOfPage\":{\"@id\":\"https:\\\/\\\/www.webdo.tn\\\/fr\\\/actualite\\\/national-45\\\/repli-de-la-reserve-en-devises-les-explications-de-marouene-abassi\\\/199077\\\/#primaryimage\"},\"image\":{\"@id\":\"https:\\\/\\\/www.webdo.tn\\\/fr\\\/actualite\\\/national-45\\\/repli-de-la-reserve-en-devises-les-explications-de-marouene-abassi\\\/199077\\\/#primaryimage\"},\"thumbnailUrl\":\"https:\\\/\\\/www.webdo.tn\\\/fr\\\/wp-content\\\/uploads\\\/2022\\\/11\\\/e2dcb506a1e05c02147673c5a55b7483.jpg\",\"datePublished\":\"2022-11-17T14:18:00+00:00\",\"dateModified\":\"2025-05-22T11:44:14+00:00\",\"description\":\"Les avoirs nets en devises ne couvrent d\u00e9sormais que 98 jours d\u2019importation \u00e0 la date du 15 novembre 2022, selon les indicateurs mon\u00e9taires et financiers publi\u00e9...\",\"breadcrumb\":{\"@id\":\"https:\\\/\\\/www.webdo.tn\\\/fr\\\/actualite\\\/national-45\\\/repli-de-la-reserve-en-devises-les-explications-de-marouene-abassi\\\/199077\\\/#breadcrumb\"},\"inLanguage\":\"fr-FR\",\"potentialAction\":[{\"@type\":\"ReadAction\",\"target\":[\"https:\\\/\\\/www.webdo.tn\\\/fr\\\/actualite\\\/national-45\\\/repli-de-la-reserve-en-devises-les-explications-de-marouene-abassi\\\/199077\\\/\"]}]},{\"@type\":\"ImageObject\",\"inLanguage\":\"fr-FR\",\"@id\":\"https:\\\/\\\/www.webdo.tn\\\/fr\\\/actualite\\\/national-45\\\/repli-de-la-reserve-en-devises-les-explications-de-marouene-abassi\\\/199077\\\/#primaryimage\",\"url\":\"https:\\\/\\\/www.webdo.tn\\\/fr\\\/wp-content\\\/uploads\\\/2022\\\/11\\\/e2dcb506a1e05c02147673c5a55b7483.jpg\",\"contentUrl\":\"https:\\\/\\\/www.webdo.tn\\\/fr\\\/wp-content\\\/uploads\\\/2022\\\/11\\\/e2dcb506a1e05c02147673c5a55b7483.jpg\",\"width\":750,\"height\":400,\"caption\":\"r\u00e9serve en devises\"},{\"@type\":\"BreadcrumbList\",\"@id\":\"https:\\\/\\\/www.webdo.tn\\\/fr\\\/actualite\\\/national-45\\\/repli-de-la-reserve-en-devises-les-explications-de-marouene-abassi\\\/199077\\\/#breadcrumb\",\"itemListElement\":[{\"@type\":\"ListItem\",\"position\":1,\"name\":\"Accueil\",\"item\":\"https:\\\/\\\/www.webdo.tn\\\/fr\\\/\"},{\"@type\":\"ListItem\",\"position\":2,\"name\":\"Repli de la r\u00e9serve en devises : les explications de Marouene Abassi\"}]},{\"@type\":\"WebSite\",\"@id\":\"https:\\\/\\\/www.webdo.tn\\\/fr\\\/#website\",\"url\":\"https:\\\/\\\/www.webdo.tn\\\/fr\\\/\",\"name\":\"webdo\",\"description\":\"Tunisie - News en Tunisie et \u00e0 l&#039;international sur Webdo.tn\",\"publisher\":{\"@id\":\"https:\\\/\\\/www.webdo.tn\\\/fr\\\/#organization\"},\"potentialAction\":[{\"@type\":\"SearchAction\",\"target\":{\"@type\":\"EntryPoint\",\"urlTemplate\":\"https:\\\/\\\/www.webdo.tn\\\/fr\\\/?s={search_term_string}\"},\"query-input\":{\"@type\":\"PropertyValueSpecification\",\"valueRequired\":true,\"valueName\":\"search_term_string\"}}],\"inLanguage\":\"fr-FR\"},{\"@type\":\"Organization\",\"@id\":\"https:\\\/\\\/www.webdo.tn\\\/fr\\\/#organization\",\"name\":\"Webdo\",\"alternateName\":\"Webdo.tn\",\"url\":\"https:\\\/\\\/www.webdo.tn\\\/fr\\\/\",\"logo\":{\"@type\":\"ImageObject\",\"inLanguage\":\"fr-FR\",\"@id\":\"https:\\\/\\\/www.webdo.tn\\\/fr\\\/#\\\/schema\\\/logo\\\/image\\\/\",\"url\":\"https:\\\/\\\/www.webdo.tn\\\/fr\\\/wp-content\\\/uploads\\\/2025\\\/06\\\/Webdo-Tunisie_168377.jpg\",\"contentUrl\":\"https:\\\/\\\/www.webdo.tn\\\/fr\\\/wp-content\\\/uploads\\\/2025\\\/06\\\/Webdo-Tunisie_168377.jpg\",\"width\":301,\"height\":301,\"caption\":\"Webdo\"},\"image\":{\"@id\":\"https:\\\/\\\/www.webdo.tn\\\/fr\\\/#\\\/schema\\\/logo\\\/image\\\/\"},\"sameAs\":[\"https:\\\/\\\/www.facebook.com\\\/webdotn\",\"https:\\\/\\\/x.com\\\/webdo_tn\"],\"description\":\"Webdo est un m\u00e9dia num\u00e9rique tunisien fond\u00e9 en 2010, sp\u00e9cialis\u00e9 dans l\u2019actualit\u00e9 nationale et internationale, l\u2019\u00e9conomie, la soci\u00e9t\u00e9 et les analyses politiques. Le site s\u2019adresse \u00e0 un large public francophone et couvre l\u2019information tunisienne en temps r\u00e9el.\",\"email\":\"redac@webdo.tn\",\"legalName\":\"YNJ SARL\",\"foundingDate\":\"2010-09-06\",\"numberOfEmployees\":{\"@type\":\"QuantitativeValue\",\"minValue\":\"11\",\"maxValue\":\"50\"}},{\"@type\":\"Person\",\"@id\":\"https:\\\/\\\/www.webdo.tn\\\/fr\\\/#\\\/schema\\\/person\\\/c3a9d32fa6d495ca5f4b6510e3db97bf\",\"name\":\"MK\",\"image\":{\"@type\":\"ImageObject\",\"inLanguage\":\"fr-FR\",\"@id\":\"https:\\\/\\\/secure.gravatar.com\\\/avatar\\\/6d44f937f19929f3b75db77056d3e08abd6e302e71bcfea340cd8b00c13e7baf?s=96&d=mm&r=g\",\"url\":\"https:\\\/\\\/secure.gravatar.com\\\/avatar\\\/6d44f937f19929f3b75db77056d3e08abd6e302e71bcfea340cd8b00c13e7baf?s=96&d=mm&r=g\",\"contentUrl\":\"https:\\\/\\\/secure.gravatar.com\\\/avatar\\\/6d44f937f19929f3b75db77056d3e08abd6e302e71bcfea340cd8b00c13e7baf?s=96&d=mm&r=g\",\"caption\":\"MK\"},\"url\":\"https:\\\/\\\/www.webdo.tn\\\/fr\\\/actualite\\\/author\\\/mk\\\/\"}]}<\/script>\n<!-- \/ Yoast SEO Premium plugin. -->","yoast_head_json":{"title":"Repli de la r\u00e9serve en devises : les explications de Marouene Abassi","description":"Les avoirs nets en devises ne couvrent d\u00e9sormais que 98 jours d\u2019importation \u00e0 la date du 15 novembre 2022, selon les indicateurs mon\u00e9taires et financiers publi\u00e9...","canonical":"https:\/\/www.webdo.tn\/fr\/actualite\/national-45\/repli-de-la-reserve-en-devises-les-explications-de-marouene-abassi\/199077\/","og_locale":"fr_FR","og_type":"article","og_title":"Repli de la r\u00e9serve en devises : les explications de Marouene Abassi","og_description":"Les avoirs nets en devises ne couvrent d\u00e9sormais que 98 jours d\u2019importation \u00e0 la date du 15 novembre 2022, selon les indicateurs mon\u00e9taires et financiers publi\u00e9...","og_url":"https:\/\/www.webdo.tn\/fr\/actualite\/national-45\/repli-de-la-reserve-en-devises-les-explications-de-marouene-abassi\/199077\/","og_site_name":"webdo","article_publisher":"https:\/\/www.facebook.com\/webdotn","article_published_time":"2022-11-17T14:18:00+00:00","article_modified_time":"2025-05-22T11:44:14+00:00","og_image":[{"width":750,"height":400,"url":"https:\/\/www.webdo.tn\/fr\/wp-content\/uploads\/2022\/11\/e2dcb506a1e05c02147673c5a55b7483.jpg","type":"image\/jpeg"}],"author":"MK","twitter_card":"summary_large_image","twitter_creator":"@webdo_tn","twitter_site":"@webdo_tn","twitter_misc":{"\u00c9crit par":"MK","Dur\u00e9e de lecture estim\u00e9e":"2 minutes"},"schema":{"@context":"https:\/\/schema.org","@graph":[{"@type":"NewsArticle","@id":"https:\/\/www.webdo.tn\/fr\/actualite\/national-45\/repli-de-la-reserve-en-devises-les-explications-de-marouene-abassi\/199077\/#article","isPartOf":{"@id":"https:\/\/www.webdo.tn\/fr\/actualite\/national-45\/repli-de-la-reserve-en-devises-les-explications-de-marouene-abassi\/199077\/"},"author":{"name":"MK","@id":"https:\/\/www.webdo.tn\/fr\/#\/schema\/person\/c3a9d32fa6d495ca5f4b6510e3db97bf"},"headline":"Repli de la r\u00e9serve en devises : les explications de Marouene Abassi","datePublished":"2022-11-17T14:18:00+00:00","dateModified":"2025-05-22T11:44:14+00:00","mainEntityOfPage":{"@id":"https:\/\/www.webdo.tn\/fr\/actualite\/national-45\/repli-de-la-reserve-en-devises-les-explications-de-marouene-abassi\/199077\/"},"wordCount":389,"commentCount":0,"publisher":{"@id":"https:\/\/www.webdo.tn\/fr\/#organization"},"image":{"@id":"https:\/\/www.webdo.tn\/fr\/actualite\/national-45\/repli-de-la-reserve-en-devises-les-explications-de-marouene-abassi\/199077\/#primaryimage"},"thumbnailUrl":"https:\/\/www.webdo.tn\/fr\/wp-content\/uploads\/2022\/11\/e2dcb506a1e05c02147673c5a55b7483.jpg","keywords":["avoirs en devises","Banque centrale","Marouene Abassi","r\u00e9serve en devises"],"articleSection":["National"],"inLanguage":"fr-FR"},{"@type":"WebPage","@id":"https:\/\/www.webdo.tn\/fr\/actualite\/national-45\/repli-de-la-reserve-en-devises-les-explications-de-marouene-abassi\/199077\/","url":"https:\/\/www.webdo.tn\/fr\/actualite\/national-45\/repli-de-la-reserve-en-devises-les-explications-de-marouene-abassi\/199077\/","name":"Repli de la r\u00e9serve en devises : les explications de Marouene Abassi","isPartOf":{"@id":"https:\/\/www.webdo.tn\/fr\/#website"},"primaryImageOfPage":{"@id":"https:\/\/www.webdo.tn\/fr\/actualite\/national-45\/repli-de-la-reserve-en-devises-les-explications-de-marouene-abassi\/199077\/#primaryimage"},"image":{"@id":"https:\/\/www.webdo.tn\/fr\/actualite\/national-45\/repli-de-la-reserve-en-devises-les-explications-de-marouene-abassi\/199077\/#primaryimage"},"thumbnailUrl":"https:\/\/www.webdo.tn\/fr\/wp-content\/uploads\/2022\/11\/e2dcb506a1e05c02147673c5a55b7483.jpg","datePublished":"2022-11-17T14:18:00+00:00","dateModified":"2025-05-22T11:44:14+00:00","description":"Les avoirs nets en devises ne couvrent d\u00e9sormais que 98 jours d\u2019importation \u00e0 la date du 15 novembre 2022, selon les indicateurs mon\u00e9taires et financiers publi\u00e9...","breadcrumb":{"@id":"https:\/\/www.webdo.tn\/fr\/actualite\/national-45\/repli-de-la-reserve-en-devises-les-explications-de-marouene-abassi\/199077\/#breadcrumb"},"inLanguage":"fr-FR","potentialAction":[{"@type":"ReadAction","target":["https:\/\/www.webdo.tn\/fr\/actualite\/national-45\/repli-de-la-reserve-en-devises-les-explications-de-marouene-abassi\/199077\/"]}]},{"@type":"ImageObject","inLanguage":"fr-FR","@id":"https:\/\/www.webdo.tn\/fr\/actualite\/national-45\/repli-de-la-reserve-en-devises-les-explications-de-marouene-abassi\/199077\/#primaryimage","url":"https:\/\/www.webdo.tn\/fr\/wp-content\/uploads\/2022\/11\/e2dcb506a1e05c02147673c5a55b7483.jpg","contentUrl":"https:\/\/www.webdo.tn\/fr\/wp-content\/uploads\/2022\/11\/e2dcb506a1e05c02147673c5a55b7483.jpg","width":750,"height":400,"caption":"r\u00e9serve en devises"},{"@type":"BreadcrumbList","@id":"https:\/\/www.webdo.tn\/fr\/actualite\/national-45\/repli-de-la-reserve-en-devises-les-explications-de-marouene-abassi\/199077\/#breadcrumb","itemListElement":[{"@type":"ListItem","position":1,"name":"Accueil","item":"https:\/\/www.webdo.tn\/fr\/"},{"@type":"ListItem","position":2,"name":"Repli de la r\u00e9serve en devises : les explications de Marouene Abassi"}]},{"@type":"WebSite","@id":"https:\/\/www.webdo.tn\/fr\/#website","url":"https:\/\/www.webdo.tn\/fr\/","name":"webdo","description":"Tunisie - News en Tunisie et \u00e0 l&#039;international sur Webdo.tn","publisher":{"@id":"https:\/\/www.webdo.tn\/fr\/#organization"},"potentialAction":[{"@type":"SearchAction","target":{"@type":"EntryPoint","urlTemplate":"https:\/\/www.webdo.tn\/fr\/?s={search_term_string}"},"query-input":{"@type":"PropertyValueSpecification","valueRequired":true,"valueName":"search_term_string"}}],"inLanguage":"fr-FR"},{"@type":"Organization","@id":"https:\/\/www.webdo.tn\/fr\/#organization","name":"Webdo","alternateName":"Webdo.tn","url":"https:\/\/www.webdo.tn\/fr\/","logo":{"@type":"ImageObject","inLanguage":"fr-FR","@id":"https:\/\/www.webdo.tn\/fr\/#\/schema\/logo\/image\/","url":"https:\/\/www.webdo.tn\/fr\/wp-content\/uploads\/2025\/06\/Webdo-Tunisie_168377.jpg","contentUrl":"https:\/\/www.webdo.tn\/fr\/wp-content\/uploads\/2025\/06\/Webdo-Tunisie_168377.jpg","width":301,"height":301,"caption":"Webdo"},"image":{"@id":"https:\/\/www.webdo.tn\/fr\/#\/schema\/logo\/image\/"},"sameAs":["https:\/\/www.facebook.com\/webdotn","https:\/\/x.com\/webdo_tn"],"description":"Webdo est un m\u00e9dia num\u00e9rique tunisien fond\u00e9 en 2010, sp\u00e9cialis\u00e9 dans l\u2019actualit\u00e9 nationale et internationale, l\u2019\u00e9conomie, la soci\u00e9t\u00e9 et les analyses politiques. Le site s\u2019adresse \u00e0 un large public francophone et couvre l\u2019information tunisienne en temps r\u00e9el.","email":"redac@webdo.tn","legalName":"YNJ SARL","foundingDate":"2010-09-06","numberOfEmployees":{"@type":"QuantitativeValue","minValue":"11","maxValue":"50"}},{"@type":"Person","@id":"https:\/\/www.webdo.tn\/fr\/#\/schema\/person\/c3a9d32fa6d495ca5f4b6510e3db97bf","name":"MK","image":{"@type":"ImageObject","inLanguage":"fr-FR","@id":"https:\/\/secure.gravatar.com\/avatar\/6d44f937f19929f3b75db77056d3e08abd6e302e71bcfea340cd8b00c13e7baf?s=96&d=mm&r=g","url":"https:\/\/secure.gravatar.com\/avatar\/6d44f937f19929f3b75db77056d3e08abd6e302e71bcfea340cd8b00c13e7baf?s=96&d=mm&r=g","contentUrl":"https:\/\/secure.gravatar.com\/avatar\/6d44f937f19929f3b75db77056d3e08abd6e302e71bcfea340cd8b00c13e7baf?s=96&d=mm&r=g","caption":"MK"},"url":"https:\/\/www.webdo.tn\/fr\/actualite\/author\/mk\/"}]}},"_links":{"self":[{"href":"https:\/\/www.webdo.tn\/fr\/wp-json\/wp\/v2\/posts\/199077","targetHints":{"allow":["GET"]}}],"collection":[{"href":"https:\/\/www.webdo.tn\/fr\/wp-json\/wp\/v2\/posts"}],"about":[{"href":"https:\/\/www.webdo.tn\/fr\/wp-json\/wp\/v2\/types\/post"}],"author":[{"embeddable":true,"href":"https:\/\/www.webdo.tn\/fr\/wp-json\/wp\/v2\/users\/3196"}],"replies":[{"embeddable":true,"href":"https:\/\/www.webdo.tn\/fr\/wp-json\/wp\/v2\/comments?post=199077"}],"version-history":[{"count":0,"href":"https:\/\/www.webdo.tn\/fr\/wp-json\/wp\/v2\/posts\/199077\/revisions"}],"wp:featuredmedia":[{"embeddable":true,"href":"https:\/\/www.webdo.tn\/fr\/wp-json\/wp\/v2\/media\/348591"}],"wp:attachment":[{"href":"https:\/\/www.webdo.tn\/fr\/wp-json\/wp\/v2\/media?parent=199077"}],"wp:term":[{"taxonomy":"category","embeddable":true,"href":"https:\/\/www.webdo.tn\/fr\/wp-json\/wp\/v2\/categories?post=199077"},{"taxonomy":"post_tag","embeddable":true,"href":"https:\/\/www.webdo.tn\/fr\/wp-json\/wp\/v2\/tags?post=199077"}],"curies":[{"name":"wp","href":"https:\/\/api.w.org\/{rel}","templated":true}]}}