{"id":199076,"date":"2022-11-17T14:18:00","date_gmt":"2022-11-17T14:18:00","guid":{"rendered":"https:\/\/www.webdo.tn\/fr\/blog\/tunisie-le-deficit-budgetaire-en-legere-baisse-a-3023-md\/199076\/"},"modified":"2025-05-20T22:04:49","modified_gmt":"2025-05-20T22:04:49","slug":"tunisie-le-deficit-budgetaire-en-legere-baisse-a-3023-md","status":"publish","type":"post","link":"https:\/\/www.webdo.tn\/fr\/actualite\/national\/tunisie-le-deficit-budgetaire-en-legere-baisse-a-3023-md\/199076\/","title":{"rendered":"Tunisie : Le d\u00e9ficit budg\u00e9taire en l\u00e9g\u00e8re baisse \u00e0 3023 MD"},"content":{"rendered":"<p>Le d\u00e9ficit budg\u00e9taire de la Tunisie a enregistr\u00e9 une l\u00e9g\u00e8re baisse \u00e0 fin ao\u00fbt 2022, \u00e0 3023 millions de dinars (MD) contre 3387 MD, durant la m\u00eame p\u00e9riode de 2021, selon un document sur les r\u00e9sultats provisoires de l\u2019ex\u00e9cution du budget de l\u2019Etat publi\u00e9 par le minist\u00e8re des Finances.<\/p>\n<p>\t\t\t\t\t\t\t\t\tSelon ces donn\u00e9es, les recettes budg\u00e9taires ont enregistr\u00e9 une hausse de 22,1%, \u00e0 25.011 MD, dont 22.800 MD de recettes fiscales et environ 1200 MD de recettes non fiscales.<\/p>\n<p>Les d\u00e9penses de l\u2019Etat se sont \u00e9tablies, quant \u00e0 elles, \u00e0 27.098 MD jusqu\u2019\u00e0 fin mai 2022, en hausse de 14%, par rapport \u00e0 la m\u00eame p\u00e9riode de l\u2019ann\u00e9e derni\u00e8re.<\/p>\n<p>Les dettes de la Tunisie ont atteint, \u00e0 la fin ao\u00fbt 2022, environ 11.200 MD dont 6100 MD contract\u00e9s aupr\u00e8s de partenaires \u00e9trangers et 5000 MD de dettes int\u00e9rieures.<\/p>\n<p>Le remboursement du principal de la dette a cout\u00e9 au pays environ 7200 MD r\u00e9parties entre 4500 MD de dettes \u00e9trang\u00e8res et environ 2600 MD de dettes int\u00e9rieures.<\/p>\n","protected":false},"excerpt":{"rendered":"<p>Le d\u00e9ficit budg\u00e9taire de la Tunisie a enregistr\u00e9 une l\u00e9g\u00e8re baisse \u00e0 fin ao\u00fbt 2022, \u00e0 3023 millions de dinars (MD) contre 3387 MD, durant la m\u00eame p\u00e9riode de 202&#8230;<\/p>\n","protected":false},"author":3162,"featured_media":253188,"comment_status":"open","ping_status":"closed","sticky":false,"template":"","format":"standard","meta":{"footnotes":""},"categories":[44],"tags":[4575,3575,2864,3940,4297,2608],"class_list":["post-199076","post","type-post","status-publish","format-standard","has-post-thumbnail","hentry","category-national","tag-budget","tag-deficit","tag-depenses","tag-dettes","tag-recettes","tag-tunisie"],"yoast_head":"<!-- This site is optimized with the Yoast SEO Premium plugin v27.5 (Yoast SEO v27.5) - https:\/\/yoast.com\/product\/yoast-seo-premium-wordpress\/ -->\n<title>Tunisie : Le d\u00e9ficit budg\u00e9taire en l\u00e9g\u00e8re baisse \u00e0 3023 MD<\/title>\n<meta name=\"description\" content=\"Le d\u00e9ficit budg\u00e9taire de la Tunisie a enregistr\u00e9 une l\u00e9g\u00e8re baisse \u00e0 fin ao\u00fbt 2022, \u00e0 3023 millions de dinars (MD) contre 3387 MD, durant la m\u00eame p\u00e9riode de 202...\" \/>\n<link rel=\"canonical\" href=\"https:\/\/www.webdo.tn\/fr\/actualite\/national\/tunisie-le-deficit-budgetaire-en-legere-baisse-a-3023-md\/199076\/\" \/>\n<meta property=\"og:locale\" content=\"fr_FR\" \/>\n<meta property=\"og:type\" content=\"article\" \/>\n<meta property=\"og:title\" content=\"Tunisie : Le d\u00e9ficit budg\u00e9taire en l\u00e9g\u00e8re baisse \u00e0 3023 MD\" \/>\n<meta property=\"og:description\" content=\"Le d\u00e9ficit budg\u00e9taire de la Tunisie a enregistr\u00e9 une l\u00e9g\u00e8re baisse \u00e0 fin ao\u00fbt 2022, \u00e0 3023 millions de dinars (MD) contre 3387 MD, durant la m\u00eame p\u00e9riode de 202...\" \/>\n<meta property=\"og:url\" content=\"https:\/\/www.webdo.tn\/fr\/actualite\/national\/tunisie-le-deficit-budgetaire-en-legere-baisse-a-3023-md\/199076\/\" \/>\n<meta property=\"og:site_name\" content=\"webdo\" \/>\n<meta property=\"article:publisher\" content=\"https:\/\/www.facebook.com\/webdotn\" \/>\n<meta property=\"article:published_time\" content=\"2022-11-17T14:18:00+00:00\" \/>\n<meta property=\"article:modified_time\" content=\"2025-05-20T22:04:49+00:00\" \/>\n<meta property=\"og:image\" content=\"https:\/\/www.webdo.tn\/fr\/wp-content\/uploads\/2022\/11\/b044e569c229483d35c16c82322b4284.jpg\" \/>\n\t<meta property=\"og:image:width\" content=\"750\" \/>\n\t<meta property=\"og:image:height\" content=\"400\" \/>\n\t<meta property=\"og:image:type\" content=\"image\/jpeg\" \/>\n<meta name=\"author\" content=\"MC\" \/>\n<meta name=\"twitter:card\" content=\"summary_large_image\" \/>\n<meta name=\"twitter:creator\" content=\"@webdo_tn\" \/>\n<meta name=\"twitter:site\" content=\"@webdo_tn\" \/>\n<meta name=\"twitter:label1\" content=\"\u00c9crit par\" \/>\n\t<meta name=\"twitter:data1\" content=\"MC\" \/>\n\t<meta name=\"twitter:label2\" content=\"Dur\u00e9e de lecture estim\u00e9e\" \/>\n\t<meta name=\"twitter:data2\" content=\"1 minute\" \/>\n<script type=\"application\/ld+json\" class=\"yoast-schema-graph\">{\"@context\":\"https:\\\/\\\/schema.org\",\"@graph\":[{\"@type\":\"NewsArticle\",\"@id\":\"https:\\\/\\\/www.webdo.tn\\\/fr\\\/actualite\\\/national\\\/tunisie-le-deficit-budgetaire-en-legere-baisse-a-3023-md\\\/199076\\\/#article\",\"isPartOf\":{\"@id\":\"https:\\\/\\\/www.webdo.tn\\\/fr\\\/actualite\\\/national\\\/tunisie-le-deficit-budgetaire-en-legere-baisse-a-3023-md\\\/199076\\\/\"},\"author\":{\"name\":\"MC\",\"@id\":\"https:\\\/\\\/www.webdo.tn\\\/fr\\\/#\\\/schema\\\/person\\\/2c4929cbf5a809e3bd38617c6ce150f6\"},\"headline\":\"Tunisie : Le d\u00e9ficit budg\u00e9taire en l\u00e9g\u00e8re baisse \u00e0 3023 MD\",\"datePublished\":\"2022-11-17T14:18:00+00:00\",\"dateModified\":\"2025-05-20T22:04:49+00:00\",\"mainEntityOfPage\":{\"@id\":\"https:\\\/\\\/www.webdo.tn\\\/fr\\\/actualite\\\/national\\\/tunisie-le-deficit-budgetaire-en-legere-baisse-a-3023-md\\\/199076\\\/\"},\"wordCount\":180,\"commentCount\":0,\"publisher\":{\"@id\":\"https:\\\/\\\/www.webdo.tn\\\/fr\\\/#organization\"},\"image\":{\"@id\":\"https:\\\/\\\/www.webdo.tn\\\/fr\\\/actualite\\\/national\\\/tunisie-le-deficit-budgetaire-en-legere-baisse-a-3023-md\\\/199076\\\/#primaryimage\"},\"thumbnailUrl\":\"https:\\\/\\\/www.webdo.tn\\\/fr\\\/wp-content\\\/uploads\\\/2022\\\/11\\\/b044e569c229483d35c16c82322b4284.jpg\",\"keywords\":[\"Budget\",\"d\u00e9ficit\",\"d\u00e9penses\",\"Dettes\",\"recettes\",\"Tunisie\"],\"articleSection\":[\"National\"],\"inLanguage\":\"fr-FR\"},{\"@type\":\"WebPage\",\"@id\":\"https:\\\/\\\/www.webdo.tn\\\/fr\\\/actualite\\\/national\\\/tunisie-le-deficit-budgetaire-en-legere-baisse-a-3023-md\\\/199076\\\/\",\"url\":\"https:\\\/\\\/www.webdo.tn\\\/fr\\\/actualite\\\/national\\\/tunisie-le-deficit-budgetaire-en-legere-baisse-a-3023-md\\\/199076\\\/\",\"name\":\"Tunisie : Le d\u00e9ficit budg\u00e9taire en l\u00e9g\u00e8re baisse \u00e0 3023 MD\",\"isPartOf\":{\"@id\":\"https:\\\/\\\/www.webdo.tn\\\/fr\\\/#website\"},\"primaryImageOfPage\":{\"@id\":\"https:\\\/\\\/www.webdo.tn\\\/fr\\\/actualite\\\/national\\\/tunisie-le-deficit-budgetaire-en-legere-baisse-a-3023-md\\\/199076\\\/#primaryimage\"},\"image\":{\"@id\":\"https:\\\/\\\/www.webdo.tn\\\/fr\\\/actualite\\\/national\\\/tunisie-le-deficit-budgetaire-en-legere-baisse-a-3023-md\\\/199076\\\/#primaryimage\"},\"thumbnailUrl\":\"https:\\\/\\\/www.webdo.tn\\\/fr\\\/wp-content\\\/uploads\\\/2022\\\/11\\\/b044e569c229483d35c16c82322b4284.jpg\",\"datePublished\":\"2022-11-17T14:18:00+00:00\",\"dateModified\":\"2025-05-20T22:04:49+00:00\",\"description\":\"Le d\u00e9ficit budg\u00e9taire de la Tunisie a enregistr\u00e9 une l\u00e9g\u00e8re baisse \u00e0 fin ao\u00fbt 2022, \u00e0 3023 millions de dinars (MD) contre 3387 MD, durant la m\u00eame p\u00e9riode de 202...\",\"breadcrumb\":{\"@id\":\"https:\\\/\\\/www.webdo.tn\\\/fr\\\/actualite\\\/national\\\/tunisie-le-deficit-budgetaire-en-legere-baisse-a-3023-md\\\/199076\\\/#breadcrumb\"},\"inLanguage\":\"fr-FR\",\"potentialAction\":[{\"@type\":\"ReadAction\",\"target\":[\"https:\\\/\\\/www.webdo.tn\\\/fr\\\/actualite\\\/national\\\/tunisie-le-deficit-budgetaire-en-legere-baisse-a-3023-md\\\/199076\\\/\"]}]},{\"@type\":\"ImageObject\",\"inLanguage\":\"fr-FR\",\"@id\":\"https:\\\/\\\/www.webdo.tn\\\/fr\\\/actualite\\\/national\\\/tunisie-le-deficit-budgetaire-en-legere-baisse-a-3023-md\\\/199076\\\/#primaryimage\",\"url\":\"https:\\\/\\\/www.webdo.tn\\\/fr\\\/wp-content\\\/uploads\\\/2022\\\/11\\\/b044e569c229483d35c16c82322b4284.jpg\",\"contentUrl\":\"https:\\\/\\\/www.webdo.tn\\\/fr\\\/wp-content\\\/uploads\\\/2022\\\/11\\\/b044e569c229483d35c16c82322b4284.jpg\",\"width\":750,\"height\":400,\"caption\":\"Le d\u00e9ficit budg\u00e9taire en baisse\"},{\"@type\":\"BreadcrumbList\",\"@id\":\"https:\\\/\\\/www.webdo.tn\\\/fr\\\/actualite\\\/national\\\/tunisie-le-deficit-budgetaire-en-legere-baisse-a-3023-md\\\/199076\\\/#breadcrumb\",\"itemListElement\":[{\"@type\":\"ListItem\",\"position\":1,\"name\":\"Accueil\",\"item\":\"https:\\\/\\\/www.webdo.tn\\\/fr\\\/\"},{\"@type\":\"ListItem\",\"position\":2,\"name\":\"Tunisie : Le d\u00e9ficit budg\u00e9taire en l\u00e9g\u00e8re baisse \u00e0 3023 MD\"}]},{\"@type\":\"WebSite\",\"@id\":\"https:\\\/\\\/www.webdo.tn\\\/fr\\\/#website\",\"url\":\"https:\\\/\\\/www.webdo.tn\\\/fr\\\/\",\"name\":\"webdo\",\"description\":\"Tunisie - News en Tunisie et \u00e0 l&#039;international sur Webdo.tn\",\"publisher\":{\"@id\":\"https:\\\/\\\/www.webdo.tn\\\/fr\\\/#organization\"},\"potentialAction\":[{\"@type\":\"SearchAction\",\"target\":{\"@type\":\"EntryPoint\",\"urlTemplate\":\"https:\\\/\\\/www.webdo.tn\\\/fr\\\/?s={search_term_string}\"},\"query-input\":{\"@type\":\"PropertyValueSpecification\",\"valueRequired\":true,\"valueName\":\"search_term_string\"}}],\"inLanguage\":\"fr-FR\"},{\"@type\":\"Organization\",\"@id\":\"https:\\\/\\\/www.webdo.tn\\\/fr\\\/#organization\",\"name\":\"Webdo\",\"alternateName\":\"Webdo.tn\",\"url\":\"https:\\\/\\\/www.webdo.tn\\\/fr\\\/\",\"logo\":{\"@type\":\"ImageObject\",\"inLanguage\":\"fr-FR\",\"@id\":\"https:\\\/\\\/www.webdo.tn\\\/fr\\\/#\\\/schema\\\/logo\\\/image\\\/\",\"url\":\"https:\\\/\\\/www.webdo.tn\\\/fr\\\/wp-content\\\/uploads\\\/2025\\\/06\\\/Webdo-Tunisie_168377.jpg\",\"contentUrl\":\"https:\\\/\\\/www.webdo.tn\\\/fr\\\/wp-content\\\/uploads\\\/2025\\\/06\\\/Webdo-Tunisie_168377.jpg\",\"width\":301,\"height\":301,\"caption\":\"Webdo\"},\"image\":{\"@id\":\"https:\\\/\\\/www.webdo.tn\\\/fr\\\/#\\\/schema\\\/logo\\\/image\\\/\"},\"sameAs\":[\"https:\\\/\\\/www.facebook.com\\\/webdotn\",\"https:\\\/\\\/x.com\\\/webdo_tn\"],\"description\":\"Webdo est un m\u00e9dia num\u00e9rique tunisien fond\u00e9 en 2010, sp\u00e9cialis\u00e9 dans l\u2019actualit\u00e9 nationale et internationale, l\u2019\u00e9conomie, la soci\u00e9t\u00e9 et les analyses politiques. Le site s\u2019adresse \u00e0 un large public francophone et couvre l\u2019information tunisienne en temps r\u00e9el.\",\"email\":\"redac@webdo.tn\",\"legalName\":\"YNJ SARL\",\"foundingDate\":\"2010-09-06\",\"numberOfEmployees\":{\"@type\":\"QuantitativeValue\",\"minValue\":\"11\",\"maxValue\":\"50\"}},{\"@type\":\"Person\",\"@id\":\"https:\\\/\\\/www.webdo.tn\\\/fr\\\/#\\\/schema\\\/person\\\/2c4929cbf5a809e3bd38617c6ce150f6\",\"name\":\"MC\",\"image\":{\"@type\":\"ImageObject\",\"inLanguage\":\"fr-FR\",\"@id\":\"https:\\\/\\\/secure.gravatar.com\\\/avatar\\\/a545bbb6f84efdd5553dbbc2895e3ca8f1d12c5215e00a041c9670b54aa9b18a?s=96&d=mm&r=g\",\"url\":\"https:\\\/\\\/secure.gravatar.com\\\/avatar\\\/a545bbb6f84efdd5553dbbc2895e3ca8f1d12c5215e00a041c9670b54aa9b18a?s=96&d=mm&r=g\",\"contentUrl\":\"https:\\\/\\\/secure.gravatar.com\\\/avatar\\\/a545bbb6f84efdd5553dbbc2895e3ca8f1d12c5215e00a041c9670b54aa9b18a?s=96&d=mm&r=g\",\"caption\":\"MC\"},\"url\":\"https:\\\/\\\/www.webdo.tn\\\/fr\\\/actualite\\\/author\\\/mc\\\/\"}]}<\/script>\n<!-- \/ Yoast SEO Premium plugin. -->","yoast_head_json":{"title":"Tunisie : Le d\u00e9ficit budg\u00e9taire en l\u00e9g\u00e8re baisse \u00e0 3023 MD","description":"Le d\u00e9ficit budg\u00e9taire de la Tunisie a enregistr\u00e9 une l\u00e9g\u00e8re baisse \u00e0 fin ao\u00fbt 2022, \u00e0 3023 millions de dinars (MD) contre 3387 MD, durant la m\u00eame p\u00e9riode de 202...","canonical":"https:\/\/www.webdo.tn\/fr\/actualite\/national\/tunisie-le-deficit-budgetaire-en-legere-baisse-a-3023-md\/199076\/","og_locale":"fr_FR","og_type":"article","og_title":"Tunisie : Le d\u00e9ficit budg\u00e9taire en l\u00e9g\u00e8re baisse \u00e0 3023 MD","og_description":"Le d\u00e9ficit budg\u00e9taire de la Tunisie a enregistr\u00e9 une l\u00e9g\u00e8re baisse \u00e0 fin ao\u00fbt 2022, \u00e0 3023 millions de dinars (MD) contre 3387 MD, durant la m\u00eame p\u00e9riode de 202...","og_url":"https:\/\/www.webdo.tn\/fr\/actualite\/national\/tunisie-le-deficit-budgetaire-en-legere-baisse-a-3023-md\/199076\/","og_site_name":"webdo","article_publisher":"https:\/\/www.facebook.com\/webdotn","article_published_time":"2022-11-17T14:18:00+00:00","article_modified_time":"2025-05-20T22:04:49+00:00","og_image":[{"width":750,"height":400,"url":"https:\/\/www.webdo.tn\/fr\/wp-content\/uploads\/2022\/11\/b044e569c229483d35c16c82322b4284.jpg","type":"image\/jpeg"}],"author":"MC","twitter_card":"summary_large_image","twitter_creator":"@webdo_tn","twitter_site":"@webdo_tn","twitter_misc":{"\u00c9crit par":"MC","Dur\u00e9e de lecture estim\u00e9e":"1 minute"},"schema":{"@context":"https:\/\/schema.org","@graph":[{"@type":"NewsArticle","@id":"https:\/\/www.webdo.tn\/fr\/actualite\/national\/tunisie-le-deficit-budgetaire-en-legere-baisse-a-3023-md\/199076\/#article","isPartOf":{"@id":"https:\/\/www.webdo.tn\/fr\/actualite\/national\/tunisie-le-deficit-budgetaire-en-legere-baisse-a-3023-md\/199076\/"},"author":{"name":"MC","@id":"https:\/\/www.webdo.tn\/fr\/#\/schema\/person\/2c4929cbf5a809e3bd38617c6ce150f6"},"headline":"Tunisie : Le d\u00e9ficit budg\u00e9taire en l\u00e9g\u00e8re baisse \u00e0 3023 MD","datePublished":"2022-11-17T14:18:00+00:00","dateModified":"2025-05-20T22:04:49+00:00","mainEntityOfPage":{"@id":"https:\/\/www.webdo.tn\/fr\/actualite\/national\/tunisie-le-deficit-budgetaire-en-legere-baisse-a-3023-md\/199076\/"},"wordCount":180,"commentCount":0,"publisher":{"@id":"https:\/\/www.webdo.tn\/fr\/#organization"},"image":{"@id":"https:\/\/www.webdo.tn\/fr\/actualite\/national\/tunisie-le-deficit-budgetaire-en-legere-baisse-a-3023-md\/199076\/#primaryimage"},"thumbnailUrl":"https:\/\/www.webdo.tn\/fr\/wp-content\/uploads\/2022\/11\/b044e569c229483d35c16c82322b4284.jpg","keywords":["Budget","d\u00e9ficit","d\u00e9penses","Dettes","recettes","Tunisie"],"articleSection":["National"],"inLanguage":"fr-FR"},{"@type":"WebPage","@id":"https:\/\/www.webdo.tn\/fr\/actualite\/national\/tunisie-le-deficit-budgetaire-en-legere-baisse-a-3023-md\/199076\/","url":"https:\/\/www.webdo.tn\/fr\/actualite\/national\/tunisie-le-deficit-budgetaire-en-legere-baisse-a-3023-md\/199076\/","name":"Tunisie : Le d\u00e9ficit budg\u00e9taire en l\u00e9g\u00e8re baisse \u00e0 3023 MD","isPartOf":{"@id":"https:\/\/www.webdo.tn\/fr\/#website"},"primaryImageOfPage":{"@id":"https:\/\/www.webdo.tn\/fr\/actualite\/national\/tunisie-le-deficit-budgetaire-en-legere-baisse-a-3023-md\/199076\/#primaryimage"},"image":{"@id":"https:\/\/www.webdo.tn\/fr\/actualite\/national\/tunisie-le-deficit-budgetaire-en-legere-baisse-a-3023-md\/199076\/#primaryimage"},"thumbnailUrl":"https:\/\/www.webdo.tn\/fr\/wp-content\/uploads\/2022\/11\/b044e569c229483d35c16c82322b4284.jpg","datePublished":"2022-11-17T14:18:00+00:00","dateModified":"2025-05-20T22:04:49+00:00","description":"Le d\u00e9ficit budg\u00e9taire de la Tunisie a enregistr\u00e9 une l\u00e9g\u00e8re baisse \u00e0 fin ao\u00fbt 2022, \u00e0 3023 millions de dinars (MD) contre 3387 MD, durant la m\u00eame p\u00e9riode de 202...","breadcrumb":{"@id":"https:\/\/www.webdo.tn\/fr\/actualite\/national\/tunisie-le-deficit-budgetaire-en-legere-baisse-a-3023-md\/199076\/#breadcrumb"},"inLanguage":"fr-FR","potentialAction":[{"@type":"ReadAction","target":["https:\/\/www.webdo.tn\/fr\/actualite\/national\/tunisie-le-deficit-budgetaire-en-legere-baisse-a-3023-md\/199076\/"]}]},{"@type":"ImageObject","inLanguage":"fr-FR","@id":"https:\/\/www.webdo.tn\/fr\/actualite\/national\/tunisie-le-deficit-budgetaire-en-legere-baisse-a-3023-md\/199076\/#primaryimage","url":"https:\/\/www.webdo.tn\/fr\/wp-content\/uploads\/2022\/11\/b044e569c229483d35c16c82322b4284.jpg","contentUrl":"https:\/\/www.webdo.tn\/fr\/wp-content\/uploads\/2022\/11\/b044e569c229483d35c16c82322b4284.jpg","width":750,"height":400,"caption":"Le d\u00e9ficit budg\u00e9taire en baisse"},{"@type":"BreadcrumbList","@id":"https:\/\/www.webdo.tn\/fr\/actualite\/national\/tunisie-le-deficit-budgetaire-en-legere-baisse-a-3023-md\/199076\/#breadcrumb","itemListElement":[{"@type":"ListItem","position":1,"name":"Accueil","item":"https:\/\/www.webdo.tn\/fr\/"},{"@type":"ListItem","position":2,"name":"Tunisie : Le d\u00e9ficit budg\u00e9taire en l\u00e9g\u00e8re baisse \u00e0 3023 MD"}]},{"@type":"WebSite","@id":"https:\/\/www.webdo.tn\/fr\/#website","url":"https:\/\/www.webdo.tn\/fr\/","name":"webdo","description":"Tunisie - News en Tunisie et \u00e0 l&#039;international sur Webdo.tn","publisher":{"@id":"https:\/\/www.webdo.tn\/fr\/#organization"},"potentialAction":[{"@type":"SearchAction","target":{"@type":"EntryPoint","urlTemplate":"https:\/\/www.webdo.tn\/fr\/?s={search_term_string}"},"query-input":{"@type":"PropertyValueSpecification","valueRequired":true,"valueName":"search_term_string"}}],"inLanguage":"fr-FR"},{"@type":"Organization","@id":"https:\/\/www.webdo.tn\/fr\/#organization","name":"Webdo","alternateName":"Webdo.tn","url":"https:\/\/www.webdo.tn\/fr\/","logo":{"@type":"ImageObject","inLanguage":"fr-FR","@id":"https:\/\/www.webdo.tn\/fr\/#\/schema\/logo\/image\/","url":"https:\/\/www.webdo.tn\/fr\/wp-content\/uploads\/2025\/06\/Webdo-Tunisie_168377.jpg","contentUrl":"https:\/\/www.webdo.tn\/fr\/wp-content\/uploads\/2025\/06\/Webdo-Tunisie_168377.jpg","width":301,"height":301,"caption":"Webdo"},"image":{"@id":"https:\/\/www.webdo.tn\/fr\/#\/schema\/logo\/image\/"},"sameAs":["https:\/\/www.facebook.com\/webdotn","https:\/\/x.com\/webdo_tn"],"description":"Webdo est un m\u00e9dia num\u00e9rique tunisien fond\u00e9 en 2010, sp\u00e9cialis\u00e9 dans l\u2019actualit\u00e9 nationale et internationale, l\u2019\u00e9conomie, la soci\u00e9t\u00e9 et les analyses politiques. Le site s\u2019adresse \u00e0 un large public francophone et couvre l\u2019information tunisienne en temps r\u00e9el.","email":"redac@webdo.tn","legalName":"YNJ SARL","foundingDate":"2010-09-06","numberOfEmployees":{"@type":"QuantitativeValue","minValue":"11","maxValue":"50"}},{"@type":"Person","@id":"https:\/\/www.webdo.tn\/fr\/#\/schema\/person\/2c4929cbf5a809e3bd38617c6ce150f6","name":"MC","image":{"@type":"ImageObject","inLanguage":"fr-FR","@id":"https:\/\/secure.gravatar.com\/avatar\/a545bbb6f84efdd5553dbbc2895e3ca8f1d12c5215e00a041c9670b54aa9b18a?s=96&d=mm&r=g","url":"https:\/\/secure.gravatar.com\/avatar\/a545bbb6f84efdd5553dbbc2895e3ca8f1d12c5215e00a041c9670b54aa9b18a?s=96&d=mm&r=g","contentUrl":"https:\/\/secure.gravatar.com\/avatar\/a545bbb6f84efdd5553dbbc2895e3ca8f1d12c5215e00a041c9670b54aa9b18a?s=96&d=mm&r=g","caption":"MC"},"url":"https:\/\/www.webdo.tn\/fr\/actualite\/author\/mc\/"}]}},"_links":{"self":[{"href":"https:\/\/www.webdo.tn\/fr\/wp-json\/wp\/v2\/posts\/199076","targetHints":{"allow":["GET"]}}],"collection":[{"href":"https:\/\/www.webdo.tn\/fr\/wp-json\/wp\/v2\/posts"}],"about":[{"href":"https:\/\/www.webdo.tn\/fr\/wp-json\/wp\/v2\/types\/post"}],"author":[{"embeddable":true,"href":"https:\/\/www.webdo.tn\/fr\/wp-json\/wp\/v2\/users\/3162"}],"replies":[{"embeddable":true,"href":"https:\/\/www.webdo.tn\/fr\/wp-json\/wp\/v2\/comments?post=199076"}],"version-history":[{"count":0,"href":"https:\/\/www.webdo.tn\/fr\/wp-json\/wp\/v2\/posts\/199076\/revisions"}],"wp:featuredmedia":[{"embeddable":true,"href":"https:\/\/www.webdo.tn\/fr\/wp-json\/wp\/v2\/media\/253188"}],"wp:attachment":[{"href":"https:\/\/www.webdo.tn\/fr\/wp-json\/wp\/v2\/media?parent=199076"}],"wp:term":[{"taxonomy":"category","embeddable":true,"href":"https:\/\/www.webdo.tn\/fr\/wp-json\/wp\/v2\/categories?post=199076"},{"taxonomy":"post_tag","embeddable":true,"href":"https:\/\/www.webdo.tn\/fr\/wp-json\/wp\/v2\/tags?post=199076"}],"curies":[{"name":"wp","href":"https:\/\/api.w.org\/{rel}","templated":true}]}}