{"id":199074,"date":"2022-11-17T13:49:00","date_gmt":"2022-11-17T13:49:00","guid":{"rendered":"https:\/\/www.webdo.tn\/fr\/actualite\/blog\/sommet-de-la-francophonie-taoufik-charfeddine-en-visite-d-inspection-a-djerba\/199074\/"},"modified":"2025-05-22T11:44:11","modified_gmt":"2025-05-22T11:44:11","slug":"sommet-de-la-francophonie-taoufik-charfeddine-en-visite-d-inspection-a-djerba","status":"publish","type":"post","link":"https:\/\/www.webdo.tn\/fr\/actualite\/national\/sommet-de-la-francophonie-taoufik-charfeddine-en-visite-d-inspection-a-djerba\/199074\/","title":{"rendered":"Sommet de la Francophonie : Taoufik Charfeddine en visite d&rsquo;inspection \u00e0 Djerba"},"content":{"rendered":"<p>Le ministre de l&rsquo;Int\u00e9rieur Taoufik Charfeddine s\u2019est rendu \u00e0 l&rsquo;\u00eele de Djerba pour inspecter les moyens humains et logistiques mis en place pour assurer le bon d\u00e9roulement de la 18 \u00e8me \u00e9dition du Sommet de la Francophonie, qui se tiendra samedi 19 et dimanche 20 novembre.<\/p>\n<p> Le ministre de l&rsquo;Int\u00e9rieur a inspect\u00e9 les diff\u00e9rents sites, espaces et parcours qui accueilleront les travaux du sommet, notamment l&rsquo;h\u00f4tel qui accueillera cet \u00e9v\u00e9nement et le centre m\u00e9diatique.<\/p>\n<p>Le Sommet de la Francophonie est \u00e0 l\u2019ordre du jour au plus haut niveau. Le pr\u00e9sident de la R\u00e9publique, Kais Sa\u00efed, s\u2019est r\u00e9uni, mardi 15 novembre, \u00e0 Carthage, avec le ministre des Affaires \u00e9trang\u00e8res, Othmane Jerandi.\u00a0<\/p>\n<p>Le chef d\u2019Etat a pass\u00e9 en revue les derniers pr\u00e9paratifs pour le 18e sommet de la Francophonie, qui aura lieu les 19 et 20 novembre \u00e0 Djerba.<br \/>\nIl a insist\u00e9 sur la n\u00e9cessit\u00e9 de tout mettre en place afin que cet \u00e9v\u00e8nement soit un succ\u00e8s.<\/p>\n","protected":false},"excerpt":{"rendered":"<p>Le ministre de l&rsquo;Int\u00e9rieur Taoufik Charfeddine s\u2019est rendu \u00e0 l&rsquo;\u00eele de Djerba pour inspecter les moyens humains et logistiques mis en place pour assurer le bon d&#8230;<\/p>\n","protected":false},"author":3196,"featured_media":348590,"comment_status":"open","ping_status":"closed","sticky":false,"template":"","format":"standard","meta":{"footnotes":""},"categories":[44],"tags":[2614,5518,8716],"class_list":["post-199074","post","type-post","status-publish","format-standard","has-post-thumbnail","hentry","category-national","tag-kais-saied","tag-sommet-de-la-francophonie","tag-taoufik-charfeddine"],"yoast_head":"<!-- This site is optimized with the Yoast SEO Premium plugin v27.5 (Yoast SEO v27.5) - https:\/\/yoast.com\/product\/yoast-seo-premium-wordpress\/ -->\n<title>Sommet de la Francophonie : Taoufik Charfeddine en visite d&#039;inspection \u00e0 Djerba<\/title>\n<meta name=\"description\" content=\"Le ministre de l&#039;Int\u00e9rieur Taoufik Charfeddine s\u2019est rendu \u00e0 l&#039;\u00eele de Djerba pour inspecter les moyens humains et logistiques mis en place pour assurer le bon d...\" \/>\n<link rel=\"canonical\" href=\"https:\/\/www.webdo.tn\/fr\/actualite\/national-45\/sommet-de-la-francophonie-taoufik-charfeddine-en-visite-d-inspection-a-djerba\/199074\/\" \/>\n<meta property=\"og:locale\" content=\"fr_FR\" \/>\n<meta property=\"og:type\" content=\"article\" \/>\n<meta property=\"og:title\" content=\"Sommet de la Francophonie : Taoufik Charfeddine en visite d&#039;inspection \u00e0 Djerba\" \/>\n<meta property=\"og:description\" content=\"Le ministre de l&#039;Int\u00e9rieur Taoufik Charfeddine s\u2019est rendu \u00e0 l&#039;\u00eele de Djerba pour inspecter les moyens humains et logistiques mis en place pour assurer le bon d...\" \/>\n<meta property=\"og:url\" content=\"https:\/\/www.webdo.tn\/fr\/actualite\/national-45\/sommet-de-la-francophonie-taoufik-charfeddine-en-visite-d-inspection-a-djerba\/199074\/\" \/>\n<meta property=\"og:site_name\" content=\"webdo\" \/>\n<meta property=\"article:publisher\" content=\"https:\/\/www.facebook.com\/webdotn\" \/>\n<meta property=\"article:published_time\" content=\"2022-11-17T13:49:00+00:00\" \/>\n<meta property=\"article:modified_time\" content=\"2025-05-22T11:44:11+00:00\" \/>\n<meta property=\"og:image\" content=\"https:\/\/www.webdo.tn\/fr\/wp-content\/uploads\/2022\/11\/1e29b9e04b60578c1c2cd765e3dc7e7f.jpg\" \/>\n\t<meta property=\"og:image:width\" content=\"750\" \/>\n\t<meta property=\"og:image:height\" content=\"400\" \/>\n\t<meta property=\"og:image:type\" content=\"image\/jpeg\" \/>\n<meta name=\"author\" content=\"MK\" \/>\n<meta name=\"twitter:card\" content=\"summary_large_image\" \/>\n<meta name=\"twitter:creator\" content=\"@webdo_tn\" \/>\n<meta name=\"twitter:site\" content=\"@webdo_tn\" \/>\n<meta name=\"twitter:label1\" content=\"\u00c9crit par\" \/>\n\t<meta name=\"twitter:data1\" content=\"MK\" \/>\n\t<meta name=\"twitter:label2\" content=\"Dur\u00e9e de lecture estim\u00e9e\" \/>\n\t<meta name=\"twitter:data2\" content=\"1 minute\" \/>\n<script type=\"application\/ld+json\" class=\"yoast-schema-graph\">{\"@context\":\"https:\\\/\\\/schema.org\",\"@graph\":[{\"@type\":\"NewsArticle\",\"@id\":\"https:\\\/\\\/www.webdo.tn\\\/fr\\\/actualite\\\/national-45\\\/sommet-de-la-francophonie-taoufik-charfeddine-en-visite-d-inspection-a-djerba\\\/199074\\\/#article\",\"isPartOf\":{\"@id\":\"https:\\\/\\\/www.webdo.tn\\\/fr\\\/actualite\\\/national-45\\\/sommet-de-la-francophonie-taoufik-charfeddine-en-visite-d-inspection-a-djerba\\\/199074\\\/\"},\"author\":{\"name\":\"MK\",\"@id\":\"https:\\\/\\\/www.webdo.tn\\\/fr\\\/#\\\/schema\\\/person\\\/c3a9d32fa6d495ca5f4b6510e3db97bf\"},\"headline\":\"Sommet de la Francophonie : Taoufik Charfeddine en visite d&rsquo;inspection \u00e0 Djerba\",\"datePublished\":\"2022-11-17T13:49:00+00:00\",\"dateModified\":\"2025-05-22T11:44:11+00:00\",\"mainEntityOfPage\":{\"@id\":\"https:\\\/\\\/www.webdo.tn\\\/fr\\\/actualite\\\/national-45\\\/sommet-de-la-francophonie-taoufik-charfeddine-en-visite-d-inspection-a-djerba\\\/199074\\\/\"},\"wordCount\":180,\"commentCount\":0,\"publisher\":{\"@id\":\"https:\\\/\\\/www.webdo.tn\\\/fr\\\/#organization\"},\"image\":{\"@id\":\"https:\\\/\\\/www.webdo.tn\\\/fr\\\/actualite\\\/national-45\\\/sommet-de-la-francophonie-taoufik-charfeddine-en-visite-d-inspection-a-djerba\\\/199074\\\/#primaryimage\"},\"thumbnailUrl\":\"https:\\\/\\\/www.webdo.tn\\\/fr\\\/wp-content\\\/uploads\\\/2022\\\/11\\\/1e29b9e04b60578c1c2cd765e3dc7e7f.jpg\",\"keywords\":[\"Kais Saied\",\"Sommet de la Francophonie\",\"Taoufik Charfeddine\"],\"articleSection\":[\"National\"],\"inLanguage\":\"fr-FR\"},{\"@type\":\"WebPage\",\"@id\":\"https:\\\/\\\/www.webdo.tn\\\/fr\\\/actualite\\\/national-45\\\/sommet-de-la-francophonie-taoufik-charfeddine-en-visite-d-inspection-a-djerba\\\/199074\\\/\",\"url\":\"https:\\\/\\\/www.webdo.tn\\\/fr\\\/actualite\\\/national-45\\\/sommet-de-la-francophonie-taoufik-charfeddine-en-visite-d-inspection-a-djerba\\\/199074\\\/\",\"name\":\"Sommet de la Francophonie : Taoufik Charfeddine en visite d'inspection \u00e0 Djerba\",\"isPartOf\":{\"@id\":\"https:\\\/\\\/www.webdo.tn\\\/fr\\\/#website\"},\"primaryImageOfPage\":{\"@id\":\"https:\\\/\\\/www.webdo.tn\\\/fr\\\/actualite\\\/national-45\\\/sommet-de-la-francophonie-taoufik-charfeddine-en-visite-d-inspection-a-djerba\\\/199074\\\/#primaryimage\"},\"image\":{\"@id\":\"https:\\\/\\\/www.webdo.tn\\\/fr\\\/actualite\\\/national-45\\\/sommet-de-la-francophonie-taoufik-charfeddine-en-visite-d-inspection-a-djerba\\\/199074\\\/#primaryimage\"},\"thumbnailUrl\":\"https:\\\/\\\/www.webdo.tn\\\/fr\\\/wp-content\\\/uploads\\\/2022\\\/11\\\/1e29b9e04b60578c1c2cd765e3dc7e7f.jpg\",\"datePublished\":\"2022-11-17T13:49:00+00:00\",\"dateModified\":\"2025-05-22T11:44:11+00:00\",\"description\":\"Le ministre de l'Int\u00e9rieur Taoufik Charfeddine s\u2019est rendu \u00e0 l'\u00eele de Djerba pour inspecter les moyens humains et logistiques mis en place pour assurer le bon d...\",\"breadcrumb\":{\"@id\":\"https:\\\/\\\/www.webdo.tn\\\/fr\\\/actualite\\\/national-45\\\/sommet-de-la-francophonie-taoufik-charfeddine-en-visite-d-inspection-a-djerba\\\/199074\\\/#breadcrumb\"},\"inLanguage\":\"fr-FR\",\"potentialAction\":[{\"@type\":\"ReadAction\",\"target\":[\"https:\\\/\\\/www.webdo.tn\\\/fr\\\/actualite\\\/national-45\\\/sommet-de-la-francophonie-taoufik-charfeddine-en-visite-d-inspection-a-djerba\\\/199074\\\/\"]}]},{\"@type\":\"ImageObject\",\"inLanguage\":\"fr-FR\",\"@id\":\"https:\\\/\\\/www.webdo.tn\\\/fr\\\/actualite\\\/national-45\\\/sommet-de-la-francophonie-taoufik-charfeddine-en-visite-d-inspection-a-djerba\\\/199074\\\/#primaryimage\",\"url\":\"https:\\\/\\\/www.webdo.tn\\\/fr\\\/wp-content\\\/uploads\\\/2022\\\/11\\\/1e29b9e04b60578c1c2cd765e3dc7e7f.jpg\",\"contentUrl\":\"https:\\\/\\\/www.webdo.tn\\\/fr\\\/wp-content\\\/uploads\\\/2022\\\/11\\\/1e29b9e04b60578c1c2cd765e3dc7e7f.jpg\",\"width\":750,\"height\":400,\"caption\":\"Sommet de la Francophonie\"},{\"@type\":\"BreadcrumbList\",\"@id\":\"https:\\\/\\\/www.webdo.tn\\\/fr\\\/actualite\\\/national-45\\\/sommet-de-la-francophonie-taoufik-charfeddine-en-visite-d-inspection-a-djerba\\\/199074\\\/#breadcrumb\",\"itemListElement\":[{\"@type\":\"ListItem\",\"position\":1,\"name\":\"Accueil\",\"item\":\"https:\\\/\\\/www.webdo.tn\\\/fr\\\/\"},{\"@type\":\"ListItem\",\"position\":2,\"name\":\"Sommet de la Francophonie : Taoufik Charfeddine en visite d&rsquo;inspection \u00e0 Djerba\"}]},{\"@type\":\"WebSite\",\"@id\":\"https:\\\/\\\/www.webdo.tn\\\/fr\\\/#website\",\"url\":\"https:\\\/\\\/www.webdo.tn\\\/fr\\\/\",\"name\":\"webdo\",\"description\":\"Tunisie - News en Tunisie et \u00e0 l&#039;international sur Webdo.tn\",\"publisher\":{\"@id\":\"https:\\\/\\\/www.webdo.tn\\\/fr\\\/#organization\"},\"potentialAction\":[{\"@type\":\"SearchAction\",\"target\":{\"@type\":\"EntryPoint\",\"urlTemplate\":\"https:\\\/\\\/www.webdo.tn\\\/fr\\\/?s={search_term_string}\"},\"query-input\":{\"@type\":\"PropertyValueSpecification\",\"valueRequired\":true,\"valueName\":\"search_term_string\"}}],\"inLanguage\":\"fr-FR\"},{\"@type\":\"Organization\",\"@id\":\"https:\\\/\\\/www.webdo.tn\\\/fr\\\/#organization\",\"name\":\"Webdo\",\"alternateName\":\"Webdo.tn\",\"url\":\"https:\\\/\\\/www.webdo.tn\\\/fr\\\/\",\"logo\":{\"@type\":\"ImageObject\",\"inLanguage\":\"fr-FR\",\"@id\":\"https:\\\/\\\/www.webdo.tn\\\/fr\\\/#\\\/schema\\\/logo\\\/image\\\/\",\"url\":\"https:\\\/\\\/www.webdo.tn\\\/fr\\\/wp-content\\\/uploads\\\/2025\\\/06\\\/Webdo-Tunisie_168377.jpg\",\"contentUrl\":\"https:\\\/\\\/www.webdo.tn\\\/fr\\\/wp-content\\\/uploads\\\/2025\\\/06\\\/Webdo-Tunisie_168377.jpg\",\"width\":301,\"height\":301,\"caption\":\"Webdo\"},\"image\":{\"@id\":\"https:\\\/\\\/www.webdo.tn\\\/fr\\\/#\\\/schema\\\/logo\\\/image\\\/\"},\"sameAs\":[\"https:\\\/\\\/www.facebook.com\\\/webdotn\",\"https:\\\/\\\/x.com\\\/webdo_tn\"],\"description\":\"Webdo est un m\u00e9dia num\u00e9rique tunisien fond\u00e9 en 2010, sp\u00e9cialis\u00e9 dans l\u2019actualit\u00e9 nationale et internationale, l\u2019\u00e9conomie, la soci\u00e9t\u00e9 et les analyses politiques. Le site s\u2019adresse \u00e0 un large public francophone et couvre l\u2019information tunisienne en temps r\u00e9el.\",\"email\":\"redac@webdo.tn\",\"legalName\":\"YNJ SARL\",\"foundingDate\":\"2010-09-06\",\"numberOfEmployees\":{\"@type\":\"QuantitativeValue\",\"minValue\":\"11\",\"maxValue\":\"50\"}},{\"@type\":\"Person\",\"@id\":\"https:\\\/\\\/www.webdo.tn\\\/fr\\\/#\\\/schema\\\/person\\\/c3a9d32fa6d495ca5f4b6510e3db97bf\",\"name\":\"MK\",\"image\":{\"@type\":\"ImageObject\",\"inLanguage\":\"fr-FR\",\"@id\":\"https:\\\/\\\/secure.gravatar.com\\\/avatar\\\/6d44f937f19929f3b75db77056d3e08abd6e302e71bcfea340cd8b00c13e7baf?s=96&d=mm&r=g\",\"url\":\"https:\\\/\\\/secure.gravatar.com\\\/avatar\\\/6d44f937f19929f3b75db77056d3e08abd6e302e71bcfea340cd8b00c13e7baf?s=96&d=mm&r=g\",\"contentUrl\":\"https:\\\/\\\/secure.gravatar.com\\\/avatar\\\/6d44f937f19929f3b75db77056d3e08abd6e302e71bcfea340cd8b00c13e7baf?s=96&d=mm&r=g\",\"caption\":\"MK\"},\"url\":\"https:\\\/\\\/www.webdo.tn\\\/fr\\\/actualite\\\/author\\\/mk\\\/\"}]}<\/script>\n<!-- \/ Yoast SEO Premium plugin. -->","yoast_head_json":{"title":"Sommet de la Francophonie : Taoufik Charfeddine en visite d'inspection \u00e0 Djerba","description":"Le ministre de l'Int\u00e9rieur Taoufik Charfeddine s\u2019est rendu \u00e0 l'\u00eele de Djerba pour inspecter les moyens humains et logistiques mis en place pour assurer le bon d...","canonical":"https:\/\/www.webdo.tn\/fr\/actualite\/national-45\/sommet-de-la-francophonie-taoufik-charfeddine-en-visite-d-inspection-a-djerba\/199074\/","og_locale":"fr_FR","og_type":"article","og_title":"Sommet de la Francophonie : Taoufik Charfeddine en visite d'inspection \u00e0 Djerba","og_description":"Le ministre de l'Int\u00e9rieur Taoufik Charfeddine s\u2019est rendu \u00e0 l'\u00eele de Djerba pour inspecter les moyens humains et logistiques mis en place pour assurer le bon d...","og_url":"https:\/\/www.webdo.tn\/fr\/actualite\/national-45\/sommet-de-la-francophonie-taoufik-charfeddine-en-visite-d-inspection-a-djerba\/199074\/","og_site_name":"webdo","article_publisher":"https:\/\/www.facebook.com\/webdotn","article_published_time":"2022-11-17T13:49:00+00:00","article_modified_time":"2025-05-22T11:44:11+00:00","og_image":[{"width":750,"height":400,"url":"https:\/\/www.webdo.tn\/fr\/wp-content\/uploads\/2022\/11\/1e29b9e04b60578c1c2cd765e3dc7e7f.jpg","type":"image\/jpeg"}],"author":"MK","twitter_card":"summary_large_image","twitter_creator":"@webdo_tn","twitter_site":"@webdo_tn","twitter_misc":{"\u00c9crit par":"MK","Dur\u00e9e de lecture estim\u00e9e":"1 minute"},"schema":{"@context":"https:\/\/schema.org","@graph":[{"@type":"NewsArticle","@id":"https:\/\/www.webdo.tn\/fr\/actualite\/national-45\/sommet-de-la-francophonie-taoufik-charfeddine-en-visite-d-inspection-a-djerba\/199074\/#article","isPartOf":{"@id":"https:\/\/www.webdo.tn\/fr\/actualite\/national-45\/sommet-de-la-francophonie-taoufik-charfeddine-en-visite-d-inspection-a-djerba\/199074\/"},"author":{"name":"MK","@id":"https:\/\/www.webdo.tn\/fr\/#\/schema\/person\/c3a9d32fa6d495ca5f4b6510e3db97bf"},"headline":"Sommet de la Francophonie : Taoufik Charfeddine en visite d&rsquo;inspection \u00e0 Djerba","datePublished":"2022-11-17T13:49:00+00:00","dateModified":"2025-05-22T11:44:11+00:00","mainEntityOfPage":{"@id":"https:\/\/www.webdo.tn\/fr\/actualite\/national-45\/sommet-de-la-francophonie-taoufik-charfeddine-en-visite-d-inspection-a-djerba\/199074\/"},"wordCount":180,"commentCount":0,"publisher":{"@id":"https:\/\/www.webdo.tn\/fr\/#organization"},"image":{"@id":"https:\/\/www.webdo.tn\/fr\/actualite\/national-45\/sommet-de-la-francophonie-taoufik-charfeddine-en-visite-d-inspection-a-djerba\/199074\/#primaryimage"},"thumbnailUrl":"https:\/\/www.webdo.tn\/fr\/wp-content\/uploads\/2022\/11\/1e29b9e04b60578c1c2cd765e3dc7e7f.jpg","keywords":["Kais Saied","Sommet de la Francophonie","Taoufik Charfeddine"],"articleSection":["National"],"inLanguage":"fr-FR"},{"@type":"WebPage","@id":"https:\/\/www.webdo.tn\/fr\/actualite\/national-45\/sommet-de-la-francophonie-taoufik-charfeddine-en-visite-d-inspection-a-djerba\/199074\/","url":"https:\/\/www.webdo.tn\/fr\/actualite\/national-45\/sommet-de-la-francophonie-taoufik-charfeddine-en-visite-d-inspection-a-djerba\/199074\/","name":"Sommet de la Francophonie : Taoufik Charfeddine en visite d'inspection \u00e0 Djerba","isPartOf":{"@id":"https:\/\/www.webdo.tn\/fr\/#website"},"primaryImageOfPage":{"@id":"https:\/\/www.webdo.tn\/fr\/actualite\/national-45\/sommet-de-la-francophonie-taoufik-charfeddine-en-visite-d-inspection-a-djerba\/199074\/#primaryimage"},"image":{"@id":"https:\/\/www.webdo.tn\/fr\/actualite\/national-45\/sommet-de-la-francophonie-taoufik-charfeddine-en-visite-d-inspection-a-djerba\/199074\/#primaryimage"},"thumbnailUrl":"https:\/\/www.webdo.tn\/fr\/wp-content\/uploads\/2022\/11\/1e29b9e04b60578c1c2cd765e3dc7e7f.jpg","datePublished":"2022-11-17T13:49:00+00:00","dateModified":"2025-05-22T11:44:11+00:00","description":"Le ministre de l'Int\u00e9rieur Taoufik Charfeddine s\u2019est rendu \u00e0 l'\u00eele de Djerba pour inspecter les moyens humains et logistiques mis en place pour assurer le bon d...","breadcrumb":{"@id":"https:\/\/www.webdo.tn\/fr\/actualite\/national-45\/sommet-de-la-francophonie-taoufik-charfeddine-en-visite-d-inspection-a-djerba\/199074\/#breadcrumb"},"inLanguage":"fr-FR","potentialAction":[{"@type":"ReadAction","target":["https:\/\/www.webdo.tn\/fr\/actualite\/national-45\/sommet-de-la-francophonie-taoufik-charfeddine-en-visite-d-inspection-a-djerba\/199074\/"]}]},{"@type":"ImageObject","inLanguage":"fr-FR","@id":"https:\/\/www.webdo.tn\/fr\/actualite\/national-45\/sommet-de-la-francophonie-taoufik-charfeddine-en-visite-d-inspection-a-djerba\/199074\/#primaryimage","url":"https:\/\/www.webdo.tn\/fr\/wp-content\/uploads\/2022\/11\/1e29b9e04b60578c1c2cd765e3dc7e7f.jpg","contentUrl":"https:\/\/www.webdo.tn\/fr\/wp-content\/uploads\/2022\/11\/1e29b9e04b60578c1c2cd765e3dc7e7f.jpg","width":750,"height":400,"caption":"Sommet de la Francophonie"},{"@type":"BreadcrumbList","@id":"https:\/\/www.webdo.tn\/fr\/actualite\/national-45\/sommet-de-la-francophonie-taoufik-charfeddine-en-visite-d-inspection-a-djerba\/199074\/#breadcrumb","itemListElement":[{"@type":"ListItem","position":1,"name":"Accueil","item":"https:\/\/www.webdo.tn\/fr\/"},{"@type":"ListItem","position":2,"name":"Sommet de la Francophonie : Taoufik Charfeddine en visite d&rsquo;inspection \u00e0 Djerba"}]},{"@type":"WebSite","@id":"https:\/\/www.webdo.tn\/fr\/#website","url":"https:\/\/www.webdo.tn\/fr\/","name":"webdo","description":"Tunisie - News en Tunisie et \u00e0 l&#039;international sur Webdo.tn","publisher":{"@id":"https:\/\/www.webdo.tn\/fr\/#organization"},"potentialAction":[{"@type":"SearchAction","target":{"@type":"EntryPoint","urlTemplate":"https:\/\/www.webdo.tn\/fr\/?s={search_term_string}"},"query-input":{"@type":"PropertyValueSpecification","valueRequired":true,"valueName":"search_term_string"}}],"inLanguage":"fr-FR"},{"@type":"Organization","@id":"https:\/\/www.webdo.tn\/fr\/#organization","name":"Webdo","alternateName":"Webdo.tn","url":"https:\/\/www.webdo.tn\/fr\/","logo":{"@type":"ImageObject","inLanguage":"fr-FR","@id":"https:\/\/www.webdo.tn\/fr\/#\/schema\/logo\/image\/","url":"https:\/\/www.webdo.tn\/fr\/wp-content\/uploads\/2025\/06\/Webdo-Tunisie_168377.jpg","contentUrl":"https:\/\/www.webdo.tn\/fr\/wp-content\/uploads\/2025\/06\/Webdo-Tunisie_168377.jpg","width":301,"height":301,"caption":"Webdo"},"image":{"@id":"https:\/\/www.webdo.tn\/fr\/#\/schema\/logo\/image\/"},"sameAs":["https:\/\/www.facebook.com\/webdotn","https:\/\/x.com\/webdo_tn"],"description":"Webdo est un m\u00e9dia num\u00e9rique tunisien fond\u00e9 en 2010, sp\u00e9cialis\u00e9 dans l\u2019actualit\u00e9 nationale et internationale, l\u2019\u00e9conomie, la soci\u00e9t\u00e9 et les analyses politiques. Le site s\u2019adresse \u00e0 un large public francophone et couvre l\u2019information tunisienne en temps r\u00e9el.","email":"redac@webdo.tn","legalName":"YNJ SARL","foundingDate":"2010-09-06","numberOfEmployees":{"@type":"QuantitativeValue","minValue":"11","maxValue":"50"}},{"@type":"Person","@id":"https:\/\/www.webdo.tn\/fr\/#\/schema\/person\/c3a9d32fa6d495ca5f4b6510e3db97bf","name":"MK","image":{"@type":"ImageObject","inLanguage":"fr-FR","@id":"https:\/\/secure.gravatar.com\/avatar\/6d44f937f19929f3b75db77056d3e08abd6e302e71bcfea340cd8b00c13e7baf?s=96&d=mm&r=g","url":"https:\/\/secure.gravatar.com\/avatar\/6d44f937f19929f3b75db77056d3e08abd6e302e71bcfea340cd8b00c13e7baf?s=96&d=mm&r=g","contentUrl":"https:\/\/secure.gravatar.com\/avatar\/6d44f937f19929f3b75db77056d3e08abd6e302e71bcfea340cd8b00c13e7baf?s=96&d=mm&r=g","caption":"MK"},"url":"https:\/\/www.webdo.tn\/fr\/actualite\/author\/mk\/"}]}},"_links":{"self":[{"href":"https:\/\/www.webdo.tn\/fr\/wp-json\/wp\/v2\/posts\/199074","targetHints":{"allow":["GET"]}}],"collection":[{"href":"https:\/\/www.webdo.tn\/fr\/wp-json\/wp\/v2\/posts"}],"about":[{"href":"https:\/\/www.webdo.tn\/fr\/wp-json\/wp\/v2\/types\/post"}],"author":[{"embeddable":true,"href":"https:\/\/www.webdo.tn\/fr\/wp-json\/wp\/v2\/users\/3196"}],"replies":[{"embeddable":true,"href":"https:\/\/www.webdo.tn\/fr\/wp-json\/wp\/v2\/comments?post=199074"}],"version-history":[{"count":0,"href":"https:\/\/www.webdo.tn\/fr\/wp-json\/wp\/v2\/posts\/199074\/revisions"}],"wp:featuredmedia":[{"embeddable":true,"href":"https:\/\/www.webdo.tn\/fr\/wp-json\/wp\/v2\/media\/348590"}],"wp:attachment":[{"href":"https:\/\/www.webdo.tn\/fr\/wp-json\/wp\/v2\/media?parent=199074"}],"wp:term":[{"taxonomy":"category","embeddable":true,"href":"https:\/\/www.webdo.tn\/fr\/wp-json\/wp\/v2\/categories?post=199074"},{"taxonomy":"post_tag","embeddable":true,"href":"https:\/\/www.webdo.tn\/fr\/wp-json\/wp\/v2\/tags?post=199074"}],"curies":[{"name":"wp","href":"https:\/\/api.w.org\/{rel}","templated":true}]}}