{"id":199071,"date":"2022-11-17T13:04:00","date_gmt":"2022-11-17T13:04:00","guid":{"rendered":"https:\/\/www.webdo.tn\/fr\/actualite\/blog\/legislatives-ennahdha-appelle-ses-adherents-a-ne-pas-voter\/199071\/"},"modified":"2025-05-22T11:44:10","modified_gmt":"2025-05-22T11:44:10","slug":"legislatives-ennahdha-appelle-ses-adherents-a-ne-pas-voter","status":"publish","type":"post","link":"https:\/\/www.webdo.tn\/fr\/actualite\/national\/legislatives-ennahdha-appelle-ses-adherents-a-ne-pas-voter\/199071\/","title":{"rendered":"L\u00e9gislatives : Ennahdha appelle ses adh\u00e9rents \u00e0 ne pas voter"},"content":{"rendered":"<p>Le mouvement Ennahdha ne change pas de position quant \u00e0 sa volont\u00e9 de boycotter les prochaines \u00e9lections l\u00e9gislatives du 17 d\u00e9cembre 2022.<\/p>\n<p> Il a r\u00e9it\u00e9r\u00e9, aujourd\u2019hui, lors d\u2019une conf\u00e9rence de presse tenue au si\u00e8ge central du parti, ce jeudi 17 novembre, son intention de ne pas participer au scrutin \u00e9lectoral.<\/p>\n<p>Nizar Habboubi, membre du bureau ex\u00e9cutif d\u2019Ennahdha a d\u2019ailleurs appel\u00e9 les adh\u00e9rents d\u2019Ennahdha \u00e0 ne pas participer \u00e0 ces \u00e9lections ni \u00e0 parrainer un candidat.<\/p>\n","protected":false},"excerpt":{"rendered":"<p>Le mouvement Ennahdha ne change pas de position quant \u00e0 sa volont\u00e9 de boycotter les prochaines \u00e9lections l\u00e9gislatives du 17 d\u00e9cembre 2022.<\/p>\n","protected":false},"author":3162,"featured_media":348589,"comment_status":"open","ping_status":"closed","sticky":false,"template":"","format":"standard","meta":{"footnotes":""},"categories":[44],"tags":[3509,3923,3057,6190],"class_list":["post-199071","post","type-post","status-publish","format-standard","has-post-thumbnail","hentry","category-national","tag-boycott","tag-elections","tag-ennahdha","tag-legislatives"],"yoast_head":"<!-- This site is optimized with the Yoast SEO Premium plugin v27.5 (Yoast SEO v27.5) - https:\/\/yoast.com\/product\/yoast-seo-premium-wordpress\/ -->\n<title>L\u00e9gislatives : Ennahdha appelle ses adh\u00e9rents \u00e0 ne pas voter<\/title>\n<meta name=\"description\" content=\"Le mouvement Ennahdha ne change pas de position quant \u00e0 sa volont\u00e9 de boycotter les prochaines \u00e9lections l\u00e9gislatives du 17 d\u00e9cembre 2022.\" \/>\n<link rel=\"canonical\" href=\"https:\/\/www.webdo.tn\/fr\/actualite\/national-45\/legislatives-ennahdha-appelle-ses-adherents-a-ne-pas-voter\/199071\/\" \/>\n<meta property=\"og:locale\" content=\"fr_FR\" \/>\n<meta property=\"og:type\" content=\"article\" \/>\n<meta property=\"og:title\" content=\"L\u00e9gislatives : Ennahdha appelle ses adh\u00e9rents \u00e0 ne pas voter\" \/>\n<meta property=\"og:description\" content=\"Le mouvement Ennahdha ne change pas de position quant \u00e0 sa volont\u00e9 de boycotter les prochaines \u00e9lections l\u00e9gislatives du 17 d\u00e9cembre 2022.\" \/>\n<meta property=\"og:url\" content=\"https:\/\/www.webdo.tn\/fr\/actualite\/national-45\/legislatives-ennahdha-appelle-ses-adherents-a-ne-pas-voter\/199071\/\" \/>\n<meta property=\"og:site_name\" content=\"webdo\" \/>\n<meta property=\"article:publisher\" content=\"https:\/\/www.facebook.com\/webdotn\" \/>\n<meta property=\"article:published_time\" content=\"2022-11-17T13:04:00+00:00\" \/>\n<meta property=\"article:modified_time\" content=\"2025-05-22T11:44:10+00:00\" \/>\n<meta property=\"og:image\" content=\"https:\/\/www.webdo.tn\/fr\/wp-content\/uploads\/2022\/11\/cb754695917463ef829d55be947fbfa1.jpg\" \/>\n\t<meta property=\"og:image:width\" content=\"750\" \/>\n\t<meta property=\"og:image:height\" content=\"400\" \/>\n\t<meta property=\"og:image:type\" content=\"image\/jpeg\" \/>\n<meta name=\"author\" content=\"MC\" \/>\n<meta name=\"twitter:card\" content=\"summary_large_image\" \/>\n<meta name=\"twitter:creator\" content=\"@webdo_tn\" \/>\n<meta name=\"twitter:site\" content=\"@webdo_tn\" \/>\n<meta name=\"twitter:label1\" content=\"\u00c9crit par\" \/>\n\t<meta name=\"twitter:data1\" content=\"MC\" \/>\n<script type=\"application\/ld+json\" class=\"yoast-schema-graph\">{\"@context\":\"https:\\\/\\\/schema.org\",\"@graph\":[{\"@type\":\"NewsArticle\",\"@id\":\"https:\\\/\\\/www.webdo.tn\\\/fr\\\/actualite\\\/national-45\\\/legislatives-ennahdha-appelle-ses-adherents-a-ne-pas-voter\\\/199071\\\/#article\",\"isPartOf\":{\"@id\":\"https:\\\/\\\/www.webdo.tn\\\/fr\\\/actualite\\\/national-45\\\/legislatives-ennahdha-appelle-ses-adherents-a-ne-pas-voter\\\/199071\\\/\"},\"author\":{\"name\":\"MC\",\"@id\":\"https:\\\/\\\/www.webdo.tn\\\/fr\\\/#\\\/schema\\\/person\\\/2c4929cbf5a809e3bd38617c6ce150f6\"},\"headline\":\"L\u00e9gislatives : Ennahdha appelle ses adh\u00e9rents \u00e0 ne pas voter\",\"datePublished\":\"2022-11-17T13:04:00+00:00\",\"dateModified\":\"2025-05-22T11:44:10+00:00\",\"mainEntityOfPage\":{\"@id\":\"https:\\\/\\\/www.webdo.tn\\\/fr\\\/actualite\\\/national-45\\\/legislatives-ennahdha-appelle-ses-adherents-a-ne-pas-voter\\\/199071\\\/\"},\"wordCount\":91,\"commentCount\":0,\"publisher\":{\"@id\":\"https:\\\/\\\/www.webdo.tn\\\/fr\\\/#organization\"},\"image\":{\"@id\":\"https:\\\/\\\/www.webdo.tn\\\/fr\\\/actualite\\\/national-45\\\/legislatives-ennahdha-appelle-ses-adherents-a-ne-pas-voter\\\/199071\\\/#primaryimage\"},\"thumbnailUrl\":\"https:\\\/\\\/www.webdo.tn\\\/fr\\\/wp-content\\\/uploads\\\/2022\\\/11\\\/cb754695917463ef829d55be947fbfa1.jpg\",\"keywords\":[\"Boycott\",\"\u00e9lections\",\"Ennahdha\",\"L\u00e9gislatives\"],\"articleSection\":[\"National\"],\"inLanguage\":\"fr-FR\"},{\"@type\":\"WebPage\",\"@id\":\"https:\\\/\\\/www.webdo.tn\\\/fr\\\/actualite\\\/national-45\\\/legislatives-ennahdha-appelle-ses-adherents-a-ne-pas-voter\\\/199071\\\/\",\"url\":\"https:\\\/\\\/www.webdo.tn\\\/fr\\\/actualite\\\/national-45\\\/legislatives-ennahdha-appelle-ses-adherents-a-ne-pas-voter\\\/199071\\\/\",\"name\":\"L\u00e9gislatives : Ennahdha appelle ses adh\u00e9rents \u00e0 ne pas voter\",\"isPartOf\":{\"@id\":\"https:\\\/\\\/www.webdo.tn\\\/fr\\\/#website\"},\"primaryImageOfPage\":{\"@id\":\"https:\\\/\\\/www.webdo.tn\\\/fr\\\/actualite\\\/national-45\\\/legislatives-ennahdha-appelle-ses-adherents-a-ne-pas-voter\\\/199071\\\/#primaryimage\"},\"image\":{\"@id\":\"https:\\\/\\\/www.webdo.tn\\\/fr\\\/actualite\\\/national-45\\\/legislatives-ennahdha-appelle-ses-adherents-a-ne-pas-voter\\\/199071\\\/#primaryimage\"},\"thumbnailUrl\":\"https:\\\/\\\/www.webdo.tn\\\/fr\\\/wp-content\\\/uploads\\\/2022\\\/11\\\/cb754695917463ef829d55be947fbfa1.jpg\",\"datePublished\":\"2022-11-17T13:04:00+00:00\",\"dateModified\":\"2025-05-22T11:44:10+00:00\",\"description\":\"Le mouvement Ennahdha ne change pas de position quant \u00e0 sa volont\u00e9 de boycotter les prochaines \u00e9lections l\u00e9gislatives du 17 d\u00e9cembre 2022.\",\"breadcrumb\":{\"@id\":\"https:\\\/\\\/www.webdo.tn\\\/fr\\\/actualite\\\/national-45\\\/legislatives-ennahdha-appelle-ses-adherents-a-ne-pas-voter\\\/199071\\\/#breadcrumb\"},\"inLanguage\":\"fr-FR\",\"potentialAction\":[{\"@type\":\"ReadAction\",\"target\":[\"https:\\\/\\\/www.webdo.tn\\\/fr\\\/actualite\\\/national-45\\\/legislatives-ennahdha-appelle-ses-adherents-a-ne-pas-voter\\\/199071\\\/\"]}]},{\"@type\":\"ImageObject\",\"inLanguage\":\"fr-FR\",\"@id\":\"https:\\\/\\\/www.webdo.tn\\\/fr\\\/actualite\\\/national-45\\\/legislatives-ennahdha-appelle-ses-adherents-a-ne-pas-voter\\\/199071\\\/#primaryimage\",\"url\":\"https:\\\/\\\/www.webdo.tn\\\/fr\\\/wp-content\\\/uploads\\\/2022\\\/11\\\/cb754695917463ef829d55be947fbfa1.jpg\",\"contentUrl\":\"https:\\\/\\\/www.webdo.tn\\\/fr\\\/wp-content\\\/uploads\\\/2022\\\/11\\\/cb754695917463ef829d55be947fbfa1.jpg\",\"width\":750,\"height\":400,\"caption\":\"Les adh\u00e9rents d'Ennahdha appel\u00e9s \u00e0 boycotter le prochain scrutin l\u00e9gislatif\"},{\"@type\":\"BreadcrumbList\",\"@id\":\"https:\\\/\\\/www.webdo.tn\\\/fr\\\/actualite\\\/national-45\\\/legislatives-ennahdha-appelle-ses-adherents-a-ne-pas-voter\\\/199071\\\/#breadcrumb\",\"itemListElement\":[{\"@type\":\"ListItem\",\"position\":1,\"name\":\"Accueil\",\"item\":\"https:\\\/\\\/www.webdo.tn\\\/fr\\\/\"},{\"@type\":\"ListItem\",\"position\":2,\"name\":\"L\u00e9gislatives : Ennahdha appelle ses adh\u00e9rents \u00e0 ne pas voter\"}]},{\"@type\":\"WebSite\",\"@id\":\"https:\\\/\\\/www.webdo.tn\\\/fr\\\/#website\",\"url\":\"https:\\\/\\\/www.webdo.tn\\\/fr\\\/\",\"name\":\"webdo\",\"description\":\"Tunisie - News en Tunisie et \u00e0 l&#039;international sur Webdo.tn\",\"publisher\":{\"@id\":\"https:\\\/\\\/www.webdo.tn\\\/fr\\\/#organization\"},\"potentialAction\":[{\"@type\":\"SearchAction\",\"target\":{\"@type\":\"EntryPoint\",\"urlTemplate\":\"https:\\\/\\\/www.webdo.tn\\\/fr\\\/?s={search_term_string}\"},\"query-input\":{\"@type\":\"PropertyValueSpecification\",\"valueRequired\":true,\"valueName\":\"search_term_string\"}}],\"inLanguage\":\"fr-FR\"},{\"@type\":\"Organization\",\"@id\":\"https:\\\/\\\/www.webdo.tn\\\/fr\\\/#organization\",\"name\":\"Webdo\",\"alternateName\":\"Webdo.tn\",\"url\":\"https:\\\/\\\/www.webdo.tn\\\/fr\\\/\",\"logo\":{\"@type\":\"ImageObject\",\"inLanguage\":\"fr-FR\",\"@id\":\"https:\\\/\\\/www.webdo.tn\\\/fr\\\/#\\\/schema\\\/logo\\\/image\\\/\",\"url\":\"https:\\\/\\\/www.webdo.tn\\\/fr\\\/wp-content\\\/uploads\\\/2025\\\/06\\\/Webdo-Tunisie_168377.jpg\",\"contentUrl\":\"https:\\\/\\\/www.webdo.tn\\\/fr\\\/wp-content\\\/uploads\\\/2025\\\/06\\\/Webdo-Tunisie_168377.jpg\",\"width\":301,\"height\":301,\"caption\":\"Webdo\"},\"image\":{\"@id\":\"https:\\\/\\\/www.webdo.tn\\\/fr\\\/#\\\/schema\\\/logo\\\/image\\\/\"},\"sameAs\":[\"https:\\\/\\\/www.facebook.com\\\/webdotn\",\"https:\\\/\\\/x.com\\\/webdo_tn\"],\"description\":\"Webdo est un m\u00e9dia num\u00e9rique tunisien fond\u00e9 en 2010, sp\u00e9cialis\u00e9 dans l\u2019actualit\u00e9 nationale et internationale, l\u2019\u00e9conomie, la soci\u00e9t\u00e9 et les analyses politiques. Le site s\u2019adresse \u00e0 un large public francophone et couvre l\u2019information tunisienne en temps r\u00e9el.\",\"email\":\"redac@webdo.tn\",\"legalName\":\"YNJ SARL\",\"foundingDate\":\"2010-09-06\",\"numberOfEmployees\":{\"@type\":\"QuantitativeValue\",\"minValue\":\"11\",\"maxValue\":\"50\"}},{\"@type\":\"Person\",\"@id\":\"https:\\\/\\\/www.webdo.tn\\\/fr\\\/#\\\/schema\\\/person\\\/2c4929cbf5a809e3bd38617c6ce150f6\",\"name\":\"MC\",\"image\":{\"@type\":\"ImageObject\",\"inLanguage\":\"fr-FR\",\"@id\":\"https:\\\/\\\/secure.gravatar.com\\\/avatar\\\/a545bbb6f84efdd5553dbbc2895e3ca8f1d12c5215e00a041c9670b54aa9b18a?s=96&d=mm&r=g\",\"url\":\"https:\\\/\\\/secure.gravatar.com\\\/avatar\\\/a545bbb6f84efdd5553dbbc2895e3ca8f1d12c5215e00a041c9670b54aa9b18a?s=96&d=mm&r=g\",\"contentUrl\":\"https:\\\/\\\/secure.gravatar.com\\\/avatar\\\/a545bbb6f84efdd5553dbbc2895e3ca8f1d12c5215e00a041c9670b54aa9b18a?s=96&d=mm&r=g\",\"caption\":\"MC\"},\"url\":\"https:\\\/\\\/www.webdo.tn\\\/fr\\\/actualite\\\/author\\\/mc\\\/\"}]}<\/script>\n<!-- \/ Yoast SEO Premium plugin. -->","yoast_head_json":{"title":"L\u00e9gislatives : Ennahdha appelle ses adh\u00e9rents \u00e0 ne pas voter","description":"Le mouvement Ennahdha ne change pas de position quant \u00e0 sa volont\u00e9 de boycotter les prochaines \u00e9lections l\u00e9gislatives du 17 d\u00e9cembre 2022.","canonical":"https:\/\/www.webdo.tn\/fr\/actualite\/national-45\/legislatives-ennahdha-appelle-ses-adherents-a-ne-pas-voter\/199071\/","og_locale":"fr_FR","og_type":"article","og_title":"L\u00e9gislatives : Ennahdha appelle ses adh\u00e9rents \u00e0 ne pas voter","og_description":"Le mouvement Ennahdha ne change pas de position quant \u00e0 sa volont\u00e9 de boycotter les prochaines \u00e9lections l\u00e9gislatives du 17 d\u00e9cembre 2022.","og_url":"https:\/\/www.webdo.tn\/fr\/actualite\/national-45\/legislatives-ennahdha-appelle-ses-adherents-a-ne-pas-voter\/199071\/","og_site_name":"webdo","article_publisher":"https:\/\/www.facebook.com\/webdotn","article_published_time":"2022-11-17T13:04:00+00:00","article_modified_time":"2025-05-22T11:44:10+00:00","og_image":[{"width":750,"height":400,"url":"https:\/\/www.webdo.tn\/fr\/wp-content\/uploads\/2022\/11\/cb754695917463ef829d55be947fbfa1.jpg","type":"image\/jpeg"}],"author":"MC","twitter_card":"summary_large_image","twitter_creator":"@webdo_tn","twitter_site":"@webdo_tn","twitter_misc":{"\u00c9crit par":"MC"},"schema":{"@context":"https:\/\/schema.org","@graph":[{"@type":"NewsArticle","@id":"https:\/\/www.webdo.tn\/fr\/actualite\/national-45\/legislatives-ennahdha-appelle-ses-adherents-a-ne-pas-voter\/199071\/#article","isPartOf":{"@id":"https:\/\/www.webdo.tn\/fr\/actualite\/national-45\/legislatives-ennahdha-appelle-ses-adherents-a-ne-pas-voter\/199071\/"},"author":{"name":"MC","@id":"https:\/\/www.webdo.tn\/fr\/#\/schema\/person\/2c4929cbf5a809e3bd38617c6ce150f6"},"headline":"L\u00e9gislatives : Ennahdha appelle ses adh\u00e9rents \u00e0 ne pas voter","datePublished":"2022-11-17T13:04:00+00:00","dateModified":"2025-05-22T11:44:10+00:00","mainEntityOfPage":{"@id":"https:\/\/www.webdo.tn\/fr\/actualite\/national-45\/legislatives-ennahdha-appelle-ses-adherents-a-ne-pas-voter\/199071\/"},"wordCount":91,"commentCount":0,"publisher":{"@id":"https:\/\/www.webdo.tn\/fr\/#organization"},"image":{"@id":"https:\/\/www.webdo.tn\/fr\/actualite\/national-45\/legislatives-ennahdha-appelle-ses-adherents-a-ne-pas-voter\/199071\/#primaryimage"},"thumbnailUrl":"https:\/\/www.webdo.tn\/fr\/wp-content\/uploads\/2022\/11\/cb754695917463ef829d55be947fbfa1.jpg","keywords":["Boycott","\u00e9lections","Ennahdha","L\u00e9gislatives"],"articleSection":["National"],"inLanguage":"fr-FR"},{"@type":"WebPage","@id":"https:\/\/www.webdo.tn\/fr\/actualite\/national-45\/legislatives-ennahdha-appelle-ses-adherents-a-ne-pas-voter\/199071\/","url":"https:\/\/www.webdo.tn\/fr\/actualite\/national-45\/legislatives-ennahdha-appelle-ses-adherents-a-ne-pas-voter\/199071\/","name":"L\u00e9gislatives : Ennahdha appelle ses adh\u00e9rents \u00e0 ne pas voter","isPartOf":{"@id":"https:\/\/www.webdo.tn\/fr\/#website"},"primaryImageOfPage":{"@id":"https:\/\/www.webdo.tn\/fr\/actualite\/national-45\/legislatives-ennahdha-appelle-ses-adherents-a-ne-pas-voter\/199071\/#primaryimage"},"image":{"@id":"https:\/\/www.webdo.tn\/fr\/actualite\/national-45\/legislatives-ennahdha-appelle-ses-adherents-a-ne-pas-voter\/199071\/#primaryimage"},"thumbnailUrl":"https:\/\/www.webdo.tn\/fr\/wp-content\/uploads\/2022\/11\/cb754695917463ef829d55be947fbfa1.jpg","datePublished":"2022-11-17T13:04:00+00:00","dateModified":"2025-05-22T11:44:10+00:00","description":"Le mouvement Ennahdha ne change pas de position quant \u00e0 sa volont\u00e9 de boycotter les prochaines \u00e9lections l\u00e9gislatives du 17 d\u00e9cembre 2022.","breadcrumb":{"@id":"https:\/\/www.webdo.tn\/fr\/actualite\/national-45\/legislatives-ennahdha-appelle-ses-adherents-a-ne-pas-voter\/199071\/#breadcrumb"},"inLanguage":"fr-FR","potentialAction":[{"@type":"ReadAction","target":["https:\/\/www.webdo.tn\/fr\/actualite\/national-45\/legislatives-ennahdha-appelle-ses-adherents-a-ne-pas-voter\/199071\/"]}]},{"@type":"ImageObject","inLanguage":"fr-FR","@id":"https:\/\/www.webdo.tn\/fr\/actualite\/national-45\/legislatives-ennahdha-appelle-ses-adherents-a-ne-pas-voter\/199071\/#primaryimage","url":"https:\/\/www.webdo.tn\/fr\/wp-content\/uploads\/2022\/11\/cb754695917463ef829d55be947fbfa1.jpg","contentUrl":"https:\/\/www.webdo.tn\/fr\/wp-content\/uploads\/2022\/11\/cb754695917463ef829d55be947fbfa1.jpg","width":750,"height":400,"caption":"Les adh\u00e9rents d'Ennahdha appel\u00e9s \u00e0 boycotter le prochain scrutin l\u00e9gislatif"},{"@type":"BreadcrumbList","@id":"https:\/\/www.webdo.tn\/fr\/actualite\/national-45\/legislatives-ennahdha-appelle-ses-adherents-a-ne-pas-voter\/199071\/#breadcrumb","itemListElement":[{"@type":"ListItem","position":1,"name":"Accueil","item":"https:\/\/www.webdo.tn\/fr\/"},{"@type":"ListItem","position":2,"name":"L\u00e9gislatives : Ennahdha appelle ses adh\u00e9rents \u00e0 ne pas voter"}]},{"@type":"WebSite","@id":"https:\/\/www.webdo.tn\/fr\/#website","url":"https:\/\/www.webdo.tn\/fr\/","name":"webdo","description":"Tunisie - News en Tunisie et \u00e0 l&#039;international sur Webdo.tn","publisher":{"@id":"https:\/\/www.webdo.tn\/fr\/#organization"},"potentialAction":[{"@type":"SearchAction","target":{"@type":"EntryPoint","urlTemplate":"https:\/\/www.webdo.tn\/fr\/?s={search_term_string}"},"query-input":{"@type":"PropertyValueSpecification","valueRequired":true,"valueName":"search_term_string"}}],"inLanguage":"fr-FR"},{"@type":"Organization","@id":"https:\/\/www.webdo.tn\/fr\/#organization","name":"Webdo","alternateName":"Webdo.tn","url":"https:\/\/www.webdo.tn\/fr\/","logo":{"@type":"ImageObject","inLanguage":"fr-FR","@id":"https:\/\/www.webdo.tn\/fr\/#\/schema\/logo\/image\/","url":"https:\/\/www.webdo.tn\/fr\/wp-content\/uploads\/2025\/06\/Webdo-Tunisie_168377.jpg","contentUrl":"https:\/\/www.webdo.tn\/fr\/wp-content\/uploads\/2025\/06\/Webdo-Tunisie_168377.jpg","width":301,"height":301,"caption":"Webdo"},"image":{"@id":"https:\/\/www.webdo.tn\/fr\/#\/schema\/logo\/image\/"},"sameAs":["https:\/\/www.facebook.com\/webdotn","https:\/\/x.com\/webdo_tn"],"description":"Webdo est un m\u00e9dia num\u00e9rique tunisien fond\u00e9 en 2010, sp\u00e9cialis\u00e9 dans l\u2019actualit\u00e9 nationale et internationale, l\u2019\u00e9conomie, la soci\u00e9t\u00e9 et les analyses politiques. Le site s\u2019adresse \u00e0 un large public francophone et couvre l\u2019information tunisienne en temps r\u00e9el.","email":"redac@webdo.tn","legalName":"YNJ SARL","foundingDate":"2010-09-06","numberOfEmployees":{"@type":"QuantitativeValue","minValue":"11","maxValue":"50"}},{"@type":"Person","@id":"https:\/\/www.webdo.tn\/fr\/#\/schema\/person\/2c4929cbf5a809e3bd38617c6ce150f6","name":"MC","image":{"@type":"ImageObject","inLanguage":"fr-FR","@id":"https:\/\/secure.gravatar.com\/avatar\/a545bbb6f84efdd5553dbbc2895e3ca8f1d12c5215e00a041c9670b54aa9b18a?s=96&d=mm&r=g","url":"https:\/\/secure.gravatar.com\/avatar\/a545bbb6f84efdd5553dbbc2895e3ca8f1d12c5215e00a041c9670b54aa9b18a?s=96&d=mm&r=g","contentUrl":"https:\/\/secure.gravatar.com\/avatar\/a545bbb6f84efdd5553dbbc2895e3ca8f1d12c5215e00a041c9670b54aa9b18a?s=96&d=mm&r=g","caption":"MC"},"url":"https:\/\/www.webdo.tn\/fr\/actualite\/author\/mc\/"}]}},"_links":{"self":[{"href":"https:\/\/www.webdo.tn\/fr\/wp-json\/wp\/v2\/posts\/199071","targetHints":{"allow":["GET"]}}],"collection":[{"href":"https:\/\/www.webdo.tn\/fr\/wp-json\/wp\/v2\/posts"}],"about":[{"href":"https:\/\/www.webdo.tn\/fr\/wp-json\/wp\/v2\/types\/post"}],"author":[{"embeddable":true,"href":"https:\/\/www.webdo.tn\/fr\/wp-json\/wp\/v2\/users\/3162"}],"replies":[{"embeddable":true,"href":"https:\/\/www.webdo.tn\/fr\/wp-json\/wp\/v2\/comments?post=199071"}],"version-history":[{"count":0,"href":"https:\/\/www.webdo.tn\/fr\/wp-json\/wp\/v2\/posts\/199071\/revisions"}],"wp:featuredmedia":[{"embeddable":true,"href":"https:\/\/www.webdo.tn\/fr\/wp-json\/wp\/v2\/media\/348589"}],"wp:attachment":[{"href":"https:\/\/www.webdo.tn\/fr\/wp-json\/wp\/v2\/media?parent=199071"}],"wp:term":[{"taxonomy":"category","embeddable":true,"href":"https:\/\/www.webdo.tn\/fr\/wp-json\/wp\/v2\/categories?post=199071"},{"taxonomy":"post_tag","embeddable":true,"href":"https:\/\/www.webdo.tn\/fr\/wp-json\/wp\/v2\/tags?post=199071"}],"curies":[{"name":"wp","href":"https:\/\/api.w.org\/{rel}","templated":true}]}}