{"id":199059,"date":"2022-11-17T10:33:00","date_gmt":"2022-11-17T10:33:00","guid":{"rendered":"https:\/\/www.webdo.tn\/fr\/actualite\/blog\/sit-in-des-journalistes-devant-le-palais-de-la-kasbah\/199059\/"},"modified":"2025-05-22T11:44:08","modified_gmt":"2025-05-22T11:44:08","slug":"sit-in-des-journalistes-devant-le-palais-de-la-kasbah","status":"publish","type":"post","link":"https:\/\/www.webdo.tn\/fr\/actualite\/national\/sit-in-des-journalistes-devant-le-palais-de-la-kasbah\/199059\/","title":{"rendered":"Sit-in des journalistes devant le palais de la Kasbah"},"content":{"rendered":"<p>Un sit-in, organis\u00e9 par le Syndicat national des journalistes tunisiens (SNJT), la F\u00e9d\u00e9ration g\u00e9n\u00e9rale de l\u2019information et les employ\u00e9s de Shems FM, Cactus prod, la SNIP La Presse et Dar Assabah, se tient, ce jeudi 17 novembre 2022 \u00e0 la place du gouvernement \u00e0 la Kasbah.<\/p>\n<p> Ce sit-in est organis\u00e9 pour inciter le gouvernement \u00e0 trouver des solutions urgentes pour ces institutions m\u00e9diatiques, plus que jamais, menac\u00e9es de fermeture.<\/p>\n<p>Le SNJT et la F\u00e9d\u00e9ration g\u00e9n\u00e9rale de l&rsquo;information relevant de l&rsquo;Union g\u00e9n\u00e9rale tunisienne du travail (UGTT) avaient publi\u00e9, mardi, un communiqu\u00e9 dans lequel il est question d&rsquo;entamer des mouvements de protestation dans les prochains jours pour d\u00e9noncer la d\u00e9t\u00e9rioration de la situation des m\u00e9dias publics et confisqu\u00e9s.<\/p>\n<p>A l&rsquo;issue d&rsquo;une r\u00e9union tenue au si\u00e8ge du SNJT, mardi 16 novembre, en pr\u00e9sence de repr\u00e9sentants des structures m\u00e9diatiques de ces \u00e9tablissements, ils ont \u00e9pingl\u00e9s l&rsquo;attitude de la pr\u00e9sidence de la R\u00e9publique et la pr\u00e9sidence du gouvernement qui \u00ab\u00a0continuent d&rsquo;ignorer leurs revendications mentionn\u00e9es dans plusieurs d\u00e9clarations et correspondances\u00a0\u00bb, expliquent les signataires de la d\u00e9claration.<\/p>\n<p>Pour rappel, les \u00e9tablissements Dar Assabah, Shems FM, Snipe La Presse et Cactus Prod connaissent une situation difficile. Les structures syndicales et professionnelles avaient averti contre l&rsquo;aggravation de cette situation qui pourrait conduire \u00e0 la fermeture d\u00e9finitive des \u00e9tablissements en question.<\/p>\n","protected":false},"excerpt":{"rendered":"<p>Un sit-in, organis\u00e9 par le Syndicat national des journalistes tunisiens (SNJT), la F\u00e9d\u00e9ration g\u00e9n\u00e9rale de l\u2019information et les employ\u00e9s de Shems FM, Cactus prod&#8230;<\/p>\n","protected":false},"author":3162,"featured_media":348586,"comment_status":"open","ping_status":"closed","sticky":false,"template":"","format":"standard","meta":{"footnotes":""},"categories":[44],"tags":[2758,3190,2759],"class_list":["post-199059","post","type-post","status-publish","format-standard","has-post-thumbnail","hentry","category-national","tag-journalistes","tag-sit-in","tag-snjt"],"yoast_head":"<!-- This site is optimized with the Yoast SEO Premium plugin v27.4 (Yoast SEO v27.5) - https:\/\/yoast.com\/product\/yoast-seo-premium-wordpress\/ -->\n<title>Sit-in des journalistes devant le palais de la Kasbah<\/title>\n<meta name=\"description\" content=\"Un sit-in, organis\u00e9 par le Syndicat national des journalistes tunisiens (SNJT), la F\u00e9d\u00e9ration g\u00e9n\u00e9rale de l\u2019information et les employ\u00e9s de Shems FM, Cactus prod...\" \/>\n<link rel=\"canonical\" href=\"https:\/\/www.webdo.tn\/fr\/actualite\/national-45\/sit-in-des-journalistes-devant-le-palais-de-la-kasbah\/199059\/\" \/>\n<meta property=\"og:locale\" content=\"fr_FR\" \/>\n<meta property=\"og:type\" content=\"article\" \/>\n<meta property=\"og:title\" content=\"Sit-in des journalistes devant le palais de la Kasbah\" \/>\n<meta property=\"og:description\" content=\"Un sit-in, organis\u00e9 par le Syndicat national des journalistes tunisiens (SNJT), la F\u00e9d\u00e9ration g\u00e9n\u00e9rale de l\u2019information et les employ\u00e9s de Shems FM, Cactus prod...\" \/>\n<meta property=\"og:url\" content=\"https:\/\/www.webdo.tn\/fr\/actualite\/national-45\/sit-in-des-journalistes-devant-le-palais-de-la-kasbah\/199059\/\" \/>\n<meta property=\"og:site_name\" content=\"webdo\" \/>\n<meta property=\"article:publisher\" content=\"https:\/\/www.facebook.com\/webdotn\" \/>\n<meta property=\"article:published_time\" content=\"2022-11-17T10:33:00+00:00\" \/>\n<meta property=\"article:modified_time\" content=\"2025-05-22T11:44:08+00:00\" \/>\n<meta property=\"og:image\" content=\"https:\/\/www.webdo.tn\/fr\/wp-content\/uploads\/2022\/11\/50ed0eae05befdac9456074b4886b652.jpg\" \/>\n\t<meta property=\"og:image:width\" content=\"750\" \/>\n\t<meta property=\"og:image:height\" content=\"400\" \/>\n\t<meta property=\"og:image:type\" content=\"image\/jpeg\" \/>\n<meta name=\"author\" content=\"MC\" \/>\n<meta name=\"twitter:card\" content=\"summary_large_image\" \/>\n<meta name=\"twitter:creator\" content=\"@webdo_tn\" \/>\n<meta name=\"twitter:site\" content=\"@webdo_tn\" \/>\n<meta name=\"twitter:label1\" content=\"\u00c9crit par\" \/>\n\t<meta name=\"twitter:data1\" content=\"MC\" \/>\n\t<meta name=\"twitter:label2\" content=\"Dur\u00e9e de lecture estim\u00e9e\" \/>\n\t<meta name=\"twitter:data2\" content=\"1 minute\" \/>\n<script type=\"application\/ld+json\" class=\"yoast-schema-graph\">{\"@context\":\"https:\\\/\\\/schema.org\",\"@graph\":[{\"@type\":\"NewsArticle\",\"@id\":\"https:\\\/\\\/www.webdo.tn\\\/fr\\\/actualite\\\/national-45\\\/sit-in-des-journalistes-devant-le-palais-de-la-kasbah\\\/199059\\\/#article\",\"isPartOf\":{\"@id\":\"https:\\\/\\\/www.webdo.tn\\\/fr\\\/actualite\\\/national-45\\\/sit-in-des-journalistes-devant-le-palais-de-la-kasbah\\\/199059\\\/\"},\"author\":{\"name\":\"MC\",\"@id\":\"https:\\\/\\\/www.webdo.tn\\\/fr\\\/#\\\/schema\\\/person\\\/2c4929cbf5a809e3bd38617c6ce150f6\"},\"headline\":\"Sit-in des journalistes devant le palais de la Kasbah\",\"datePublished\":\"2022-11-17T10:33:00+00:00\",\"dateModified\":\"2025-05-22T11:44:08+00:00\",\"mainEntityOfPage\":{\"@id\":\"https:\\\/\\\/www.webdo.tn\\\/fr\\\/actualite\\\/national-45\\\/sit-in-des-journalistes-devant-le-palais-de-la-kasbah\\\/199059\\\/\"},\"wordCount\":253,\"commentCount\":0,\"publisher\":{\"@id\":\"https:\\\/\\\/www.webdo.tn\\\/fr\\\/#organization\"},\"image\":{\"@id\":\"https:\\\/\\\/www.webdo.tn\\\/fr\\\/actualite\\\/national-45\\\/sit-in-des-journalistes-devant-le-palais-de-la-kasbah\\\/199059\\\/#primaryimage\"},\"thumbnailUrl\":\"https:\\\/\\\/www.webdo.tn\\\/fr\\\/wp-content\\\/uploads\\\/2022\\\/11\\\/50ed0eae05befdac9456074b4886b652.jpg\",\"keywords\":[\"Journalistes\",\"sit-in\",\"snjt\"],\"articleSection\":[\"National\"],\"inLanguage\":\"fr-FR\"},{\"@type\":\"WebPage\",\"@id\":\"https:\\\/\\\/www.webdo.tn\\\/fr\\\/actualite\\\/national-45\\\/sit-in-des-journalistes-devant-le-palais-de-la-kasbah\\\/199059\\\/\",\"url\":\"https:\\\/\\\/www.webdo.tn\\\/fr\\\/actualite\\\/national-45\\\/sit-in-des-journalistes-devant-le-palais-de-la-kasbah\\\/199059\\\/\",\"name\":\"Sit-in des journalistes devant le palais de la Kasbah\",\"isPartOf\":{\"@id\":\"https:\\\/\\\/www.webdo.tn\\\/fr\\\/#website\"},\"primaryImageOfPage\":{\"@id\":\"https:\\\/\\\/www.webdo.tn\\\/fr\\\/actualite\\\/national-45\\\/sit-in-des-journalistes-devant-le-palais-de-la-kasbah\\\/199059\\\/#primaryimage\"},\"image\":{\"@id\":\"https:\\\/\\\/www.webdo.tn\\\/fr\\\/actualite\\\/national-45\\\/sit-in-des-journalistes-devant-le-palais-de-la-kasbah\\\/199059\\\/#primaryimage\"},\"thumbnailUrl\":\"https:\\\/\\\/www.webdo.tn\\\/fr\\\/wp-content\\\/uploads\\\/2022\\\/11\\\/50ed0eae05befdac9456074b4886b652.jpg\",\"datePublished\":\"2022-11-17T10:33:00+00:00\",\"dateModified\":\"2025-05-22T11:44:08+00:00\",\"description\":\"Un sit-in, organis\u00e9 par le Syndicat national des journalistes tunisiens (SNJT), la F\u00e9d\u00e9ration g\u00e9n\u00e9rale de l\u2019information et les employ\u00e9s de Shems FM, Cactus prod...\",\"breadcrumb\":{\"@id\":\"https:\\\/\\\/www.webdo.tn\\\/fr\\\/actualite\\\/national-45\\\/sit-in-des-journalistes-devant-le-palais-de-la-kasbah\\\/199059\\\/#breadcrumb\"},\"inLanguage\":\"fr-FR\",\"potentialAction\":[{\"@type\":\"ReadAction\",\"target\":[\"https:\\\/\\\/www.webdo.tn\\\/fr\\\/actualite\\\/national-45\\\/sit-in-des-journalistes-devant-le-palais-de-la-kasbah\\\/199059\\\/\"]}]},{\"@type\":\"ImageObject\",\"inLanguage\":\"fr-FR\",\"@id\":\"https:\\\/\\\/www.webdo.tn\\\/fr\\\/actualite\\\/national-45\\\/sit-in-des-journalistes-devant-le-palais-de-la-kasbah\\\/199059\\\/#primaryimage\",\"url\":\"https:\\\/\\\/www.webdo.tn\\\/fr\\\/wp-content\\\/uploads\\\/2022\\\/11\\\/50ed0eae05befdac9456074b4886b652.jpg\",\"contentUrl\":\"https:\\\/\\\/www.webdo.tn\\\/fr\\\/wp-content\\\/uploads\\\/2022\\\/11\\\/50ed0eae05befdac9456074b4886b652.jpg\",\"width\":750,\"height\":400,\"caption\":\"Sit-in des journalistes\"},{\"@type\":\"BreadcrumbList\",\"@id\":\"https:\\\/\\\/www.webdo.tn\\\/fr\\\/actualite\\\/national-45\\\/sit-in-des-journalistes-devant-le-palais-de-la-kasbah\\\/199059\\\/#breadcrumb\",\"itemListElement\":[{\"@type\":\"ListItem\",\"position\":1,\"name\":\"Accueil\",\"item\":\"https:\\\/\\\/www.webdo.tn\\\/fr\\\/\"},{\"@type\":\"ListItem\",\"position\":2,\"name\":\"Sit-in des journalistes devant le palais de la Kasbah\"}]},{\"@type\":\"WebSite\",\"@id\":\"https:\\\/\\\/www.webdo.tn\\\/fr\\\/#website\",\"url\":\"https:\\\/\\\/www.webdo.tn\\\/fr\\\/\",\"name\":\"webdo\",\"description\":\"Tunisie - News en Tunisie et \u00e0 l&#039;international sur Webdo.tn\",\"publisher\":{\"@id\":\"https:\\\/\\\/www.webdo.tn\\\/fr\\\/#organization\"},\"potentialAction\":[{\"@type\":\"SearchAction\",\"target\":{\"@type\":\"EntryPoint\",\"urlTemplate\":\"https:\\\/\\\/www.webdo.tn\\\/fr\\\/?s={search_term_string}\"},\"query-input\":{\"@type\":\"PropertyValueSpecification\",\"valueRequired\":true,\"valueName\":\"search_term_string\"}}],\"inLanguage\":\"fr-FR\"},{\"@type\":\"Organization\",\"@id\":\"https:\\\/\\\/www.webdo.tn\\\/fr\\\/#organization\",\"name\":\"Webdo\",\"alternateName\":\"Webdo.tn\",\"url\":\"https:\\\/\\\/www.webdo.tn\\\/fr\\\/\",\"logo\":{\"@type\":\"ImageObject\",\"inLanguage\":\"fr-FR\",\"@id\":\"https:\\\/\\\/www.webdo.tn\\\/fr\\\/#\\\/schema\\\/logo\\\/image\\\/\",\"url\":\"https:\\\/\\\/www.webdo.tn\\\/fr\\\/wp-content\\\/uploads\\\/2025\\\/06\\\/Webdo-Tunisie_168377.jpg\",\"contentUrl\":\"https:\\\/\\\/www.webdo.tn\\\/fr\\\/wp-content\\\/uploads\\\/2025\\\/06\\\/Webdo-Tunisie_168377.jpg\",\"width\":301,\"height\":301,\"caption\":\"Webdo\"},\"image\":{\"@id\":\"https:\\\/\\\/www.webdo.tn\\\/fr\\\/#\\\/schema\\\/logo\\\/image\\\/\"},\"sameAs\":[\"https:\\\/\\\/www.facebook.com\\\/webdotn\",\"https:\\\/\\\/x.com\\\/webdo_tn\"],\"description\":\"Webdo est un m\u00e9dia num\u00e9rique tunisien fond\u00e9 en 2010, sp\u00e9cialis\u00e9 dans l\u2019actualit\u00e9 nationale et internationale, l\u2019\u00e9conomie, la soci\u00e9t\u00e9 et les analyses politiques. Le site s\u2019adresse \u00e0 un large public francophone et couvre l\u2019information tunisienne en temps r\u00e9el.\",\"email\":\"redac@webdo.tn\",\"legalName\":\"YNJ SARL\",\"foundingDate\":\"2010-09-06\",\"numberOfEmployees\":{\"@type\":\"QuantitativeValue\",\"minValue\":\"11\",\"maxValue\":\"50\"}},{\"@type\":\"Person\",\"@id\":\"https:\\\/\\\/www.webdo.tn\\\/fr\\\/#\\\/schema\\\/person\\\/2c4929cbf5a809e3bd38617c6ce150f6\",\"name\":\"MC\",\"image\":{\"@type\":\"ImageObject\",\"inLanguage\":\"fr-FR\",\"@id\":\"https:\\\/\\\/secure.gravatar.com\\\/avatar\\\/a545bbb6f84efdd5553dbbc2895e3ca8f1d12c5215e00a041c9670b54aa9b18a?s=96&d=mm&r=g\",\"url\":\"https:\\\/\\\/secure.gravatar.com\\\/avatar\\\/a545bbb6f84efdd5553dbbc2895e3ca8f1d12c5215e00a041c9670b54aa9b18a?s=96&d=mm&r=g\",\"contentUrl\":\"https:\\\/\\\/secure.gravatar.com\\\/avatar\\\/a545bbb6f84efdd5553dbbc2895e3ca8f1d12c5215e00a041c9670b54aa9b18a?s=96&d=mm&r=g\",\"caption\":\"MC\"},\"url\":\"https:\\\/\\\/www.webdo.tn\\\/fr\\\/actualite\\\/author\\\/mc\\\/\"}]}<\/script>\n<!-- \/ Yoast SEO Premium plugin. -->","yoast_head_json":{"title":"Sit-in des journalistes devant le palais de la Kasbah","description":"Un sit-in, organis\u00e9 par le Syndicat national des journalistes tunisiens (SNJT), la F\u00e9d\u00e9ration g\u00e9n\u00e9rale de l\u2019information et les employ\u00e9s de Shems FM, Cactus prod...","canonical":"https:\/\/www.webdo.tn\/fr\/actualite\/national-45\/sit-in-des-journalistes-devant-le-palais-de-la-kasbah\/199059\/","og_locale":"fr_FR","og_type":"article","og_title":"Sit-in des journalistes devant le palais de la Kasbah","og_description":"Un sit-in, organis\u00e9 par le Syndicat national des journalistes tunisiens (SNJT), la F\u00e9d\u00e9ration g\u00e9n\u00e9rale de l\u2019information et les employ\u00e9s de Shems FM, Cactus prod...","og_url":"https:\/\/www.webdo.tn\/fr\/actualite\/national-45\/sit-in-des-journalistes-devant-le-palais-de-la-kasbah\/199059\/","og_site_name":"webdo","article_publisher":"https:\/\/www.facebook.com\/webdotn","article_published_time":"2022-11-17T10:33:00+00:00","article_modified_time":"2025-05-22T11:44:08+00:00","og_image":[{"width":750,"height":400,"url":"https:\/\/www.webdo.tn\/fr\/wp-content\/uploads\/2022\/11\/50ed0eae05befdac9456074b4886b652.jpg","type":"image\/jpeg"}],"author":"MC","twitter_card":"summary_large_image","twitter_creator":"@webdo_tn","twitter_site":"@webdo_tn","twitter_misc":{"\u00c9crit par":"MC","Dur\u00e9e de lecture estim\u00e9e":"1 minute"},"schema":{"@context":"https:\/\/schema.org","@graph":[{"@type":"NewsArticle","@id":"https:\/\/www.webdo.tn\/fr\/actualite\/national-45\/sit-in-des-journalistes-devant-le-palais-de-la-kasbah\/199059\/#article","isPartOf":{"@id":"https:\/\/www.webdo.tn\/fr\/actualite\/national-45\/sit-in-des-journalistes-devant-le-palais-de-la-kasbah\/199059\/"},"author":{"name":"MC","@id":"https:\/\/www.webdo.tn\/fr\/#\/schema\/person\/2c4929cbf5a809e3bd38617c6ce150f6"},"headline":"Sit-in des journalistes devant le palais de la Kasbah","datePublished":"2022-11-17T10:33:00+00:00","dateModified":"2025-05-22T11:44:08+00:00","mainEntityOfPage":{"@id":"https:\/\/www.webdo.tn\/fr\/actualite\/national-45\/sit-in-des-journalistes-devant-le-palais-de-la-kasbah\/199059\/"},"wordCount":253,"commentCount":0,"publisher":{"@id":"https:\/\/www.webdo.tn\/fr\/#organization"},"image":{"@id":"https:\/\/www.webdo.tn\/fr\/actualite\/national-45\/sit-in-des-journalistes-devant-le-palais-de-la-kasbah\/199059\/#primaryimage"},"thumbnailUrl":"https:\/\/www.webdo.tn\/fr\/wp-content\/uploads\/2022\/11\/50ed0eae05befdac9456074b4886b652.jpg","keywords":["Journalistes","sit-in","snjt"],"articleSection":["National"],"inLanguage":"fr-FR"},{"@type":"WebPage","@id":"https:\/\/www.webdo.tn\/fr\/actualite\/national-45\/sit-in-des-journalistes-devant-le-palais-de-la-kasbah\/199059\/","url":"https:\/\/www.webdo.tn\/fr\/actualite\/national-45\/sit-in-des-journalistes-devant-le-palais-de-la-kasbah\/199059\/","name":"Sit-in des journalistes devant le palais de la Kasbah","isPartOf":{"@id":"https:\/\/www.webdo.tn\/fr\/#website"},"primaryImageOfPage":{"@id":"https:\/\/www.webdo.tn\/fr\/actualite\/national-45\/sit-in-des-journalistes-devant-le-palais-de-la-kasbah\/199059\/#primaryimage"},"image":{"@id":"https:\/\/www.webdo.tn\/fr\/actualite\/national-45\/sit-in-des-journalistes-devant-le-palais-de-la-kasbah\/199059\/#primaryimage"},"thumbnailUrl":"https:\/\/www.webdo.tn\/fr\/wp-content\/uploads\/2022\/11\/50ed0eae05befdac9456074b4886b652.jpg","datePublished":"2022-11-17T10:33:00+00:00","dateModified":"2025-05-22T11:44:08+00:00","description":"Un sit-in, organis\u00e9 par le Syndicat national des journalistes tunisiens (SNJT), la F\u00e9d\u00e9ration g\u00e9n\u00e9rale de l\u2019information et les employ\u00e9s de Shems FM, Cactus prod...","breadcrumb":{"@id":"https:\/\/www.webdo.tn\/fr\/actualite\/national-45\/sit-in-des-journalistes-devant-le-palais-de-la-kasbah\/199059\/#breadcrumb"},"inLanguage":"fr-FR","potentialAction":[{"@type":"ReadAction","target":["https:\/\/www.webdo.tn\/fr\/actualite\/national-45\/sit-in-des-journalistes-devant-le-palais-de-la-kasbah\/199059\/"]}]},{"@type":"ImageObject","inLanguage":"fr-FR","@id":"https:\/\/www.webdo.tn\/fr\/actualite\/national-45\/sit-in-des-journalistes-devant-le-palais-de-la-kasbah\/199059\/#primaryimage","url":"https:\/\/www.webdo.tn\/fr\/wp-content\/uploads\/2022\/11\/50ed0eae05befdac9456074b4886b652.jpg","contentUrl":"https:\/\/www.webdo.tn\/fr\/wp-content\/uploads\/2022\/11\/50ed0eae05befdac9456074b4886b652.jpg","width":750,"height":400,"caption":"Sit-in des journalistes"},{"@type":"BreadcrumbList","@id":"https:\/\/www.webdo.tn\/fr\/actualite\/national-45\/sit-in-des-journalistes-devant-le-palais-de-la-kasbah\/199059\/#breadcrumb","itemListElement":[{"@type":"ListItem","position":1,"name":"Accueil","item":"https:\/\/www.webdo.tn\/fr\/"},{"@type":"ListItem","position":2,"name":"Sit-in des journalistes devant le palais de la Kasbah"}]},{"@type":"WebSite","@id":"https:\/\/www.webdo.tn\/fr\/#website","url":"https:\/\/www.webdo.tn\/fr\/","name":"webdo","description":"Tunisie - News en Tunisie et \u00e0 l&#039;international sur Webdo.tn","publisher":{"@id":"https:\/\/www.webdo.tn\/fr\/#organization"},"potentialAction":[{"@type":"SearchAction","target":{"@type":"EntryPoint","urlTemplate":"https:\/\/www.webdo.tn\/fr\/?s={search_term_string}"},"query-input":{"@type":"PropertyValueSpecification","valueRequired":true,"valueName":"search_term_string"}}],"inLanguage":"fr-FR"},{"@type":"Organization","@id":"https:\/\/www.webdo.tn\/fr\/#organization","name":"Webdo","alternateName":"Webdo.tn","url":"https:\/\/www.webdo.tn\/fr\/","logo":{"@type":"ImageObject","inLanguage":"fr-FR","@id":"https:\/\/www.webdo.tn\/fr\/#\/schema\/logo\/image\/","url":"https:\/\/www.webdo.tn\/fr\/wp-content\/uploads\/2025\/06\/Webdo-Tunisie_168377.jpg","contentUrl":"https:\/\/www.webdo.tn\/fr\/wp-content\/uploads\/2025\/06\/Webdo-Tunisie_168377.jpg","width":301,"height":301,"caption":"Webdo"},"image":{"@id":"https:\/\/www.webdo.tn\/fr\/#\/schema\/logo\/image\/"},"sameAs":["https:\/\/www.facebook.com\/webdotn","https:\/\/x.com\/webdo_tn"],"description":"Webdo est un m\u00e9dia num\u00e9rique tunisien fond\u00e9 en 2010, sp\u00e9cialis\u00e9 dans l\u2019actualit\u00e9 nationale et internationale, l\u2019\u00e9conomie, la soci\u00e9t\u00e9 et les analyses politiques. Le site s\u2019adresse \u00e0 un large public francophone et couvre l\u2019information tunisienne en temps r\u00e9el.","email":"redac@webdo.tn","legalName":"YNJ SARL","foundingDate":"2010-09-06","numberOfEmployees":{"@type":"QuantitativeValue","minValue":"11","maxValue":"50"}},{"@type":"Person","@id":"https:\/\/www.webdo.tn\/fr\/#\/schema\/person\/2c4929cbf5a809e3bd38617c6ce150f6","name":"MC","image":{"@type":"ImageObject","inLanguage":"fr-FR","@id":"https:\/\/secure.gravatar.com\/avatar\/a545bbb6f84efdd5553dbbc2895e3ca8f1d12c5215e00a041c9670b54aa9b18a?s=96&d=mm&r=g","url":"https:\/\/secure.gravatar.com\/avatar\/a545bbb6f84efdd5553dbbc2895e3ca8f1d12c5215e00a041c9670b54aa9b18a?s=96&d=mm&r=g","contentUrl":"https:\/\/secure.gravatar.com\/avatar\/a545bbb6f84efdd5553dbbc2895e3ca8f1d12c5215e00a041c9670b54aa9b18a?s=96&d=mm&r=g","caption":"MC"},"url":"https:\/\/www.webdo.tn\/fr\/actualite\/author\/mc\/"}]}},"_links":{"self":[{"href":"https:\/\/www.webdo.tn\/fr\/wp-json\/wp\/v2\/posts\/199059","targetHints":{"allow":["GET"]}}],"collection":[{"href":"https:\/\/www.webdo.tn\/fr\/wp-json\/wp\/v2\/posts"}],"about":[{"href":"https:\/\/www.webdo.tn\/fr\/wp-json\/wp\/v2\/types\/post"}],"author":[{"embeddable":true,"href":"https:\/\/www.webdo.tn\/fr\/wp-json\/wp\/v2\/users\/3162"}],"replies":[{"embeddable":true,"href":"https:\/\/www.webdo.tn\/fr\/wp-json\/wp\/v2\/comments?post=199059"}],"version-history":[{"count":0,"href":"https:\/\/www.webdo.tn\/fr\/wp-json\/wp\/v2\/posts\/199059\/revisions"}],"wp:featuredmedia":[{"embeddable":true,"href":"https:\/\/www.webdo.tn\/fr\/wp-json\/wp\/v2\/media\/348586"}],"wp:attachment":[{"href":"https:\/\/www.webdo.tn\/fr\/wp-json\/wp\/v2\/media?parent=199059"}],"wp:term":[{"taxonomy":"category","embeddable":true,"href":"https:\/\/www.webdo.tn\/fr\/wp-json\/wp\/v2\/categories?post=199059"},{"taxonomy":"post_tag","embeddable":true,"href":"https:\/\/www.webdo.tn\/fr\/wp-json\/wp\/v2\/tags?post=199059"}],"curies":[{"name":"wp","href":"https:\/\/api.w.org\/{rel}","templated":true}]}}