{"id":199056,"date":"2022-11-17T09:49:00","date_gmt":"2022-11-17T09:49:00","guid":{"rendered":"https:\/\/www.webdo.tn\/fr\/actualite\/blog\/jalel-kadri-nous-avons-releve-plusieurs-points-positifs\/199056\/"},"modified":"2025-05-22T11:44:07","modified_gmt":"2025-05-22T11:44:07","slug":"jalel-kadri-nous-avons-releve-plusieurs-points-positifs","status":"publish","type":"post","link":"https:\/\/www.webdo.tn\/fr\/actualite\/sport\/jalel-kadri-nous-avons-releve-plusieurs-points-positifs\/199056\/","title":{"rendered":"Jalel Kadri : \u00ab\u00a0Nous avons relev\u00e9 plusieurs points positifs\u00a0\u00bb"},"content":{"rendered":"<p>La S\u00e9lection nationale de football poursuit sa pr\u00e9paration au Mondial. Hier \u00e0 Doha, la Tunisie s&rsquo;est impos\u00e9e face \u00e0 l\u2019Iran en match amical gr\u00e2ce \u00e0 deux r\u00e9alisations en fin de match de Naim Sliti (85\u2019) et Ali Abdi (90\u2019).<\/p>\n<p> Le s\u00e9lectionneur national, Jalel Kadri, s&rsquo;est dit rassur\u00e9 sur l&rsquo;\u00e9tat de pr\u00e9paration de l&rsquo;\u00e9quipe \u00e0 quelques jours du coup d&rsquo;envoi du Mondial.<\/p>\n<p>\u00ab\u00a0C&rsquo;\u00e9tait le dernier test avant la Coupe du monde, et cela nous a permis d&rsquo;\u00eatre rassur\u00e9s sur la pr\u00e9paration physique de l&rsquo;\u00e9quipe individuellement et collectivement\u00a0\u00bb, a d\u00e9clar\u00e9 le coach tunisien.<\/p>\n<p>\u00ab\u00a0Nous avons relev\u00e9 plusieurs points positifs et le but \u00e9tait de donner plus de confiance aux joueurs et de renforcer l&rsquo;homog\u00e9n\u00e9it\u00e9 du groupe\u00a0\u00bb, a-t-il ajout\u00e9.<\/p>\n<p>\u00ab\u00a0Nous avons aussi test\u00e9 plusieurs solutions, et cela nous a permis de tirer plusieurs enseignements que nous tenterons de prendre en consid\u00e9ration\u00a0\u00bb, a soulign\u00e9 Kadri.<\/p>\n<p>Lors du premier tour du Mondial, la Tunisie \u00e9voluera dans le groupe D aux c\u00f4t\u00e9s du Danemark (22 novembre), de l&rsquo;Australie (le 26 novembre) et de la France (30 novembre).<\/p>\n","protected":false},"excerpt":{"rendered":"<p>La S\u00e9lection nationale de football poursuit sa pr\u00e9paration au Mondial. Hier \u00e0 Doha, la Tunisie s&rsquo;est impos\u00e9e face \u00e0 l\u2019Iran en match amical gr\u00e2ce \u00e0 deux r\u00e9alisat&#8230;<\/p>\n","protected":false},"author":3162,"featured_media":348584,"comment_status":"open","ping_status":"closed","sticky":false,"template":"","format":"standard","meta":{"footnotes":""},"categories":[2593],"tags":[4066,2623,2608],"class_list":["post-199056","post","type-post","status-publish","format-standard","has-post-thumbnail","hentry","category-sport","tag-coupe-du-monde","tag-selection-nationale","tag-tunisie"],"yoast_head":"<!-- This site is optimized with the Yoast SEO Premium plugin v27.4 (Yoast SEO v27.5) - https:\/\/yoast.com\/product\/yoast-seo-premium-wordpress\/ -->\n<title>Jalel Kadri : Nous avons relev\u00e9 plusieurs points positifs<\/title>\n<meta name=\"description\" content=\"La S\u00e9lection nationale de football poursuit sa pr\u00e9paration au Mondial. Hier \u00e0 Doha, la Tunisie s&#039;est impos\u00e9e face \u00e0 l\u2019Iran en match amical gr\u00e2ce \u00e0 deux r\u00e9alisat...\" \/>\n<link rel=\"canonical\" href=\"https:\/\/www.webdo.tn\/fr\/actualite\/sport\/jalel-kadri-nous-avons-releve-plusieurs-points-positifs\/199056\/\" \/>\n<meta property=\"og:locale\" content=\"fr_FR\" \/>\n<meta property=\"og:type\" content=\"article\" \/>\n<meta property=\"og:title\" content=\"Jalel Kadri : &quot;Nous avons relev\u00e9 plusieurs points positifs&quot;\" \/>\n<meta property=\"og:description\" content=\"La S\u00e9lection nationale de football poursuit sa pr\u00e9paration au Mondial. Hier \u00e0 Doha, la Tunisie s&#039;est impos\u00e9e face \u00e0 l\u2019Iran en match amical gr\u00e2ce \u00e0 deux r\u00e9alisat...\" \/>\n<meta property=\"og:url\" content=\"https:\/\/www.webdo.tn\/fr\/actualite\/sport\/jalel-kadri-nous-avons-releve-plusieurs-points-positifs\/199056\/\" \/>\n<meta property=\"og:site_name\" content=\"webdo\" \/>\n<meta property=\"article:publisher\" content=\"https:\/\/www.facebook.com\/webdotn\" \/>\n<meta property=\"article:published_time\" content=\"2022-11-17T09:49:00+00:00\" \/>\n<meta property=\"article:modified_time\" content=\"2025-05-22T11:44:07+00:00\" \/>\n<meta property=\"og:image\" content=\"https:\/\/www.webdo.tn\/fr\/wp-content\/uploads\/2022\/11\/67147e29b813d895cdb041cf43b854e4.jpg\" \/>\n\t<meta property=\"og:image:width\" content=\"750\" \/>\n\t<meta property=\"og:image:height\" content=\"400\" \/>\n\t<meta property=\"og:image:type\" content=\"image\/jpeg\" \/>\n<meta name=\"author\" content=\"MC\" \/>\n<meta name=\"twitter:card\" content=\"summary_large_image\" \/>\n<meta name=\"twitter:creator\" content=\"@webdo_tn\" \/>\n<meta name=\"twitter:site\" content=\"@webdo_tn\" \/>\n<meta name=\"twitter:label1\" content=\"\u00c9crit par\" \/>\n\t<meta name=\"twitter:data1\" content=\"MC\" \/>\n\t<meta name=\"twitter:label2\" content=\"Dur\u00e9e de lecture estim\u00e9e\" \/>\n\t<meta name=\"twitter:data2\" content=\"1 minute\" \/>\n<script type=\"application\/ld+json\" class=\"yoast-schema-graph\">{\"@context\":\"https:\\\/\\\/schema.org\",\"@graph\":[{\"@type\":\"NewsArticle\",\"@id\":\"https:\\\/\\\/www.webdo.tn\\\/fr\\\/actualite\\\/sport\\\/jalel-kadri-nous-avons-releve-plusieurs-points-positifs\\\/199056\\\/#article\",\"isPartOf\":{\"@id\":\"https:\\\/\\\/www.webdo.tn\\\/fr\\\/actualite\\\/sport\\\/jalel-kadri-nous-avons-releve-plusieurs-points-positifs\\\/199056\\\/\"},\"author\":{\"name\":\"MC\",\"@id\":\"https:\\\/\\\/www.webdo.tn\\\/fr\\\/#\\\/schema\\\/person\\\/2c4929cbf5a809e3bd38617c6ce150f6\"},\"headline\":\"Jalel Kadri : \u00ab\u00a0Nous avons relev\u00e9 plusieurs points positifs\u00a0\u00bb\",\"datePublished\":\"2022-11-17T09:49:00+00:00\",\"dateModified\":\"2025-05-22T11:44:07+00:00\",\"mainEntityOfPage\":{\"@id\":\"https:\\\/\\\/www.webdo.tn\\\/fr\\\/actualite\\\/sport\\\/jalel-kadri-nous-avons-releve-plusieurs-points-positifs\\\/199056\\\/\"},\"wordCount\":196,\"commentCount\":0,\"publisher\":{\"@id\":\"https:\\\/\\\/www.webdo.tn\\\/fr\\\/#organization\"},\"image\":{\"@id\":\"https:\\\/\\\/www.webdo.tn\\\/fr\\\/actualite\\\/sport\\\/jalel-kadri-nous-avons-releve-plusieurs-points-positifs\\\/199056\\\/#primaryimage\"},\"thumbnailUrl\":\"https:\\\/\\\/www.webdo.tn\\\/fr\\\/wp-content\\\/uploads\\\/2022\\\/11\\\/67147e29b813d895cdb041cf43b854e4.jpg\",\"keywords\":[\"Coupe du Monde\",\"s\u00e9lection nationale\",\"Tunisie\"],\"articleSection\":[\"Sport\"],\"inLanguage\":\"fr-FR\"},{\"@type\":\"WebPage\",\"@id\":\"https:\\\/\\\/www.webdo.tn\\\/fr\\\/actualite\\\/sport\\\/jalel-kadri-nous-avons-releve-plusieurs-points-positifs\\\/199056\\\/\",\"url\":\"https:\\\/\\\/www.webdo.tn\\\/fr\\\/actualite\\\/sport\\\/jalel-kadri-nous-avons-releve-plusieurs-points-positifs\\\/199056\\\/\",\"name\":\"Jalel Kadri : Nous avons relev\u00e9 plusieurs points positifs\",\"isPartOf\":{\"@id\":\"https:\\\/\\\/www.webdo.tn\\\/fr\\\/#website\"},\"primaryImageOfPage\":{\"@id\":\"https:\\\/\\\/www.webdo.tn\\\/fr\\\/actualite\\\/sport\\\/jalel-kadri-nous-avons-releve-plusieurs-points-positifs\\\/199056\\\/#primaryimage\"},\"image\":{\"@id\":\"https:\\\/\\\/www.webdo.tn\\\/fr\\\/actualite\\\/sport\\\/jalel-kadri-nous-avons-releve-plusieurs-points-positifs\\\/199056\\\/#primaryimage\"},\"thumbnailUrl\":\"https:\\\/\\\/www.webdo.tn\\\/fr\\\/wp-content\\\/uploads\\\/2022\\\/11\\\/67147e29b813d895cdb041cf43b854e4.jpg\",\"datePublished\":\"2022-11-17T09:49:00+00:00\",\"dateModified\":\"2025-05-22T11:44:07+00:00\",\"description\":\"La S\u00e9lection nationale de football poursuit sa pr\u00e9paration au Mondial. Hier \u00e0 Doha, la Tunisie s'est impos\u00e9e face \u00e0 l\u2019Iran en match amical gr\u00e2ce \u00e0 deux r\u00e9alisat...\",\"breadcrumb\":{\"@id\":\"https:\\\/\\\/www.webdo.tn\\\/fr\\\/actualite\\\/sport\\\/jalel-kadri-nous-avons-releve-plusieurs-points-positifs\\\/199056\\\/#breadcrumb\"},\"inLanguage\":\"fr-FR\",\"potentialAction\":[{\"@type\":\"ReadAction\",\"target\":[\"https:\\\/\\\/www.webdo.tn\\\/fr\\\/actualite\\\/sport\\\/jalel-kadri-nous-avons-releve-plusieurs-points-positifs\\\/199056\\\/\"]}]},{\"@type\":\"ImageObject\",\"inLanguage\":\"fr-FR\",\"@id\":\"https:\\\/\\\/www.webdo.tn\\\/fr\\\/actualite\\\/sport\\\/jalel-kadri-nous-avons-releve-plusieurs-points-positifs\\\/199056\\\/#primaryimage\",\"url\":\"https:\\\/\\\/www.webdo.tn\\\/fr\\\/wp-content\\\/uploads\\\/2022\\\/11\\\/67147e29b813d895cdb041cf43b854e4.jpg\",\"contentUrl\":\"https:\\\/\\\/www.webdo.tn\\\/fr\\\/wp-content\\\/uploads\\\/2022\\\/11\\\/67147e29b813d895cdb041cf43b854e4.jpg\",\"width\":750,\"height\":400,\"caption\":\"Jalel Kadri\"},{\"@type\":\"BreadcrumbList\",\"@id\":\"https:\\\/\\\/www.webdo.tn\\\/fr\\\/actualite\\\/sport\\\/jalel-kadri-nous-avons-releve-plusieurs-points-positifs\\\/199056\\\/#breadcrumb\",\"itemListElement\":[{\"@type\":\"ListItem\",\"position\":1,\"name\":\"Accueil\",\"item\":\"https:\\\/\\\/www.webdo.tn\\\/fr\\\/\"},{\"@type\":\"ListItem\",\"position\":2,\"name\":\"Jalel Kadri : \u00ab\u00a0Nous avons relev\u00e9 plusieurs points positifs\u00a0\u00bb\"}]},{\"@type\":\"WebSite\",\"@id\":\"https:\\\/\\\/www.webdo.tn\\\/fr\\\/#website\",\"url\":\"https:\\\/\\\/www.webdo.tn\\\/fr\\\/\",\"name\":\"webdo\",\"description\":\"Tunisie - News en Tunisie et \u00e0 l&#039;international sur Webdo.tn\",\"publisher\":{\"@id\":\"https:\\\/\\\/www.webdo.tn\\\/fr\\\/#organization\"},\"potentialAction\":[{\"@type\":\"SearchAction\",\"target\":{\"@type\":\"EntryPoint\",\"urlTemplate\":\"https:\\\/\\\/www.webdo.tn\\\/fr\\\/?s={search_term_string}\"},\"query-input\":{\"@type\":\"PropertyValueSpecification\",\"valueRequired\":true,\"valueName\":\"search_term_string\"}}],\"inLanguage\":\"fr-FR\"},{\"@type\":\"Organization\",\"@id\":\"https:\\\/\\\/www.webdo.tn\\\/fr\\\/#organization\",\"name\":\"Webdo\",\"alternateName\":\"Webdo.tn\",\"url\":\"https:\\\/\\\/www.webdo.tn\\\/fr\\\/\",\"logo\":{\"@type\":\"ImageObject\",\"inLanguage\":\"fr-FR\",\"@id\":\"https:\\\/\\\/www.webdo.tn\\\/fr\\\/#\\\/schema\\\/logo\\\/image\\\/\",\"url\":\"https:\\\/\\\/www.webdo.tn\\\/fr\\\/wp-content\\\/uploads\\\/2025\\\/06\\\/Webdo-Tunisie_168377.jpg\",\"contentUrl\":\"https:\\\/\\\/www.webdo.tn\\\/fr\\\/wp-content\\\/uploads\\\/2025\\\/06\\\/Webdo-Tunisie_168377.jpg\",\"width\":301,\"height\":301,\"caption\":\"Webdo\"},\"image\":{\"@id\":\"https:\\\/\\\/www.webdo.tn\\\/fr\\\/#\\\/schema\\\/logo\\\/image\\\/\"},\"sameAs\":[\"https:\\\/\\\/www.facebook.com\\\/webdotn\",\"https:\\\/\\\/x.com\\\/webdo_tn\"],\"description\":\"Webdo est un m\u00e9dia num\u00e9rique tunisien fond\u00e9 en 2010, sp\u00e9cialis\u00e9 dans l\u2019actualit\u00e9 nationale et internationale, l\u2019\u00e9conomie, la soci\u00e9t\u00e9 et les analyses politiques. Le site s\u2019adresse \u00e0 un large public francophone et couvre l\u2019information tunisienne en temps r\u00e9el.\",\"email\":\"redac@webdo.tn\",\"legalName\":\"YNJ SARL\",\"foundingDate\":\"2010-09-06\",\"numberOfEmployees\":{\"@type\":\"QuantitativeValue\",\"minValue\":\"11\",\"maxValue\":\"50\"}},{\"@type\":\"Person\",\"@id\":\"https:\\\/\\\/www.webdo.tn\\\/fr\\\/#\\\/schema\\\/person\\\/2c4929cbf5a809e3bd38617c6ce150f6\",\"name\":\"MC\",\"image\":{\"@type\":\"ImageObject\",\"inLanguage\":\"fr-FR\",\"@id\":\"https:\\\/\\\/secure.gravatar.com\\\/avatar\\\/a545bbb6f84efdd5553dbbc2895e3ca8f1d12c5215e00a041c9670b54aa9b18a?s=96&d=mm&r=g\",\"url\":\"https:\\\/\\\/secure.gravatar.com\\\/avatar\\\/a545bbb6f84efdd5553dbbc2895e3ca8f1d12c5215e00a041c9670b54aa9b18a?s=96&d=mm&r=g\",\"contentUrl\":\"https:\\\/\\\/secure.gravatar.com\\\/avatar\\\/a545bbb6f84efdd5553dbbc2895e3ca8f1d12c5215e00a041c9670b54aa9b18a?s=96&d=mm&r=g\",\"caption\":\"MC\"},\"url\":\"https:\\\/\\\/www.webdo.tn\\\/fr\\\/actualite\\\/author\\\/mc\\\/\"}]}<\/script>\n<!-- \/ Yoast SEO Premium plugin. -->","yoast_head_json":{"title":"Jalel Kadri : Nous avons relev\u00e9 plusieurs points positifs","description":"La S\u00e9lection nationale de football poursuit sa pr\u00e9paration au Mondial. Hier \u00e0 Doha, la Tunisie s'est impos\u00e9e face \u00e0 l\u2019Iran en match amical gr\u00e2ce \u00e0 deux r\u00e9alisat...","canonical":"https:\/\/www.webdo.tn\/fr\/actualite\/sport\/jalel-kadri-nous-avons-releve-plusieurs-points-positifs\/199056\/","og_locale":"fr_FR","og_type":"article","og_title":"Jalel Kadri : \"Nous avons relev\u00e9 plusieurs points positifs\"","og_description":"La S\u00e9lection nationale de football poursuit sa pr\u00e9paration au Mondial. Hier \u00e0 Doha, la Tunisie s'est impos\u00e9e face \u00e0 l\u2019Iran en match amical gr\u00e2ce \u00e0 deux r\u00e9alisat...","og_url":"https:\/\/www.webdo.tn\/fr\/actualite\/sport\/jalel-kadri-nous-avons-releve-plusieurs-points-positifs\/199056\/","og_site_name":"webdo","article_publisher":"https:\/\/www.facebook.com\/webdotn","article_published_time":"2022-11-17T09:49:00+00:00","article_modified_time":"2025-05-22T11:44:07+00:00","og_image":[{"width":750,"height":400,"url":"https:\/\/www.webdo.tn\/fr\/wp-content\/uploads\/2022\/11\/67147e29b813d895cdb041cf43b854e4.jpg","type":"image\/jpeg"}],"author":"MC","twitter_card":"summary_large_image","twitter_creator":"@webdo_tn","twitter_site":"@webdo_tn","twitter_misc":{"\u00c9crit par":"MC","Dur\u00e9e de lecture estim\u00e9e":"1 minute"},"schema":{"@context":"https:\/\/schema.org","@graph":[{"@type":"NewsArticle","@id":"https:\/\/www.webdo.tn\/fr\/actualite\/sport\/jalel-kadri-nous-avons-releve-plusieurs-points-positifs\/199056\/#article","isPartOf":{"@id":"https:\/\/www.webdo.tn\/fr\/actualite\/sport\/jalel-kadri-nous-avons-releve-plusieurs-points-positifs\/199056\/"},"author":{"name":"MC","@id":"https:\/\/www.webdo.tn\/fr\/#\/schema\/person\/2c4929cbf5a809e3bd38617c6ce150f6"},"headline":"Jalel Kadri : \u00ab\u00a0Nous avons relev\u00e9 plusieurs points positifs\u00a0\u00bb","datePublished":"2022-11-17T09:49:00+00:00","dateModified":"2025-05-22T11:44:07+00:00","mainEntityOfPage":{"@id":"https:\/\/www.webdo.tn\/fr\/actualite\/sport\/jalel-kadri-nous-avons-releve-plusieurs-points-positifs\/199056\/"},"wordCount":196,"commentCount":0,"publisher":{"@id":"https:\/\/www.webdo.tn\/fr\/#organization"},"image":{"@id":"https:\/\/www.webdo.tn\/fr\/actualite\/sport\/jalel-kadri-nous-avons-releve-plusieurs-points-positifs\/199056\/#primaryimage"},"thumbnailUrl":"https:\/\/www.webdo.tn\/fr\/wp-content\/uploads\/2022\/11\/67147e29b813d895cdb041cf43b854e4.jpg","keywords":["Coupe du Monde","s\u00e9lection nationale","Tunisie"],"articleSection":["Sport"],"inLanguage":"fr-FR"},{"@type":"WebPage","@id":"https:\/\/www.webdo.tn\/fr\/actualite\/sport\/jalel-kadri-nous-avons-releve-plusieurs-points-positifs\/199056\/","url":"https:\/\/www.webdo.tn\/fr\/actualite\/sport\/jalel-kadri-nous-avons-releve-plusieurs-points-positifs\/199056\/","name":"Jalel Kadri : Nous avons relev\u00e9 plusieurs points positifs","isPartOf":{"@id":"https:\/\/www.webdo.tn\/fr\/#website"},"primaryImageOfPage":{"@id":"https:\/\/www.webdo.tn\/fr\/actualite\/sport\/jalel-kadri-nous-avons-releve-plusieurs-points-positifs\/199056\/#primaryimage"},"image":{"@id":"https:\/\/www.webdo.tn\/fr\/actualite\/sport\/jalel-kadri-nous-avons-releve-plusieurs-points-positifs\/199056\/#primaryimage"},"thumbnailUrl":"https:\/\/www.webdo.tn\/fr\/wp-content\/uploads\/2022\/11\/67147e29b813d895cdb041cf43b854e4.jpg","datePublished":"2022-11-17T09:49:00+00:00","dateModified":"2025-05-22T11:44:07+00:00","description":"La S\u00e9lection nationale de football poursuit sa pr\u00e9paration au Mondial. Hier \u00e0 Doha, la Tunisie s'est impos\u00e9e face \u00e0 l\u2019Iran en match amical gr\u00e2ce \u00e0 deux r\u00e9alisat...","breadcrumb":{"@id":"https:\/\/www.webdo.tn\/fr\/actualite\/sport\/jalel-kadri-nous-avons-releve-plusieurs-points-positifs\/199056\/#breadcrumb"},"inLanguage":"fr-FR","potentialAction":[{"@type":"ReadAction","target":["https:\/\/www.webdo.tn\/fr\/actualite\/sport\/jalel-kadri-nous-avons-releve-plusieurs-points-positifs\/199056\/"]}]},{"@type":"ImageObject","inLanguage":"fr-FR","@id":"https:\/\/www.webdo.tn\/fr\/actualite\/sport\/jalel-kadri-nous-avons-releve-plusieurs-points-positifs\/199056\/#primaryimage","url":"https:\/\/www.webdo.tn\/fr\/wp-content\/uploads\/2022\/11\/67147e29b813d895cdb041cf43b854e4.jpg","contentUrl":"https:\/\/www.webdo.tn\/fr\/wp-content\/uploads\/2022\/11\/67147e29b813d895cdb041cf43b854e4.jpg","width":750,"height":400,"caption":"Jalel Kadri"},{"@type":"BreadcrumbList","@id":"https:\/\/www.webdo.tn\/fr\/actualite\/sport\/jalel-kadri-nous-avons-releve-plusieurs-points-positifs\/199056\/#breadcrumb","itemListElement":[{"@type":"ListItem","position":1,"name":"Accueil","item":"https:\/\/www.webdo.tn\/fr\/"},{"@type":"ListItem","position":2,"name":"Jalel Kadri : \u00ab\u00a0Nous avons relev\u00e9 plusieurs points positifs\u00a0\u00bb"}]},{"@type":"WebSite","@id":"https:\/\/www.webdo.tn\/fr\/#website","url":"https:\/\/www.webdo.tn\/fr\/","name":"webdo","description":"Tunisie - News en Tunisie et \u00e0 l&#039;international sur Webdo.tn","publisher":{"@id":"https:\/\/www.webdo.tn\/fr\/#organization"},"potentialAction":[{"@type":"SearchAction","target":{"@type":"EntryPoint","urlTemplate":"https:\/\/www.webdo.tn\/fr\/?s={search_term_string}"},"query-input":{"@type":"PropertyValueSpecification","valueRequired":true,"valueName":"search_term_string"}}],"inLanguage":"fr-FR"},{"@type":"Organization","@id":"https:\/\/www.webdo.tn\/fr\/#organization","name":"Webdo","alternateName":"Webdo.tn","url":"https:\/\/www.webdo.tn\/fr\/","logo":{"@type":"ImageObject","inLanguage":"fr-FR","@id":"https:\/\/www.webdo.tn\/fr\/#\/schema\/logo\/image\/","url":"https:\/\/www.webdo.tn\/fr\/wp-content\/uploads\/2025\/06\/Webdo-Tunisie_168377.jpg","contentUrl":"https:\/\/www.webdo.tn\/fr\/wp-content\/uploads\/2025\/06\/Webdo-Tunisie_168377.jpg","width":301,"height":301,"caption":"Webdo"},"image":{"@id":"https:\/\/www.webdo.tn\/fr\/#\/schema\/logo\/image\/"},"sameAs":["https:\/\/www.facebook.com\/webdotn","https:\/\/x.com\/webdo_tn"],"description":"Webdo est un m\u00e9dia num\u00e9rique tunisien fond\u00e9 en 2010, sp\u00e9cialis\u00e9 dans l\u2019actualit\u00e9 nationale et internationale, l\u2019\u00e9conomie, la soci\u00e9t\u00e9 et les analyses politiques. Le site s\u2019adresse \u00e0 un large public francophone et couvre l\u2019information tunisienne en temps r\u00e9el.","email":"redac@webdo.tn","legalName":"YNJ SARL","foundingDate":"2010-09-06","numberOfEmployees":{"@type":"QuantitativeValue","minValue":"11","maxValue":"50"}},{"@type":"Person","@id":"https:\/\/www.webdo.tn\/fr\/#\/schema\/person\/2c4929cbf5a809e3bd38617c6ce150f6","name":"MC","image":{"@type":"ImageObject","inLanguage":"fr-FR","@id":"https:\/\/secure.gravatar.com\/avatar\/a545bbb6f84efdd5553dbbc2895e3ca8f1d12c5215e00a041c9670b54aa9b18a?s=96&d=mm&r=g","url":"https:\/\/secure.gravatar.com\/avatar\/a545bbb6f84efdd5553dbbc2895e3ca8f1d12c5215e00a041c9670b54aa9b18a?s=96&d=mm&r=g","contentUrl":"https:\/\/secure.gravatar.com\/avatar\/a545bbb6f84efdd5553dbbc2895e3ca8f1d12c5215e00a041c9670b54aa9b18a?s=96&d=mm&r=g","caption":"MC"},"url":"https:\/\/www.webdo.tn\/fr\/actualite\/author\/mc\/"}]}},"_links":{"self":[{"href":"https:\/\/www.webdo.tn\/fr\/wp-json\/wp\/v2\/posts\/199056","targetHints":{"allow":["GET"]}}],"collection":[{"href":"https:\/\/www.webdo.tn\/fr\/wp-json\/wp\/v2\/posts"}],"about":[{"href":"https:\/\/www.webdo.tn\/fr\/wp-json\/wp\/v2\/types\/post"}],"author":[{"embeddable":true,"href":"https:\/\/www.webdo.tn\/fr\/wp-json\/wp\/v2\/users\/3162"}],"replies":[{"embeddable":true,"href":"https:\/\/www.webdo.tn\/fr\/wp-json\/wp\/v2\/comments?post=199056"}],"version-history":[{"count":0,"href":"https:\/\/www.webdo.tn\/fr\/wp-json\/wp\/v2\/posts\/199056\/revisions"}],"wp:featuredmedia":[{"embeddable":true,"href":"https:\/\/www.webdo.tn\/fr\/wp-json\/wp\/v2\/media\/348584"}],"wp:attachment":[{"href":"https:\/\/www.webdo.tn\/fr\/wp-json\/wp\/v2\/media?parent=199056"}],"wp:term":[{"taxonomy":"category","embeddable":true,"href":"https:\/\/www.webdo.tn\/fr\/wp-json\/wp\/v2\/categories?post=199056"},{"taxonomy":"post_tag","embeddable":true,"href":"https:\/\/www.webdo.tn\/fr\/wp-json\/wp\/v2\/tags?post=199056"}],"curies":[{"name":"wp","href":"https:\/\/api.w.org\/{rel}","templated":true}]}}