{"id":199051,"date":"2022-11-17T08:15:00","date_gmt":"2022-11-17T08:15:00","guid":{"rendered":"https:\/\/www.webdo.tn\/fr\/blog\/tunisie-demantelement-d-un-reseau-international-de-blanchiment-d-argent\/199051\/"},"modified":"2025-05-20T22:47:55","modified_gmt":"2025-05-20T22:47:55","slug":"tunisie-demantelement-d-un-reseau-international-de-blanchiment-d-argent","status":"publish","type":"post","link":"https:\/\/www.webdo.tn\/fr\/actualite\/national\/tunisie-demantelement-d-un-reseau-international-de-blanchiment-d-argent\/199051\/","title":{"rendered":"Tunisie : D\u00e9mant\u00e8lement d\u2019un r\u00e9seau international de blanchiment d&rsquo;argent"},"content":{"rendered":"<p>Le minist\u00e8re de l&rsquo;Int\u00e9rieur a dit, ce mercredi, d\u00e9manteler un r\u00e9seau international de blanchiment d&rsquo;argent li\u00e9 \u00e0 la traite des \u00eatres humains.<\/p>\n<p>\t\t\t\t\t\t\t\t\tHuit individus ont \u00e9t\u00e9 arr\u00eat\u00e9s dans le cadre de cette affaire dont un cadre \u00e0 la Poste Tunisienne dans une d\u00e9l\u00e9gation rattach\u00e9e au gouvernorat de Nabeul, un autre agent de la Poste Tunisienne dans une d\u00e9l\u00e9gation avoisinante et un subsaharien, ajoute le d\u00e9partement de l&rsquo;Int\u00e9rieur dans un communiqu\u00e9.<\/p>\n<p>Consult\u00e9 \u00e0 ce sujet, le minist\u00e8re public a ordonn\u00e9 de placer tous les suspects en garde \u00e0 vue en attendant le parach\u00e8vement de l&rsquo;enqu\u00eate.<\/p>\n<p>Six voitures d&rsquo;une valeur totale de 400 mille dinars ont \u00e9t\u00e9 saisies.<\/p>\n<p>L&rsquo;unit\u00e9 nationale d&rsquo;investigation dans les crimes financiers relevant de la direction de la police judiciaire s&rsquo;est saisie de cette affaire le 08 novembre 2022, suite \u00e0 une plainte d\u00e9pos\u00e9e par la commission tunisienne d&rsquo;analyses financi\u00e8res (CTAF).<\/p>\n<p>La plainte porte sur des suspicions \u00e9mises par de la Poste tunisienne, selon lesquelles, un subsaharien aurait b\u00e9n\u00e9fici\u00e9 de mandats minutes dont la valeur est estim\u00e9e \u00e0 plus de 450 mille dinars, durant la p\u00e9riode 2020-2022, selon toujours le communiqu\u00e9.<\/p>\n<p>D&rsquo;apr\u00e8s les premiers \u00e9l\u00e9ments de l&rsquo;enqu\u00eate, le principal suspect, un subsaharien, aurait aid\u00e9 des migrants subsahariens \u00e0 entrer en Tunisie d&rsquo;une mani\u00e8re ill\u00e9gale, en contrepartie d&rsquo;une somme d&rsquo;argent estim\u00e9e \u00e0 cinq mille dinars pour chaque migrant.<\/p>\n","protected":false},"excerpt":{"rendered":"<p>Le minist\u00e8re de l&rsquo;Int\u00e9rieur a dit, ce mercredi, d\u00e9manteler un r\u00e9seau international de blanchiment d&rsquo;argent li\u00e9 \u00e0 la traite des \u00eatres humains.<\/p>\n","protected":false},"author":3175,"featured_media":277256,"comment_status":"open","ping_status":"closed","sticky":false,"template":"","format":"standard","meta":{"footnotes":""},"categories":[44],"tags":[2706,2608],"class_list":["post-199051","post","type-post","status-publish","format-standard","has-post-thumbnail","hentry","category-national","tag-blanchiment-dargent","tag-tunisie"],"yoast_head":"<!-- This site is optimized with the Yoast SEO Premium plugin v27.4 (Yoast SEO v27.5) - https:\/\/yoast.com\/product\/yoast-seo-premium-wordpress\/ -->\n<title>Tunisie : D\u00e9mant\u00e8lement d\u2019un r\u00e9seau international de blanchiment d&#039;argent<\/title>\n<meta name=\"description\" content=\"Le minist\u00e8re de l&#039;Int\u00e9rieur a dit, ce mercredi, d\u00e9manteler un r\u00e9seau international de blanchiment d&#039;argent li\u00e9 \u00e0 la traite des \u00eatres humains.\" \/>\n<link rel=\"canonical\" href=\"https:\/\/www.webdo.tn\/fr\/actualite\/national\/tunisie-demantelement-d-un-reseau-international-de-blanchiment-d-argent\/199051\/\" \/>\n<meta property=\"og:locale\" content=\"fr_FR\" \/>\n<meta property=\"og:type\" content=\"article\" \/>\n<meta property=\"og:title\" content=\"Tunisie : D\u00e9mant\u00e8lement d\u2019un r\u00e9seau international de blanchiment d&#039;argent\" \/>\n<meta property=\"og:description\" content=\"Le minist\u00e8re de l&#039;Int\u00e9rieur a dit, ce mercredi, d\u00e9manteler un r\u00e9seau international de blanchiment d&#039;argent li\u00e9 \u00e0 la traite des \u00eatres humains.\" \/>\n<meta property=\"og:url\" content=\"https:\/\/www.webdo.tn\/fr\/actualite\/national\/tunisie-demantelement-d-un-reseau-international-de-blanchiment-d-argent\/199051\/\" \/>\n<meta property=\"og:site_name\" content=\"webdo\" \/>\n<meta property=\"article:publisher\" content=\"https:\/\/www.facebook.com\/webdotn\" \/>\n<meta property=\"article:published_time\" content=\"2022-11-17T08:15:00+00:00\" \/>\n<meta property=\"article:modified_time\" content=\"2025-05-20T22:47:55+00:00\" \/>\n<meta property=\"og:image\" content=\"https:\/\/www.webdo.tn\/fr\/wp-content\/uploads\/2022\/11\/be85cf29b6c92deef522dbf028ea4ec2.jpg\" \/>\n\t<meta property=\"og:image:width\" content=\"750\" \/>\n\t<meta property=\"og:image:height\" content=\"400\" \/>\n\t<meta property=\"og:image:type\" content=\"image\/jpeg\" \/>\n<meta name=\"author\" content=\"CL\" \/>\n<meta name=\"twitter:card\" content=\"summary_large_image\" \/>\n<meta name=\"twitter:creator\" content=\"@webdo_tn\" \/>\n<meta name=\"twitter:site\" content=\"@webdo_tn\" \/>\n<meta name=\"twitter:label1\" content=\"\u00c9crit par\" \/>\n\t<meta name=\"twitter:data1\" content=\"CL\" \/>\n\t<meta name=\"twitter:label2\" content=\"Dur\u00e9e de lecture estim\u00e9e\" \/>\n\t<meta name=\"twitter:data2\" content=\"1 minute\" \/>\n<script type=\"application\/ld+json\" class=\"yoast-schema-graph\">{\"@context\":\"https:\\\/\\\/schema.org\",\"@graph\":[{\"@type\":\"NewsArticle\",\"@id\":\"https:\\\/\\\/www.webdo.tn\\\/fr\\\/actualite\\\/national\\\/tunisie-demantelement-d-un-reseau-international-de-blanchiment-d-argent\\\/199051\\\/#article\",\"isPartOf\":{\"@id\":\"https:\\\/\\\/www.webdo.tn\\\/fr\\\/actualite\\\/national\\\/tunisie-demantelement-d-un-reseau-international-de-blanchiment-d-argent\\\/199051\\\/\"},\"author\":{\"name\":\"CL\",\"@id\":\"https:\\\/\\\/www.webdo.tn\\\/fr\\\/#\\\/schema\\\/person\\\/f35b42a42c5e2511bbd282959d6385cc\"},\"headline\":\"Tunisie : D\u00e9mant\u00e8lement d\u2019un r\u00e9seau international de blanchiment d&rsquo;argent\",\"datePublished\":\"2022-11-17T08:15:00+00:00\",\"dateModified\":\"2025-05-20T22:47:55+00:00\",\"mainEntityOfPage\":{\"@id\":\"https:\\\/\\\/www.webdo.tn\\\/fr\\\/actualite\\\/national\\\/tunisie-demantelement-d-un-reseau-international-de-blanchiment-d-argent\\\/199051\\\/\"},\"wordCount\":262,\"commentCount\":0,\"publisher\":{\"@id\":\"https:\\\/\\\/www.webdo.tn\\\/fr\\\/#organization\"},\"image\":{\"@id\":\"https:\\\/\\\/www.webdo.tn\\\/fr\\\/actualite\\\/national\\\/tunisie-demantelement-d-un-reseau-international-de-blanchiment-d-argent\\\/199051\\\/#primaryimage\"},\"thumbnailUrl\":\"https:\\\/\\\/www.webdo.tn\\\/fr\\\/wp-content\\\/uploads\\\/2022\\\/11\\\/be85cf29b6c92deef522dbf028ea4ec2.jpg\",\"keywords\":[\"blanchiment d'argent\",\"Tunisie\"],\"articleSection\":[\"National\"],\"inLanguage\":\"fr-FR\"},{\"@type\":\"WebPage\",\"@id\":\"https:\\\/\\\/www.webdo.tn\\\/fr\\\/actualite\\\/national\\\/tunisie-demantelement-d-un-reseau-international-de-blanchiment-d-argent\\\/199051\\\/\",\"url\":\"https:\\\/\\\/www.webdo.tn\\\/fr\\\/actualite\\\/national\\\/tunisie-demantelement-d-un-reseau-international-de-blanchiment-d-argent\\\/199051\\\/\",\"name\":\"Tunisie : D\u00e9mant\u00e8lement d\u2019un r\u00e9seau international de blanchiment d'argent\",\"isPartOf\":{\"@id\":\"https:\\\/\\\/www.webdo.tn\\\/fr\\\/#website\"},\"primaryImageOfPage\":{\"@id\":\"https:\\\/\\\/www.webdo.tn\\\/fr\\\/actualite\\\/national\\\/tunisie-demantelement-d-un-reseau-international-de-blanchiment-d-argent\\\/199051\\\/#primaryimage\"},\"image\":{\"@id\":\"https:\\\/\\\/www.webdo.tn\\\/fr\\\/actualite\\\/national\\\/tunisie-demantelement-d-un-reseau-international-de-blanchiment-d-argent\\\/199051\\\/#primaryimage\"},\"thumbnailUrl\":\"https:\\\/\\\/www.webdo.tn\\\/fr\\\/wp-content\\\/uploads\\\/2022\\\/11\\\/be85cf29b6c92deef522dbf028ea4ec2.jpg\",\"datePublished\":\"2022-11-17T08:15:00+00:00\",\"dateModified\":\"2025-05-20T22:47:55+00:00\",\"description\":\"Le minist\u00e8re de l'Int\u00e9rieur a dit, ce mercredi, d\u00e9manteler un r\u00e9seau international de blanchiment d'argent li\u00e9 \u00e0 la traite des \u00eatres humains.\",\"breadcrumb\":{\"@id\":\"https:\\\/\\\/www.webdo.tn\\\/fr\\\/actualite\\\/national\\\/tunisie-demantelement-d-un-reseau-international-de-blanchiment-d-argent\\\/199051\\\/#breadcrumb\"},\"inLanguage\":\"fr-FR\",\"potentialAction\":[{\"@type\":\"ReadAction\",\"target\":[\"https:\\\/\\\/www.webdo.tn\\\/fr\\\/actualite\\\/national\\\/tunisie-demantelement-d-un-reseau-international-de-blanchiment-d-argent\\\/199051\\\/\"]}]},{\"@type\":\"ImageObject\",\"inLanguage\":\"fr-FR\",\"@id\":\"https:\\\/\\\/www.webdo.tn\\\/fr\\\/actualite\\\/national\\\/tunisie-demantelement-d-un-reseau-international-de-blanchiment-d-argent\\\/199051\\\/#primaryimage\",\"url\":\"https:\\\/\\\/www.webdo.tn\\\/fr\\\/wp-content\\\/uploads\\\/2022\\\/11\\\/be85cf29b6c92deef522dbf028ea4ec2.jpg\",\"contentUrl\":\"https:\\\/\\\/www.webdo.tn\\\/fr\\\/wp-content\\\/uploads\\\/2022\\\/11\\\/be85cf29b6c92deef522dbf028ea4ec2.jpg\",\"width\":750,\"height\":400,\"caption\":\"Arrestation\"},{\"@type\":\"BreadcrumbList\",\"@id\":\"https:\\\/\\\/www.webdo.tn\\\/fr\\\/actualite\\\/national\\\/tunisie-demantelement-d-un-reseau-international-de-blanchiment-d-argent\\\/199051\\\/#breadcrumb\",\"itemListElement\":[{\"@type\":\"ListItem\",\"position\":1,\"name\":\"Accueil\",\"item\":\"https:\\\/\\\/www.webdo.tn\\\/fr\\\/\"},{\"@type\":\"ListItem\",\"position\":2,\"name\":\"Tunisie : D\u00e9mant\u00e8lement d\u2019un r\u00e9seau international de blanchiment d&rsquo;argent\"}]},{\"@type\":\"WebSite\",\"@id\":\"https:\\\/\\\/www.webdo.tn\\\/fr\\\/#website\",\"url\":\"https:\\\/\\\/www.webdo.tn\\\/fr\\\/\",\"name\":\"webdo\",\"description\":\"Tunisie - News en Tunisie et \u00e0 l&#039;international sur Webdo.tn\",\"publisher\":{\"@id\":\"https:\\\/\\\/www.webdo.tn\\\/fr\\\/#organization\"},\"potentialAction\":[{\"@type\":\"SearchAction\",\"target\":{\"@type\":\"EntryPoint\",\"urlTemplate\":\"https:\\\/\\\/www.webdo.tn\\\/fr\\\/?s={search_term_string}\"},\"query-input\":{\"@type\":\"PropertyValueSpecification\",\"valueRequired\":true,\"valueName\":\"search_term_string\"}}],\"inLanguage\":\"fr-FR\"},{\"@type\":\"Organization\",\"@id\":\"https:\\\/\\\/www.webdo.tn\\\/fr\\\/#organization\",\"name\":\"Webdo\",\"alternateName\":\"Webdo.tn\",\"url\":\"https:\\\/\\\/www.webdo.tn\\\/fr\\\/\",\"logo\":{\"@type\":\"ImageObject\",\"inLanguage\":\"fr-FR\",\"@id\":\"https:\\\/\\\/www.webdo.tn\\\/fr\\\/#\\\/schema\\\/logo\\\/image\\\/\",\"url\":\"https:\\\/\\\/www.webdo.tn\\\/fr\\\/wp-content\\\/uploads\\\/2025\\\/06\\\/Webdo-Tunisie_168377.jpg\",\"contentUrl\":\"https:\\\/\\\/www.webdo.tn\\\/fr\\\/wp-content\\\/uploads\\\/2025\\\/06\\\/Webdo-Tunisie_168377.jpg\",\"width\":301,\"height\":301,\"caption\":\"Webdo\"},\"image\":{\"@id\":\"https:\\\/\\\/www.webdo.tn\\\/fr\\\/#\\\/schema\\\/logo\\\/image\\\/\"},\"sameAs\":[\"https:\\\/\\\/www.facebook.com\\\/webdotn\",\"https:\\\/\\\/x.com\\\/webdo_tn\"],\"description\":\"Webdo est un m\u00e9dia num\u00e9rique tunisien fond\u00e9 en 2010, sp\u00e9cialis\u00e9 dans l\u2019actualit\u00e9 nationale et internationale, l\u2019\u00e9conomie, la soci\u00e9t\u00e9 et les analyses politiques. Le site s\u2019adresse \u00e0 un large public francophone et couvre l\u2019information tunisienne en temps r\u00e9el.\",\"email\":\"redac@webdo.tn\",\"legalName\":\"YNJ SARL\",\"foundingDate\":\"2010-09-06\",\"numberOfEmployees\":{\"@type\":\"QuantitativeValue\",\"minValue\":\"11\",\"maxValue\":\"50\"}},{\"@type\":\"Person\",\"@id\":\"https:\\\/\\\/www.webdo.tn\\\/fr\\\/#\\\/schema\\\/person\\\/f35b42a42c5e2511bbd282959d6385cc\",\"name\":\"CL\",\"image\":{\"@type\":\"ImageObject\",\"inLanguage\":\"fr-FR\",\"@id\":\"https:\\\/\\\/secure.gravatar.com\\\/avatar\\\/1447a49909b67aa657c488aec6512e1dd6143a480c1ecfee9b5b5cd74eb3b59e?s=96&d=mm&r=g\",\"url\":\"https:\\\/\\\/secure.gravatar.com\\\/avatar\\\/1447a49909b67aa657c488aec6512e1dd6143a480c1ecfee9b5b5cd74eb3b59e?s=96&d=mm&r=g\",\"contentUrl\":\"https:\\\/\\\/secure.gravatar.com\\\/avatar\\\/1447a49909b67aa657c488aec6512e1dd6143a480c1ecfee9b5b5cd74eb3b59e?s=96&d=mm&r=g\",\"caption\":\"CL\"},\"url\":\"https:\\\/\\\/www.webdo.tn\\\/fr\\\/actualite\\\/author\\\/cl\\\/\"}]}<\/script>\n<!-- \/ Yoast SEO Premium plugin. -->","yoast_head_json":{"title":"Tunisie : D\u00e9mant\u00e8lement d\u2019un r\u00e9seau international de blanchiment d'argent","description":"Le minist\u00e8re de l'Int\u00e9rieur a dit, ce mercredi, d\u00e9manteler un r\u00e9seau international de blanchiment d'argent li\u00e9 \u00e0 la traite des \u00eatres humains.","canonical":"https:\/\/www.webdo.tn\/fr\/actualite\/national\/tunisie-demantelement-d-un-reseau-international-de-blanchiment-d-argent\/199051\/","og_locale":"fr_FR","og_type":"article","og_title":"Tunisie : D\u00e9mant\u00e8lement d\u2019un r\u00e9seau international de blanchiment d'argent","og_description":"Le minist\u00e8re de l'Int\u00e9rieur a dit, ce mercredi, d\u00e9manteler un r\u00e9seau international de blanchiment d'argent li\u00e9 \u00e0 la traite des \u00eatres humains.","og_url":"https:\/\/www.webdo.tn\/fr\/actualite\/national\/tunisie-demantelement-d-un-reseau-international-de-blanchiment-d-argent\/199051\/","og_site_name":"webdo","article_publisher":"https:\/\/www.facebook.com\/webdotn","article_published_time":"2022-11-17T08:15:00+00:00","article_modified_time":"2025-05-20T22:47:55+00:00","og_image":[{"width":750,"height":400,"url":"https:\/\/www.webdo.tn\/fr\/wp-content\/uploads\/2022\/11\/be85cf29b6c92deef522dbf028ea4ec2.jpg","type":"image\/jpeg"}],"author":"CL","twitter_card":"summary_large_image","twitter_creator":"@webdo_tn","twitter_site":"@webdo_tn","twitter_misc":{"\u00c9crit par":"CL","Dur\u00e9e de lecture estim\u00e9e":"1 minute"},"schema":{"@context":"https:\/\/schema.org","@graph":[{"@type":"NewsArticle","@id":"https:\/\/www.webdo.tn\/fr\/actualite\/national\/tunisie-demantelement-d-un-reseau-international-de-blanchiment-d-argent\/199051\/#article","isPartOf":{"@id":"https:\/\/www.webdo.tn\/fr\/actualite\/national\/tunisie-demantelement-d-un-reseau-international-de-blanchiment-d-argent\/199051\/"},"author":{"name":"CL","@id":"https:\/\/www.webdo.tn\/fr\/#\/schema\/person\/f35b42a42c5e2511bbd282959d6385cc"},"headline":"Tunisie : D\u00e9mant\u00e8lement d\u2019un r\u00e9seau international de blanchiment d&rsquo;argent","datePublished":"2022-11-17T08:15:00+00:00","dateModified":"2025-05-20T22:47:55+00:00","mainEntityOfPage":{"@id":"https:\/\/www.webdo.tn\/fr\/actualite\/national\/tunisie-demantelement-d-un-reseau-international-de-blanchiment-d-argent\/199051\/"},"wordCount":262,"commentCount":0,"publisher":{"@id":"https:\/\/www.webdo.tn\/fr\/#organization"},"image":{"@id":"https:\/\/www.webdo.tn\/fr\/actualite\/national\/tunisie-demantelement-d-un-reseau-international-de-blanchiment-d-argent\/199051\/#primaryimage"},"thumbnailUrl":"https:\/\/www.webdo.tn\/fr\/wp-content\/uploads\/2022\/11\/be85cf29b6c92deef522dbf028ea4ec2.jpg","keywords":["blanchiment d'argent","Tunisie"],"articleSection":["National"],"inLanguage":"fr-FR"},{"@type":"WebPage","@id":"https:\/\/www.webdo.tn\/fr\/actualite\/national\/tunisie-demantelement-d-un-reseau-international-de-blanchiment-d-argent\/199051\/","url":"https:\/\/www.webdo.tn\/fr\/actualite\/national\/tunisie-demantelement-d-un-reseau-international-de-blanchiment-d-argent\/199051\/","name":"Tunisie : D\u00e9mant\u00e8lement d\u2019un r\u00e9seau international de blanchiment d'argent","isPartOf":{"@id":"https:\/\/www.webdo.tn\/fr\/#website"},"primaryImageOfPage":{"@id":"https:\/\/www.webdo.tn\/fr\/actualite\/national\/tunisie-demantelement-d-un-reseau-international-de-blanchiment-d-argent\/199051\/#primaryimage"},"image":{"@id":"https:\/\/www.webdo.tn\/fr\/actualite\/national\/tunisie-demantelement-d-un-reseau-international-de-blanchiment-d-argent\/199051\/#primaryimage"},"thumbnailUrl":"https:\/\/www.webdo.tn\/fr\/wp-content\/uploads\/2022\/11\/be85cf29b6c92deef522dbf028ea4ec2.jpg","datePublished":"2022-11-17T08:15:00+00:00","dateModified":"2025-05-20T22:47:55+00:00","description":"Le minist\u00e8re de l'Int\u00e9rieur a dit, ce mercredi, d\u00e9manteler un r\u00e9seau international de blanchiment d'argent li\u00e9 \u00e0 la traite des \u00eatres humains.","breadcrumb":{"@id":"https:\/\/www.webdo.tn\/fr\/actualite\/national\/tunisie-demantelement-d-un-reseau-international-de-blanchiment-d-argent\/199051\/#breadcrumb"},"inLanguage":"fr-FR","potentialAction":[{"@type":"ReadAction","target":["https:\/\/www.webdo.tn\/fr\/actualite\/national\/tunisie-demantelement-d-un-reseau-international-de-blanchiment-d-argent\/199051\/"]}]},{"@type":"ImageObject","inLanguage":"fr-FR","@id":"https:\/\/www.webdo.tn\/fr\/actualite\/national\/tunisie-demantelement-d-un-reseau-international-de-blanchiment-d-argent\/199051\/#primaryimage","url":"https:\/\/www.webdo.tn\/fr\/wp-content\/uploads\/2022\/11\/be85cf29b6c92deef522dbf028ea4ec2.jpg","contentUrl":"https:\/\/www.webdo.tn\/fr\/wp-content\/uploads\/2022\/11\/be85cf29b6c92deef522dbf028ea4ec2.jpg","width":750,"height":400,"caption":"Arrestation"},{"@type":"BreadcrumbList","@id":"https:\/\/www.webdo.tn\/fr\/actualite\/national\/tunisie-demantelement-d-un-reseau-international-de-blanchiment-d-argent\/199051\/#breadcrumb","itemListElement":[{"@type":"ListItem","position":1,"name":"Accueil","item":"https:\/\/www.webdo.tn\/fr\/"},{"@type":"ListItem","position":2,"name":"Tunisie : D\u00e9mant\u00e8lement d\u2019un r\u00e9seau international de blanchiment d&rsquo;argent"}]},{"@type":"WebSite","@id":"https:\/\/www.webdo.tn\/fr\/#website","url":"https:\/\/www.webdo.tn\/fr\/","name":"webdo","description":"Tunisie - News en Tunisie et \u00e0 l&#039;international sur Webdo.tn","publisher":{"@id":"https:\/\/www.webdo.tn\/fr\/#organization"},"potentialAction":[{"@type":"SearchAction","target":{"@type":"EntryPoint","urlTemplate":"https:\/\/www.webdo.tn\/fr\/?s={search_term_string}"},"query-input":{"@type":"PropertyValueSpecification","valueRequired":true,"valueName":"search_term_string"}}],"inLanguage":"fr-FR"},{"@type":"Organization","@id":"https:\/\/www.webdo.tn\/fr\/#organization","name":"Webdo","alternateName":"Webdo.tn","url":"https:\/\/www.webdo.tn\/fr\/","logo":{"@type":"ImageObject","inLanguage":"fr-FR","@id":"https:\/\/www.webdo.tn\/fr\/#\/schema\/logo\/image\/","url":"https:\/\/www.webdo.tn\/fr\/wp-content\/uploads\/2025\/06\/Webdo-Tunisie_168377.jpg","contentUrl":"https:\/\/www.webdo.tn\/fr\/wp-content\/uploads\/2025\/06\/Webdo-Tunisie_168377.jpg","width":301,"height":301,"caption":"Webdo"},"image":{"@id":"https:\/\/www.webdo.tn\/fr\/#\/schema\/logo\/image\/"},"sameAs":["https:\/\/www.facebook.com\/webdotn","https:\/\/x.com\/webdo_tn"],"description":"Webdo est un m\u00e9dia num\u00e9rique tunisien fond\u00e9 en 2010, sp\u00e9cialis\u00e9 dans l\u2019actualit\u00e9 nationale et internationale, l\u2019\u00e9conomie, la soci\u00e9t\u00e9 et les analyses politiques. Le site s\u2019adresse \u00e0 un large public francophone et couvre l\u2019information tunisienne en temps r\u00e9el.","email":"redac@webdo.tn","legalName":"YNJ SARL","foundingDate":"2010-09-06","numberOfEmployees":{"@type":"QuantitativeValue","minValue":"11","maxValue":"50"}},{"@type":"Person","@id":"https:\/\/www.webdo.tn\/fr\/#\/schema\/person\/f35b42a42c5e2511bbd282959d6385cc","name":"CL","image":{"@type":"ImageObject","inLanguage":"fr-FR","@id":"https:\/\/secure.gravatar.com\/avatar\/1447a49909b67aa657c488aec6512e1dd6143a480c1ecfee9b5b5cd74eb3b59e?s=96&d=mm&r=g","url":"https:\/\/secure.gravatar.com\/avatar\/1447a49909b67aa657c488aec6512e1dd6143a480c1ecfee9b5b5cd74eb3b59e?s=96&d=mm&r=g","contentUrl":"https:\/\/secure.gravatar.com\/avatar\/1447a49909b67aa657c488aec6512e1dd6143a480c1ecfee9b5b5cd74eb3b59e?s=96&d=mm&r=g","caption":"CL"},"url":"https:\/\/www.webdo.tn\/fr\/actualite\/author\/cl\/"}]}},"_links":{"self":[{"href":"https:\/\/www.webdo.tn\/fr\/wp-json\/wp\/v2\/posts\/199051","targetHints":{"allow":["GET"]}}],"collection":[{"href":"https:\/\/www.webdo.tn\/fr\/wp-json\/wp\/v2\/posts"}],"about":[{"href":"https:\/\/www.webdo.tn\/fr\/wp-json\/wp\/v2\/types\/post"}],"author":[{"embeddable":true,"href":"https:\/\/www.webdo.tn\/fr\/wp-json\/wp\/v2\/users\/3175"}],"replies":[{"embeddable":true,"href":"https:\/\/www.webdo.tn\/fr\/wp-json\/wp\/v2\/comments?post=199051"}],"version-history":[{"count":0,"href":"https:\/\/www.webdo.tn\/fr\/wp-json\/wp\/v2\/posts\/199051\/revisions"}],"wp:featuredmedia":[{"embeddable":true,"href":"https:\/\/www.webdo.tn\/fr\/wp-json\/wp\/v2\/media\/277256"}],"wp:attachment":[{"href":"https:\/\/www.webdo.tn\/fr\/wp-json\/wp\/v2\/media?parent=199051"}],"wp:term":[{"taxonomy":"category","embeddable":true,"href":"https:\/\/www.webdo.tn\/fr\/wp-json\/wp\/v2\/categories?post=199051"},{"taxonomy":"post_tag","embeddable":true,"href":"https:\/\/www.webdo.tn\/fr\/wp-json\/wp\/v2\/tags?post=199051"}],"curies":[{"name":"wp","href":"https:\/\/api.w.org\/{rel}","templated":true}]}}