{"id":199050,"date":"2022-11-17T07:53:00","date_gmt":"2022-11-17T07:53:00","guid":{"rendered":"https:\/\/www.webdo.tn\/fr\/blog\/le-gouverneur-de-sfax-risee-des-reseaux-sociaux\/199050\/"},"modified":"2025-05-20T22:47:54","modified_gmt":"2025-05-20T22:47:54","slug":"le-gouverneur-de-sfax-risee-des-reseaux-sociaux","status":"publish","type":"post","link":"https:\/\/www.webdo.tn\/fr\/actualite\/regions\/le-gouverneur-de-sfax-risee-des-reseaux-sociaux\/199050\/","title":{"rendered":"Le gouverneur de Sfax ris\u00e9e des r\u00e9seaux sociaux !"},"content":{"rendered":"<p>Fakher Fakhfakh, gouverneur de Sfax, est actuellement au c\u0153ur de la pol\u00e9mique sur les r\u00e9seaux sociaux.<\/p>\n<p>\t\t\t\t\t\t\t\t\tEt pour cause, des d\u00e9clarations qui passent mal, tr\u00e8s mal, comme d\u2019ailleurs \u00e0 chaque sortie m\u00e9diatique. Lui qui a appel\u00e9, il y a quelques jours, \u00e0 une intervention directe de la part de l\u2019arm\u00e9e pour mettre fin \u00e0 la crise des d\u00e9chets, maintenant il appelle le pr\u00e9sident de la R\u00e9publique \u00e0 \u00ab fermer Facebook \u00bb.\u00a0<\/p>\n<p>En effet, pr\u00e9sidant, mercredi 16 novembre 2022, une r\u00e9union de la commission de lutte contre les catastrophes, d\u00e9di\u00e9e \u00e0 l\u2019incendie de la d\u00e9ch\u00e8terie de la route du port, il a \u00e9t\u00e9 film\u00e9 en train d\u2019appeler le pr\u00e9sident de la R\u00e9publique \u00e0 \u00ab couper Facebook \u00bb. \u00ab Moi, j\u2019appelle le pr\u00e9sident de la R\u00e9publique \u00e0 couper Facebook, on n\u2019en a pas besoin, laissez-nous les radios\u2026 et encore ! \u00bb a-t-il lanc\u00e9.\u00a0<\/p>\n<p>Diffus\u00e9e sur les r\u00e9seaux sociaux, cette vid\u00e9o a fait grand bruit et le gouverneur s\u2019est transform\u00e9 rapidement en ris\u00e9e des r\u00e9seaux sociaux.<\/p>\n","protected":false},"excerpt":{"rendered":"<p>Fakher Fakhfakh, gouverneur de Sfax, est actuellement au c\u0153ur de la pol\u00e9mique sur les r\u00e9seaux sociaux.<\/p>\n","protected":false},"author":3175,"featured_media":277249,"comment_status":"open","ping_status":"closed","sticky":false,"template":"","format":"standard","meta":{"footnotes":""},"categories":[2595],"tags":[4744,4241,2675,2608],"class_list":["post-199050","post","type-post","status-publish","format-standard","has-post-thumbnail","hentry","category-regions","tag-facebook","tag-gouverneur","tag-sfax","tag-tunisie"],"yoast_head":"<!-- This site is optimized with the Yoast SEO Premium plugin v27.5 (Yoast SEO v27.5) - https:\/\/yoast.com\/product\/yoast-seo-premium-wordpress\/ -->\n<title>Le gouverneur de Sfax ris\u00e9e des r\u00e9seaux sociaux !<\/title>\n<meta name=\"description\" content=\"Fakher Fakhfakh, gouverneur de Sfax, est actuellement au c\u0153ur de la pol\u00e9mique sur les r\u00e9seaux sociaux.\" \/>\n<link rel=\"canonical\" href=\"https:\/\/www.webdo.tn\/fr\/actualite\/regions\/le-gouverneur-de-sfax-risee-des-reseaux-sociaux\/199050\/\" \/>\n<meta property=\"og:locale\" content=\"fr_FR\" \/>\n<meta property=\"og:type\" content=\"article\" \/>\n<meta property=\"og:title\" content=\"Le gouverneur de Sfax ris\u00e9e des r\u00e9seaux sociaux !\" \/>\n<meta property=\"og:description\" content=\"Fakher Fakhfakh, gouverneur de Sfax, est actuellement au c\u0153ur de la pol\u00e9mique sur les r\u00e9seaux sociaux.\" \/>\n<meta property=\"og:url\" content=\"https:\/\/www.webdo.tn\/fr\/actualite\/regions\/le-gouverneur-de-sfax-risee-des-reseaux-sociaux\/199050\/\" \/>\n<meta property=\"og:site_name\" content=\"webdo\" \/>\n<meta property=\"article:publisher\" content=\"https:\/\/www.facebook.com\/webdotn\" \/>\n<meta property=\"article:published_time\" content=\"2022-11-17T07:53:00+00:00\" \/>\n<meta property=\"article:modified_time\" content=\"2025-05-20T22:47:54+00:00\" \/>\n<meta property=\"og:image\" content=\"https:\/\/www.webdo.tn\/fr\/wp-content\/uploads\/2022\/11\/f8edee353992b0fad2cdf8569fee8e00.jpg\" \/>\n\t<meta property=\"og:image:width\" content=\"750\" \/>\n\t<meta property=\"og:image:height\" content=\"400\" \/>\n\t<meta property=\"og:image:type\" content=\"image\/jpeg\" \/>\n<meta name=\"author\" content=\"CL\" \/>\n<meta name=\"twitter:card\" content=\"summary_large_image\" \/>\n<meta name=\"twitter:creator\" content=\"@webdo_tn\" \/>\n<meta name=\"twitter:site\" content=\"@webdo_tn\" \/>\n<meta name=\"twitter:label1\" content=\"\u00c9crit par\" \/>\n\t<meta name=\"twitter:data1\" content=\"CL\" \/>\n\t<meta name=\"twitter:label2\" content=\"Dur\u00e9e de lecture estim\u00e9e\" \/>\n\t<meta name=\"twitter:data2\" content=\"1 minute\" \/>\n<script type=\"application\/ld+json\" class=\"yoast-schema-graph\">{\"@context\":\"https:\\\/\\\/schema.org\",\"@graph\":[{\"@type\":\"NewsArticle\",\"@id\":\"https:\\\/\\\/www.webdo.tn\\\/fr\\\/actualite\\\/regions\\\/le-gouverneur-de-sfax-risee-des-reseaux-sociaux\\\/199050\\\/#article\",\"isPartOf\":{\"@id\":\"https:\\\/\\\/www.webdo.tn\\\/fr\\\/actualite\\\/regions\\\/le-gouverneur-de-sfax-risee-des-reseaux-sociaux\\\/199050\\\/\"},\"author\":{\"name\":\"CL\",\"@id\":\"https:\\\/\\\/www.webdo.tn\\\/fr\\\/#\\\/schema\\\/person\\\/f35b42a42c5e2511bbd282959d6385cc\"},\"headline\":\"Le gouverneur de Sfax ris\u00e9e des r\u00e9seaux sociaux !\",\"datePublished\":\"2022-11-17T07:53:00+00:00\",\"dateModified\":\"2025-05-20T22:47:54+00:00\",\"mainEntityOfPage\":{\"@id\":\"https:\\\/\\\/www.webdo.tn\\\/fr\\\/actualite\\\/regions\\\/le-gouverneur-de-sfax-risee-des-reseaux-sociaux\\\/199050\\\/\"},\"wordCount\":189,\"commentCount\":0,\"publisher\":{\"@id\":\"https:\\\/\\\/www.webdo.tn\\\/fr\\\/#organization\"},\"image\":{\"@id\":\"https:\\\/\\\/www.webdo.tn\\\/fr\\\/actualite\\\/regions\\\/le-gouverneur-de-sfax-risee-des-reseaux-sociaux\\\/199050\\\/#primaryimage\"},\"thumbnailUrl\":\"https:\\\/\\\/www.webdo.tn\\\/fr\\\/wp-content\\\/uploads\\\/2022\\\/11\\\/f8edee353992b0fad2cdf8569fee8e00.jpg\",\"keywords\":[\"Facebook\",\"Gouverneur\",\"Sfax\",\"Tunisie\"],\"articleSection\":[\"regions\"],\"inLanguage\":\"fr-FR\"},{\"@type\":\"WebPage\",\"@id\":\"https:\\\/\\\/www.webdo.tn\\\/fr\\\/actualite\\\/regions\\\/le-gouverneur-de-sfax-risee-des-reseaux-sociaux\\\/199050\\\/\",\"url\":\"https:\\\/\\\/www.webdo.tn\\\/fr\\\/actualite\\\/regions\\\/le-gouverneur-de-sfax-risee-des-reseaux-sociaux\\\/199050\\\/\",\"name\":\"Le gouverneur de Sfax ris\u00e9e des r\u00e9seaux sociaux !\",\"isPartOf\":{\"@id\":\"https:\\\/\\\/www.webdo.tn\\\/fr\\\/#website\"},\"primaryImageOfPage\":{\"@id\":\"https:\\\/\\\/www.webdo.tn\\\/fr\\\/actualite\\\/regions\\\/le-gouverneur-de-sfax-risee-des-reseaux-sociaux\\\/199050\\\/#primaryimage\"},\"image\":{\"@id\":\"https:\\\/\\\/www.webdo.tn\\\/fr\\\/actualite\\\/regions\\\/le-gouverneur-de-sfax-risee-des-reseaux-sociaux\\\/199050\\\/#primaryimage\"},\"thumbnailUrl\":\"https:\\\/\\\/www.webdo.tn\\\/fr\\\/wp-content\\\/uploads\\\/2022\\\/11\\\/f8edee353992b0fad2cdf8569fee8e00.jpg\",\"datePublished\":\"2022-11-17T07:53:00+00:00\",\"dateModified\":\"2025-05-20T22:47:54+00:00\",\"description\":\"Fakher Fakhfakh, gouverneur de Sfax, est actuellement au c\u0153ur de la pol\u00e9mique sur les r\u00e9seaux sociaux.\",\"breadcrumb\":{\"@id\":\"https:\\\/\\\/www.webdo.tn\\\/fr\\\/actualite\\\/regions\\\/le-gouverneur-de-sfax-risee-des-reseaux-sociaux\\\/199050\\\/#breadcrumb\"},\"inLanguage\":\"fr-FR\",\"potentialAction\":[{\"@type\":\"ReadAction\",\"target\":[\"https:\\\/\\\/www.webdo.tn\\\/fr\\\/actualite\\\/regions\\\/le-gouverneur-de-sfax-risee-des-reseaux-sociaux\\\/199050\\\/\"]}]},{\"@type\":\"ImageObject\",\"inLanguage\":\"fr-FR\",\"@id\":\"https:\\\/\\\/www.webdo.tn\\\/fr\\\/actualite\\\/regions\\\/le-gouverneur-de-sfax-risee-des-reseaux-sociaux\\\/199050\\\/#primaryimage\",\"url\":\"https:\\\/\\\/www.webdo.tn\\\/fr\\\/wp-content\\\/uploads\\\/2022\\\/11\\\/f8edee353992b0fad2cdf8569fee8e00.jpg\",\"contentUrl\":\"https:\\\/\\\/www.webdo.tn\\\/fr\\\/wp-content\\\/uploads\\\/2022\\\/11\\\/f8edee353992b0fad2cdf8569fee8e00.jpg\",\"width\":750,\"height\":400,\"caption\":\"Gouverneur de Sfax\"},{\"@type\":\"BreadcrumbList\",\"@id\":\"https:\\\/\\\/www.webdo.tn\\\/fr\\\/actualite\\\/regions\\\/le-gouverneur-de-sfax-risee-des-reseaux-sociaux\\\/199050\\\/#breadcrumb\",\"itemListElement\":[{\"@type\":\"ListItem\",\"position\":1,\"name\":\"Accueil\",\"item\":\"https:\\\/\\\/www.webdo.tn\\\/fr\\\/\"},{\"@type\":\"ListItem\",\"position\":2,\"name\":\"Le gouverneur de Sfax ris\u00e9e des r\u00e9seaux sociaux !\"}]},{\"@type\":\"WebSite\",\"@id\":\"https:\\\/\\\/www.webdo.tn\\\/fr\\\/#website\",\"url\":\"https:\\\/\\\/www.webdo.tn\\\/fr\\\/\",\"name\":\"webdo\",\"description\":\"Tunisie - News en Tunisie et \u00e0 l&#039;international sur Webdo.tn\",\"publisher\":{\"@id\":\"https:\\\/\\\/www.webdo.tn\\\/fr\\\/#organization\"},\"potentialAction\":[{\"@type\":\"SearchAction\",\"target\":{\"@type\":\"EntryPoint\",\"urlTemplate\":\"https:\\\/\\\/www.webdo.tn\\\/fr\\\/?s={search_term_string}\"},\"query-input\":{\"@type\":\"PropertyValueSpecification\",\"valueRequired\":true,\"valueName\":\"search_term_string\"}}],\"inLanguage\":\"fr-FR\"},{\"@type\":\"Organization\",\"@id\":\"https:\\\/\\\/www.webdo.tn\\\/fr\\\/#organization\",\"name\":\"Webdo\",\"alternateName\":\"Webdo.tn\",\"url\":\"https:\\\/\\\/www.webdo.tn\\\/fr\\\/\",\"logo\":{\"@type\":\"ImageObject\",\"inLanguage\":\"fr-FR\",\"@id\":\"https:\\\/\\\/www.webdo.tn\\\/fr\\\/#\\\/schema\\\/logo\\\/image\\\/\",\"url\":\"https:\\\/\\\/www.webdo.tn\\\/fr\\\/wp-content\\\/uploads\\\/2025\\\/06\\\/Webdo-Tunisie_168377.jpg\",\"contentUrl\":\"https:\\\/\\\/www.webdo.tn\\\/fr\\\/wp-content\\\/uploads\\\/2025\\\/06\\\/Webdo-Tunisie_168377.jpg\",\"width\":301,\"height\":301,\"caption\":\"Webdo\"},\"image\":{\"@id\":\"https:\\\/\\\/www.webdo.tn\\\/fr\\\/#\\\/schema\\\/logo\\\/image\\\/\"},\"sameAs\":[\"https:\\\/\\\/www.facebook.com\\\/webdotn\",\"https:\\\/\\\/x.com\\\/webdo_tn\"],\"description\":\"Webdo est un m\u00e9dia num\u00e9rique tunisien fond\u00e9 en 2010, sp\u00e9cialis\u00e9 dans l\u2019actualit\u00e9 nationale et internationale, l\u2019\u00e9conomie, la soci\u00e9t\u00e9 et les analyses politiques. Le site s\u2019adresse \u00e0 un large public francophone et couvre l\u2019information tunisienne en temps r\u00e9el.\",\"email\":\"redac@webdo.tn\",\"legalName\":\"YNJ SARL\",\"foundingDate\":\"2010-09-06\",\"numberOfEmployees\":{\"@type\":\"QuantitativeValue\",\"minValue\":\"11\",\"maxValue\":\"50\"}},{\"@type\":\"Person\",\"@id\":\"https:\\\/\\\/www.webdo.tn\\\/fr\\\/#\\\/schema\\\/person\\\/f35b42a42c5e2511bbd282959d6385cc\",\"name\":\"CL\",\"image\":{\"@type\":\"ImageObject\",\"inLanguage\":\"fr-FR\",\"@id\":\"https:\\\/\\\/secure.gravatar.com\\\/avatar\\\/1447a49909b67aa657c488aec6512e1dd6143a480c1ecfee9b5b5cd74eb3b59e?s=96&d=mm&r=g\",\"url\":\"https:\\\/\\\/secure.gravatar.com\\\/avatar\\\/1447a49909b67aa657c488aec6512e1dd6143a480c1ecfee9b5b5cd74eb3b59e?s=96&d=mm&r=g\",\"contentUrl\":\"https:\\\/\\\/secure.gravatar.com\\\/avatar\\\/1447a49909b67aa657c488aec6512e1dd6143a480c1ecfee9b5b5cd74eb3b59e?s=96&d=mm&r=g\",\"caption\":\"CL\"},\"url\":\"https:\\\/\\\/www.webdo.tn\\\/fr\\\/actualite\\\/author\\\/cl\\\/\"}]}<\/script>\n<!-- \/ Yoast SEO Premium plugin. -->","yoast_head_json":{"title":"Le gouverneur de Sfax ris\u00e9e des r\u00e9seaux sociaux !","description":"Fakher Fakhfakh, gouverneur de Sfax, est actuellement au c\u0153ur de la pol\u00e9mique sur les r\u00e9seaux sociaux.","canonical":"https:\/\/www.webdo.tn\/fr\/actualite\/regions\/le-gouverneur-de-sfax-risee-des-reseaux-sociaux\/199050\/","og_locale":"fr_FR","og_type":"article","og_title":"Le gouverneur de Sfax ris\u00e9e des r\u00e9seaux sociaux !","og_description":"Fakher Fakhfakh, gouverneur de Sfax, est actuellement au c\u0153ur de la pol\u00e9mique sur les r\u00e9seaux sociaux.","og_url":"https:\/\/www.webdo.tn\/fr\/actualite\/regions\/le-gouverneur-de-sfax-risee-des-reseaux-sociaux\/199050\/","og_site_name":"webdo","article_publisher":"https:\/\/www.facebook.com\/webdotn","article_published_time":"2022-11-17T07:53:00+00:00","article_modified_time":"2025-05-20T22:47:54+00:00","og_image":[{"width":750,"height":400,"url":"https:\/\/www.webdo.tn\/fr\/wp-content\/uploads\/2022\/11\/f8edee353992b0fad2cdf8569fee8e00.jpg","type":"image\/jpeg"}],"author":"CL","twitter_card":"summary_large_image","twitter_creator":"@webdo_tn","twitter_site":"@webdo_tn","twitter_misc":{"\u00c9crit par":"CL","Dur\u00e9e de lecture estim\u00e9e":"1 minute"},"schema":{"@context":"https:\/\/schema.org","@graph":[{"@type":"NewsArticle","@id":"https:\/\/www.webdo.tn\/fr\/actualite\/regions\/le-gouverneur-de-sfax-risee-des-reseaux-sociaux\/199050\/#article","isPartOf":{"@id":"https:\/\/www.webdo.tn\/fr\/actualite\/regions\/le-gouverneur-de-sfax-risee-des-reseaux-sociaux\/199050\/"},"author":{"name":"CL","@id":"https:\/\/www.webdo.tn\/fr\/#\/schema\/person\/f35b42a42c5e2511bbd282959d6385cc"},"headline":"Le gouverneur de Sfax ris\u00e9e des r\u00e9seaux sociaux !","datePublished":"2022-11-17T07:53:00+00:00","dateModified":"2025-05-20T22:47:54+00:00","mainEntityOfPage":{"@id":"https:\/\/www.webdo.tn\/fr\/actualite\/regions\/le-gouverneur-de-sfax-risee-des-reseaux-sociaux\/199050\/"},"wordCount":189,"commentCount":0,"publisher":{"@id":"https:\/\/www.webdo.tn\/fr\/#organization"},"image":{"@id":"https:\/\/www.webdo.tn\/fr\/actualite\/regions\/le-gouverneur-de-sfax-risee-des-reseaux-sociaux\/199050\/#primaryimage"},"thumbnailUrl":"https:\/\/www.webdo.tn\/fr\/wp-content\/uploads\/2022\/11\/f8edee353992b0fad2cdf8569fee8e00.jpg","keywords":["Facebook","Gouverneur","Sfax","Tunisie"],"articleSection":["regions"],"inLanguage":"fr-FR"},{"@type":"WebPage","@id":"https:\/\/www.webdo.tn\/fr\/actualite\/regions\/le-gouverneur-de-sfax-risee-des-reseaux-sociaux\/199050\/","url":"https:\/\/www.webdo.tn\/fr\/actualite\/regions\/le-gouverneur-de-sfax-risee-des-reseaux-sociaux\/199050\/","name":"Le gouverneur de Sfax ris\u00e9e des r\u00e9seaux sociaux !","isPartOf":{"@id":"https:\/\/www.webdo.tn\/fr\/#website"},"primaryImageOfPage":{"@id":"https:\/\/www.webdo.tn\/fr\/actualite\/regions\/le-gouverneur-de-sfax-risee-des-reseaux-sociaux\/199050\/#primaryimage"},"image":{"@id":"https:\/\/www.webdo.tn\/fr\/actualite\/regions\/le-gouverneur-de-sfax-risee-des-reseaux-sociaux\/199050\/#primaryimage"},"thumbnailUrl":"https:\/\/www.webdo.tn\/fr\/wp-content\/uploads\/2022\/11\/f8edee353992b0fad2cdf8569fee8e00.jpg","datePublished":"2022-11-17T07:53:00+00:00","dateModified":"2025-05-20T22:47:54+00:00","description":"Fakher Fakhfakh, gouverneur de Sfax, est actuellement au c\u0153ur de la pol\u00e9mique sur les r\u00e9seaux sociaux.","breadcrumb":{"@id":"https:\/\/www.webdo.tn\/fr\/actualite\/regions\/le-gouverneur-de-sfax-risee-des-reseaux-sociaux\/199050\/#breadcrumb"},"inLanguage":"fr-FR","potentialAction":[{"@type":"ReadAction","target":["https:\/\/www.webdo.tn\/fr\/actualite\/regions\/le-gouverneur-de-sfax-risee-des-reseaux-sociaux\/199050\/"]}]},{"@type":"ImageObject","inLanguage":"fr-FR","@id":"https:\/\/www.webdo.tn\/fr\/actualite\/regions\/le-gouverneur-de-sfax-risee-des-reseaux-sociaux\/199050\/#primaryimage","url":"https:\/\/www.webdo.tn\/fr\/wp-content\/uploads\/2022\/11\/f8edee353992b0fad2cdf8569fee8e00.jpg","contentUrl":"https:\/\/www.webdo.tn\/fr\/wp-content\/uploads\/2022\/11\/f8edee353992b0fad2cdf8569fee8e00.jpg","width":750,"height":400,"caption":"Gouverneur de Sfax"},{"@type":"BreadcrumbList","@id":"https:\/\/www.webdo.tn\/fr\/actualite\/regions\/le-gouverneur-de-sfax-risee-des-reseaux-sociaux\/199050\/#breadcrumb","itemListElement":[{"@type":"ListItem","position":1,"name":"Accueil","item":"https:\/\/www.webdo.tn\/fr\/"},{"@type":"ListItem","position":2,"name":"Le gouverneur de Sfax ris\u00e9e des r\u00e9seaux sociaux !"}]},{"@type":"WebSite","@id":"https:\/\/www.webdo.tn\/fr\/#website","url":"https:\/\/www.webdo.tn\/fr\/","name":"webdo","description":"Tunisie - News en Tunisie et \u00e0 l&#039;international sur Webdo.tn","publisher":{"@id":"https:\/\/www.webdo.tn\/fr\/#organization"},"potentialAction":[{"@type":"SearchAction","target":{"@type":"EntryPoint","urlTemplate":"https:\/\/www.webdo.tn\/fr\/?s={search_term_string}"},"query-input":{"@type":"PropertyValueSpecification","valueRequired":true,"valueName":"search_term_string"}}],"inLanguage":"fr-FR"},{"@type":"Organization","@id":"https:\/\/www.webdo.tn\/fr\/#organization","name":"Webdo","alternateName":"Webdo.tn","url":"https:\/\/www.webdo.tn\/fr\/","logo":{"@type":"ImageObject","inLanguage":"fr-FR","@id":"https:\/\/www.webdo.tn\/fr\/#\/schema\/logo\/image\/","url":"https:\/\/www.webdo.tn\/fr\/wp-content\/uploads\/2025\/06\/Webdo-Tunisie_168377.jpg","contentUrl":"https:\/\/www.webdo.tn\/fr\/wp-content\/uploads\/2025\/06\/Webdo-Tunisie_168377.jpg","width":301,"height":301,"caption":"Webdo"},"image":{"@id":"https:\/\/www.webdo.tn\/fr\/#\/schema\/logo\/image\/"},"sameAs":["https:\/\/www.facebook.com\/webdotn","https:\/\/x.com\/webdo_tn"],"description":"Webdo est un m\u00e9dia num\u00e9rique tunisien fond\u00e9 en 2010, sp\u00e9cialis\u00e9 dans l\u2019actualit\u00e9 nationale et internationale, l\u2019\u00e9conomie, la soci\u00e9t\u00e9 et les analyses politiques. Le site s\u2019adresse \u00e0 un large public francophone et couvre l\u2019information tunisienne en temps r\u00e9el.","email":"redac@webdo.tn","legalName":"YNJ SARL","foundingDate":"2010-09-06","numberOfEmployees":{"@type":"QuantitativeValue","minValue":"11","maxValue":"50"}},{"@type":"Person","@id":"https:\/\/www.webdo.tn\/fr\/#\/schema\/person\/f35b42a42c5e2511bbd282959d6385cc","name":"CL","image":{"@type":"ImageObject","inLanguage":"fr-FR","@id":"https:\/\/secure.gravatar.com\/avatar\/1447a49909b67aa657c488aec6512e1dd6143a480c1ecfee9b5b5cd74eb3b59e?s=96&d=mm&r=g","url":"https:\/\/secure.gravatar.com\/avatar\/1447a49909b67aa657c488aec6512e1dd6143a480c1ecfee9b5b5cd74eb3b59e?s=96&d=mm&r=g","contentUrl":"https:\/\/secure.gravatar.com\/avatar\/1447a49909b67aa657c488aec6512e1dd6143a480c1ecfee9b5b5cd74eb3b59e?s=96&d=mm&r=g","caption":"CL"},"url":"https:\/\/www.webdo.tn\/fr\/actualite\/author\/cl\/"}]}},"_links":{"self":[{"href":"https:\/\/www.webdo.tn\/fr\/wp-json\/wp\/v2\/posts\/199050","targetHints":{"allow":["GET"]}}],"collection":[{"href":"https:\/\/www.webdo.tn\/fr\/wp-json\/wp\/v2\/posts"}],"about":[{"href":"https:\/\/www.webdo.tn\/fr\/wp-json\/wp\/v2\/types\/post"}],"author":[{"embeddable":true,"href":"https:\/\/www.webdo.tn\/fr\/wp-json\/wp\/v2\/users\/3175"}],"replies":[{"embeddable":true,"href":"https:\/\/www.webdo.tn\/fr\/wp-json\/wp\/v2\/comments?post=199050"}],"version-history":[{"count":0,"href":"https:\/\/www.webdo.tn\/fr\/wp-json\/wp\/v2\/posts\/199050\/revisions"}],"wp:featuredmedia":[{"embeddable":true,"href":"https:\/\/www.webdo.tn\/fr\/wp-json\/wp\/v2\/media\/277249"}],"wp:attachment":[{"href":"https:\/\/www.webdo.tn\/fr\/wp-json\/wp\/v2\/media?parent=199050"}],"wp:term":[{"taxonomy":"category","embeddable":true,"href":"https:\/\/www.webdo.tn\/fr\/wp-json\/wp\/v2\/categories?post=199050"},{"taxonomy":"post_tag","embeddable":true,"href":"https:\/\/www.webdo.tn\/fr\/wp-json\/wp\/v2\/tags?post=199050"}],"curies":[{"name":"wp","href":"https:\/\/api.w.org\/{rel}","templated":true}]}}