{"id":199022,"date":"2022-11-16T15:16:00","date_gmt":"2022-11-16T15:16:00","guid":{"rendered":"https:\/\/www.webdo.tn\/fr\/blog\/fadhel-abdelkefi-interdit-de-voyage-les-precisions-du-mi\/199022\/"},"modified":"2025-05-20T22:04:52","modified_gmt":"2025-05-20T22:04:52","slug":"fadhel-abdelkefi-interdit-de-voyage-les-precisions-du-mi","status":"publish","type":"post","link":"https:\/\/www.webdo.tn\/fr\/actualite\/national\/fadhel-abdelkefi-interdit-de-voyage-les-precisions-du-mi\/199022\/","title":{"rendered":"Fadhel Abdelkefi interdit de voyage, les pr\u00e9cisions du MI"},"content":{"rendered":"<p>Le minist\u00e8re de l&rsquo;Int\u00e9rieur a r\u00e9agi, aujourd\u2019hui, par la voix de son porte-parole, Faker Bouzghaya, \u00e0 l\u2019interdiction de voyage dont a fait l\u2019objet le pr\u00e9sident du parti Afek Tounes, Fadhel Abdelkefi.<\/p>\n<p>\t\t\t\t\t\t\t\t\tFaker Bouzghaya a indiqu\u00e9, dans une d\u00e9claration \u00e0 l&rsquo;agence TAP, que cette interdiction de voyage a \u00e9t\u00e9 appliqu\u00e9e \u00ab\u00a0en vertu d&rsquo;une d\u00e9cision de justice \u00e9mise au d\u00e9but du mois de novembre par le Tribunal de premi\u00e8re instance de Tunis\u00a0\u00bb.<\/p>\n<p>Il a pr\u00e9cis\u00e9 que le minist\u00e8re de l&rsquo;Int\u00e9rieur n&rsquo;est pas \u00e0 l&rsquo;origine de cette interdiction et qu&rsquo;il ne fait qu&rsquo;appliquer les d\u00e9cisions de justice sachant que Fadhel Abdelkefi s&rsquo;appr\u00eatait \u00e0 prendre l&rsquo;avion \u00e0 l&rsquo;a\u00e9roport Tunis-Carthage, aujourd\u2019hui.<\/p>\n<p>De son c\u00f4t\u00e9, le parti Afek Tounes a condamn\u00e9 avec la plus grande fermet\u00e9 cette mesure qualifi\u00e9e \u00ab\u00a0d\u2019arbitraire\u00a0\u00bb et de \u00ab\u00a0r\u00e9pressive\u00a0\u00bb, d\u00e9plorant \u00ab\u00a0l&rsquo;instrumentalisation\u00a0\u00bb des appareils de l&rsquo;Etat dans le but de \u00ab\u00a0r\u00e9primer l&rsquo;opposition\u00a0\u00bb et \u00ab\u00a0limiter les libert\u00e9s\u00a0\u00bb fondamentales et individuelles.<\/p>\n<p>Cette interdiction de voyager est une mesure administrative \u00ab\u00a0sans motif l\u00e9gal\u00a0\u00bb, a ajout\u00e9 le parti, soulignant qu&rsquo;il prendra toutes les dispositions appropri\u00e9es pour d\u00e9fendre le droit de son pr\u00e9sident de voyager et de circuler librement.<\/p>\n","protected":false},"excerpt":{"rendered":"<p>Le minist\u00e8re de l&rsquo;Int\u00e9rieur a r\u00e9agi, aujourd\u2019hui, par la voix de son porte-parole, Faker Bouzghaya, \u00e0 l\u2019interdiction de voyage dont a fait l\u2019objet le pr\u00e9sident&#8230;<\/p>\n","protected":false},"author":3162,"featured_media":253217,"comment_status":"open","ping_status":"closed","sticky":false,"template":"","format":"standard","meta":{"footnotes":""},"categories":[44],"tags":[8910,8622,3076],"class_list":["post-199022","post","type-post","status-publish","format-standard","has-post-thumbnail","hentry","category-national","tag-fadhel-abdelkefi","tag-interdiction-de-voyage","tag-ministere-de-linterieur"],"yoast_head":"<!-- This site is optimized with the Yoast SEO Premium plugin v27.4 (Yoast SEO v27.4) - https:\/\/yoast.com\/product\/yoast-seo-premium-wordpress\/ -->\n<title>Fadhel Abdelkefi interdit de voyage, les pr\u00e9cisions du MI<\/title>\n<meta name=\"description\" content=\"Le minist\u00e8re de l&#039;Int\u00e9rieur a r\u00e9agi, aujourd\u2019hui, par la voix de son porte-parole, Faker Bouzghaya, \u00e0 l\u2019interdiction de voyage dont a fait l\u2019objet le pr\u00e9sident...\" \/>\n<link rel=\"canonical\" href=\"https:\/\/www.webdo.tn\/fr\/actualite\/national\/fadhel-abdelkefi-interdit-de-voyage-les-precisions-du-mi\/199022\/\" \/>\n<meta property=\"og:locale\" content=\"fr_FR\" \/>\n<meta property=\"og:type\" content=\"article\" \/>\n<meta property=\"og:title\" content=\"Fadhel Abdelkefi interdit de voyage, les pr\u00e9cisions du MI\" \/>\n<meta property=\"og:description\" content=\"Le minist\u00e8re de l&#039;Int\u00e9rieur a r\u00e9agi, aujourd\u2019hui, par la voix de son porte-parole, Faker Bouzghaya, \u00e0 l\u2019interdiction de voyage dont a fait l\u2019objet le pr\u00e9sident...\" \/>\n<meta property=\"og:url\" content=\"https:\/\/www.webdo.tn\/fr\/actualite\/national\/fadhel-abdelkefi-interdit-de-voyage-les-precisions-du-mi\/199022\/\" \/>\n<meta property=\"og:site_name\" content=\"webdo\" \/>\n<meta property=\"article:publisher\" content=\"https:\/\/www.facebook.com\/webdotn\" \/>\n<meta property=\"article:published_time\" content=\"2022-11-16T15:16:00+00:00\" \/>\n<meta property=\"article:modified_time\" content=\"2025-05-20T22:04:52+00:00\" \/>\n<meta property=\"og:image\" content=\"https:\/\/www.webdo.tn\/fr\/wp-content\/uploads\/2022\/11\/cb51f036e3c601a14d123059f5e33700.jpg\" \/>\n\t<meta property=\"og:image:width\" content=\"750\" \/>\n\t<meta property=\"og:image:height\" content=\"400\" \/>\n\t<meta property=\"og:image:type\" content=\"image\/jpeg\" \/>\n<meta name=\"author\" content=\"MC\" \/>\n<meta name=\"twitter:card\" content=\"summary_large_image\" \/>\n<meta name=\"twitter:creator\" content=\"@webdo_tn\" \/>\n<meta name=\"twitter:site\" content=\"@webdo_tn\" \/>\n<meta name=\"twitter:label1\" content=\"\u00c9crit par\" \/>\n\t<meta name=\"twitter:data1\" content=\"MC\" \/>\n\t<meta name=\"twitter:label2\" content=\"Dur\u00e9e de lecture estim\u00e9e\" \/>\n\t<meta name=\"twitter:data2\" content=\"1 minute\" \/>\n<script type=\"application\/ld+json\" class=\"yoast-schema-graph\">{\"@context\":\"https:\\\/\\\/schema.org\",\"@graph\":[{\"@type\":\"NewsArticle\",\"@id\":\"https:\\\/\\\/www.webdo.tn\\\/fr\\\/actualite\\\/national\\\/fadhel-abdelkefi-interdit-de-voyage-les-precisions-du-mi\\\/199022\\\/#article\",\"isPartOf\":{\"@id\":\"https:\\\/\\\/www.webdo.tn\\\/fr\\\/actualite\\\/national\\\/fadhel-abdelkefi-interdit-de-voyage-les-precisions-du-mi\\\/199022\\\/\"},\"author\":{\"name\":\"MC\",\"@id\":\"https:\\\/\\\/www.webdo.tn\\\/fr\\\/#\\\/schema\\\/person\\\/2c4929cbf5a809e3bd38617c6ce150f6\"},\"headline\":\"Fadhel Abdelkefi interdit de voyage, les pr\u00e9cisions du MI\",\"datePublished\":\"2022-11-16T15:16:00+00:00\",\"dateModified\":\"2025-05-20T22:04:52+00:00\",\"mainEntityOfPage\":{\"@id\":\"https:\\\/\\\/www.webdo.tn\\\/fr\\\/actualite\\\/national\\\/fadhel-abdelkefi-interdit-de-voyage-les-precisions-du-mi\\\/199022\\\/\"},\"wordCount\":231,\"commentCount\":0,\"publisher\":{\"@id\":\"https:\\\/\\\/www.webdo.tn\\\/fr\\\/#organization\"},\"image\":{\"@id\":\"https:\\\/\\\/www.webdo.tn\\\/fr\\\/actualite\\\/national\\\/fadhel-abdelkefi-interdit-de-voyage-les-precisions-du-mi\\\/199022\\\/#primaryimage\"},\"thumbnailUrl\":\"https:\\\/\\\/www.webdo.tn\\\/fr\\\/wp-content\\\/uploads\\\/2022\\\/11\\\/cb51f036e3c601a14d123059f5e33700.jpg\",\"keywords\":[\"Fadhel Abdelkefi\",\"interdiction de voyage\",\"minist\u00e8re de l'int\u00e9rieur\"],\"articleSection\":[\"National\"],\"inLanguage\":\"fr-FR\"},{\"@type\":\"WebPage\",\"@id\":\"https:\\\/\\\/www.webdo.tn\\\/fr\\\/actualite\\\/national\\\/fadhel-abdelkefi-interdit-de-voyage-les-precisions-du-mi\\\/199022\\\/\",\"url\":\"https:\\\/\\\/www.webdo.tn\\\/fr\\\/actualite\\\/national\\\/fadhel-abdelkefi-interdit-de-voyage-les-precisions-du-mi\\\/199022\\\/\",\"name\":\"Fadhel Abdelkefi interdit de voyage, les pr\u00e9cisions du MI\",\"isPartOf\":{\"@id\":\"https:\\\/\\\/www.webdo.tn\\\/fr\\\/#website\"},\"primaryImageOfPage\":{\"@id\":\"https:\\\/\\\/www.webdo.tn\\\/fr\\\/actualite\\\/national\\\/fadhel-abdelkefi-interdit-de-voyage-les-precisions-du-mi\\\/199022\\\/#primaryimage\"},\"image\":{\"@id\":\"https:\\\/\\\/www.webdo.tn\\\/fr\\\/actualite\\\/national\\\/fadhel-abdelkefi-interdit-de-voyage-les-precisions-du-mi\\\/199022\\\/#primaryimage\"},\"thumbnailUrl\":\"https:\\\/\\\/www.webdo.tn\\\/fr\\\/wp-content\\\/uploads\\\/2022\\\/11\\\/cb51f036e3c601a14d123059f5e33700.jpg\",\"datePublished\":\"2022-11-16T15:16:00+00:00\",\"dateModified\":\"2025-05-20T22:04:52+00:00\",\"description\":\"Le minist\u00e8re de l'Int\u00e9rieur a r\u00e9agi, aujourd\u2019hui, par la voix de son porte-parole, Faker Bouzghaya, \u00e0 l\u2019interdiction de voyage dont a fait l\u2019objet le pr\u00e9sident...\",\"breadcrumb\":{\"@id\":\"https:\\\/\\\/www.webdo.tn\\\/fr\\\/actualite\\\/national\\\/fadhel-abdelkefi-interdit-de-voyage-les-precisions-du-mi\\\/199022\\\/#breadcrumb\"},\"inLanguage\":\"fr-FR\",\"potentialAction\":[{\"@type\":\"ReadAction\",\"target\":[\"https:\\\/\\\/www.webdo.tn\\\/fr\\\/actualite\\\/national\\\/fadhel-abdelkefi-interdit-de-voyage-les-precisions-du-mi\\\/199022\\\/\"]}]},{\"@type\":\"ImageObject\",\"inLanguage\":\"fr-FR\",\"@id\":\"https:\\\/\\\/www.webdo.tn\\\/fr\\\/actualite\\\/national\\\/fadhel-abdelkefi-interdit-de-voyage-les-precisions-du-mi\\\/199022\\\/#primaryimage\",\"url\":\"https:\\\/\\\/www.webdo.tn\\\/fr\\\/wp-content\\\/uploads\\\/2022\\\/11\\\/cb51f036e3c601a14d123059f5e33700.jpg\",\"contentUrl\":\"https:\\\/\\\/www.webdo.tn\\\/fr\\\/wp-content\\\/uploads\\\/2022\\\/11\\\/cb51f036e3c601a14d123059f5e33700.jpg\",\"width\":750,\"height\":400,\"caption\":\"Fadhel Abdelkefi\"},{\"@type\":\"BreadcrumbList\",\"@id\":\"https:\\\/\\\/www.webdo.tn\\\/fr\\\/actualite\\\/national\\\/fadhel-abdelkefi-interdit-de-voyage-les-precisions-du-mi\\\/199022\\\/#breadcrumb\",\"itemListElement\":[{\"@type\":\"ListItem\",\"position\":1,\"name\":\"Accueil\",\"item\":\"https:\\\/\\\/www.webdo.tn\\\/fr\\\/\"},{\"@type\":\"ListItem\",\"position\":2,\"name\":\"Fadhel Abdelkefi interdit de voyage, les pr\u00e9cisions du MI\"}]},{\"@type\":\"WebSite\",\"@id\":\"https:\\\/\\\/www.webdo.tn\\\/fr\\\/#website\",\"url\":\"https:\\\/\\\/www.webdo.tn\\\/fr\\\/\",\"name\":\"webdo\",\"description\":\"Tunisie - News en Tunisie et \u00e0 l&#039;international sur Webdo.tn\",\"publisher\":{\"@id\":\"https:\\\/\\\/www.webdo.tn\\\/fr\\\/#organization\"},\"potentialAction\":[{\"@type\":\"SearchAction\",\"target\":{\"@type\":\"EntryPoint\",\"urlTemplate\":\"https:\\\/\\\/www.webdo.tn\\\/fr\\\/?s={search_term_string}\"},\"query-input\":{\"@type\":\"PropertyValueSpecification\",\"valueRequired\":true,\"valueName\":\"search_term_string\"}}],\"inLanguage\":\"fr-FR\"},{\"@type\":\"Organization\",\"@id\":\"https:\\\/\\\/www.webdo.tn\\\/fr\\\/#organization\",\"name\":\"Webdo\",\"alternateName\":\"Webdo.tn\",\"url\":\"https:\\\/\\\/www.webdo.tn\\\/fr\\\/\",\"logo\":{\"@type\":\"ImageObject\",\"inLanguage\":\"fr-FR\",\"@id\":\"https:\\\/\\\/www.webdo.tn\\\/fr\\\/#\\\/schema\\\/logo\\\/image\\\/\",\"url\":\"https:\\\/\\\/www.webdo.tn\\\/fr\\\/wp-content\\\/uploads\\\/2025\\\/06\\\/Webdo-Tunisie_168377.jpg\",\"contentUrl\":\"https:\\\/\\\/www.webdo.tn\\\/fr\\\/wp-content\\\/uploads\\\/2025\\\/06\\\/Webdo-Tunisie_168377.jpg\",\"width\":301,\"height\":301,\"caption\":\"Webdo\"},\"image\":{\"@id\":\"https:\\\/\\\/www.webdo.tn\\\/fr\\\/#\\\/schema\\\/logo\\\/image\\\/\"},\"sameAs\":[\"https:\\\/\\\/www.facebook.com\\\/webdotn\",\"https:\\\/\\\/x.com\\\/webdo_tn\"],\"description\":\"Webdo est un m\u00e9dia num\u00e9rique tunisien fond\u00e9 en 2010, sp\u00e9cialis\u00e9 dans l\u2019actualit\u00e9 nationale et internationale, l\u2019\u00e9conomie, la soci\u00e9t\u00e9 et les analyses politiques. Le site s\u2019adresse \u00e0 un large public francophone et couvre l\u2019information tunisienne en temps r\u00e9el.\",\"email\":\"redac@webdo.tn\",\"legalName\":\"YNJ SARL\",\"foundingDate\":\"2010-09-06\",\"numberOfEmployees\":{\"@type\":\"QuantitativeValue\",\"minValue\":\"11\",\"maxValue\":\"50\"}},{\"@type\":\"Person\",\"@id\":\"https:\\\/\\\/www.webdo.tn\\\/fr\\\/#\\\/schema\\\/person\\\/2c4929cbf5a809e3bd38617c6ce150f6\",\"name\":\"MC\",\"image\":{\"@type\":\"ImageObject\",\"inLanguage\":\"fr-FR\",\"@id\":\"https:\\\/\\\/secure.gravatar.com\\\/avatar\\\/a545bbb6f84efdd5553dbbc2895e3ca8f1d12c5215e00a041c9670b54aa9b18a?s=96&d=mm&r=g\",\"url\":\"https:\\\/\\\/secure.gravatar.com\\\/avatar\\\/a545bbb6f84efdd5553dbbc2895e3ca8f1d12c5215e00a041c9670b54aa9b18a?s=96&d=mm&r=g\",\"contentUrl\":\"https:\\\/\\\/secure.gravatar.com\\\/avatar\\\/a545bbb6f84efdd5553dbbc2895e3ca8f1d12c5215e00a041c9670b54aa9b18a?s=96&d=mm&r=g\",\"caption\":\"MC\"},\"url\":\"https:\\\/\\\/www.webdo.tn\\\/fr\\\/actualite\\\/author\\\/mc\\\/\"}]}<\/script>\n<!-- \/ Yoast SEO Premium plugin. -->","yoast_head_json":{"title":"Fadhel Abdelkefi interdit de voyage, les pr\u00e9cisions du MI","description":"Le minist\u00e8re de l'Int\u00e9rieur a r\u00e9agi, aujourd\u2019hui, par la voix de son porte-parole, Faker Bouzghaya, \u00e0 l\u2019interdiction de voyage dont a fait l\u2019objet le pr\u00e9sident...","canonical":"https:\/\/www.webdo.tn\/fr\/actualite\/national\/fadhel-abdelkefi-interdit-de-voyage-les-precisions-du-mi\/199022\/","og_locale":"fr_FR","og_type":"article","og_title":"Fadhel Abdelkefi interdit de voyage, les pr\u00e9cisions du MI","og_description":"Le minist\u00e8re de l'Int\u00e9rieur a r\u00e9agi, aujourd\u2019hui, par la voix de son porte-parole, Faker Bouzghaya, \u00e0 l\u2019interdiction de voyage dont a fait l\u2019objet le pr\u00e9sident...","og_url":"https:\/\/www.webdo.tn\/fr\/actualite\/national\/fadhel-abdelkefi-interdit-de-voyage-les-precisions-du-mi\/199022\/","og_site_name":"webdo","article_publisher":"https:\/\/www.facebook.com\/webdotn","article_published_time":"2022-11-16T15:16:00+00:00","article_modified_time":"2025-05-20T22:04:52+00:00","og_image":[{"width":750,"height":400,"url":"https:\/\/www.webdo.tn\/fr\/wp-content\/uploads\/2022\/11\/cb51f036e3c601a14d123059f5e33700.jpg","type":"image\/jpeg"}],"author":"MC","twitter_card":"summary_large_image","twitter_creator":"@webdo_tn","twitter_site":"@webdo_tn","twitter_misc":{"\u00c9crit par":"MC","Dur\u00e9e de lecture estim\u00e9e":"1 minute"},"schema":{"@context":"https:\/\/schema.org","@graph":[{"@type":"NewsArticle","@id":"https:\/\/www.webdo.tn\/fr\/actualite\/national\/fadhel-abdelkefi-interdit-de-voyage-les-precisions-du-mi\/199022\/#article","isPartOf":{"@id":"https:\/\/www.webdo.tn\/fr\/actualite\/national\/fadhel-abdelkefi-interdit-de-voyage-les-precisions-du-mi\/199022\/"},"author":{"name":"MC","@id":"https:\/\/www.webdo.tn\/fr\/#\/schema\/person\/2c4929cbf5a809e3bd38617c6ce150f6"},"headline":"Fadhel Abdelkefi interdit de voyage, les pr\u00e9cisions du MI","datePublished":"2022-11-16T15:16:00+00:00","dateModified":"2025-05-20T22:04:52+00:00","mainEntityOfPage":{"@id":"https:\/\/www.webdo.tn\/fr\/actualite\/national\/fadhel-abdelkefi-interdit-de-voyage-les-precisions-du-mi\/199022\/"},"wordCount":231,"commentCount":0,"publisher":{"@id":"https:\/\/www.webdo.tn\/fr\/#organization"},"image":{"@id":"https:\/\/www.webdo.tn\/fr\/actualite\/national\/fadhel-abdelkefi-interdit-de-voyage-les-precisions-du-mi\/199022\/#primaryimage"},"thumbnailUrl":"https:\/\/www.webdo.tn\/fr\/wp-content\/uploads\/2022\/11\/cb51f036e3c601a14d123059f5e33700.jpg","keywords":["Fadhel Abdelkefi","interdiction de voyage","minist\u00e8re de l'int\u00e9rieur"],"articleSection":["National"],"inLanguage":"fr-FR"},{"@type":"WebPage","@id":"https:\/\/www.webdo.tn\/fr\/actualite\/national\/fadhel-abdelkefi-interdit-de-voyage-les-precisions-du-mi\/199022\/","url":"https:\/\/www.webdo.tn\/fr\/actualite\/national\/fadhel-abdelkefi-interdit-de-voyage-les-precisions-du-mi\/199022\/","name":"Fadhel Abdelkefi interdit de voyage, les pr\u00e9cisions du MI","isPartOf":{"@id":"https:\/\/www.webdo.tn\/fr\/#website"},"primaryImageOfPage":{"@id":"https:\/\/www.webdo.tn\/fr\/actualite\/national\/fadhel-abdelkefi-interdit-de-voyage-les-precisions-du-mi\/199022\/#primaryimage"},"image":{"@id":"https:\/\/www.webdo.tn\/fr\/actualite\/national\/fadhel-abdelkefi-interdit-de-voyage-les-precisions-du-mi\/199022\/#primaryimage"},"thumbnailUrl":"https:\/\/www.webdo.tn\/fr\/wp-content\/uploads\/2022\/11\/cb51f036e3c601a14d123059f5e33700.jpg","datePublished":"2022-11-16T15:16:00+00:00","dateModified":"2025-05-20T22:04:52+00:00","description":"Le minist\u00e8re de l'Int\u00e9rieur a r\u00e9agi, aujourd\u2019hui, par la voix de son porte-parole, Faker Bouzghaya, \u00e0 l\u2019interdiction de voyage dont a fait l\u2019objet le pr\u00e9sident...","breadcrumb":{"@id":"https:\/\/www.webdo.tn\/fr\/actualite\/national\/fadhel-abdelkefi-interdit-de-voyage-les-precisions-du-mi\/199022\/#breadcrumb"},"inLanguage":"fr-FR","potentialAction":[{"@type":"ReadAction","target":["https:\/\/www.webdo.tn\/fr\/actualite\/national\/fadhel-abdelkefi-interdit-de-voyage-les-precisions-du-mi\/199022\/"]}]},{"@type":"ImageObject","inLanguage":"fr-FR","@id":"https:\/\/www.webdo.tn\/fr\/actualite\/national\/fadhel-abdelkefi-interdit-de-voyage-les-precisions-du-mi\/199022\/#primaryimage","url":"https:\/\/www.webdo.tn\/fr\/wp-content\/uploads\/2022\/11\/cb51f036e3c601a14d123059f5e33700.jpg","contentUrl":"https:\/\/www.webdo.tn\/fr\/wp-content\/uploads\/2022\/11\/cb51f036e3c601a14d123059f5e33700.jpg","width":750,"height":400,"caption":"Fadhel Abdelkefi"},{"@type":"BreadcrumbList","@id":"https:\/\/www.webdo.tn\/fr\/actualite\/national\/fadhel-abdelkefi-interdit-de-voyage-les-precisions-du-mi\/199022\/#breadcrumb","itemListElement":[{"@type":"ListItem","position":1,"name":"Accueil","item":"https:\/\/www.webdo.tn\/fr\/"},{"@type":"ListItem","position":2,"name":"Fadhel Abdelkefi interdit de voyage, les pr\u00e9cisions du MI"}]},{"@type":"WebSite","@id":"https:\/\/www.webdo.tn\/fr\/#website","url":"https:\/\/www.webdo.tn\/fr\/","name":"webdo","description":"Tunisie - News en Tunisie et \u00e0 l&#039;international sur Webdo.tn","publisher":{"@id":"https:\/\/www.webdo.tn\/fr\/#organization"},"potentialAction":[{"@type":"SearchAction","target":{"@type":"EntryPoint","urlTemplate":"https:\/\/www.webdo.tn\/fr\/?s={search_term_string}"},"query-input":{"@type":"PropertyValueSpecification","valueRequired":true,"valueName":"search_term_string"}}],"inLanguage":"fr-FR"},{"@type":"Organization","@id":"https:\/\/www.webdo.tn\/fr\/#organization","name":"Webdo","alternateName":"Webdo.tn","url":"https:\/\/www.webdo.tn\/fr\/","logo":{"@type":"ImageObject","inLanguage":"fr-FR","@id":"https:\/\/www.webdo.tn\/fr\/#\/schema\/logo\/image\/","url":"https:\/\/www.webdo.tn\/fr\/wp-content\/uploads\/2025\/06\/Webdo-Tunisie_168377.jpg","contentUrl":"https:\/\/www.webdo.tn\/fr\/wp-content\/uploads\/2025\/06\/Webdo-Tunisie_168377.jpg","width":301,"height":301,"caption":"Webdo"},"image":{"@id":"https:\/\/www.webdo.tn\/fr\/#\/schema\/logo\/image\/"},"sameAs":["https:\/\/www.facebook.com\/webdotn","https:\/\/x.com\/webdo_tn"],"description":"Webdo est un m\u00e9dia num\u00e9rique tunisien fond\u00e9 en 2010, sp\u00e9cialis\u00e9 dans l\u2019actualit\u00e9 nationale et internationale, l\u2019\u00e9conomie, la soci\u00e9t\u00e9 et les analyses politiques. Le site s\u2019adresse \u00e0 un large public francophone et couvre l\u2019information tunisienne en temps r\u00e9el.","email":"redac@webdo.tn","legalName":"YNJ SARL","foundingDate":"2010-09-06","numberOfEmployees":{"@type":"QuantitativeValue","minValue":"11","maxValue":"50"}},{"@type":"Person","@id":"https:\/\/www.webdo.tn\/fr\/#\/schema\/person\/2c4929cbf5a809e3bd38617c6ce150f6","name":"MC","image":{"@type":"ImageObject","inLanguage":"fr-FR","@id":"https:\/\/secure.gravatar.com\/avatar\/a545bbb6f84efdd5553dbbc2895e3ca8f1d12c5215e00a041c9670b54aa9b18a?s=96&d=mm&r=g","url":"https:\/\/secure.gravatar.com\/avatar\/a545bbb6f84efdd5553dbbc2895e3ca8f1d12c5215e00a041c9670b54aa9b18a?s=96&d=mm&r=g","contentUrl":"https:\/\/secure.gravatar.com\/avatar\/a545bbb6f84efdd5553dbbc2895e3ca8f1d12c5215e00a041c9670b54aa9b18a?s=96&d=mm&r=g","caption":"MC"},"url":"https:\/\/www.webdo.tn\/fr\/actualite\/author\/mc\/"}]}},"_links":{"self":[{"href":"https:\/\/www.webdo.tn\/fr\/wp-json\/wp\/v2\/posts\/199022","targetHints":{"allow":["GET"]}}],"collection":[{"href":"https:\/\/www.webdo.tn\/fr\/wp-json\/wp\/v2\/posts"}],"about":[{"href":"https:\/\/www.webdo.tn\/fr\/wp-json\/wp\/v2\/types\/post"}],"author":[{"embeddable":true,"href":"https:\/\/www.webdo.tn\/fr\/wp-json\/wp\/v2\/users\/3162"}],"replies":[{"embeddable":true,"href":"https:\/\/www.webdo.tn\/fr\/wp-json\/wp\/v2\/comments?post=199022"}],"version-history":[{"count":0,"href":"https:\/\/www.webdo.tn\/fr\/wp-json\/wp\/v2\/posts\/199022\/revisions"}],"wp:featuredmedia":[{"embeddable":true,"href":"https:\/\/www.webdo.tn\/fr\/wp-json\/wp\/v2\/media\/253217"}],"wp:attachment":[{"href":"https:\/\/www.webdo.tn\/fr\/wp-json\/wp\/v2\/media?parent=199022"}],"wp:term":[{"taxonomy":"category","embeddable":true,"href":"https:\/\/www.webdo.tn\/fr\/wp-json\/wp\/v2\/categories?post=199022"},{"taxonomy":"post_tag","embeddable":true,"href":"https:\/\/www.webdo.tn\/fr\/wp-json\/wp\/v2\/tags?post=199022"}],"curies":[{"name":"wp","href":"https:\/\/api.w.org\/{rel}","templated":true}]}}