{"id":199017,"date":"2022-11-16T13:17:00","date_gmt":"2022-11-16T13:17:00","guid":{"rendered":"https:\/\/www.webdo.tn\/fr\/blog\/un-pot-de-vin-propose-a-une-patrouille-de-la-gn-suite-a-la-saisie-de-30-mille-litres-de-lait\/199017\/"},"modified":"2025-05-20T22:04:51","modified_gmt":"2025-05-20T22:04:51","slug":"un-pot-de-vin-propose-a-une-patrouille-de-la-gn-suite-a-la-saisie-de-30-mille-litres-de-lait","status":"publish","type":"post","link":"https:\/\/www.webdo.tn\/fr\/actualite\/national\/un-pot-de-vin-propose-a-une-patrouille-de-la-gn-suite-a-la-saisie-de-30-mille-litres-de-lait\/199017\/","title":{"rendered":"Un pot-de-vin propos\u00e9 \u00e0 une patrouille de la GN suite \u00e0 la saisie de 30 mille litres de lait"},"content":{"rendered":"<p>Pr\u00e8s de 30 mille litres de lait ont \u00e9t\u00e9 saisis dans entrep\u00f4t situ\u00e9 \u00e0 l\u2019Ariana, a annonc\u00e9, ce mercredi 16 novembre, le porte-parole de la Garde nationale Houssemeddine Jebabli, qui a \u00e9galement indiqu\u00e9 qu\u2019un pot-de-vin avait \u00e9t\u00e9 propos\u00e9 \u00e0 la brigade ayant intervenu sur les lieux.<\/p>\n<p>\t\t\t\t\t\t\t\t\tIl s\u2019agit plus pr\u00e9cis\u00e9ment de la saisie de 29.244 litres de lait et 21.672 bouteilles d\u2019eau min\u00e9rale, qui ont \u00e9t\u00e9 saisis suite \u00e0 une descente et apr\u00e8s consultation du parquet de l\u2019Ariana.<\/p>\n<p>Pire encore, le propri\u00e9taire de l\u2019entrep\u00f4t a propos\u00e9 un pot-de-vin de 3 mille dinars\u00a0 \u00e0 la patrouille en question a fait savoir le porte-parole de la Garde nationale.<\/p>\n<p>Suite \u00e0 cette tentative de corruption, le parquet a ordonn\u00e9 la saisie de la somme en question. Le propri\u00e9taire devra r\u00e9pondre de deux accusations : \u00ab corruption d\u2019un fonctionnaire public \u00bb, \u00ab possession de produits \u00e0 des fins de sp\u00e9culation, par une partie ne r\u00e9pondant pas aux conditions de pratique du commerce \u00bb.<\/p>\n","protected":false},"excerpt":{"rendered":"<p>Pr\u00e8s de 30 mille litres de lait ont \u00e9t\u00e9 saisis dans entrep\u00f4t situ\u00e9 \u00e0 l\u2019Ariana, a annonc\u00e9, ce mercredi 16 novembre, le porte-parole de la Garde nationale Houssem&#8230;<\/p>\n","protected":false},"author":3162,"featured_media":253214,"comment_status":"open","ping_status":"closed","sticky":false,"template":"","format":"standard","meta":{"footnotes":""},"categories":[44],"tags":[3196,2631,2767,5618,3055],"class_list":["post-199017","post","type-post","status-publish","format-standard","has-post-thumbnail","hentry","category-national","tag-corruption","tag-eau","tag-garde-nationale","tag-lait","tag-speculation"],"yoast_head":"<!-- This site is optimized with the Yoast SEO Premium plugin v27.4 (Yoast SEO v27.5) - https:\/\/yoast.com\/product\/yoast-seo-premium-wordpress\/ -->\n<title>Un pot-de-vin propos\u00e9 \u00e0 une patrouille de la GN suite \u00e0 la saisie de 30 mille litres de lait<\/title>\n<meta name=\"description\" content=\"Pr\u00e8s de 30 mille litres de lait ont \u00e9t\u00e9 saisis dans entrep\u00f4t situ\u00e9 \u00e0 l\u2019Ariana, a annonc\u00e9, ce mercredi 16 novembre, le porte-parole de la Garde nationale Houssem...\" \/>\n<link rel=\"canonical\" href=\"https:\/\/www.webdo.tn\/fr\/actualite\/national\/un-pot-de-vin-propose-a-une-patrouille-de-la-gn-suite-a-la-saisie-de-30-mille-litres-de-lait\/199017\/\" \/>\n<meta property=\"og:locale\" content=\"fr_FR\" \/>\n<meta property=\"og:type\" content=\"article\" \/>\n<meta property=\"og:title\" content=\"Un pot-de-vin propos\u00e9 \u00e0 une patrouille de la GN suite \u00e0 la saisie de 30 mille litres de lait\" \/>\n<meta property=\"og:description\" content=\"Pr\u00e8s de 30 mille litres de lait ont \u00e9t\u00e9 saisis dans entrep\u00f4t situ\u00e9 \u00e0 l\u2019Ariana, a annonc\u00e9, ce mercredi 16 novembre, le porte-parole de la Garde nationale Houssem...\" \/>\n<meta property=\"og:url\" content=\"https:\/\/www.webdo.tn\/fr\/actualite\/national\/un-pot-de-vin-propose-a-une-patrouille-de-la-gn-suite-a-la-saisie-de-30-mille-litres-de-lait\/199017\/\" \/>\n<meta property=\"og:site_name\" content=\"webdo\" \/>\n<meta property=\"article:publisher\" content=\"https:\/\/www.facebook.com\/webdotn\" \/>\n<meta property=\"article:published_time\" content=\"2022-11-16T13:17:00+00:00\" \/>\n<meta property=\"article:modified_time\" content=\"2025-05-20T22:04:51+00:00\" \/>\n<meta property=\"og:image\" content=\"https:\/\/www.webdo.tn\/fr\/wp-content\/uploads\/2022\/11\/0c5ddbe06fbdc67667694e442d8e046a.jpg\" \/>\n\t<meta property=\"og:image:width\" content=\"626\" \/>\n\t<meta property=\"og:image:height\" content=\"334\" \/>\n\t<meta property=\"og:image:type\" content=\"image\/jpeg\" \/>\n<meta name=\"author\" content=\"MC\" \/>\n<meta name=\"twitter:card\" content=\"summary_large_image\" \/>\n<meta name=\"twitter:creator\" content=\"@webdo_tn\" \/>\n<meta name=\"twitter:site\" content=\"@webdo_tn\" \/>\n<meta name=\"twitter:label1\" content=\"\u00c9crit par\" \/>\n\t<meta name=\"twitter:data1\" content=\"MC\" \/>\n\t<meta name=\"twitter:label2\" content=\"Dur\u00e9e de lecture estim\u00e9e\" \/>\n\t<meta name=\"twitter:data2\" content=\"1 minute\" \/>\n<script type=\"application\/ld+json\" class=\"yoast-schema-graph\">{\"@context\":\"https:\\\/\\\/schema.org\",\"@graph\":[{\"@type\":\"NewsArticle\",\"@id\":\"https:\\\/\\\/www.webdo.tn\\\/fr\\\/actualite\\\/national\\\/un-pot-de-vin-propose-a-une-patrouille-de-la-gn-suite-a-la-saisie-de-30-mille-litres-de-lait\\\/199017\\\/#article\",\"isPartOf\":{\"@id\":\"https:\\\/\\\/www.webdo.tn\\\/fr\\\/actualite\\\/national\\\/un-pot-de-vin-propose-a-une-patrouille-de-la-gn-suite-a-la-saisie-de-30-mille-litres-de-lait\\\/199017\\\/\"},\"author\":{\"name\":\"MC\",\"@id\":\"https:\\\/\\\/www.webdo.tn\\\/fr\\\/#\\\/schema\\\/person\\\/2c4929cbf5a809e3bd38617c6ce150f6\"},\"headline\":\"Un pot-de-vin propos\u00e9 \u00e0 une patrouille de la GN suite \u00e0 la saisie de 30 mille litres de lait\",\"datePublished\":\"2022-11-16T13:17:00+00:00\",\"dateModified\":\"2025-05-20T22:04:51+00:00\",\"mainEntityOfPage\":{\"@id\":\"https:\\\/\\\/www.webdo.tn\\\/fr\\\/actualite\\\/national\\\/un-pot-de-vin-propose-a-une-patrouille-de-la-gn-suite-a-la-saisie-de-30-mille-litres-de-lait\\\/199017\\\/\"},\"wordCount\":178,\"commentCount\":0,\"publisher\":{\"@id\":\"https:\\\/\\\/www.webdo.tn\\\/fr\\\/#organization\"},\"image\":{\"@id\":\"https:\\\/\\\/www.webdo.tn\\\/fr\\\/actualite\\\/national\\\/un-pot-de-vin-propose-a-une-patrouille-de-la-gn-suite-a-la-saisie-de-30-mille-litres-de-lait\\\/199017\\\/#primaryimage\"},\"thumbnailUrl\":\"https:\\\/\\\/www.webdo.tn\\\/fr\\\/wp-content\\\/uploads\\\/2022\\\/11\\\/0c5ddbe06fbdc67667694e442d8e046a.jpg\",\"keywords\":[\"corruption\",\"eau\",\"Garde nationale\",\"Lait\",\"sp\u00e9culation\"],\"articleSection\":[\"National\"],\"inLanguage\":\"fr-FR\"},{\"@type\":\"WebPage\",\"@id\":\"https:\\\/\\\/www.webdo.tn\\\/fr\\\/actualite\\\/national\\\/un-pot-de-vin-propose-a-une-patrouille-de-la-gn-suite-a-la-saisie-de-30-mille-litres-de-lait\\\/199017\\\/\",\"url\":\"https:\\\/\\\/www.webdo.tn\\\/fr\\\/actualite\\\/national\\\/un-pot-de-vin-propose-a-une-patrouille-de-la-gn-suite-a-la-saisie-de-30-mille-litres-de-lait\\\/199017\\\/\",\"name\":\"Un pot-de-vin propos\u00e9 \u00e0 une patrouille de la GN suite \u00e0 la saisie de 30 mille litres de lait\",\"isPartOf\":{\"@id\":\"https:\\\/\\\/www.webdo.tn\\\/fr\\\/#website\"},\"primaryImageOfPage\":{\"@id\":\"https:\\\/\\\/www.webdo.tn\\\/fr\\\/actualite\\\/national\\\/un-pot-de-vin-propose-a-une-patrouille-de-la-gn-suite-a-la-saisie-de-30-mille-litres-de-lait\\\/199017\\\/#primaryimage\"},\"image\":{\"@id\":\"https:\\\/\\\/www.webdo.tn\\\/fr\\\/actualite\\\/national\\\/un-pot-de-vin-propose-a-une-patrouille-de-la-gn-suite-a-la-saisie-de-30-mille-litres-de-lait\\\/199017\\\/#primaryimage\"},\"thumbnailUrl\":\"https:\\\/\\\/www.webdo.tn\\\/fr\\\/wp-content\\\/uploads\\\/2022\\\/11\\\/0c5ddbe06fbdc67667694e442d8e046a.jpg\",\"datePublished\":\"2022-11-16T13:17:00+00:00\",\"dateModified\":\"2025-05-20T22:04:51+00:00\",\"description\":\"Pr\u00e8s de 30 mille litres de lait ont \u00e9t\u00e9 saisis dans entrep\u00f4t situ\u00e9 \u00e0 l\u2019Ariana, a annonc\u00e9, ce mercredi 16 novembre, le porte-parole de la Garde nationale Houssem...\",\"breadcrumb\":{\"@id\":\"https:\\\/\\\/www.webdo.tn\\\/fr\\\/actualite\\\/national\\\/un-pot-de-vin-propose-a-une-patrouille-de-la-gn-suite-a-la-saisie-de-30-mille-litres-de-lait\\\/199017\\\/#breadcrumb\"},\"inLanguage\":\"fr-FR\",\"potentialAction\":[{\"@type\":\"ReadAction\",\"target\":[\"https:\\\/\\\/www.webdo.tn\\\/fr\\\/actualite\\\/national\\\/un-pot-de-vin-propose-a-une-patrouille-de-la-gn-suite-a-la-saisie-de-30-mille-litres-de-lait\\\/199017\\\/\"]}]},{\"@type\":\"ImageObject\",\"inLanguage\":\"fr-FR\",\"@id\":\"https:\\\/\\\/www.webdo.tn\\\/fr\\\/actualite\\\/national\\\/un-pot-de-vin-propose-a-une-patrouille-de-la-gn-suite-a-la-saisie-de-30-mille-litres-de-lait\\\/199017\\\/#primaryimage\",\"url\":\"https:\\\/\\\/www.webdo.tn\\\/fr\\\/wp-content\\\/uploads\\\/2022\\\/11\\\/0c5ddbe06fbdc67667694e442d8e046a.jpg\",\"contentUrl\":\"https:\\\/\\\/www.webdo.tn\\\/fr\\\/wp-content\\\/uploads\\\/2022\\\/11\\\/0c5ddbe06fbdc67667694e442d8e046a.jpg\",\"width\":626,\"height\":334,\"caption\":\"lait\"},{\"@type\":\"BreadcrumbList\",\"@id\":\"https:\\\/\\\/www.webdo.tn\\\/fr\\\/actualite\\\/national\\\/un-pot-de-vin-propose-a-une-patrouille-de-la-gn-suite-a-la-saisie-de-30-mille-litres-de-lait\\\/199017\\\/#breadcrumb\",\"itemListElement\":[{\"@type\":\"ListItem\",\"position\":1,\"name\":\"Accueil\",\"item\":\"https:\\\/\\\/www.webdo.tn\\\/fr\\\/\"},{\"@type\":\"ListItem\",\"position\":2,\"name\":\"Un pot-de-vin propos\u00e9 \u00e0 une patrouille de la GN suite \u00e0 la saisie de 30 mille litres de lait\"}]},{\"@type\":\"WebSite\",\"@id\":\"https:\\\/\\\/www.webdo.tn\\\/fr\\\/#website\",\"url\":\"https:\\\/\\\/www.webdo.tn\\\/fr\\\/\",\"name\":\"webdo\",\"description\":\"Tunisie - News en Tunisie et \u00e0 l&#039;international sur Webdo.tn\",\"publisher\":{\"@id\":\"https:\\\/\\\/www.webdo.tn\\\/fr\\\/#organization\"},\"potentialAction\":[{\"@type\":\"SearchAction\",\"target\":{\"@type\":\"EntryPoint\",\"urlTemplate\":\"https:\\\/\\\/www.webdo.tn\\\/fr\\\/?s={search_term_string}\"},\"query-input\":{\"@type\":\"PropertyValueSpecification\",\"valueRequired\":true,\"valueName\":\"search_term_string\"}}],\"inLanguage\":\"fr-FR\"},{\"@type\":\"Organization\",\"@id\":\"https:\\\/\\\/www.webdo.tn\\\/fr\\\/#organization\",\"name\":\"Webdo\",\"alternateName\":\"Webdo.tn\",\"url\":\"https:\\\/\\\/www.webdo.tn\\\/fr\\\/\",\"logo\":{\"@type\":\"ImageObject\",\"inLanguage\":\"fr-FR\",\"@id\":\"https:\\\/\\\/www.webdo.tn\\\/fr\\\/#\\\/schema\\\/logo\\\/image\\\/\",\"url\":\"https:\\\/\\\/www.webdo.tn\\\/fr\\\/wp-content\\\/uploads\\\/2025\\\/06\\\/Webdo-Tunisie_168377.jpg\",\"contentUrl\":\"https:\\\/\\\/www.webdo.tn\\\/fr\\\/wp-content\\\/uploads\\\/2025\\\/06\\\/Webdo-Tunisie_168377.jpg\",\"width\":301,\"height\":301,\"caption\":\"Webdo\"},\"image\":{\"@id\":\"https:\\\/\\\/www.webdo.tn\\\/fr\\\/#\\\/schema\\\/logo\\\/image\\\/\"},\"sameAs\":[\"https:\\\/\\\/www.facebook.com\\\/webdotn\",\"https:\\\/\\\/x.com\\\/webdo_tn\"],\"description\":\"Webdo est un m\u00e9dia num\u00e9rique tunisien fond\u00e9 en 2010, sp\u00e9cialis\u00e9 dans l\u2019actualit\u00e9 nationale et internationale, l\u2019\u00e9conomie, la soci\u00e9t\u00e9 et les analyses politiques. Le site s\u2019adresse \u00e0 un large public francophone et couvre l\u2019information tunisienne en temps r\u00e9el.\",\"email\":\"redac@webdo.tn\",\"legalName\":\"YNJ SARL\",\"foundingDate\":\"2010-09-06\",\"numberOfEmployees\":{\"@type\":\"QuantitativeValue\",\"minValue\":\"11\",\"maxValue\":\"50\"}},{\"@type\":\"Person\",\"@id\":\"https:\\\/\\\/www.webdo.tn\\\/fr\\\/#\\\/schema\\\/person\\\/2c4929cbf5a809e3bd38617c6ce150f6\",\"name\":\"MC\",\"image\":{\"@type\":\"ImageObject\",\"inLanguage\":\"fr-FR\",\"@id\":\"https:\\\/\\\/secure.gravatar.com\\\/avatar\\\/a545bbb6f84efdd5553dbbc2895e3ca8f1d12c5215e00a041c9670b54aa9b18a?s=96&d=mm&r=g\",\"url\":\"https:\\\/\\\/secure.gravatar.com\\\/avatar\\\/a545bbb6f84efdd5553dbbc2895e3ca8f1d12c5215e00a041c9670b54aa9b18a?s=96&d=mm&r=g\",\"contentUrl\":\"https:\\\/\\\/secure.gravatar.com\\\/avatar\\\/a545bbb6f84efdd5553dbbc2895e3ca8f1d12c5215e00a041c9670b54aa9b18a?s=96&d=mm&r=g\",\"caption\":\"MC\"},\"url\":\"https:\\\/\\\/www.webdo.tn\\\/fr\\\/actualite\\\/author\\\/mc\\\/\"}]}<\/script>\n<!-- \/ Yoast SEO Premium plugin. -->","yoast_head_json":{"title":"Un pot-de-vin propos\u00e9 \u00e0 une patrouille de la GN suite \u00e0 la saisie de 30 mille litres de lait","description":"Pr\u00e8s de 30 mille litres de lait ont \u00e9t\u00e9 saisis dans entrep\u00f4t situ\u00e9 \u00e0 l\u2019Ariana, a annonc\u00e9, ce mercredi 16 novembre, le porte-parole de la Garde nationale Houssem...","canonical":"https:\/\/www.webdo.tn\/fr\/actualite\/national\/un-pot-de-vin-propose-a-une-patrouille-de-la-gn-suite-a-la-saisie-de-30-mille-litres-de-lait\/199017\/","og_locale":"fr_FR","og_type":"article","og_title":"Un pot-de-vin propos\u00e9 \u00e0 une patrouille de la GN suite \u00e0 la saisie de 30 mille litres de lait","og_description":"Pr\u00e8s de 30 mille litres de lait ont \u00e9t\u00e9 saisis dans entrep\u00f4t situ\u00e9 \u00e0 l\u2019Ariana, a annonc\u00e9, ce mercredi 16 novembre, le porte-parole de la Garde nationale Houssem...","og_url":"https:\/\/www.webdo.tn\/fr\/actualite\/national\/un-pot-de-vin-propose-a-une-patrouille-de-la-gn-suite-a-la-saisie-de-30-mille-litres-de-lait\/199017\/","og_site_name":"webdo","article_publisher":"https:\/\/www.facebook.com\/webdotn","article_published_time":"2022-11-16T13:17:00+00:00","article_modified_time":"2025-05-20T22:04:51+00:00","og_image":[{"width":626,"height":334,"url":"https:\/\/www.webdo.tn\/fr\/wp-content\/uploads\/2022\/11\/0c5ddbe06fbdc67667694e442d8e046a.jpg","type":"image\/jpeg"}],"author":"MC","twitter_card":"summary_large_image","twitter_creator":"@webdo_tn","twitter_site":"@webdo_tn","twitter_misc":{"\u00c9crit par":"MC","Dur\u00e9e de lecture estim\u00e9e":"1 minute"},"schema":{"@context":"https:\/\/schema.org","@graph":[{"@type":"NewsArticle","@id":"https:\/\/www.webdo.tn\/fr\/actualite\/national\/un-pot-de-vin-propose-a-une-patrouille-de-la-gn-suite-a-la-saisie-de-30-mille-litres-de-lait\/199017\/#article","isPartOf":{"@id":"https:\/\/www.webdo.tn\/fr\/actualite\/national\/un-pot-de-vin-propose-a-une-patrouille-de-la-gn-suite-a-la-saisie-de-30-mille-litres-de-lait\/199017\/"},"author":{"name":"MC","@id":"https:\/\/www.webdo.tn\/fr\/#\/schema\/person\/2c4929cbf5a809e3bd38617c6ce150f6"},"headline":"Un pot-de-vin propos\u00e9 \u00e0 une patrouille de la GN suite \u00e0 la saisie de 30 mille litres de lait","datePublished":"2022-11-16T13:17:00+00:00","dateModified":"2025-05-20T22:04:51+00:00","mainEntityOfPage":{"@id":"https:\/\/www.webdo.tn\/fr\/actualite\/national\/un-pot-de-vin-propose-a-une-patrouille-de-la-gn-suite-a-la-saisie-de-30-mille-litres-de-lait\/199017\/"},"wordCount":178,"commentCount":0,"publisher":{"@id":"https:\/\/www.webdo.tn\/fr\/#organization"},"image":{"@id":"https:\/\/www.webdo.tn\/fr\/actualite\/national\/un-pot-de-vin-propose-a-une-patrouille-de-la-gn-suite-a-la-saisie-de-30-mille-litres-de-lait\/199017\/#primaryimage"},"thumbnailUrl":"https:\/\/www.webdo.tn\/fr\/wp-content\/uploads\/2022\/11\/0c5ddbe06fbdc67667694e442d8e046a.jpg","keywords":["corruption","eau","Garde nationale","Lait","sp\u00e9culation"],"articleSection":["National"],"inLanguage":"fr-FR"},{"@type":"WebPage","@id":"https:\/\/www.webdo.tn\/fr\/actualite\/national\/un-pot-de-vin-propose-a-une-patrouille-de-la-gn-suite-a-la-saisie-de-30-mille-litres-de-lait\/199017\/","url":"https:\/\/www.webdo.tn\/fr\/actualite\/national\/un-pot-de-vin-propose-a-une-patrouille-de-la-gn-suite-a-la-saisie-de-30-mille-litres-de-lait\/199017\/","name":"Un pot-de-vin propos\u00e9 \u00e0 une patrouille de la GN suite \u00e0 la saisie de 30 mille litres de lait","isPartOf":{"@id":"https:\/\/www.webdo.tn\/fr\/#website"},"primaryImageOfPage":{"@id":"https:\/\/www.webdo.tn\/fr\/actualite\/national\/un-pot-de-vin-propose-a-une-patrouille-de-la-gn-suite-a-la-saisie-de-30-mille-litres-de-lait\/199017\/#primaryimage"},"image":{"@id":"https:\/\/www.webdo.tn\/fr\/actualite\/national\/un-pot-de-vin-propose-a-une-patrouille-de-la-gn-suite-a-la-saisie-de-30-mille-litres-de-lait\/199017\/#primaryimage"},"thumbnailUrl":"https:\/\/www.webdo.tn\/fr\/wp-content\/uploads\/2022\/11\/0c5ddbe06fbdc67667694e442d8e046a.jpg","datePublished":"2022-11-16T13:17:00+00:00","dateModified":"2025-05-20T22:04:51+00:00","description":"Pr\u00e8s de 30 mille litres de lait ont \u00e9t\u00e9 saisis dans entrep\u00f4t situ\u00e9 \u00e0 l\u2019Ariana, a annonc\u00e9, ce mercredi 16 novembre, le porte-parole de la Garde nationale Houssem...","breadcrumb":{"@id":"https:\/\/www.webdo.tn\/fr\/actualite\/national\/un-pot-de-vin-propose-a-une-patrouille-de-la-gn-suite-a-la-saisie-de-30-mille-litres-de-lait\/199017\/#breadcrumb"},"inLanguage":"fr-FR","potentialAction":[{"@type":"ReadAction","target":["https:\/\/www.webdo.tn\/fr\/actualite\/national\/un-pot-de-vin-propose-a-une-patrouille-de-la-gn-suite-a-la-saisie-de-30-mille-litres-de-lait\/199017\/"]}]},{"@type":"ImageObject","inLanguage":"fr-FR","@id":"https:\/\/www.webdo.tn\/fr\/actualite\/national\/un-pot-de-vin-propose-a-une-patrouille-de-la-gn-suite-a-la-saisie-de-30-mille-litres-de-lait\/199017\/#primaryimage","url":"https:\/\/www.webdo.tn\/fr\/wp-content\/uploads\/2022\/11\/0c5ddbe06fbdc67667694e442d8e046a.jpg","contentUrl":"https:\/\/www.webdo.tn\/fr\/wp-content\/uploads\/2022\/11\/0c5ddbe06fbdc67667694e442d8e046a.jpg","width":626,"height":334,"caption":"lait"},{"@type":"BreadcrumbList","@id":"https:\/\/www.webdo.tn\/fr\/actualite\/national\/un-pot-de-vin-propose-a-une-patrouille-de-la-gn-suite-a-la-saisie-de-30-mille-litres-de-lait\/199017\/#breadcrumb","itemListElement":[{"@type":"ListItem","position":1,"name":"Accueil","item":"https:\/\/www.webdo.tn\/fr\/"},{"@type":"ListItem","position":2,"name":"Un pot-de-vin propos\u00e9 \u00e0 une patrouille de la GN suite \u00e0 la saisie de 30 mille litres de lait"}]},{"@type":"WebSite","@id":"https:\/\/www.webdo.tn\/fr\/#website","url":"https:\/\/www.webdo.tn\/fr\/","name":"webdo","description":"Tunisie - News en Tunisie et \u00e0 l&#039;international sur Webdo.tn","publisher":{"@id":"https:\/\/www.webdo.tn\/fr\/#organization"},"potentialAction":[{"@type":"SearchAction","target":{"@type":"EntryPoint","urlTemplate":"https:\/\/www.webdo.tn\/fr\/?s={search_term_string}"},"query-input":{"@type":"PropertyValueSpecification","valueRequired":true,"valueName":"search_term_string"}}],"inLanguage":"fr-FR"},{"@type":"Organization","@id":"https:\/\/www.webdo.tn\/fr\/#organization","name":"Webdo","alternateName":"Webdo.tn","url":"https:\/\/www.webdo.tn\/fr\/","logo":{"@type":"ImageObject","inLanguage":"fr-FR","@id":"https:\/\/www.webdo.tn\/fr\/#\/schema\/logo\/image\/","url":"https:\/\/www.webdo.tn\/fr\/wp-content\/uploads\/2025\/06\/Webdo-Tunisie_168377.jpg","contentUrl":"https:\/\/www.webdo.tn\/fr\/wp-content\/uploads\/2025\/06\/Webdo-Tunisie_168377.jpg","width":301,"height":301,"caption":"Webdo"},"image":{"@id":"https:\/\/www.webdo.tn\/fr\/#\/schema\/logo\/image\/"},"sameAs":["https:\/\/www.facebook.com\/webdotn","https:\/\/x.com\/webdo_tn"],"description":"Webdo est un m\u00e9dia num\u00e9rique tunisien fond\u00e9 en 2010, sp\u00e9cialis\u00e9 dans l\u2019actualit\u00e9 nationale et internationale, l\u2019\u00e9conomie, la soci\u00e9t\u00e9 et les analyses politiques. Le site s\u2019adresse \u00e0 un large public francophone et couvre l\u2019information tunisienne en temps r\u00e9el.","email":"redac@webdo.tn","legalName":"YNJ SARL","foundingDate":"2010-09-06","numberOfEmployees":{"@type":"QuantitativeValue","minValue":"11","maxValue":"50"}},{"@type":"Person","@id":"https:\/\/www.webdo.tn\/fr\/#\/schema\/person\/2c4929cbf5a809e3bd38617c6ce150f6","name":"MC","image":{"@type":"ImageObject","inLanguage":"fr-FR","@id":"https:\/\/secure.gravatar.com\/avatar\/a545bbb6f84efdd5553dbbc2895e3ca8f1d12c5215e00a041c9670b54aa9b18a?s=96&d=mm&r=g","url":"https:\/\/secure.gravatar.com\/avatar\/a545bbb6f84efdd5553dbbc2895e3ca8f1d12c5215e00a041c9670b54aa9b18a?s=96&d=mm&r=g","contentUrl":"https:\/\/secure.gravatar.com\/avatar\/a545bbb6f84efdd5553dbbc2895e3ca8f1d12c5215e00a041c9670b54aa9b18a?s=96&d=mm&r=g","caption":"MC"},"url":"https:\/\/www.webdo.tn\/fr\/actualite\/author\/mc\/"}]}},"_links":{"self":[{"href":"https:\/\/www.webdo.tn\/fr\/wp-json\/wp\/v2\/posts\/199017","targetHints":{"allow":["GET"]}}],"collection":[{"href":"https:\/\/www.webdo.tn\/fr\/wp-json\/wp\/v2\/posts"}],"about":[{"href":"https:\/\/www.webdo.tn\/fr\/wp-json\/wp\/v2\/types\/post"}],"author":[{"embeddable":true,"href":"https:\/\/www.webdo.tn\/fr\/wp-json\/wp\/v2\/users\/3162"}],"replies":[{"embeddable":true,"href":"https:\/\/www.webdo.tn\/fr\/wp-json\/wp\/v2\/comments?post=199017"}],"version-history":[{"count":0,"href":"https:\/\/www.webdo.tn\/fr\/wp-json\/wp\/v2\/posts\/199017\/revisions"}],"wp:featuredmedia":[{"embeddable":true,"href":"https:\/\/www.webdo.tn\/fr\/wp-json\/wp\/v2\/media\/253214"}],"wp:attachment":[{"href":"https:\/\/www.webdo.tn\/fr\/wp-json\/wp\/v2\/media?parent=199017"}],"wp:term":[{"taxonomy":"category","embeddable":true,"href":"https:\/\/www.webdo.tn\/fr\/wp-json\/wp\/v2\/categories?post=199017"},{"taxonomy":"post_tag","embeddable":true,"href":"https:\/\/www.webdo.tn\/fr\/wp-json\/wp\/v2\/tags?post=199017"}],"curies":[{"name":"wp","href":"https:\/\/api.w.org\/{rel}","templated":true}]}}