{"id":199016,"date":"2022-11-16T13:16:00","date_gmt":"2022-11-16T13:16:00","guid":{"rendered":"https:\/\/www.webdo.tn\/fr\/blog\/tunisie-fin-de-la-crise-des-enseignants-suppleants\/199016\/"},"modified":"2025-05-20T22:46:53","modified_gmt":"2025-05-20T22:46:53","slug":"tunisie-fin-de-la-crise-des-enseignants-suppleants","status":"publish","type":"post","link":"https:\/\/www.webdo.tn\/fr\/actualite\/national\/tunisie-fin-de-la-crise-des-enseignants-suppleants\/199016\/","title":{"rendered":"Tunisie : Fin de la crise des enseignants suppl\u00e9ants"},"content":{"rendered":"<p>Le minist\u00e8re de l\u2019Education a annonc\u00e9 la signature d\u2019un accord avec la f\u00e9d\u00e9ration g\u00e9n\u00e9rale de l\u2019enseignement de base concernant la situation des enseignants suppl\u00e9ants.<\/p>\n<p>\t\t\t\t\t\t\t\t\tSans entrer dans ses d\u00e9tails, le ministre de l\u2019Education a consid\u00e9r\u00e9 que cet accord va mettre fin \u00e0 la crise des enseignants qui secou\u00e9 la derni\u00e8re rentr\u00e9e scolaire.\u00a0<\/p>\n<p>Pour sa part, le secr\u00e9taire-g\u00e9n\u00e9ral de ladite f\u00e9d\u00e9ration a affirm\u00e9 que les enseignants vont rattraper les cours suite aux s\u00e9ances rat\u00e9es.\u00a0<\/p>\n<p>Le secr\u00e9taire g\u00e9n\u00e9ral de l&rsquo;union g\u00e9n\u00e9rale tunisienne du travail (UGTT), Noureddine Tabboubi a promis d&rsquo;intervenir aupr\u00e8s des parties responsables afin de rapprocher les vues et parvenir \u00e0 r\u00e9soudre la crise suite \u00e0 l&rsquo;\u00e9chec des n\u00e9gociations entre le minist\u00e8re de l&rsquo;\u00e9ducation et la f\u00e9d\u00e9ration g\u00e9n\u00e9rale de l&rsquo;enseignement de base.<\/p>\n<p>Les enseignants suppl\u00e9ants concern\u00e9es n&rsquo;ont pas, rappelons-le, sign\u00e9 le contrat propos\u00e9 par le minist\u00e8re de l&rsquo;\u00e9ducation.<\/p>\n","protected":false},"excerpt":{"rendered":"<p>Le minist\u00e8re de l\u2019Education a annonc\u00e9 la signature d\u2019un accord avec la f\u00e9d\u00e9ration g\u00e9n\u00e9rale de l\u2019enseignement de base concernant la situation des enseignants sup&#8230;<\/p>\n","protected":false},"author":3175,"featured_media":253213,"comment_status":"open","ping_status":"closed","sticky":false,"template":"","format":"standard","meta":{"footnotes":""},"categories":[44],"tags":[3911,2608],"class_list":["post-199016","post","type-post","status-publish","format-standard","has-post-thumbnail","hentry","category-national","tag-enseignants","tag-tunisie"],"yoast_head":"<!-- This site is optimized with the Yoast SEO Premium plugin v27.4 (Yoast SEO v27.5) - https:\/\/yoast.com\/product\/yoast-seo-premium-wordpress\/ -->\n<title>Tunisie : Fin de la crise des enseignants suppl\u00e9ants<\/title>\n<meta name=\"description\" content=\"Le minist\u00e8re de l\u2019Education a annonc\u00e9 la signature d\u2019un accord avec la f\u00e9d\u00e9ration g\u00e9n\u00e9rale de l\u2019enseignement de base concernant la situation des enseignants sup...\" \/>\n<link rel=\"canonical\" href=\"https:\/\/www.webdo.tn\/fr\/actualite\/national\/tunisie-fin-de-la-crise-des-enseignants-suppleants\/199016\/\" \/>\n<meta property=\"og:locale\" content=\"fr_FR\" \/>\n<meta property=\"og:type\" content=\"article\" \/>\n<meta property=\"og:title\" content=\"Tunisie : Fin de la crise des enseignants suppl\u00e9ants\" \/>\n<meta property=\"og:description\" content=\"Le minist\u00e8re de l\u2019Education a annonc\u00e9 la signature d\u2019un accord avec la f\u00e9d\u00e9ration g\u00e9n\u00e9rale de l\u2019enseignement de base concernant la situation des enseignants sup...\" \/>\n<meta property=\"og:url\" content=\"https:\/\/www.webdo.tn\/fr\/actualite\/national\/tunisie-fin-de-la-crise-des-enseignants-suppleants\/199016\/\" \/>\n<meta property=\"og:site_name\" content=\"webdo\" \/>\n<meta property=\"article:publisher\" content=\"https:\/\/www.facebook.com\/webdotn\" \/>\n<meta property=\"article:published_time\" content=\"2022-11-16T13:16:00+00:00\" \/>\n<meta property=\"article:modified_time\" content=\"2025-05-20T22:46:53+00:00\" \/>\n<meta property=\"og:image\" content=\"https:\/\/www.webdo.tn\/fr\/wp-content\/uploads\/2022\/11\/0a6017cf11ac8ea8ecd1b27a44496fde.jpg\" \/>\n\t<meta property=\"og:image:width\" content=\"680\" \/>\n\t<meta property=\"og:image:height\" content=\"363\" \/>\n\t<meta property=\"og:image:type\" content=\"image\/jpeg\" \/>\n<meta name=\"author\" content=\"CL\" \/>\n<meta name=\"twitter:card\" content=\"summary_large_image\" \/>\n<meta name=\"twitter:creator\" content=\"@webdo_tn\" \/>\n<meta name=\"twitter:site\" content=\"@webdo_tn\" \/>\n<meta name=\"twitter:label1\" content=\"\u00c9crit par\" \/>\n\t<meta name=\"twitter:data1\" content=\"CL\" \/>\n\t<meta name=\"twitter:label2\" content=\"Dur\u00e9e de lecture estim\u00e9e\" \/>\n\t<meta name=\"twitter:data2\" content=\"1 minute\" \/>\n<script type=\"application\/ld+json\" class=\"yoast-schema-graph\">{\"@context\":\"https:\\\/\\\/schema.org\",\"@graph\":[{\"@type\":\"NewsArticle\",\"@id\":\"https:\\\/\\\/www.webdo.tn\\\/fr\\\/actualite\\\/national\\\/tunisie-fin-de-la-crise-des-enseignants-suppleants\\\/199016\\\/#article\",\"isPartOf\":{\"@id\":\"https:\\\/\\\/www.webdo.tn\\\/fr\\\/actualite\\\/national\\\/tunisie-fin-de-la-crise-des-enseignants-suppleants\\\/199016\\\/\"},\"author\":{\"name\":\"CL\",\"@id\":\"https:\\\/\\\/www.webdo.tn\\\/fr\\\/#\\\/schema\\\/person\\\/f35b42a42c5e2511bbd282959d6385cc\"},\"headline\":\"Tunisie : Fin de la crise des enseignants suppl\u00e9ants\",\"datePublished\":\"2022-11-16T13:16:00+00:00\",\"dateModified\":\"2025-05-20T22:46:53+00:00\",\"mainEntityOfPage\":{\"@id\":\"https:\\\/\\\/www.webdo.tn\\\/fr\\\/actualite\\\/national\\\/tunisie-fin-de-la-crise-des-enseignants-suppleants\\\/199016\\\/\"},\"wordCount\":187,\"commentCount\":0,\"publisher\":{\"@id\":\"https:\\\/\\\/www.webdo.tn\\\/fr\\\/#organization\"},\"image\":{\"@id\":\"https:\\\/\\\/www.webdo.tn\\\/fr\\\/actualite\\\/national\\\/tunisie-fin-de-la-crise-des-enseignants-suppleants\\\/199016\\\/#primaryimage\"},\"thumbnailUrl\":\"https:\\\/\\\/www.webdo.tn\\\/fr\\\/wp-content\\\/uploads\\\/2022\\\/11\\\/0a6017cf11ac8ea8ecd1b27a44496fde.jpg\",\"keywords\":[\"enseignants\",\"Tunisie\"],\"articleSection\":[\"National\"],\"inLanguage\":\"fr-FR\"},{\"@type\":\"WebPage\",\"@id\":\"https:\\\/\\\/www.webdo.tn\\\/fr\\\/actualite\\\/national\\\/tunisie-fin-de-la-crise-des-enseignants-suppleants\\\/199016\\\/\",\"url\":\"https:\\\/\\\/www.webdo.tn\\\/fr\\\/actualite\\\/national\\\/tunisie-fin-de-la-crise-des-enseignants-suppleants\\\/199016\\\/\",\"name\":\"Tunisie : Fin de la crise des enseignants suppl\u00e9ants\",\"isPartOf\":{\"@id\":\"https:\\\/\\\/www.webdo.tn\\\/fr\\\/#website\"},\"primaryImageOfPage\":{\"@id\":\"https:\\\/\\\/www.webdo.tn\\\/fr\\\/actualite\\\/national\\\/tunisie-fin-de-la-crise-des-enseignants-suppleants\\\/199016\\\/#primaryimage\"},\"image\":{\"@id\":\"https:\\\/\\\/www.webdo.tn\\\/fr\\\/actualite\\\/national\\\/tunisie-fin-de-la-crise-des-enseignants-suppleants\\\/199016\\\/#primaryimage\"},\"thumbnailUrl\":\"https:\\\/\\\/www.webdo.tn\\\/fr\\\/wp-content\\\/uploads\\\/2022\\\/11\\\/0a6017cf11ac8ea8ecd1b27a44496fde.jpg\",\"datePublished\":\"2022-11-16T13:16:00+00:00\",\"dateModified\":\"2025-05-20T22:46:53+00:00\",\"description\":\"Le minist\u00e8re de l\u2019Education a annonc\u00e9 la signature d\u2019un accord avec la f\u00e9d\u00e9ration g\u00e9n\u00e9rale de l\u2019enseignement de base concernant la situation des enseignants sup...\",\"breadcrumb\":{\"@id\":\"https:\\\/\\\/www.webdo.tn\\\/fr\\\/actualite\\\/national\\\/tunisie-fin-de-la-crise-des-enseignants-suppleants\\\/199016\\\/#breadcrumb\"},\"inLanguage\":\"fr-FR\",\"potentialAction\":[{\"@type\":\"ReadAction\",\"target\":[\"https:\\\/\\\/www.webdo.tn\\\/fr\\\/actualite\\\/national\\\/tunisie-fin-de-la-crise-des-enseignants-suppleants\\\/199016\\\/\"]}]},{\"@type\":\"ImageObject\",\"inLanguage\":\"fr-FR\",\"@id\":\"https:\\\/\\\/www.webdo.tn\\\/fr\\\/actualite\\\/national\\\/tunisie-fin-de-la-crise-des-enseignants-suppleants\\\/199016\\\/#primaryimage\",\"url\":\"https:\\\/\\\/www.webdo.tn\\\/fr\\\/wp-content\\\/uploads\\\/2022\\\/11\\\/0a6017cf11ac8ea8ecd1b27a44496fde.jpg\",\"contentUrl\":\"https:\\\/\\\/www.webdo.tn\\\/fr\\\/wp-content\\\/uploads\\\/2022\\\/11\\\/0a6017cf11ac8ea8ecd1b27a44496fde.jpg\",\"width\":680,\"height\":363,\"caption\":\"enseignants\"},{\"@type\":\"BreadcrumbList\",\"@id\":\"https:\\\/\\\/www.webdo.tn\\\/fr\\\/actualite\\\/national\\\/tunisie-fin-de-la-crise-des-enseignants-suppleants\\\/199016\\\/#breadcrumb\",\"itemListElement\":[{\"@type\":\"ListItem\",\"position\":1,\"name\":\"Accueil\",\"item\":\"https:\\\/\\\/www.webdo.tn\\\/fr\\\/\"},{\"@type\":\"ListItem\",\"position\":2,\"name\":\"Tunisie : Fin de la crise des enseignants suppl\u00e9ants\"}]},{\"@type\":\"WebSite\",\"@id\":\"https:\\\/\\\/www.webdo.tn\\\/fr\\\/#website\",\"url\":\"https:\\\/\\\/www.webdo.tn\\\/fr\\\/\",\"name\":\"webdo\",\"description\":\"Tunisie - News en Tunisie et \u00e0 l&#039;international sur Webdo.tn\",\"publisher\":{\"@id\":\"https:\\\/\\\/www.webdo.tn\\\/fr\\\/#organization\"},\"potentialAction\":[{\"@type\":\"SearchAction\",\"target\":{\"@type\":\"EntryPoint\",\"urlTemplate\":\"https:\\\/\\\/www.webdo.tn\\\/fr\\\/?s={search_term_string}\"},\"query-input\":{\"@type\":\"PropertyValueSpecification\",\"valueRequired\":true,\"valueName\":\"search_term_string\"}}],\"inLanguage\":\"fr-FR\"},{\"@type\":\"Organization\",\"@id\":\"https:\\\/\\\/www.webdo.tn\\\/fr\\\/#organization\",\"name\":\"Webdo\",\"alternateName\":\"Webdo.tn\",\"url\":\"https:\\\/\\\/www.webdo.tn\\\/fr\\\/\",\"logo\":{\"@type\":\"ImageObject\",\"inLanguage\":\"fr-FR\",\"@id\":\"https:\\\/\\\/www.webdo.tn\\\/fr\\\/#\\\/schema\\\/logo\\\/image\\\/\",\"url\":\"https:\\\/\\\/www.webdo.tn\\\/fr\\\/wp-content\\\/uploads\\\/2025\\\/06\\\/Webdo-Tunisie_168377.jpg\",\"contentUrl\":\"https:\\\/\\\/www.webdo.tn\\\/fr\\\/wp-content\\\/uploads\\\/2025\\\/06\\\/Webdo-Tunisie_168377.jpg\",\"width\":301,\"height\":301,\"caption\":\"Webdo\"},\"image\":{\"@id\":\"https:\\\/\\\/www.webdo.tn\\\/fr\\\/#\\\/schema\\\/logo\\\/image\\\/\"},\"sameAs\":[\"https:\\\/\\\/www.facebook.com\\\/webdotn\",\"https:\\\/\\\/x.com\\\/webdo_tn\"],\"description\":\"Webdo est un m\u00e9dia num\u00e9rique tunisien fond\u00e9 en 2010, sp\u00e9cialis\u00e9 dans l\u2019actualit\u00e9 nationale et internationale, l\u2019\u00e9conomie, la soci\u00e9t\u00e9 et les analyses politiques. Le site s\u2019adresse \u00e0 un large public francophone et couvre l\u2019information tunisienne en temps r\u00e9el.\",\"email\":\"redac@webdo.tn\",\"legalName\":\"YNJ SARL\",\"foundingDate\":\"2010-09-06\",\"numberOfEmployees\":{\"@type\":\"QuantitativeValue\",\"minValue\":\"11\",\"maxValue\":\"50\"}},{\"@type\":\"Person\",\"@id\":\"https:\\\/\\\/www.webdo.tn\\\/fr\\\/#\\\/schema\\\/person\\\/f35b42a42c5e2511bbd282959d6385cc\",\"name\":\"CL\",\"image\":{\"@type\":\"ImageObject\",\"inLanguage\":\"fr-FR\",\"@id\":\"https:\\\/\\\/secure.gravatar.com\\\/avatar\\\/1447a49909b67aa657c488aec6512e1dd6143a480c1ecfee9b5b5cd74eb3b59e?s=96&d=mm&r=g\",\"url\":\"https:\\\/\\\/secure.gravatar.com\\\/avatar\\\/1447a49909b67aa657c488aec6512e1dd6143a480c1ecfee9b5b5cd74eb3b59e?s=96&d=mm&r=g\",\"contentUrl\":\"https:\\\/\\\/secure.gravatar.com\\\/avatar\\\/1447a49909b67aa657c488aec6512e1dd6143a480c1ecfee9b5b5cd74eb3b59e?s=96&d=mm&r=g\",\"caption\":\"CL\"},\"url\":\"https:\\\/\\\/www.webdo.tn\\\/fr\\\/actualite\\\/author\\\/cl\\\/\"}]}<\/script>\n<!-- \/ Yoast SEO Premium plugin. -->","yoast_head_json":{"title":"Tunisie : Fin de la crise des enseignants suppl\u00e9ants","description":"Le minist\u00e8re de l\u2019Education a annonc\u00e9 la signature d\u2019un accord avec la f\u00e9d\u00e9ration g\u00e9n\u00e9rale de l\u2019enseignement de base concernant la situation des enseignants sup...","canonical":"https:\/\/www.webdo.tn\/fr\/actualite\/national\/tunisie-fin-de-la-crise-des-enseignants-suppleants\/199016\/","og_locale":"fr_FR","og_type":"article","og_title":"Tunisie : Fin de la crise des enseignants suppl\u00e9ants","og_description":"Le minist\u00e8re de l\u2019Education a annonc\u00e9 la signature d\u2019un accord avec la f\u00e9d\u00e9ration g\u00e9n\u00e9rale de l\u2019enseignement de base concernant la situation des enseignants sup...","og_url":"https:\/\/www.webdo.tn\/fr\/actualite\/national\/tunisie-fin-de-la-crise-des-enseignants-suppleants\/199016\/","og_site_name":"webdo","article_publisher":"https:\/\/www.facebook.com\/webdotn","article_published_time":"2022-11-16T13:16:00+00:00","article_modified_time":"2025-05-20T22:46:53+00:00","og_image":[{"width":680,"height":363,"url":"https:\/\/www.webdo.tn\/fr\/wp-content\/uploads\/2022\/11\/0a6017cf11ac8ea8ecd1b27a44496fde.jpg","type":"image\/jpeg"}],"author":"CL","twitter_card":"summary_large_image","twitter_creator":"@webdo_tn","twitter_site":"@webdo_tn","twitter_misc":{"\u00c9crit par":"CL","Dur\u00e9e de lecture estim\u00e9e":"1 minute"},"schema":{"@context":"https:\/\/schema.org","@graph":[{"@type":"NewsArticle","@id":"https:\/\/www.webdo.tn\/fr\/actualite\/national\/tunisie-fin-de-la-crise-des-enseignants-suppleants\/199016\/#article","isPartOf":{"@id":"https:\/\/www.webdo.tn\/fr\/actualite\/national\/tunisie-fin-de-la-crise-des-enseignants-suppleants\/199016\/"},"author":{"name":"CL","@id":"https:\/\/www.webdo.tn\/fr\/#\/schema\/person\/f35b42a42c5e2511bbd282959d6385cc"},"headline":"Tunisie : Fin de la crise des enseignants suppl\u00e9ants","datePublished":"2022-11-16T13:16:00+00:00","dateModified":"2025-05-20T22:46:53+00:00","mainEntityOfPage":{"@id":"https:\/\/www.webdo.tn\/fr\/actualite\/national\/tunisie-fin-de-la-crise-des-enseignants-suppleants\/199016\/"},"wordCount":187,"commentCount":0,"publisher":{"@id":"https:\/\/www.webdo.tn\/fr\/#organization"},"image":{"@id":"https:\/\/www.webdo.tn\/fr\/actualite\/national\/tunisie-fin-de-la-crise-des-enseignants-suppleants\/199016\/#primaryimage"},"thumbnailUrl":"https:\/\/www.webdo.tn\/fr\/wp-content\/uploads\/2022\/11\/0a6017cf11ac8ea8ecd1b27a44496fde.jpg","keywords":["enseignants","Tunisie"],"articleSection":["National"],"inLanguage":"fr-FR"},{"@type":"WebPage","@id":"https:\/\/www.webdo.tn\/fr\/actualite\/national\/tunisie-fin-de-la-crise-des-enseignants-suppleants\/199016\/","url":"https:\/\/www.webdo.tn\/fr\/actualite\/national\/tunisie-fin-de-la-crise-des-enseignants-suppleants\/199016\/","name":"Tunisie : Fin de la crise des enseignants suppl\u00e9ants","isPartOf":{"@id":"https:\/\/www.webdo.tn\/fr\/#website"},"primaryImageOfPage":{"@id":"https:\/\/www.webdo.tn\/fr\/actualite\/national\/tunisie-fin-de-la-crise-des-enseignants-suppleants\/199016\/#primaryimage"},"image":{"@id":"https:\/\/www.webdo.tn\/fr\/actualite\/national\/tunisie-fin-de-la-crise-des-enseignants-suppleants\/199016\/#primaryimage"},"thumbnailUrl":"https:\/\/www.webdo.tn\/fr\/wp-content\/uploads\/2022\/11\/0a6017cf11ac8ea8ecd1b27a44496fde.jpg","datePublished":"2022-11-16T13:16:00+00:00","dateModified":"2025-05-20T22:46:53+00:00","description":"Le minist\u00e8re de l\u2019Education a annonc\u00e9 la signature d\u2019un accord avec la f\u00e9d\u00e9ration g\u00e9n\u00e9rale de l\u2019enseignement de base concernant la situation des enseignants sup...","breadcrumb":{"@id":"https:\/\/www.webdo.tn\/fr\/actualite\/national\/tunisie-fin-de-la-crise-des-enseignants-suppleants\/199016\/#breadcrumb"},"inLanguage":"fr-FR","potentialAction":[{"@type":"ReadAction","target":["https:\/\/www.webdo.tn\/fr\/actualite\/national\/tunisie-fin-de-la-crise-des-enseignants-suppleants\/199016\/"]}]},{"@type":"ImageObject","inLanguage":"fr-FR","@id":"https:\/\/www.webdo.tn\/fr\/actualite\/national\/tunisie-fin-de-la-crise-des-enseignants-suppleants\/199016\/#primaryimage","url":"https:\/\/www.webdo.tn\/fr\/wp-content\/uploads\/2022\/11\/0a6017cf11ac8ea8ecd1b27a44496fde.jpg","contentUrl":"https:\/\/www.webdo.tn\/fr\/wp-content\/uploads\/2022\/11\/0a6017cf11ac8ea8ecd1b27a44496fde.jpg","width":680,"height":363,"caption":"enseignants"},{"@type":"BreadcrumbList","@id":"https:\/\/www.webdo.tn\/fr\/actualite\/national\/tunisie-fin-de-la-crise-des-enseignants-suppleants\/199016\/#breadcrumb","itemListElement":[{"@type":"ListItem","position":1,"name":"Accueil","item":"https:\/\/www.webdo.tn\/fr\/"},{"@type":"ListItem","position":2,"name":"Tunisie : Fin de la crise des enseignants suppl\u00e9ants"}]},{"@type":"WebSite","@id":"https:\/\/www.webdo.tn\/fr\/#website","url":"https:\/\/www.webdo.tn\/fr\/","name":"webdo","description":"Tunisie - News en Tunisie et \u00e0 l&#039;international sur Webdo.tn","publisher":{"@id":"https:\/\/www.webdo.tn\/fr\/#organization"},"potentialAction":[{"@type":"SearchAction","target":{"@type":"EntryPoint","urlTemplate":"https:\/\/www.webdo.tn\/fr\/?s={search_term_string}"},"query-input":{"@type":"PropertyValueSpecification","valueRequired":true,"valueName":"search_term_string"}}],"inLanguage":"fr-FR"},{"@type":"Organization","@id":"https:\/\/www.webdo.tn\/fr\/#organization","name":"Webdo","alternateName":"Webdo.tn","url":"https:\/\/www.webdo.tn\/fr\/","logo":{"@type":"ImageObject","inLanguage":"fr-FR","@id":"https:\/\/www.webdo.tn\/fr\/#\/schema\/logo\/image\/","url":"https:\/\/www.webdo.tn\/fr\/wp-content\/uploads\/2025\/06\/Webdo-Tunisie_168377.jpg","contentUrl":"https:\/\/www.webdo.tn\/fr\/wp-content\/uploads\/2025\/06\/Webdo-Tunisie_168377.jpg","width":301,"height":301,"caption":"Webdo"},"image":{"@id":"https:\/\/www.webdo.tn\/fr\/#\/schema\/logo\/image\/"},"sameAs":["https:\/\/www.facebook.com\/webdotn","https:\/\/x.com\/webdo_tn"],"description":"Webdo est un m\u00e9dia num\u00e9rique tunisien fond\u00e9 en 2010, sp\u00e9cialis\u00e9 dans l\u2019actualit\u00e9 nationale et internationale, l\u2019\u00e9conomie, la soci\u00e9t\u00e9 et les analyses politiques. Le site s\u2019adresse \u00e0 un large public francophone et couvre l\u2019information tunisienne en temps r\u00e9el.","email":"redac@webdo.tn","legalName":"YNJ SARL","foundingDate":"2010-09-06","numberOfEmployees":{"@type":"QuantitativeValue","minValue":"11","maxValue":"50"}},{"@type":"Person","@id":"https:\/\/www.webdo.tn\/fr\/#\/schema\/person\/f35b42a42c5e2511bbd282959d6385cc","name":"CL","image":{"@type":"ImageObject","inLanguage":"fr-FR","@id":"https:\/\/secure.gravatar.com\/avatar\/1447a49909b67aa657c488aec6512e1dd6143a480c1ecfee9b5b5cd74eb3b59e?s=96&d=mm&r=g","url":"https:\/\/secure.gravatar.com\/avatar\/1447a49909b67aa657c488aec6512e1dd6143a480c1ecfee9b5b5cd74eb3b59e?s=96&d=mm&r=g","contentUrl":"https:\/\/secure.gravatar.com\/avatar\/1447a49909b67aa657c488aec6512e1dd6143a480c1ecfee9b5b5cd74eb3b59e?s=96&d=mm&r=g","caption":"CL"},"url":"https:\/\/www.webdo.tn\/fr\/actualite\/author\/cl\/"}]}},"_links":{"self":[{"href":"https:\/\/www.webdo.tn\/fr\/wp-json\/wp\/v2\/posts\/199016","targetHints":{"allow":["GET"]}}],"collection":[{"href":"https:\/\/www.webdo.tn\/fr\/wp-json\/wp\/v2\/posts"}],"about":[{"href":"https:\/\/www.webdo.tn\/fr\/wp-json\/wp\/v2\/types\/post"}],"author":[{"embeddable":true,"href":"https:\/\/www.webdo.tn\/fr\/wp-json\/wp\/v2\/users\/3175"}],"replies":[{"embeddable":true,"href":"https:\/\/www.webdo.tn\/fr\/wp-json\/wp\/v2\/comments?post=199016"}],"version-history":[{"count":0,"href":"https:\/\/www.webdo.tn\/fr\/wp-json\/wp\/v2\/posts\/199016\/revisions"}],"wp:featuredmedia":[{"embeddable":true,"href":"https:\/\/www.webdo.tn\/fr\/wp-json\/wp\/v2\/media\/253213"}],"wp:attachment":[{"href":"https:\/\/www.webdo.tn\/fr\/wp-json\/wp\/v2\/media?parent=199016"}],"wp:term":[{"taxonomy":"category","embeddable":true,"href":"https:\/\/www.webdo.tn\/fr\/wp-json\/wp\/v2\/categories?post=199016"},{"taxonomy":"post_tag","embeddable":true,"href":"https:\/\/www.webdo.tn\/fr\/wp-json\/wp\/v2\/tags?post=199016"}],"curies":[{"name":"wp","href":"https:\/\/api.w.org\/{rel}","templated":true}]}}