{"id":199012,"date":"2022-11-16T11:56:00","date_gmt":"2022-11-16T11:56:00","guid":{"rendered":"https:\/\/www.webdo.tn\/fr\/blog\/vol-d-un-fourgon-de-transport-de-fonds-le-principal-suspect-interpelle\/199012\/"},"modified":"2025-05-20T22:04:51","modified_gmt":"2025-05-20T22:04:51","slug":"vol-d-un-fourgon-de-transport-de-fonds-le-principal-suspect-interpelle","status":"publish","type":"post","link":"https:\/\/www.webdo.tn\/fr\/actualite\/national\/vol-d-un-fourgon-de-transport-de-fonds-le-principal-suspect-interpelle\/199012\/","title":{"rendered":"Vol d&rsquo;un fourgon de transport de fonds : le principal suspect interpell\u00e9"},"content":{"rendered":"<p>Le minist\u00e8re de l\u2019Int\u00e9rieur annonce, ce mercredi 16 novembre sur sa page Facebook, l\u2019arrestation de l\u2019auteur du vol du v\u00e9hicule de transfert des fonds.<\/p>\n<p>\t\t\t\t\t\t\t\t\tLe minist\u00e8re de l\u2019Int\u00e9rieur indique, dans un communiqu\u00e9, que la brigade criminelle s\u2019est saisie de l\u2019enqu\u00eate \u00e0 l\u2019issue du vol survenu \u00e0 Denden (gouvernorat de la Manouba) d\u2019une somme sup\u00e9rieure \u00e0 100 mille euros.<\/p>\n<p>Le conducteur du v\u00e9hcule et son complice ont \u00e9t\u00e9 arr\u00eat\u00e9s dans un premier temps, alors qu\u2019un deuxi\u00e8me complice \u00e9tait en fuite.<\/p>\n<p>Apr\u00e8s avoir effectu\u00e9 les investigations sur le terrain, et les descentes n\u00e9cessaires en coordination avec le parquet, la brigade en question est parvenue \u00e0 arr\u00eater l\u2019auteur de l\u2019op\u00e9ration dans la r\u00e9gion d\u2019Ezzahrouni, en compagnie d\u2019une autre personne.<\/p>\n<p>La voiture utilis\u00e9e pour le vol a \u00e9t\u00e9 saisie, et une importante partie de la somme vol\u00e9e a \u00e9t\u00e9 r\u00e9cup\u00e9r\u00e9e, fait savoir le minist\u00e8re.<\/p>\n<p>Sur ordre du parquet, toutes les personnes impliqu\u00e9es ont \u00e9t\u00e9 plac\u00e9es en d\u00e9tention pr\u00e9ventive pour les besoins de l\u2019enqu\u00eate toujours en cours.<\/p>\n<p>Rappelons qu\u2019un employ\u00e9 de banque et un ancien chauffeur ont \u00e9t\u00e9 mis en garde \u00e0 vue, sur ordre du parquet.<\/p>\n<p>Le convoyeur de fonds avait affirm\u00e9, lors de son interrogatoire, que le gardien qui \u00e9tait \u00e0 bord du camion a vol\u00e9 une valise contenant 600 mille dinars en devises \u00e9trang\u00e8res (dollars et euros).<\/p>\n<p>Un des gardiens est descendu pour une affaire personnelle, au niveau de Denden, laissant un gardien de banque et un agent de s\u00e9curit\u00e9 dans le camion. Ce dernier se serait empar\u00e9 de la valise, avant de prendre la fuite.<\/p>\n","protected":false},"excerpt":{"rendered":"<p>Le minist\u00e8re de l\u2019Int\u00e9rieur annonce, ce mercredi 16 novembre sur sa page Facebook, l\u2019arrestation de l\u2019auteur du vol du v\u00e9hicule de transfert des fonds.<\/p>\n","protected":false},"author":3162,"featured_media":253208,"comment_status":"open","ping_status":"closed","sticky":false,"template":"","format":"standard","meta":{"footnotes":""},"categories":[44],"tags":[9021,2773,9022,2995],"class_list":["post-199012","post","type-post","status-publish","format-standard","has-post-thumbnail","hentry","category-national","tag-denden","tag-fonds","tag-fourgon","tag-vol"],"yoast_head":"<!-- This site is optimized with the Yoast SEO Premium plugin v27.5 (Yoast SEO v27.5) - https:\/\/yoast.com\/product\/yoast-seo-premium-wordpress\/ -->\n<title>Vol d&#039;un fourgon de transport de fonds : le principal suspect interpell\u00e9<\/title>\n<meta name=\"description\" content=\"Le minist\u00e8re de l\u2019Int\u00e9rieur annonce, ce mercredi 16 novembre sur sa page Facebook, l\u2019arrestation de l\u2019auteur du vol du v\u00e9hicule de transfert des fonds.\" \/>\n<link rel=\"canonical\" href=\"https:\/\/www.webdo.tn\/fr\/actualite\/national\/vol-d-un-fourgon-de-transport-de-fonds-le-principal-suspect-interpelle\/199012\/\" \/>\n<meta property=\"og:locale\" content=\"fr_FR\" \/>\n<meta property=\"og:type\" content=\"article\" \/>\n<meta property=\"og:title\" content=\"Vol d&#039;un fourgon de transport de fonds : le principal suspect interpell\u00e9\" \/>\n<meta property=\"og:description\" content=\"Le minist\u00e8re de l\u2019Int\u00e9rieur annonce, ce mercredi 16 novembre sur sa page Facebook, l\u2019arrestation de l\u2019auteur du vol du v\u00e9hicule de transfert des fonds.\" \/>\n<meta property=\"og:url\" content=\"https:\/\/www.webdo.tn\/fr\/actualite\/national\/vol-d-un-fourgon-de-transport-de-fonds-le-principal-suspect-interpelle\/199012\/\" \/>\n<meta property=\"og:site_name\" content=\"webdo\" \/>\n<meta property=\"article:publisher\" content=\"https:\/\/www.facebook.com\/webdotn\" \/>\n<meta property=\"article:published_time\" content=\"2022-11-16T11:56:00+00:00\" \/>\n<meta property=\"article:modified_time\" content=\"2025-05-20T22:04:51+00:00\" \/>\n<meta property=\"og:image\" content=\"https:\/\/www.webdo.tn\/fr\/wp-content\/uploads\/2022\/11\/97e86f2cc3147579e7f784ceb1666374.jpg\" \/>\n\t<meta property=\"og:image:width\" content=\"750\" \/>\n\t<meta property=\"og:image:height\" content=\"400\" \/>\n\t<meta property=\"og:image:type\" content=\"image\/jpeg\" \/>\n<meta name=\"author\" content=\"MC\" \/>\n<meta name=\"twitter:card\" content=\"summary_large_image\" \/>\n<meta name=\"twitter:creator\" content=\"@webdo_tn\" \/>\n<meta name=\"twitter:site\" content=\"@webdo_tn\" \/>\n<meta name=\"twitter:label1\" content=\"\u00c9crit par\" \/>\n\t<meta name=\"twitter:data1\" content=\"MC\" \/>\n\t<meta name=\"twitter:label2\" content=\"Dur\u00e9e de lecture estim\u00e9e\" \/>\n\t<meta name=\"twitter:data2\" content=\"1 minute\" \/>\n<script type=\"application\/ld+json\" class=\"yoast-schema-graph\">{\"@context\":\"https:\\\/\\\/schema.org\",\"@graph\":[{\"@type\":\"NewsArticle\",\"@id\":\"https:\\\/\\\/www.webdo.tn\\\/fr\\\/actualite\\\/national\\\/vol-d-un-fourgon-de-transport-de-fonds-le-principal-suspect-interpelle\\\/199012\\\/#article\",\"isPartOf\":{\"@id\":\"https:\\\/\\\/www.webdo.tn\\\/fr\\\/actualite\\\/national\\\/vol-d-un-fourgon-de-transport-de-fonds-le-principal-suspect-interpelle\\\/199012\\\/\"},\"author\":{\"name\":\"MC\",\"@id\":\"https:\\\/\\\/www.webdo.tn\\\/fr\\\/#\\\/schema\\\/person\\\/2c4929cbf5a809e3bd38617c6ce150f6\"},\"headline\":\"Vol d&rsquo;un fourgon de transport de fonds : le principal suspect interpell\u00e9\",\"datePublished\":\"2022-11-16T11:56:00+00:00\",\"dateModified\":\"2025-05-20T22:04:51+00:00\",\"mainEntityOfPage\":{\"@id\":\"https:\\\/\\\/www.webdo.tn\\\/fr\\\/actualite\\\/national\\\/vol-d-un-fourgon-de-transport-de-fonds-le-principal-suspect-interpelle\\\/199012\\\/\"},\"wordCount\":301,\"commentCount\":0,\"publisher\":{\"@id\":\"https:\\\/\\\/www.webdo.tn\\\/fr\\\/#organization\"},\"image\":{\"@id\":\"https:\\\/\\\/www.webdo.tn\\\/fr\\\/actualite\\\/national\\\/vol-d-un-fourgon-de-transport-de-fonds-le-principal-suspect-interpelle\\\/199012\\\/#primaryimage\"},\"thumbnailUrl\":\"https:\\\/\\\/www.webdo.tn\\\/fr\\\/wp-content\\\/uploads\\\/2022\\\/11\\\/97e86f2cc3147579e7f784ceb1666374.jpg\",\"keywords\":[\"Denden\",\"fonds\",\"fourgon\",\"vol\"],\"articleSection\":[\"National\"],\"inLanguage\":\"fr-FR\"},{\"@type\":\"WebPage\",\"@id\":\"https:\\\/\\\/www.webdo.tn\\\/fr\\\/actualite\\\/national\\\/vol-d-un-fourgon-de-transport-de-fonds-le-principal-suspect-interpelle\\\/199012\\\/\",\"url\":\"https:\\\/\\\/www.webdo.tn\\\/fr\\\/actualite\\\/national\\\/vol-d-un-fourgon-de-transport-de-fonds-le-principal-suspect-interpelle\\\/199012\\\/\",\"name\":\"Vol d'un fourgon de transport de fonds : le principal suspect interpell\u00e9\",\"isPartOf\":{\"@id\":\"https:\\\/\\\/www.webdo.tn\\\/fr\\\/#website\"},\"primaryImageOfPage\":{\"@id\":\"https:\\\/\\\/www.webdo.tn\\\/fr\\\/actualite\\\/national\\\/vol-d-un-fourgon-de-transport-de-fonds-le-principal-suspect-interpelle\\\/199012\\\/#primaryimage\"},\"image\":{\"@id\":\"https:\\\/\\\/www.webdo.tn\\\/fr\\\/actualite\\\/national\\\/vol-d-un-fourgon-de-transport-de-fonds-le-principal-suspect-interpelle\\\/199012\\\/#primaryimage\"},\"thumbnailUrl\":\"https:\\\/\\\/www.webdo.tn\\\/fr\\\/wp-content\\\/uploads\\\/2022\\\/11\\\/97e86f2cc3147579e7f784ceb1666374.jpg\",\"datePublished\":\"2022-11-16T11:56:00+00:00\",\"dateModified\":\"2025-05-20T22:04:51+00:00\",\"description\":\"Le minist\u00e8re de l\u2019Int\u00e9rieur annonce, ce mercredi 16 novembre sur sa page Facebook, l\u2019arrestation de l\u2019auteur du vol du v\u00e9hicule de transfert des fonds.\",\"breadcrumb\":{\"@id\":\"https:\\\/\\\/www.webdo.tn\\\/fr\\\/actualite\\\/national\\\/vol-d-un-fourgon-de-transport-de-fonds-le-principal-suspect-interpelle\\\/199012\\\/#breadcrumb\"},\"inLanguage\":\"fr-FR\",\"potentialAction\":[{\"@type\":\"ReadAction\",\"target\":[\"https:\\\/\\\/www.webdo.tn\\\/fr\\\/actualite\\\/national\\\/vol-d-un-fourgon-de-transport-de-fonds-le-principal-suspect-interpelle\\\/199012\\\/\"]}]},{\"@type\":\"ImageObject\",\"inLanguage\":\"fr-FR\",\"@id\":\"https:\\\/\\\/www.webdo.tn\\\/fr\\\/actualite\\\/national\\\/vol-d-un-fourgon-de-transport-de-fonds-le-principal-suspect-interpelle\\\/199012\\\/#primaryimage\",\"url\":\"https:\\\/\\\/www.webdo.tn\\\/fr\\\/wp-content\\\/uploads\\\/2022\\\/11\\\/97e86f2cc3147579e7f784ceb1666374.jpg\",\"contentUrl\":\"https:\\\/\\\/www.webdo.tn\\\/fr\\\/wp-content\\\/uploads\\\/2022\\\/11\\\/97e86f2cc3147579e7f784ceb1666374.jpg\",\"width\":750,\"height\":400,\"caption\":\"Arrestation du principal suspect du vol d'un fourgon de transport de devise\"},{\"@type\":\"BreadcrumbList\",\"@id\":\"https:\\\/\\\/www.webdo.tn\\\/fr\\\/actualite\\\/national\\\/vol-d-un-fourgon-de-transport-de-fonds-le-principal-suspect-interpelle\\\/199012\\\/#breadcrumb\",\"itemListElement\":[{\"@type\":\"ListItem\",\"position\":1,\"name\":\"Accueil\",\"item\":\"https:\\\/\\\/www.webdo.tn\\\/fr\\\/\"},{\"@type\":\"ListItem\",\"position\":2,\"name\":\"Vol d&#8217;un fourgon de transport de fonds : le principal suspect interpell\u00e9\"}]},{\"@type\":\"WebSite\",\"@id\":\"https:\\\/\\\/www.webdo.tn\\\/fr\\\/#website\",\"url\":\"https:\\\/\\\/www.webdo.tn\\\/fr\\\/\",\"name\":\"webdo\",\"description\":\"Tunisie - News en Tunisie et \u00e0 l&#039;international sur Webdo.tn\",\"publisher\":{\"@id\":\"https:\\\/\\\/www.webdo.tn\\\/fr\\\/#organization\"},\"potentialAction\":[{\"@type\":\"SearchAction\",\"target\":{\"@type\":\"EntryPoint\",\"urlTemplate\":\"https:\\\/\\\/www.webdo.tn\\\/fr\\\/?s={search_term_string}\"},\"query-input\":{\"@type\":\"PropertyValueSpecification\",\"valueRequired\":true,\"valueName\":\"search_term_string\"}}],\"inLanguage\":\"fr-FR\"},{\"@type\":\"Organization\",\"@id\":\"https:\\\/\\\/www.webdo.tn\\\/fr\\\/#organization\",\"name\":\"Webdo\",\"alternateName\":\"Webdo.tn\",\"url\":\"https:\\\/\\\/www.webdo.tn\\\/fr\\\/\",\"logo\":{\"@type\":\"ImageObject\",\"inLanguage\":\"fr-FR\",\"@id\":\"https:\\\/\\\/www.webdo.tn\\\/fr\\\/#\\\/schema\\\/logo\\\/image\\\/\",\"url\":\"https:\\\/\\\/www.webdo.tn\\\/fr\\\/wp-content\\\/uploads\\\/2025\\\/06\\\/Webdo-Tunisie_168377.jpg\",\"contentUrl\":\"https:\\\/\\\/www.webdo.tn\\\/fr\\\/wp-content\\\/uploads\\\/2025\\\/06\\\/Webdo-Tunisie_168377.jpg\",\"width\":301,\"height\":301,\"caption\":\"Webdo\"},\"image\":{\"@id\":\"https:\\\/\\\/www.webdo.tn\\\/fr\\\/#\\\/schema\\\/logo\\\/image\\\/\"},\"sameAs\":[\"https:\\\/\\\/www.facebook.com\\\/webdotn\",\"https:\\\/\\\/x.com\\\/webdo_tn\"],\"description\":\"Webdo est un m\u00e9dia num\u00e9rique tunisien fond\u00e9 en 2010, sp\u00e9cialis\u00e9 dans l\u2019actualit\u00e9 nationale et internationale, l\u2019\u00e9conomie, la soci\u00e9t\u00e9 et les analyses politiques. Le site s\u2019adresse \u00e0 un large public francophone et couvre l\u2019information tunisienne en temps r\u00e9el.\",\"email\":\"redac@webdo.tn\",\"legalName\":\"YNJ SARL\",\"foundingDate\":\"2010-09-06\",\"numberOfEmployees\":{\"@type\":\"QuantitativeValue\",\"minValue\":\"11\",\"maxValue\":\"50\"}},{\"@type\":\"Person\",\"@id\":\"https:\\\/\\\/www.webdo.tn\\\/fr\\\/#\\\/schema\\\/person\\\/2c4929cbf5a809e3bd38617c6ce150f6\",\"name\":\"MC\",\"image\":{\"@type\":\"ImageObject\",\"inLanguage\":\"fr-FR\",\"@id\":\"https:\\\/\\\/secure.gravatar.com\\\/avatar\\\/a545bbb6f84efdd5553dbbc2895e3ca8f1d12c5215e00a041c9670b54aa9b18a?s=96&d=mm&r=g\",\"url\":\"https:\\\/\\\/secure.gravatar.com\\\/avatar\\\/a545bbb6f84efdd5553dbbc2895e3ca8f1d12c5215e00a041c9670b54aa9b18a?s=96&d=mm&r=g\",\"contentUrl\":\"https:\\\/\\\/secure.gravatar.com\\\/avatar\\\/a545bbb6f84efdd5553dbbc2895e3ca8f1d12c5215e00a041c9670b54aa9b18a?s=96&d=mm&r=g\",\"caption\":\"MC\"},\"url\":\"https:\\\/\\\/www.webdo.tn\\\/fr\\\/actualite\\\/author\\\/mc\\\/\"}]}<\/script>\n<!-- \/ Yoast SEO Premium plugin. -->","yoast_head_json":{"title":"Vol d'un fourgon de transport de fonds : le principal suspect interpell\u00e9","description":"Le minist\u00e8re de l\u2019Int\u00e9rieur annonce, ce mercredi 16 novembre sur sa page Facebook, l\u2019arrestation de l\u2019auteur du vol du v\u00e9hicule de transfert des fonds.","canonical":"https:\/\/www.webdo.tn\/fr\/actualite\/national\/vol-d-un-fourgon-de-transport-de-fonds-le-principal-suspect-interpelle\/199012\/","og_locale":"fr_FR","og_type":"article","og_title":"Vol d'un fourgon de transport de fonds : le principal suspect interpell\u00e9","og_description":"Le minist\u00e8re de l\u2019Int\u00e9rieur annonce, ce mercredi 16 novembre sur sa page Facebook, l\u2019arrestation de l\u2019auteur du vol du v\u00e9hicule de transfert des fonds.","og_url":"https:\/\/www.webdo.tn\/fr\/actualite\/national\/vol-d-un-fourgon-de-transport-de-fonds-le-principal-suspect-interpelle\/199012\/","og_site_name":"webdo","article_publisher":"https:\/\/www.facebook.com\/webdotn","article_published_time":"2022-11-16T11:56:00+00:00","article_modified_time":"2025-05-20T22:04:51+00:00","og_image":[{"width":750,"height":400,"url":"https:\/\/www.webdo.tn\/fr\/wp-content\/uploads\/2022\/11\/97e86f2cc3147579e7f784ceb1666374.jpg","type":"image\/jpeg"}],"author":"MC","twitter_card":"summary_large_image","twitter_creator":"@webdo_tn","twitter_site":"@webdo_tn","twitter_misc":{"\u00c9crit par":"MC","Dur\u00e9e de lecture estim\u00e9e":"1 minute"},"schema":{"@context":"https:\/\/schema.org","@graph":[{"@type":"NewsArticle","@id":"https:\/\/www.webdo.tn\/fr\/actualite\/national\/vol-d-un-fourgon-de-transport-de-fonds-le-principal-suspect-interpelle\/199012\/#article","isPartOf":{"@id":"https:\/\/www.webdo.tn\/fr\/actualite\/national\/vol-d-un-fourgon-de-transport-de-fonds-le-principal-suspect-interpelle\/199012\/"},"author":{"name":"MC","@id":"https:\/\/www.webdo.tn\/fr\/#\/schema\/person\/2c4929cbf5a809e3bd38617c6ce150f6"},"headline":"Vol d&rsquo;un fourgon de transport de fonds : le principal suspect interpell\u00e9","datePublished":"2022-11-16T11:56:00+00:00","dateModified":"2025-05-20T22:04:51+00:00","mainEntityOfPage":{"@id":"https:\/\/www.webdo.tn\/fr\/actualite\/national\/vol-d-un-fourgon-de-transport-de-fonds-le-principal-suspect-interpelle\/199012\/"},"wordCount":301,"commentCount":0,"publisher":{"@id":"https:\/\/www.webdo.tn\/fr\/#organization"},"image":{"@id":"https:\/\/www.webdo.tn\/fr\/actualite\/national\/vol-d-un-fourgon-de-transport-de-fonds-le-principal-suspect-interpelle\/199012\/#primaryimage"},"thumbnailUrl":"https:\/\/www.webdo.tn\/fr\/wp-content\/uploads\/2022\/11\/97e86f2cc3147579e7f784ceb1666374.jpg","keywords":["Denden","fonds","fourgon","vol"],"articleSection":["National"],"inLanguage":"fr-FR"},{"@type":"WebPage","@id":"https:\/\/www.webdo.tn\/fr\/actualite\/national\/vol-d-un-fourgon-de-transport-de-fonds-le-principal-suspect-interpelle\/199012\/","url":"https:\/\/www.webdo.tn\/fr\/actualite\/national\/vol-d-un-fourgon-de-transport-de-fonds-le-principal-suspect-interpelle\/199012\/","name":"Vol d'un fourgon de transport de fonds : le principal suspect interpell\u00e9","isPartOf":{"@id":"https:\/\/www.webdo.tn\/fr\/#website"},"primaryImageOfPage":{"@id":"https:\/\/www.webdo.tn\/fr\/actualite\/national\/vol-d-un-fourgon-de-transport-de-fonds-le-principal-suspect-interpelle\/199012\/#primaryimage"},"image":{"@id":"https:\/\/www.webdo.tn\/fr\/actualite\/national\/vol-d-un-fourgon-de-transport-de-fonds-le-principal-suspect-interpelle\/199012\/#primaryimage"},"thumbnailUrl":"https:\/\/www.webdo.tn\/fr\/wp-content\/uploads\/2022\/11\/97e86f2cc3147579e7f784ceb1666374.jpg","datePublished":"2022-11-16T11:56:00+00:00","dateModified":"2025-05-20T22:04:51+00:00","description":"Le minist\u00e8re de l\u2019Int\u00e9rieur annonce, ce mercredi 16 novembre sur sa page Facebook, l\u2019arrestation de l\u2019auteur du vol du v\u00e9hicule de transfert des fonds.","breadcrumb":{"@id":"https:\/\/www.webdo.tn\/fr\/actualite\/national\/vol-d-un-fourgon-de-transport-de-fonds-le-principal-suspect-interpelle\/199012\/#breadcrumb"},"inLanguage":"fr-FR","potentialAction":[{"@type":"ReadAction","target":["https:\/\/www.webdo.tn\/fr\/actualite\/national\/vol-d-un-fourgon-de-transport-de-fonds-le-principal-suspect-interpelle\/199012\/"]}]},{"@type":"ImageObject","inLanguage":"fr-FR","@id":"https:\/\/www.webdo.tn\/fr\/actualite\/national\/vol-d-un-fourgon-de-transport-de-fonds-le-principal-suspect-interpelle\/199012\/#primaryimage","url":"https:\/\/www.webdo.tn\/fr\/wp-content\/uploads\/2022\/11\/97e86f2cc3147579e7f784ceb1666374.jpg","contentUrl":"https:\/\/www.webdo.tn\/fr\/wp-content\/uploads\/2022\/11\/97e86f2cc3147579e7f784ceb1666374.jpg","width":750,"height":400,"caption":"Arrestation du principal suspect du vol d'un fourgon de transport de devise"},{"@type":"BreadcrumbList","@id":"https:\/\/www.webdo.tn\/fr\/actualite\/national\/vol-d-un-fourgon-de-transport-de-fonds-le-principal-suspect-interpelle\/199012\/#breadcrumb","itemListElement":[{"@type":"ListItem","position":1,"name":"Accueil","item":"https:\/\/www.webdo.tn\/fr\/"},{"@type":"ListItem","position":2,"name":"Vol d&#8217;un fourgon de transport de fonds : le principal suspect interpell\u00e9"}]},{"@type":"WebSite","@id":"https:\/\/www.webdo.tn\/fr\/#website","url":"https:\/\/www.webdo.tn\/fr\/","name":"webdo","description":"Tunisie - News en Tunisie et \u00e0 l&#039;international sur Webdo.tn","publisher":{"@id":"https:\/\/www.webdo.tn\/fr\/#organization"},"potentialAction":[{"@type":"SearchAction","target":{"@type":"EntryPoint","urlTemplate":"https:\/\/www.webdo.tn\/fr\/?s={search_term_string}"},"query-input":{"@type":"PropertyValueSpecification","valueRequired":true,"valueName":"search_term_string"}}],"inLanguage":"fr-FR"},{"@type":"Organization","@id":"https:\/\/www.webdo.tn\/fr\/#organization","name":"Webdo","alternateName":"Webdo.tn","url":"https:\/\/www.webdo.tn\/fr\/","logo":{"@type":"ImageObject","inLanguage":"fr-FR","@id":"https:\/\/www.webdo.tn\/fr\/#\/schema\/logo\/image\/","url":"https:\/\/www.webdo.tn\/fr\/wp-content\/uploads\/2025\/06\/Webdo-Tunisie_168377.jpg","contentUrl":"https:\/\/www.webdo.tn\/fr\/wp-content\/uploads\/2025\/06\/Webdo-Tunisie_168377.jpg","width":301,"height":301,"caption":"Webdo"},"image":{"@id":"https:\/\/www.webdo.tn\/fr\/#\/schema\/logo\/image\/"},"sameAs":["https:\/\/www.facebook.com\/webdotn","https:\/\/x.com\/webdo_tn"],"description":"Webdo est un m\u00e9dia num\u00e9rique tunisien fond\u00e9 en 2010, sp\u00e9cialis\u00e9 dans l\u2019actualit\u00e9 nationale et internationale, l\u2019\u00e9conomie, la soci\u00e9t\u00e9 et les analyses politiques. Le site s\u2019adresse \u00e0 un large public francophone et couvre l\u2019information tunisienne en temps r\u00e9el.","email":"redac@webdo.tn","legalName":"YNJ SARL","foundingDate":"2010-09-06","numberOfEmployees":{"@type":"QuantitativeValue","minValue":"11","maxValue":"50"}},{"@type":"Person","@id":"https:\/\/www.webdo.tn\/fr\/#\/schema\/person\/2c4929cbf5a809e3bd38617c6ce150f6","name":"MC","image":{"@type":"ImageObject","inLanguage":"fr-FR","@id":"https:\/\/secure.gravatar.com\/avatar\/a545bbb6f84efdd5553dbbc2895e3ca8f1d12c5215e00a041c9670b54aa9b18a?s=96&d=mm&r=g","url":"https:\/\/secure.gravatar.com\/avatar\/a545bbb6f84efdd5553dbbc2895e3ca8f1d12c5215e00a041c9670b54aa9b18a?s=96&d=mm&r=g","contentUrl":"https:\/\/secure.gravatar.com\/avatar\/a545bbb6f84efdd5553dbbc2895e3ca8f1d12c5215e00a041c9670b54aa9b18a?s=96&d=mm&r=g","caption":"MC"},"url":"https:\/\/www.webdo.tn\/fr\/actualite\/author\/mc\/"}]}},"_links":{"self":[{"href":"https:\/\/www.webdo.tn\/fr\/wp-json\/wp\/v2\/posts\/199012","targetHints":{"allow":["GET"]}}],"collection":[{"href":"https:\/\/www.webdo.tn\/fr\/wp-json\/wp\/v2\/posts"}],"about":[{"href":"https:\/\/www.webdo.tn\/fr\/wp-json\/wp\/v2\/types\/post"}],"author":[{"embeddable":true,"href":"https:\/\/www.webdo.tn\/fr\/wp-json\/wp\/v2\/users\/3162"}],"replies":[{"embeddable":true,"href":"https:\/\/www.webdo.tn\/fr\/wp-json\/wp\/v2\/comments?post=199012"}],"version-history":[{"count":0,"href":"https:\/\/www.webdo.tn\/fr\/wp-json\/wp\/v2\/posts\/199012\/revisions"}],"wp:featuredmedia":[{"embeddable":true,"href":"https:\/\/www.webdo.tn\/fr\/wp-json\/wp\/v2\/media\/253208"}],"wp:attachment":[{"href":"https:\/\/www.webdo.tn\/fr\/wp-json\/wp\/v2\/media?parent=199012"}],"wp:term":[{"taxonomy":"category","embeddable":true,"href":"https:\/\/www.webdo.tn\/fr\/wp-json\/wp\/v2\/categories?post=199012"},{"taxonomy":"post_tag","embeddable":true,"href":"https:\/\/www.webdo.tn\/fr\/wp-json\/wp\/v2\/tags?post=199012"}],"curies":[{"name":"wp","href":"https:\/\/api.w.org\/{rel}","templated":true}]}}