{"id":199008,"date":"2022-11-16T11:22:00","date_gmt":"2022-11-16T11:22:00","guid":{"rendered":"https:\/\/www.webdo.tn\/fr\/blog\/incendie-de-la-decharge-de-sfax-criminel-selon-le-gouverneur-accidentel-selon-le-maire\/199008\/"},"modified":"2025-05-20T23:01:41","modified_gmt":"2025-05-20T23:01:41","slug":"incendie-de-la-decharge-de-sfax-criminel-selon-le-gouverneur-accidentel-selon-le-maire","status":"publish","type":"post","link":"https:\/\/www.webdo.tn\/fr\/actualite\/regions\/incendie-de-la-decharge-de-sfax-criminel-selon-le-gouverneur-accidentel-selon-le-maire\/199008\/","title":{"rendered":"Incendie de la d\u00e9charge de Sfax : criminel selon le gouverneur, accidentel selon le maire !"},"content":{"rendered":"<p>Un incendie s\u2019est d\u00e9clar\u00e9 hier mardi \u00e0 la d\u00e9charge de la route du port de Sfax, ferm\u00e9e depuis la fin du mois d\u2019octobre.<\/p>\n<p>\t\t\t\t\t\t\t\t\tLes unit\u00e9s de la protection civile se sont mobilis\u00e9es depuis hier pour ma\u00eetriser l\u2019incendie. Deux camions avaient \u00e9t\u00e9 consacr\u00e9s pour \u00e9teindre le feu, selon le directeur r\u00e9gional de la protection civile, Hatem Boubaker, qui a pr\u00e9cis\u00e9 que l\u2019incendie ne constitue aucun danger pour les zones r\u00e9sidentielles et industrielles avoisinantes.<\/p>\n<p>Le pr\u00e9sident de la circonscription municipale de la ville de Sfax, Mounir Affes, a indiqu\u00e9 qu\u2019il ne s\u2019agit pas d\u2019un incendie criminel, mais le r\u00e9sultat de la fermentation des d\u00e9chets. Il a sp\u00e9cifi\u00e9 que la d\u00e9charge est ferm\u00e9e depuis plus de 15 jours, le 31 octobre dernier et que personne ne peut y entrer.<\/p>\n<p>\u00ab Ceux qui disent que c\u2019est un acte criminel se trompent, car il y a une fermentation qui s\u2019op\u00e8re et qui a provoqu\u00e9 ce feu \u00bb, a-t-il affirm\u00e9, en ajoutant que \u00ab le fait que le feu s\u2019est d\u00e9clar\u00e9 du c\u00f4t\u00e9 du marais le prouve bien, car personne n\u2019aurait pu acc\u00e9der \u00e0 cet endroit \u00bb.<\/p>\n<p>\u00a0<\/p>\n<p>Le gouverneur de Sfax, Fakher Fakhfakh n\u2019est pas du m\u00eame avis que le maire. En effet, le gouverneur a d\u00e9clar\u00e9, ce mercredi 16 novembre 2022, qu&rsquo;une plainte a \u00e9t\u00e9 d\u00e9pos\u00e9e contre x suite \u00e0 l\u2019incendie.<\/p>\n<p>Selon lui, l\u2019incendie est d&rsquo;origine criminelle \u00ab car certaines personnes n&rsquo;ont pas int\u00e9r\u00eat \u00e0 ouvrir le dossier des ordures dans la r\u00e9gion \u00bb.<\/p>\n","protected":false},"excerpt":{"rendered":"<p>Un incendie s\u2019est d\u00e9clar\u00e9 hier mardi \u00e0 la d\u00e9charge de la route du port de Sfax, ferm\u00e9e depuis la fin du mois d\u2019octobre.<\/p>\n","protected":false},"author":3196,"featured_media":253205,"comment_status":"open","ping_status":"closed","sticky":false,"template":"","format":"standard","meta":{"footnotes":""},"categories":[2595],"tags":[9019,9018,9020,2675],"class_list":["post-199008","post","type-post","status-publish","format-standard","has-post-thumbnail","hentry","category-regions","tag-decharge-de-la-route-du-port","tag-fakher-fakhfakh","tag-mounir-affes","tag-sfax"],"yoast_head":"<!-- This site is optimized with the Yoast SEO Premium plugin v27.5 (Yoast SEO v27.5) - https:\/\/yoast.com\/product\/yoast-seo-premium-wordpress\/ -->\n<title>Incendie de la d\u00e9charge de Sfax : criminel selon le gouverneur, accidentel selon le maire !<\/title>\n<meta name=\"description\" content=\"Un incendie s\u2019est d\u00e9clar\u00e9 hier mardi \u00e0 la d\u00e9charge de la route du port de Sfax, ferm\u00e9e depuis la fin du mois d\u2019octobre.\" \/>\n<link rel=\"canonical\" href=\"https:\/\/www.webdo.tn\/fr\/actualite\/regions\/incendie-de-la-decharge-de-sfax-criminel-selon-le-gouverneur-accidentel-selon-le-maire\/199008\/\" \/>\n<meta property=\"og:locale\" content=\"fr_FR\" \/>\n<meta property=\"og:type\" content=\"article\" \/>\n<meta property=\"og:title\" content=\"Incendie de la d\u00e9charge de Sfax : criminel selon le gouverneur, accidentel selon le maire !\" \/>\n<meta property=\"og:description\" content=\"Un incendie s\u2019est d\u00e9clar\u00e9 hier mardi \u00e0 la d\u00e9charge de la route du port de Sfax, ferm\u00e9e depuis la fin du mois d\u2019octobre.\" \/>\n<meta property=\"og:url\" content=\"https:\/\/www.webdo.tn\/fr\/actualite\/regions\/incendie-de-la-decharge-de-sfax-criminel-selon-le-gouverneur-accidentel-selon-le-maire\/199008\/\" \/>\n<meta property=\"og:site_name\" content=\"webdo\" \/>\n<meta property=\"article:publisher\" content=\"https:\/\/www.facebook.com\/webdotn\" \/>\n<meta property=\"article:published_time\" content=\"2022-11-16T11:22:00+00:00\" \/>\n<meta property=\"article:modified_time\" content=\"2025-05-20T23:01:41+00:00\" \/>\n<meta property=\"og:image\" content=\"https:\/\/www.webdo.tn\/fr\/wp-content\/uploads\/2022\/11\/49ba2082b61f3a6cd9fe8fad77fbb74f.jpg\" \/>\n\t<meta property=\"og:image:width\" content=\"750\" \/>\n\t<meta property=\"og:image:height\" content=\"400\" \/>\n\t<meta property=\"og:image:type\" content=\"image\/jpeg\" \/>\n<meta name=\"author\" content=\"MK\" \/>\n<meta name=\"twitter:card\" content=\"summary_large_image\" \/>\n<meta name=\"twitter:creator\" content=\"@webdo_tn\" \/>\n<meta name=\"twitter:site\" content=\"@webdo_tn\" \/>\n<meta name=\"twitter:label1\" content=\"\u00c9crit par\" \/>\n\t<meta name=\"twitter:data1\" content=\"MK\" \/>\n\t<meta name=\"twitter:label2\" content=\"Dur\u00e9e de lecture estim\u00e9e\" \/>\n\t<meta name=\"twitter:data2\" content=\"1 minute\" \/>\n<script type=\"application\/ld+json\" class=\"yoast-schema-graph\">{\"@context\":\"https:\\\/\\\/schema.org\",\"@graph\":[{\"@type\":\"NewsArticle\",\"@id\":\"https:\\\/\\\/www.webdo.tn\\\/fr\\\/actualite\\\/regions\\\/incendie-de-la-decharge-de-sfax-criminel-selon-le-gouverneur-accidentel-selon-le-maire\\\/199008\\\/#article\",\"isPartOf\":{\"@id\":\"https:\\\/\\\/www.webdo.tn\\\/fr\\\/actualite\\\/regions\\\/incendie-de-la-decharge-de-sfax-criminel-selon-le-gouverneur-accidentel-selon-le-maire\\\/199008\\\/\"},\"author\":{\"name\":\"MK\",\"@id\":\"https:\\\/\\\/www.webdo.tn\\\/fr\\\/#\\\/schema\\\/person\\\/c3a9d32fa6d495ca5f4b6510e3db97bf\"},\"headline\":\"Incendie de la d\u00e9charge de Sfax : criminel selon le gouverneur, accidentel selon le maire !\",\"datePublished\":\"2022-11-16T11:22:00+00:00\",\"dateModified\":\"2025-05-20T23:01:41+00:00\",\"mainEntityOfPage\":{\"@id\":\"https:\\\/\\\/www.webdo.tn\\\/fr\\\/actualite\\\/regions\\\/incendie-de-la-decharge-de-sfax-criminel-selon-le-gouverneur-accidentel-selon-le-maire\\\/199008\\\/\"},\"wordCount\":284,\"commentCount\":0,\"publisher\":{\"@id\":\"https:\\\/\\\/www.webdo.tn\\\/fr\\\/#organization\"},\"image\":{\"@id\":\"https:\\\/\\\/www.webdo.tn\\\/fr\\\/actualite\\\/regions\\\/incendie-de-la-decharge-de-sfax-criminel-selon-le-gouverneur-accidentel-selon-le-maire\\\/199008\\\/#primaryimage\"},\"thumbnailUrl\":\"https:\\\/\\\/www.webdo.tn\\\/fr\\\/wp-content\\\/uploads\\\/2022\\\/11\\\/49ba2082b61f3a6cd9fe8fad77fbb74f.jpg\",\"keywords\":[\"d\u00e9charge de la route du port\",\"Fakher Fakhfakh\",\"Mounir Affes\",\"Sfax\"],\"articleSection\":[\"regions\"],\"inLanguage\":\"fr-FR\"},{\"@type\":\"WebPage\",\"@id\":\"https:\\\/\\\/www.webdo.tn\\\/fr\\\/actualite\\\/regions\\\/incendie-de-la-decharge-de-sfax-criminel-selon-le-gouverneur-accidentel-selon-le-maire\\\/199008\\\/\",\"url\":\"https:\\\/\\\/www.webdo.tn\\\/fr\\\/actualite\\\/regions\\\/incendie-de-la-decharge-de-sfax-criminel-selon-le-gouverneur-accidentel-selon-le-maire\\\/199008\\\/\",\"name\":\"Incendie de la d\u00e9charge de Sfax : criminel selon le gouverneur, accidentel selon le maire !\",\"isPartOf\":{\"@id\":\"https:\\\/\\\/www.webdo.tn\\\/fr\\\/#website\"},\"primaryImageOfPage\":{\"@id\":\"https:\\\/\\\/www.webdo.tn\\\/fr\\\/actualite\\\/regions\\\/incendie-de-la-decharge-de-sfax-criminel-selon-le-gouverneur-accidentel-selon-le-maire\\\/199008\\\/#primaryimage\"},\"image\":{\"@id\":\"https:\\\/\\\/www.webdo.tn\\\/fr\\\/actualite\\\/regions\\\/incendie-de-la-decharge-de-sfax-criminel-selon-le-gouverneur-accidentel-selon-le-maire\\\/199008\\\/#primaryimage\"},\"thumbnailUrl\":\"https:\\\/\\\/www.webdo.tn\\\/fr\\\/wp-content\\\/uploads\\\/2022\\\/11\\\/49ba2082b61f3a6cd9fe8fad77fbb74f.jpg\",\"datePublished\":\"2022-11-16T11:22:00+00:00\",\"dateModified\":\"2025-05-20T23:01:41+00:00\",\"description\":\"Un incendie s\u2019est d\u00e9clar\u00e9 hier mardi \u00e0 la d\u00e9charge de la route du port de Sfax, ferm\u00e9e depuis la fin du mois d\u2019octobre.\",\"breadcrumb\":{\"@id\":\"https:\\\/\\\/www.webdo.tn\\\/fr\\\/actualite\\\/regions\\\/incendie-de-la-decharge-de-sfax-criminel-selon-le-gouverneur-accidentel-selon-le-maire\\\/199008\\\/#breadcrumb\"},\"inLanguage\":\"fr-FR\",\"potentialAction\":[{\"@type\":\"ReadAction\",\"target\":[\"https:\\\/\\\/www.webdo.tn\\\/fr\\\/actualite\\\/regions\\\/incendie-de-la-decharge-de-sfax-criminel-selon-le-gouverneur-accidentel-selon-le-maire\\\/199008\\\/\"]}]},{\"@type\":\"ImageObject\",\"inLanguage\":\"fr-FR\",\"@id\":\"https:\\\/\\\/www.webdo.tn\\\/fr\\\/actualite\\\/regions\\\/incendie-de-la-decharge-de-sfax-criminel-selon-le-gouverneur-accidentel-selon-le-maire\\\/199008\\\/#primaryimage\",\"url\":\"https:\\\/\\\/www.webdo.tn\\\/fr\\\/wp-content\\\/uploads\\\/2022\\\/11\\\/49ba2082b61f3a6cd9fe8fad77fbb74f.jpg\",\"contentUrl\":\"https:\\\/\\\/www.webdo.tn\\\/fr\\\/wp-content\\\/uploads\\\/2022\\\/11\\\/49ba2082b61f3a6cd9fe8fad77fbb74f.jpg\",\"width\":750,\"height\":400,\"caption\":\"Incendie de la d\u00e9charge de la route du port de Sfax\"},{\"@type\":\"BreadcrumbList\",\"@id\":\"https:\\\/\\\/www.webdo.tn\\\/fr\\\/actualite\\\/regions\\\/incendie-de-la-decharge-de-sfax-criminel-selon-le-gouverneur-accidentel-selon-le-maire\\\/199008\\\/#breadcrumb\",\"itemListElement\":[{\"@type\":\"ListItem\",\"position\":1,\"name\":\"Accueil\",\"item\":\"https:\\\/\\\/www.webdo.tn\\\/fr\\\/\"},{\"@type\":\"ListItem\",\"position\":2,\"name\":\"Incendie de la d\u00e9charge de Sfax : criminel selon le gouverneur, accidentel selon le maire !\"}]},{\"@type\":\"WebSite\",\"@id\":\"https:\\\/\\\/www.webdo.tn\\\/fr\\\/#website\",\"url\":\"https:\\\/\\\/www.webdo.tn\\\/fr\\\/\",\"name\":\"webdo\",\"description\":\"Tunisie - News en Tunisie et \u00e0 l&#039;international sur Webdo.tn\",\"publisher\":{\"@id\":\"https:\\\/\\\/www.webdo.tn\\\/fr\\\/#organization\"},\"potentialAction\":[{\"@type\":\"SearchAction\",\"target\":{\"@type\":\"EntryPoint\",\"urlTemplate\":\"https:\\\/\\\/www.webdo.tn\\\/fr\\\/?s={search_term_string}\"},\"query-input\":{\"@type\":\"PropertyValueSpecification\",\"valueRequired\":true,\"valueName\":\"search_term_string\"}}],\"inLanguage\":\"fr-FR\"},{\"@type\":\"Organization\",\"@id\":\"https:\\\/\\\/www.webdo.tn\\\/fr\\\/#organization\",\"name\":\"Webdo\",\"alternateName\":\"Webdo.tn\",\"url\":\"https:\\\/\\\/www.webdo.tn\\\/fr\\\/\",\"logo\":{\"@type\":\"ImageObject\",\"inLanguage\":\"fr-FR\",\"@id\":\"https:\\\/\\\/www.webdo.tn\\\/fr\\\/#\\\/schema\\\/logo\\\/image\\\/\",\"url\":\"https:\\\/\\\/www.webdo.tn\\\/fr\\\/wp-content\\\/uploads\\\/2025\\\/06\\\/Webdo-Tunisie_168377.jpg\",\"contentUrl\":\"https:\\\/\\\/www.webdo.tn\\\/fr\\\/wp-content\\\/uploads\\\/2025\\\/06\\\/Webdo-Tunisie_168377.jpg\",\"width\":301,\"height\":301,\"caption\":\"Webdo\"},\"image\":{\"@id\":\"https:\\\/\\\/www.webdo.tn\\\/fr\\\/#\\\/schema\\\/logo\\\/image\\\/\"},\"sameAs\":[\"https:\\\/\\\/www.facebook.com\\\/webdotn\",\"https:\\\/\\\/x.com\\\/webdo_tn\"],\"description\":\"Webdo est un m\u00e9dia num\u00e9rique tunisien fond\u00e9 en 2010, sp\u00e9cialis\u00e9 dans l\u2019actualit\u00e9 nationale et internationale, l\u2019\u00e9conomie, la soci\u00e9t\u00e9 et les analyses politiques. Le site s\u2019adresse \u00e0 un large public francophone et couvre l\u2019information tunisienne en temps r\u00e9el.\",\"email\":\"redac@webdo.tn\",\"legalName\":\"YNJ SARL\",\"foundingDate\":\"2010-09-06\",\"numberOfEmployees\":{\"@type\":\"QuantitativeValue\",\"minValue\":\"11\",\"maxValue\":\"50\"}},{\"@type\":\"Person\",\"@id\":\"https:\\\/\\\/www.webdo.tn\\\/fr\\\/#\\\/schema\\\/person\\\/c3a9d32fa6d495ca5f4b6510e3db97bf\",\"name\":\"MK\",\"image\":{\"@type\":\"ImageObject\",\"inLanguage\":\"fr-FR\",\"@id\":\"https:\\\/\\\/secure.gravatar.com\\\/avatar\\\/6d44f937f19929f3b75db77056d3e08abd6e302e71bcfea340cd8b00c13e7baf?s=96&d=mm&r=g\",\"url\":\"https:\\\/\\\/secure.gravatar.com\\\/avatar\\\/6d44f937f19929f3b75db77056d3e08abd6e302e71bcfea340cd8b00c13e7baf?s=96&d=mm&r=g\",\"contentUrl\":\"https:\\\/\\\/secure.gravatar.com\\\/avatar\\\/6d44f937f19929f3b75db77056d3e08abd6e302e71bcfea340cd8b00c13e7baf?s=96&d=mm&r=g\",\"caption\":\"MK\"},\"url\":\"https:\\\/\\\/www.webdo.tn\\\/fr\\\/actualite\\\/author\\\/mk\\\/\"}]}<\/script>\n<!-- \/ Yoast SEO Premium plugin. -->","yoast_head_json":{"title":"Incendie de la d\u00e9charge de Sfax : criminel selon le gouverneur, accidentel selon le maire !","description":"Un incendie s\u2019est d\u00e9clar\u00e9 hier mardi \u00e0 la d\u00e9charge de la route du port de Sfax, ferm\u00e9e depuis la fin du mois d\u2019octobre.","canonical":"https:\/\/www.webdo.tn\/fr\/actualite\/regions\/incendie-de-la-decharge-de-sfax-criminel-selon-le-gouverneur-accidentel-selon-le-maire\/199008\/","og_locale":"fr_FR","og_type":"article","og_title":"Incendie de la d\u00e9charge de Sfax : criminel selon le gouverneur, accidentel selon le maire !","og_description":"Un incendie s\u2019est d\u00e9clar\u00e9 hier mardi \u00e0 la d\u00e9charge de la route du port de Sfax, ferm\u00e9e depuis la fin du mois d\u2019octobre.","og_url":"https:\/\/www.webdo.tn\/fr\/actualite\/regions\/incendie-de-la-decharge-de-sfax-criminel-selon-le-gouverneur-accidentel-selon-le-maire\/199008\/","og_site_name":"webdo","article_publisher":"https:\/\/www.facebook.com\/webdotn","article_published_time":"2022-11-16T11:22:00+00:00","article_modified_time":"2025-05-20T23:01:41+00:00","og_image":[{"width":750,"height":400,"url":"https:\/\/www.webdo.tn\/fr\/wp-content\/uploads\/2022\/11\/49ba2082b61f3a6cd9fe8fad77fbb74f.jpg","type":"image\/jpeg"}],"author":"MK","twitter_card":"summary_large_image","twitter_creator":"@webdo_tn","twitter_site":"@webdo_tn","twitter_misc":{"\u00c9crit par":"MK","Dur\u00e9e de lecture estim\u00e9e":"1 minute"},"schema":{"@context":"https:\/\/schema.org","@graph":[{"@type":"NewsArticle","@id":"https:\/\/www.webdo.tn\/fr\/actualite\/regions\/incendie-de-la-decharge-de-sfax-criminel-selon-le-gouverneur-accidentel-selon-le-maire\/199008\/#article","isPartOf":{"@id":"https:\/\/www.webdo.tn\/fr\/actualite\/regions\/incendie-de-la-decharge-de-sfax-criminel-selon-le-gouverneur-accidentel-selon-le-maire\/199008\/"},"author":{"name":"MK","@id":"https:\/\/www.webdo.tn\/fr\/#\/schema\/person\/c3a9d32fa6d495ca5f4b6510e3db97bf"},"headline":"Incendie de la d\u00e9charge de Sfax : criminel selon le gouverneur, accidentel selon le maire !","datePublished":"2022-11-16T11:22:00+00:00","dateModified":"2025-05-20T23:01:41+00:00","mainEntityOfPage":{"@id":"https:\/\/www.webdo.tn\/fr\/actualite\/regions\/incendie-de-la-decharge-de-sfax-criminel-selon-le-gouverneur-accidentel-selon-le-maire\/199008\/"},"wordCount":284,"commentCount":0,"publisher":{"@id":"https:\/\/www.webdo.tn\/fr\/#organization"},"image":{"@id":"https:\/\/www.webdo.tn\/fr\/actualite\/regions\/incendie-de-la-decharge-de-sfax-criminel-selon-le-gouverneur-accidentel-selon-le-maire\/199008\/#primaryimage"},"thumbnailUrl":"https:\/\/www.webdo.tn\/fr\/wp-content\/uploads\/2022\/11\/49ba2082b61f3a6cd9fe8fad77fbb74f.jpg","keywords":["d\u00e9charge de la route du port","Fakher Fakhfakh","Mounir Affes","Sfax"],"articleSection":["regions"],"inLanguage":"fr-FR"},{"@type":"WebPage","@id":"https:\/\/www.webdo.tn\/fr\/actualite\/regions\/incendie-de-la-decharge-de-sfax-criminel-selon-le-gouverneur-accidentel-selon-le-maire\/199008\/","url":"https:\/\/www.webdo.tn\/fr\/actualite\/regions\/incendie-de-la-decharge-de-sfax-criminel-selon-le-gouverneur-accidentel-selon-le-maire\/199008\/","name":"Incendie de la d\u00e9charge de Sfax : criminel selon le gouverneur, accidentel selon le maire !","isPartOf":{"@id":"https:\/\/www.webdo.tn\/fr\/#website"},"primaryImageOfPage":{"@id":"https:\/\/www.webdo.tn\/fr\/actualite\/regions\/incendie-de-la-decharge-de-sfax-criminel-selon-le-gouverneur-accidentel-selon-le-maire\/199008\/#primaryimage"},"image":{"@id":"https:\/\/www.webdo.tn\/fr\/actualite\/regions\/incendie-de-la-decharge-de-sfax-criminel-selon-le-gouverneur-accidentel-selon-le-maire\/199008\/#primaryimage"},"thumbnailUrl":"https:\/\/www.webdo.tn\/fr\/wp-content\/uploads\/2022\/11\/49ba2082b61f3a6cd9fe8fad77fbb74f.jpg","datePublished":"2022-11-16T11:22:00+00:00","dateModified":"2025-05-20T23:01:41+00:00","description":"Un incendie s\u2019est d\u00e9clar\u00e9 hier mardi \u00e0 la d\u00e9charge de la route du port de Sfax, ferm\u00e9e depuis la fin du mois d\u2019octobre.","breadcrumb":{"@id":"https:\/\/www.webdo.tn\/fr\/actualite\/regions\/incendie-de-la-decharge-de-sfax-criminel-selon-le-gouverneur-accidentel-selon-le-maire\/199008\/#breadcrumb"},"inLanguage":"fr-FR","potentialAction":[{"@type":"ReadAction","target":["https:\/\/www.webdo.tn\/fr\/actualite\/regions\/incendie-de-la-decharge-de-sfax-criminel-selon-le-gouverneur-accidentel-selon-le-maire\/199008\/"]}]},{"@type":"ImageObject","inLanguage":"fr-FR","@id":"https:\/\/www.webdo.tn\/fr\/actualite\/regions\/incendie-de-la-decharge-de-sfax-criminel-selon-le-gouverneur-accidentel-selon-le-maire\/199008\/#primaryimage","url":"https:\/\/www.webdo.tn\/fr\/wp-content\/uploads\/2022\/11\/49ba2082b61f3a6cd9fe8fad77fbb74f.jpg","contentUrl":"https:\/\/www.webdo.tn\/fr\/wp-content\/uploads\/2022\/11\/49ba2082b61f3a6cd9fe8fad77fbb74f.jpg","width":750,"height":400,"caption":"Incendie de la d\u00e9charge de la route du port de Sfax"},{"@type":"BreadcrumbList","@id":"https:\/\/www.webdo.tn\/fr\/actualite\/regions\/incendie-de-la-decharge-de-sfax-criminel-selon-le-gouverneur-accidentel-selon-le-maire\/199008\/#breadcrumb","itemListElement":[{"@type":"ListItem","position":1,"name":"Accueil","item":"https:\/\/www.webdo.tn\/fr\/"},{"@type":"ListItem","position":2,"name":"Incendie de la d\u00e9charge de Sfax : criminel selon le gouverneur, accidentel selon le maire !"}]},{"@type":"WebSite","@id":"https:\/\/www.webdo.tn\/fr\/#website","url":"https:\/\/www.webdo.tn\/fr\/","name":"webdo","description":"Tunisie - News en Tunisie et \u00e0 l&#039;international sur Webdo.tn","publisher":{"@id":"https:\/\/www.webdo.tn\/fr\/#organization"},"potentialAction":[{"@type":"SearchAction","target":{"@type":"EntryPoint","urlTemplate":"https:\/\/www.webdo.tn\/fr\/?s={search_term_string}"},"query-input":{"@type":"PropertyValueSpecification","valueRequired":true,"valueName":"search_term_string"}}],"inLanguage":"fr-FR"},{"@type":"Organization","@id":"https:\/\/www.webdo.tn\/fr\/#organization","name":"Webdo","alternateName":"Webdo.tn","url":"https:\/\/www.webdo.tn\/fr\/","logo":{"@type":"ImageObject","inLanguage":"fr-FR","@id":"https:\/\/www.webdo.tn\/fr\/#\/schema\/logo\/image\/","url":"https:\/\/www.webdo.tn\/fr\/wp-content\/uploads\/2025\/06\/Webdo-Tunisie_168377.jpg","contentUrl":"https:\/\/www.webdo.tn\/fr\/wp-content\/uploads\/2025\/06\/Webdo-Tunisie_168377.jpg","width":301,"height":301,"caption":"Webdo"},"image":{"@id":"https:\/\/www.webdo.tn\/fr\/#\/schema\/logo\/image\/"},"sameAs":["https:\/\/www.facebook.com\/webdotn","https:\/\/x.com\/webdo_tn"],"description":"Webdo est un m\u00e9dia num\u00e9rique tunisien fond\u00e9 en 2010, sp\u00e9cialis\u00e9 dans l\u2019actualit\u00e9 nationale et internationale, l\u2019\u00e9conomie, la soci\u00e9t\u00e9 et les analyses politiques. Le site s\u2019adresse \u00e0 un large public francophone et couvre l\u2019information tunisienne en temps r\u00e9el.","email":"redac@webdo.tn","legalName":"YNJ SARL","foundingDate":"2010-09-06","numberOfEmployees":{"@type":"QuantitativeValue","minValue":"11","maxValue":"50"}},{"@type":"Person","@id":"https:\/\/www.webdo.tn\/fr\/#\/schema\/person\/c3a9d32fa6d495ca5f4b6510e3db97bf","name":"MK","image":{"@type":"ImageObject","inLanguage":"fr-FR","@id":"https:\/\/secure.gravatar.com\/avatar\/6d44f937f19929f3b75db77056d3e08abd6e302e71bcfea340cd8b00c13e7baf?s=96&d=mm&r=g","url":"https:\/\/secure.gravatar.com\/avatar\/6d44f937f19929f3b75db77056d3e08abd6e302e71bcfea340cd8b00c13e7baf?s=96&d=mm&r=g","contentUrl":"https:\/\/secure.gravatar.com\/avatar\/6d44f937f19929f3b75db77056d3e08abd6e302e71bcfea340cd8b00c13e7baf?s=96&d=mm&r=g","caption":"MK"},"url":"https:\/\/www.webdo.tn\/fr\/actualite\/author\/mk\/"}]}},"_links":{"self":[{"href":"https:\/\/www.webdo.tn\/fr\/wp-json\/wp\/v2\/posts\/199008","targetHints":{"allow":["GET"]}}],"collection":[{"href":"https:\/\/www.webdo.tn\/fr\/wp-json\/wp\/v2\/posts"}],"about":[{"href":"https:\/\/www.webdo.tn\/fr\/wp-json\/wp\/v2\/types\/post"}],"author":[{"embeddable":true,"href":"https:\/\/www.webdo.tn\/fr\/wp-json\/wp\/v2\/users\/3196"}],"replies":[{"embeddable":true,"href":"https:\/\/www.webdo.tn\/fr\/wp-json\/wp\/v2\/comments?post=199008"}],"version-history":[{"count":0,"href":"https:\/\/www.webdo.tn\/fr\/wp-json\/wp\/v2\/posts\/199008\/revisions"}],"wp:featuredmedia":[{"embeddable":true,"href":"https:\/\/www.webdo.tn\/fr\/wp-json\/wp\/v2\/media\/253205"}],"wp:attachment":[{"href":"https:\/\/www.webdo.tn\/fr\/wp-json\/wp\/v2\/media?parent=199008"}],"wp:term":[{"taxonomy":"category","embeddable":true,"href":"https:\/\/www.webdo.tn\/fr\/wp-json\/wp\/v2\/categories?post=199008"},{"taxonomy":"post_tag","embeddable":true,"href":"https:\/\/www.webdo.tn\/fr\/wp-json\/wp\/v2\/tags?post=199008"}],"curies":[{"name":"wp","href":"https:\/\/api.w.org\/{rel}","templated":true}]}}