{"id":198996,"date":"2022-11-16T08:52:00","date_gmt":"2022-11-16T08:52:00","guid":{"rendered":"https:\/\/www.webdo.tn\/fr\/blog\/etats-unis-donald-trump-annonce-sa-candidature-a-la-presidentielle-de-2024\/198996\/"},"modified":"2025-05-20T22:05:50","modified_gmt":"2025-05-20T22:05:50","slug":"etats-unis-donald-trump-annonce-sa-candidature-a-la-presidentielle-de-2024","status":"publish","type":"post","link":"https:\/\/www.webdo.tn\/fr\/actualite\/international\/etats-unis-donald-trump-annonce-sa-candidature-a-la-presidentielle-de-2024\/198996\/","title":{"rendered":"Etats-Unis : Donald Trump annonce sa candidature \u00e0 la pr\u00e9sidentielle de 2024"},"content":{"rendered":"<p>Donald Trump a annonc\u00e9, mardi 15 novembre, sa candidature \u00e0 l\u2019investiture supr\u00eame et a d\u00e9cid\u00e9 de se lancer dans la course pour la Maison Blanche, malgr\u00e9 la d\u00e9faite du parti R\u00e9publicain lors des \u00e9lections de mi-mandat de la semaine derni\u00e8re.<\/p>\n<p>\t\t\t\t\t\t\t\t\tDonald Trump a fait savoir, depuis sa r\u00e9sidence de Mar-a-Lago \u00e0 Palm Beach, en Floride, qu\u2019il se pr\u00e9sentait \u00e0 nouveau \u00e0 l\u2019\u00e9lection pr\u00e9sidentielle, rapporte le Washington Post.<\/p>\n<p>L\u2019ancien pr\u00e9sident (2016-2020) qui a refus\u00e9 de reconna\u00eetre sa d\u00e9faite face \u00e0 Joe Biden en \u00ab\u00a0s\u2019est empress\u00e9 de d\u00e9clarer sa candidature, dans l\u2019espoir de devancer ses rivaux\u00a0\u00bb et \u00ab\u00a0d\u2019\u00e9ventuelles inculpations\u00a0\u00bb alors qu\u2019il est vis\u00e9 par plusieurs enqu\u00eates.<\/p>\n<p>Donald Trump aura fort \u00e0 faire lors de sa campagne, les \u00e9lecteurs ayant rejet\u00e9 de mani\u00e8re retentissante les candidats qu\u2019il avait soutenus lors des \u00e9lections de mi-mandat.<\/p>\n","protected":false},"excerpt":{"rendered":"<p>Donald Trump a annonc\u00e9, mardi 15 novembre, sa candidature \u00e0 l\u2019investiture supr\u00eame et a d\u00e9cid\u00e9 de se lancer dans la course pour la Maison Blanche, malgr\u00e9 la d\u00e9fa&#8230;<\/p>\n","protected":false},"author":3162,"featured_media":277241,"comment_status":"open","ping_status":"closed","sticky":false,"template":"","format":"standard","meta":{"footnotes":""},"categories":[2598],"tags":[2916,3035,5503],"class_list":["post-198996","post","type-post","status-publish","format-standard","has-post-thumbnail","hentry","category-international","tag-donald-trump","tag-etats-unis","tag-presidentielle"],"yoast_head":"<!-- This site is optimized with the Yoast SEO Premium plugin v27.5 (Yoast SEO v27.5) - https:\/\/yoast.com\/product\/yoast-seo-premium-wordpress\/ -->\n<title>Etats-Unis : Donald Trump annonce sa candidature \u00e0 la pr\u00e9sidentielle de 2024<\/title>\n<meta name=\"description\" content=\"Donald Trump a annonc\u00e9, mardi 15 novembre, sa candidature \u00e0 l\u2019investiture supr\u00eame et a d\u00e9cid\u00e9 de se lancer dans la course pour la Maison Blanche, malgr\u00e9 la d\u00e9fa...\" \/>\n<link rel=\"canonical\" href=\"https:\/\/www.webdo.tn\/fr\/actualite\/international\/etats-unis-donald-trump-annonce-sa-candidature-a-la-presidentielle-de-2024\/198996\/\" \/>\n<meta property=\"og:locale\" content=\"fr_FR\" \/>\n<meta property=\"og:type\" content=\"article\" \/>\n<meta property=\"og:title\" content=\"Etats-Unis : Donald Trump annonce sa candidature \u00e0 la pr\u00e9sidentielle de 2024\" \/>\n<meta property=\"og:description\" content=\"Donald Trump a annonc\u00e9, mardi 15 novembre, sa candidature \u00e0 l\u2019investiture supr\u00eame et a d\u00e9cid\u00e9 de se lancer dans la course pour la Maison Blanche, malgr\u00e9 la d\u00e9fa...\" \/>\n<meta property=\"og:url\" content=\"https:\/\/www.webdo.tn\/fr\/actualite\/international\/etats-unis-donald-trump-annonce-sa-candidature-a-la-presidentielle-de-2024\/198996\/\" \/>\n<meta property=\"og:site_name\" content=\"webdo\" \/>\n<meta property=\"article:publisher\" content=\"https:\/\/www.facebook.com\/webdotn\" \/>\n<meta property=\"article:published_time\" content=\"2022-11-16T08:52:00+00:00\" \/>\n<meta property=\"article:modified_time\" content=\"2025-05-20T22:05:50+00:00\" \/>\n<meta property=\"og:image\" content=\"https:\/\/www.webdo.tn\/fr\/wp-content\/uploads\/2022\/11\/d0b80fdc81b300f7a82aa0a9e54483c9.jpg\" \/>\n\t<meta property=\"og:image:width\" content=\"750\" \/>\n\t<meta property=\"og:image:height\" content=\"400\" \/>\n\t<meta property=\"og:image:type\" content=\"image\/jpeg\" \/>\n<meta name=\"author\" content=\"MC\" \/>\n<meta name=\"twitter:card\" content=\"summary_large_image\" \/>\n<meta name=\"twitter:creator\" content=\"@webdo_tn\" \/>\n<meta name=\"twitter:site\" content=\"@webdo_tn\" \/>\n<meta name=\"twitter:label1\" content=\"\u00c9crit par\" \/>\n\t<meta name=\"twitter:data1\" content=\"MC\" \/>\n\t<meta name=\"twitter:label2\" content=\"Dur\u00e9e de lecture estim\u00e9e\" \/>\n\t<meta name=\"twitter:data2\" content=\"1 minute\" \/>\n<script type=\"application\/ld+json\" class=\"yoast-schema-graph\">{\"@context\":\"https:\\\/\\\/schema.org\",\"@graph\":[{\"@type\":\"NewsArticle\",\"@id\":\"https:\\\/\\\/www.webdo.tn\\\/fr\\\/actualite\\\/international\\\/etats-unis-donald-trump-annonce-sa-candidature-a-la-presidentielle-de-2024\\\/198996\\\/#article\",\"isPartOf\":{\"@id\":\"https:\\\/\\\/www.webdo.tn\\\/fr\\\/actualite\\\/international\\\/etats-unis-donald-trump-annonce-sa-candidature-a-la-presidentielle-de-2024\\\/198996\\\/\"},\"author\":{\"name\":\"MC\",\"@id\":\"https:\\\/\\\/www.webdo.tn\\\/fr\\\/#\\\/schema\\\/person\\\/2c4929cbf5a809e3bd38617c6ce150f6\"},\"headline\":\"Etats-Unis : Donald Trump annonce sa candidature \u00e0 la pr\u00e9sidentielle de 2024\",\"datePublished\":\"2022-11-16T08:52:00+00:00\",\"dateModified\":\"2025-05-20T22:05:50+00:00\",\"mainEntityOfPage\":{\"@id\":\"https:\\\/\\\/www.webdo.tn\\\/fr\\\/actualite\\\/international\\\/etats-unis-donald-trump-annonce-sa-candidature-a-la-presidentielle-de-2024\\\/198996\\\/\"},\"wordCount\":157,\"commentCount\":0,\"publisher\":{\"@id\":\"https:\\\/\\\/www.webdo.tn\\\/fr\\\/#organization\"},\"image\":{\"@id\":\"https:\\\/\\\/www.webdo.tn\\\/fr\\\/actualite\\\/international\\\/etats-unis-donald-trump-annonce-sa-candidature-a-la-presidentielle-de-2024\\\/198996\\\/#primaryimage\"},\"thumbnailUrl\":\"https:\\\/\\\/www.webdo.tn\\\/fr\\\/wp-content\\\/uploads\\\/2022\\\/11\\\/d0b80fdc81b300f7a82aa0a9e54483c9.jpg\",\"keywords\":[\"Donald Trump\",\"Etats-Unis\",\"pr\u00e9sidentielle\"],\"articleSection\":[\"International\"],\"inLanguage\":\"fr-FR\"},{\"@type\":\"WebPage\",\"@id\":\"https:\\\/\\\/www.webdo.tn\\\/fr\\\/actualite\\\/international\\\/etats-unis-donald-trump-annonce-sa-candidature-a-la-presidentielle-de-2024\\\/198996\\\/\",\"url\":\"https:\\\/\\\/www.webdo.tn\\\/fr\\\/actualite\\\/international\\\/etats-unis-donald-trump-annonce-sa-candidature-a-la-presidentielle-de-2024\\\/198996\\\/\",\"name\":\"Etats-Unis : Donald Trump annonce sa candidature \u00e0 la pr\u00e9sidentielle de 2024\",\"isPartOf\":{\"@id\":\"https:\\\/\\\/www.webdo.tn\\\/fr\\\/#website\"},\"primaryImageOfPage\":{\"@id\":\"https:\\\/\\\/www.webdo.tn\\\/fr\\\/actualite\\\/international\\\/etats-unis-donald-trump-annonce-sa-candidature-a-la-presidentielle-de-2024\\\/198996\\\/#primaryimage\"},\"image\":{\"@id\":\"https:\\\/\\\/www.webdo.tn\\\/fr\\\/actualite\\\/international\\\/etats-unis-donald-trump-annonce-sa-candidature-a-la-presidentielle-de-2024\\\/198996\\\/#primaryimage\"},\"thumbnailUrl\":\"https:\\\/\\\/www.webdo.tn\\\/fr\\\/wp-content\\\/uploads\\\/2022\\\/11\\\/d0b80fdc81b300f7a82aa0a9e54483c9.jpg\",\"datePublished\":\"2022-11-16T08:52:00+00:00\",\"dateModified\":\"2025-05-20T22:05:50+00:00\",\"description\":\"Donald Trump a annonc\u00e9, mardi 15 novembre, sa candidature \u00e0 l\u2019investiture supr\u00eame et a d\u00e9cid\u00e9 de se lancer dans la course pour la Maison Blanche, malgr\u00e9 la d\u00e9fa...\",\"breadcrumb\":{\"@id\":\"https:\\\/\\\/www.webdo.tn\\\/fr\\\/actualite\\\/international\\\/etats-unis-donald-trump-annonce-sa-candidature-a-la-presidentielle-de-2024\\\/198996\\\/#breadcrumb\"},\"inLanguage\":\"fr-FR\",\"potentialAction\":[{\"@type\":\"ReadAction\",\"target\":[\"https:\\\/\\\/www.webdo.tn\\\/fr\\\/actualite\\\/international\\\/etats-unis-donald-trump-annonce-sa-candidature-a-la-presidentielle-de-2024\\\/198996\\\/\"]}]},{\"@type\":\"ImageObject\",\"inLanguage\":\"fr-FR\",\"@id\":\"https:\\\/\\\/www.webdo.tn\\\/fr\\\/actualite\\\/international\\\/etats-unis-donald-trump-annonce-sa-candidature-a-la-presidentielle-de-2024\\\/198996\\\/#primaryimage\",\"url\":\"https:\\\/\\\/www.webdo.tn\\\/fr\\\/wp-content\\\/uploads\\\/2022\\\/11\\\/d0b80fdc81b300f7a82aa0a9e54483c9.jpg\",\"contentUrl\":\"https:\\\/\\\/www.webdo.tn\\\/fr\\\/wp-content\\\/uploads\\\/2022\\\/11\\\/d0b80fdc81b300f7a82aa0a9e54483c9.jpg\",\"width\":750,\"height\":400,\"caption\":\"Donald Trump\"},{\"@type\":\"BreadcrumbList\",\"@id\":\"https:\\\/\\\/www.webdo.tn\\\/fr\\\/actualite\\\/international\\\/etats-unis-donald-trump-annonce-sa-candidature-a-la-presidentielle-de-2024\\\/198996\\\/#breadcrumb\",\"itemListElement\":[{\"@type\":\"ListItem\",\"position\":1,\"name\":\"Accueil\",\"item\":\"https:\\\/\\\/www.webdo.tn\\\/fr\\\/\"},{\"@type\":\"ListItem\",\"position\":2,\"name\":\"Etats-Unis : Donald Trump annonce sa candidature \u00e0 la pr\u00e9sidentielle de 2024\"}]},{\"@type\":\"WebSite\",\"@id\":\"https:\\\/\\\/www.webdo.tn\\\/fr\\\/#website\",\"url\":\"https:\\\/\\\/www.webdo.tn\\\/fr\\\/\",\"name\":\"webdo\",\"description\":\"Tunisie - News en Tunisie et \u00e0 l&#039;international sur Webdo.tn\",\"publisher\":{\"@id\":\"https:\\\/\\\/www.webdo.tn\\\/fr\\\/#organization\"},\"potentialAction\":[{\"@type\":\"SearchAction\",\"target\":{\"@type\":\"EntryPoint\",\"urlTemplate\":\"https:\\\/\\\/www.webdo.tn\\\/fr\\\/?s={search_term_string}\"},\"query-input\":{\"@type\":\"PropertyValueSpecification\",\"valueRequired\":true,\"valueName\":\"search_term_string\"}}],\"inLanguage\":\"fr-FR\"},{\"@type\":\"Organization\",\"@id\":\"https:\\\/\\\/www.webdo.tn\\\/fr\\\/#organization\",\"name\":\"Webdo\",\"alternateName\":\"Webdo.tn\",\"url\":\"https:\\\/\\\/www.webdo.tn\\\/fr\\\/\",\"logo\":{\"@type\":\"ImageObject\",\"inLanguage\":\"fr-FR\",\"@id\":\"https:\\\/\\\/www.webdo.tn\\\/fr\\\/#\\\/schema\\\/logo\\\/image\\\/\",\"url\":\"https:\\\/\\\/www.webdo.tn\\\/fr\\\/wp-content\\\/uploads\\\/2025\\\/06\\\/Webdo-Tunisie_168377.jpg\",\"contentUrl\":\"https:\\\/\\\/www.webdo.tn\\\/fr\\\/wp-content\\\/uploads\\\/2025\\\/06\\\/Webdo-Tunisie_168377.jpg\",\"width\":301,\"height\":301,\"caption\":\"Webdo\"},\"image\":{\"@id\":\"https:\\\/\\\/www.webdo.tn\\\/fr\\\/#\\\/schema\\\/logo\\\/image\\\/\"},\"sameAs\":[\"https:\\\/\\\/www.facebook.com\\\/webdotn\",\"https:\\\/\\\/x.com\\\/webdo_tn\"],\"description\":\"Webdo est un m\u00e9dia num\u00e9rique tunisien fond\u00e9 en 2010, sp\u00e9cialis\u00e9 dans l\u2019actualit\u00e9 nationale et internationale, l\u2019\u00e9conomie, la soci\u00e9t\u00e9 et les analyses politiques. Le site s\u2019adresse \u00e0 un large public francophone et couvre l\u2019information tunisienne en temps r\u00e9el.\",\"email\":\"redac@webdo.tn\",\"legalName\":\"YNJ SARL\",\"foundingDate\":\"2010-09-06\",\"numberOfEmployees\":{\"@type\":\"QuantitativeValue\",\"minValue\":\"11\",\"maxValue\":\"50\"}},{\"@type\":\"Person\",\"@id\":\"https:\\\/\\\/www.webdo.tn\\\/fr\\\/#\\\/schema\\\/person\\\/2c4929cbf5a809e3bd38617c6ce150f6\",\"name\":\"MC\",\"image\":{\"@type\":\"ImageObject\",\"inLanguage\":\"fr-FR\",\"@id\":\"https:\\\/\\\/secure.gravatar.com\\\/avatar\\\/a545bbb6f84efdd5553dbbc2895e3ca8f1d12c5215e00a041c9670b54aa9b18a?s=96&d=mm&r=g\",\"url\":\"https:\\\/\\\/secure.gravatar.com\\\/avatar\\\/a545bbb6f84efdd5553dbbc2895e3ca8f1d12c5215e00a041c9670b54aa9b18a?s=96&d=mm&r=g\",\"contentUrl\":\"https:\\\/\\\/secure.gravatar.com\\\/avatar\\\/a545bbb6f84efdd5553dbbc2895e3ca8f1d12c5215e00a041c9670b54aa9b18a?s=96&d=mm&r=g\",\"caption\":\"MC\"},\"url\":\"https:\\\/\\\/www.webdo.tn\\\/fr\\\/actualite\\\/author\\\/mc\\\/\"}]}<\/script>\n<!-- \/ Yoast SEO Premium plugin. -->","yoast_head_json":{"title":"Etats-Unis : Donald Trump annonce sa candidature \u00e0 la pr\u00e9sidentielle de 2024","description":"Donald Trump a annonc\u00e9, mardi 15 novembre, sa candidature \u00e0 l\u2019investiture supr\u00eame et a d\u00e9cid\u00e9 de se lancer dans la course pour la Maison Blanche, malgr\u00e9 la d\u00e9fa...","canonical":"https:\/\/www.webdo.tn\/fr\/actualite\/international\/etats-unis-donald-trump-annonce-sa-candidature-a-la-presidentielle-de-2024\/198996\/","og_locale":"fr_FR","og_type":"article","og_title":"Etats-Unis : Donald Trump annonce sa candidature \u00e0 la pr\u00e9sidentielle de 2024","og_description":"Donald Trump a annonc\u00e9, mardi 15 novembre, sa candidature \u00e0 l\u2019investiture supr\u00eame et a d\u00e9cid\u00e9 de se lancer dans la course pour la Maison Blanche, malgr\u00e9 la d\u00e9fa...","og_url":"https:\/\/www.webdo.tn\/fr\/actualite\/international\/etats-unis-donald-trump-annonce-sa-candidature-a-la-presidentielle-de-2024\/198996\/","og_site_name":"webdo","article_publisher":"https:\/\/www.facebook.com\/webdotn","article_published_time":"2022-11-16T08:52:00+00:00","article_modified_time":"2025-05-20T22:05:50+00:00","og_image":[{"width":750,"height":400,"url":"https:\/\/www.webdo.tn\/fr\/wp-content\/uploads\/2022\/11\/d0b80fdc81b300f7a82aa0a9e54483c9.jpg","type":"image\/jpeg"}],"author":"MC","twitter_card":"summary_large_image","twitter_creator":"@webdo_tn","twitter_site":"@webdo_tn","twitter_misc":{"\u00c9crit par":"MC","Dur\u00e9e de lecture estim\u00e9e":"1 minute"},"schema":{"@context":"https:\/\/schema.org","@graph":[{"@type":"NewsArticle","@id":"https:\/\/www.webdo.tn\/fr\/actualite\/international\/etats-unis-donald-trump-annonce-sa-candidature-a-la-presidentielle-de-2024\/198996\/#article","isPartOf":{"@id":"https:\/\/www.webdo.tn\/fr\/actualite\/international\/etats-unis-donald-trump-annonce-sa-candidature-a-la-presidentielle-de-2024\/198996\/"},"author":{"name":"MC","@id":"https:\/\/www.webdo.tn\/fr\/#\/schema\/person\/2c4929cbf5a809e3bd38617c6ce150f6"},"headline":"Etats-Unis : Donald Trump annonce sa candidature \u00e0 la pr\u00e9sidentielle de 2024","datePublished":"2022-11-16T08:52:00+00:00","dateModified":"2025-05-20T22:05:50+00:00","mainEntityOfPage":{"@id":"https:\/\/www.webdo.tn\/fr\/actualite\/international\/etats-unis-donald-trump-annonce-sa-candidature-a-la-presidentielle-de-2024\/198996\/"},"wordCount":157,"commentCount":0,"publisher":{"@id":"https:\/\/www.webdo.tn\/fr\/#organization"},"image":{"@id":"https:\/\/www.webdo.tn\/fr\/actualite\/international\/etats-unis-donald-trump-annonce-sa-candidature-a-la-presidentielle-de-2024\/198996\/#primaryimage"},"thumbnailUrl":"https:\/\/www.webdo.tn\/fr\/wp-content\/uploads\/2022\/11\/d0b80fdc81b300f7a82aa0a9e54483c9.jpg","keywords":["Donald Trump","Etats-Unis","pr\u00e9sidentielle"],"articleSection":["International"],"inLanguage":"fr-FR"},{"@type":"WebPage","@id":"https:\/\/www.webdo.tn\/fr\/actualite\/international\/etats-unis-donald-trump-annonce-sa-candidature-a-la-presidentielle-de-2024\/198996\/","url":"https:\/\/www.webdo.tn\/fr\/actualite\/international\/etats-unis-donald-trump-annonce-sa-candidature-a-la-presidentielle-de-2024\/198996\/","name":"Etats-Unis : Donald Trump annonce sa candidature \u00e0 la pr\u00e9sidentielle de 2024","isPartOf":{"@id":"https:\/\/www.webdo.tn\/fr\/#website"},"primaryImageOfPage":{"@id":"https:\/\/www.webdo.tn\/fr\/actualite\/international\/etats-unis-donald-trump-annonce-sa-candidature-a-la-presidentielle-de-2024\/198996\/#primaryimage"},"image":{"@id":"https:\/\/www.webdo.tn\/fr\/actualite\/international\/etats-unis-donald-trump-annonce-sa-candidature-a-la-presidentielle-de-2024\/198996\/#primaryimage"},"thumbnailUrl":"https:\/\/www.webdo.tn\/fr\/wp-content\/uploads\/2022\/11\/d0b80fdc81b300f7a82aa0a9e54483c9.jpg","datePublished":"2022-11-16T08:52:00+00:00","dateModified":"2025-05-20T22:05:50+00:00","description":"Donald Trump a annonc\u00e9, mardi 15 novembre, sa candidature \u00e0 l\u2019investiture supr\u00eame et a d\u00e9cid\u00e9 de se lancer dans la course pour la Maison Blanche, malgr\u00e9 la d\u00e9fa...","breadcrumb":{"@id":"https:\/\/www.webdo.tn\/fr\/actualite\/international\/etats-unis-donald-trump-annonce-sa-candidature-a-la-presidentielle-de-2024\/198996\/#breadcrumb"},"inLanguage":"fr-FR","potentialAction":[{"@type":"ReadAction","target":["https:\/\/www.webdo.tn\/fr\/actualite\/international\/etats-unis-donald-trump-annonce-sa-candidature-a-la-presidentielle-de-2024\/198996\/"]}]},{"@type":"ImageObject","inLanguage":"fr-FR","@id":"https:\/\/www.webdo.tn\/fr\/actualite\/international\/etats-unis-donald-trump-annonce-sa-candidature-a-la-presidentielle-de-2024\/198996\/#primaryimage","url":"https:\/\/www.webdo.tn\/fr\/wp-content\/uploads\/2022\/11\/d0b80fdc81b300f7a82aa0a9e54483c9.jpg","contentUrl":"https:\/\/www.webdo.tn\/fr\/wp-content\/uploads\/2022\/11\/d0b80fdc81b300f7a82aa0a9e54483c9.jpg","width":750,"height":400,"caption":"Donald Trump"},{"@type":"BreadcrumbList","@id":"https:\/\/www.webdo.tn\/fr\/actualite\/international\/etats-unis-donald-trump-annonce-sa-candidature-a-la-presidentielle-de-2024\/198996\/#breadcrumb","itemListElement":[{"@type":"ListItem","position":1,"name":"Accueil","item":"https:\/\/www.webdo.tn\/fr\/"},{"@type":"ListItem","position":2,"name":"Etats-Unis : Donald Trump annonce sa candidature \u00e0 la pr\u00e9sidentielle de 2024"}]},{"@type":"WebSite","@id":"https:\/\/www.webdo.tn\/fr\/#website","url":"https:\/\/www.webdo.tn\/fr\/","name":"webdo","description":"Tunisie - News en Tunisie et \u00e0 l&#039;international sur Webdo.tn","publisher":{"@id":"https:\/\/www.webdo.tn\/fr\/#organization"},"potentialAction":[{"@type":"SearchAction","target":{"@type":"EntryPoint","urlTemplate":"https:\/\/www.webdo.tn\/fr\/?s={search_term_string}"},"query-input":{"@type":"PropertyValueSpecification","valueRequired":true,"valueName":"search_term_string"}}],"inLanguage":"fr-FR"},{"@type":"Organization","@id":"https:\/\/www.webdo.tn\/fr\/#organization","name":"Webdo","alternateName":"Webdo.tn","url":"https:\/\/www.webdo.tn\/fr\/","logo":{"@type":"ImageObject","inLanguage":"fr-FR","@id":"https:\/\/www.webdo.tn\/fr\/#\/schema\/logo\/image\/","url":"https:\/\/www.webdo.tn\/fr\/wp-content\/uploads\/2025\/06\/Webdo-Tunisie_168377.jpg","contentUrl":"https:\/\/www.webdo.tn\/fr\/wp-content\/uploads\/2025\/06\/Webdo-Tunisie_168377.jpg","width":301,"height":301,"caption":"Webdo"},"image":{"@id":"https:\/\/www.webdo.tn\/fr\/#\/schema\/logo\/image\/"},"sameAs":["https:\/\/www.facebook.com\/webdotn","https:\/\/x.com\/webdo_tn"],"description":"Webdo est un m\u00e9dia num\u00e9rique tunisien fond\u00e9 en 2010, sp\u00e9cialis\u00e9 dans l\u2019actualit\u00e9 nationale et internationale, l\u2019\u00e9conomie, la soci\u00e9t\u00e9 et les analyses politiques. Le site s\u2019adresse \u00e0 un large public francophone et couvre l\u2019information tunisienne en temps r\u00e9el.","email":"redac@webdo.tn","legalName":"YNJ SARL","foundingDate":"2010-09-06","numberOfEmployees":{"@type":"QuantitativeValue","minValue":"11","maxValue":"50"}},{"@type":"Person","@id":"https:\/\/www.webdo.tn\/fr\/#\/schema\/person\/2c4929cbf5a809e3bd38617c6ce150f6","name":"MC","image":{"@type":"ImageObject","inLanguage":"fr-FR","@id":"https:\/\/secure.gravatar.com\/avatar\/a545bbb6f84efdd5553dbbc2895e3ca8f1d12c5215e00a041c9670b54aa9b18a?s=96&d=mm&r=g","url":"https:\/\/secure.gravatar.com\/avatar\/a545bbb6f84efdd5553dbbc2895e3ca8f1d12c5215e00a041c9670b54aa9b18a?s=96&d=mm&r=g","contentUrl":"https:\/\/secure.gravatar.com\/avatar\/a545bbb6f84efdd5553dbbc2895e3ca8f1d12c5215e00a041c9670b54aa9b18a?s=96&d=mm&r=g","caption":"MC"},"url":"https:\/\/www.webdo.tn\/fr\/actualite\/author\/mc\/"}]}},"_links":{"self":[{"href":"https:\/\/www.webdo.tn\/fr\/wp-json\/wp\/v2\/posts\/198996","targetHints":{"allow":["GET"]}}],"collection":[{"href":"https:\/\/www.webdo.tn\/fr\/wp-json\/wp\/v2\/posts"}],"about":[{"href":"https:\/\/www.webdo.tn\/fr\/wp-json\/wp\/v2\/types\/post"}],"author":[{"embeddable":true,"href":"https:\/\/www.webdo.tn\/fr\/wp-json\/wp\/v2\/users\/3162"}],"replies":[{"embeddable":true,"href":"https:\/\/www.webdo.tn\/fr\/wp-json\/wp\/v2\/comments?post=198996"}],"version-history":[{"count":0,"href":"https:\/\/www.webdo.tn\/fr\/wp-json\/wp\/v2\/posts\/198996\/revisions"}],"wp:featuredmedia":[{"embeddable":true,"href":"https:\/\/www.webdo.tn\/fr\/wp-json\/wp\/v2\/media\/277241"}],"wp:attachment":[{"href":"https:\/\/www.webdo.tn\/fr\/wp-json\/wp\/v2\/media?parent=198996"}],"wp:term":[{"taxonomy":"category","embeddable":true,"href":"https:\/\/www.webdo.tn\/fr\/wp-json\/wp\/v2\/categories?post=198996"},{"taxonomy":"post_tag","embeddable":true,"href":"https:\/\/www.webdo.tn\/fr\/wp-json\/wp\/v2\/tags?post=198996"}],"curies":[{"name":"wp","href":"https:\/\/api.w.org\/{rel}","templated":true}]}}