{"id":198992,"date":"2022-11-16T07:22:00","date_gmt":"2022-11-16T07:22:00","guid":{"rendered":"https:\/\/www.webdo.tn\/fr\/blog\/bouden-transformer-la-tunisie-en-un-hub-regional-pour-l-innovation-et-l-intelligence\/198992\/"},"modified":"2025-05-20T22:46:54","modified_gmt":"2025-05-20T22:46:54","slug":"bouden-transformer-la-tunisie-en-un-hub-regional-pour-l-innovation-et-l-intelligence","status":"publish","type":"post","link":"https:\/\/www.webdo.tn\/fr\/actualite\/national\/bouden-transformer-la-tunisie-en-un-hub-regional-pour-l-innovation-et-l-intelligence\/198992\/","title":{"rendered":"Bouden : \u00ab Transformer la Tunisie en Hub r\u00e9gional pour l\u2019innovation et l\u2019intelligence \u00bb"},"content":{"rendered":"<p>La cheffe du Gouvernement, Najla Bouden a exprim\u00e9, mardi 15 novembre, l\u2019ambition de transformer la Tunisie en un Hub r\u00e9gional pour l\u2019innovation et l\u2019intelligence, en phase avec les \u00e9volutions qui caract\u00e9risent aujourd\u2019hui, l\u2019\u00e9conomie mondiale et qui sont essentiellement, bas\u00e9es sur l\u2019\u00e9conomie de savoir et l\u2019innovation.<\/p>\n<p>\t\t\t\t\t\t\t\t\tCl\u00f4turant une journ\u00e9e organis\u00e9e par la Pr\u00e9sidence du Gouvernement \u00e0 Dar Dhiafa \u00e0 Carthage pour restituer les principaux r\u00e9sultats des premi\u00e8res assises de l&rsquo;innovation tenues en novembre 2022, elle a d\u00e9clar\u00e9 que ces assises refl\u00e8tent l\u2019orientation prise par le gouvernement de faire valoir la technologie et l\u2019intelligence nationale.<\/p>\n<p>Elle a par ailleurs, estim\u00e9 que l\u2019innovation constitue le meilleur levier pour garantir la r\u00e9silience de l\u2019\u00e9conomie nationale face aux multiples crises qui secouent le monde et r\u00e9aliser les objectifs nationaux notamment en mati\u00e8re d\u2019inclusion \u00e9conomique, sociale et financi\u00e8re, d\u2019autosuffisance alimentaire, de transition \u00e9nerg\u00e9tique, de num\u00e9risation des services, de d\u00e9veloppement du syst\u00e8me de la sant\u00e9, de valorisation du patrimoine&#8230;<\/p>\n<p>Elle a soulign\u00e9 l\u2019importance de la feuille de route issue des premi\u00e8res assises de l&rsquo;innovation, qui favoriserait la transformation du pays en un hub r\u00e9gional pour l\u2019innovation, l\u2019intelligence et l\u2019initiative, l\u2019\u00e9mergence d\u2019un nouveau tissu \u00e9conomique innovant, un meilleur positionnement des entreprises et des startups nationales et le r\u00e9tablissement de la confiance dans les capacit\u00e9s et l\u2019avenir du pays.<\/p>\n","protected":false},"excerpt":{"rendered":"<p>La cheffe du Gouvernement, Najla Bouden a exprim\u00e9, mardi 15 novembre, l\u2019ambition de transformer la Tunisie en un Hub r\u00e9gional pour l\u2019innovation et l\u2019intelligenc&#8230;<\/p>\n","protected":false},"author":3175,"featured_media":253251,"comment_status":"open","ping_status":"closed","sticky":false,"template":"","format":"standard","meta":{"footnotes":""},"categories":[44],"tags":[8792,7807,2608],"class_list":["post-198992","post","type-post","status-publish","format-standard","has-post-thumbnail","hentry","category-national","tag-bouden","tag-innovation","tag-tunisie"],"yoast_head":"<!-- This site is optimized with the Yoast SEO Premium plugin v27.5 (Yoast SEO v27.5) - https:\/\/yoast.com\/product\/yoast-seo-premium-wordpress\/ -->\n<title>Bouden : \u00ab Transformer la Tunisie en Hub r\u00e9gional pour l\u2019innovation et l\u2019intelligence \u00bb<\/title>\n<meta name=\"description\" content=\"La cheffe du Gouvernement, Najla Bouden a exprim\u00e9, mardi 15 novembre, l\u2019ambition de transformer la Tunisie en un Hub r\u00e9gional pour l\u2019innovation et l\u2019intelligenc...\" \/>\n<link rel=\"canonical\" href=\"https:\/\/www.webdo.tn\/fr\/actualite\/national\/bouden-transformer-la-tunisie-en-un-hub-regional-pour-l-innovation-et-l-intelligence\/198992\/\" \/>\n<meta property=\"og:locale\" content=\"fr_FR\" \/>\n<meta property=\"og:type\" content=\"article\" \/>\n<meta property=\"og:title\" content=\"Bouden : \u00ab Transformer la Tunisie en Hub r\u00e9gional pour l\u2019innovation et l\u2019intelligence \u00bb\" \/>\n<meta property=\"og:description\" content=\"La cheffe du Gouvernement, Najla Bouden a exprim\u00e9, mardi 15 novembre, l\u2019ambition de transformer la Tunisie en un Hub r\u00e9gional pour l\u2019innovation et l\u2019intelligenc...\" \/>\n<meta property=\"og:url\" content=\"https:\/\/www.webdo.tn\/fr\/actualite\/national\/bouden-transformer-la-tunisie-en-un-hub-regional-pour-l-innovation-et-l-intelligence\/198992\/\" \/>\n<meta property=\"og:site_name\" content=\"webdo\" \/>\n<meta property=\"article:publisher\" content=\"https:\/\/www.facebook.com\/webdotn\" \/>\n<meta property=\"article:published_time\" content=\"2022-11-16T07:22:00+00:00\" \/>\n<meta property=\"article:modified_time\" content=\"2025-05-20T22:46:54+00:00\" \/>\n<meta property=\"og:image\" content=\"https:\/\/www.webdo.tn\/fr\/wp-content\/uploads\/2022\/11\/947df625d64df6a3db11cb4334c835b7.jpg\" \/>\n\t<meta property=\"og:image:width\" content=\"750\" \/>\n\t<meta property=\"og:image:height\" content=\"400\" \/>\n\t<meta property=\"og:image:type\" content=\"image\/jpeg\" \/>\n<meta name=\"author\" content=\"CL\" \/>\n<meta name=\"twitter:card\" content=\"summary_large_image\" \/>\n<meta name=\"twitter:creator\" content=\"@webdo_tn\" \/>\n<meta name=\"twitter:site\" content=\"@webdo_tn\" \/>\n<meta name=\"twitter:label1\" content=\"\u00c9crit par\" \/>\n\t<meta name=\"twitter:data1\" content=\"CL\" \/>\n\t<meta name=\"twitter:label2\" content=\"Dur\u00e9e de lecture estim\u00e9e\" \/>\n\t<meta name=\"twitter:data2\" content=\"1 minute\" \/>\n<script type=\"application\/ld+json\" class=\"yoast-schema-graph\">{\"@context\":\"https:\\\/\\\/schema.org\",\"@graph\":[{\"@type\":\"NewsArticle\",\"@id\":\"https:\\\/\\\/www.webdo.tn\\\/fr\\\/actualite\\\/national\\\/bouden-transformer-la-tunisie-en-un-hub-regional-pour-l-innovation-et-l-intelligence\\\/198992\\\/#article\",\"isPartOf\":{\"@id\":\"https:\\\/\\\/www.webdo.tn\\\/fr\\\/actualite\\\/national\\\/bouden-transformer-la-tunisie-en-un-hub-regional-pour-l-innovation-et-l-intelligence\\\/198992\\\/\"},\"author\":{\"name\":\"CL\",\"@id\":\"https:\\\/\\\/www.webdo.tn\\\/fr\\\/#\\\/schema\\\/person\\\/f35b42a42c5e2511bbd282959d6385cc\"},\"headline\":\"Bouden : \u00ab Transformer la Tunisie en Hub r\u00e9gional pour l\u2019innovation et l\u2019intelligence \u00bb\",\"datePublished\":\"2022-11-16T07:22:00+00:00\",\"dateModified\":\"2025-05-20T22:46:54+00:00\",\"mainEntityOfPage\":{\"@id\":\"https:\\\/\\\/www.webdo.tn\\\/fr\\\/actualite\\\/national\\\/bouden-transformer-la-tunisie-en-un-hub-regional-pour-l-innovation-et-l-intelligence\\\/198992\\\/\"},\"wordCount\":265,\"commentCount\":0,\"publisher\":{\"@id\":\"https:\\\/\\\/www.webdo.tn\\\/fr\\\/#organization\"},\"image\":{\"@id\":\"https:\\\/\\\/www.webdo.tn\\\/fr\\\/actualite\\\/national\\\/bouden-transformer-la-tunisie-en-un-hub-regional-pour-l-innovation-et-l-intelligence\\\/198992\\\/#primaryimage\"},\"thumbnailUrl\":\"https:\\\/\\\/www.webdo.tn\\\/fr\\\/wp-content\\\/uploads\\\/2022\\\/11\\\/947df625d64df6a3db11cb4334c835b7.jpg\",\"keywords\":[\"Bouden\",\"Innovation\",\"Tunisie\"],\"articleSection\":[\"National\"],\"inLanguage\":\"fr-FR\"},{\"@type\":\"WebPage\",\"@id\":\"https:\\\/\\\/www.webdo.tn\\\/fr\\\/actualite\\\/national\\\/bouden-transformer-la-tunisie-en-un-hub-regional-pour-l-innovation-et-l-intelligence\\\/198992\\\/\",\"url\":\"https:\\\/\\\/www.webdo.tn\\\/fr\\\/actualite\\\/national\\\/bouden-transformer-la-tunisie-en-un-hub-regional-pour-l-innovation-et-l-intelligence\\\/198992\\\/\",\"name\":\"Bouden : \u00ab Transformer la Tunisie en Hub r\u00e9gional pour l\u2019innovation et l\u2019intelligence \u00bb\",\"isPartOf\":{\"@id\":\"https:\\\/\\\/www.webdo.tn\\\/fr\\\/#website\"},\"primaryImageOfPage\":{\"@id\":\"https:\\\/\\\/www.webdo.tn\\\/fr\\\/actualite\\\/national\\\/bouden-transformer-la-tunisie-en-un-hub-regional-pour-l-innovation-et-l-intelligence\\\/198992\\\/#primaryimage\"},\"image\":{\"@id\":\"https:\\\/\\\/www.webdo.tn\\\/fr\\\/actualite\\\/national\\\/bouden-transformer-la-tunisie-en-un-hub-regional-pour-l-innovation-et-l-intelligence\\\/198992\\\/#primaryimage\"},\"thumbnailUrl\":\"https:\\\/\\\/www.webdo.tn\\\/fr\\\/wp-content\\\/uploads\\\/2022\\\/11\\\/947df625d64df6a3db11cb4334c835b7.jpg\",\"datePublished\":\"2022-11-16T07:22:00+00:00\",\"dateModified\":\"2025-05-20T22:46:54+00:00\",\"description\":\"La cheffe du Gouvernement, Najla Bouden a exprim\u00e9, mardi 15 novembre, l\u2019ambition de transformer la Tunisie en un Hub r\u00e9gional pour l\u2019innovation et l\u2019intelligenc...\",\"breadcrumb\":{\"@id\":\"https:\\\/\\\/www.webdo.tn\\\/fr\\\/actualite\\\/national\\\/bouden-transformer-la-tunisie-en-un-hub-regional-pour-l-innovation-et-l-intelligence\\\/198992\\\/#breadcrumb\"},\"inLanguage\":\"fr-FR\",\"potentialAction\":[{\"@type\":\"ReadAction\",\"target\":[\"https:\\\/\\\/www.webdo.tn\\\/fr\\\/actualite\\\/national\\\/bouden-transformer-la-tunisie-en-un-hub-regional-pour-l-innovation-et-l-intelligence\\\/198992\\\/\"]}]},{\"@type\":\"ImageObject\",\"inLanguage\":\"fr-FR\",\"@id\":\"https:\\\/\\\/www.webdo.tn\\\/fr\\\/actualite\\\/national\\\/bouden-transformer-la-tunisie-en-un-hub-regional-pour-l-innovation-et-l-intelligence\\\/198992\\\/#primaryimage\",\"url\":\"https:\\\/\\\/www.webdo.tn\\\/fr\\\/wp-content\\\/uploads\\\/2022\\\/11\\\/947df625d64df6a3db11cb4334c835b7.jpg\",\"contentUrl\":\"https:\\\/\\\/www.webdo.tn\\\/fr\\\/wp-content\\\/uploads\\\/2022\\\/11\\\/947df625d64df6a3db11cb4334c835b7.jpg\",\"width\":750,\"height\":400,\"caption\":\"Najla Bouden\"},{\"@type\":\"BreadcrumbList\",\"@id\":\"https:\\\/\\\/www.webdo.tn\\\/fr\\\/actualite\\\/national\\\/bouden-transformer-la-tunisie-en-un-hub-regional-pour-l-innovation-et-l-intelligence\\\/198992\\\/#breadcrumb\",\"itemListElement\":[{\"@type\":\"ListItem\",\"position\":1,\"name\":\"Accueil\",\"item\":\"https:\\\/\\\/www.webdo.tn\\\/fr\\\/\"},{\"@type\":\"ListItem\",\"position\":2,\"name\":\"Bouden : \u00ab Transformer la Tunisie en Hub r\u00e9gional pour l\u2019innovation et l\u2019intelligence \u00bb\"}]},{\"@type\":\"WebSite\",\"@id\":\"https:\\\/\\\/www.webdo.tn\\\/fr\\\/#website\",\"url\":\"https:\\\/\\\/www.webdo.tn\\\/fr\\\/\",\"name\":\"webdo\",\"description\":\"Tunisie - News en Tunisie et \u00e0 l&#039;international sur Webdo.tn\",\"publisher\":{\"@id\":\"https:\\\/\\\/www.webdo.tn\\\/fr\\\/#organization\"},\"potentialAction\":[{\"@type\":\"SearchAction\",\"target\":{\"@type\":\"EntryPoint\",\"urlTemplate\":\"https:\\\/\\\/www.webdo.tn\\\/fr\\\/?s={search_term_string}\"},\"query-input\":{\"@type\":\"PropertyValueSpecification\",\"valueRequired\":true,\"valueName\":\"search_term_string\"}}],\"inLanguage\":\"fr-FR\"},{\"@type\":\"Organization\",\"@id\":\"https:\\\/\\\/www.webdo.tn\\\/fr\\\/#organization\",\"name\":\"Webdo\",\"alternateName\":\"Webdo.tn\",\"url\":\"https:\\\/\\\/www.webdo.tn\\\/fr\\\/\",\"logo\":{\"@type\":\"ImageObject\",\"inLanguage\":\"fr-FR\",\"@id\":\"https:\\\/\\\/www.webdo.tn\\\/fr\\\/#\\\/schema\\\/logo\\\/image\\\/\",\"url\":\"https:\\\/\\\/www.webdo.tn\\\/fr\\\/wp-content\\\/uploads\\\/2025\\\/06\\\/Webdo-Tunisie_168377.jpg\",\"contentUrl\":\"https:\\\/\\\/www.webdo.tn\\\/fr\\\/wp-content\\\/uploads\\\/2025\\\/06\\\/Webdo-Tunisie_168377.jpg\",\"width\":301,\"height\":301,\"caption\":\"Webdo\"},\"image\":{\"@id\":\"https:\\\/\\\/www.webdo.tn\\\/fr\\\/#\\\/schema\\\/logo\\\/image\\\/\"},\"sameAs\":[\"https:\\\/\\\/www.facebook.com\\\/webdotn\",\"https:\\\/\\\/x.com\\\/webdo_tn\"],\"description\":\"Webdo est un m\u00e9dia num\u00e9rique tunisien fond\u00e9 en 2010, sp\u00e9cialis\u00e9 dans l\u2019actualit\u00e9 nationale et internationale, l\u2019\u00e9conomie, la soci\u00e9t\u00e9 et les analyses politiques. Le site s\u2019adresse \u00e0 un large public francophone et couvre l\u2019information tunisienne en temps r\u00e9el.\",\"email\":\"redac@webdo.tn\",\"legalName\":\"YNJ SARL\",\"foundingDate\":\"2010-09-06\",\"numberOfEmployees\":{\"@type\":\"QuantitativeValue\",\"minValue\":\"11\",\"maxValue\":\"50\"}},{\"@type\":\"Person\",\"@id\":\"https:\\\/\\\/www.webdo.tn\\\/fr\\\/#\\\/schema\\\/person\\\/f35b42a42c5e2511bbd282959d6385cc\",\"name\":\"CL\",\"image\":{\"@type\":\"ImageObject\",\"inLanguage\":\"fr-FR\",\"@id\":\"https:\\\/\\\/secure.gravatar.com\\\/avatar\\\/1447a49909b67aa657c488aec6512e1dd6143a480c1ecfee9b5b5cd74eb3b59e?s=96&d=mm&r=g\",\"url\":\"https:\\\/\\\/secure.gravatar.com\\\/avatar\\\/1447a49909b67aa657c488aec6512e1dd6143a480c1ecfee9b5b5cd74eb3b59e?s=96&d=mm&r=g\",\"contentUrl\":\"https:\\\/\\\/secure.gravatar.com\\\/avatar\\\/1447a49909b67aa657c488aec6512e1dd6143a480c1ecfee9b5b5cd74eb3b59e?s=96&d=mm&r=g\",\"caption\":\"CL\"},\"url\":\"https:\\\/\\\/www.webdo.tn\\\/fr\\\/actualite\\\/author\\\/cl\\\/\"}]}<\/script>\n<!-- \/ Yoast SEO Premium plugin. -->","yoast_head_json":{"title":"Bouden : \u00ab Transformer la Tunisie en Hub r\u00e9gional pour l\u2019innovation et l\u2019intelligence \u00bb","description":"La cheffe du Gouvernement, Najla Bouden a exprim\u00e9, mardi 15 novembre, l\u2019ambition de transformer la Tunisie en un Hub r\u00e9gional pour l\u2019innovation et l\u2019intelligenc...","canonical":"https:\/\/www.webdo.tn\/fr\/actualite\/national\/bouden-transformer-la-tunisie-en-un-hub-regional-pour-l-innovation-et-l-intelligence\/198992\/","og_locale":"fr_FR","og_type":"article","og_title":"Bouden : \u00ab Transformer la Tunisie en Hub r\u00e9gional pour l\u2019innovation et l\u2019intelligence \u00bb","og_description":"La cheffe du Gouvernement, Najla Bouden a exprim\u00e9, mardi 15 novembre, l\u2019ambition de transformer la Tunisie en un Hub r\u00e9gional pour l\u2019innovation et l\u2019intelligenc...","og_url":"https:\/\/www.webdo.tn\/fr\/actualite\/national\/bouden-transformer-la-tunisie-en-un-hub-regional-pour-l-innovation-et-l-intelligence\/198992\/","og_site_name":"webdo","article_publisher":"https:\/\/www.facebook.com\/webdotn","article_published_time":"2022-11-16T07:22:00+00:00","article_modified_time":"2025-05-20T22:46:54+00:00","og_image":[{"width":750,"height":400,"url":"https:\/\/www.webdo.tn\/fr\/wp-content\/uploads\/2022\/11\/947df625d64df6a3db11cb4334c835b7.jpg","type":"image\/jpeg"}],"author":"CL","twitter_card":"summary_large_image","twitter_creator":"@webdo_tn","twitter_site":"@webdo_tn","twitter_misc":{"\u00c9crit par":"CL","Dur\u00e9e de lecture estim\u00e9e":"1 minute"},"schema":{"@context":"https:\/\/schema.org","@graph":[{"@type":"NewsArticle","@id":"https:\/\/www.webdo.tn\/fr\/actualite\/national\/bouden-transformer-la-tunisie-en-un-hub-regional-pour-l-innovation-et-l-intelligence\/198992\/#article","isPartOf":{"@id":"https:\/\/www.webdo.tn\/fr\/actualite\/national\/bouden-transformer-la-tunisie-en-un-hub-regional-pour-l-innovation-et-l-intelligence\/198992\/"},"author":{"name":"CL","@id":"https:\/\/www.webdo.tn\/fr\/#\/schema\/person\/f35b42a42c5e2511bbd282959d6385cc"},"headline":"Bouden : \u00ab Transformer la Tunisie en Hub r\u00e9gional pour l\u2019innovation et l\u2019intelligence \u00bb","datePublished":"2022-11-16T07:22:00+00:00","dateModified":"2025-05-20T22:46:54+00:00","mainEntityOfPage":{"@id":"https:\/\/www.webdo.tn\/fr\/actualite\/national\/bouden-transformer-la-tunisie-en-un-hub-regional-pour-l-innovation-et-l-intelligence\/198992\/"},"wordCount":265,"commentCount":0,"publisher":{"@id":"https:\/\/www.webdo.tn\/fr\/#organization"},"image":{"@id":"https:\/\/www.webdo.tn\/fr\/actualite\/national\/bouden-transformer-la-tunisie-en-un-hub-regional-pour-l-innovation-et-l-intelligence\/198992\/#primaryimage"},"thumbnailUrl":"https:\/\/www.webdo.tn\/fr\/wp-content\/uploads\/2022\/11\/947df625d64df6a3db11cb4334c835b7.jpg","keywords":["Bouden","Innovation","Tunisie"],"articleSection":["National"],"inLanguage":"fr-FR"},{"@type":"WebPage","@id":"https:\/\/www.webdo.tn\/fr\/actualite\/national\/bouden-transformer-la-tunisie-en-un-hub-regional-pour-l-innovation-et-l-intelligence\/198992\/","url":"https:\/\/www.webdo.tn\/fr\/actualite\/national\/bouden-transformer-la-tunisie-en-un-hub-regional-pour-l-innovation-et-l-intelligence\/198992\/","name":"Bouden : \u00ab Transformer la Tunisie en Hub r\u00e9gional pour l\u2019innovation et l\u2019intelligence \u00bb","isPartOf":{"@id":"https:\/\/www.webdo.tn\/fr\/#website"},"primaryImageOfPage":{"@id":"https:\/\/www.webdo.tn\/fr\/actualite\/national\/bouden-transformer-la-tunisie-en-un-hub-regional-pour-l-innovation-et-l-intelligence\/198992\/#primaryimage"},"image":{"@id":"https:\/\/www.webdo.tn\/fr\/actualite\/national\/bouden-transformer-la-tunisie-en-un-hub-regional-pour-l-innovation-et-l-intelligence\/198992\/#primaryimage"},"thumbnailUrl":"https:\/\/www.webdo.tn\/fr\/wp-content\/uploads\/2022\/11\/947df625d64df6a3db11cb4334c835b7.jpg","datePublished":"2022-11-16T07:22:00+00:00","dateModified":"2025-05-20T22:46:54+00:00","description":"La cheffe du Gouvernement, Najla Bouden a exprim\u00e9, mardi 15 novembre, l\u2019ambition de transformer la Tunisie en un Hub r\u00e9gional pour l\u2019innovation et l\u2019intelligenc...","breadcrumb":{"@id":"https:\/\/www.webdo.tn\/fr\/actualite\/national\/bouden-transformer-la-tunisie-en-un-hub-regional-pour-l-innovation-et-l-intelligence\/198992\/#breadcrumb"},"inLanguage":"fr-FR","potentialAction":[{"@type":"ReadAction","target":["https:\/\/www.webdo.tn\/fr\/actualite\/national\/bouden-transformer-la-tunisie-en-un-hub-regional-pour-l-innovation-et-l-intelligence\/198992\/"]}]},{"@type":"ImageObject","inLanguage":"fr-FR","@id":"https:\/\/www.webdo.tn\/fr\/actualite\/national\/bouden-transformer-la-tunisie-en-un-hub-regional-pour-l-innovation-et-l-intelligence\/198992\/#primaryimage","url":"https:\/\/www.webdo.tn\/fr\/wp-content\/uploads\/2022\/11\/947df625d64df6a3db11cb4334c835b7.jpg","contentUrl":"https:\/\/www.webdo.tn\/fr\/wp-content\/uploads\/2022\/11\/947df625d64df6a3db11cb4334c835b7.jpg","width":750,"height":400,"caption":"Najla Bouden"},{"@type":"BreadcrumbList","@id":"https:\/\/www.webdo.tn\/fr\/actualite\/national\/bouden-transformer-la-tunisie-en-un-hub-regional-pour-l-innovation-et-l-intelligence\/198992\/#breadcrumb","itemListElement":[{"@type":"ListItem","position":1,"name":"Accueil","item":"https:\/\/www.webdo.tn\/fr\/"},{"@type":"ListItem","position":2,"name":"Bouden : \u00ab Transformer la Tunisie en Hub r\u00e9gional pour l\u2019innovation et l\u2019intelligence \u00bb"}]},{"@type":"WebSite","@id":"https:\/\/www.webdo.tn\/fr\/#website","url":"https:\/\/www.webdo.tn\/fr\/","name":"webdo","description":"Tunisie - News en Tunisie et \u00e0 l&#039;international sur Webdo.tn","publisher":{"@id":"https:\/\/www.webdo.tn\/fr\/#organization"},"potentialAction":[{"@type":"SearchAction","target":{"@type":"EntryPoint","urlTemplate":"https:\/\/www.webdo.tn\/fr\/?s={search_term_string}"},"query-input":{"@type":"PropertyValueSpecification","valueRequired":true,"valueName":"search_term_string"}}],"inLanguage":"fr-FR"},{"@type":"Organization","@id":"https:\/\/www.webdo.tn\/fr\/#organization","name":"Webdo","alternateName":"Webdo.tn","url":"https:\/\/www.webdo.tn\/fr\/","logo":{"@type":"ImageObject","inLanguage":"fr-FR","@id":"https:\/\/www.webdo.tn\/fr\/#\/schema\/logo\/image\/","url":"https:\/\/www.webdo.tn\/fr\/wp-content\/uploads\/2025\/06\/Webdo-Tunisie_168377.jpg","contentUrl":"https:\/\/www.webdo.tn\/fr\/wp-content\/uploads\/2025\/06\/Webdo-Tunisie_168377.jpg","width":301,"height":301,"caption":"Webdo"},"image":{"@id":"https:\/\/www.webdo.tn\/fr\/#\/schema\/logo\/image\/"},"sameAs":["https:\/\/www.facebook.com\/webdotn","https:\/\/x.com\/webdo_tn"],"description":"Webdo est un m\u00e9dia num\u00e9rique tunisien fond\u00e9 en 2010, sp\u00e9cialis\u00e9 dans l\u2019actualit\u00e9 nationale et internationale, l\u2019\u00e9conomie, la soci\u00e9t\u00e9 et les analyses politiques. Le site s\u2019adresse \u00e0 un large public francophone et couvre l\u2019information tunisienne en temps r\u00e9el.","email":"redac@webdo.tn","legalName":"YNJ SARL","foundingDate":"2010-09-06","numberOfEmployees":{"@type":"QuantitativeValue","minValue":"11","maxValue":"50"}},{"@type":"Person","@id":"https:\/\/www.webdo.tn\/fr\/#\/schema\/person\/f35b42a42c5e2511bbd282959d6385cc","name":"CL","image":{"@type":"ImageObject","inLanguage":"fr-FR","@id":"https:\/\/secure.gravatar.com\/avatar\/1447a49909b67aa657c488aec6512e1dd6143a480c1ecfee9b5b5cd74eb3b59e?s=96&d=mm&r=g","url":"https:\/\/secure.gravatar.com\/avatar\/1447a49909b67aa657c488aec6512e1dd6143a480c1ecfee9b5b5cd74eb3b59e?s=96&d=mm&r=g","contentUrl":"https:\/\/secure.gravatar.com\/avatar\/1447a49909b67aa657c488aec6512e1dd6143a480c1ecfee9b5b5cd74eb3b59e?s=96&d=mm&r=g","caption":"CL"},"url":"https:\/\/www.webdo.tn\/fr\/actualite\/author\/cl\/"}]}},"_links":{"self":[{"href":"https:\/\/www.webdo.tn\/fr\/wp-json\/wp\/v2\/posts\/198992","targetHints":{"allow":["GET"]}}],"collection":[{"href":"https:\/\/www.webdo.tn\/fr\/wp-json\/wp\/v2\/posts"}],"about":[{"href":"https:\/\/www.webdo.tn\/fr\/wp-json\/wp\/v2\/types\/post"}],"author":[{"embeddable":true,"href":"https:\/\/www.webdo.tn\/fr\/wp-json\/wp\/v2\/users\/3175"}],"replies":[{"embeddable":true,"href":"https:\/\/www.webdo.tn\/fr\/wp-json\/wp\/v2\/comments?post=198992"}],"version-history":[{"count":0,"href":"https:\/\/www.webdo.tn\/fr\/wp-json\/wp\/v2\/posts\/198992\/revisions"}],"wp:featuredmedia":[{"embeddable":true,"href":"https:\/\/www.webdo.tn\/fr\/wp-json\/wp\/v2\/media\/253251"}],"wp:attachment":[{"href":"https:\/\/www.webdo.tn\/fr\/wp-json\/wp\/v2\/media?parent=198992"}],"wp:term":[{"taxonomy":"category","embeddable":true,"href":"https:\/\/www.webdo.tn\/fr\/wp-json\/wp\/v2\/categories?post=198992"},{"taxonomy":"post_tag","embeddable":true,"href":"https:\/\/www.webdo.tn\/fr\/wp-json\/wp\/v2\/tags?post=198992"}],"curies":[{"name":"wp","href":"https:\/\/api.w.org\/{rel}","templated":true}]}}