{"id":198985,"date":"2022-11-15T21:17:00","date_gmt":"2022-11-15T21:17:00","guid":{"rendered":"https:\/\/www.webdo.tn\/fr\/blog\/trois-morts-et-neuf-blesses-dans-un-accident-de-la-route-a-kasserine\/198985\/"},"modified":"2025-05-20T22:04:54","modified_gmt":"2025-05-20T22:04:54","slug":"trois-morts-et-neuf-blesses-dans-un-accident-de-la-route-a-kasserine","status":"publish","type":"post","link":"https:\/\/www.webdo.tn\/fr\/actualite\/regions\/trois-morts-et-neuf-blesses-dans-un-accident-de-la-route-a-kasserine\/198985\/","title":{"rendered":"Trois morts et neuf bless\u00e9s dans un accident de la route \u00e0 Kasserine"},"content":{"rendered":"<p>Trois personnes sont mortes et neuf autres ont \u00e9t\u00e9 bless\u00e9es dans un grave accident de la route, survenu, ce mardi  15 novembre dans l\u2019apr\u00e8s-midi, au niveau de la route reliant Sbeitla (gouvernorat de Kasserine) et Mghila (gouvernorat de Sidi Bouzid).<\/p>\n<p>\t\t\t\t\t\t\t\t\tDans une d\u00e9claration \u00e0 l\u2019Agence TAP, le directeur r\u00e9gional de la protection civile \u00e0 Kasserine, Youssef Al-Afi que quatre bless\u00e9s ont \u00e9t\u00e9 transf\u00e9r\u00e9s \u00e0 l&rsquo;h\u00f4pital r\u00e9gional de Kasserine dont trois sont dans un \u00e9tat critique.<\/p>\n<p>L\u2019\u00e9tat de sant\u00e9 du quatri\u00e8me bless\u00e9, un enfant, est stationnaire, alors que les autres bless\u00e9s ont re\u00e7u les soins n\u00e9cessaires \u00e0 l&rsquo;h\u00f4pital local de Sbeitla.<\/p>\n<p>L\u2019accident a \u00e9t\u00e9 provoqu\u00e9 par une collision entre une voiture de transport en commun \u00ab\u00a0louage\u00a0\u00bb et une ambulance appartenant \u00e0 la sant\u00e9 publique, en raison d&rsquo;un d\u00e9passement interdit par le conducteur de la voiture \u00ab\u00a0louage\u00a0\u00bb, rapporte une source s\u00e9curitaire.<\/p>\n","protected":false},"excerpt":{"rendered":"<p>Trois personnes sont mortes et neuf autres ont \u00e9t\u00e9 bless\u00e9es dans un grave accident de la route, survenu, ce mardi  15 novembre dans l\u2019apr\u00e8s-midi, au niveau de l&#8230;<\/p>\n","protected":false},"author":3162,"featured_media":253241,"comment_status":"open","ping_status":"closed","sticky":false,"template":"","format":"standard","meta":{"footnotes":""},"categories":[2595],"tags":[3915,2744,3888],"class_list":["post-198985","post","type-post","status-publish","format-standard","has-post-thumbnail","hentry","category-regions","tag-accident","tag-kasserine","tag-route"],"yoast_head":"<!-- This site is optimized with the Yoast SEO Premium plugin v27.5 (Yoast SEO v27.5) - https:\/\/yoast.com\/product\/yoast-seo-premium-wordpress\/ -->\n<title>Trois morts et neuf bless\u00e9s dans un accident de la route \u00e0 Kasserine<\/title>\n<meta name=\"description\" content=\"Trois personnes sont mortes et neuf autres ont \u00e9t\u00e9 bless\u00e9es dans un grave accident de la route, survenu, ce mardi 15 novembre dans l\u2019apr\u00e8s-midi, au niveau de l...\" \/>\n<link rel=\"canonical\" href=\"https:\/\/www.webdo.tn\/fr\/actualite\/regions\/trois-morts-et-neuf-blesses-dans-un-accident-de-la-route-a-kasserine\/198985\/\" \/>\n<meta property=\"og:locale\" content=\"fr_FR\" \/>\n<meta property=\"og:type\" content=\"article\" \/>\n<meta property=\"og:title\" content=\"Trois morts et neuf bless\u00e9s dans un accident de la route \u00e0 Kasserine\" \/>\n<meta property=\"og:description\" content=\"Trois personnes sont mortes et neuf autres ont \u00e9t\u00e9 bless\u00e9es dans un grave accident de la route, survenu, ce mardi 15 novembre dans l\u2019apr\u00e8s-midi, au niveau de l...\" \/>\n<meta property=\"og:url\" content=\"https:\/\/www.webdo.tn\/fr\/actualite\/regions\/trois-morts-et-neuf-blesses-dans-un-accident-de-la-route-a-kasserine\/198985\/\" \/>\n<meta property=\"og:site_name\" content=\"webdo\" \/>\n<meta property=\"article:publisher\" content=\"https:\/\/www.facebook.com\/webdotn\" \/>\n<meta property=\"article:published_time\" content=\"2022-11-15T21:17:00+00:00\" \/>\n<meta property=\"article:modified_time\" content=\"2025-05-20T22:04:54+00:00\" \/>\n<meta property=\"og:image\" content=\"https:\/\/www.webdo.tn\/fr\/wp-content\/uploads\/2022\/11\/834ae47058ed50f805bbf6014584a56e.jpg\" \/>\n\t<meta property=\"og:image:width\" content=\"720\" \/>\n\t<meta property=\"og:image:height\" content=\"384\" \/>\n\t<meta property=\"og:image:type\" content=\"image\/jpeg\" \/>\n<meta name=\"author\" content=\"MC\" \/>\n<meta name=\"twitter:card\" content=\"summary_large_image\" \/>\n<meta name=\"twitter:creator\" content=\"@webdo_tn\" \/>\n<meta name=\"twitter:site\" content=\"@webdo_tn\" \/>\n<meta name=\"twitter:label1\" content=\"\u00c9crit par\" \/>\n\t<meta name=\"twitter:data1\" content=\"MC\" \/>\n\t<meta name=\"twitter:label2\" content=\"Dur\u00e9e de lecture estim\u00e9e\" \/>\n\t<meta name=\"twitter:data2\" content=\"1 minute\" \/>\n<script type=\"application\/ld+json\" class=\"yoast-schema-graph\">{\"@context\":\"https:\\\/\\\/schema.org\",\"@graph\":[{\"@type\":\"NewsArticle\",\"@id\":\"https:\\\/\\\/www.webdo.tn\\\/fr\\\/actualite\\\/regions\\\/trois-morts-et-neuf-blesses-dans-un-accident-de-la-route-a-kasserine\\\/198985\\\/#article\",\"isPartOf\":{\"@id\":\"https:\\\/\\\/www.webdo.tn\\\/fr\\\/actualite\\\/regions\\\/trois-morts-et-neuf-blesses-dans-un-accident-de-la-route-a-kasserine\\\/198985\\\/\"},\"author\":{\"name\":\"MC\",\"@id\":\"https:\\\/\\\/www.webdo.tn\\\/fr\\\/#\\\/schema\\\/person\\\/2c4929cbf5a809e3bd38617c6ce150f6\"},\"headline\":\"Trois morts et neuf bless\u00e9s dans un accident de la route \u00e0 Kasserine\",\"datePublished\":\"2022-11-15T21:17:00+00:00\",\"dateModified\":\"2025-05-20T22:04:54+00:00\",\"mainEntityOfPage\":{\"@id\":\"https:\\\/\\\/www.webdo.tn\\\/fr\\\/actualite\\\/regions\\\/trois-morts-et-neuf-blesses-dans-un-accident-de-la-route-a-kasserine\\\/198985\\\/\"},\"wordCount\":169,\"commentCount\":0,\"publisher\":{\"@id\":\"https:\\\/\\\/www.webdo.tn\\\/fr\\\/#organization\"},\"image\":{\"@id\":\"https:\\\/\\\/www.webdo.tn\\\/fr\\\/actualite\\\/regions\\\/trois-morts-et-neuf-blesses-dans-un-accident-de-la-route-a-kasserine\\\/198985\\\/#primaryimage\"},\"thumbnailUrl\":\"https:\\\/\\\/www.webdo.tn\\\/fr\\\/wp-content\\\/uploads\\\/2022\\\/11\\\/834ae47058ed50f805bbf6014584a56e.jpg\",\"keywords\":[\"accident\",\"Kasserine\",\"route\"],\"articleSection\":[\"regions\"],\"inLanguage\":\"fr-FR\"},{\"@type\":\"WebPage\",\"@id\":\"https:\\\/\\\/www.webdo.tn\\\/fr\\\/actualite\\\/regions\\\/trois-morts-et-neuf-blesses-dans-un-accident-de-la-route-a-kasserine\\\/198985\\\/\",\"url\":\"https:\\\/\\\/www.webdo.tn\\\/fr\\\/actualite\\\/regions\\\/trois-morts-et-neuf-blesses-dans-un-accident-de-la-route-a-kasserine\\\/198985\\\/\",\"name\":\"Trois morts et neuf bless\u00e9s dans un accident de la route \u00e0 Kasserine\",\"isPartOf\":{\"@id\":\"https:\\\/\\\/www.webdo.tn\\\/fr\\\/#website\"},\"primaryImageOfPage\":{\"@id\":\"https:\\\/\\\/www.webdo.tn\\\/fr\\\/actualite\\\/regions\\\/trois-morts-et-neuf-blesses-dans-un-accident-de-la-route-a-kasserine\\\/198985\\\/#primaryimage\"},\"image\":{\"@id\":\"https:\\\/\\\/www.webdo.tn\\\/fr\\\/actualite\\\/regions\\\/trois-morts-et-neuf-blesses-dans-un-accident-de-la-route-a-kasserine\\\/198985\\\/#primaryimage\"},\"thumbnailUrl\":\"https:\\\/\\\/www.webdo.tn\\\/fr\\\/wp-content\\\/uploads\\\/2022\\\/11\\\/834ae47058ed50f805bbf6014584a56e.jpg\",\"datePublished\":\"2022-11-15T21:17:00+00:00\",\"dateModified\":\"2025-05-20T22:04:54+00:00\",\"description\":\"Trois personnes sont mortes et neuf autres ont \u00e9t\u00e9 bless\u00e9es dans un grave accident de la route, survenu, ce mardi 15 novembre dans l\u2019apr\u00e8s-midi, au niveau de l...\",\"breadcrumb\":{\"@id\":\"https:\\\/\\\/www.webdo.tn\\\/fr\\\/actualite\\\/regions\\\/trois-morts-et-neuf-blesses-dans-un-accident-de-la-route-a-kasserine\\\/198985\\\/#breadcrumb\"},\"inLanguage\":\"fr-FR\",\"potentialAction\":[{\"@type\":\"ReadAction\",\"target\":[\"https:\\\/\\\/www.webdo.tn\\\/fr\\\/actualite\\\/regions\\\/trois-morts-et-neuf-blesses-dans-un-accident-de-la-route-a-kasserine\\\/198985\\\/\"]}]},{\"@type\":\"ImageObject\",\"inLanguage\":\"fr-FR\",\"@id\":\"https:\\\/\\\/www.webdo.tn\\\/fr\\\/actualite\\\/regions\\\/trois-morts-et-neuf-blesses-dans-un-accident-de-la-route-a-kasserine\\\/198985\\\/#primaryimage\",\"url\":\"https:\\\/\\\/www.webdo.tn\\\/fr\\\/wp-content\\\/uploads\\\/2022\\\/11\\\/834ae47058ed50f805bbf6014584a56e.jpg\",\"contentUrl\":\"https:\\\/\\\/www.webdo.tn\\\/fr\\\/wp-content\\\/uploads\\\/2022\\\/11\\\/834ae47058ed50f805bbf6014584a56e.jpg\",\"width\":720,\"height\":384,\"caption\":\"Accident mortel \u00e0 Kasserine\"},{\"@type\":\"BreadcrumbList\",\"@id\":\"https:\\\/\\\/www.webdo.tn\\\/fr\\\/actualite\\\/regions\\\/trois-morts-et-neuf-blesses-dans-un-accident-de-la-route-a-kasserine\\\/198985\\\/#breadcrumb\",\"itemListElement\":[{\"@type\":\"ListItem\",\"position\":1,\"name\":\"Accueil\",\"item\":\"https:\\\/\\\/www.webdo.tn\\\/fr\\\/\"},{\"@type\":\"ListItem\",\"position\":2,\"name\":\"Trois morts et neuf bless\u00e9s dans un accident de la route \u00e0 Kasserine\"}]},{\"@type\":\"WebSite\",\"@id\":\"https:\\\/\\\/www.webdo.tn\\\/fr\\\/#website\",\"url\":\"https:\\\/\\\/www.webdo.tn\\\/fr\\\/\",\"name\":\"webdo\",\"description\":\"Tunisie - News en Tunisie et \u00e0 l&#039;international sur Webdo.tn\",\"publisher\":{\"@id\":\"https:\\\/\\\/www.webdo.tn\\\/fr\\\/#organization\"},\"potentialAction\":[{\"@type\":\"SearchAction\",\"target\":{\"@type\":\"EntryPoint\",\"urlTemplate\":\"https:\\\/\\\/www.webdo.tn\\\/fr\\\/?s={search_term_string}\"},\"query-input\":{\"@type\":\"PropertyValueSpecification\",\"valueRequired\":true,\"valueName\":\"search_term_string\"}}],\"inLanguage\":\"fr-FR\"},{\"@type\":\"Organization\",\"@id\":\"https:\\\/\\\/www.webdo.tn\\\/fr\\\/#organization\",\"name\":\"Webdo\",\"alternateName\":\"Webdo.tn\",\"url\":\"https:\\\/\\\/www.webdo.tn\\\/fr\\\/\",\"logo\":{\"@type\":\"ImageObject\",\"inLanguage\":\"fr-FR\",\"@id\":\"https:\\\/\\\/www.webdo.tn\\\/fr\\\/#\\\/schema\\\/logo\\\/image\\\/\",\"url\":\"https:\\\/\\\/www.webdo.tn\\\/fr\\\/wp-content\\\/uploads\\\/2025\\\/06\\\/Webdo-Tunisie_168377.jpg\",\"contentUrl\":\"https:\\\/\\\/www.webdo.tn\\\/fr\\\/wp-content\\\/uploads\\\/2025\\\/06\\\/Webdo-Tunisie_168377.jpg\",\"width\":301,\"height\":301,\"caption\":\"Webdo\"},\"image\":{\"@id\":\"https:\\\/\\\/www.webdo.tn\\\/fr\\\/#\\\/schema\\\/logo\\\/image\\\/\"},\"sameAs\":[\"https:\\\/\\\/www.facebook.com\\\/webdotn\",\"https:\\\/\\\/x.com\\\/webdo_tn\"],\"description\":\"Webdo est un m\u00e9dia num\u00e9rique tunisien fond\u00e9 en 2010, sp\u00e9cialis\u00e9 dans l\u2019actualit\u00e9 nationale et internationale, l\u2019\u00e9conomie, la soci\u00e9t\u00e9 et les analyses politiques. Le site s\u2019adresse \u00e0 un large public francophone et couvre l\u2019information tunisienne en temps r\u00e9el.\",\"email\":\"redac@webdo.tn\",\"legalName\":\"YNJ SARL\",\"foundingDate\":\"2010-09-06\",\"numberOfEmployees\":{\"@type\":\"QuantitativeValue\",\"minValue\":\"11\",\"maxValue\":\"50\"}},{\"@type\":\"Person\",\"@id\":\"https:\\\/\\\/www.webdo.tn\\\/fr\\\/#\\\/schema\\\/person\\\/2c4929cbf5a809e3bd38617c6ce150f6\",\"name\":\"MC\",\"image\":{\"@type\":\"ImageObject\",\"inLanguage\":\"fr-FR\",\"@id\":\"https:\\\/\\\/secure.gravatar.com\\\/avatar\\\/a545bbb6f84efdd5553dbbc2895e3ca8f1d12c5215e00a041c9670b54aa9b18a?s=96&d=mm&r=g\",\"url\":\"https:\\\/\\\/secure.gravatar.com\\\/avatar\\\/a545bbb6f84efdd5553dbbc2895e3ca8f1d12c5215e00a041c9670b54aa9b18a?s=96&d=mm&r=g\",\"contentUrl\":\"https:\\\/\\\/secure.gravatar.com\\\/avatar\\\/a545bbb6f84efdd5553dbbc2895e3ca8f1d12c5215e00a041c9670b54aa9b18a?s=96&d=mm&r=g\",\"caption\":\"MC\"},\"url\":\"https:\\\/\\\/www.webdo.tn\\\/fr\\\/actualite\\\/author\\\/mc\\\/\"}]}<\/script>\n<!-- \/ Yoast SEO Premium plugin. -->","yoast_head_json":{"title":"Trois morts et neuf bless\u00e9s dans un accident de la route \u00e0 Kasserine","description":"Trois personnes sont mortes et neuf autres ont \u00e9t\u00e9 bless\u00e9es dans un grave accident de la route, survenu, ce mardi 15 novembre dans l\u2019apr\u00e8s-midi, au niveau de l...","canonical":"https:\/\/www.webdo.tn\/fr\/actualite\/regions\/trois-morts-et-neuf-blesses-dans-un-accident-de-la-route-a-kasserine\/198985\/","og_locale":"fr_FR","og_type":"article","og_title":"Trois morts et neuf bless\u00e9s dans un accident de la route \u00e0 Kasserine","og_description":"Trois personnes sont mortes et neuf autres ont \u00e9t\u00e9 bless\u00e9es dans un grave accident de la route, survenu, ce mardi 15 novembre dans l\u2019apr\u00e8s-midi, au niveau de l...","og_url":"https:\/\/www.webdo.tn\/fr\/actualite\/regions\/trois-morts-et-neuf-blesses-dans-un-accident-de-la-route-a-kasserine\/198985\/","og_site_name":"webdo","article_publisher":"https:\/\/www.facebook.com\/webdotn","article_published_time":"2022-11-15T21:17:00+00:00","article_modified_time":"2025-05-20T22:04:54+00:00","og_image":[{"width":720,"height":384,"url":"https:\/\/www.webdo.tn\/fr\/wp-content\/uploads\/2022\/11\/834ae47058ed50f805bbf6014584a56e.jpg","type":"image\/jpeg"}],"author":"MC","twitter_card":"summary_large_image","twitter_creator":"@webdo_tn","twitter_site":"@webdo_tn","twitter_misc":{"\u00c9crit par":"MC","Dur\u00e9e de lecture estim\u00e9e":"1 minute"},"schema":{"@context":"https:\/\/schema.org","@graph":[{"@type":"NewsArticle","@id":"https:\/\/www.webdo.tn\/fr\/actualite\/regions\/trois-morts-et-neuf-blesses-dans-un-accident-de-la-route-a-kasserine\/198985\/#article","isPartOf":{"@id":"https:\/\/www.webdo.tn\/fr\/actualite\/regions\/trois-morts-et-neuf-blesses-dans-un-accident-de-la-route-a-kasserine\/198985\/"},"author":{"name":"MC","@id":"https:\/\/www.webdo.tn\/fr\/#\/schema\/person\/2c4929cbf5a809e3bd38617c6ce150f6"},"headline":"Trois morts et neuf bless\u00e9s dans un accident de la route \u00e0 Kasserine","datePublished":"2022-11-15T21:17:00+00:00","dateModified":"2025-05-20T22:04:54+00:00","mainEntityOfPage":{"@id":"https:\/\/www.webdo.tn\/fr\/actualite\/regions\/trois-morts-et-neuf-blesses-dans-un-accident-de-la-route-a-kasserine\/198985\/"},"wordCount":169,"commentCount":0,"publisher":{"@id":"https:\/\/www.webdo.tn\/fr\/#organization"},"image":{"@id":"https:\/\/www.webdo.tn\/fr\/actualite\/regions\/trois-morts-et-neuf-blesses-dans-un-accident-de-la-route-a-kasserine\/198985\/#primaryimage"},"thumbnailUrl":"https:\/\/www.webdo.tn\/fr\/wp-content\/uploads\/2022\/11\/834ae47058ed50f805bbf6014584a56e.jpg","keywords":["accident","Kasserine","route"],"articleSection":["regions"],"inLanguage":"fr-FR"},{"@type":"WebPage","@id":"https:\/\/www.webdo.tn\/fr\/actualite\/regions\/trois-morts-et-neuf-blesses-dans-un-accident-de-la-route-a-kasserine\/198985\/","url":"https:\/\/www.webdo.tn\/fr\/actualite\/regions\/trois-morts-et-neuf-blesses-dans-un-accident-de-la-route-a-kasserine\/198985\/","name":"Trois morts et neuf bless\u00e9s dans un accident de la route \u00e0 Kasserine","isPartOf":{"@id":"https:\/\/www.webdo.tn\/fr\/#website"},"primaryImageOfPage":{"@id":"https:\/\/www.webdo.tn\/fr\/actualite\/regions\/trois-morts-et-neuf-blesses-dans-un-accident-de-la-route-a-kasserine\/198985\/#primaryimage"},"image":{"@id":"https:\/\/www.webdo.tn\/fr\/actualite\/regions\/trois-morts-et-neuf-blesses-dans-un-accident-de-la-route-a-kasserine\/198985\/#primaryimage"},"thumbnailUrl":"https:\/\/www.webdo.tn\/fr\/wp-content\/uploads\/2022\/11\/834ae47058ed50f805bbf6014584a56e.jpg","datePublished":"2022-11-15T21:17:00+00:00","dateModified":"2025-05-20T22:04:54+00:00","description":"Trois personnes sont mortes et neuf autres ont \u00e9t\u00e9 bless\u00e9es dans un grave accident de la route, survenu, ce mardi 15 novembre dans l\u2019apr\u00e8s-midi, au niveau de l...","breadcrumb":{"@id":"https:\/\/www.webdo.tn\/fr\/actualite\/regions\/trois-morts-et-neuf-blesses-dans-un-accident-de-la-route-a-kasserine\/198985\/#breadcrumb"},"inLanguage":"fr-FR","potentialAction":[{"@type":"ReadAction","target":["https:\/\/www.webdo.tn\/fr\/actualite\/regions\/trois-morts-et-neuf-blesses-dans-un-accident-de-la-route-a-kasserine\/198985\/"]}]},{"@type":"ImageObject","inLanguage":"fr-FR","@id":"https:\/\/www.webdo.tn\/fr\/actualite\/regions\/trois-morts-et-neuf-blesses-dans-un-accident-de-la-route-a-kasserine\/198985\/#primaryimage","url":"https:\/\/www.webdo.tn\/fr\/wp-content\/uploads\/2022\/11\/834ae47058ed50f805bbf6014584a56e.jpg","contentUrl":"https:\/\/www.webdo.tn\/fr\/wp-content\/uploads\/2022\/11\/834ae47058ed50f805bbf6014584a56e.jpg","width":720,"height":384,"caption":"Accident mortel \u00e0 Kasserine"},{"@type":"BreadcrumbList","@id":"https:\/\/www.webdo.tn\/fr\/actualite\/regions\/trois-morts-et-neuf-blesses-dans-un-accident-de-la-route-a-kasserine\/198985\/#breadcrumb","itemListElement":[{"@type":"ListItem","position":1,"name":"Accueil","item":"https:\/\/www.webdo.tn\/fr\/"},{"@type":"ListItem","position":2,"name":"Trois morts et neuf bless\u00e9s dans un accident de la route \u00e0 Kasserine"}]},{"@type":"WebSite","@id":"https:\/\/www.webdo.tn\/fr\/#website","url":"https:\/\/www.webdo.tn\/fr\/","name":"webdo","description":"Tunisie - News en Tunisie et \u00e0 l&#039;international sur Webdo.tn","publisher":{"@id":"https:\/\/www.webdo.tn\/fr\/#organization"},"potentialAction":[{"@type":"SearchAction","target":{"@type":"EntryPoint","urlTemplate":"https:\/\/www.webdo.tn\/fr\/?s={search_term_string}"},"query-input":{"@type":"PropertyValueSpecification","valueRequired":true,"valueName":"search_term_string"}}],"inLanguage":"fr-FR"},{"@type":"Organization","@id":"https:\/\/www.webdo.tn\/fr\/#organization","name":"Webdo","alternateName":"Webdo.tn","url":"https:\/\/www.webdo.tn\/fr\/","logo":{"@type":"ImageObject","inLanguage":"fr-FR","@id":"https:\/\/www.webdo.tn\/fr\/#\/schema\/logo\/image\/","url":"https:\/\/www.webdo.tn\/fr\/wp-content\/uploads\/2025\/06\/Webdo-Tunisie_168377.jpg","contentUrl":"https:\/\/www.webdo.tn\/fr\/wp-content\/uploads\/2025\/06\/Webdo-Tunisie_168377.jpg","width":301,"height":301,"caption":"Webdo"},"image":{"@id":"https:\/\/www.webdo.tn\/fr\/#\/schema\/logo\/image\/"},"sameAs":["https:\/\/www.facebook.com\/webdotn","https:\/\/x.com\/webdo_tn"],"description":"Webdo est un m\u00e9dia num\u00e9rique tunisien fond\u00e9 en 2010, sp\u00e9cialis\u00e9 dans l\u2019actualit\u00e9 nationale et internationale, l\u2019\u00e9conomie, la soci\u00e9t\u00e9 et les analyses politiques. Le site s\u2019adresse \u00e0 un large public francophone et couvre l\u2019information tunisienne en temps r\u00e9el.","email":"redac@webdo.tn","legalName":"YNJ SARL","foundingDate":"2010-09-06","numberOfEmployees":{"@type":"QuantitativeValue","minValue":"11","maxValue":"50"}},{"@type":"Person","@id":"https:\/\/www.webdo.tn\/fr\/#\/schema\/person\/2c4929cbf5a809e3bd38617c6ce150f6","name":"MC","image":{"@type":"ImageObject","inLanguage":"fr-FR","@id":"https:\/\/secure.gravatar.com\/avatar\/a545bbb6f84efdd5553dbbc2895e3ca8f1d12c5215e00a041c9670b54aa9b18a?s=96&d=mm&r=g","url":"https:\/\/secure.gravatar.com\/avatar\/a545bbb6f84efdd5553dbbc2895e3ca8f1d12c5215e00a041c9670b54aa9b18a?s=96&d=mm&r=g","contentUrl":"https:\/\/secure.gravatar.com\/avatar\/a545bbb6f84efdd5553dbbc2895e3ca8f1d12c5215e00a041c9670b54aa9b18a?s=96&d=mm&r=g","caption":"MC"},"url":"https:\/\/www.webdo.tn\/fr\/actualite\/author\/mc\/"}]}},"_links":{"self":[{"href":"https:\/\/www.webdo.tn\/fr\/wp-json\/wp\/v2\/posts\/198985","targetHints":{"allow":["GET"]}}],"collection":[{"href":"https:\/\/www.webdo.tn\/fr\/wp-json\/wp\/v2\/posts"}],"about":[{"href":"https:\/\/www.webdo.tn\/fr\/wp-json\/wp\/v2\/types\/post"}],"author":[{"embeddable":true,"href":"https:\/\/www.webdo.tn\/fr\/wp-json\/wp\/v2\/users\/3162"}],"replies":[{"embeddable":true,"href":"https:\/\/www.webdo.tn\/fr\/wp-json\/wp\/v2\/comments?post=198985"}],"version-history":[{"count":0,"href":"https:\/\/www.webdo.tn\/fr\/wp-json\/wp\/v2\/posts\/198985\/revisions"}],"wp:featuredmedia":[{"embeddable":true,"href":"https:\/\/www.webdo.tn\/fr\/wp-json\/wp\/v2\/media\/253241"}],"wp:attachment":[{"href":"https:\/\/www.webdo.tn\/fr\/wp-json\/wp\/v2\/media?parent=198985"}],"wp:term":[{"taxonomy":"category","embeddable":true,"href":"https:\/\/www.webdo.tn\/fr\/wp-json\/wp\/v2\/categories?post=198985"},{"taxonomy":"post_tag","embeddable":true,"href":"https:\/\/www.webdo.tn\/fr\/wp-json\/wp\/v2\/tags?post=198985"}],"curies":[{"name":"wp","href":"https:\/\/api.w.org\/{rel}","templated":true}]}}