{"id":198970,"date":"2022-11-15T16:00:00","date_gmt":"2022-11-15T16:00:00","guid":{"rendered":"https:\/\/www.webdo.tn\/fr\/blog\/ambassadeur-de-france-a-tunis-la-langue-francaise-perd-du-terrain-en-tunisie\/198970\/"},"modified":"2025-05-20T23:01:44","modified_gmt":"2025-05-20T23:01:44","slug":"ambassadeur-de-france-a-tunis-la-langue-francaise-perd-du-terrain-en-tunisie","status":"publish","type":"post","link":"https:\/\/www.webdo.tn\/fr\/actualite\/national\/ambassadeur-de-france-a-tunis-la-langue-francaise-perd-du-terrain-en-tunisie\/198970\/","title":{"rendered":"Ambassadeur de France \u00e0 Tunis : la langue fran\u00e7aise perd du terrain en Tunisie"},"content":{"rendered":"<p>L\u2019ambassadeur de France \u00e0 Tunis, Andr\u00e9 Parant, a indiqu\u00e9 que la langue fran\u00e7aise perd du terrain en Tunisie, tandis qu&rsquo;elle est toujours pr\u00e9dominante dans d\u2019autres pays.<\/p>\n<p>\t\t\t\t\t\t\t\t\tIl a affirm\u00e9, ce mardi 15 novembre 2022, que ceci est d\u00fb, notamment, aux programmes scolaires et au manque d\u2019acc\u00e8s aux m\u00e9dias (t\u00e9l\u00e9visions et radios) fran\u00e7aises.<\/p>\n<p>Par ailleurs, l\u2019ambassadeur de France \u00e0 Tunis a d\u00e9clar\u00e9 que le Sommet de la Francophonie sera l\u2019occasion de signer un accord de partenariat entre le minist\u00e8re de l\u2019Education et l\u2019Agence fran\u00e7aise de coop\u00e9ration technique internationale pour l\u2019appui de la langue fran\u00e7aise dans les programmes scolaires tunisiens.<\/p>\n","protected":false},"excerpt":{"rendered":"<p>L\u2019ambassadeur de France \u00e0 Tunis, Andr\u00e9 Parant, a indiqu\u00e9 que la langue fran\u00e7aise perd du terrain en Tunisie, tandis qu&rsquo;elle est toujours pr\u00e9dominante dans d\u2019aut&#8230;<\/p>\n","protected":false},"author":3196,"featured_media":253236,"comment_status":"open","ping_status":"closed","sticky":false,"template":"","format":"standard","meta":{"footnotes":""},"categories":[44],"tags":[9029,8202,5518],"class_list":["post-198970","post","type-post","status-publish","format-standard","has-post-thumbnail","hentry","category-national","tag-andre-parant","tag-langue-francaise","tag-sommet-de-la-francophonie"],"yoast_head":"<!-- This site is optimized with the Yoast SEO Premium plugin v27.5 (Yoast SEO v27.5) - https:\/\/yoast.com\/product\/yoast-seo-premium-wordpress\/ -->\n<title>Ambassadeur de France \u00e0 Tunis : la langue fran\u00e7aise perd du terrain en Tunisie<\/title>\n<meta name=\"description\" content=\"L\u2019ambassadeur de France \u00e0 Tunis, Andr\u00e9 Parant, a indiqu\u00e9 que la langue fran\u00e7aise perd du terrain en Tunisie, tandis qu&#039;elle est toujours pr\u00e9dominante dans d\u2019aut...\" \/>\n<link rel=\"canonical\" href=\"https:\/\/www.webdo.tn\/fr\/actualite\/national\/ambassadeur-de-france-a-tunis-la-langue-francaise-perd-du-terrain-en-tunisie\/198970\/\" \/>\n<meta property=\"og:locale\" content=\"fr_FR\" \/>\n<meta property=\"og:type\" content=\"article\" \/>\n<meta property=\"og:title\" content=\"Ambassadeur de France \u00e0 Tunis : la langue fran\u00e7aise perd du terrain en Tunisie\" \/>\n<meta property=\"og:description\" content=\"L\u2019ambassadeur de France \u00e0 Tunis, Andr\u00e9 Parant, a indiqu\u00e9 que la langue fran\u00e7aise perd du terrain en Tunisie, tandis qu&#039;elle est toujours pr\u00e9dominante dans d\u2019aut...\" \/>\n<meta property=\"og:url\" content=\"https:\/\/www.webdo.tn\/fr\/actualite\/national\/ambassadeur-de-france-a-tunis-la-langue-francaise-perd-du-terrain-en-tunisie\/198970\/\" \/>\n<meta property=\"og:site_name\" content=\"webdo\" \/>\n<meta property=\"article:publisher\" content=\"https:\/\/www.facebook.com\/webdotn\" \/>\n<meta property=\"article:published_time\" content=\"2022-11-15T16:00:00+00:00\" \/>\n<meta property=\"article:modified_time\" content=\"2025-05-20T23:01:44+00:00\" \/>\n<meta property=\"og:image\" content=\"https:\/\/www.webdo.tn\/fr\/wp-content\/uploads\/2022\/11\/58d84e701b4caacaeb09b1d36c754380.png\" \/>\n\t<meta property=\"og:image:width\" content=\"750\" \/>\n\t<meta property=\"og:image:height\" content=\"400\" \/>\n\t<meta property=\"og:image:type\" content=\"image\/png\" \/>\n<meta name=\"author\" content=\"MK\" \/>\n<meta name=\"twitter:card\" content=\"summary_large_image\" \/>\n<meta name=\"twitter:creator\" content=\"@webdo_tn\" \/>\n<meta name=\"twitter:site\" content=\"@webdo_tn\" \/>\n<meta name=\"twitter:label1\" content=\"\u00c9crit par\" \/>\n\t<meta name=\"twitter:data1\" content=\"MK\" \/>\n\t<meta name=\"twitter:label2\" content=\"Dur\u00e9e de lecture estim\u00e9e\" \/>\n\t<meta name=\"twitter:data2\" content=\"1 minute\" \/>\n<script type=\"application\/ld+json\" class=\"yoast-schema-graph\">{\"@context\":\"https:\\\/\\\/schema.org\",\"@graph\":[{\"@type\":\"NewsArticle\",\"@id\":\"https:\\\/\\\/www.webdo.tn\\\/fr\\\/actualite\\\/national\\\/ambassadeur-de-france-a-tunis-la-langue-francaise-perd-du-terrain-en-tunisie\\\/198970\\\/#article\",\"isPartOf\":{\"@id\":\"https:\\\/\\\/www.webdo.tn\\\/fr\\\/actualite\\\/national\\\/ambassadeur-de-france-a-tunis-la-langue-francaise-perd-du-terrain-en-tunisie\\\/198970\\\/\"},\"author\":{\"name\":\"MK\",\"@id\":\"https:\\\/\\\/www.webdo.tn\\\/fr\\\/#\\\/schema\\\/person\\\/c3a9d32fa6d495ca5f4b6510e3db97bf\"},\"headline\":\"Ambassadeur de France \u00e0 Tunis : la langue fran\u00e7aise perd du terrain en Tunisie\",\"datePublished\":\"2022-11-15T16:00:00+00:00\",\"dateModified\":\"2025-05-20T23:01:44+00:00\",\"mainEntityOfPage\":{\"@id\":\"https:\\\/\\\/www.webdo.tn\\\/fr\\\/actualite\\\/national\\\/ambassadeur-de-france-a-tunis-la-langue-francaise-perd-du-terrain-en-tunisie\\\/198970\\\/\"},\"wordCount\":128,\"commentCount\":0,\"publisher\":{\"@id\":\"https:\\\/\\\/www.webdo.tn\\\/fr\\\/#organization\"},\"image\":{\"@id\":\"https:\\\/\\\/www.webdo.tn\\\/fr\\\/actualite\\\/national\\\/ambassadeur-de-france-a-tunis-la-langue-francaise-perd-du-terrain-en-tunisie\\\/198970\\\/#primaryimage\"},\"thumbnailUrl\":\"https:\\\/\\\/www.webdo.tn\\\/fr\\\/wp-content\\\/uploads\\\/2022\\\/11\\\/58d84e701b4caacaeb09b1d36c754380.png\",\"keywords\":[\"Andr\u00e9 Parant\",\"langue fran\u00e7aise\",\"Sommet de la Francophonie\"],\"articleSection\":[\"National\"],\"inLanguage\":\"fr-FR\"},{\"@type\":\"WebPage\",\"@id\":\"https:\\\/\\\/www.webdo.tn\\\/fr\\\/actualite\\\/national\\\/ambassadeur-de-france-a-tunis-la-langue-francaise-perd-du-terrain-en-tunisie\\\/198970\\\/\",\"url\":\"https:\\\/\\\/www.webdo.tn\\\/fr\\\/actualite\\\/national\\\/ambassadeur-de-france-a-tunis-la-langue-francaise-perd-du-terrain-en-tunisie\\\/198970\\\/\",\"name\":\"Ambassadeur de France \u00e0 Tunis : la langue fran\u00e7aise perd du terrain en Tunisie\",\"isPartOf\":{\"@id\":\"https:\\\/\\\/www.webdo.tn\\\/fr\\\/#website\"},\"primaryImageOfPage\":{\"@id\":\"https:\\\/\\\/www.webdo.tn\\\/fr\\\/actualite\\\/national\\\/ambassadeur-de-france-a-tunis-la-langue-francaise-perd-du-terrain-en-tunisie\\\/198970\\\/#primaryimage\"},\"image\":{\"@id\":\"https:\\\/\\\/www.webdo.tn\\\/fr\\\/actualite\\\/national\\\/ambassadeur-de-france-a-tunis-la-langue-francaise-perd-du-terrain-en-tunisie\\\/198970\\\/#primaryimage\"},\"thumbnailUrl\":\"https:\\\/\\\/www.webdo.tn\\\/fr\\\/wp-content\\\/uploads\\\/2022\\\/11\\\/58d84e701b4caacaeb09b1d36c754380.png\",\"datePublished\":\"2022-11-15T16:00:00+00:00\",\"dateModified\":\"2025-05-20T23:01:44+00:00\",\"description\":\"L\u2019ambassadeur de France \u00e0 Tunis, Andr\u00e9 Parant, a indiqu\u00e9 que la langue fran\u00e7aise perd du terrain en Tunisie, tandis qu'elle est toujours pr\u00e9dominante dans d\u2019aut...\",\"breadcrumb\":{\"@id\":\"https:\\\/\\\/www.webdo.tn\\\/fr\\\/actualite\\\/national\\\/ambassadeur-de-france-a-tunis-la-langue-francaise-perd-du-terrain-en-tunisie\\\/198970\\\/#breadcrumb\"},\"inLanguage\":\"fr-FR\",\"potentialAction\":[{\"@type\":\"ReadAction\",\"target\":[\"https:\\\/\\\/www.webdo.tn\\\/fr\\\/actualite\\\/national\\\/ambassadeur-de-france-a-tunis-la-langue-francaise-perd-du-terrain-en-tunisie\\\/198970\\\/\"]}]},{\"@type\":\"ImageObject\",\"inLanguage\":\"fr-FR\",\"@id\":\"https:\\\/\\\/www.webdo.tn\\\/fr\\\/actualite\\\/national\\\/ambassadeur-de-france-a-tunis-la-langue-francaise-perd-du-terrain-en-tunisie\\\/198970\\\/#primaryimage\",\"url\":\"https:\\\/\\\/www.webdo.tn\\\/fr\\\/wp-content\\\/uploads\\\/2022\\\/11\\\/58d84e701b4caacaeb09b1d36c754380.png\",\"contentUrl\":\"https:\\\/\\\/www.webdo.tn\\\/fr\\\/wp-content\\\/uploads\\\/2022\\\/11\\\/58d84e701b4caacaeb09b1d36c754380.png\",\"width\":750,\"height\":400,\"caption\":\"langue fran\u00e7aise\"},{\"@type\":\"BreadcrumbList\",\"@id\":\"https:\\\/\\\/www.webdo.tn\\\/fr\\\/actualite\\\/national\\\/ambassadeur-de-france-a-tunis-la-langue-francaise-perd-du-terrain-en-tunisie\\\/198970\\\/#breadcrumb\",\"itemListElement\":[{\"@type\":\"ListItem\",\"position\":1,\"name\":\"Accueil\",\"item\":\"https:\\\/\\\/www.webdo.tn\\\/fr\\\/\"},{\"@type\":\"ListItem\",\"position\":2,\"name\":\"Ambassadeur de France \u00e0 Tunis : la langue fran\u00e7aise perd du terrain en Tunisie\"}]},{\"@type\":\"WebSite\",\"@id\":\"https:\\\/\\\/www.webdo.tn\\\/fr\\\/#website\",\"url\":\"https:\\\/\\\/www.webdo.tn\\\/fr\\\/\",\"name\":\"webdo\",\"description\":\"Tunisie - News en Tunisie et \u00e0 l&#039;international sur Webdo.tn\",\"publisher\":{\"@id\":\"https:\\\/\\\/www.webdo.tn\\\/fr\\\/#organization\"},\"potentialAction\":[{\"@type\":\"SearchAction\",\"target\":{\"@type\":\"EntryPoint\",\"urlTemplate\":\"https:\\\/\\\/www.webdo.tn\\\/fr\\\/?s={search_term_string}\"},\"query-input\":{\"@type\":\"PropertyValueSpecification\",\"valueRequired\":true,\"valueName\":\"search_term_string\"}}],\"inLanguage\":\"fr-FR\"},{\"@type\":\"Organization\",\"@id\":\"https:\\\/\\\/www.webdo.tn\\\/fr\\\/#organization\",\"name\":\"Webdo\",\"alternateName\":\"Webdo.tn\",\"url\":\"https:\\\/\\\/www.webdo.tn\\\/fr\\\/\",\"logo\":{\"@type\":\"ImageObject\",\"inLanguage\":\"fr-FR\",\"@id\":\"https:\\\/\\\/www.webdo.tn\\\/fr\\\/#\\\/schema\\\/logo\\\/image\\\/\",\"url\":\"https:\\\/\\\/www.webdo.tn\\\/fr\\\/wp-content\\\/uploads\\\/2025\\\/06\\\/Webdo-Tunisie_168377.jpg\",\"contentUrl\":\"https:\\\/\\\/www.webdo.tn\\\/fr\\\/wp-content\\\/uploads\\\/2025\\\/06\\\/Webdo-Tunisie_168377.jpg\",\"width\":301,\"height\":301,\"caption\":\"Webdo\"},\"image\":{\"@id\":\"https:\\\/\\\/www.webdo.tn\\\/fr\\\/#\\\/schema\\\/logo\\\/image\\\/\"},\"sameAs\":[\"https:\\\/\\\/www.facebook.com\\\/webdotn\",\"https:\\\/\\\/x.com\\\/webdo_tn\"],\"description\":\"Webdo est un m\u00e9dia num\u00e9rique tunisien fond\u00e9 en 2010, sp\u00e9cialis\u00e9 dans l\u2019actualit\u00e9 nationale et internationale, l\u2019\u00e9conomie, la soci\u00e9t\u00e9 et les analyses politiques. Le site s\u2019adresse \u00e0 un large public francophone et couvre l\u2019information tunisienne en temps r\u00e9el.\",\"email\":\"redac@webdo.tn\",\"legalName\":\"YNJ SARL\",\"foundingDate\":\"2010-09-06\",\"numberOfEmployees\":{\"@type\":\"QuantitativeValue\",\"minValue\":\"11\",\"maxValue\":\"50\"}},{\"@type\":\"Person\",\"@id\":\"https:\\\/\\\/www.webdo.tn\\\/fr\\\/#\\\/schema\\\/person\\\/c3a9d32fa6d495ca5f4b6510e3db97bf\",\"name\":\"MK\",\"image\":{\"@type\":\"ImageObject\",\"inLanguage\":\"fr-FR\",\"@id\":\"https:\\\/\\\/secure.gravatar.com\\\/avatar\\\/6d44f937f19929f3b75db77056d3e08abd6e302e71bcfea340cd8b00c13e7baf?s=96&d=mm&r=g\",\"url\":\"https:\\\/\\\/secure.gravatar.com\\\/avatar\\\/6d44f937f19929f3b75db77056d3e08abd6e302e71bcfea340cd8b00c13e7baf?s=96&d=mm&r=g\",\"contentUrl\":\"https:\\\/\\\/secure.gravatar.com\\\/avatar\\\/6d44f937f19929f3b75db77056d3e08abd6e302e71bcfea340cd8b00c13e7baf?s=96&d=mm&r=g\",\"caption\":\"MK\"},\"url\":\"https:\\\/\\\/www.webdo.tn\\\/fr\\\/actualite\\\/author\\\/mk\\\/\"}]}<\/script>\n<!-- \/ Yoast SEO Premium plugin. -->","yoast_head_json":{"title":"Ambassadeur de France \u00e0 Tunis : la langue fran\u00e7aise perd du terrain en Tunisie","description":"L\u2019ambassadeur de France \u00e0 Tunis, Andr\u00e9 Parant, a indiqu\u00e9 que la langue fran\u00e7aise perd du terrain en Tunisie, tandis qu'elle est toujours pr\u00e9dominante dans d\u2019aut...","canonical":"https:\/\/www.webdo.tn\/fr\/actualite\/national\/ambassadeur-de-france-a-tunis-la-langue-francaise-perd-du-terrain-en-tunisie\/198970\/","og_locale":"fr_FR","og_type":"article","og_title":"Ambassadeur de France \u00e0 Tunis : la langue fran\u00e7aise perd du terrain en Tunisie","og_description":"L\u2019ambassadeur de France \u00e0 Tunis, Andr\u00e9 Parant, a indiqu\u00e9 que la langue fran\u00e7aise perd du terrain en Tunisie, tandis qu'elle est toujours pr\u00e9dominante dans d\u2019aut...","og_url":"https:\/\/www.webdo.tn\/fr\/actualite\/national\/ambassadeur-de-france-a-tunis-la-langue-francaise-perd-du-terrain-en-tunisie\/198970\/","og_site_name":"webdo","article_publisher":"https:\/\/www.facebook.com\/webdotn","article_published_time":"2022-11-15T16:00:00+00:00","article_modified_time":"2025-05-20T23:01:44+00:00","og_image":[{"width":750,"height":400,"url":"https:\/\/www.webdo.tn\/fr\/wp-content\/uploads\/2022\/11\/58d84e701b4caacaeb09b1d36c754380.png","type":"image\/png"}],"author":"MK","twitter_card":"summary_large_image","twitter_creator":"@webdo_tn","twitter_site":"@webdo_tn","twitter_misc":{"\u00c9crit par":"MK","Dur\u00e9e de lecture estim\u00e9e":"1 minute"},"schema":{"@context":"https:\/\/schema.org","@graph":[{"@type":"NewsArticle","@id":"https:\/\/www.webdo.tn\/fr\/actualite\/national\/ambassadeur-de-france-a-tunis-la-langue-francaise-perd-du-terrain-en-tunisie\/198970\/#article","isPartOf":{"@id":"https:\/\/www.webdo.tn\/fr\/actualite\/national\/ambassadeur-de-france-a-tunis-la-langue-francaise-perd-du-terrain-en-tunisie\/198970\/"},"author":{"name":"MK","@id":"https:\/\/www.webdo.tn\/fr\/#\/schema\/person\/c3a9d32fa6d495ca5f4b6510e3db97bf"},"headline":"Ambassadeur de France \u00e0 Tunis : la langue fran\u00e7aise perd du terrain en Tunisie","datePublished":"2022-11-15T16:00:00+00:00","dateModified":"2025-05-20T23:01:44+00:00","mainEntityOfPage":{"@id":"https:\/\/www.webdo.tn\/fr\/actualite\/national\/ambassadeur-de-france-a-tunis-la-langue-francaise-perd-du-terrain-en-tunisie\/198970\/"},"wordCount":128,"commentCount":0,"publisher":{"@id":"https:\/\/www.webdo.tn\/fr\/#organization"},"image":{"@id":"https:\/\/www.webdo.tn\/fr\/actualite\/national\/ambassadeur-de-france-a-tunis-la-langue-francaise-perd-du-terrain-en-tunisie\/198970\/#primaryimage"},"thumbnailUrl":"https:\/\/www.webdo.tn\/fr\/wp-content\/uploads\/2022\/11\/58d84e701b4caacaeb09b1d36c754380.png","keywords":["Andr\u00e9 Parant","langue fran\u00e7aise","Sommet de la Francophonie"],"articleSection":["National"],"inLanguage":"fr-FR"},{"@type":"WebPage","@id":"https:\/\/www.webdo.tn\/fr\/actualite\/national\/ambassadeur-de-france-a-tunis-la-langue-francaise-perd-du-terrain-en-tunisie\/198970\/","url":"https:\/\/www.webdo.tn\/fr\/actualite\/national\/ambassadeur-de-france-a-tunis-la-langue-francaise-perd-du-terrain-en-tunisie\/198970\/","name":"Ambassadeur de France \u00e0 Tunis : la langue fran\u00e7aise perd du terrain en Tunisie","isPartOf":{"@id":"https:\/\/www.webdo.tn\/fr\/#website"},"primaryImageOfPage":{"@id":"https:\/\/www.webdo.tn\/fr\/actualite\/national\/ambassadeur-de-france-a-tunis-la-langue-francaise-perd-du-terrain-en-tunisie\/198970\/#primaryimage"},"image":{"@id":"https:\/\/www.webdo.tn\/fr\/actualite\/national\/ambassadeur-de-france-a-tunis-la-langue-francaise-perd-du-terrain-en-tunisie\/198970\/#primaryimage"},"thumbnailUrl":"https:\/\/www.webdo.tn\/fr\/wp-content\/uploads\/2022\/11\/58d84e701b4caacaeb09b1d36c754380.png","datePublished":"2022-11-15T16:00:00+00:00","dateModified":"2025-05-20T23:01:44+00:00","description":"L\u2019ambassadeur de France \u00e0 Tunis, Andr\u00e9 Parant, a indiqu\u00e9 que la langue fran\u00e7aise perd du terrain en Tunisie, tandis qu'elle est toujours pr\u00e9dominante dans d\u2019aut...","breadcrumb":{"@id":"https:\/\/www.webdo.tn\/fr\/actualite\/national\/ambassadeur-de-france-a-tunis-la-langue-francaise-perd-du-terrain-en-tunisie\/198970\/#breadcrumb"},"inLanguage":"fr-FR","potentialAction":[{"@type":"ReadAction","target":["https:\/\/www.webdo.tn\/fr\/actualite\/national\/ambassadeur-de-france-a-tunis-la-langue-francaise-perd-du-terrain-en-tunisie\/198970\/"]}]},{"@type":"ImageObject","inLanguage":"fr-FR","@id":"https:\/\/www.webdo.tn\/fr\/actualite\/national\/ambassadeur-de-france-a-tunis-la-langue-francaise-perd-du-terrain-en-tunisie\/198970\/#primaryimage","url":"https:\/\/www.webdo.tn\/fr\/wp-content\/uploads\/2022\/11\/58d84e701b4caacaeb09b1d36c754380.png","contentUrl":"https:\/\/www.webdo.tn\/fr\/wp-content\/uploads\/2022\/11\/58d84e701b4caacaeb09b1d36c754380.png","width":750,"height":400,"caption":"langue fran\u00e7aise"},{"@type":"BreadcrumbList","@id":"https:\/\/www.webdo.tn\/fr\/actualite\/national\/ambassadeur-de-france-a-tunis-la-langue-francaise-perd-du-terrain-en-tunisie\/198970\/#breadcrumb","itemListElement":[{"@type":"ListItem","position":1,"name":"Accueil","item":"https:\/\/www.webdo.tn\/fr\/"},{"@type":"ListItem","position":2,"name":"Ambassadeur de France \u00e0 Tunis : la langue fran\u00e7aise perd du terrain en Tunisie"}]},{"@type":"WebSite","@id":"https:\/\/www.webdo.tn\/fr\/#website","url":"https:\/\/www.webdo.tn\/fr\/","name":"webdo","description":"Tunisie - News en Tunisie et \u00e0 l&#039;international sur Webdo.tn","publisher":{"@id":"https:\/\/www.webdo.tn\/fr\/#organization"},"potentialAction":[{"@type":"SearchAction","target":{"@type":"EntryPoint","urlTemplate":"https:\/\/www.webdo.tn\/fr\/?s={search_term_string}"},"query-input":{"@type":"PropertyValueSpecification","valueRequired":true,"valueName":"search_term_string"}}],"inLanguage":"fr-FR"},{"@type":"Organization","@id":"https:\/\/www.webdo.tn\/fr\/#organization","name":"Webdo","alternateName":"Webdo.tn","url":"https:\/\/www.webdo.tn\/fr\/","logo":{"@type":"ImageObject","inLanguage":"fr-FR","@id":"https:\/\/www.webdo.tn\/fr\/#\/schema\/logo\/image\/","url":"https:\/\/www.webdo.tn\/fr\/wp-content\/uploads\/2025\/06\/Webdo-Tunisie_168377.jpg","contentUrl":"https:\/\/www.webdo.tn\/fr\/wp-content\/uploads\/2025\/06\/Webdo-Tunisie_168377.jpg","width":301,"height":301,"caption":"Webdo"},"image":{"@id":"https:\/\/www.webdo.tn\/fr\/#\/schema\/logo\/image\/"},"sameAs":["https:\/\/www.facebook.com\/webdotn","https:\/\/x.com\/webdo_tn"],"description":"Webdo est un m\u00e9dia num\u00e9rique tunisien fond\u00e9 en 2010, sp\u00e9cialis\u00e9 dans l\u2019actualit\u00e9 nationale et internationale, l\u2019\u00e9conomie, la soci\u00e9t\u00e9 et les analyses politiques. Le site s\u2019adresse \u00e0 un large public francophone et couvre l\u2019information tunisienne en temps r\u00e9el.","email":"redac@webdo.tn","legalName":"YNJ SARL","foundingDate":"2010-09-06","numberOfEmployees":{"@type":"QuantitativeValue","minValue":"11","maxValue":"50"}},{"@type":"Person","@id":"https:\/\/www.webdo.tn\/fr\/#\/schema\/person\/c3a9d32fa6d495ca5f4b6510e3db97bf","name":"MK","image":{"@type":"ImageObject","inLanguage":"fr-FR","@id":"https:\/\/secure.gravatar.com\/avatar\/6d44f937f19929f3b75db77056d3e08abd6e302e71bcfea340cd8b00c13e7baf?s=96&d=mm&r=g","url":"https:\/\/secure.gravatar.com\/avatar\/6d44f937f19929f3b75db77056d3e08abd6e302e71bcfea340cd8b00c13e7baf?s=96&d=mm&r=g","contentUrl":"https:\/\/secure.gravatar.com\/avatar\/6d44f937f19929f3b75db77056d3e08abd6e302e71bcfea340cd8b00c13e7baf?s=96&d=mm&r=g","caption":"MK"},"url":"https:\/\/www.webdo.tn\/fr\/actualite\/author\/mk\/"}]}},"_links":{"self":[{"href":"https:\/\/www.webdo.tn\/fr\/wp-json\/wp\/v2\/posts\/198970","targetHints":{"allow":["GET"]}}],"collection":[{"href":"https:\/\/www.webdo.tn\/fr\/wp-json\/wp\/v2\/posts"}],"about":[{"href":"https:\/\/www.webdo.tn\/fr\/wp-json\/wp\/v2\/types\/post"}],"author":[{"embeddable":true,"href":"https:\/\/www.webdo.tn\/fr\/wp-json\/wp\/v2\/users\/3196"}],"replies":[{"embeddable":true,"href":"https:\/\/www.webdo.tn\/fr\/wp-json\/wp\/v2\/comments?post=198970"}],"version-history":[{"count":0,"href":"https:\/\/www.webdo.tn\/fr\/wp-json\/wp\/v2\/posts\/198970\/revisions"}],"wp:featuredmedia":[{"embeddable":true,"href":"https:\/\/www.webdo.tn\/fr\/wp-json\/wp\/v2\/media\/253236"}],"wp:attachment":[{"href":"https:\/\/www.webdo.tn\/fr\/wp-json\/wp\/v2\/media?parent=198970"}],"wp:term":[{"taxonomy":"category","embeddable":true,"href":"https:\/\/www.webdo.tn\/fr\/wp-json\/wp\/v2\/categories?post=198970"},{"taxonomy":"post_tag","embeddable":true,"href":"https:\/\/www.webdo.tn\/fr\/wp-json\/wp\/v2\/tags?post=198970"}],"curies":[{"name":"wp","href":"https:\/\/api.w.org\/{rel}","templated":true}]}}