{"id":198953,"date":"2022-11-15T11:55:00","date_gmt":"2022-11-15T11:55:00","guid":{"rendered":"https:\/\/www.webdo.tn\/fr\/blog\/nizar-bahloul-auditionne-par-la-criminelle-sur-la-base-du-decret-54\/198953\/"},"modified":"2025-05-20T23:01:41","modified_gmt":"2025-05-20T23:01:41","slug":"nizar-bahloul-auditionne-par-la-criminelle-sur-la-base-du-decret-54","status":"publish","type":"post","link":"https:\/\/www.webdo.tn\/fr\/actualite\/national\/nizar-bahloul-auditionne-par-la-criminelle-sur-la-base-du-decret-54\/198953\/","title":{"rendered":"Nizar Bahloul auditionn\u00e9 par la Criminelle sur la base du d\u00e9cret 54"},"content":{"rendered":"<p>Le fondateur et directeur du journal \u00e9lectronique Business News, Nizar Bahloul, a \u00e9t\u00e9 auditionn\u00e9 par la brigade criminelle.<\/p>\n<p>\t\t\t\t\t\t\t\t\tEt pour cause, Busines News avait publi\u00e9, jeudi 10 novembre 2022, un article d\u2019analyse intitul\u00e9 \u00ab Najla Bouden, une gentille woman \u00bb.<\/p>\n<p>Le lendemain, la ministre de la Justice, Leila Jaffel, a d\u00e9pos\u00e9 une une plainte au parquet pr\u00e8s le Tribunal de premi\u00e8re instance de Tunis et accuse Business News de \u00ab diffamation, publication de fausses informations, all\u00e9gations mensong\u00e8res contre un fonctionnaire public et injures contre la cheffe du gouvernement \u00bb.<\/p>\n<p>Selon la plainte, ledit article a \u00ab des cons\u00e9quences touchant la s\u00fbret\u00e9 du pays et cherche \u00e0 atteindre les institutions de l\u2019\u00c9tat \u00bb.<\/p>\n<p>Selon Nizar Bahloul, l\u2019instruction s\u2019est d\u00e9roul\u00e9e sans aucun incident et les agents de la criminelle ont fait preuve d\u2019un professionnalisme exemplaire. Il a \u00e9t\u00e9 lib\u00e9r\u00e9 au bout de deux heures.<\/p>\n<p>Le d\u00e9cret 54 a cr\u00e9\u00e9 une vive pol\u00e9mique. Le Syndicat national des journalistes tunisiens (SNJT) a publi\u00e9, lundi 19 septembre 2022, un communiqu\u00e9 appelant au retrait de cette loi sur la cybercriminalit\u00e9 publi\u00e9e dans le Jort du vendredi 16 septembre 2022.\u00a0<\/p>\n<p>De son c\u00f4t\u00e9, Webdo apporte son soutien inconditionnel \u00e0 la libert\u00e9 de presse et exprime sa solidarit\u00e9 \u00e0 Business News, rappelant qu&rsquo;il existe des lois et d\u00e9crets r\u00e9gissant le secteur des m\u00e9dias, le d\u00e9cret 115 notamment.<\/p>\n","protected":false},"excerpt":{"rendered":"<p>Le fondateur et directeur du journal \u00e9lectronique Business News, Nizar Bahloul, a \u00e9t\u00e9 auditionn\u00e9 par la brigade criminelle.<\/p>\n","protected":false},"author":3196,"featured_media":253221,"comment_status":"open","ping_status":"closed","sticky":false,"template":"","format":"standard","meta":{"footnotes":""},"categories":[44],"tags":[9025,3284,5018,8290,9024],"class_list":["post-198953","post","type-post","status-publish","format-standard","has-post-thumbnail","hentry","category-national","tag-business-news","tag-decret-54","tag-leila-jaffel","tag-najla-bouden","tag-nizar-bahloul"],"yoast_head":"<!-- This site is optimized with the Yoast SEO Premium plugin v27.4 (Yoast SEO v27.5) - https:\/\/yoast.com\/product\/yoast-seo-premium-wordpress\/ -->\n<title>Nizar Bahloul auditionn\u00e9 par la Criminelle sur la base du d\u00e9cret 54<\/title>\n<meta name=\"description\" content=\"Le fondateur et directeur du journal \u00e9lectronique Business News, Nizar Bahloul, a \u00e9t\u00e9 auditionn\u00e9 par la brigade criminelle.\" \/>\n<link rel=\"canonical\" href=\"https:\/\/www.webdo.tn\/fr\/actualite\/national\/nizar-bahloul-auditionne-par-la-criminelle-sur-la-base-du-decret-54\/198953\/\" \/>\n<meta property=\"og:locale\" content=\"fr_FR\" \/>\n<meta property=\"og:type\" content=\"article\" \/>\n<meta property=\"og:title\" content=\"Nizar Bahloul auditionn\u00e9 par la Criminelle sur la base du d\u00e9cret 54\" \/>\n<meta property=\"og:description\" content=\"Le fondateur et directeur du journal \u00e9lectronique Business News, Nizar Bahloul, a \u00e9t\u00e9 auditionn\u00e9 par la brigade criminelle.\" \/>\n<meta property=\"og:url\" content=\"https:\/\/www.webdo.tn\/fr\/actualite\/national\/nizar-bahloul-auditionne-par-la-criminelle-sur-la-base-du-decret-54\/198953\/\" \/>\n<meta property=\"og:site_name\" content=\"webdo\" \/>\n<meta property=\"article:publisher\" content=\"https:\/\/www.facebook.com\/webdotn\" \/>\n<meta property=\"article:published_time\" content=\"2022-11-15T11:55:00+00:00\" \/>\n<meta property=\"article:modified_time\" content=\"2025-05-20T23:01:41+00:00\" \/>\n<meta property=\"og:image\" content=\"https:\/\/www.webdo.tn\/fr\/wp-content\/uploads\/2022\/11\/5920e86f45977560ba7a04e40d82ec05.jpg\" \/>\n\t<meta property=\"og:image:width\" content=\"750\" \/>\n\t<meta property=\"og:image:height\" content=\"400\" \/>\n\t<meta property=\"og:image:type\" content=\"image\/jpeg\" \/>\n<meta name=\"author\" content=\"MK\" \/>\n<meta name=\"twitter:card\" content=\"summary_large_image\" \/>\n<meta name=\"twitter:creator\" content=\"@webdo_tn\" \/>\n<meta name=\"twitter:site\" content=\"@webdo_tn\" \/>\n<meta name=\"twitter:label1\" content=\"\u00c9crit par\" \/>\n\t<meta name=\"twitter:data1\" content=\"MK\" \/>\n\t<meta name=\"twitter:label2\" content=\"Dur\u00e9e de lecture estim\u00e9e\" \/>\n\t<meta name=\"twitter:data2\" content=\"1 minute\" \/>\n<script type=\"application\/ld+json\" class=\"yoast-schema-graph\">{\"@context\":\"https:\\\/\\\/schema.org\",\"@graph\":[{\"@type\":\"NewsArticle\",\"@id\":\"https:\\\/\\\/www.webdo.tn\\\/fr\\\/actualite\\\/national\\\/nizar-bahloul-auditionne-par-la-criminelle-sur-la-base-du-decret-54\\\/198953\\\/#article\",\"isPartOf\":{\"@id\":\"https:\\\/\\\/www.webdo.tn\\\/fr\\\/actualite\\\/national\\\/nizar-bahloul-auditionne-par-la-criminelle-sur-la-base-du-decret-54\\\/198953\\\/\"},\"author\":{\"name\":\"MK\",\"@id\":\"https:\\\/\\\/www.webdo.tn\\\/fr\\\/#\\\/schema\\\/person\\\/c3a9d32fa6d495ca5f4b6510e3db97bf\"},\"headline\":\"Nizar Bahloul auditionn\u00e9 par la Criminelle sur la base du d\u00e9cret 54\",\"datePublished\":\"2022-11-15T11:55:00+00:00\",\"dateModified\":\"2025-05-20T23:01:41+00:00\",\"mainEntityOfPage\":{\"@id\":\"https:\\\/\\\/www.webdo.tn\\\/fr\\\/actualite\\\/national\\\/nizar-bahloul-auditionne-par-la-criminelle-sur-la-base-du-decret-54\\\/198953\\\/\"},\"wordCount\":238,\"commentCount\":0,\"publisher\":{\"@id\":\"https:\\\/\\\/www.webdo.tn\\\/fr\\\/#organization\"},\"image\":{\"@id\":\"https:\\\/\\\/www.webdo.tn\\\/fr\\\/actualite\\\/national\\\/nizar-bahloul-auditionne-par-la-criminelle-sur-la-base-du-decret-54\\\/198953\\\/#primaryimage\"},\"thumbnailUrl\":\"https:\\\/\\\/www.webdo.tn\\\/fr\\\/wp-content\\\/uploads\\\/2022\\\/11\\\/5920e86f45977560ba7a04e40d82ec05.jpg\",\"keywords\":[\"Business News\",\"d\u00e9cret 54\",\"Leila Jaffel\",\"Najla Bouden\",\"Nizar Bahloul\"],\"articleSection\":[\"National\"],\"inLanguage\":\"fr-FR\"},{\"@type\":\"WebPage\",\"@id\":\"https:\\\/\\\/www.webdo.tn\\\/fr\\\/actualite\\\/national\\\/nizar-bahloul-auditionne-par-la-criminelle-sur-la-base-du-decret-54\\\/198953\\\/\",\"url\":\"https:\\\/\\\/www.webdo.tn\\\/fr\\\/actualite\\\/national\\\/nizar-bahloul-auditionne-par-la-criminelle-sur-la-base-du-decret-54\\\/198953\\\/\",\"name\":\"Nizar Bahloul auditionn\u00e9 par la Criminelle sur la base du d\u00e9cret 54\",\"isPartOf\":{\"@id\":\"https:\\\/\\\/www.webdo.tn\\\/fr\\\/#website\"},\"primaryImageOfPage\":{\"@id\":\"https:\\\/\\\/www.webdo.tn\\\/fr\\\/actualite\\\/national\\\/nizar-bahloul-auditionne-par-la-criminelle-sur-la-base-du-decret-54\\\/198953\\\/#primaryimage\"},\"image\":{\"@id\":\"https:\\\/\\\/www.webdo.tn\\\/fr\\\/actualite\\\/national\\\/nizar-bahloul-auditionne-par-la-criminelle-sur-la-base-du-decret-54\\\/198953\\\/#primaryimage\"},\"thumbnailUrl\":\"https:\\\/\\\/www.webdo.tn\\\/fr\\\/wp-content\\\/uploads\\\/2022\\\/11\\\/5920e86f45977560ba7a04e40d82ec05.jpg\",\"datePublished\":\"2022-11-15T11:55:00+00:00\",\"dateModified\":\"2025-05-20T23:01:41+00:00\",\"description\":\"Le fondateur et directeur du journal \u00e9lectronique Business News, Nizar Bahloul, a \u00e9t\u00e9 auditionn\u00e9 par la brigade criminelle.\",\"breadcrumb\":{\"@id\":\"https:\\\/\\\/www.webdo.tn\\\/fr\\\/actualite\\\/national\\\/nizar-bahloul-auditionne-par-la-criminelle-sur-la-base-du-decret-54\\\/198953\\\/#breadcrumb\"},\"inLanguage\":\"fr-FR\",\"potentialAction\":[{\"@type\":\"ReadAction\",\"target\":[\"https:\\\/\\\/www.webdo.tn\\\/fr\\\/actualite\\\/national\\\/nizar-bahloul-auditionne-par-la-criminelle-sur-la-base-du-decret-54\\\/198953\\\/\"]}]},{\"@type\":\"ImageObject\",\"inLanguage\":\"fr-FR\",\"@id\":\"https:\\\/\\\/www.webdo.tn\\\/fr\\\/actualite\\\/national\\\/nizar-bahloul-auditionne-par-la-criminelle-sur-la-base-du-decret-54\\\/198953\\\/#primaryimage\",\"url\":\"https:\\\/\\\/www.webdo.tn\\\/fr\\\/wp-content\\\/uploads\\\/2022\\\/11\\\/5920e86f45977560ba7a04e40d82ec05.jpg\",\"contentUrl\":\"https:\\\/\\\/www.webdo.tn\\\/fr\\\/wp-content\\\/uploads\\\/2022\\\/11\\\/5920e86f45977560ba7a04e40d82ec05.jpg\",\"width\":750,\"height\":400,\"caption\":\"Nizar Bahloul\"},{\"@type\":\"BreadcrumbList\",\"@id\":\"https:\\\/\\\/www.webdo.tn\\\/fr\\\/actualite\\\/national\\\/nizar-bahloul-auditionne-par-la-criminelle-sur-la-base-du-decret-54\\\/198953\\\/#breadcrumb\",\"itemListElement\":[{\"@type\":\"ListItem\",\"position\":1,\"name\":\"Accueil\",\"item\":\"https:\\\/\\\/www.webdo.tn\\\/fr\\\/\"},{\"@type\":\"ListItem\",\"position\":2,\"name\":\"Nizar Bahloul auditionn\u00e9 par la Criminelle sur la base du d\u00e9cret 54\"}]},{\"@type\":\"WebSite\",\"@id\":\"https:\\\/\\\/www.webdo.tn\\\/fr\\\/#website\",\"url\":\"https:\\\/\\\/www.webdo.tn\\\/fr\\\/\",\"name\":\"webdo\",\"description\":\"Tunisie - News en Tunisie et \u00e0 l&#039;international sur Webdo.tn\",\"publisher\":{\"@id\":\"https:\\\/\\\/www.webdo.tn\\\/fr\\\/#organization\"},\"potentialAction\":[{\"@type\":\"SearchAction\",\"target\":{\"@type\":\"EntryPoint\",\"urlTemplate\":\"https:\\\/\\\/www.webdo.tn\\\/fr\\\/?s={search_term_string}\"},\"query-input\":{\"@type\":\"PropertyValueSpecification\",\"valueRequired\":true,\"valueName\":\"search_term_string\"}}],\"inLanguage\":\"fr-FR\"},{\"@type\":\"Organization\",\"@id\":\"https:\\\/\\\/www.webdo.tn\\\/fr\\\/#organization\",\"name\":\"Webdo\",\"alternateName\":\"Webdo.tn\",\"url\":\"https:\\\/\\\/www.webdo.tn\\\/fr\\\/\",\"logo\":{\"@type\":\"ImageObject\",\"inLanguage\":\"fr-FR\",\"@id\":\"https:\\\/\\\/www.webdo.tn\\\/fr\\\/#\\\/schema\\\/logo\\\/image\\\/\",\"url\":\"https:\\\/\\\/www.webdo.tn\\\/fr\\\/wp-content\\\/uploads\\\/2025\\\/06\\\/Webdo-Tunisie_168377.jpg\",\"contentUrl\":\"https:\\\/\\\/www.webdo.tn\\\/fr\\\/wp-content\\\/uploads\\\/2025\\\/06\\\/Webdo-Tunisie_168377.jpg\",\"width\":301,\"height\":301,\"caption\":\"Webdo\"},\"image\":{\"@id\":\"https:\\\/\\\/www.webdo.tn\\\/fr\\\/#\\\/schema\\\/logo\\\/image\\\/\"},\"sameAs\":[\"https:\\\/\\\/www.facebook.com\\\/webdotn\",\"https:\\\/\\\/x.com\\\/webdo_tn\"],\"description\":\"Webdo est un m\u00e9dia num\u00e9rique tunisien fond\u00e9 en 2010, sp\u00e9cialis\u00e9 dans l\u2019actualit\u00e9 nationale et internationale, l\u2019\u00e9conomie, la soci\u00e9t\u00e9 et les analyses politiques. Le site s\u2019adresse \u00e0 un large public francophone et couvre l\u2019information tunisienne en temps r\u00e9el.\",\"email\":\"redac@webdo.tn\",\"legalName\":\"YNJ SARL\",\"foundingDate\":\"2010-09-06\",\"numberOfEmployees\":{\"@type\":\"QuantitativeValue\",\"minValue\":\"11\",\"maxValue\":\"50\"}},{\"@type\":\"Person\",\"@id\":\"https:\\\/\\\/www.webdo.tn\\\/fr\\\/#\\\/schema\\\/person\\\/c3a9d32fa6d495ca5f4b6510e3db97bf\",\"name\":\"MK\",\"image\":{\"@type\":\"ImageObject\",\"inLanguage\":\"fr-FR\",\"@id\":\"https:\\\/\\\/secure.gravatar.com\\\/avatar\\\/6d44f937f19929f3b75db77056d3e08abd6e302e71bcfea340cd8b00c13e7baf?s=96&d=mm&r=g\",\"url\":\"https:\\\/\\\/secure.gravatar.com\\\/avatar\\\/6d44f937f19929f3b75db77056d3e08abd6e302e71bcfea340cd8b00c13e7baf?s=96&d=mm&r=g\",\"contentUrl\":\"https:\\\/\\\/secure.gravatar.com\\\/avatar\\\/6d44f937f19929f3b75db77056d3e08abd6e302e71bcfea340cd8b00c13e7baf?s=96&d=mm&r=g\",\"caption\":\"MK\"},\"url\":\"https:\\\/\\\/www.webdo.tn\\\/fr\\\/actualite\\\/author\\\/mk\\\/\"}]}<\/script>\n<!-- \/ Yoast SEO Premium plugin. -->","yoast_head_json":{"title":"Nizar Bahloul auditionn\u00e9 par la Criminelle sur la base du d\u00e9cret 54","description":"Le fondateur et directeur du journal \u00e9lectronique Business News, Nizar Bahloul, a \u00e9t\u00e9 auditionn\u00e9 par la brigade criminelle.","canonical":"https:\/\/www.webdo.tn\/fr\/actualite\/national\/nizar-bahloul-auditionne-par-la-criminelle-sur-la-base-du-decret-54\/198953\/","og_locale":"fr_FR","og_type":"article","og_title":"Nizar Bahloul auditionn\u00e9 par la Criminelle sur la base du d\u00e9cret 54","og_description":"Le fondateur et directeur du journal \u00e9lectronique Business News, Nizar Bahloul, a \u00e9t\u00e9 auditionn\u00e9 par la brigade criminelle.","og_url":"https:\/\/www.webdo.tn\/fr\/actualite\/national\/nizar-bahloul-auditionne-par-la-criminelle-sur-la-base-du-decret-54\/198953\/","og_site_name":"webdo","article_publisher":"https:\/\/www.facebook.com\/webdotn","article_published_time":"2022-11-15T11:55:00+00:00","article_modified_time":"2025-05-20T23:01:41+00:00","og_image":[{"width":750,"height":400,"url":"https:\/\/www.webdo.tn\/fr\/wp-content\/uploads\/2022\/11\/5920e86f45977560ba7a04e40d82ec05.jpg","type":"image\/jpeg"}],"author":"MK","twitter_card":"summary_large_image","twitter_creator":"@webdo_tn","twitter_site":"@webdo_tn","twitter_misc":{"\u00c9crit par":"MK","Dur\u00e9e de lecture estim\u00e9e":"1 minute"},"schema":{"@context":"https:\/\/schema.org","@graph":[{"@type":"NewsArticle","@id":"https:\/\/www.webdo.tn\/fr\/actualite\/national\/nizar-bahloul-auditionne-par-la-criminelle-sur-la-base-du-decret-54\/198953\/#article","isPartOf":{"@id":"https:\/\/www.webdo.tn\/fr\/actualite\/national\/nizar-bahloul-auditionne-par-la-criminelle-sur-la-base-du-decret-54\/198953\/"},"author":{"name":"MK","@id":"https:\/\/www.webdo.tn\/fr\/#\/schema\/person\/c3a9d32fa6d495ca5f4b6510e3db97bf"},"headline":"Nizar Bahloul auditionn\u00e9 par la Criminelle sur la base du d\u00e9cret 54","datePublished":"2022-11-15T11:55:00+00:00","dateModified":"2025-05-20T23:01:41+00:00","mainEntityOfPage":{"@id":"https:\/\/www.webdo.tn\/fr\/actualite\/national\/nizar-bahloul-auditionne-par-la-criminelle-sur-la-base-du-decret-54\/198953\/"},"wordCount":238,"commentCount":0,"publisher":{"@id":"https:\/\/www.webdo.tn\/fr\/#organization"},"image":{"@id":"https:\/\/www.webdo.tn\/fr\/actualite\/national\/nizar-bahloul-auditionne-par-la-criminelle-sur-la-base-du-decret-54\/198953\/#primaryimage"},"thumbnailUrl":"https:\/\/www.webdo.tn\/fr\/wp-content\/uploads\/2022\/11\/5920e86f45977560ba7a04e40d82ec05.jpg","keywords":["Business News","d\u00e9cret 54","Leila Jaffel","Najla Bouden","Nizar Bahloul"],"articleSection":["National"],"inLanguage":"fr-FR"},{"@type":"WebPage","@id":"https:\/\/www.webdo.tn\/fr\/actualite\/national\/nizar-bahloul-auditionne-par-la-criminelle-sur-la-base-du-decret-54\/198953\/","url":"https:\/\/www.webdo.tn\/fr\/actualite\/national\/nizar-bahloul-auditionne-par-la-criminelle-sur-la-base-du-decret-54\/198953\/","name":"Nizar Bahloul auditionn\u00e9 par la Criminelle sur la base du d\u00e9cret 54","isPartOf":{"@id":"https:\/\/www.webdo.tn\/fr\/#website"},"primaryImageOfPage":{"@id":"https:\/\/www.webdo.tn\/fr\/actualite\/national\/nizar-bahloul-auditionne-par-la-criminelle-sur-la-base-du-decret-54\/198953\/#primaryimage"},"image":{"@id":"https:\/\/www.webdo.tn\/fr\/actualite\/national\/nizar-bahloul-auditionne-par-la-criminelle-sur-la-base-du-decret-54\/198953\/#primaryimage"},"thumbnailUrl":"https:\/\/www.webdo.tn\/fr\/wp-content\/uploads\/2022\/11\/5920e86f45977560ba7a04e40d82ec05.jpg","datePublished":"2022-11-15T11:55:00+00:00","dateModified":"2025-05-20T23:01:41+00:00","description":"Le fondateur et directeur du journal \u00e9lectronique Business News, Nizar Bahloul, a \u00e9t\u00e9 auditionn\u00e9 par la brigade criminelle.","breadcrumb":{"@id":"https:\/\/www.webdo.tn\/fr\/actualite\/national\/nizar-bahloul-auditionne-par-la-criminelle-sur-la-base-du-decret-54\/198953\/#breadcrumb"},"inLanguage":"fr-FR","potentialAction":[{"@type":"ReadAction","target":["https:\/\/www.webdo.tn\/fr\/actualite\/national\/nizar-bahloul-auditionne-par-la-criminelle-sur-la-base-du-decret-54\/198953\/"]}]},{"@type":"ImageObject","inLanguage":"fr-FR","@id":"https:\/\/www.webdo.tn\/fr\/actualite\/national\/nizar-bahloul-auditionne-par-la-criminelle-sur-la-base-du-decret-54\/198953\/#primaryimage","url":"https:\/\/www.webdo.tn\/fr\/wp-content\/uploads\/2022\/11\/5920e86f45977560ba7a04e40d82ec05.jpg","contentUrl":"https:\/\/www.webdo.tn\/fr\/wp-content\/uploads\/2022\/11\/5920e86f45977560ba7a04e40d82ec05.jpg","width":750,"height":400,"caption":"Nizar Bahloul"},{"@type":"BreadcrumbList","@id":"https:\/\/www.webdo.tn\/fr\/actualite\/national\/nizar-bahloul-auditionne-par-la-criminelle-sur-la-base-du-decret-54\/198953\/#breadcrumb","itemListElement":[{"@type":"ListItem","position":1,"name":"Accueil","item":"https:\/\/www.webdo.tn\/fr\/"},{"@type":"ListItem","position":2,"name":"Nizar Bahloul auditionn\u00e9 par la Criminelle sur la base du d\u00e9cret 54"}]},{"@type":"WebSite","@id":"https:\/\/www.webdo.tn\/fr\/#website","url":"https:\/\/www.webdo.tn\/fr\/","name":"webdo","description":"Tunisie - News en Tunisie et \u00e0 l&#039;international sur Webdo.tn","publisher":{"@id":"https:\/\/www.webdo.tn\/fr\/#organization"},"potentialAction":[{"@type":"SearchAction","target":{"@type":"EntryPoint","urlTemplate":"https:\/\/www.webdo.tn\/fr\/?s={search_term_string}"},"query-input":{"@type":"PropertyValueSpecification","valueRequired":true,"valueName":"search_term_string"}}],"inLanguage":"fr-FR"},{"@type":"Organization","@id":"https:\/\/www.webdo.tn\/fr\/#organization","name":"Webdo","alternateName":"Webdo.tn","url":"https:\/\/www.webdo.tn\/fr\/","logo":{"@type":"ImageObject","inLanguage":"fr-FR","@id":"https:\/\/www.webdo.tn\/fr\/#\/schema\/logo\/image\/","url":"https:\/\/www.webdo.tn\/fr\/wp-content\/uploads\/2025\/06\/Webdo-Tunisie_168377.jpg","contentUrl":"https:\/\/www.webdo.tn\/fr\/wp-content\/uploads\/2025\/06\/Webdo-Tunisie_168377.jpg","width":301,"height":301,"caption":"Webdo"},"image":{"@id":"https:\/\/www.webdo.tn\/fr\/#\/schema\/logo\/image\/"},"sameAs":["https:\/\/www.facebook.com\/webdotn","https:\/\/x.com\/webdo_tn"],"description":"Webdo est un m\u00e9dia num\u00e9rique tunisien fond\u00e9 en 2010, sp\u00e9cialis\u00e9 dans l\u2019actualit\u00e9 nationale et internationale, l\u2019\u00e9conomie, la soci\u00e9t\u00e9 et les analyses politiques. Le site s\u2019adresse \u00e0 un large public francophone et couvre l\u2019information tunisienne en temps r\u00e9el.","email":"redac@webdo.tn","legalName":"YNJ SARL","foundingDate":"2010-09-06","numberOfEmployees":{"@type":"QuantitativeValue","minValue":"11","maxValue":"50"}},{"@type":"Person","@id":"https:\/\/www.webdo.tn\/fr\/#\/schema\/person\/c3a9d32fa6d495ca5f4b6510e3db97bf","name":"MK","image":{"@type":"ImageObject","inLanguage":"fr-FR","@id":"https:\/\/secure.gravatar.com\/avatar\/6d44f937f19929f3b75db77056d3e08abd6e302e71bcfea340cd8b00c13e7baf?s=96&d=mm&r=g","url":"https:\/\/secure.gravatar.com\/avatar\/6d44f937f19929f3b75db77056d3e08abd6e302e71bcfea340cd8b00c13e7baf?s=96&d=mm&r=g","contentUrl":"https:\/\/secure.gravatar.com\/avatar\/6d44f937f19929f3b75db77056d3e08abd6e302e71bcfea340cd8b00c13e7baf?s=96&d=mm&r=g","caption":"MK"},"url":"https:\/\/www.webdo.tn\/fr\/actualite\/author\/mk\/"}]}},"_links":{"self":[{"href":"https:\/\/www.webdo.tn\/fr\/wp-json\/wp\/v2\/posts\/198953","targetHints":{"allow":["GET"]}}],"collection":[{"href":"https:\/\/www.webdo.tn\/fr\/wp-json\/wp\/v2\/posts"}],"about":[{"href":"https:\/\/www.webdo.tn\/fr\/wp-json\/wp\/v2\/types\/post"}],"author":[{"embeddable":true,"href":"https:\/\/www.webdo.tn\/fr\/wp-json\/wp\/v2\/users\/3196"}],"replies":[{"embeddable":true,"href":"https:\/\/www.webdo.tn\/fr\/wp-json\/wp\/v2\/comments?post=198953"}],"version-history":[{"count":0,"href":"https:\/\/www.webdo.tn\/fr\/wp-json\/wp\/v2\/posts\/198953\/revisions"}],"wp:featuredmedia":[{"embeddable":true,"href":"https:\/\/www.webdo.tn\/fr\/wp-json\/wp\/v2\/media\/253221"}],"wp:attachment":[{"href":"https:\/\/www.webdo.tn\/fr\/wp-json\/wp\/v2\/media?parent=198953"}],"wp:term":[{"taxonomy":"category","embeddable":true,"href":"https:\/\/www.webdo.tn\/fr\/wp-json\/wp\/v2\/categories?post=198953"},{"taxonomy":"post_tag","embeddable":true,"href":"https:\/\/www.webdo.tn\/fr\/wp-json\/wp\/v2\/tags?post=198953"}],"curies":[{"name":"wp","href":"https:\/\/api.w.org\/{rel}","templated":true}]}}