{"id":198947,"date":"2022-11-15T11:10:00","date_gmt":"2022-11-15T11:10:00","guid":{"rendered":"https:\/\/www.webdo.tn\/fr\/blog\/farouk-bouasker-l-isie-n-a-pas-de-reproches-a-se-faire\/198947\/"},"modified":"2025-05-20T23:01:53","modified_gmt":"2025-05-20T23:01:53","slug":"farouk-bouasker-l-isie-n-a-pas-de-reproches-a-se-faire","status":"publish","type":"post","link":"https:\/\/www.webdo.tn\/fr\/actualite\/national\/farouk-bouasker-l-isie-n-a-pas-de-reproches-a-se-faire\/198947\/","title":{"rendered":"Farouk Bouasker : \u00ab l\u2019ISIE n\u2019a pas de reproches \u00e0 se faire \u00bb"},"content":{"rendered":"<p>Le pr\u00e9sident de l\u2019Instance sup\u00e9rieure ind\u00e9pendante pour les \u00e9lections (ISIE), Farouk Bouasker est revenu sur la pol\u00e9mique concernant la publication de la d\u00e9cision de l\u2019Instance relatives aux r\u00e8gles et proc\u00e9dures de calcul et de la proclamation des r\u00e9sultats, dans le Journal officiel de la R\u00e9publique tunisienne (JORT).<\/p>\n<p>\t\t\t\t\t\t\t\t\tBouasker a admis, au micro d\u2019Express fm, ce lundi 15 novembre 2022, que les d\u00e9cisions de l\u2019ISIE ont, effectivement, \u00e9t\u00e9 publi\u00e9es tardivement, affirmant que ce retard n\u2019a aucun impact et pr\u00e9cisant que le texte publi\u00e9 dans le JORT concernait le r\u00e9f\u00e9rendum.<\/p>\n<p>Et d\u2019ajouter : \u00ab toutes nos d\u00e9cisions \u00e9taient effectives d\u00e8s leur publication sur le site de l\u2019ISIE et nous n\u2019avons pas de reproches \u00e0 nous faire \u00bb, appelant ceux qui reprochent \u00e0 l\u2019instance quoi que ce soit de \u00ab saisir le Tribunal administratif \u00bb.<\/p>\n<p>Bouasker a d\u00e9nonc\u00e9 les multiples critiques formul\u00e9es \u00e0 l\u2019\u00e9gard de l\u2019ISIE, d\u00e9clarant : \u00ab ceux qui ont critiqu\u00e9 les d\u00e9cisions de l\u2019ISIE hier sont des personnalit\u00e9s connues pour leurs affiliations politiques. Malheureusement, nous avons perdu toute objectivit\u00e9 dans l\u2019analyse \u00bb.<\/p>\n<p>Un num\u00e9ro du Journal officiel de la R\u00e9publique tunisienne est paru, exceptionnellement ce lundi 14 novembre 2022 pour la publication de deux d\u00e9cisions de l\u2019Instance sup\u00e9rieure ind\u00e9pendante des \u00e9lections (ISIE).<\/p>\n<p>Deux d\u00e9cisions qui datent de plusieurs semaines. Le num\u00e9ro 21 de l\u2019an 2022, date du 24 juillet 2022, porte sur les r\u00e8gles et les proc\u00e9dures relatives au calcul des r\u00e9sultats et leur proclamation des l\u00e9gislatives.<\/p>\n<p>Le deuxi\u00e8me chapitre portant le num\u00e9ro 25 de l\u2019an 2022, concerne les r\u00e8gles et les proc\u00e9dures ayant trait aux candidatures aux \u00e9lections l\u00e9gislatives.<\/p>\n<p>Il faut savoir que d&rsquo;habitude, le JORT est publi\u00e9 le mardi et le vendredi. L\u2019ISIE a expliqu\u00e9 dans un communiqu\u00e9 publi\u00e9, lundi 14 novembre 2022, que la d\u00e9cision num\u00e9ro 21 de l\u2019an 2022, publi\u00e9 le 24 juillet 2022, ne concerne pas les l\u00e9gislatives du 17 d\u00e9cembre 2022.<\/p>\n<p>Cette d\u00e9cision concerne l\u2019organisation du r\u00e9f\u00e9rendum du 25 juillet 2022. La d\u00e9cision concernant les r\u00e8gles et les proc\u00e9dures de calcul des r\u00e9sultats des l\u00e9gislatives sera publi\u00e9e par le Conseil de l\u2019ISIE ult\u00e9rieurement, a-t-elle encore dit.<\/p>\n<p>Les d\u00e9cisions port\u00e9es dans ce num\u00e9ro sp\u00e9cial s&rsquo;expliquent par les verdicts rendus par le Tribunal administratif de premi\u00e8re instance \u00e0 Sfax.<\/p>\n<p>Ce verdict a consid\u00e9r\u00e9 que les d\u00e9cisions de l\u2019ISIE concernant les l\u00e9gislatives du 17 d\u00e9cembre sont nulles et non avenues puisqu\u2019elles se basent sur des d\u00e9cisions qui n\u2019ont pas \u00e9t\u00e9 publi\u00e9es au JORT.<\/p>\n<p>En effet, les d\u00e9cisions de l\u2019ISIE doivent obligatoirement para\u00eetre au JORT. Leur publication sur le site et la page officielle de l\u2019ISIE ne suffit pas.<\/p>\n","protected":false},"excerpt":{"rendered":"<p>Le pr\u00e9sident de l\u2019Instance sup\u00e9rieure ind\u00e9pendante pour les \u00e9lections (ISIE), Farouk Bouasker est revenu sur la pol\u00e9mique concernant la publication de la d\u00e9cisi&#8230;<\/p>\n","protected":false},"author":3196,"featured_media":277237,"comment_status":"open","ping_status":"closed","sticky":false,"template":"","format":"standard","meta":{"footnotes":""},"categories":[44],"tags":[8062,2967,6190,7348],"class_list":["post-198947","post","type-post","status-publish","format-standard","has-post-thumbnail","hentry","category-national","tag-farouk-bouasker","tag-isie","tag-legislatives","tag-referendum"],"yoast_head":"<!-- This site is optimized with the Yoast SEO Premium plugin v27.4 (Yoast SEO v27.4) - https:\/\/yoast.com\/product\/yoast-seo-premium-wordpress\/ -->\n<title>Farouk Bouasker : \u00ab l\u2019ISIE n\u2019a pas de reproches \u00e0 se faire \u00bb<\/title>\n<meta name=\"description\" content=\"Le pr\u00e9sident de l\u2019Instance sup\u00e9rieure ind\u00e9pendante pour les \u00e9lections (ISIE), Farouk Bouasker est revenu sur la pol\u00e9mique concernant la publication de la d\u00e9cisi...\" \/>\n<link rel=\"canonical\" href=\"https:\/\/www.webdo.tn\/fr\/actualite\/national\/farouk-bouasker-l-isie-n-a-pas-de-reproches-a-se-faire\/198947\/\" \/>\n<meta property=\"og:locale\" content=\"fr_FR\" \/>\n<meta property=\"og:type\" content=\"article\" \/>\n<meta property=\"og:title\" content=\"Farouk Bouasker : \u00ab l\u2019ISIE n\u2019a pas de reproches \u00e0 se faire \u00bb\" \/>\n<meta property=\"og:description\" content=\"Le pr\u00e9sident de l\u2019Instance sup\u00e9rieure ind\u00e9pendante pour les \u00e9lections (ISIE), Farouk Bouasker est revenu sur la pol\u00e9mique concernant la publication de la d\u00e9cisi...\" \/>\n<meta property=\"og:url\" content=\"https:\/\/www.webdo.tn\/fr\/actualite\/national\/farouk-bouasker-l-isie-n-a-pas-de-reproches-a-se-faire\/198947\/\" \/>\n<meta property=\"og:site_name\" content=\"webdo\" \/>\n<meta property=\"article:publisher\" content=\"https:\/\/www.facebook.com\/webdotn\" \/>\n<meta property=\"article:published_time\" content=\"2022-11-15T11:10:00+00:00\" \/>\n<meta property=\"article:modified_time\" content=\"2025-05-20T23:01:53+00:00\" \/>\n<meta property=\"og:image\" content=\"https:\/\/www.webdo.tn\/fr\/wp-content\/uploads\/2022\/11\/a7b513f11c2b457a844fcde7319b53a1.jpg\" \/>\n\t<meta property=\"og:image:width\" content=\"750\" \/>\n\t<meta property=\"og:image:height\" content=\"400\" \/>\n\t<meta property=\"og:image:type\" content=\"image\/jpeg\" \/>\n<meta name=\"author\" content=\"MK\" \/>\n<meta name=\"twitter:card\" content=\"summary_large_image\" \/>\n<meta name=\"twitter:creator\" content=\"@webdo_tn\" \/>\n<meta name=\"twitter:site\" content=\"@webdo_tn\" \/>\n<meta name=\"twitter:label1\" content=\"\u00c9crit par\" \/>\n\t<meta name=\"twitter:data1\" content=\"MK\" \/>\n\t<meta name=\"twitter:label2\" content=\"Dur\u00e9e de lecture estim\u00e9e\" \/>\n\t<meta name=\"twitter:data2\" content=\"2 minutes\" \/>\n<script type=\"application\/ld+json\" class=\"yoast-schema-graph\">{\"@context\":\"https:\\\/\\\/schema.org\",\"@graph\":[{\"@type\":\"NewsArticle\",\"@id\":\"https:\\\/\\\/www.webdo.tn\\\/fr\\\/actualite\\\/national\\\/farouk-bouasker-l-isie-n-a-pas-de-reproches-a-se-faire\\\/198947\\\/#article\",\"isPartOf\":{\"@id\":\"https:\\\/\\\/www.webdo.tn\\\/fr\\\/actualite\\\/national\\\/farouk-bouasker-l-isie-n-a-pas-de-reproches-a-se-faire\\\/198947\\\/\"},\"author\":{\"name\":\"MK\",\"@id\":\"https:\\\/\\\/www.webdo.tn\\\/fr\\\/#\\\/schema\\\/person\\\/c3a9d32fa6d495ca5f4b6510e3db97bf\"},\"headline\":\"Farouk Bouasker : \u00ab l\u2019ISIE n\u2019a pas de reproches \u00e0 se faire \u00bb\",\"datePublished\":\"2022-11-15T11:10:00+00:00\",\"dateModified\":\"2025-05-20T23:01:53+00:00\",\"mainEntityOfPage\":{\"@id\":\"https:\\\/\\\/www.webdo.tn\\\/fr\\\/actualite\\\/national\\\/farouk-bouasker-l-isie-n-a-pas-de-reproches-a-se-faire\\\/198947\\\/\"},\"wordCount\":490,\"commentCount\":0,\"publisher\":{\"@id\":\"https:\\\/\\\/www.webdo.tn\\\/fr\\\/#organization\"},\"image\":{\"@id\":\"https:\\\/\\\/www.webdo.tn\\\/fr\\\/actualite\\\/national\\\/farouk-bouasker-l-isie-n-a-pas-de-reproches-a-se-faire\\\/198947\\\/#primaryimage\"},\"thumbnailUrl\":\"https:\\\/\\\/www.webdo.tn\\\/fr\\\/wp-content\\\/uploads\\\/2022\\\/11\\\/a7b513f11c2b457a844fcde7319b53a1.jpg\",\"keywords\":[\"Farouk Bouasker\",\"ISIE\",\"L\u00e9gislatives\",\"r\u00e9f\u00e9rendum\"],\"articleSection\":[\"National\"],\"inLanguage\":\"fr-FR\"},{\"@type\":\"WebPage\",\"@id\":\"https:\\\/\\\/www.webdo.tn\\\/fr\\\/actualite\\\/national\\\/farouk-bouasker-l-isie-n-a-pas-de-reproches-a-se-faire\\\/198947\\\/\",\"url\":\"https:\\\/\\\/www.webdo.tn\\\/fr\\\/actualite\\\/national\\\/farouk-bouasker-l-isie-n-a-pas-de-reproches-a-se-faire\\\/198947\\\/\",\"name\":\"Farouk Bouasker : \u00ab l\u2019ISIE n\u2019a pas de reproches \u00e0 se faire \u00bb\",\"isPartOf\":{\"@id\":\"https:\\\/\\\/www.webdo.tn\\\/fr\\\/#website\"},\"primaryImageOfPage\":{\"@id\":\"https:\\\/\\\/www.webdo.tn\\\/fr\\\/actualite\\\/national\\\/farouk-bouasker-l-isie-n-a-pas-de-reproches-a-se-faire\\\/198947\\\/#primaryimage\"},\"image\":{\"@id\":\"https:\\\/\\\/www.webdo.tn\\\/fr\\\/actualite\\\/national\\\/farouk-bouasker-l-isie-n-a-pas-de-reproches-a-se-faire\\\/198947\\\/#primaryimage\"},\"thumbnailUrl\":\"https:\\\/\\\/www.webdo.tn\\\/fr\\\/wp-content\\\/uploads\\\/2022\\\/11\\\/a7b513f11c2b457a844fcde7319b53a1.jpg\",\"datePublished\":\"2022-11-15T11:10:00+00:00\",\"dateModified\":\"2025-05-20T23:01:53+00:00\",\"description\":\"Le pr\u00e9sident de l\u2019Instance sup\u00e9rieure ind\u00e9pendante pour les \u00e9lections (ISIE), Farouk Bouasker est revenu sur la pol\u00e9mique concernant la publication de la d\u00e9cisi...\",\"breadcrumb\":{\"@id\":\"https:\\\/\\\/www.webdo.tn\\\/fr\\\/actualite\\\/national\\\/farouk-bouasker-l-isie-n-a-pas-de-reproches-a-se-faire\\\/198947\\\/#breadcrumb\"},\"inLanguage\":\"fr-FR\",\"potentialAction\":[{\"@type\":\"ReadAction\",\"target\":[\"https:\\\/\\\/www.webdo.tn\\\/fr\\\/actualite\\\/national\\\/farouk-bouasker-l-isie-n-a-pas-de-reproches-a-se-faire\\\/198947\\\/\"]}]},{\"@type\":\"ImageObject\",\"inLanguage\":\"fr-FR\",\"@id\":\"https:\\\/\\\/www.webdo.tn\\\/fr\\\/actualite\\\/national\\\/farouk-bouasker-l-isie-n-a-pas-de-reproches-a-se-faire\\\/198947\\\/#primaryimage\",\"url\":\"https:\\\/\\\/www.webdo.tn\\\/fr\\\/wp-content\\\/uploads\\\/2022\\\/11\\\/a7b513f11c2b457a844fcde7319b53a1.jpg\",\"contentUrl\":\"https:\\\/\\\/www.webdo.tn\\\/fr\\\/wp-content\\\/uploads\\\/2022\\\/11\\\/a7b513f11c2b457a844fcde7319b53a1.jpg\",\"width\":750,\"height\":400,\"caption\":\"Farouk Bouasker\"},{\"@type\":\"BreadcrumbList\",\"@id\":\"https:\\\/\\\/www.webdo.tn\\\/fr\\\/actualite\\\/national\\\/farouk-bouasker-l-isie-n-a-pas-de-reproches-a-se-faire\\\/198947\\\/#breadcrumb\",\"itemListElement\":[{\"@type\":\"ListItem\",\"position\":1,\"name\":\"Accueil\",\"item\":\"https:\\\/\\\/www.webdo.tn\\\/fr\\\/\"},{\"@type\":\"ListItem\",\"position\":2,\"name\":\"Farouk Bouasker : \u00ab l\u2019ISIE n\u2019a pas de reproches \u00e0 se faire \u00bb\"}]},{\"@type\":\"WebSite\",\"@id\":\"https:\\\/\\\/www.webdo.tn\\\/fr\\\/#website\",\"url\":\"https:\\\/\\\/www.webdo.tn\\\/fr\\\/\",\"name\":\"webdo\",\"description\":\"Tunisie - News en Tunisie et \u00e0 l&#039;international sur Webdo.tn\",\"publisher\":{\"@id\":\"https:\\\/\\\/www.webdo.tn\\\/fr\\\/#organization\"},\"potentialAction\":[{\"@type\":\"SearchAction\",\"target\":{\"@type\":\"EntryPoint\",\"urlTemplate\":\"https:\\\/\\\/www.webdo.tn\\\/fr\\\/?s={search_term_string}\"},\"query-input\":{\"@type\":\"PropertyValueSpecification\",\"valueRequired\":true,\"valueName\":\"search_term_string\"}}],\"inLanguage\":\"fr-FR\"},{\"@type\":\"Organization\",\"@id\":\"https:\\\/\\\/www.webdo.tn\\\/fr\\\/#organization\",\"name\":\"Webdo\",\"alternateName\":\"Webdo.tn\",\"url\":\"https:\\\/\\\/www.webdo.tn\\\/fr\\\/\",\"logo\":{\"@type\":\"ImageObject\",\"inLanguage\":\"fr-FR\",\"@id\":\"https:\\\/\\\/www.webdo.tn\\\/fr\\\/#\\\/schema\\\/logo\\\/image\\\/\",\"url\":\"https:\\\/\\\/www.webdo.tn\\\/fr\\\/wp-content\\\/uploads\\\/2025\\\/06\\\/Webdo-Tunisie_168377.jpg\",\"contentUrl\":\"https:\\\/\\\/www.webdo.tn\\\/fr\\\/wp-content\\\/uploads\\\/2025\\\/06\\\/Webdo-Tunisie_168377.jpg\",\"width\":301,\"height\":301,\"caption\":\"Webdo\"},\"image\":{\"@id\":\"https:\\\/\\\/www.webdo.tn\\\/fr\\\/#\\\/schema\\\/logo\\\/image\\\/\"},\"sameAs\":[\"https:\\\/\\\/www.facebook.com\\\/webdotn\",\"https:\\\/\\\/x.com\\\/webdo_tn\"],\"description\":\"Webdo est un m\u00e9dia num\u00e9rique tunisien fond\u00e9 en 2010, sp\u00e9cialis\u00e9 dans l\u2019actualit\u00e9 nationale et internationale, l\u2019\u00e9conomie, la soci\u00e9t\u00e9 et les analyses politiques. Le site s\u2019adresse \u00e0 un large public francophone et couvre l\u2019information tunisienne en temps r\u00e9el.\",\"email\":\"redac@webdo.tn\",\"legalName\":\"YNJ SARL\",\"foundingDate\":\"2010-09-06\",\"numberOfEmployees\":{\"@type\":\"QuantitativeValue\",\"minValue\":\"11\",\"maxValue\":\"50\"}},{\"@type\":\"Person\",\"@id\":\"https:\\\/\\\/www.webdo.tn\\\/fr\\\/#\\\/schema\\\/person\\\/c3a9d32fa6d495ca5f4b6510e3db97bf\",\"name\":\"MK\",\"image\":{\"@type\":\"ImageObject\",\"inLanguage\":\"fr-FR\",\"@id\":\"https:\\\/\\\/secure.gravatar.com\\\/avatar\\\/6d44f937f19929f3b75db77056d3e08abd6e302e71bcfea340cd8b00c13e7baf?s=96&d=mm&r=g\",\"url\":\"https:\\\/\\\/secure.gravatar.com\\\/avatar\\\/6d44f937f19929f3b75db77056d3e08abd6e302e71bcfea340cd8b00c13e7baf?s=96&d=mm&r=g\",\"contentUrl\":\"https:\\\/\\\/secure.gravatar.com\\\/avatar\\\/6d44f937f19929f3b75db77056d3e08abd6e302e71bcfea340cd8b00c13e7baf?s=96&d=mm&r=g\",\"caption\":\"MK\"},\"url\":\"https:\\\/\\\/www.webdo.tn\\\/fr\\\/actualite\\\/author\\\/mk\\\/\"}]}<\/script>\n<!-- \/ Yoast SEO Premium plugin. -->","yoast_head_json":{"title":"Farouk Bouasker : \u00ab l\u2019ISIE n\u2019a pas de reproches \u00e0 se faire \u00bb","description":"Le pr\u00e9sident de l\u2019Instance sup\u00e9rieure ind\u00e9pendante pour les \u00e9lections (ISIE), Farouk Bouasker est revenu sur la pol\u00e9mique concernant la publication de la d\u00e9cisi...","canonical":"https:\/\/www.webdo.tn\/fr\/actualite\/national\/farouk-bouasker-l-isie-n-a-pas-de-reproches-a-se-faire\/198947\/","og_locale":"fr_FR","og_type":"article","og_title":"Farouk Bouasker : \u00ab l\u2019ISIE n\u2019a pas de reproches \u00e0 se faire \u00bb","og_description":"Le pr\u00e9sident de l\u2019Instance sup\u00e9rieure ind\u00e9pendante pour les \u00e9lections (ISIE), Farouk Bouasker est revenu sur la pol\u00e9mique concernant la publication de la d\u00e9cisi...","og_url":"https:\/\/www.webdo.tn\/fr\/actualite\/national\/farouk-bouasker-l-isie-n-a-pas-de-reproches-a-se-faire\/198947\/","og_site_name":"webdo","article_publisher":"https:\/\/www.facebook.com\/webdotn","article_published_time":"2022-11-15T11:10:00+00:00","article_modified_time":"2025-05-20T23:01:53+00:00","og_image":[{"width":750,"height":400,"url":"https:\/\/www.webdo.tn\/fr\/wp-content\/uploads\/2022\/11\/a7b513f11c2b457a844fcde7319b53a1.jpg","type":"image\/jpeg"}],"author":"MK","twitter_card":"summary_large_image","twitter_creator":"@webdo_tn","twitter_site":"@webdo_tn","twitter_misc":{"\u00c9crit par":"MK","Dur\u00e9e de lecture estim\u00e9e":"2 minutes"},"schema":{"@context":"https:\/\/schema.org","@graph":[{"@type":"NewsArticle","@id":"https:\/\/www.webdo.tn\/fr\/actualite\/national\/farouk-bouasker-l-isie-n-a-pas-de-reproches-a-se-faire\/198947\/#article","isPartOf":{"@id":"https:\/\/www.webdo.tn\/fr\/actualite\/national\/farouk-bouasker-l-isie-n-a-pas-de-reproches-a-se-faire\/198947\/"},"author":{"name":"MK","@id":"https:\/\/www.webdo.tn\/fr\/#\/schema\/person\/c3a9d32fa6d495ca5f4b6510e3db97bf"},"headline":"Farouk Bouasker : \u00ab l\u2019ISIE n\u2019a pas de reproches \u00e0 se faire \u00bb","datePublished":"2022-11-15T11:10:00+00:00","dateModified":"2025-05-20T23:01:53+00:00","mainEntityOfPage":{"@id":"https:\/\/www.webdo.tn\/fr\/actualite\/national\/farouk-bouasker-l-isie-n-a-pas-de-reproches-a-se-faire\/198947\/"},"wordCount":490,"commentCount":0,"publisher":{"@id":"https:\/\/www.webdo.tn\/fr\/#organization"},"image":{"@id":"https:\/\/www.webdo.tn\/fr\/actualite\/national\/farouk-bouasker-l-isie-n-a-pas-de-reproches-a-se-faire\/198947\/#primaryimage"},"thumbnailUrl":"https:\/\/www.webdo.tn\/fr\/wp-content\/uploads\/2022\/11\/a7b513f11c2b457a844fcde7319b53a1.jpg","keywords":["Farouk Bouasker","ISIE","L\u00e9gislatives","r\u00e9f\u00e9rendum"],"articleSection":["National"],"inLanguage":"fr-FR"},{"@type":"WebPage","@id":"https:\/\/www.webdo.tn\/fr\/actualite\/national\/farouk-bouasker-l-isie-n-a-pas-de-reproches-a-se-faire\/198947\/","url":"https:\/\/www.webdo.tn\/fr\/actualite\/national\/farouk-bouasker-l-isie-n-a-pas-de-reproches-a-se-faire\/198947\/","name":"Farouk Bouasker : \u00ab l\u2019ISIE n\u2019a pas de reproches \u00e0 se faire \u00bb","isPartOf":{"@id":"https:\/\/www.webdo.tn\/fr\/#website"},"primaryImageOfPage":{"@id":"https:\/\/www.webdo.tn\/fr\/actualite\/national\/farouk-bouasker-l-isie-n-a-pas-de-reproches-a-se-faire\/198947\/#primaryimage"},"image":{"@id":"https:\/\/www.webdo.tn\/fr\/actualite\/national\/farouk-bouasker-l-isie-n-a-pas-de-reproches-a-se-faire\/198947\/#primaryimage"},"thumbnailUrl":"https:\/\/www.webdo.tn\/fr\/wp-content\/uploads\/2022\/11\/a7b513f11c2b457a844fcde7319b53a1.jpg","datePublished":"2022-11-15T11:10:00+00:00","dateModified":"2025-05-20T23:01:53+00:00","description":"Le pr\u00e9sident de l\u2019Instance sup\u00e9rieure ind\u00e9pendante pour les \u00e9lections (ISIE), Farouk Bouasker est revenu sur la pol\u00e9mique concernant la publication de la d\u00e9cisi...","breadcrumb":{"@id":"https:\/\/www.webdo.tn\/fr\/actualite\/national\/farouk-bouasker-l-isie-n-a-pas-de-reproches-a-se-faire\/198947\/#breadcrumb"},"inLanguage":"fr-FR","potentialAction":[{"@type":"ReadAction","target":["https:\/\/www.webdo.tn\/fr\/actualite\/national\/farouk-bouasker-l-isie-n-a-pas-de-reproches-a-se-faire\/198947\/"]}]},{"@type":"ImageObject","inLanguage":"fr-FR","@id":"https:\/\/www.webdo.tn\/fr\/actualite\/national\/farouk-bouasker-l-isie-n-a-pas-de-reproches-a-se-faire\/198947\/#primaryimage","url":"https:\/\/www.webdo.tn\/fr\/wp-content\/uploads\/2022\/11\/a7b513f11c2b457a844fcde7319b53a1.jpg","contentUrl":"https:\/\/www.webdo.tn\/fr\/wp-content\/uploads\/2022\/11\/a7b513f11c2b457a844fcde7319b53a1.jpg","width":750,"height":400,"caption":"Farouk Bouasker"},{"@type":"BreadcrumbList","@id":"https:\/\/www.webdo.tn\/fr\/actualite\/national\/farouk-bouasker-l-isie-n-a-pas-de-reproches-a-se-faire\/198947\/#breadcrumb","itemListElement":[{"@type":"ListItem","position":1,"name":"Accueil","item":"https:\/\/www.webdo.tn\/fr\/"},{"@type":"ListItem","position":2,"name":"Farouk Bouasker : \u00ab l\u2019ISIE n\u2019a pas de reproches \u00e0 se faire \u00bb"}]},{"@type":"WebSite","@id":"https:\/\/www.webdo.tn\/fr\/#website","url":"https:\/\/www.webdo.tn\/fr\/","name":"webdo","description":"Tunisie - News en Tunisie et \u00e0 l&#039;international sur Webdo.tn","publisher":{"@id":"https:\/\/www.webdo.tn\/fr\/#organization"},"potentialAction":[{"@type":"SearchAction","target":{"@type":"EntryPoint","urlTemplate":"https:\/\/www.webdo.tn\/fr\/?s={search_term_string}"},"query-input":{"@type":"PropertyValueSpecification","valueRequired":true,"valueName":"search_term_string"}}],"inLanguage":"fr-FR"},{"@type":"Organization","@id":"https:\/\/www.webdo.tn\/fr\/#organization","name":"Webdo","alternateName":"Webdo.tn","url":"https:\/\/www.webdo.tn\/fr\/","logo":{"@type":"ImageObject","inLanguage":"fr-FR","@id":"https:\/\/www.webdo.tn\/fr\/#\/schema\/logo\/image\/","url":"https:\/\/www.webdo.tn\/fr\/wp-content\/uploads\/2025\/06\/Webdo-Tunisie_168377.jpg","contentUrl":"https:\/\/www.webdo.tn\/fr\/wp-content\/uploads\/2025\/06\/Webdo-Tunisie_168377.jpg","width":301,"height":301,"caption":"Webdo"},"image":{"@id":"https:\/\/www.webdo.tn\/fr\/#\/schema\/logo\/image\/"},"sameAs":["https:\/\/www.facebook.com\/webdotn","https:\/\/x.com\/webdo_tn"],"description":"Webdo est un m\u00e9dia num\u00e9rique tunisien fond\u00e9 en 2010, sp\u00e9cialis\u00e9 dans l\u2019actualit\u00e9 nationale et internationale, l\u2019\u00e9conomie, la soci\u00e9t\u00e9 et les analyses politiques. Le site s\u2019adresse \u00e0 un large public francophone et couvre l\u2019information tunisienne en temps r\u00e9el.","email":"redac@webdo.tn","legalName":"YNJ SARL","foundingDate":"2010-09-06","numberOfEmployees":{"@type":"QuantitativeValue","minValue":"11","maxValue":"50"}},{"@type":"Person","@id":"https:\/\/www.webdo.tn\/fr\/#\/schema\/person\/c3a9d32fa6d495ca5f4b6510e3db97bf","name":"MK","image":{"@type":"ImageObject","inLanguage":"fr-FR","@id":"https:\/\/secure.gravatar.com\/avatar\/6d44f937f19929f3b75db77056d3e08abd6e302e71bcfea340cd8b00c13e7baf?s=96&d=mm&r=g","url":"https:\/\/secure.gravatar.com\/avatar\/6d44f937f19929f3b75db77056d3e08abd6e302e71bcfea340cd8b00c13e7baf?s=96&d=mm&r=g","contentUrl":"https:\/\/secure.gravatar.com\/avatar\/6d44f937f19929f3b75db77056d3e08abd6e302e71bcfea340cd8b00c13e7baf?s=96&d=mm&r=g","caption":"MK"},"url":"https:\/\/www.webdo.tn\/fr\/actualite\/author\/mk\/"}]}},"_links":{"self":[{"href":"https:\/\/www.webdo.tn\/fr\/wp-json\/wp\/v2\/posts\/198947","targetHints":{"allow":["GET"]}}],"collection":[{"href":"https:\/\/www.webdo.tn\/fr\/wp-json\/wp\/v2\/posts"}],"about":[{"href":"https:\/\/www.webdo.tn\/fr\/wp-json\/wp\/v2\/types\/post"}],"author":[{"embeddable":true,"href":"https:\/\/www.webdo.tn\/fr\/wp-json\/wp\/v2\/users\/3196"}],"replies":[{"embeddable":true,"href":"https:\/\/www.webdo.tn\/fr\/wp-json\/wp\/v2\/comments?post=198947"}],"version-history":[{"count":0,"href":"https:\/\/www.webdo.tn\/fr\/wp-json\/wp\/v2\/posts\/198947\/revisions"}],"wp:featuredmedia":[{"embeddable":true,"href":"https:\/\/www.webdo.tn\/fr\/wp-json\/wp\/v2\/media\/277237"}],"wp:attachment":[{"href":"https:\/\/www.webdo.tn\/fr\/wp-json\/wp\/v2\/media?parent=198947"}],"wp:term":[{"taxonomy":"category","embeddable":true,"href":"https:\/\/www.webdo.tn\/fr\/wp-json\/wp\/v2\/categories?post=198947"},{"taxonomy":"post_tag","embeddable":true,"href":"https:\/\/www.webdo.tn\/fr\/wp-json\/wp\/v2\/tags?post=198947"}],"curies":[{"name":"wp","href":"https:\/\/api.w.org\/{rel}","templated":true}]}}