{"id":198943,"date":"2022-11-15T09:50:00","date_gmt":"2022-11-15T09:50:00","guid":{"rendered":"https:\/\/www.webdo.tn\/fr\/blog\/la-fifa-appelle-la-russie-a-un-cessez-le-feu-d-un-mois\/198943\/"},"modified":"2025-05-20T22:05:49","modified_gmt":"2025-05-20T22:05:49","slug":"la-fifa-appelle-la-russie-a-un-cessez-le-feu-d-un-mois","status":"publish","type":"post","link":"https:\/\/www.webdo.tn\/fr\/actualite\/international\/la-fifa-appelle-la-russie-a-un-cessez-le-feu-d-un-mois\/198943\/","title":{"rendered":"La FIFA appelle la Russie \u00e0 un cessez-le-feu d\u2019un mois"},"content":{"rendered":"<p>Le pr\u00e9sident de la FIFA Gianni Infantino a appel\u00e9, ce mardi 15 novembre 2022, la Russie \u00e0 un cessez-le-feu d&rsquo;un mois en Ukraine, le temps de la Coupe du monde de football, qui d\u00e9marre au Qatar le 20 novembre et s\u2019ach\u00e8ve le 18 d\u00e9cembre 2022.<\/p>\n<p>\t\t\t\t\t\t\t\t\t\u00ab\u00a0Mon appel \u00e0 vous tous, c&rsquo;est de r\u00e9fl\u00e9chir \u00e0 un cessez-le-feu temporaire d&rsquo;un mois pour la dur\u00e9e de la Coupe du monde\u00a0\u00bb, a-t-il d\u00e9clar\u00e9 lors d&rsquo;un d\u00e9jeuner pour les dirigeants du G20 r\u00e9unis sur l&rsquo;\u00eele indon\u00e9sienne de Bali, mais en l\u2019absence du pr\u00e9sident russe Vladimir Poutine repr\u00e9sent\u00e9 par son chef de la diplomatie Sergue\u00ef Lavrov.<\/p>\n<p>Gianni Infantino a vant\u00e9 le r\u00f4le unificateur du football, rappelant que la Russie avait organis\u00e9 le Mondial-2018 et que l&rsquo;Ukraine \u00e9tait candidate pour accueillir la comp\u00e9tition en 2030 avec l&rsquo;Espagne et le Portugal.<\/p>\n<p>\u00ab\u00a0Nous ne sommes pas na\u00effs au point de penser que le football peut r\u00e9soudre les probl\u00e8mes du monde\u00a0\u00bb, a-t-il conc\u00e9d\u00e9. Mais la Coupe du Monde offre une plateforme unique, avec une audience estim\u00e9e de cinq milliards de spectateurs, offrant une \u00ab\u00a0occasion de faire tout son possible pour mettre fin \u00e0 tous les conflits\u00a0\u00bb, a-t-il plaid\u00e9.<\/p>\n","protected":false},"excerpt":{"rendered":"<p>Le pr\u00e9sident de la FIFA Gianni Infantino a appel\u00e9, ce mardi 15 novembre 2022, la Russie \u00e0 un cessez-le-feu d&rsquo;un mois en Ukraine, le temps de la Coupe du monde d&#8230;<\/p>\n","protected":false},"author":3162,"featured_media":277238,"comment_status":"open","ping_status":"closed","sticky":false,"template":"","format":"standard","meta":{"footnotes":""},"categories":[2598],"tags":[4066,3487,2600,3299,3295],"class_list":["post-198943","post","type-post","status-publish","format-standard","has-post-thumbnail","hentry","category-international","tag-coupe-du-monde","tag-fifa","tag-guerre","tag-russie","tag-ukraine"],"yoast_head":"<!-- This site is optimized with the Yoast SEO Premium plugin v27.4 (Yoast SEO v27.5) - https:\/\/yoast.com\/product\/yoast-seo-premium-wordpress\/ -->\n<title>La FIFA appelle la Russie \u00e0 un cessez-le-feu d\u2019un mois<\/title>\n<meta name=\"description\" content=\"Le pr\u00e9sident de la FIFA Gianni Infantino a appel\u00e9, ce mardi 15 novembre 2022, la Russie \u00e0 un cessez-le-feu d&#039;un mois en Ukraine, le temps de la Coupe du monde d...\" \/>\n<link rel=\"canonical\" href=\"https:\/\/www.webdo.tn\/fr\/actualite\/international\/la-fifa-appelle-la-russie-a-un-cessez-le-feu-d-un-mois\/198943\/\" \/>\n<meta property=\"og:locale\" content=\"fr_FR\" \/>\n<meta property=\"og:type\" content=\"article\" \/>\n<meta property=\"og:title\" content=\"La FIFA appelle la Russie \u00e0 un cessez-le-feu d\u2019un mois\" \/>\n<meta property=\"og:description\" content=\"Le pr\u00e9sident de la FIFA Gianni Infantino a appel\u00e9, ce mardi 15 novembre 2022, la Russie \u00e0 un cessez-le-feu d&#039;un mois en Ukraine, le temps de la Coupe du monde d...\" \/>\n<meta property=\"og:url\" content=\"https:\/\/www.webdo.tn\/fr\/actualite\/international\/la-fifa-appelle-la-russie-a-un-cessez-le-feu-d-un-mois\/198943\/\" \/>\n<meta property=\"og:site_name\" content=\"webdo\" \/>\n<meta property=\"article:publisher\" content=\"https:\/\/www.facebook.com\/webdotn\" \/>\n<meta property=\"article:published_time\" content=\"2022-11-15T09:50:00+00:00\" \/>\n<meta property=\"article:modified_time\" content=\"2025-05-20T22:05:49+00:00\" \/>\n<meta property=\"og:image\" content=\"https:\/\/www.webdo.tn\/fr\/wp-content\/uploads\/2022\/11\/265ff22d3beb6e8aeedd99de5e9084dc.jpg\" \/>\n\t<meta property=\"og:image:width\" content=\"750\" \/>\n\t<meta property=\"og:image:height\" content=\"400\" \/>\n\t<meta property=\"og:image:type\" content=\"image\/jpeg\" \/>\n<meta name=\"author\" content=\"MC\" \/>\n<meta name=\"twitter:card\" content=\"summary_large_image\" \/>\n<meta name=\"twitter:creator\" content=\"@webdo_tn\" \/>\n<meta name=\"twitter:site\" content=\"@webdo_tn\" \/>\n<meta name=\"twitter:label1\" content=\"\u00c9crit par\" \/>\n\t<meta name=\"twitter:data1\" content=\"MC\" \/>\n\t<meta name=\"twitter:label2\" content=\"Dur\u00e9e de lecture estim\u00e9e\" \/>\n\t<meta name=\"twitter:data2\" content=\"1 minute\" \/>\n<script type=\"application\/ld+json\" class=\"yoast-schema-graph\">{\"@context\":\"https:\\\/\\\/schema.org\",\"@graph\":[{\"@type\":\"NewsArticle\",\"@id\":\"https:\\\/\\\/www.webdo.tn\\\/fr\\\/actualite\\\/international\\\/la-fifa-appelle-la-russie-a-un-cessez-le-feu-d-un-mois\\\/198943\\\/#article\",\"isPartOf\":{\"@id\":\"https:\\\/\\\/www.webdo.tn\\\/fr\\\/actualite\\\/international\\\/la-fifa-appelle-la-russie-a-un-cessez-le-feu-d-un-mois\\\/198943\\\/\"},\"author\":{\"name\":\"MC\",\"@id\":\"https:\\\/\\\/www.webdo.tn\\\/fr\\\/#\\\/schema\\\/person\\\/2c4929cbf5a809e3bd38617c6ce150f6\"},\"headline\":\"La FIFA appelle la Russie \u00e0 un cessez-le-feu d\u2019un mois\",\"datePublished\":\"2022-11-15T09:50:00+00:00\",\"dateModified\":\"2025-05-20T22:05:49+00:00\",\"mainEntityOfPage\":{\"@id\":\"https:\\\/\\\/www.webdo.tn\\\/fr\\\/actualite\\\/international\\\/la-fifa-appelle-la-russie-a-un-cessez-le-feu-d-un-mois\\\/198943\\\/\"},\"wordCount\":217,\"commentCount\":0,\"publisher\":{\"@id\":\"https:\\\/\\\/www.webdo.tn\\\/fr\\\/#organization\"},\"image\":{\"@id\":\"https:\\\/\\\/www.webdo.tn\\\/fr\\\/actualite\\\/international\\\/la-fifa-appelle-la-russie-a-un-cessez-le-feu-d-un-mois\\\/198943\\\/#primaryimage\"},\"thumbnailUrl\":\"https:\\\/\\\/www.webdo.tn\\\/fr\\\/wp-content\\\/uploads\\\/2022\\\/11\\\/265ff22d3beb6e8aeedd99de5e9084dc.jpg\",\"keywords\":[\"Coupe du Monde\",\"FIFA\",\"guerre\",\"Russie\",\"Ukraine\"],\"articleSection\":[\"International\"],\"inLanguage\":\"fr-FR\"},{\"@type\":\"WebPage\",\"@id\":\"https:\\\/\\\/www.webdo.tn\\\/fr\\\/actualite\\\/international\\\/la-fifa-appelle-la-russie-a-un-cessez-le-feu-d-un-mois\\\/198943\\\/\",\"url\":\"https:\\\/\\\/www.webdo.tn\\\/fr\\\/actualite\\\/international\\\/la-fifa-appelle-la-russie-a-un-cessez-le-feu-d-un-mois\\\/198943\\\/\",\"name\":\"La FIFA appelle la Russie \u00e0 un cessez-le-feu d\u2019un mois\",\"isPartOf\":{\"@id\":\"https:\\\/\\\/www.webdo.tn\\\/fr\\\/#website\"},\"primaryImageOfPage\":{\"@id\":\"https:\\\/\\\/www.webdo.tn\\\/fr\\\/actualite\\\/international\\\/la-fifa-appelle-la-russie-a-un-cessez-le-feu-d-un-mois\\\/198943\\\/#primaryimage\"},\"image\":{\"@id\":\"https:\\\/\\\/www.webdo.tn\\\/fr\\\/actualite\\\/international\\\/la-fifa-appelle-la-russie-a-un-cessez-le-feu-d-un-mois\\\/198943\\\/#primaryimage\"},\"thumbnailUrl\":\"https:\\\/\\\/www.webdo.tn\\\/fr\\\/wp-content\\\/uploads\\\/2022\\\/11\\\/265ff22d3beb6e8aeedd99de5e9084dc.jpg\",\"datePublished\":\"2022-11-15T09:50:00+00:00\",\"dateModified\":\"2025-05-20T22:05:49+00:00\",\"description\":\"Le pr\u00e9sident de la FIFA Gianni Infantino a appel\u00e9, ce mardi 15 novembre 2022, la Russie \u00e0 un cessez-le-feu d'un mois en Ukraine, le temps de la Coupe du monde d...\",\"breadcrumb\":{\"@id\":\"https:\\\/\\\/www.webdo.tn\\\/fr\\\/actualite\\\/international\\\/la-fifa-appelle-la-russie-a-un-cessez-le-feu-d-un-mois\\\/198943\\\/#breadcrumb\"},\"inLanguage\":\"fr-FR\",\"potentialAction\":[{\"@type\":\"ReadAction\",\"target\":[\"https:\\\/\\\/www.webdo.tn\\\/fr\\\/actualite\\\/international\\\/la-fifa-appelle-la-russie-a-un-cessez-le-feu-d-un-mois\\\/198943\\\/\"]}]},{\"@type\":\"ImageObject\",\"inLanguage\":\"fr-FR\",\"@id\":\"https:\\\/\\\/www.webdo.tn\\\/fr\\\/actualite\\\/international\\\/la-fifa-appelle-la-russie-a-un-cessez-le-feu-d-un-mois\\\/198943\\\/#primaryimage\",\"url\":\"https:\\\/\\\/www.webdo.tn\\\/fr\\\/wp-content\\\/uploads\\\/2022\\\/11\\\/265ff22d3beb6e8aeedd99de5e9084dc.jpg\",\"contentUrl\":\"https:\\\/\\\/www.webdo.tn\\\/fr\\\/wp-content\\\/uploads\\\/2022\\\/11\\\/265ff22d3beb6e8aeedd99de5e9084dc.jpg\",\"width\":750,\"height\":400,\"caption\":\"Le pr\u00e9sident de la FIFA, Gianni Infantino, d\u00e9cor\u00e9 par Vladimir Poutine\"},{\"@type\":\"BreadcrumbList\",\"@id\":\"https:\\\/\\\/www.webdo.tn\\\/fr\\\/actualite\\\/international\\\/la-fifa-appelle-la-russie-a-un-cessez-le-feu-d-un-mois\\\/198943\\\/#breadcrumb\",\"itemListElement\":[{\"@type\":\"ListItem\",\"position\":1,\"name\":\"Accueil\",\"item\":\"https:\\\/\\\/www.webdo.tn\\\/fr\\\/\"},{\"@type\":\"ListItem\",\"position\":2,\"name\":\"La FIFA appelle la Russie \u00e0 un cessez-le-feu d\u2019un mois\"}]},{\"@type\":\"WebSite\",\"@id\":\"https:\\\/\\\/www.webdo.tn\\\/fr\\\/#website\",\"url\":\"https:\\\/\\\/www.webdo.tn\\\/fr\\\/\",\"name\":\"webdo\",\"description\":\"Tunisie - News en Tunisie et \u00e0 l&#039;international sur Webdo.tn\",\"publisher\":{\"@id\":\"https:\\\/\\\/www.webdo.tn\\\/fr\\\/#organization\"},\"potentialAction\":[{\"@type\":\"SearchAction\",\"target\":{\"@type\":\"EntryPoint\",\"urlTemplate\":\"https:\\\/\\\/www.webdo.tn\\\/fr\\\/?s={search_term_string}\"},\"query-input\":{\"@type\":\"PropertyValueSpecification\",\"valueRequired\":true,\"valueName\":\"search_term_string\"}}],\"inLanguage\":\"fr-FR\"},{\"@type\":\"Organization\",\"@id\":\"https:\\\/\\\/www.webdo.tn\\\/fr\\\/#organization\",\"name\":\"Webdo\",\"alternateName\":\"Webdo.tn\",\"url\":\"https:\\\/\\\/www.webdo.tn\\\/fr\\\/\",\"logo\":{\"@type\":\"ImageObject\",\"inLanguage\":\"fr-FR\",\"@id\":\"https:\\\/\\\/www.webdo.tn\\\/fr\\\/#\\\/schema\\\/logo\\\/image\\\/\",\"url\":\"https:\\\/\\\/www.webdo.tn\\\/fr\\\/wp-content\\\/uploads\\\/2025\\\/06\\\/Webdo-Tunisie_168377.jpg\",\"contentUrl\":\"https:\\\/\\\/www.webdo.tn\\\/fr\\\/wp-content\\\/uploads\\\/2025\\\/06\\\/Webdo-Tunisie_168377.jpg\",\"width\":301,\"height\":301,\"caption\":\"Webdo\"},\"image\":{\"@id\":\"https:\\\/\\\/www.webdo.tn\\\/fr\\\/#\\\/schema\\\/logo\\\/image\\\/\"},\"sameAs\":[\"https:\\\/\\\/www.facebook.com\\\/webdotn\",\"https:\\\/\\\/x.com\\\/webdo_tn\"],\"description\":\"Webdo est un m\u00e9dia num\u00e9rique tunisien fond\u00e9 en 2010, sp\u00e9cialis\u00e9 dans l\u2019actualit\u00e9 nationale et internationale, l\u2019\u00e9conomie, la soci\u00e9t\u00e9 et les analyses politiques. Le site s\u2019adresse \u00e0 un large public francophone et couvre l\u2019information tunisienne en temps r\u00e9el.\",\"email\":\"redac@webdo.tn\",\"legalName\":\"YNJ SARL\",\"foundingDate\":\"2010-09-06\",\"numberOfEmployees\":{\"@type\":\"QuantitativeValue\",\"minValue\":\"11\",\"maxValue\":\"50\"}},{\"@type\":\"Person\",\"@id\":\"https:\\\/\\\/www.webdo.tn\\\/fr\\\/#\\\/schema\\\/person\\\/2c4929cbf5a809e3bd38617c6ce150f6\",\"name\":\"MC\",\"image\":{\"@type\":\"ImageObject\",\"inLanguage\":\"fr-FR\",\"@id\":\"https:\\\/\\\/secure.gravatar.com\\\/avatar\\\/a545bbb6f84efdd5553dbbc2895e3ca8f1d12c5215e00a041c9670b54aa9b18a?s=96&d=mm&r=g\",\"url\":\"https:\\\/\\\/secure.gravatar.com\\\/avatar\\\/a545bbb6f84efdd5553dbbc2895e3ca8f1d12c5215e00a041c9670b54aa9b18a?s=96&d=mm&r=g\",\"contentUrl\":\"https:\\\/\\\/secure.gravatar.com\\\/avatar\\\/a545bbb6f84efdd5553dbbc2895e3ca8f1d12c5215e00a041c9670b54aa9b18a?s=96&d=mm&r=g\",\"caption\":\"MC\"},\"url\":\"https:\\\/\\\/www.webdo.tn\\\/fr\\\/actualite\\\/author\\\/mc\\\/\"}]}<\/script>\n<!-- \/ Yoast SEO Premium plugin. -->","yoast_head_json":{"title":"La FIFA appelle la Russie \u00e0 un cessez-le-feu d\u2019un mois","description":"Le pr\u00e9sident de la FIFA Gianni Infantino a appel\u00e9, ce mardi 15 novembre 2022, la Russie \u00e0 un cessez-le-feu d'un mois en Ukraine, le temps de la Coupe du monde d...","canonical":"https:\/\/www.webdo.tn\/fr\/actualite\/international\/la-fifa-appelle-la-russie-a-un-cessez-le-feu-d-un-mois\/198943\/","og_locale":"fr_FR","og_type":"article","og_title":"La FIFA appelle la Russie \u00e0 un cessez-le-feu d\u2019un mois","og_description":"Le pr\u00e9sident de la FIFA Gianni Infantino a appel\u00e9, ce mardi 15 novembre 2022, la Russie \u00e0 un cessez-le-feu d'un mois en Ukraine, le temps de la Coupe du monde d...","og_url":"https:\/\/www.webdo.tn\/fr\/actualite\/international\/la-fifa-appelle-la-russie-a-un-cessez-le-feu-d-un-mois\/198943\/","og_site_name":"webdo","article_publisher":"https:\/\/www.facebook.com\/webdotn","article_published_time":"2022-11-15T09:50:00+00:00","article_modified_time":"2025-05-20T22:05:49+00:00","og_image":[{"width":750,"height":400,"url":"https:\/\/www.webdo.tn\/fr\/wp-content\/uploads\/2022\/11\/265ff22d3beb6e8aeedd99de5e9084dc.jpg","type":"image\/jpeg"}],"author":"MC","twitter_card":"summary_large_image","twitter_creator":"@webdo_tn","twitter_site":"@webdo_tn","twitter_misc":{"\u00c9crit par":"MC","Dur\u00e9e de lecture estim\u00e9e":"1 minute"},"schema":{"@context":"https:\/\/schema.org","@graph":[{"@type":"NewsArticle","@id":"https:\/\/www.webdo.tn\/fr\/actualite\/international\/la-fifa-appelle-la-russie-a-un-cessez-le-feu-d-un-mois\/198943\/#article","isPartOf":{"@id":"https:\/\/www.webdo.tn\/fr\/actualite\/international\/la-fifa-appelle-la-russie-a-un-cessez-le-feu-d-un-mois\/198943\/"},"author":{"name":"MC","@id":"https:\/\/www.webdo.tn\/fr\/#\/schema\/person\/2c4929cbf5a809e3bd38617c6ce150f6"},"headline":"La FIFA appelle la Russie \u00e0 un cessez-le-feu d\u2019un mois","datePublished":"2022-11-15T09:50:00+00:00","dateModified":"2025-05-20T22:05:49+00:00","mainEntityOfPage":{"@id":"https:\/\/www.webdo.tn\/fr\/actualite\/international\/la-fifa-appelle-la-russie-a-un-cessez-le-feu-d-un-mois\/198943\/"},"wordCount":217,"commentCount":0,"publisher":{"@id":"https:\/\/www.webdo.tn\/fr\/#organization"},"image":{"@id":"https:\/\/www.webdo.tn\/fr\/actualite\/international\/la-fifa-appelle-la-russie-a-un-cessez-le-feu-d-un-mois\/198943\/#primaryimage"},"thumbnailUrl":"https:\/\/www.webdo.tn\/fr\/wp-content\/uploads\/2022\/11\/265ff22d3beb6e8aeedd99de5e9084dc.jpg","keywords":["Coupe du Monde","FIFA","guerre","Russie","Ukraine"],"articleSection":["International"],"inLanguage":"fr-FR"},{"@type":"WebPage","@id":"https:\/\/www.webdo.tn\/fr\/actualite\/international\/la-fifa-appelle-la-russie-a-un-cessez-le-feu-d-un-mois\/198943\/","url":"https:\/\/www.webdo.tn\/fr\/actualite\/international\/la-fifa-appelle-la-russie-a-un-cessez-le-feu-d-un-mois\/198943\/","name":"La FIFA appelle la Russie \u00e0 un cessez-le-feu d\u2019un mois","isPartOf":{"@id":"https:\/\/www.webdo.tn\/fr\/#website"},"primaryImageOfPage":{"@id":"https:\/\/www.webdo.tn\/fr\/actualite\/international\/la-fifa-appelle-la-russie-a-un-cessez-le-feu-d-un-mois\/198943\/#primaryimage"},"image":{"@id":"https:\/\/www.webdo.tn\/fr\/actualite\/international\/la-fifa-appelle-la-russie-a-un-cessez-le-feu-d-un-mois\/198943\/#primaryimage"},"thumbnailUrl":"https:\/\/www.webdo.tn\/fr\/wp-content\/uploads\/2022\/11\/265ff22d3beb6e8aeedd99de5e9084dc.jpg","datePublished":"2022-11-15T09:50:00+00:00","dateModified":"2025-05-20T22:05:49+00:00","description":"Le pr\u00e9sident de la FIFA Gianni Infantino a appel\u00e9, ce mardi 15 novembre 2022, la Russie \u00e0 un cessez-le-feu d'un mois en Ukraine, le temps de la Coupe du monde d...","breadcrumb":{"@id":"https:\/\/www.webdo.tn\/fr\/actualite\/international\/la-fifa-appelle-la-russie-a-un-cessez-le-feu-d-un-mois\/198943\/#breadcrumb"},"inLanguage":"fr-FR","potentialAction":[{"@type":"ReadAction","target":["https:\/\/www.webdo.tn\/fr\/actualite\/international\/la-fifa-appelle-la-russie-a-un-cessez-le-feu-d-un-mois\/198943\/"]}]},{"@type":"ImageObject","inLanguage":"fr-FR","@id":"https:\/\/www.webdo.tn\/fr\/actualite\/international\/la-fifa-appelle-la-russie-a-un-cessez-le-feu-d-un-mois\/198943\/#primaryimage","url":"https:\/\/www.webdo.tn\/fr\/wp-content\/uploads\/2022\/11\/265ff22d3beb6e8aeedd99de5e9084dc.jpg","contentUrl":"https:\/\/www.webdo.tn\/fr\/wp-content\/uploads\/2022\/11\/265ff22d3beb6e8aeedd99de5e9084dc.jpg","width":750,"height":400,"caption":"Le pr\u00e9sident de la FIFA, Gianni Infantino, d\u00e9cor\u00e9 par Vladimir Poutine"},{"@type":"BreadcrumbList","@id":"https:\/\/www.webdo.tn\/fr\/actualite\/international\/la-fifa-appelle-la-russie-a-un-cessez-le-feu-d-un-mois\/198943\/#breadcrumb","itemListElement":[{"@type":"ListItem","position":1,"name":"Accueil","item":"https:\/\/www.webdo.tn\/fr\/"},{"@type":"ListItem","position":2,"name":"La FIFA appelle la Russie \u00e0 un cessez-le-feu d\u2019un mois"}]},{"@type":"WebSite","@id":"https:\/\/www.webdo.tn\/fr\/#website","url":"https:\/\/www.webdo.tn\/fr\/","name":"webdo","description":"Tunisie - News en Tunisie et \u00e0 l&#039;international sur Webdo.tn","publisher":{"@id":"https:\/\/www.webdo.tn\/fr\/#organization"},"potentialAction":[{"@type":"SearchAction","target":{"@type":"EntryPoint","urlTemplate":"https:\/\/www.webdo.tn\/fr\/?s={search_term_string}"},"query-input":{"@type":"PropertyValueSpecification","valueRequired":true,"valueName":"search_term_string"}}],"inLanguage":"fr-FR"},{"@type":"Organization","@id":"https:\/\/www.webdo.tn\/fr\/#organization","name":"Webdo","alternateName":"Webdo.tn","url":"https:\/\/www.webdo.tn\/fr\/","logo":{"@type":"ImageObject","inLanguage":"fr-FR","@id":"https:\/\/www.webdo.tn\/fr\/#\/schema\/logo\/image\/","url":"https:\/\/www.webdo.tn\/fr\/wp-content\/uploads\/2025\/06\/Webdo-Tunisie_168377.jpg","contentUrl":"https:\/\/www.webdo.tn\/fr\/wp-content\/uploads\/2025\/06\/Webdo-Tunisie_168377.jpg","width":301,"height":301,"caption":"Webdo"},"image":{"@id":"https:\/\/www.webdo.tn\/fr\/#\/schema\/logo\/image\/"},"sameAs":["https:\/\/www.facebook.com\/webdotn","https:\/\/x.com\/webdo_tn"],"description":"Webdo est un m\u00e9dia num\u00e9rique tunisien fond\u00e9 en 2010, sp\u00e9cialis\u00e9 dans l\u2019actualit\u00e9 nationale et internationale, l\u2019\u00e9conomie, la soci\u00e9t\u00e9 et les analyses politiques. Le site s\u2019adresse \u00e0 un large public francophone et couvre l\u2019information tunisienne en temps r\u00e9el.","email":"redac@webdo.tn","legalName":"YNJ SARL","foundingDate":"2010-09-06","numberOfEmployees":{"@type":"QuantitativeValue","minValue":"11","maxValue":"50"}},{"@type":"Person","@id":"https:\/\/www.webdo.tn\/fr\/#\/schema\/person\/2c4929cbf5a809e3bd38617c6ce150f6","name":"MC","image":{"@type":"ImageObject","inLanguage":"fr-FR","@id":"https:\/\/secure.gravatar.com\/avatar\/a545bbb6f84efdd5553dbbc2895e3ca8f1d12c5215e00a041c9670b54aa9b18a?s=96&d=mm&r=g","url":"https:\/\/secure.gravatar.com\/avatar\/a545bbb6f84efdd5553dbbc2895e3ca8f1d12c5215e00a041c9670b54aa9b18a?s=96&d=mm&r=g","contentUrl":"https:\/\/secure.gravatar.com\/avatar\/a545bbb6f84efdd5553dbbc2895e3ca8f1d12c5215e00a041c9670b54aa9b18a?s=96&d=mm&r=g","caption":"MC"},"url":"https:\/\/www.webdo.tn\/fr\/actualite\/author\/mc\/"}]}},"_links":{"self":[{"href":"https:\/\/www.webdo.tn\/fr\/wp-json\/wp\/v2\/posts\/198943","targetHints":{"allow":["GET"]}}],"collection":[{"href":"https:\/\/www.webdo.tn\/fr\/wp-json\/wp\/v2\/posts"}],"about":[{"href":"https:\/\/www.webdo.tn\/fr\/wp-json\/wp\/v2\/types\/post"}],"author":[{"embeddable":true,"href":"https:\/\/www.webdo.tn\/fr\/wp-json\/wp\/v2\/users\/3162"}],"replies":[{"embeddable":true,"href":"https:\/\/www.webdo.tn\/fr\/wp-json\/wp\/v2\/comments?post=198943"}],"version-history":[{"count":0,"href":"https:\/\/www.webdo.tn\/fr\/wp-json\/wp\/v2\/posts\/198943\/revisions"}],"wp:featuredmedia":[{"embeddable":true,"href":"https:\/\/www.webdo.tn\/fr\/wp-json\/wp\/v2\/media\/277238"}],"wp:attachment":[{"href":"https:\/\/www.webdo.tn\/fr\/wp-json\/wp\/v2\/media?parent=198943"}],"wp:term":[{"taxonomy":"category","embeddable":true,"href":"https:\/\/www.webdo.tn\/fr\/wp-json\/wp\/v2\/categories?post=198943"},{"taxonomy":"post_tag","embeddable":true,"href":"https:\/\/www.webdo.tn\/fr\/wp-json\/wp\/v2\/tags?post=198943"}],"curies":[{"name":"wp","href":"https:\/\/api.w.org\/{rel}","templated":true}]}}