{"id":198927,"date":"2022-11-14T18:35:00","date_gmt":"2022-11-14T18:35:00","guid":{"rendered":"https:\/\/www.webdo.tn\/fr\/actualite\/blog\/l-inai-regrette-le-retard-dans-la-publication-des-decrets-relatifs-a-son-statut\/198927\/"},"modified":"2025-05-22T11:44:32","modified_gmt":"2025-05-22T11:44:32","slug":"l-inai-regrette-le-retard-dans-la-publication-des-decrets-relatifs-a-son-statut","status":"publish","type":"post","link":"https:\/\/www.webdo.tn\/fr\/actualite\/national\/l-inai-regrette-le-retard-dans-la-publication-des-decrets-relatifs-a-son-statut\/198927\/","title":{"rendered":"L&rsquo;INAI regrette le retard dans la publication des d\u00e9crets relatifs \u00e0 son statut"},"content":{"rendered":"<p>L&rsquo;instance d&rsquo;acc\u00e8s \u00e0 l&rsquo;information (INAI), via son pr\u00e9sident Adnene Lassoued, a fait \u00e9tat de nombreuses difficult\u00e9s rencontr\u00e9es par l&rsquo;instance, et d\u00e9nonce le retard pris dans la publication des d\u00e9crets relatifs \u00e0 son organigramme et son statut.<\/p>\n<p> En ce sens, Adnene Lassoued regrette l&rsquo;absence d&rsquo;un cadre juridique r\u00e9gissant les attributions et les missions d\u00e9volues aux personnes charg\u00e9es de l&rsquo;acc\u00e8s \u00e0 l&rsquo;information aupr\u00e8s des organismes publics ainsi que la d\u00e9cision relative au co\u00fbt des demandes d&rsquo;acc\u00e8s \u00e0 l&rsquo;information.<\/p>\n<p>Le manque de collaboration affich\u00e9 par quelques organismes publics dans la concr\u00e9tisation des dispositions de la loi relative \u00e0 l&rsquo;acc\u00e8s \u00e0 l&rsquo;information est aussi point\u00e9 du doigt par le pr\u00e9sident de l&rsquo;INAI.<\/p>\n<p>Si l&rsquo;instance en tant qu&rsquo;organisme public ne m\u00e9nagera aucun effort en vue de prot\u00e9ger l&rsquo;int\u00e9r\u00eat des institutions de l&rsquo;Etat et des administrations publiques, Adnene Lassoued a tenu \u00e0 rassurer les\u00a0entreprises \u00e9conomiques du secteur priv\u00e9 en d\u00e9clarant que l&rsquo;INAI veillera \u00e0 prot\u00e9ger les entreprises \u00e9conomiques qui participent aux appels d&rsquo;offres des march\u00e9s publics en pr\u00e9servant leurs donn\u00e9es, secrets commerciaux et donn\u00e9es strat\u00e9giques.<\/p>\n","protected":false},"excerpt":{"rendered":"<p>L&rsquo;instance d&rsquo;acc\u00e8s \u00e0 l&rsquo;information (INAI), via son pr\u00e9sident Adnene Lassoued, a fait \u00e9tat de nombreuses difficult\u00e9s rencontr\u00e9es par l&rsquo;instance, et d\u00e9nonce le re&#8230;<\/p>\n","protected":false},"author":3195,"featured_media":348608,"comment_status":"open","ping_status":"closed","sticky":false,"template":"","format":"standard","meta":{"footnotes":""},"categories":[44],"tags":[11553,5450,11552,3033,2608],"class_list":["post-198927","post","type-post","status-publish","format-standard","has-post-thumbnail","hentry","category-national","tag-acces-a-linformation","tag-decrets","tag-inai","tag-loi","tag-tunisie"],"yoast_head":"<!-- This site is optimized with the Yoast SEO Premium plugin v27.5 (Yoast SEO v27.5) - https:\/\/yoast.com\/product\/yoast-seo-premium-wordpress\/ -->\n<title>L&#039;INAI regrette le retard dans la publication des d\u00e9crets relatifs \u00e0 son statut<\/title>\n<meta name=\"description\" content=\"L&#039;instance d&#039;acc\u00e8s \u00e0 l&#039;information (INAI), via son pr\u00e9sident Adnene Lassoued, a fait \u00e9tat de nombreuses difficult\u00e9s rencontr\u00e9es par l&#039;instance, et d\u00e9nonce le re...\" \/>\n<link rel=\"canonical\" href=\"https:\/\/www.webdo.tn\/fr\/actualite\/national-45\/l-inai-regrette-le-retard-dans-la-publication-des-decrets-relatifs-a-son-statut\/198927\/\" \/>\n<meta property=\"og:locale\" content=\"fr_FR\" \/>\n<meta property=\"og:type\" content=\"article\" \/>\n<meta property=\"og:title\" content=\"L&#039;INAI regrette le retard dans la publication des d\u00e9crets relatifs \u00e0 son statut\" \/>\n<meta property=\"og:description\" content=\"L&#039;instance d&#039;acc\u00e8s \u00e0 l&#039;information (INAI), via son pr\u00e9sident Adnene Lassoued, a fait \u00e9tat de nombreuses difficult\u00e9s rencontr\u00e9es par l&#039;instance, et d\u00e9nonce le re...\" \/>\n<meta property=\"og:url\" content=\"https:\/\/www.webdo.tn\/fr\/actualite\/national-45\/l-inai-regrette-le-retard-dans-la-publication-des-decrets-relatifs-a-son-statut\/198927\/\" \/>\n<meta property=\"og:site_name\" content=\"webdo\" \/>\n<meta property=\"article:publisher\" content=\"https:\/\/www.facebook.com\/webdotn\" \/>\n<meta property=\"article:published_time\" content=\"2022-11-14T18:35:00+00:00\" \/>\n<meta property=\"article:modified_time\" content=\"2025-05-22T11:44:32+00:00\" \/>\n<meta property=\"og:image\" content=\"https:\/\/www.webdo.tn\/fr\/wp-content\/uploads\/2022\/11\/6cf29db6a7d783558767f0a7730cabf1.jpg\" \/>\n\t<meta property=\"og:image:width\" content=\"304\" \/>\n\t<meta property=\"og:image:height\" content=\"162\" \/>\n\t<meta property=\"og:image:type\" content=\"image\/jpeg\" \/>\n<meta name=\"author\" content=\"NJ\" \/>\n<meta name=\"twitter:card\" content=\"summary_large_image\" \/>\n<meta name=\"twitter:creator\" content=\"@webdo_tn\" \/>\n<meta name=\"twitter:site\" content=\"@webdo_tn\" \/>\n<meta name=\"twitter:label1\" content=\"\u00c9crit par\" \/>\n\t<meta name=\"twitter:data1\" content=\"NJ\" \/>\n\t<meta name=\"twitter:label2\" content=\"Dur\u00e9e de lecture estim\u00e9e\" \/>\n\t<meta name=\"twitter:data2\" content=\"1 minute\" \/>\n<script type=\"application\/ld+json\" class=\"yoast-schema-graph\">{\"@context\":\"https:\\\/\\\/schema.org\",\"@graph\":[{\"@type\":\"NewsArticle\",\"@id\":\"https:\\\/\\\/www.webdo.tn\\\/fr\\\/actualite\\\/national-45\\\/l-inai-regrette-le-retard-dans-la-publication-des-decrets-relatifs-a-son-statut\\\/198927\\\/#article\",\"isPartOf\":{\"@id\":\"https:\\\/\\\/www.webdo.tn\\\/fr\\\/actualite\\\/national-45\\\/l-inai-regrette-le-retard-dans-la-publication-des-decrets-relatifs-a-son-statut\\\/198927\\\/\"},\"author\":{\"name\":\"NJ\",\"@id\":\"https:\\\/\\\/www.webdo.tn\\\/fr\\\/#\\\/schema\\\/person\\\/646f7c4406ab78299805d9d39b2636d8\"},\"headline\":\"L&rsquo;INAI regrette le retard dans la publication des d\u00e9crets relatifs \u00e0 son statut\",\"datePublished\":\"2022-11-14T18:35:00+00:00\",\"dateModified\":\"2025-05-22T11:44:32+00:00\",\"mainEntityOfPage\":{\"@id\":\"https:\\\/\\\/www.webdo.tn\\\/fr\\\/actualite\\\/national-45\\\/l-inai-regrette-le-retard-dans-la-publication-des-decrets-relatifs-a-son-statut\\\/198927\\\/\"},\"wordCount\":223,\"commentCount\":0,\"publisher\":{\"@id\":\"https:\\\/\\\/www.webdo.tn\\\/fr\\\/#organization\"},\"image\":{\"@id\":\"https:\\\/\\\/www.webdo.tn\\\/fr\\\/actualite\\\/national-45\\\/l-inai-regrette-le-retard-dans-la-publication-des-decrets-relatifs-a-son-statut\\\/198927\\\/#primaryimage\"},\"thumbnailUrl\":\"https:\\\/\\\/www.webdo.tn\\\/fr\\\/wp-content\\\/uploads\\\/2022\\\/11\\\/6cf29db6a7d783558767f0a7730cabf1.jpg\",\"keywords\":[\"acc\u00e8s \u00e0 l'information\",\"d\u00e9crets\",\"INAI\",\"loi\",\"Tunisie\"],\"articleSection\":[\"National\"],\"inLanguage\":\"fr-FR\"},{\"@type\":\"WebPage\",\"@id\":\"https:\\\/\\\/www.webdo.tn\\\/fr\\\/actualite\\\/national-45\\\/l-inai-regrette-le-retard-dans-la-publication-des-decrets-relatifs-a-son-statut\\\/198927\\\/\",\"url\":\"https:\\\/\\\/www.webdo.tn\\\/fr\\\/actualite\\\/national-45\\\/l-inai-regrette-le-retard-dans-la-publication-des-decrets-relatifs-a-son-statut\\\/198927\\\/\",\"name\":\"L'INAI regrette le retard dans la publication des d\u00e9crets relatifs \u00e0 son statut\",\"isPartOf\":{\"@id\":\"https:\\\/\\\/www.webdo.tn\\\/fr\\\/#website\"},\"primaryImageOfPage\":{\"@id\":\"https:\\\/\\\/www.webdo.tn\\\/fr\\\/actualite\\\/national-45\\\/l-inai-regrette-le-retard-dans-la-publication-des-decrets-relatifs-a-son-statut\\\/198927\\\/#primaryimage\"},\"image\":{\"@id\":\"https:\\\/\\\/www.webdo.tn\\\/fr\\\/actualite\\\/national-45\\\/l-inai-regrette-le-retard-dans-la-publication-des-decrets-relatifs-a-son-statut\\\/198927\\\/#primaryimage\"},\"thumbnailUrl\":\"https:\\\/\\\/www.webdo.tn\\\/fr\\\/wp-content\\\/uploads\\\/2022\\\/11\\\/6cf29db6a7d783558767f0a7730cabf1.jpg\",\"datePublished\":\"2022-11-14T18:35:00+00:00\",\"dateModified\":\"2025-05-22T11:44:32+00:00\",\"description\":\"L'instance d'acc\u00e8s \u00e0 l'information (INAI), via son pr\u00e9sident Adnene Lassoued, a fait \u00e9tat de nombreuses difficult\u00e9s rencontr\u00e9es par l'instance, et d\u00e9nonce le re...\",\"breadcrumb\":{\"@id\":\"https:\\\/\\\/www.webdo.tn\\\/fr\\\/actualite\\\/national-45\\\/l-inai-regrette-le-retard-dans-la-publication-des-decrets-relatifs-a-son-statut\\\/198927\\\/#breadcrumb\"},\"inLanguage\":\"fr-FR\",\"potentialAction\":[{\"@type\":\"ReadAction\",\"target\":[\"https:\\\/\\\/www.webdo.tn\\\/fr\\\/actualite\\\/national-45\\\/l-inai-regrette-le-retard-dans-la-publication-des-decrets-relatifs-a-son-statut\\\/198927\\\/\"]}]},{\"@type\":\"ImageObject\",\"inLanguage\":\"fr-FR\",\"@id\":\"https:\\\/\\\/www.webdo.tn\\\/fr\\\/actualite\\\/national-45\\\/l-inai-regrette-le-retard-dans-la-publication-des-decrets-relatifs-a-son-statut\\\/198927\\\/#primaryimage\",\"url\":\"https:\\\/\\\/www.webdo.tn\\\/fr\\\/wp-content\\\/uploads\\\/2022\\\/11\\\/6cf29db6a7d783558767f0a7730cabf1.jpg\",\"contentUrl\":\"https:\\\/\\\/www.webdo.tn\\\/fr\\\/wp-content\\\/uploads\\\/2022\\\/11\\\/6cf29db6a7d783558767f0a7730cabf1.jpg\",\"width\":304,\"height\":162,\"caption\":\"L'INAI regrette le retard dans la publication des d\u00e9crets relatifs \u00e0 son statut\"},{\"@type\":\"BreadcrumbList\",\"@id\":\"https:\\\/\\\/www.webdo.tn\\\/fr\\\/actualite\\\/national-45\\\/l-inai-regrette-le-retard-dans-la-publication-des-decrets-relatifs-a-son-statut\\\/198927\\\/#breadcrumb\",\"itemListElement\":[{\"@type\":\"ListItem\",\"position\":1,\"name\":\"Accueil\",\"item\":\"https:\\\/\\\/www.webdo.tn\\\/fr\\\/\"},{\"@type\":\"ListItem\",\"position\":2,\"name\":\"L&rsquo;INAI regrette le retard dans la publication des d\u00e9crets relatifs \u00e0 son statut\"}]},{\"@type\":\"WebSite\",\"@id\":\"https:\\\/\\\/www.webdo.tn\\\/fr\\\/#website\",\"url\":\"https:\\\/\\\/www.webdo.tn\\\/fr\\\/\",\"name\":\"webdo\",\"description\":\"Tunisie - News en Tunisie et \u00e0 l&#039;international sur Webdo.tn\",\"publisher\":{\"@id\":\"https:\\\/\\\/www.webdo.tn\\\/fr\\\/#organization\"},\"potentialAction\":[{\"@type\":\"SearchAction\",\"target\":{\"@type\":\"EntryPoint\",\"urlTemplate\":\"https:\\\/\\\/www.webdo.tn\\\/fr\\\/?s={search_term_string}\"},\"query-input\":{\"@type\":\"PropertyValueSpecification\",\"valueRequired\":true,\"valueName\":\"search_term_string\"}}],\"inLanguage\":\"fr-FR\"},{\"@type\":\"Organization\",\"@id\":\"https:\\\/\\\/www.webdo.tn\\\/fr\\\/#organization\",\"name\":\"Webdo\",\"alternateName\":\"Webdo.tn\",\"url\":\"https:\\\/\\\/www.webdo.tn\\\/fr\\\/\",\"logo\":{\"@type\":\"ImageObject\",\"inLanguage\":\"fr-FR\",\"@id\":\"https:\\\/\\\/www.webdo.tn\\\/fr\\\/#\\\/schema\\\/logo\\\/image\\\/\",\"url\":\"https:\\\/\\\/www.webdo.tn\\\/fr\\\/wp-content\\\/uploads\\\/2025\\\/06\\\/Webdo-Tunisie_168377.jpg\",\"contentUrl\":\"https:\\\/\\\/www.webdo.tn\\\/fr\\\/wp-content\\\/uploads\\\/2025\\\/06\\\/Webdo-Tunisie_168377.jpg\",\"width\":301,\"height\":301,\"caption\":\"Webdo\"},\"image\":{\"@id\":\"https:\\\/\\\/www.webdo.tn\\\/fr\\\/#\\\/schema\\\/logo\\\/image\\\/\"},\"sameAs\":[\"https:\\\/\\\/www.facebook.com\\\/webdotn\",\"https:\\\/\\\/x.com\\\/webdo_tn\"],\"description\":\"Webdo est un m\u00e9dia num\u00e9rique tunisien fond\u00e9 en 2010, sp\u00e9cialis\u00e9 dans l\u2019actualit\u00e9 nationale et internationale, l\u2019\u00e9conomie, la soci\u00e9t\u00e9 et les analyses politiques. Le site s\u2019adresse \u00e0 un large public francophone et couvre l\u2019information tunisienne en temps r\u00e9el.\",\"email\":\"redac@webdo.tn\",\"legalName\":\"YNJ SARL\",\"foundingDate\":\"2010-09-06\",\"numberOfEmployees\":{\"@type\":\"QuantitativeValue\",\"minValue\":\"11\",\"maxValue\":\"50\"}},{\"@type\":\"Person\",\"@id\":\"https:\\\/\\\/www.webdo.tn\\\/fr\\\/#\\\/schema\\\/person\\\/646f7c4406ab78299805d9d39b2636d8\",\"name\":\"NJ\",\"image\":{\"@type\":\"ImageObject\",\"inLanguage\":\"fr-FR\",\"@id\":\"https:\\\/\\\/secure.gravatar.com\\\/avatar\\\/57ee8a7cee8271948beede1dd4413f641d3b749a42dfabf45a3352af812389e1?s=96&d=mm&r=g\",\"url\":\"https:\\\/\\\/secure.gravatar.com\\\/avatar\\\/57ee8a7cee8271948beede1dd4413f641d3b749a42dfabf45a3352af812389e1?s=96&d=mm&r=g\",\"contentUrl\":\"https:\\\/\\\/secure.gravatar.com\\\/avatar\\\/57ee8a7cee8271948beede1dd4413f641d3b749a42dfabf45a3352af812389e1?s=96&d=mm&r=g\",\"caption\":\"NJ\"},\"url\":\"https:\\\/\\\/www.webdo.tn\\\/fr\\\/actualite\\\/author\\\/nj\\\/\"}]}<\/script>\n<!-- \/ Yoast SEO Premium plugin. -->","yoast_head_json":{"title":"L'INAI regrette le retard dans la publication des d\u00e9crets relatifs \u00e0 son statut","description":"L'instance d'acc\u00e8s \u00e0 l'information (INAI), via son pr\u00e9sident Adnene Lassoued, a fait \u00e9tat de nombreuses difficult\u00e9s rencontr\u00e9es par l'instance, et d\u00e9nonce le re...","canonical":"https:\/\/www.webdo.tn\/fr\/actualite\/national-45\/l-inai-regrette-le-retard-dans-la-publication-des-decrets-relatifs-a-son-statut\/198927\/","og_locale":"fr_FR","og_type":"article","og_title":"L'INAI regrette le retard dans la publication des d\u00e9crets relatifs \u00e0 son statut","og_description":"L'instance d'acc\u00e8s \u00e0 l'information (INAI), via son pr\u00e9sident Adnene Lassoued, a fait \u00e9tat de nombreuses difficult\u00e9s rencontr\u00e9es par l'instance, et d\u00e9nonce le re...","og_url":"https:\/\/www.webdo.tn\/fr\/actualite\/national-45\/l-inai-regrette-le-retard-dans-la-publication-des-decrets-relatifs-a-son-statut\/198927\/","og_site_name":"webdo","article_publisher":"https:\/\/www.facebook.com\/webdotn","article_published_time":"2022-11-14T18:35:00+00:00","article_modified_time":"2025-05-22T11:44:32+00:00","og_image":[{"width":304,"height":162,"url":"https:\/\/www.webdo.tn\/fr\/wp-content\/uploads\/2022\/11\/6cf29db6a7d783558767f0a7730cabf1.jpg","type":"image\/jpeg"}],"author":"NJ","twitter_card":"summary_large_image","twitter_creator":"@webdo_tn","twitter_site":"@webdo_tn","twitter_misc":{"\u00c9crit par":"NJ","Dur\u00e9e de lecture estim\u00e9e":"1 minute"},"schema":{"@context":"https:\/\/schema.org","@graph":[{"@type":"NewsArticle","@id":"https:\/\/www.webdo.tn\/fr\/actualite\/national-45\/l-inai-regrette-le-retard-dans-la-publication-des-decrets-relatifs-a-son-statut\/198927\/#article","isPartOf":{"@id":"https:\/\/www.webdo.tn\/fr\/actualite\/national-45\/l-inai-regrette-le-retard-dans-la-publication-des-decrets-relatifs-a-son-statut\/198927\/"},"author":{"name":"NJ","@id":"https:\/\/www.webdo.tn\/fr\/#\/schema\/person\/646f7c4406ab78299805d9d39b2636d8"},"headline":"L&rsquo;INAI regrette le retard dans la publication des d\u00e9crets relatifs \u00e0 son statut","datePublished":"2022-11-14T18:35:00+00:00","dateModified":"2025-05-22T11:44:32+00:00","mainEntityOfPage":{"@id":"https:\/\/www.webdo.tn\/fr\/actualite\/national-45\/l-inai-regrette-le-retard-dans-la-publication-des-decrets-relatifs-a-son-statut\/198927\/"},"wordCount":223,"commentCount":0,"publisher":{"@id":"https:\/\/www.webdo.tn\/fr\/#organization"},"image":{"@id":"https:\/\/www.webdo.tn\/fr\/actualite\/national-45\/l-inai-regrette-le-retard-dans-la-publication-des-decrets-relatifs-a-son-statut\/198927\/#primaryimage"},"thumbnailUrl":"https:\/\/www.webdo.tn\/fr\/wp-content\/uploads\/2022\/11\/6cf29db6a7d783558767f0a7730cabf1.jpg","keywords":["acc\u00e8s \u00e0 l'information","d\u00e9crets","INAI","loi","Tunisie"],"articleSection":["National"],"inLanguage":"fr-FR"},{"@type":"WebPage","@id":"https:\/\/www.webdo.tn\/fr\/actualite\/national-45\/l-inai-regrette-le-retard-dans-la-publication-des-decrets-relatifs-a-son-statut\/198927\/","url":"https:\/\/www.webdo.tn\/fr\/actualite\/national-45\/l-inai-regrette-le-retard-dans-la-publication-des-decrets-relatifs-a-son-statut\/198927\/","name":"L'INAI regrette le retard dans la publication des d\u00e9crets relatifs \u00e0 son statut","isPartOf":{"@id":"https:\/\/www.webdo.tn\/fr\/#website"},"primaryImageOfPage":{"@id":"https:\/\/www.webdo.tn\/fr\/actualite\/national-45\/l-inai-regrette-le-retard-dans-la-publication-des-decrets-relatifs-a-son-statut\/198927\/#primaryimage"},"image":{"@id":"https:\/\/www.webdo.tn\/fr\/actualite\/national-45\/l-inai-regrette-le-retard-dans-la-publication-des-decrets-relatifs-a-son-statut\/198927\/#primaryimage"},"thumbnailUrl":"https:\/\/www.webdo.tn\/fr\/wp-content\/uploads\/2022\/11\/6cf29db6a7d783558767f0a7730cabf1.jpg","datePublished":"2022-11-14T18:35:00+00:00","dateModified":"2025-05-22T11:44:32+00:00","description":"L'instance d'acc\u00e8s \u00e0 l'information (INAI), via son pr\u00e9sident Adnene Lassoued, a fait \u00e9tat de nombreuses difficult\u00e9s rencontr\u00e9es par l'instance, et d\u00e9nonce le re...","breadcrumb":{"@id":"https:\/\/www.webdo.tn\/fr\/actualite\/national-45\/l-inai-regrette-le-retard-dans-la-publication-des-decrets-relatifs-a-son-statut\/198927\/#breadcrumb"},"inLanguage":"fr-FR","potentialAction":[{"@type":"ReadAction","target":["https:\/\/www.webdo.tn\/fr\/actualite\/national-45\/l-inai-regrette-le-retard-dans-la-publication-des-decrets-relatifs-a-son-statut\/198927\/"]}]},{"@type":"ImageObject","inLanguage":"fr-FR","@id":"https:\/\/www.webdo.tn\/fr\/actualite\/national-45\/l-inai-regrette-le-retard-dans-la-publication-des-decrets-relatifs-a-son-statut\/198927\/#primaryimage","url":"https:\/\/www.webdo.tn\/fr\/wp-content\/uploads\/2022\/11\/6cf29db6a7d783558767f0a7730cabf1.jpg","contentUrl":"https:\/\/www.webdo.tn\/fr\/wp-content\/uploads\/2022\/11\/6cf29db6a7d783558767f0a7730cabf1.jpg","width":304,"height":162,"caption":"L'INAI regrette le retard dans la publication des d\u00e9crets relatifs \u00e0 son statut"},{"@type":"BreadcrumbList","@id":"https:\/\/www.webdo.tn\/fr\/actualite\/national-45\/l-inai-regrette-le-retard-dans-la-publication-des-decrets-relatifs-a-son-statut\/198927\/#breadcrumb","itemListElement":[{"@type":"ListItem","position":1,"name":"Accueil","item":"https:\/\/www.webdo.tn\/fr\/"},{"@type":"ListItem","position":2,"name":"L&rsquo;INAI regrette le retard dans la publication des d\u00e9crets relatifs \u00e0 son statut"}]},{"@type":"WebSite","@id":"https:\/\/www.webdo.tn\/fr\/#website","url":"https:\/\/www.webdo.tn\/fr\/","name":"webdo","description":"Tunisie - News en Tunisie et \u00e0 l&#039;international sur Webdo.tn","publisher":{"@id":"https:\/\/www.webdo.tn\/fr\/#organization"},"potentialAction":[{"@type":"SearchAction","target":{"@type":"EntryPoint","urlTemplate":"https:\/\/www.webdo.tn\/fr\/?s={search_term_string}"},"query-input":{"@type":"PropertyValueSpecification","valueRequired":true,"valueName":"search_term_string"}}],"inLanguage":"fr-FR"},{"@type":"Organization","@id":"https:\/\/www.webdo.tn\/fr\/#organization","name":"Webdo","alternateName":"Webdo.tn","url":"https:\/\/www.webdo.tn\/fr\/","logo":{"@type":"ImageObject","inLanguage":"fr-FR","@id":"https:\/\/www.webdo.tn\/fr\/#\/schema\/logo\/image\/","url":"https:\/\/www.webdo.tn\/fr\/wp-content\/uploads\/2025\/06\/Webdo-Tunisie_168377.jpg","contentUrl":"https:\/\/www.webdo.tn\/fr\/wp-content\/uploads\/2025\/06\/Webdo-Tunisie_168377.jpg","width":301,"height":301,"caption":"Webdo"},"image":{"@id":"https:\/\/www.webdo.tn\/fr\/#\/schema\/logo\/image\/"},"sameAs":["https:\/\/www.facebook.com\/webdotn","https:\/\/x.com\/webdo_tn"],"description":"Webdo est un m\u00e9dia num\u00e9rique tunisien fond\u00e9 en 2010, sp\u00e9cialis\u00e9 dans l\u2019actualit\u00e9 nationale et internationale, l\u2019\u00e9conomie, la soci\u00e9t\u00e9 et les analyses politiques. Le site s\u2019adresse \u00e0 un large public francophone et couvre l\u2019information tunisienne en temps r\u00e9el.","email":"redac@webdo.tn","legalName":"YNJ SARL","foundingDate":"2010-09-06","numberOfEmployees":{"@type":"QuantitativeValue","minValue":"11","maxValue":"50"}},{"@type":"Person","@id":"https:\/\/www.webdo.tn\/fr\/#\/schema\/person\/646f7c4406ab78299805d9d39b2636d8","name":"NJ","image":{"@type":"ImageObject","inLanguage":"fr-FR","@id":"https:\/\/secure.gravatar.com\/avatar\/57ee8a7cee8271948beede1dd4413f641d3b749a42dfabf45a3352af812389e1?s=96&d=mm&r=g","url":"https:\/\/secure.gravatar.com\/avatar\/57ee8a7cee8271948beede1dd4413f641d3b749a42dfabf45a3352af812389e1?s=96&d=mm&r=g","contentUrl":"https:\/\/secure.gravatar.com\/avatar\/57ee8a7cee8271948beede1dd4413f641d3b749a42dfabf45a3352af812389e1?s=96&d=mm&r=g","caption":"NJ"},"url":"https:\/\/www.webdo.tn\/fr\/actualite\/author\/nj\/"}]}},"_links":{"self":[{"href":"https:\/\/www.webdo.tn\/fr\/wp-json\/wp\/v2\/posts\/198927","targetHints":{"allow":["GET"]}}],"collection":[{"href":"https:\/\/www.webdo.tn\/fr\/wp-json\/wp\/v2\/posts"}],"about":[{"href":"https:\/\/www.webdo.tn\/fr\/wp-json\/wp\/v2\/types\/post"}],"author":[{"embeddable":true,"href":"https:\/\/www.webdo.tn\/fr\/wp-json\/wp\/v2\/users\/3195"}],"replies":[{"embeddable":true,"href":"https:\/\/www.webdo.tn\/fr\/wp-json\/wp\/v2\/comments?post=198927"}],"version-history":[{"count":0,"href":"https:\/\/www.webdo.tn\/fr\/wp-json\/wp\/v2\/posts\/198927\/revisions"}],"wp:featuredmedia":[{"embeddable":true,"href":"https:\/\/www.webdo.tn\/fr\/wp-json\/wp\/v2\/media\/348608"}],"wp:attachment":[{"href":"https:\/\/www.webdo.tn\/fr\/wp-json\/wp\/v2\/media?parent=198927"}],"wp:term":[{"taxonomy":"category","embeddable":true,"href":"https:\/\/www.webdo.tn\/fr\/wp-json\/wp\/v2\/categories?post=198927"},{"taxonomy":"post_tag","embeddable":true,"href":"https:\/\/www.webdo.tn\/fr\/wp-json\/wp\/v2\/tags?post=198927"}],"curies":[{"name":"wp","href":"https:\/\/api.w.org\/{rel}","templated":true}]}}