{"id":198922,"date":"2022-11-14T16:06:00","date_gmt":"2022-11-14T16:06:00","guid":{"rendered":"https:\/\/www.webdo.tn\/fr\/actualite\/blog\/vol-d-un-fourgon-de-transport-de-devise-le-gardien-interpelle\/198922\/"},"modified":"2025-05-22T11:44:27","modified_gmt":"2025-05-22T11:44:27","slug":"vol-d-un-fourgon-de-transport-de-devise-le-gardien-interpelle","status":"publish","type":"post","link":"https:\/\/www.webdo.tn\/fr\/actualite\/divers\/vol-d-un-fourgon-de-transport-de-devise-le-gardien-interpelle\/198922\/","title":{"rendered":"Vol d&rsquo;un fourgon de transport de devise : le gardien interpell\u00e9"},"content":{"rendered":"<p>Les agents de la sous-direction des affaires criminelles, en collaboration avec la police judiciaire de Sidi Hassine, ont interpell\u00e9 le gardien, suspect\u00e9 dans l&rsquo;affaire du vol de 600 mille dinars en euros d\u2019un fourgon blind\u00e9 de transport de fonds.<\/p>\n<p> Le suspect, qui a \u00e9t\u00e9 interpell\u00e9 dans la localit\u00e9 de Sidi Hassine Sijoumi, subit actuellement les interrogatoires.<\/p>\n<p>La porte-parole du Tribunal de premi\u00e8re instance de la Manouba, Sondes Nouioui, avait indiqu\u00e9, jeudi dernier, qu\u2019un avis de recherche a \u00e9t\u00e9 \u00e9mis contre un troisi\u00e8me individu dans l\u2019affaire de disparition d&rsquo;un fourgon blind\u00e9 de transport de devises, \u00e0 Denden.<\/p>\n<p>Un employ\u00e9 de banque et un ancien chauffeur ont \u00e9t\u00e9 mis en garde \u00e0 vue, sur ordre du parquet.<\/p>\n<p>La direction des affaires criminelles de Gorjani a entam\u00e9 une enqu\u00eate concernant la disparition du fourgon. Le convoyeur de fonds avait affirm\u00e9, lors de son interrogatoire, que le gardien qui \u00e9tait \u00e0 bord du camion a vol\u00e9 une valise contenant 600 mille dinars en devises \u00e9trang\u00e8res (dollars et euros).<\/p>\n<p>Un des gardiens est descendu pour une affaire personnelle, au niveau de Denden, gouvernorat de la Mannouba, laissant un gardien de banque et un agent de s\u00e9curit\u00e9 dans le camion. Ce dernier se serait empar\u00e9 de la valise, avant de prendre la fuite.<\/p>\n","protected":false},"excerpt":{"rendered":"<p>Les agents de la sous-direction des affaires criminelles, en collaboration avec la police judiciaire de Sidi Hassine, ont interpell\u00e9 le gardien, suspect\u00e9 dans l&#8230;<\/p>\n","protected":false},"author":3196,"featured_media":348603,"comment_status":"open","ping_status":"closed","sticky":false,"template":"","format":"standard","meta":{"footnotes":""},"categories":[2839],"tags":[11550],"class_list":["post-198922","post","type-post","status-publish","format-standard","has-post-thumbnail","hentry","category-divers","tag-vol-dun-fourgon-de-transport-de-devise"],"yoast_head":"<!-- This site is optimized with the Yoast SEO Premium plugin v27.4 (Yoast SEO v27.4) - https:\/\/yoast.com\/product\/yoast-seo-premium-wordpress\/ -->\n<title>Vol d&#039;un fourgon de transport de devise : le gardien interpell\u00e9<\/title>\n<meta name=\"description\" content=\"Les agents de la sous-direction des affaires criminelles, en collaboration avec la police judiciaire de Sidi Hassine, ont interpell\u00e9 le gardien, suspect\u00e9 dans l...\" \/>\n<link rel=\"canonical\" href=\"https:\/\/www.webdo.tn\/fr\/actualite\/divers\/vol-d-un-fourgon-de-transport-de-devise-le-gardien-interpelle\/198922\/\" \/>\n<meta property=\"og:locale\" content=\"fr_FR\" \/>\n<meta property=\"og:type\" content=\"article\" \/>\n<meta property=\"og:title\" content=\"Vol d&#039;un fourgon de transport de devise : le gardien interpell\u00e9\" \/>\n<meta property=\"og:description\" content=\"Les agents de la sous-direction des affaires criminelles, en collaboration avec la police judiciaire de Sidi Hassine, ont interpell\u00e9 le gardien, suspect\u00e9 dans l...\" \/>\n<meta property=\"og:url\" content=\"https:\/\/www.webdo.tn\/fr\/actualite\/divers\/vol-d-un-fourgon-de-transport-de-devise-le-gardien-interpelle\/198922\/\" \/>\n<meta property=\"og:site_name\" content=\"webdo\" \/>\n<meta property=\"article:publisher\" content=\"https:\/\/www.facebook.com\/webdotn\" \/>\n<meta property=\"article:published_time\" content=\"2022-11-14T16:06:00+00:00\" \/>\n<meta property=\"article:modified_time\" content=\"2025-05-22T11:44:27+00:00\" \/>\n<meta property=\"og:image\" content=\"https:\/\/www.webdo.tn\/fr\/wp-content\/uploads\/2022\/11\/c6be6d92e9cf90d27dd3526a0b68472d.jpg\" \/>\n\t<meta property=\"og:image:width\" content=\"750\" \/>\n\t<meta property=\"og:image:height\" content=\"400\" \/>\n\t<meta property=\"og:image:type\" content=\"image\/jpeg\" \/>\n<meta name=\"author\" content=\"MK\" \/>\n<meta name=\"twitter:card\" content=\"summary_large_image\" \/>\n<meta name=\"twitter:creator\" content=\"@webdo_tn\" \/>\n<meta name=\"twitter:site\" content=\"@webdo_tn\" \/>\n<meta name=\"twitter:label1\" content=\"\u00c9crit par\" \/>\n\t<meta name=\"twitter:data1\" content=\"MK\" \/>\n\t<meta name=\"twitter:label2\" content=\"Dur\u00e9e de lecture estim\u00e9e\" \/>\n\t<meta name=\"twitter:data2\" content=\"1 minute\" \/>\n<script type=\"application\/ld+json\" class=\"yoast-schema-graph\">{\"@context\":\"https:\\\/\\\/schema.org\",\"@graph\":[{\"@type\":\"NewsArticle\",\"@id\":\"https:\\\/\\\/www.webdo.tn\\\/fr\\\/actualite\\\/divers\\\/vol-d-un-fourgon-de-transport-de-devise-le-gardien-interpelle\\\/198922\\\/#article\",\"isPartOf\":{\"@id\":\"https:\\\/\\\/www.webdo.tn\\\/fr\\\/actualite\\\/divers\\\/vol-d-un-fourgon-de-transport-de-devise-le-gardien-interpelle\\\/198922\\\/\"},\"author\":{\"name\":\"MK\",\"@id\":\"https:\\\/\\\/www.webdo.tn\\\/fr\\\/#\\\/schema\\\/person\\\/c3a9d32fa6d495ca5f4b6510e3db97bf\"},\"headline\":\"Vol d&rsquo;un fourgon de transport de devise : le gardien interpell\u00e9\",\"datePublished\":\"2022-11-14T16:06:00+00:00\",\"dateModified\":\"2025-05-22T11:44:27+00:00\",\"mainEntityOfPage\":{\"@id\":\"https:\\\/\\\/www.webdo.tn\\\/fr\\\/actualite\\\/divers\\\/vol-d-un-fourgon-de-transport-de-devise-le-gardien-interpelle\\\/198922\\\/\"},\"wordCount\":223,\"commentCount\":0,\"publisher\":{\"@id\":\"https:\\\/\\\/www.webdo.tn\\\/fr\\\/#organization\"},\"image\":{\"@id\":\"https:\\\/\\\/www.webdo.tn\\\/fr\\\/actualite\\\/divers\\\/vol-d-un-fourgon-de-transport-de-devise-le-gardien-interpelle\\\/198922\\\/#primaryimage\"},\"thumbnailUrl\":\"https:\\\/\\\/www.webdo.tn\\\/fr\\\/wp-content\\\/uploads\\\/2022\\\/11\\\/c6be6d92e9cf90d27dd3526a0b68472d.jpg\",\"keywords\":[\"Vol d'un fourgon de transport de devise\"],\"articleSection\":[\"Divers\"],\"inLanguage\":\"fr-FR\"},{\"@type\":\"WebPage\",\"@id\":\"https:\\\/\\\/www.webdo.tn\\\/fr\\\/actualite\\\/divers\\\/vol-d-un-fourgon-de-transport-de-devise-le-gardien-interpelle\\\/198922\\\/\",\"url\":\"https:\\\/\\\/www.webdo.tn\\\/fr\\\/actualite\\\/divers\\\/vol-d-un-fourgon-de-transport-de-devise-le-gardien-interpelle\\\/198922\\\/\",\"name\":\"Vol d'un fourgon de transport de devise : le gardien interpell\u00e9\",\"isPartOf\":{\"@id\":\"https:\\\/\\\/www.webdo.tn\\\/fr\\\/#website\"},\"primaryImageOfPage\":{\"@id\":\"https:\\\/\\\/www.webdo.tn\\\/fr\\\/actualite\\\/divers\\\/vol-d-un-fourgon-de-transport-de-devise-le-gardien-interpelle\\\/198922\\\/#primaryimage\"},\"image\":{\"@id\":\"https:\\\/\\\/www.webdo.tn\\\/fr\\\/actualite\\\/divers\\\/vol-d-un-fourgon-de-transport-de-devise-le-gardien-interpelle\\\/198922\\\/#primaryimage\"},\"thumbnailUrl\":\"https:\\\/\\\/www.webdo.tn\\\/fr\\\/wp-content\\\/uploads\\\/2022\\\/11\\\/c6be6d92e9cf90d27dd3526a0b68472d.jpg\",\"datePublished\":\"2022-11-14T16:06:00+00:00\",\"dateModified\":\"2025-05-22T11:44:27+00:00\",\"description\":\"Les agents de la sous-direction des affaires criminelles, en collaboration avec la police judiciaire de Sidi Hassine, ont interpell\u00e9 le gardien, suspect\u00e9 dans l...\",\"breadcrumb\":{\"@id\":\"https:\\\/\\\/www.webdo.tn\\\/fr\\\/actualite\\\/divers\\\/vol-d-un-fourgon-de-transport-de-devise-le-gardien-interpelle\\\/198922\\\/#breadcrumb\"},\"inLanguage\":\"fr-FR\",\"potentialAction\":[{\"@type\":\"ReadAction\",\"target\":[\"https:\\\/\\\/www.webdo.tn\\\/fr\\\/actualite\\\/divers\\\/vol-d-un-fourgon-de-transport-de-devise-le-gardien-interpelle\\\/198922\\\/\"]}]},{\"@type\":\"ImageObject\",\"inLanguage\":\"fr-FR\",\"@id\":\"https:\\\/\\\/www.webdo.tn\\\/fr\\\/actualite\\\/divers\\\/vol-d-un-fourgon-de-transport-de-devise-le-gardien-interpelle\\\/198922\\\/#primaryimage\",\"url\":\"https:\\\/\\\/www.webdo.tn\\\/fr\\\/wp-content\\\/uploads\\\/2022\\\/11\\\/c6be6d92e9cf90d27dd3526a0b68472d.jpg\",\"contentUrl\":\"https:\\\/\\\/www.webdo.tn\\\/fr\\\/wp-content\\\/uploads\\\/2022\\\/11\\\/c6be6d92e9cf90d27dd3526a0b68472d.jpg\",\"width\":750,\"height\":400,\"caption\":\"Vol d'un fourgon de transport de devise\"},{\"@type\":\"BreadcrumbList\",\"@id\":\"https:\\\/\\\/www.webdo.tn\\\/fr\\\/actualite\\\/divers\\\/vol-d-un-fourgon-de-transport-de-devise-le-gardien-interpelle\\\/198922\\\/#breadcrumb\",\"itemListElement\":[{\"@type\":\"ListItem\",\"position\":1,\"name\":\"Accueil\",\"item\":\"https:\\\/\\\/www.webdo.tn\\\/fr\\\/\"},{\"@type\":\"ListItem\",\"position\":2,\"name\":\"Vol d&rsquo;un fourgon de transport de devise : le gardien interpell\u00e9\"}]},{\"@type\":\"WebSite\",\"@id\":\"https:\\\/\\\/www.webdo.tn\\\/fr\\\/#website\",\"url\":\"https:\\\/\\\/www.webdo.tn\\\/fr\\\/\",\"name\":\"webdo\",\"description\":\"Tunisie - News en Tunisie et \u00e0 l&#039;international sur Webdo.tn\",\"publisher\":{\"@id\":\"https:\\\/\\\/www.webdo.tn\\\/fr\\\/#organization\"},\"potentialAction\":[{\"@type\":\"SearchAction\",\"target\":{\"@type\":\"EntryPoint\",\"urlTemplate\":\"https:\\\/\\\/www.webdo.tn\\\/fr\\\/?s={search_term_string}\"},\"query-input\":{\"@type\":\"PropertyValueSpecification\",\"valueRequired\":true,\"valueName\":\"search_term_string\"}}],\"inLanguage\":\"fr-FR\"},{\"@type\":\"Organization\",\"@id\":\"https:\\\/\\\/www.webdo.tn\\\/fr\\\/#organization\",\"name\":\"Webdo\",\"alternateName\":\"Webdo.tn\",\"url\":\"https:\\\/\\\/www.webdo.tn\\\/fr\\\/\",\"logo\":{\"@type\":\"ImageObject\",\"inLanguage\":\"fr-FR\",\"@id\":\"https:\\\/\\\/www.webdo.tn\\\/fr\\\/#\\\/schema\\\/logo\\\/image\\\/\",\"url\":\"https:\\\/\\\/www.webdo.tn\\\/fr\\\/wp-content\\\/uploads\\\/2025\\\/06\\\/Webdo-Tunisie_168377.jpg\",\"contentUrl\":\"https:\\\/\\\/www.webdo.tn\\\/fr\\\/wp-content\\\/uploads\\\/2025\\\/06\\\/Webdo-Tunisie_168377.jpg\",\"width\":301,\"height\":301,\"caption\":\"Webdo\"},\"image\":{\"@id\":\"https:\\\/\\\/www.webdo.tn\\\/fr\\\/#\\\/schema\\\/logo\\\/image\\\/\"},\"sameAs\":[\"https:\\\/\\\/www.facebook.com\\\/webdotn\",\"https:\\\/\\\/x.com\\\/webdo_tn\"],\"description\":\"Webdo est un m\u00e9dia num\u00e9rique tunisien fond\u00e9 en 2010, sp\u00e9cialis\u00e9 dans l\u2019actualit\u00e9 nationale et internationale, l\u2019\u00e9conomie, la soci\u00e9t\u00e9 et les analyses politiques. Le site s\u2019adresse \u00e0 un large public francophone et couvre l\u2019information tunisienne en temps r\u00e9el.\",\"email\":\"redac@webdo.tn\",\"legalName\":\"YNJ SARL\",\"foundingDate\":\"2010-09-06\",\"numberOfEmployees\":{\"@type\":\"QuantitativeValue\",\"minValue\":\"11\",\"maxValue\":\"50\"}},{\"@type\":\"Person\",\"@id\":\"https:\\\/\\\/www.webdo.tn\\\/fr\\\/#\\\/schema\\\/person\\\/c3a9d32fa6d495ca5f4b6510e3db97bf\",\"name\":\"MK\",\"image\":{\"@type\":\"ImageObject\",\"inLanguage\":\"fr-FR\",\"@id\":\"https:\\\/\\\/secure.gravatar.com\\\/avatar\\\/6d44f937f19929f3b75db77056d3e08abd6e302e71bcfea340cd8b00c13e7baf?s=96&d=mm&r=g\",\"url\":\"https:\\\/\\\/secure.gravatar.com\\\/avatar\\\/6d44f937f19929f3b75db77056d3e08abd6e302e71bcfea340cd8b00c13e7baf?s=96&d=mm&r=g\",\"contentUrl\":\"https:\\\/\\\/secure.gravatar.com\\\/avatar\\\/6d44f937f19929f3b75db77056d3e08abd6e302e71bcfea340cd8b00c13e7baf?s=96&d=mm&r=g\",\"caption\":\"MK\"},\"url\":\"https:\\\/\\\/www.webdo.tn\\\/fr\\\/actualite\\\/author\\\/mk\\\/\"}]}<\/script>\n<!-- \/ Yoast SEO Premium plugin. -->","yoast_head_json":{"title":"Vol d'un fourgon de transport de devise : le gardien interpell\u00e9","description":"Les agents de la sous-direction des affaires criminelles, en collaboration avec la police judiciaire de Sidi Hassine, ont interpell\u00e9 le gardien, suspect\u00e9 dans l...","canonical":"https:\/\/www.webdo.tn\/fr\/actualite\/divers\/vol-d-un-fourgon-de-transport-de-devise-le-gardien-interpelle\/198922\/","og_locale":"fr_FR","og_type":"article","og_title":"Vol d'un fourgon de transport de devise : le gardien interpell\u00e9","og_description":"Les agents de la sous-direction des affaires criminelles, en collaboration avec la police judiciaire de Sidi Hassine, ont interpell\u00e9 le gardien, suspect\u00e9 dans l...","og_url":"https:\/\/www.webdo.tn\/fr\/actualite\/divers\/vol-d-un-fourgon-de-transport-de-devise-le-gardien-interpelle\/198922\/","og_site_name":"webdo","article_publisher":"https:\/\/www.facebook.com\/webdotn","article_published_time":"2022-11-14T16:06:00+00:00","article_modified_time":"2025-05-22T11:44:27+00:00","og_image":[{"width":750,"height":400,"url":"https:\/\/www.webdo.tn\/fr\/wp-content\/uploads\/2022\/11\/c6be6d92e9cf90d27dd3526a0b68472d.jpg","type":"image\/jpeg"}],"author":"MK","twitter_card":"summary_large_image","twitter_creator":"@webdo_tn","twitter_site":"@webdo_tn","twitter_misc":{"\u00c9crit par":"MK","Dur\u00e9e de lecture estim\u00e9e":"1 minute"},"schema":{"@context":"https:\/\/schema.org","@graph":[{"@type":"NewsArticle","@id":"https:\/\/www.webdo.tn\/fr\/actualite\/divers\/vol-d-un-fourgon-de-transport-de-devise-le-gardien-interpelle\/198922\/#article","isPartOf":{"@id":"https:\/\/www.webdo.tn\/fr\/actualite\/divers\/vol-d-un-fourgon-de-transport-de-devise-le-gardien-interpelle\/198922\/"},"author":{"name":"MK","@id":"https:\/\/www.webdo.tn\/fr\/#\/schema\/person\/c3a9d32fa6d495ca5f4b6510e3db97bf"},"headline":"Vol d&rsquo;un fourgon de transport de devise : le gardien interpell\u00e9","datePublished":"2022-11-14T16:06:00+00:00","dateModified":"2025-05-22T11:44:27+00:00","mainEntityOfPage":{"@id":"https:\/\/www.webdo.tn\/fr\/actualite\/divers\/vol-d-un-fourgon-de-transport-de-devise-le-gardien-interpelle\/198922\/"},"wordCount":223,"commentCount":0,"publisher":{"@id":"https:\/\/www.webdo.tn\/fr\/#organization"},"image":{"@id":"https:\/\/www.webdo.tn\/fr\/actualite\/divers\/vol-d-un-fourgon-de-transport-de-devise-le-gardien-interpelle\/198922\/#primaryimage"},"thumbnailUrl":"https:\/\/www.webdo.tn\/fr\/wp-content\/uploads\/2022\/11\/c6be6d92e9cf90d27dd3526a0b68472d.jpg","keywords":["Vol d'un fourgon de transport de devise"],"articleSection":["Divers"],"inLanguage":"fr-FR"},{"@type":"WebPage","@id":"https:\/\/www.webdo.tn\/fr\/actualite\/divers\/vol-d-un-fourgon-de-transport-de-devise-le-gardien-interpelle\/198922\/","url":"https:\/\/www.webdo.tn\/fr\/actualite\/divers\/vol-d-un-fourgon-de-transport-de-devise-le-gardien-interpelle\/198922\/","name":"Vol d'un fourgon de transport de devise : le gardien interpell\u00e9","isPartOf":{"@id":"https:\/\/www.webdo.tn\/fr\/#website"},"primaryImageOfPage":{"@id":"https:\/\/www.webdo.tn\/fr\/actualite\/divers\/vol-d-un-fourgon-de-transport-de-devise-le-gardien-interpelle\/198922\/#primaryimage"},"image":{"@id":"https:\/\/www.webdo.tn\/fr\/actualite\/divers\/vol-d-un-fourgon-de-transport-de-devise-le-gardien-interpelle\/198922\/#primaryimage"},"thumbnailUrl":"https:\/\/www.webdo.tn\/fr\/wp-content\/uploads\/2022\/11\/c6be6d92e9cf90d27dd3526a0b68472d.jpg","datePublished":"2022-11-14T16:06:00+00:00","dateModified":"2025-05-22T11:44:27+00:00","description":"Les agents de la sous-direction des affaires criminelles, en collaboration avec la police judiciaire de Sidi Hassine, ont interpell\u00e9 le gardien, suspect\u00e9 dans l...","breadcrumb":{"@id":"https:\/\/www.webdo.tn\/fr\/actualite\/divers\/vol-d-un-fourgon-de-transport-de-devise-le-gardien-interpelle\/198922\/#breadcrumb"},"inLanguage":"fr-FR","potentialAction":[{"@type":"ReadAction","target":["https:\/\/www.webdo.tn\/fr\/actualite\/divers\/vol-d-un-fourgon-de-transport-de-devise-le-gardien-interpelle\/198922\/"]}]},{"@type":"ImageObject","inLanguage":"fr-FR","@id":"https:\/\/www.webdo.tn\/fr\/actualite\/divers\/vol-d-un-fourgon-de-transport-de-devise-le-gardien-interpelle\/198922\/#primaryimage","url":"https:\/\/www.webdo.tn\/fr\/wp-content\/uploads\/2022\/11\/c6be6d92e9cf90d27dd3526a0b68472d.jpg","contentUrl":"https:\/\/www.webdo.tn\/fr\/wp-content\/uploads\/2022\/11\/c6be6d92e9cf90d27dd3526a0b68472d.jpg","width":750,"height":400,"caption":"Vol d'un fourgon de transport de devise"},{"@type":"BreadcrumbList","@id":"https:\/\/www.webdo.tn\/fr\/actualite\/divers\/vol-d-un-fourgon-de-transport-de-devise-le-gardien-interpelle\/198922\/#breadcrumb","itemListElement":[{"@type":"ListItem","position":1,"name":"Accueil","item":"https:\/\/www.webdo.tn\/fr\/"},{"@type":"ListItem","position":2,"name":"Vol d&rsquo;un fourgon de transport de devise : le gardien interpell\u00e9"}]},{"@type":"WebSite","@id":"https:\/\/www.webdo.tn\/fr\/#website","url":"https:\/\/www.webdo.tn\/fr\/","name":"webdo","description":"Tunisie - News en Tunisie et \u00e0 l&#039;international sur Webdo.tn","publisher":{"@id":"https:\/\/www.webdo.tn\/fr\/#organization"},"potentialAction":[{"@type":"SearchAction","target":{"@type":"EntryPoint","urlTemplate":"https:\/\/www.webdo.tn\/fr\/?s={search_term_string}"},"query-input":{"@type":"PropertyValueSpecification","valueRequired":true,"valueName":"search_term_string"}}],"inLanguage":"fr-FR"},{"@type":"Organization","@id":"https:\/\/www.webdo.tn\/fr\/#organization","name":"Webdo","alternateName":"Webdo.tn","url":"https:\/\/www.webdo.tn\/fr\/","logo":{"@type":"ImageObject","inLanguage":"fr-FR","@id":"https:\/\/www.webdo.tn\/fr\/#\/schema\/logo\/image\/","url":"https:\/\/www.webdo.tn\/fr\/wp-content\/uploads\/2025\/06\/Webdo-Tunisie_168377.jpg","contentUrl":"https:\/\/www.webdo.tn\/fr\/wp-content\/uploads\/2025\/06\/Webdo-Tunisie_168377.jpg","width":301,"height":301,"caption":"Webdo"},"image":{"@id":"https:\/\/www.webdo.tn\/fr\/#\/schema\/logo\/image\/"},"sameAs":["https:\/\/www.facebook.com\/webdotn","https:\/\/x.com\/webdo_tn"],"description":"Webdo est un m\u00e9dia num\u00e9rique tunisien fond\u00e9 en 2010, sp\u00e9cialis\u00e9 dans l\u2019actualit\u00e9 nationale et internationale, l\u2019\u00e9conomie, la soci\u00e9t\u00e9 et les analyses politiques. Le site s\u2019adresse \u00e0 un large public francophone et couvre l\u2019information tunisienne en temps r\u00e9el.","email":"redac@webdo.tn","legalName":"YNJ SARL","foundingDate":"2010-09-06","numberOfEmployees":{"@type":"QuantitativeValue","minValue":"11","maxValue":"50"}},{"@type":"Person","@id":"https:\/\/www.webdo.tn\/fr\/#\/schema\/person\/c3a9d32fa6d495ca5f4b6510e3db97bf","name":"MK","image":{"@type":"ImageObject","inLanguage":"fr-FR","@id":"https:\/\/secure.gravatar.com\/avatar\/6d44f937f19929f3b75db77056d3e08abd6e302e71bcfea340cd8b00c13e7baf?s=96&d=mm&r=g","url":"https:\/\/secure.gravatar.com\/avatar\/6d44f937f19929f3b75db77056d3e08abd6e302e71bcfea340cd8b00c13e7baf?s=96&d=mm&r=g","contentUrl":"https:\/\/secure.gravatar.com\/avatar\/6d44f937f19929f3b75db77056d3e08abd6e302e71bcfea340cd8b00c13e7baf?s=96&d=mm&r=g","caption":"MK"},"url":"https:\/\/www.webdo.tn\/fr\/actualite\/author\/mk\/"}]}},"_links":{"self":[{"href":"https:\/\/www.webdo.tn\/fr\/wp-json\/wp\/v2\/posts\/198922","targetHints":{"allow":["GET"]}}],"collection":[{"href":"https:\/\/www.webdo.tn\/fr\/wp-json\/wp\/v2\/posts"}],"about":[{"href":"https:\/\/www.webdo.tn\/fr\/wp-json\/wp\/v2\/types\/post"}],"author":[{"embeddable":true,"href":"https:\/\/www.webdo.tn\/fr\/wp-json\/wp\/v2\/users\/3196"}],"replies":[{"embeddable":true,"href":"https:\/\/www.webdo.tn\/fr\/wp-json\/wp\/v2\/comments?post=198922"}],"version-history":[{"count":0,"href":"https:\/\/www.webdo.tn\/fr\/wp-json\/wp\/v2\/posts\/198922\/revisions"}],"wp:featuredmedia":[{"embeddable":true,"href":"https:\/\/www.webdo.tn\/fr\/wp-json\/wp\/v2\/media\/348603"}],"wp:attachment":[{"href":"https:\/\/www.webdo.tn\/fr\/wp-json\/wp\/v2\/media?parent=198922"}],"wp:term":[{"taxonomy":"category","embeddable":true,"href":"https:\/\/www.webdo.tn\/fr\/wp-json\/wp\/v2\/categories?post=198922"},{"taxonomy":"post_tag","embeddable":true,"href":"https:\/\/www.webdo.tn\/fr\/wp-json\/wp\/v2\/tags?post=198922"}],"curies":[{"name":"wp","href":"https:\/\/api.w.org\/{rel}","templated":true}]}}