{"id":198911,"date":"2022-11-14T14:21:00","date_gmt":"2022-11-14T14:21:00","guid":{"rendered":"https:\/\/www.webdo.tn\/fr\/actualite\/blog\/les-dettes-du-secteur-prive-envers-la-cnss-s-elevent-a-5-milliards-de-dinars\/198911\/"},"modified":"2025-05-22T11:44:26","modified_gmt":"2025-05-22T11:44:26","slug":"les-dettes-du-secteur-prive-envers-la-cnss-s-elevent-a-5-milliards-de-dinars","status":"publish","type":"post","link":"https:\/\/www.webdo.tn\/fr\/actualite\/national\/les-dettes-du-secteur-prive-envers-la-cnss-s-elevent-a-5-milliards-de-dinars\/198911\/","title":{"rendered":"Les dettes du secteur priv\u00e9 envers la CNSS s\u2019\u00e9l\u00e8vent \u00e0 5 milliards de dinars !"},"content":{"rendered":"<p>Le directeur g\u00e9n\u00e9ral de la CNSS  est revenu ce lundi 14 novembre 2022 sur la situation financi\u00e8re de la caisse.<\/p>\n<p> Intervenant dans des d\u00e9clarations m\u00e9diatiques, il a expliqu\u00e9 que les dettes du secteur priv\u00e9 aupr\u00e8s de la caisse sont estim\u00e9es \u00e0 cinq milliards de dinars.\u00a0<\/p>\n<p>Il a appel\u00e9 dans ce sens les diff\u00e9rentes entreprises priv\u00e9es \u00e0 r\u00e9gler leurs cotisations sociales et \u00e0 b\u00e9n\u00e9ficier de l\u2019annulation des p\u00e9nalit\u00e9s sur les retards accus\u00e9s.<\/p>\n<p>La situation financi\u00e8re difficile des caisses sociales n&rsquo;est un secret pour personne. A ce titre, le secr\u00e9taire g\u00e9n\u00e9ral adjoint de l&rsquo;Union g\u00e9n\u00e9rale tunisienne du travail (UGTT), charg\u00e9 de la couverture sociale, de la sant\u00e9 et de la s\u00e9curit\u00e9 au travail, avait tenu \u00e0 le rappeler chiffres \u00e0 l&rsquo;appui.\u00a0<\/p>\n<p>Abdelkarim Djerad, a notamment mis en garde, sur la situation financi\u00e8re que traverse la Caisse nationale de s\u00e9curit\u00e9 sociale (CNSS), celle-ci ayant enregistr\u00e9 un d\u00e9ficit de 1200 millions de dinars au titre de l&rsquo;ann\u00e9e 2020, selon les chiffres qu&rsquo;il a avanc\u00e9s \u00e0 l&rsquo;agence TAP.<\/p>\n","protected":false},"excerpt":{"rendered":"<p>Le directeur g\u00e9n\u00e9ral de la CNSS  est revenu ce lundi 14 novembre 2022 sur la situation financi\u00e8re de la caisse.<\/p>\n","protected":false},"author":3175,"featured_media":348602,"comment_status":"open","ping_status":"closed","sticky":false,"template":"","format":"standard","meta":{"footnotes":""},"categories":[44],"tags":[3378,3940,2608],"class_list":["post-198911","post","type-post","status-publish","format-standard","has-post-thumbnail","hentry","category-national","tag-cnss","tag-dettes","tag-tunisie"],"yoast_head":"<!-- This site is optimized with the Yoast SEO Premium plugin v27.5 (Yoast SEO v27.5) - https:\/\/yoast.com\/product\/yoast-seo-premium-wordpress\/ -->\n<title>Les dettes du secteur priv\u00e9 envers la CNSS s\u2019\u00e9l\u00e8vent \u00e0 5 milliards de dinars !<\/title>\n<meta name=\"description\" content=\"Le directeur g\u00e9n\u00e9ral de la CNSS est revenu ce lundi 14 novembre 2022 sur la situation financi\u00e8re de la caisse.\" \/>\n<link rel=\"canonical\" href=\"https:\/\/www.webdo.tn\/fr\/actualite\/national-45\/les-dettes-du-secteur-prive-envers-la-cnss-s-elevent-a-5-milliards-de-dinars\/198911\/\" \/>\n<meta property=\"og:locale\" content=\"fr_FR\" \/>\n<meta property=\"og:type\" content=\"article\" \/>\n<meta property=\"og:title\" content=\"Les dettes du secteur priv\u00e9 envers la CNSS s\u2019\u00e9l\u00e8vent \u00e0 5 milliards de dinars !\" \/>\n<meta property=\"og:description\" content=\"Le directeur g\u00e9n\u00e9ral de la CNSS est revenu ce lundi 14 novembre 2022 sur la situation financi\u00e8re de la caisse.\" \/>\n<meta property=\"og:url\" content=\"https:\/\/www.webdo.tn\/fr\/actualite\/national-45\/les-dettes-du-secteur-prive-envers-la-cnss-s-elevent-a-5-milliards-de-dinars\/198911\/\" \/>\n<meta property=\"og:site_name\" content=\"webdo\" \/>\n<meta property=\"article:publisher\" content=\"https:\/\/www.facebook.com\/webdotn\" \/>\n<meta property=\"article:published_time\" content=\"2022-11-14T14:21:00+00:00\" \/>\n<meta property=\"article:modified_time\" content=\"2025-05-22T11:44:26+00:00\" \/>\n<meta property=\"og:image\" content=\"https:\/\/www.webdo.tn\/fr\/wp-content\/uploads\/2022\/11\/7bb8b2dc133f0fe62456b7022e839edd.jpg\" \/>\n\t<meta property=\"og:image:width\" content=\"750\" \/>\n\t<meta property=\"og:image:height\" content=\"400\" \/>\n\t<meta property=\"og:image:type\" content=\"image\/jpeg\" \/>\n<meta name=\"author\" content=\"CL\" \/>\n<meta name=\"twitter:card\" content=\"summary_large_image\" \/>\n<meta name=\"twitter:creator\" content=\"@webdo_tn\" \/>\n<meta name=\"twitter:site\" content=\"@webdo_tn\" \/>\n<meta name=\"twitter:label1\" content=\"\u00c9crit par\" \/>\n\t<meta name=\"twitter:data1\" content=\"CL\" \/>\n\t<meta name=\"twitter:label2\" content=\"Dur\u00e9e de lecture estim\u00e9e\" \/>\n\t<meta name=\"twitter:data2\" content=\"1 minute\" \/>\n<script type=\"application\/ld+json\" class=\"yoast-schema-graph\">{\"@context\":\"https:\\\/\\\/schema.org\",\"@graph\":[{\"@type\":\"NewsArticle\",\"@id\":\"https:\\\/\\\/www.webdo.tn\\\/fr\\\/actualite\\\/national-45\\\/les-dettes-du-secteur-prive-envers-la-cnss-s-elevent-a-5-milliards-de-dinars\\\/198911\\\/#article\",\"isPartOf\":{\"@id\":\"https:\\\/\\\/www.webdo.tn\\\/fr\\\/actualite\\\/national-45\\\/les-dettes-du-secteur-prive-envers-la-cnss-s-elevent-a-5-milliards-de-dinars\\\/198911\\\/\"},\"author\":{\"name\":\"CL\",\"@id\":\"https:\\\/\\\/www.webdo.tn\\\/fr\\\/#\\\/schema\\\/person\\\/f35b42a42c5e2511bbd282959d6385cc\"},\"headline\":\"Les dettes du secteur priv\u00e9 envers la CNSS s\u2019\u00e9l\u00e8vent \u00e0 5 milliards de dinars !\",\"datePublished\":\"2022-11-14T14:21:00+00:00\",\"dateModified\":\"2025-05-22T11:44:26+00:00\",\"mainEntityOfPage\":{\"@id\":\"https:\\\/\\\/www.webdo.tn\\\/fr\\\/actualite\\\/national-45\\\/les-dettes-du-secteur-prive-envers-la-cnss-s-elevent-a-5-milliards-de-dinars\\\/198911\\\/\"},\"wordCount\":201,\"commentCount\":0,\"publisher\":{\"@id\":\"https:\\\/\\\/www.webdo.tn\\\/fr\\\/#organization\"},\"image\":{\"@id\":\"https:\\\/\\\/www.webdo.tn\\\/fr\\\/actualite\\\/national-45\\\/les-dettes-du-secteur-prive-envers-la-cnss-s-elevent-a-5-milliards-de-dinars\\\/198911\\\/#primaryimage\"},\"thumbnailUrl\":\"https:\\\/\\\/www.webdo.tn\\\/fr\\\/wp-content\\\/uploads\\\/2022\\\/11\\\/7bb8b2dc133f0fe62456b7022e839edd.jpg\",\"keywords\":[\"CNSS\",\"Dettes\",\"Tunisie\"],\"articleSection\":[\"National\"],\"inLanguage\":\"fr-FR\"},{\"@type\":\"WebPage\",\"@id\":\"https:\\\/\\\/www.webdo.tn\\\/fr\\\/actualite\\\/national-45\\\/les-dettes-du-secteur-prive-envers-la-cnss-s-elevent-a-5-milliards-de-dinars\\\/198911\\\/\",\"url\":\"https:\\\/\\\/www.webdo.tn\\\/fr\\\/actualite\\\/national-45\\\/les-dettes-du-secteur-prive-envers-la-cnss-s-elevent-a-5-milliards-de-dinars\\\/198911\\\/\",\"name\":\"Les dettes du secteur priv\u00e9 envers la CNSS s\u2019\u00e9l\u00e8vent \u00e0 5 milliards de dinars !\",\"isPartOf\":{\"@id\":\"https:\\\/\\\/www.webdo.tn\\\/fr\\\/#website\"},\"primaryImageOfPage\":{\"@id\":\"https:\\\/\\\/www.webdo.tn\\\/fr\\\/actualite\\\/national-45\\\/les-dettes-du-secteur-prive-envers-la-cnss-s-elevent-a-5-milliards-de-dinars\\\/198911\\\/#primaryimage\"},\"image\":{\"@id\":\"https:\\\/\\\/www.webdo.tn\\\/fr\\\/actualite\\\/national-45\\\/les-dettes-du-secteur-prive-envers-la-cnss-s-elevent-a-5-milliards-de-dinars\\\/198911\\\/#primaryimage\"},\"thumbnailUrl\":\"https:\\\/\\\/www.webdo.tn\\\/fr\\\/wp-content\\\/uploads\\\/2022\\\/11\\\/7bb8b2dc133f0fe62456b7022e839edd.jpg\",\"datePublished\":\"2022-11-14T14:21:00+00:00\",\"dateModified\":\"2025-05-22T11:44:26+00:00\",\"description\":\"Le directeur g\u00e9n\u00e9ral de la CNSS est revenu ce lundi 14 novembre 2022 sur la situation financi\u00e8re de la caisse.\",\"breadcrumb\":{\"@id\":\"https:\\\/\\\/www.webdo.tn\\\/fr\\\/actualite\\\/national-45\\\/les-dettes-du-secteur-prive-envers-la-cnss-s-elevent-a-5-milliards-de-dinars\\\/198911\\\/#breadcrumb\"},\"inLanguage\":\"fr-FR\",\"potentialAction\":[{\"@type\":\"ReadAction\",\"target\":[\"https:\\\/\\\/www.webdo.tn\\\/fr\\\/actualite\\\/national-45\\\/les-dettes-du-secteur-prive-envers-la-cnss-s-elevent-a-5-milliards-de-dinars\\\/198911\\\/\"]}]},{\"@type\":\"ImageObject\",\"inLanguage\":\"fr-FR\",\"@id\":\"https:\\\/\\\/www.webdo.tn\\\/fr\\\/actualite\\\/national-45\\\/les-dettes-du-secteur-prive-envers-la-cnss-s-elevent-a-5-milliards-de-dinars\\\/198911\\\/#primaryimage\",\"url\":\"https:\\\/\\\/www.webdo.tn\\\/fr\\\/wp-content\\\/uploads\\\/2022\\\/11\\\/7bb8b2dc133f0fe62456b7022e839edd.jpg\",\"contentUrl\":\"https:\\\/\\\/www.webdo.tn\\\/fr\\\/wp-content\\\/uploads\\\/2022\\\/11\\\/7bb8b2dc133f0fe62456b7022e839edd.jpg\",\"width\":750,\"height\":400,\"caption\":\"CNSS\"},{\"@type\":\"BreadcrumbList\",\"@id\":\"https:\\\/\\\/www.webdo.tn\\\/fr\\\/actualite\\\/national-45\\\/les-dettes-du-secteur-prive-envers-la-cnss-s-elevent-a-5-milliards-de-dinars\\\/198911\\\/#breadcrumb\",\"itemListElement\":[{\"@type\":\"ListItem\",\"position\":1,\"name\":\"Accueil\",\"item\":\"https:\\\/\\\/www.webdo.tn\\\/fr\\\/\"},{\"@type\":\"ListItem\",\"position\":2,\"name\":\"Les dettes du secteur priv\u00e9 envers la CNSS s\u2019\u00e9l\u00e8vent \u00e0 5 milliards de dinars !\"}]},{\"@type\":\"WebSite\",\"@id\":\"https:\\\/\\\/www.webdo.tn\\\/fr\\\/#website\",\"url\":\"https:\\\/\\\/www.webdo.tn\\\/fr\\\/\",\"name\":\"webdo\",\"description\":\"Tunisie - News en Tunisie et \u00e0 l&#039;international sur Webdo.tn\",\"publisher\":{\"@id\":\"https:\\\/\\\/www.webdo.tn\\\/fr\\\/#organization\"},\"potentialAction\":[{\"@type\":\"SearchAction\",\"target\":{\"@type\":\"EntryPoint\",\"urlTemplate\":\"https:\\\/\\\/www.webdo.tn\\\/fr\\\/?s={search_term_string}\"},\"query-input\":{\"@type\":\"PropertyValueSpecification\",\"valueRequired\":true,\"valueName\":\"search_term_string\"}}],\"inLanguage\":\"fr-FR\"},{\"@type\":\"Organization\",\"@id\":\"https:\\\/\\\/www.webdo.tn\\\/fr\\\/#organization\",\"name\":\"Webdo\",\"alternateName\":\"Webdo.tn\",\"url\":\"https:\\\/\\\/www.webdo.tn\\\/fr\\\/\",\"logo\":{\"@type\":\"ImageObject\",\"inLanguage\":\"fr-FR\",\"@id\":\"https:\\\/\\\/www.webdo.tn\\\/fr\\\/#\\\/schema\\\/logo\\\/image\\\/\",\"url\":\"https:\\\/\\\/www.webdo.tn\\\/fr\\\/wp-content\\\/uploads\\\/2025\\\/06\\\/Webdo-Tunisie_168377.jpg\",\"contentUrl\":\"https:\\\/\\\/www.webdo.tn\\\/fr\\\/wp-content\\\/uploads\\\/2025\\\/06\\\/Webdo-Tunisie_168377.jpg\",\"width\":301,\"height\":301,\"caption\":\"Webdo\"},\"image\":{\"@id\":\"https:\\\/\\\/www.webdo.tn\\\/fr\\\/#\\\/schema\\\/logo\\\/image\\\/\"},\"sameAs\":[\"https:\\\/\\\/www.facebook.com\\\/webdotn\",\"https:\\\/\\\/x.com\\\/webdo_tn\"],\"description\":\"Webdo est un m\u00e9dia num\u00e9rique tunisien fond\u00e9 en 2010, sp\u00e9cialis\u00e9 dans l\u2019actualit\u00e9 nationale et internationale, l\u2019\u00e9conomie, la soci\u00e9t\u00e9 et les analyses politiques. Le site s\u2019adresse \u00e0 un large public francophone et couvre l\u2019information tunisienne en temps r\u00e9el.\",\"email\":\"redac@webdo.tn\",\"legalName\":\"YNJ SARL\",\"foundingDate\":\"2010-09-06\",\"numberOfEmployees\":{\"@type\":\"QuantitativeValue\",\"minValue\":\"11\",\"maxValue\":\"50\"}},{\"@type\":\"Person\",\"@id\":\"https:\\\/\\\/www.webdo.tn\\\/fr\\\/#\\\/schema\\\/person\\\/f35b42a42c5e2511bbd282959d6385cc\",\"name\":\"CL\",\"image\":{\"@type\":\"ImageObject\",\"inLanguage\":\"fr-FR\",\"@id\":\"https:\\\/\\\/secure.gravatar.com\\\/avatar\\\/1447a49909b67aa657c488aec6512e1dd6143a480c1ecfee9b5b5cd74eb3b59e?s=96&d=mm&r=g\",\"url\":\"https:\\\/\\\/secure.gravatar.com\\\/avatar\\\/1447a49909b67aa657c488aec6512e1dd6143a480c1ecfee9b5b5cd74eb3b59e?s=96&d=mm&r=g\",\"contentUrl\":\"https:\\\/\\\/secure.gravatar.com\\\/avatar\\\/1447a49909b67aa657c488aec6512e1dd6143a480c1ecfee9b5b5cd74eb3b59e?s=96&d=mm&r=g\",\"caption\":\"CL\"},\"url\":\"https:\\\/\\\/www.webdo.tn\\\/fr\\\/actualite\\\/author\\\/cl\\\/\"}]}<\/script>\n<!-- \/ Yoast SEO Premium plugin. -->","yoast_head_json":{"title":"Les dettes du secteur priv\u00e9 envers la CNSS s\u2019\u00e9l\u00e8vent \u00e0 5 milliards de dinars !","description":"Le directeur g\u00e9n\u00e9ral de la CNSS est revenu ce lundi 14 novembre 2022 sur la situation financi\u00e8re de la caisse.","canonical":"https:\/\/www.webdo.tn\/fr\/actualite\/national-45\/les-dettes-du-secteur-prive-envers-la-cnss-s-elevent-a-5-milliards-de-dinars\/198911\/","og_locale":"fr_FR","og_type":"article","og_title":"Les dettes du secteur priv\u00e9 envers la CNSS s\u2019\u00e9l\u00e8vent \u00e0 5 milliards de dinars !","og_description":"Le directeur g\u00e9n\u00e9ral de la CNSS est revenu ce lundi 14 novembre 2022 sur la situation financi\u00e8re de la caisse.","og_url":"https:\/\/www.webdo.tn\/fr\/actualite\/national-45\/les-dettes-du-secteur-prive-envers-la-cnss-s-elevent-a-5-milliards-de-dinars\/198911\/","og_site_name":"webdo","article_publisher":"https:\/\/www.facebook.com\/webdotn","article_published_time":"2022-11-14T14:21:00+00:00","article_modified_time":"2025-05-22T11:44:26+00:00","og_image":[{"width":750,"height":400,"url":"https:\/\/www.webdo.tn\/fr\/wp-content\/uploads\/2022\/11\/7bb8b2dc133f0fe62456b7022e839edd.jpg","type":"image\/jpeg"}],"author":"CL","twitter_card":"summary_large_image","twitter_creator":"@webdo_tn","twitter_site":"@webdo_tn","twitter_misc":{"\u00c9crit par":"CL","Dur\u00e9e de lecture estim\u00e9e":"1 minute"},"schema":{"@context":"https:\/\/schema.org","@graph":[{"@type":"NewsArticle","@id":"https:\/\/www.webdo.tn\/fr\/actualite\/national-45\/les-dettes-du-secteur-prive-envers-la-cnss-s-elevent-a-5-milliards-de-dinars\/198911\/#article","isPartOf":{"@id":"https:\/\/www.webdo.tn\/fr\/actualite\/national-45\/les-dettes-du-secteur-prive-envers-la-cnss-s-elevent-a-5-milliards-de-dinars\/198911\/"},"author":{"name":"CL","@id":"https:\/\/www.webdo.tn\/fr\/#\/schema\/person\/f35b42a42c5e2511bbd282959d6385cc"},"headline":"Les dettes du secteur priv\u00e9 envers la CNSS s\u2019\u00e9l\u00e8vent \u00e0 5 milliards de dinars !","datePublished":"2022-11-14T14:21:00+00:00","dateModified":"2025-05-22T11:44:26+00:00","mainEntityOfPage":{"@id":"https:\/\/www.webdo.tn\/fr\/actualite\/national-45\/les-dettes-du-secteur-prive-envers-la-cnss-s-elevent-a-5-milliards-de-dinars\/198911\/"},"wordCount":201,"commentCount":0,"publisher":{"@id":"https:\/\/www.webdo.tn\/fr\/#organization"},"image":{"@id":"https:\/\/www.webdo.tn\/fr\/actualite\/national-45\/les-dettes-du-secteur-prive-envers-la-cnss-s-elevent-a-5-milliards-de-dinars\/198911\/#primaryimage"},"thumbnailUrl":"https:\/\/www.webdo.tn\/fr\/wp-content\/uploads\/2022\/11\/7bb8b2dc133f0fe62456b7022e839edd.jpg","keywords":["CNSS","Dettes","Tunisie"],"articleSection":["National"],"inLanguage":"fr-FR"},{"@type":"WebPage","@id":"https:\/\/www.webdo.tn\/fr\/actualite\/national-45\/les-dettes-du-secteur-prive-envers-la-cnss-s-elevent-a-5-milliards-de-dinars\/198911\/","url":"https:\/\/www.webdo.tn\/fr\/actualite\/national-45\/les-dettes-du-secteur-prive-envers-la-cnss-s-elevent-a-5-milliards-de-dinars\/198911\/","name":"Les dettes du secteur priv\u00e9 envers la CNSS s\u2019\u00e9l\u00e8vent \u00e0 5 milliards de dinars !","isPartOf":{"@id":"https:\/\/www.webdo.tn\/fr\/#website"},"primaryImageOfPage":{"@id":"https:\/\/www.webdo.tn\/fr\/actualite\/national-45\/les-dettes-du-secteur-prive-envers-la-cnss-s-elevent-a-5-milliards-de-dinars\/198911\/#primaryimage"},"image":{"@id":"https:\/\/www.webdo.tn\/fr\/actualite\/national-45\/les-dettes-du-secteur-prive-envers-la-cnss-s-elevent-a-5-milliards-de-dinars\/198911\/#primaryimage"},"thumbnailUrl":"https:\/\/www.webdo.tn\/fr\/wp-content\/uploads\/2022\/11\/7bb8b2dc133f0fe62456b7022e839edd.jpg","datePublished":"2022-11-14T14:21:00+00:00","dateModified":"2025-05-22T11:44:26+00:00","description":"Le directeur g\u00e9n\u00e9ral de la CNSS est revenu ce lundi 14 novembre 2022 sur la situation financi\u00e8re de la caisse.","breadcrumb":{"@id":"https:\/\/www.webdo.tn\/fr\/actualite\/national-45\/les-dettes-du-secteur-prive-envers-la-cnss-s-elevent-a-5-milliards-de-dinars\/198911\/#breadcrumb"},"inLanguage":"fr-FR","potentialAction":[{"@type":"ReadAction","target":["https:\/\/www.webdo.tn\/fr\/actualite\/national-45\/les-dettes-du-secteur-prive-envers-la-cnss-s-elevent-a-5-milliards-de-dinars\/198911\/"]}]},{"@type":"ImageObject","inLanguage":"fr-FR","@id":"https:\/\/www.webdo.tn\/fr\/actualite\/national-45\/les-dettes-du-secteur-prive-envers-la-cnss-s-elevent-a-5-milliards-de-dinars\/198911\/#primaryimage","url":"https:\/\/www.webdo.tn\/fr\/wp-content\/uploads\/2022\/11\/7bb8b2dc133f0fe62456b7022e839edd.jpg","contentUrl":"https:\/\/www.webdo.tn\/fr\/wp-content\/uploads\/2022\/11\/7bb8b2dc133f0fe62456b7022e839edd.jpg","width":750,"height":400,"caption":"CNSS"},{"@type":"BreadcrumbList","@id":"https:\/\/www.webdo.tn\/fr\/actualite\/national-45\/les-dettes-du-secteur-prive-envers-la-cnss-s-elevent-a-5-milliards-de-dinars\/198911\/#breadcrumb","itemListElement":[{"@type":"ListItem","position":1,"name":"Accueil","item":"https:\/\/www.webdo.tn\/fr\/"},{"@type":"ListItem","position":2,"name":"Les dettes du secteur priv\u00e9 envers la CNSS s\u2019\u00e9l\u00e8vent \u00e0 5 milliards de dinars !"}]},{"@type":"WebSite","@id":"https:\/\/www.webdo.tn\/fr\/#website","url":"https:\/\/www.webdo.tn\/fr\/","name":"webdo","description":"Tunisie - News en Tunisie et \u00e0 l&#039;international sur Webdo.tn","publisher":{"@id":"https:\/\/www.webdo.tn\/fr\/#organization"},"potentialAction":[{"@type":"SearchAction","target":{"@type":"EntryPoint","urlTemplate":"https:\/\/www.webdo.tn\/fr\/?s={search_term_string}"},"query-input":{"@type":"PropertyValueSpecification","valueRequired":true,"valueName":"search_term_string"}}],"inLanguage":"fr-FR"},{"@type":"Organization","@id":"https:\/\/www.webdo.tn\/fr\/#organization","name":"Webdo","alternateName":"Webdo.tn","url":"https:\/\/www.webdo.tn\/fr\/","logo":{"@type":"ImageObject","inLanguage":"fr-FR","@id":"https:\/\/www.webdo.tn\/fr\/#\/schema\/logo\/image\/","url":"https:\/\/www.webdo.tn\/fr\/wp-content\/uploads\/2025\/06\/Webdo-Tunisie_168377.jpg","contentUrl":"https:\/\/www.webdo.tn\/fr\/wp-content\/uploads\/2025\/06\/Webdo-Tunisie_168377.jpg","width":301,"height":301,"caption":"Webdo"},"image":{"@id":"https:\/\/www.webdo.tn\/fr\/#\/schema\/logo\/image\/"},"sameAs":["https:\/\/www.facebook.com\/webdotn","https:\/\/x.com\/webdo_tn"],"description":"Webdo est un m\u00e9dia num\u00e9rique tunisien fond\u00e9 en 2010, sp\u00e9cialis\u00e9 dans l\u2019actualit\u00e9 nationale et internationale, l\u2019\u00e9conomie, la soci\u00e9t\u00e9 et les analyses politiques. Le site s\u2019adresse \u00e0 un large public francophone et couvre l\u2019information tunisienne en temps r\u00e9el.","email":"redac@webdo.tn","legalName":"YNJ SARL","foundingDate":"2010-09-06","numberOfEmployees":{"@type":"QuantitativeValue","minValue":"11","maxValue":"50"}},{"@type":"Person","@id":"https:\/\/www.webdo.tn\/fr\/#\/schema\/person\/f35b42a42c5e2511bbd282959d6385cc","name":"CL","image":{"@type":"ImageObject","inLanguage":"fr-FR","@id":"https:\/\/secure.gravatar.com\/avatar\/1447a49909b67aa657c488aec6512e1dd6143a480c1ecfee9b5b5cd74eb3b59e?s=96&d=mm&r=g","url":"https:\/\/secure.gravatar.com\/avatar\/1447a49909b67aa657c488aec6512e1dd6143a480c1ecfee9b5b5cd74eb3b59e?s=96&d=mm&r=g","contentUrl":"https:\/\/secure.gravatar.com\/avatar\/1447a49909b67aa657c488aec6512e1dd6143a480c1ecfee9b5b5cd74eb3b59e?s=96&d=mm&r=g","caption":"CL"},"url":"https:\/\/www.webdo.tn\/fr\/actualite\/author\/cl\/"}]}},"_links":{"self":[{"href":"https:\/\/www.webdo.tn\/fr\/wp-json\/wp\/v2\/posts\/198911","targetHints":{"allow":["GET"]}}],"collection":[{"href":"https:\/\/www.webdo.tn\/fr\/wp-json\/wp\/v2\/posts"}],"about":[{"href":"https:\/\/www.webdo.tn\/fr\/wp-json\/wp\/v2\/types\/post"}],"author":[{"embeddable":true,"href":"https:\/\/www.webdo.tn\/fr\/wp-json\/wp\/v2\/users\/3175"}],"replies":[{"embeddable":true,"href":"https:\/\/www.webdo.tn\/fr\/wp-json\/wp\/v2\/comments?post=198911"}],"version-history":[{"count":0,"href":"https:\/\/www.webdo.tn\/fr\/wp-json\/wp\/v2\/posts\/198911\/revisions"}],"wp:featuredmedia":[{"embeddable":true,"href":"https:\/\/www.webdo.tn\/fr\/wp-json\/wp\/v2\/media\/348602"}],"wp:attachment":[{"href":"https:\/\/www.webdo.tn\/fr\/wp-json\/wp\/v2\/media?parent=198911"}],"wp:term":[{"taxonomy":"category","embeddable":true,"href":"https:\/\/www.webdo.tn\/fr\/wp-json\/wp\/v2\/categories?post=198911"},{"taxonomy":"post_tag","embeddable":true,"href":"https:\/\/www.webdo.tn\/fr\/wp-json\/wp\/v2\/tags?post=198911"}],"curies":[{"name":"wp","href":"https:\/\/api.w.org\/{rel}","templated":true}]}}