{"id":198907,"date":"2022-11-14T13:22:00","date_gmt":"2022-11-14T13:22:00","guid":{"rendered":"https:\/\/www.webdo.tn\/fr\/actualite\/blog\/sfax-une-decharge-a-ciel-ouvert\/198907\/"},"modified":"2025-05-22T11:44:23","modified_gmt":"2025-05-22T11:44:23","slug":"sfax-une-decharge-a-ciel-ouvert","status":"publish","type":"post","link":"https:\/\/www.webdo.tn\/fr\/actualite\/national\/sfax-une-decharge-a-ciel-ouvert\/198907\/","title":{"rendered":"Sfax, une d\u00e9charge \u00e0 ciel ouvert !"},"content":{"rendered":"<p>Sfax croule depuis plusieurs mois sous les d\u00e9chets. Et pour cause la fermeture de la d\u00e9charge principale du gouvernorat entrainant une situation catastrophique notamment au c\u0153ur de la ville de Sfax.<\/p>\n<p> Ce lundi 14 novembre 2022, les images diffus\u00e9es sur les r\u00e9seaux sociaux sont d\u00e9solantes, on voit litt\u00e9ralement une d\u00e9charge \u00e0 ciel ouvert.\u00a0<\/p>\n<p>L\u2019activiste de la soci\u00e9t\u00e9 civile, Zied Mellouli a fait \u00e9tat d\u2019une aggravation de la situation environnementale dans la ville. S\u2019exprimant sur les ondes de Jawhara FM, il explique que les diff\u00e9rentes municipalit\u00e9s sont devenues incapables de faire face \u00e0 la situation en l\u2019absence de solutions radicales.\u00a0<\/p>\n<p>Il a \u00e9galement alert\u00e9 contre certaines parties qui sont en train de bruler ces d\u00e9chets dans les rues de la ville multipliant selon ses dires, les risques sanitaires.<\/p>\n<p>Il est \u00e0 rappeler que le gouverneur de Sfax, Fakher Fakhfakh a indiqu\u00e9, mercredi dernier, qu\u2019il contactera la cheffe du gouvernement, Najla Bouden et le ministre de l&rsquo;Int\u00e9rieur, Taoufik Charfeddine pour\u00a0demander officiellement l&rsquo;intervention de l&rsquo;arm\u00e9e afin de s\u00e9curiser les routes et les installations pour le transport et le stockage des d\u00e9chets.<\/p>\n","protected":false},"excerpt":{"rendered":"<p>Sfax croule depuis plusieurs mois sous les d\u00e9chets. Et pour cause la fermeture de la d\u00e9charge principale du gouvernorat entrainant une situation catastrophique&#8230;<\/p>\n","protected":false},"author":3175,"featured_media":348600,"comment_status":"open","ping_status":"closed","sticky":false,"template":"","format":"standard","meta":{"footnotes":""},"categories":[44],"tags":[3282,2675,2608],"class_list":["post-198907","post","type-post","status-publish","format-standard","has-post-thumbnail","hentry","category-national","tag-dechets","tag-sfax","tag-tunisie"],"yoast_head":"<!-- This site is optimized with the Yoast SEO Premium plugin v27.4 (Yoast SEO v27.5) - https:\/\/yoast.com\/product\/yoast-seo-premium-wordpress\/ -->\n<title>Sfax, une d\u00e9charge \u00e0 ciel ouvert !<\/title>\n<meta name=\"description\" content=\"Sfax croule depuis plusieurs mois sous les d\u00e9chets. Et pour cause la fermeture de la d\u00e9charge principale du gouvernorat entrainant une situation catastrophique...\" \/>\n<link rel=\"canonical\" href=\"https:\/\/www.webdo.tn\/fr\/actualite\/national-45\/sfax-une-decharge-a-ciel-ouvert\/198907\/\" \/>\n<meta property=\"og:locale\" content=\"fr_FR\" \/>\n<meta property=\"og:type\" content=\"article\" \/>\n<meta property=\"og:title\" content=\"Sfax, une d\u00e9charge \u00e0 ciel ouvert !\" \/>\n<meta property=\"og:description\" content=\"Sfax croule depuis plusieurs mois sous les d\u00e9chets. Et pour cause la fermeture de la d\u00e9charge principale du gouvernorat entrainant une situation catastrophique...\" \/>\n<meta property=\"og:url\" content=\"https:\/\/www.webdo.tn\/fr\/actualite\/national-45\/sfax-une-decharge-a-ciel-ouvert\/198907\/\" \/>\n<meta property=\"og:site_name\" content=\"webdo\" \/>\n<meta property=\"article:publisher\" content=\"https:\/\/www.facebook.com\/webdotn\" \/>\n<meta property=\"article:published_time\" content=\"2022-11-14T13:22:00+00:00\" \/>\n<meta property=\"article:modified_time\" content=\"2025-05-22T11:44:23+00:00\" \/>\n<meta property=\"og:image\" content=\"https:\/\/www.webdo.tn\/fr\/wp-content\/uploads\/2022\/11\/0d2def5460eaa165d71414f9f793891a.jpg\" \/>\n\t<meta property=\"og:image:width\" content=\"750\" \/>\n\t<meta property=\"og:image:height\" content=\"400\" \/>\n\t<meta property=\"og:image:type\" content=\"image\/jpeg\" \/>\n<meta name=\"author\" content=\"CL\" \/>\n<meta name=\"twitter:card\" content=\"summary_large_image\" \/>\n<meta name=\"twitter:creator\" content=\"@webdo_tn\" \/>\n<meta name=\"twitter:site\" content=\"@webdo_tn\" \/>\n<meta name=\"twitter:label1\" content=\"\u00c9crit par\" \/>\n\t<meta name=\"twitter:data1\" content=\"CL\" \/>\n\t<meta name=\"twitter:label2\" content=\"Dur\u00e9e de lecture estim\u00e9e\" \/>\n\t<meta name=\"twitter:data2\" content=\"1 minute\" \/>\n<script type=\"application\/ld+json\" class=\"yoast-schema-graph\">{\"@context\":\"https:\\\/\\\/schema.org\",\"@graph\":[{\"@type\":\"NewsArticle\",\"@id\":\"https:\\\/\\\/www.webdo.tn\\\/fr\\\/actualite\\\/national-45\\\/sfax-une-decharge-a-ciel-ouvert\\\/198907\\\/#article\",\"isPartOf\":{\"@id\":\"https:\\\/\\\/www.webdo.tn\\\/fr\\\/actualite\\\/national-45\\\/sfax-une-decharge-a-ciel-ouvert\\\/198907\\\/\"},\"author\":{\"name\":\"CL\",\"@id\":\"https:\\\/\\\/www.webdo.tn\\\/fr\\\/#\\\/schema\\\/person\\\/f35b42a42c5e2511bbd282959d6385cc\"},\"headline\":\"Sfax, une d\u00e9charge \u00e0 ciel ouvert !\",\"datePublished\":\"2022-11-14T13:22:00+00:00\",\"dateModified\":\"2025-05-22T11:44:23+00:00\",\"mainEntityOfPage\":{\"@id\":\"https:\\\/\\\/www.webdo.tn\\\/fr\\\/actualite\\\/national-45\\\/sfax-une-decharge-a-ciel-ouvert\\\/198907\\\/\"},\"wordCount\":204,\"commentCount\":0,\"publisher\":{\"@id\":\"https:\\\/\\\/www.webdo.tn\\\/fr\\\/#organization\"},\"image\":{\"@id\":\"https:\\\/\\\/www.webdo.tn\\\/fr\\\/actualite\\\/national-45\\\/sfax-une-decharge-a-ciel-ouvert\\\/198907\\\/#primaryimage\"},\"thumbnailUrl\":\"https:\\\/\\\/www.webdo.tn\\\/fr\\\/wp-content\\\/uploads\\\/2022\\\/11\\\/0d2def5460eaa165d71414f9f793891a.jpg\",\"keywords\":[\"d\u00e9chets\",\"Sfax\",\"Tunisie\"],\"articleSection\":[\"National\"],\"inLanguage\":\"fr-FR\"},{\"@type\":\"WebPage\",\"@id\":\"https:\\\/\\\/www.webdo.tn\\\/fr\\\/actualite\\\/national-45\\\/sfax-une-decharge-a-ciel-ouvert\\\/198907\\\/\",\"url\":\"https:\\\/\\\/www.webdo.tn\\\/fr\\\/actualite\\\/national-45\\\/sfax-une-decharge-a-ciel-ouvert\\\/198907\\\/\",\"name\":\"Sfax, une d\u00e9charge \u00e0 ciel ouvert !\",\"isPartOf\":{\"@id\":\"https:\\\/\\\/www.webdo.tn\\\/fr\\\/#website\"},\"primaryImageOfPage\":{\"@id\":\"https:\\\/\\\/www.webdo.tn\\\/fr\\\/actualite\\\/national-45\\\/sfax-une-decharge-a-ciel-ouvert\\\/198907\\\/#primaryimage\"},\"image\":{\"@id\":\"https:\\\/\\\/www.webdo.tn\\\/fr\\\/actualite\\\/national-45\\\/sfax-une-decharge-a-ciel-ouvert\\\/198907\\\/#primaryimage\"},\"thumbnailUrl\":\"https:\\\/\\\/www.webdo.tn\\\/fr\\\/wp-content\\\/uploads\\\/2022\\\/11\\\/0d2def5460eaa165d71414f9f793891a.jpg\",\"datePublished\":\"2022-11-14T13:22:00+00:00\",\"dateModified\":\"2025-05-22T11:44:23+00:00\",\"description\":\"Sfax croule depuis plusieurs mois sous les d\u00e9chets. Et pour cause la fermeture de la d\u00e9charge principale du gouvernorat entrainant une situation catastrophique...\",\"breadcrumb\":{\"@id\":\"https:\\\/\\\/www.webdo.tn\\\/fr\\\/actualite\\\/national-45\\\/sfax-une-decharge-a-ciel-ouvert\\\/198907\\\/#breadcrumb\"},\"inLanguage\":\"fr-FR\",\"potentialAction\":[{\"@type\":\"ReadAction\",\"target\":[\"https:\\\/\\\/www.webdo.tn\\\/fr\\\/actualite\\\/national-45\\\/sfax-une-decharge-a-ciel-ouvert\\\/198907\\\/\"]}]},{\"@type\":\"ImageObject\",\"inLanguage\":\"fr-FR\",\"@id\":\"https:\\\/\\\/www.webdo.tn\\\/fr\\\/actualite\\\/national-45\\\/sfax-une-decharge-a-ciel-ouvert\\\/198907\\\/#primaryimage\",\"url\":\"https:\\\/\\\/www.webdo.tn\\\/fr\\\/wp-content\\\/uploads\\\/2022\\\/11\\\/0d2def5460eaa165d71414f9f793891a.jpg\",\"contentUrl\":\"https:\\\/\\\/www.webdo.tn\\\/fr\\\/wp-content\\\/uploads\\\/2022\\\/11\\\/0d2def5460eaa165d71414f9f793891a.jpg\",\"width\":750,\"height\":400,\"caption\":\"d\u00e9chets\"},{\"@type\":\"BreadcrumbList\",\"@id\":\"https:\\\/\\\/www.webdo.tn\\\/fr\\\/actualite\\\/national-45\\\/sfax-une-decharge-a-ciel-ouvert\\\/198907\\\/#breadcrumb\",\"itemListElement\":[{\"@type\":\"ListItem\",\"position\":1,\"name\":\"Accueil\",\"item\":\"https:\\\/\\\/www.webdo.tn\\\/fr\\\/\"},{\"@type\":\"ListItem\",\"position\":2,\"name\":\"Sfax, une d\u00e9charge \u00e0 ciel ouvert !\"}]},{\"@type\":\"WebSite\",\"@id\":\"https:\\\/\\\/www.webdo.tn\\\/fr\\\/#website\",\"url\":\"https:\\\/\\\/www.webdo.tn\\\/fr\\\/\",\"name\":\"webdo\",\"description\":\"Tunisie - News en Tunisie et \u00e0 l&#039;international sur Webdo.tn\",\"publisher\":{\"@id\":\"https:\\\/\\\/www.webdo.tn\\\/fr\\\/#organization\"},\"potentialAction\":[{\"@type\":\"SearchAction\",\"target\":{\"@type\":\"EntryPoint\",\"urlTemplate\":\"https:\\\/\\\/www.webdo.tn\\\/fr\\\/?s={search_term_string}\"},\"query-input\":{\"@type\":\"PropertyValueSpecification\",\"valueRequired\":true,\"valueName\":\"search_term_string\"}}],\"inLanguage\":\"fr-FR\"},{\"@type\":\"Organization\",\"@id\":\"https:\\\/\\\/www.webdo.tn\\\/fr\\\/#organization\",\"name\":\"Webdo\",\"alternateName\":\"Webdo.tn\",\"url\":\"https:\\\/\\\/www.webdo.tn\\\/fr\\\/\",\"logo\":{\"@type\":\"ImageObject\",\"inLanguage\":\"fr-FR\",\"@id\":\"https:\\\/\\\/www.webdo.tn\\\/fr\\\/#\\\/schema\\\/logo\\\/image\\\/\",\"url\":\"https:\\\/\\\/www.webdo.tn\\\/fr\\\/wp-content\\\/uploads\\\/2025\\\/06\\\/Webdo-Tunisie_168377.jpg\",\"contentUrl\":\"https:\\\/\\\/www.webdo.tn\\\/fr\\\/wp-content\\\/uploads\\\/2025\\\/06\\\/Webdo-Tunisie_168377.jpg\",\"width\":301,\"height\":301,\"caption\":\"Webdo\"},\"image\":{\"@id\":\"https:\\\/\\\/www.webdo.tn\\\/fr\\\/#\\\/schema\\\/logo\\\/image\\\/\"},\"sameAs\":[\"https:\\\/\\\/www.facebook.com\\\/webdotn\",\"https:\\\/\\\/x.com\\\/webdo_tn\"],\"description\":\"Webdo est un m\u00e9dia num\u00e9rique tunisien fond\u00e9 en 2010, sp\u00e9cialis\u00e9 dans l\u2019actualit\u00e9 nationale et internationale, l\u2019\u00e9conomie, la soci\u00e9t\u00e9 et les analyses politiques. Le site s\u2019adresse \u00e0 un large public francophone et couvre l\u2019information tunisienne en temps r\u00e9el.\",\"email\":\"redac@webdo.tn\",\"legalName\":\"YNJ SARL\",\"foundingDate\":\"2010-09-06\",\"numberOfEmployees\":{\"@type\":\"QuantitativeValue\",\"minValue\":\"11\",\"maxValue\":\"50\"}},{\"@type\":\"Person\",\"@id\":\"https:\\\/\\\/www.webdo.tn\\\/fr\\\/#\\\/schema\\\/person\\\/f35b42a42c5e2511bbd282959d6385cc\",\"name\":\"CL\",\"image\":{\"@type\":\"ImageObject\",\"inLanguage\":\"fr-FR\",\"@id\":\"https:\\\/\\\/secure.gravatar.com\\\/avatar\\\/1447a49909b67aa657c488aec6512e1dd6143a480c1ecfee9b5b5cd74eb3b59e?s=96&d=mm&r=g\",\"url\":\"https:\\\/\\\/secure.gravatar.com\\\/avatar\\\/1447a49909b67aa657c488aec6512e1dd6143a480c1ecfee9b5b5cd74eb3b59e?s=96&d=mm&r=g\",\"contentUrl\":\"https:\\\/\\\/secure.gravatar.com\\\/avatar\\\/1447a49909b67aa657c488aec6512e1dd6143a480c1ecfee9b5b5cd74eb3b59e?s=96&d=mm&r=g\",\"caption\":\"CL\"},\"url\":\"https:\\\/\\\/www.webdo.tn\\\/fr\\\/actualite\\\/author\\\/cl\\\/\"}]}<\/script>\n<!-- \/ Yoast SEO Premium plugin. -->","yoast_head_json":{"title":"Sfax, une d\u00e9charge \u00e0 ciel ouvert !","description":"Sfax croule depuis plusieurs mois sous les d\u00e9chets. Et pour cause la fermeture de la d\u00e9charge principale du gouvernorat entrainant une situation catastrophique...","canonical":"https:\/\/www.webdo.tn\/fr\/actualite\/national-45\/sfax-une-decharge-a-ciel-ouvert\/198907\/","og_locale":"fr_FR","og_type":"article","og_title":"Sfax, une d\u00e9charge \u00e0 ciel ouvert !","og_description":"Sfax croule depuis plusieurs mois sous les d\u00e9chets. Et pour cause la fermeture de la d\u00e9charge principale du gouvernorat entrainant une situation catastrophique...","og_url":"https:\/\/www.webdo.tn\/fr\/actualite\/national-45\/sfax-une-decharge-a-ciel-ouvert\/198907\/","og_site_name":"webdo","article_publisher":"https:\/\/www.facebook.com\/webdotn","article_published_time":"2022-11-14T13:22:00+00:00","article_modified_time":"2025-05-22T11:44:23+00:00","og_image":[{"width":750,"height":400,"url":"https:\/\/www.webdo.tn\/fr\/wp-content\/uploads\/2022\/11\/0d2def5460eaa165d71414f9f793891a.jpg","type":"image\/jpeg"}],"author":"CL","twitter_card":"summary_large_image","twitter_creator":"@webdo_tn","twitter_site":"@webdo_tn","twitter_misc":{"\u00c9crit par":"CL","Dur\u00e9e de lecture estim\u00e9e":"1 minute"},"schema":{"@context":"https:\/\/schema.org","@graph":[{"@type":"NewsArticle","@id":"https:\/\/www.webdo.tn\/fr\/actualite\/national-45\/sfax-une-decharge-a-ciel-ouvert\/198907\/#article","isPartOf":{"@id":"https:\/\/www.webdo.tn\/fr\/actualite\/national-45\/sfax-une-decharge-a-ciel-ouvert\/198907\/"},"author":{"name":"CL","@id":"https:\/\/www.webdo.tn\/fr\/#\/schema\/person\/f35b42a42c5e2511bbd282959d6385cc"},"headline":"Sfax, une d\u00e9charge \u00e0 ciel ouvert !","datePublished":"2022-11-14T13:22:00+00:00","dateModified":"2025-05-22T11:44:23+00:00","mainEntityOfPage":{"@id":"https:\/\/www.webdo.tn\/fr\/actualite\/national-45\/sfax-une-decharge-a-ciel-ouvert\/198907\/"},"wordCount":204,"commentCount":0,"publisher":{"@id":"https:\/\/www.webdo.tn\/fr\/#organization"},"image":{"@id":"https:\/\/www.webdo.tn\/fr\/actualite\/national-45\/sfax-une-decharge-a-ciel-ouvert\/198907\/#primaryimage"},"thumbnailUrl":"https:\/\/www.webdo.tn\/fr\/wp-content\/uploads\/2022\/11\/0d2def5460eaa165d71414f9f793891a.jpg","keywords":["d\u00e9chets","Sfax","Tunisie"],"articleSection":["National"],"inLanguage":"fr-FR"},{"@type":"WebPage","@id":"https:\/\/www.webdo.tn\/fr\/actualite\/national-45\/sfax-une-decharge-a-ciel-ouvert\/198907\/","url":"https:\/\/www.webdo.tn\/fr\/actualite\/national-45\/sfax-une-decharge-a-ciel-ouvert\/198907\/","name":"Sfax, une d\u00e9charge \u00e0 ciel ouvert !","isPartOf":{"@id":"https:\/\/www.webdo.tn\/fr\/#website"},"primaryImageOfPage":{"@id":"https:\/\/www.webdo.tn\/fr\/actualite\/national-45\/sfax-une-decharge-a-ciel-ouvert\/198907\/#primaryimage"},"image":{"@id":"https:\/\/www.webdo.tn\/fr\/actualite\/national-45\/sfax-une-decharge-a-ciel-ouvert\/198907\/#primaryimage"},"thumbnailUrl":"https:\/\/www.webdo.tn\/fr\/wp-content\/uploads\/2022\/11\/0d2def5460eaa165d71414f9f793891a.jpg","datePublished":"2022-11-14T13:22:00+00:00","dateModified":"2025-05-22T11:44:23+00:00","description":"Sfax croule depuis plusieurs mois sous les d\u00e9chets. Et pour cause la fermeture de la d\u00e9charge principale du gouvernorat entrainant une situation catastrophique...","breadcrumb":{"@id":"https:\/\/www.webdo.tn\/fr\/actualite\/national-45\/sfax-une-decharge-a-ciel-ouvert\/198907\/#breadcrumb"},"inLanguage":"fr-FR","potentialAction":[{"@type":"ReadAction","target":["https:\/\/www.webdo.tn\/fr\/actualite\/national-45\/sfax-une-decharge-a-ciel-ouvert\/198907\/"]}]},{"@type":"ImageObject","inLanguage":"fr-FR","@id":"https:\/\/www.webdo.tn\/fr\/actualite\/national-45\/sfax-une-decharge-a-ciel-ouvert\/198907\/#primaryimage","url":"https:\/\/www.webdo.tn\/fr\/wp-content\/uploads\/2022\/11\/0d2def5460eaa165d71414f9f793891a.jpg","contentUrl":"https:\/\/www.webdo.tn\/fr\/wp-content\/uploads\/2022\/11\/0d2def5460eaa165d71414f9f793891a.jpg","width":750,"height":400,"caption":"d\u00e9chets"},{"@type":"BreadcrumbList","@id":"https:\/\/www.webdo.tn\/fr\/actualite\/national-45\/sfax-une-decharge-a-ciel-ouvert\/198907\/#breadcrumb","itemListElement":[{"@type":"ListItem","position":1,"name":"Accueil","item":"https:\/\/www.webdo.tn\/fr\/"},{"@type":"ListItem","position":2,"name":"Sfax, une d\u00e9charge \u00e0 ciel ouvert !"}]},{"@type":"WebSite","@id":"https:\/\/www.webdo.tn\/fr\/#website","url":"https:\/\/www.webdo.tn\/fr\/","name":"webdo","description":"Tunisie - News en Tunisie et \u00e0 l&#039;international sur Webdo.tn","publisher":{"@id":"https:\/\/www.webdo.tn\/fr\/#organization"},"potentialAction":[{"@type":"SearchAction","target":{"@type":"EntryPoint","urlTemplate":"https:\/\/www.webdo.tn\/fr\/?s={search_term_string}"},"query-input":{"@type":"PropertyValueSpecification","valueRequired":true,"valueName":"search_term_string"}}],"inLanguage":"fr-FR"},{"@type":"Organization","@id":"https:\/\/www.webdo.tn\/fr\/#organization","name":"Webdo","alternateName":"Webdo.tn","url":"https:\/\/www.webdo.tn\/fr\/","logo":{"@type":"ImageObject","inLanguage":"fr-FR","@id":"https:\/\/www.webdo.tn\/fr\/#\/schema\/logo\/image\/","url":"https:\/\/www.webdo.tn\/fr\/wp-content\/uploads\/2025\/06\/Webdo-Tunisie_168377.jpg","contentUrl":"https:\/\/www.webdo.tn\/fr\/wp-content\/uploads\/2025\/06\/Webdo-Tunisie_168377.jpg","width":301,"height":301,"caption":"Webdo"},"image":{"@id":"https:\/\/www.webdo.tn\/fr\/#\/schema\/logo\/image\/"},"sameAs":["https:\/\/www.facebook.com\/webdotn","https:\/\/x.com\/webdo_tn"],"description":"Webdo est un m\u00e9dia num\u00e9rique tunisien fond\u00e9 en 2010, sp\u00e9cialis\u00e9 dans l\u2019actualit\u00e9 nationale et internationale, l\u2019\u00e9conomie, la soci\u00e9t\u00e9 et les analyses politiques. Le site s\u2019adresse \u00e0 un large public francophone et couvre l\u2019information tunisienne en temps r\u00e9el.","email":"redac@webdo.tn","legalName":"YNJ SARL","foundingDate":"2010-09-06","numberOfEmployees":{"@type":"QuantitativeValue","minValue":"11","maxValue":"50"}},{"@type":"Person","@id":"https:\/\/www.webdo.tn\/fr\/#\/schema\/person\/f35b42a42c5e2511bbd282959d6385cc","name":"CL","image":{"@type":"ImageObject","inLanguage":"fr-FR","@id":"https:\/\/secure.gravatar.com\/avatar\/1447a49909b67aa657c488aec6512e1dd6143a480c1ecfee9b5b5cd74eb3b59e?s=96&d=mm&r=g","url":"https:\/\/secure.gravatar.com\/avatar\/1447a49909b67aa657c488aec6512e1dd6143a480c1ecfee9b5b5cd74eb3b59e?s=96&d=mm&r=g","contentUrl":"https:\/\/secure.gravatar.com\/avatar\/1447a49909b67aa657c488aec6512e1dd6143a480c1ecfee9b5b5cd74eb3b59e?s=96&d=mm&r=g","caption":"CL"},"url":"https:\/\/www.webdo.tn\/fr\/actualite\/author\/cl\/"}]}},"_links":{"self":[{"href":"https:\/\/www.webdo.tn\/fr\/wp-json\/wp\/v2\/posts\/198907","targetHints":{"allow":["GET"]}}],"collection":[{"href":"https:\/\/www.webdo.tn\/fr\/wp-json\/wp\/v2\/posts"}],"about":[{"href":"https:\/\/www.webdo.tn\/fr\/wp-json\/wp\/v2\/types\/post"}],"author":[{"embeddable":true,"href":"https:\/\/www.webdo.tn\/fr\/wp-json\/wp\/v2\/users\/3175"}],"replies":[{"embeddable":true,"href":"https:\/\/www.webdo.tn\/fr\/wp-json\/wp\/v2\/comments?post=198907"}],"version-history":[{"count":0,"href":"https:\/\/www.webdo.tn\/fr\/wp-json\/wp\/v2\/posts\/198907\/revisions"}],"wp:featuredmedia":[{"embeddable":true,"href":"https:\/\/www.webdo.tn\/fr\/wp-json\/wp\/v2\/media\/348600"}],"wp:attachment":[{"href":"https:\/\/www.webdo.tn\/fr\/wp-json\/wp\/v2\/media?parent=198907"}],"wp:term":[{"taxonomy":"category","embeddable":true,"href":"https:\/\/www.webdo.tn\/fr\/wp-json\/wp\/v2\/categories?post=198907"},{"taxonomy":"post_tag","embeddable":true,"href":"https:\/\/www.webdo.tn\/fr\/wp-json\/wp\/v2\/tags?post=198907"}],"curies":[{"name":"wp","href":"https:\/\/api.w.org\/{rel}","templated":true}]}}