{"id":198899,"date":"2022-11-14T11:38:00","date_gmt":"2022-11-14T11:38:00","guid":{"rendered":"https:\/\/www.webdo.tn\/fr\/actualite\/blog\/coronavirus-l-otna-envoie-cinq-tonnes-d-aides-a-la-tunisie\/198899\/"},"modified":"2025-05-22T11:44:21","modified_gmt":"2025-05-22T11:44:21","slug":"coronavirus-l-otna-envoie-cinq-tonnes-d-aides-a-la-tunisie","status":"publish","type":"post","link":"https:\/\/www.webdo.tn\/fr\/actualite\/national\/coronavirus-l-otna-envoie-cinq-tonnes-d-aides-a-la-tunisie\/198899\/","title":{"rendered":"Covid-19 : L\u2019OTAN envoie cinq tonnes d\u2019aides \u00e0 la Tunisie"},"content":{"rendered":"<p>La Tunisie a re\u00e7u 4880 kilogrammes d&rsquo;\u00e9quipements de protection individuelle du stock de l\u2019OTAN en r\u00e9ponse \u00e0 la pand\u00e9mie.<\/p>\n<p> Cela comprend des masques chirurgicaux, des masques de protection et des combinaisons m\u00e9dicales fait suite \u00e0 la demande d&rsquo;assistance internationale de la Tunisie pour lutter contre la pand\u00e9mie de COVID-19, indique un communiqu\u00e9 de l\u2019organisation.<\/p>\n<p>La livraison a \u00e9t\u00e9 coordonn\u00e9e par le Centre euro-atlantique de coordination des r\u00e9actions en cas de catastrophe (EADRCC).\u00a0<\/p>\n<p>L&rsquo;\u00e9quipement de protection individuelle sera distribu\u00e9 aux installations m\u00e9dicales militaires et civiles \u00e0 travers le pays, a-t-on \u00e9galement ajout\u00e9, expliquant que ce don compl\u00e8te le soutien EADRCC de l&rsquo;OTAN fourni \u00e0 la Tunisie en 2021, qui comprenait 100 000 masques FFP2, 15 000 combinaisons jetables et 10 ventilateurs.<\/p>\n<p>Des \u00e9quipements m\u00e9dicaux suppl\u00e9mentaires seront livr\u00e9s en Tunisie dans prochainement, notamment des ventilateurs pour les unit\u00e9s de soins intensifs et les urgences.<\/p>\n<p>\u00ab Le fonds d&rsquo;affectation sp\u00e9ciale et la r\u00e9serve de l&rsquo;OTAN pour la riposte \u00e0 la pand\u00e9mie, cr\u00e9\u00e9s en juin 2020, ont fourni plusieurs tranches de soutien li\u00e9 \u00e0 la COVID aux Alli\u00e9s et aux partenaires dans le besoin.<\/p>\n<p>L&rsquo;assistance a am\u00e9lior\u00e9 la pr\u00e9paration et la r\u00e9silience des syst\u00e8mes de sant\u00e9 des b\u00e9n\u00e9ficiaires et renforc\u00e9 les inventaires nationaux avec des \u00e9quipements m\u00e9dicaux modernes pour lutter contre la pand\u00e9mie \u00bb, a-t-on \u00e9galement expliqu\u00e9.<\/p>\n","protected":false},"excerpt":{"rendered":"<p>La Tunisie a re\u00e7u 4880 kilogrammes d&rsquo;\u00e9quipements de protection individuelle du stock de l\u2019OTAN en r\u00e9ponse \u00e0 la pand\u00e9mie.<\/p>\n","protected":false},"author":3175,"featured_media":348598,"comment_status":"open","ping_status":"closed","sticky":false,"template":"","format":"standard","meta":{"footnotes":""},"categories":[44],"tags":[7198,6671,2608],"class_list":["post-198899","post","type-post","status-publish","format-standard","has-post-thumbnail","hentry","category-national","tag-aides","tag-otan","tag-tunisie"],"yoast_head":"<!-- This site is optimized with the Yoast SEO Premium plugin v27.5 (Yoast SEO v27.5) - https:\/\/yoast.com\/product\/yoast-seo-premium-wordpress\/ -->\n<title>Covid-19 : L\u2019OTAN envoie cinq tonnes d\u2019aides \u00e0 la Tunisie<\/title>\n<meta name=\"description\" content=\"La Tunisie a re\u00e7u 4880 kilogrammes d&#039;\u00e9quipements de protection individuelle du stock de l\u2019OTAN en r\u00e9ponse \u00e0 la pand\u00e9mie.\" \/>\n<link rel=\"canonical\" href=\"https:\/\/www.webdo.tn\/fr\/actualite\/national-45\/coronavirus-l-otna-envoie-cinq-tonnes-d-aides-a-la-tunisie\/198899\/\" \/>\n<meta property=\"og:locale\" content=\"fr_FR\" \/>\n<meta property=\"og:type\" content=\"article\" \/>\n<meta property=\"og:title\" content=\"Covid-19 : L\u2019OTAN envoie cinq tonnes d\u2019aides \u00e0 la Tunisie\" \/>\n<meta property=\"og:description\" content=\"La Tunisie a re\u00e7u 4880 kilogrammes d&#039;\u00e9quipements de protection individuelle du stock de l\u2019OTAN en r\u00e9ponse \u00e0 la pand\u00e9mie.\" \/>\n<meta property=\"og:url\" content=\"https:\/\/www.webdo.tn\/fr\/actualite\/national-45\/coronavirus-l-otna-envoie-cinq-tonnes-d-aides-a-la-tunisie\/198899\/\" \/>\n<meta property=\"og:site_name\" content=\"webdo\" \/>\n<meta property=\"article:publisher\" content=\"https:\/\/www.facebook.com\/webdotn\" \/>\n<meta property=\"article:published_time\" content=\"2022-11-14T11:38:00+00:00\" \/>\n<meta property=\"article:modified_time\" content=\"2025-05-22T11:44:21+00:00\" \/>\n<meta property=\"og:image\" content=\"https:\/\/www.webdo.tn\/fr\/wp-content\/uploads\/2022\/11\/9e8b2f5009f32235c8b4931bb2677adf.jpg\" \/>\n\t<meta property=\"og:image:width\" content=\"676\" \/>\n\t<meta property=\"og:image:height\" content=\"361\" \/>\n\t<meta property=\"og:image:type\" content=\"image\/jpeg\" \/>\n<meta name=\"author\" content=\"CL\" \/>\n<meta name=\"twitter:card\" content=\"summary_large_image\" \/>\n<meta name=\"twitter:creator\" content=\"@webdo_tn\" \/>\n<meta name=\"twitter:site\" content=\"@webdo_tn\" \/>\n<meta name=\"twitter:label1\" content=\"\u00c9crit par\" \/>\n\t<meta name=\"twitter:data1\" content=\"CL\" \/>\n\t<meta name=\"twitter:label2\" content=\"Dur\u00e9e de lecture estim\u00e9e\" \/>\n\t<meta name=\"twitter:data2\" content=\"1 minute\" \/>\n<script type=\"application\/ld+json\" class=\"yoast-schema-graph\">{\"@context\":\"https:\\\/\\\/schema.org\",\"@graph\":[{\"@type\":\"NewsArticle\",\"@id\":\"https:\\\/\\\/www.webdo.tn\\\/fr\\\/actualite\\\/national-45\\\/coronavirus-l-otna-envoie-cinq-tonnes-d-aides-a-la-tunisie\\\/198899\\\/#article\",\"isPartOf\":{\"@id\":\"https:\\\/\\\/www.webdo.tn\\\/fr\\\/actualite\\\/national-45\\\/coronavirus-l-otna-envoie-cinq-tonnes-d-aides-a-la-tunisie\\\/198899\\\/\"},\"author\":{\"name\":\"CL\",\"@id\":\"https:\\\/\\\/www.webdo.tn\\\/fr\\\/#\\\/schema\\\/person\\\/f35b42a42c5e2511bbd282959d6385cc\"},\"headline\":\"Covid-19 : L\u2019OTAN envoie cinq tonnes d\u2019aides \u00e0 la Tunisie\",\"datePublished\":\"2022-11-14T11:38:00+00:00\",\"dateModified\":\"2025-05-22T11:44:21+00:00\",\"mainEntityOfPage\":{\"@id\":\"https:\\\/\\\/www.webdo.tn\\\/fr\\\/actualite\\\/national-45\\\/coronavirus-l-otna-envoie-cinq-tonnes-d-aides-a-la-tunisie\\\/198899\\\/\"},\"wordCount\":242,\"commentCount\":0,\"publisher\":{\"@id\":\"https:\\\/\\\/www.webdo.tn\\\/fr\\\/#organization\"},\"image\":{\"@id\":\"https:\\\/\\\/www.webdo.tn\\\/fr\\\/actualite\\\/national-45\\\/coronavirus-l-otna-envoie-cinq-tonnes-d-aides-a-la-tunisie\\\/198899\\\/#primaryimage\"},\"thumbnailUrl\":\"https:\\\/\\\/www.webdo.tn\\\/fr\\\/wp-content\\\/uploads\\\/2022\\\/11\\\/9e8b2f5009f32235c8b4931bb2677adf.jpg\",\"keywords\":[\"Aides\",\"OTAN\",\"Tunisie\"],\"articleSection\":[\"National\"],\"inLanguage\":\"fr-FR\"},{\"@type\":\"WebPage\",\"@id\":\"https:\\\/\\\/www.webdo.tn\\\/fr\\\/actualite\\\/national-45\\\/coronavirus-l-otna-envoie-cinq-tonnes-d-aides-a-la-tunisie\\\/198899\\\/\",\"url\":\"https:\\\/\\\/www.webdo.tn\\\/fr\\\/actualite\\\/national-45\\\/coronavirus-l-otna-envoie-cinq-tonnes-d-aides-a-la-tunisie\\\/198899\\\/\",\"name\":\"Covid-19 : L\u2019OTAN envoie cinq tonnes d\u2019aides \u00e0 la Tunisie\",\"isPartOf\":{\"@id\":\"https:\\\/\\\/www.webdo.tn\\\/fr\\\/#website\"},\"primaryImageOfPage\":{\"@id\":\"https:\\\/\\\/www.webdo.tn\\\/fr\\\/actualite\\\/national-45\\\/coronavirus-l-otna-envoie-cinq-tonnes-d-aides-a-la-tunisie\\\/198899\\\/#primaryimage\"},\"image\":{\"@id\":\"https:\\\/\\\/www.webdo.tn\\\/fr\\\/actualite\\\/national-45\\\/coronavirus-l-otna-envoie-cinq-tonnes-d-aides-a-la-tunisie\\\/198899\\\/#primaryimage\"},\"thumbnailUrl\":\"https:\\\/\\\/www.webdo.tn\\\/fr\\\/wp-content\\\/uploads\\\/2022\\\/11\\\/9e8b2f5009f32235c8b4931bb2677adf.jpg\",\"datePublished\":\"2022-11-14T11:38:00+00:00\",\"dateModified\":\"2025-05-22T11:44:21+00:00\",\"description\":\"La Tunisie a re\u00e7u 4880 kilogrammes d'\u00e9quipements de protection individuelle du stock de l\u2019OTAN en r\u00e9ponse \u00e0 la pand\u00e9mie.\",\"breadcrumb\":{\"@id\":\"https:\\\/\\\/www.webdo.tn\\\/fr\\\/actualite\\\/national-45\\\/coronavirus-l-otna-envoie-cinq-tonnes-d-aides-a-la-tunisie\\\/198899\\\/#breadcrumb\"},\"inLanguage\":\"fr-FR\",\"potentialAction\":[{\"@type\":\"ReadAction\",\"target\":[\"https:\\\/\\\/www.webdo.tn\\\/fr\\\/actualite\\\/national-45\\\/coronavirus-l-otna-envoie-cinq-tonnes-d-aides-a-la-tunisie\\\/198899\\\/\"]}]},{\"@type\":\"ImageObject\",\"inLanguage\":\"fr-FR\",\"@id\":\"https:\\\/\\\/www.webdo.tn\\\/fr\\\/actualite\\\/national-45\\\/coronavirus-l-otna-envoie-cinq-tonnes-d-aides-a-la-tunisie\\\/198899\\\/#primaryimage\",\"url\":\"https:\\\/\\\/www.webdo.tn\\\/fr\\\/wp-content\\\/uploads\\\/2022\\\/11\\\/9e8b2f5009f32235c8b4931bb2677adf.jpg\",\"contentUrl\":\"https:\\\/\\\/www.webdo.tn\\\/fr\\\/wp-content\\\/uploads\\\/2022\\\/11\\\/9e8b2f5009f32235c8b4931bb2677adf.jpg\",\"width\":676,\"height\":361,\"caption\":\"OTAN Tunisie\"},{\"@type\":\"BreadcrumbList\",\"@id\":\"https:\\\/\\\/www.webdo.tn\\\/fr\\\/actualite\\\/national-45\\\/coronavirus-l-otna-envoie-cinq-tonnes-d-aides-a-la-tunisie\\\/198899\\\/#breadcrumb\",\"itemListElement\":[{\"@type\":\"ListItem\",\"position\":1,\"name\":\"Accueil\",\"item\":\"https:\\\/\\\/www.webdo.tn\\\/fr\\\/\"},{\"@type\":\"ListItem\",\"position\":2,\"name\":\"Covid-19 : L\u2019OTAN envoie cinq tonnes d\u2019aides \u00e0 la Tunisie\"}]},{\"@type\":\"WebSite\",\"@id\":\"https:\\\/\\\/www.webdo.tn\\\/fr\\\/#website\",\"url\":\"https:\\\/\\\/www.webdo.tn\\\/fr\\\/\",\"name\":\"webdo\",\"description\":\"Tunisie - News en Tunisie et \u00e0 l&#039;international sur Webdo.tn\",\"publisher\":{\"@id\":\"https:\\\/\\\/www.webdo.tn\\\/fr\\\/#organization\"},\"potentialAction\":[{\"@type\":\"SearchAction\",\"target\":{\"@type\":\"EntryPoint\",\"urlTemplate\":\"https:\\\/\\\/www.webdo.tn\\\/fr\\\/?s={search_term_string}\"},\"query-input\":{\"@type\":\"PropertyValueSpecification\",\"valueRequired\":true,\"valueName\":\"search_term_string\"}}],\"inLanguage\":\"fr-FR\"},{\"@type\":\"Organization\",\"@id\":\"https:\\\/\\\/www.webdo.tn\\\/fr\\\/#organization\",\"name\":\"Webdo\",\"alternateName\":\"Webdo.tn\",\"url\":\"https:\\\/\\\/www.webdo.tn\\\/fr\\\/\",\"logo\":{\"@type\":\"ImageObject\",\"inLanguage\":\"fr-FR\",\"@id\":\"https:\\\/\\\/www.webdo.tn\\\/fr\\\/#\\\/schema\\\/logo\\\/image\\\/\",\"url\":\"https:\\\/\\\/www.webdo.tn\\\/fr\\\/wp-content\\\/uploads\\\/2025\\\/06\\\/Webdo-Tunisie_168377.jpg\",\"contentUrl\":\"https:\\\/\\\/www.webdo.tn\\\/fr\\\/wp-content\\\/uploads\\\/2025\\\/06\\\/Webdo-Tunisie_168377.jpg\",\"width\":301,\"height\":301,\"caption\":\"Webdo\"},\"image\":{\"@id\":\"https:\\\/\\\/www.webdo.tn\\\/fr\\\/#\\\/schema\\\/logo\\\/image\\\/\"},\"sameAs\":[\"https:\\\/\\\/www.facebook.com\\\/webdotn\",\"https:\\\/\\\/x.com\\\/webdo_tn\"],\"description\":\"Webdo est un m\u00e9dia num\u00e9rique tunisien fond\u00e9 en 2010, sp\u00e9cialis\u00e9 dans l\u2019actualit\u00e9 nationale et internationale, l\u2019\u00e9conomie, la soci\u00e9t\u00e9 et les analyses politiques. Le site s\u2019adresse \u00e0 un large public francophone et couvre l\u2019information tunisienne en temps r\u00e9el.\",\"email\":\"redac@webdo.tn\",\"legalName\":\"YNJ SARL\",\"foundingDate\":\"2010-09-06\",\"numberOfEmployees\":{\"@type\":\"QuantitativeValue\",\"minValue\":\"11\",\"maxValue\":\"50\"}},{\"@type\":\"Person\",\"@id\":\"https:\\\/\\\/www.webdo.tn\\\/fr\\\/#\\\/schema\\\/person\\\/f35b42a42c5e2511bbd282959d6385cc\",\"name\":\"CL\",\"image\":{\"@type\":\"ImageObject\",\"inLanguage\":\"fr-FR\",\"@id\":\"https:\\\/\\\/secure.gravatar.com\\\/avatar\\\/1447a49909b67aa657c488aec6512e1dd6143a480c1ecfee9b5b5cd74eb3b59e?s=96&d=mm&r=g\",\"url\":\"https:\\\/\\\/secure.gravatar.com\\\/avatar\\\/1447a49909b67aa657c488aec6512e1dd6143a480c1ecfee9b5b5cd74eb3b59e?s=96&d=mm&r=g\",\"contentUrl\":\"https:\\\/\\\/secure.gravatar.com\\\/avatar\\\/1447a49909b67aa657c488aec6512e1dd6143a480c1ecfee9b5b5cd74eb3b59e?s=96&d=mm&r=g\",\"caption\":\"CL\"},\"url\":\"https:\\\/\\\/www.webdo.tn\\\/fr\\\/actualite\\\/author\\\/cl\\\/\"}]}<\/script>\n<!-- \/ Yoast SEO Premium plugin. -->","yoast_head_json":{"title":"Covid-19 : L\u2019OTAN envoie cinq tonnes d\u2019aides \u00e0 la Tunisie","description":"La Tunisie a re\u00e7u 4880 kilogrammes d'\u00e9quipements de protection individuelle du stock de l\u2019OTAN en r\u00e9ponse \u00e0 la pand\u00e9mie.","canonical":"https:\/\/www.webdo.tn\/fr\/actualite\/national-45\/coronavirus-l-otna-envoie-cinq-tonnes-d-aides-a-la-tunisie\/198899\/","og_locale":"fr_FR","og_type":"article","og_title":"Covid-19 : L\u2019OTAN envoie cinq tonnes d\u2019aides \u00e0 la Tunisie","og_description":"La Tunisie a re\u00e7u 4880 kilogrammes d'\u00e9quipements de protection individuelle du stock de l\u2019OTAN en r\u00e9ponse \u00e0 la pand\u00e9mie.","og_url":"https:\/\/www.webdo.tn\/fr\/actualite\/national-45\/coronavirus-l-otna-envoie-cinq-tonnes-d-aides-a-la-tunisie\/198899\/","og_site_name":"webdo","article_publisher":"https:\/\/www.facebook.com\/webdotn","article_published_time":"2022-11-14T11:38:00+00:00","article_modified_time":"2025-05-22T11:44:21+00:00","og_image":[{"width":676,"height":361,"url":"https:\/\/www.webdo.tn\/fr\/wp-content\/uploads\/2022\/11\/9e8b2f5009f32235c8b4931bb2677adf.jpg","type":"image\/jpeg"}],"author":"CL","twitter_card":"summary_large_image","twitter_creator":"@webdo_tn","twitter_site":"@webdo_tn","twitter_misc":{"\u00c9crit par":"CL","Dur\u00e9e de lecture estim\u00e9e":"1 minute"},"schema":{"@context":"https:\/\/schema.org","@graph":[{"@type":"NewsArticle","@id":"https:\/\/www.webdo.tn\/fr\/actualite\/national-45\/coronavirus-l-otna-envoie-cinq-tonnes-d-aides-a-la-tunisie\/198899\/#article","isPartOf":{"@id":"https:\/\/www.webdo.tn\/fr\/actualite\/national-45\/coronavirus-l-otna-envoie-cinq-tonnes-d-aides-a-la-tunisie\/198899\/"},"author":{"name":"CL","@id":"https:\/\/www.webdo.tn\/fr\/#\/schema\/person\/f35b42a42c5e2511bbd282959d6385cc"},"headline":"Covid-19 : L\u2019OTAN envoie cinq tonnes d\u2019aides \u00e0 la Tunisie","datePublished":"2022-11-14T11:38:00+00:00","dateModified":"2025-05-22T11:44:21+00:00","mainEntityOfPage":{"@id":"https:\/\/www.webdo.tn\/fr\/actualite\/national-45\/coronavirus-l-otna-envoie-cinq-tonnes-d-aides-a-la-tunisie\/198899\/"},"wordCount":242,"commentCount":0,"publisher":{"@id":"https:\/\/www.webdo.tn\/fr\/#organization"},"image":{"@id":"https:\/\/www.webdo.tn\/fr\/actualite\/national-45\/coronavirus-l-otna-envoie-cinq-tonnes-d-aides-a-la-tunisie\/198899\/#primaryimage"},"thumbnailUrl":"https:\/\/www.webdo.tn\/fr\/wp-content\/uploads\/2022\/11\/9e8b2f5009f32235c8b4931bb2677adf.jpg","keywords":["Aides","OTAN","Tunisie"],"articleSection":["National"],"inLanguage":"fr-FR"},{"@type":"WebPage","@id":"https:\/\/www.webdo.tn\/fr\/actualite\/national-45\/coronavirus-l-otna-envoie-cinq-tonnes-d-aides-a-la-tunisie\/198899\/","url":"https:\/\/www.webdo.tn\/fr\/actualite\/national-45\/coronavirus-l-otna-envoie-cinq-tonnes-d-aides-a-la-tunisie\/198899\/","name":"Covid-19 : L\u2019OTAN envoie cinq tonnes d\u2019aides \u00e0 la Tunisie","isPartOf":{"@id":"https:\/\/www.webdo.tn\/fr\/#website"},"primaryImageOfPage":{"@id":"https:\/\/www.webdo.tn\/fr\/actualite\/national-45\/coronavirus-l-otna-envoie-cinq-tonnes-d-aides-a-la-tunisie\/198899\/#primaryimage"},"image":{"@id":"https:\/\/www.webdo.tn\/fr\/actualite\/national-45\/coronavirus-l-otna-envoie-cinq-tonnes-d-aides-a-la-tunisie\/198899\/#primaryimage"},"thumbnailUrl":"https:\/\/www.webdo.tn\/fr\/wp-content\/uploads\/2022\/11\/9e8b2f5009f32235c8b4931bb2677adf.jpg","datePublished":"2022-11-14T11:38:00+00:00","dateModified":"2025-05-22T11:44:21+00:00","description":"La Tunisie a re\u00e7u 4880 kilogrammes d'\u00e9quipements de protection individuelle du stock de l\u2019OTAN en r\u00e9ponse \u00e0 la pand\u00e9mie.","breadcrumb":{"@id":"https:\/\/www.webdo.tn\/fr\/actualite\/national-45\/coronavirus-l-otna-envoie-cinq-tonnes-d-aides-a-la-tunisie\/198899\/#breadcrumb"},"inLanguage":"fr-FR","potentialAction":[{"@type":"ReadAction","target":["https:\/\/www.webdo.tn\/fr\/actualite\/national-45\/coronavirus-l-otna-envoie-cinq-tonnes-d-aides-a-la-tunisie\/198899\/"]}]},{"@type":"ImageObject","inLanguage":"fr-FR","@id":"https:\/\/www.webdo.tn\/fr\/actualite\/national-45\/coronavirus-l-otna-envoie-cinq-tonnes-d-aides-a-la-tunisie\/198899\/#primaryimage","url":"https:\/\/www.webdo.tn\/fr\/wp-content\/uploads\/2022\/11\/9e8b2f5009f32235c8b4931bb2677adf.jpg","contentUrl":"https:\/\/www.webdo.tn\/fr\/wp-content\/uploads\/2022\/11\/9e8b2f5009f32235c8b4931bb2677adf.jpg","width":676,"height":361,"caption":"OTAN Tunisie"},{"@type":"BreadcrumbList","@id":"https:\/\/www.webdo.tn\/fr\/actualite\/national-45\/coronavirus-l-otna-envoie-cinq-tonnes-d-aides-a-la-tunisie\/198899\/#breadcrumb","itemListElement":[{"@type":"ListItem","position":1,"name":"Accueil","item":"https:\/\/www.webdo.tn\/fr\/"},{"@type":"ListItem","position":2,"name":"Covid-19 : L\u2019OTAN envoie cinq tonnes d\u2019aides \u00e0 la Tunisie"}]},{"@type":"WebSite","@id":"https:\/\/www.webdo.tn\/fr\/#website","url":"https:\/\/www.webdo.tn\/fr\/","name":"webdo","description":"Tunisie - News en Tunisie et \u00e0 l&#039;international sur Webdo.tn","publisher":{"@id":"https:\/\/www.webdo.tn\/fr\/#organization"},"potentialAction":[{"@type":"SearchAction","target":{"@type":"EntryPoint","urlTemplate":"https:\/\/www.webdo.tn\/fr\/?s={search_term_string}"},"query-input":{"@type":"PropertyValueSpecification","valueRequired":true,"valueName":"search_term_string"}}],"inLanguage":"fr-FR"},{"@type":"Organization","@id":"https:\/\/www.webdo.tn\/fr\/#organization","name":"Webdo","alternateName":"Webdo.tn","url":"https:\/\/www.webdo.tn\/fr\/","logo":{"@type":"ImageObject","inLanguage":"fr-FR","@id":"https:\/\/www.webdo.tn\/fr\/#\/schema\/logo\/image\/","url":"https:\/\/www.webdo.tn\/fr\/wp-content\/uploads\/2025\/06\/Webdo-Tunisie_168377.jpg","contentUrl":"https:\/\/www.webdo.tn\/fr\/wp-content\/uploads\/2025\/06\/Webdo-Tunisie_168377.jpg","width":301,"height":301,"caption":"Webdo"},"image":{"@id":"https:\/\/www.webdo.tn\/fr\/#\/schema\/logo\/image\/"},"sameAs":["https:\/\/www.facebook.com\/webdotn","https:\/\/x.com\/webdo_tn"],"description":"Webdo est un m\u00e9dia num\u00e9rique tunisien fond\u00e9 en 2010, sp\u00e9cialis\u00e9 dans l\u2019actualit\u00e9 nationale et internationale, l\u2019\u00e9conomie, la soci\u00e9t\u00e9 et les analyses politiques. Le site s\u2019adresse \u00e0 un large public francophone et couvre l\u2019information tunisienne en temps r\u00e9el.","email":"redac@webdo.tn","legalName":"YNJ SARL","foundingDate":"2010-09-06","numberOfEmployees":{"@type":"QuantitativeValue","minValue":"11","maxValue":"50"}},{"@type":"Person","@id":"https:\/\/www.webdo.tn\/fr\/#\/schema\/person\/f35b42a42c5e2511bbd282959d6385cc","name":"CL","image":{"@type":"ImageObject","inLanguage":"fr-FR","@id":"https:\/\/secure.gravatar.com\/avatar\/1447a49909b67aa657c488aec6512e1dd6143a480c1ecfee9b5b5cd74eb3b59e?s=96&d=mm&r=g","url":"https:\/\/secure.gravatar.com\/avatar\/1447a49909b67aa657c488aec6512e1dd6143a480c1ecfee9b5b5cd74eb3b59e?s=96&d=mm&r=g","contentUrl":"https:\/\/secure.gravatar.com\/avatar\/1447a49909b67aa657c488aec6512e1dd6143a480c1ecfee9b5b5cd74eb3b59e?s=96&d=mm&r=g","caption":"CL"},"url":"https:\/\/www.webdo.tn\/fr\/actualite\/author\/cl\/"}]}},"_links":{"self":[{"href":"https:\/\/www.webdo.tn\/fr\/wp-json\/wp\/v2\/posts\/198899","targetHints":{"allow":["GET"]}}],"collection":[{"href":"https:\/\/www.webdo.tn\/fr\/wp-json\/wp\/v2\/posts"}],"about":[{"href":"https:\/\/www.webdo.tn\/fr\/wp-json\/wp\/v2\/types\/post"}],"author":[{"embeddable":true,"href":"https:\/\/www.webdo.tn\/fr\/wp-json\/wp\/v2\/users\/3175"}],"replies":[{"embeddable":true,"href":"https:\/\/www.webdo.tn\/fr\/wp-json\/wp\/v2\/comments?post=198899"}],"version-history":[{"count":0,"href":"https:\/\/www.webdo.tn\/fr\/wp-json\/wp\/v2\/posts\/198899\/revisions"}],"wp:featuredmedia":[{"embeddable":true,"href":"https:\/\/www.webdo.tn\/fr\/wp-json\/wp\/v2\/media\/348598"}],"wp:attachment":[{"href":"https:\/\/www.webdo.tn\/fr\/wp-json\/wp\/v2\/media?parent=198899"}],"wp:term":[{"taxonomy":"category","embeddable":true,"href":"https:\/\/www.webdo.tn\/fr\/wp-json\/wp\/v2\/categories?post=198899"},{"taxonomy":"post_tag","embeddable":true,"href":"https:\/\/www.webdo.tn\/fr\/wp-json\/wp\/v2\/tags?post=198899"}],"curies":[{"name":"wp","href":"https:\/\/api.w.org\/{rel}","templated":true}]}}