{"id":198871,"date":"2022-11-13T15:11:00","date_gmt":"2022-11-13T15:11:00","guid":{"rendered":"https:\/\/www.webdo.tn\/fr\/actualite\/blog\/dbeibah-evoque-un-faux-rapport-sur-l-assassinat-de-kais-saied\/198871\/"},"modified":"2025-05-22T11:44:45","modified_gmt":"2025-05-22T11:44:45","slug":"dbeibah-evoque-un-faux-rapport-sur-l-assassinat-de-kais-saied","status":"publish","type":"post","link":"https:\/\/www.webdo.tn\/fr\/actualite\/national\/dbeibah-evoque-un-faux-rapport-sur-l-assassinat-de-kais-saied\/198871\/","title":{"rendered":"Dbeibah \u00e9voque un faux rapport sur l\u2019assassinat de Kais Saied"},"content":{"rendered":"<p>Le premier ministre libyen par int\u00e9rim, Abdelhamid Dbeibah a accord\u00e9 ce dimanche 13 novembre 2022, une interview \u00e0 la radio Mosa\u00efque FM, dans laquelle il \u00e9voque les relations entre les deux pays.<\/p>\n<p> Cependant, le haut responsable libyen a \u00e9voqu\u00e9 sans donner plus de d\u00e9tails un faux rapport parvenu aux autorit\u00e9s libyennes sur un \u00e9ventuel assassinat du pr\u00e9sident de la R\u00e9publique Kais Saied.\u00a0<\/p>\n<p>Dbeibah a expliqu\u00e9 qu\u2019en effet, des partis politiques tunisiens ont envoy\u00e9 aux autorit\u00e9s libyennes un faut rapport laissant croire qu\u2019un groupe allait assassiner le pr\u00e9sident de la R\u00e9publique en Tunisie.\u00a0<\/p>\n<p>\u00ab Ces partis veulent nuire aux relations entre les deux pays, mais nous \u00e9tions surs d\u2019il s\u2019agissait de fausses informations \u00bb, a-t-il dit refusant de divulguer l\u2019identit\u00e9 de ces partis.\u00a0<\/p>\n<p>Et d\u2019ajouter qu\u2019il a d\u00e9cid\u00e9 d\u2019envoyer un convoi en Tunisie pour informer les parties officielles tunisiennes, r\u00e9it\u00e9rant son refus de tout plan visant \u00e0 d\u00e9stabiliser la Tunisie.<\/p>\n","protected":false},"excerpt":{"rendered":"<p>Le premier ministre libyen par int\u00e9rim, Abdelhamid Dbeibah a accord\u00e9 ce dimanche 13 novembre 2022, une interview \u00e0 la radio Mosa\u00efque FM, dans laquelle il \u00e9voque&#8230;<\/p>\n","protected":false},"author":3175,"featured_media":348619,"comment_status":"open","ping_status":"closed","sticky":false,"template":"","format":"standard","meta":{"footnotes":""},"categories":[44],"tags":[3279,3418,2608],"class_list":["post-198871","post","type-post","status-publish","format-standard","has-post-thumbnail","hentry","category-national","tag-libye","tag-saied","tag-tunisie"],"yoast_head":"<!-- This site is optimized with the Yoast SEO Premium plugin v27.5 (Yoast SEO v27.5) - https:\/\/yoast.com\/product\/yoast-seo-premium-wordpress\/ -->\n<title>Dbeibah \u00e9voque un faux rapport sur l\u2019assassinat de Kais Saied<\/title>\n<meta name=\"description\" content=\"Le premier ministre libyen par int\u00e9rim, Abdelhamid Dbeibah a accord\u00e9 ce dimanche 13 novembre 2022, une interview \u00e0 la radio Mosa\u00efque FM, dans laquelle il \u00e9voque...\" \/>\n<link rel=\"canonical\" href=\"https:\/\/www.webdo.tn\/fr\/actualite\/national-45\/dbeibah-evoque-un-faux-rapport-sur-l-assassinat-de-kais-saied\/198871\/\" \/>\n<meta property=\"og:locale\" content=\"fr_FR\" \/>\n<meta property=\"og:type\" content=\"article\" \/>\n<meta property=\"og:title\" content=\"Dbeibah \u00e9voque un faux rapport sur l\u2019assassinat de Kais Saied\" \/>\n<meta property=\"og:description\" content=\"Le premier ministre libyen par int\u00e9rim, Abdelhamid Dbeibah a accord\u00e9 ce dimanche 13 novembre 2022, une interview \u00e0 la radio Mosa\u00efque FM, dans laquelle il \u00e9voque...\" \/>\n<meta property=\"og:url\" content=\"https:\/\/www.webdo.tn\/fr\/actualite\/national-45\/dbeibah-evoque-un-faux-rapport-sur-l-assassinat-de-kais-saied\/198871\/\" \/>\n<meta property=\"og:site_name\" content=\"webdo\" \/>\n<meta property=\"article:publisher\" content=\"https:\/\/www.facebook.com\/webdotn\" \/>\n<meta property=\"article:published_time\" content=\"2022-11-13T15:11:00+00:00\" \/>\n<meta property=\"article:modified_time\" content=\"2025-05-22T11:44:45+00:00\" \/>\n<meta property=\"og:image\" content=\"https:\/\/www.webdo.tn\/fr\/wp-content\/uploads\/2022\/11\/5168f08a5774b7fd763a80ce02c8305f.jpg\" \/>\n\t<meta property=\"og:image:width\" content=\"750\" \/>\n\t<meta property=\"og:image:height\" content=\"400\" \/>\n\t<meta property=\"og:image:type\" content=\"image\/jpeg\" \/>\n<meta name=\"author\" content=\"CL\" \/>\n<meta name=\"twitter:card\" content=\"summary_large_image\" \/>\n<meta name=\"twitter:creator\" content=\"@webdo_tn\" \/>\n<meta name=\"twitter:site\" content=\"@webdo_tn\" \/>\n<meta name=\"twitter:label1\" content=\"\u00c9crit par\" \/>\n\t<meta name=\"twitter:data1\" content=\"CL\" \/>\n\t<meta name=\"twitter:label2\" content=\"Dur\u00e9e de lecture estim\u00e9e\" \/>\n\t<meta name=\"twitter:data2\" content=\"1 minute\" \/>\n<script type=\"application\/ld+json\" class=\"yoast-schema-graph\">{\"@context\":\"https:\\\/\\\/schema.org\",\"@graph\":[{\"@type\":\"NewsArticle\",\"@id\":\"https:\\\/\\\/www.webdo.tn\\\/fr\\\/actualite\\\/national-45\\\/dbeibah-evoque-un-faux-rapport-sur-l-assassinat-de-kais-saied\\\/198871\\\/#article\",\"isPartOf\":{\"@id\":\"https:\\\/\\\/www.webdo.tn\\\/fr\\\/actualite\\\/national-45\\\/dbeibah-evoque-un-faux-rapport-sur-l-assassinat-de-kais-saied\\\/198871\\\/\"},\"author\":{\"name\":\"CL\",\"@id\":\"https:\\\/\\\/www.webdo.tn\\\/fr\\\/#\\\/schema\\\/person\\\/f35b42a42c5e2511bbd282959d6385cc\"},\"headline\":\"Dbeibah \u00e9voque un faux rapport sur l\u2019assassinat de Kais Saied\",\"datePublished\":\"2022-11-13T15:11:00+00:00\",\"dateModified\":\"2025-05-22T11:44:45+00:00\",\"mainEntityOfPage\":{\"@id\":\"https:\\\/\\\/www.webdo.tn\\\/fr\\\/actualite\\\/national-45\\\/dbeibah-evoque-un-faux-rapport-sur-l-assassinat-de-kais-saied\\\/198871\\\/\"},\"wordCount\":175,\"commentCount\":0,\"publisher\":{\"@id\":\"https:\\\/\\\/www.webdo.tn\\\/fr\\\/#organization\"},\"image\":{\"@id\":\"https:\\\/\\\/www.webdo.tn\\\/fr\\\/actualite\\\/national-45\\\/dbeibah-evoque-un-faux-rapport-sur-l-assassinat-de-kais-saied\\\/198871\\\/#primaryimage\"},\"thumbnailUrl\":\"https:\\\/\\\/www.webdo.tn\\\/fr\\\/wp-content\\\/uploads\\\/2022\\\/11\\\/5168f08a5774b7fd763a80ce02c8305f.jpg\",\"keywords\":[\"Libye\",\"Saied\",\"Tunisie\"],\"articleSection\":[\"National\"],\"inLanguage\":\"fr-FR\"},{\"@type\":\"WebPage\",\"@id\":\"https:\\\/\\\/www.webdo.tn\\\/fr\\\/actualite\\\/national-45\\\/dbeibah-evoque-un-faux-rapport-sur-l-assassinat-de-kais-saied\\\/198871\\\/\",\"url\":\"https:\\\/\\\/www.webdo.tn\\\/fr\\\/actualite\\\/national-45\\\/dbeibah-evoque-un-faux-rapport-sur-l-assassinat-de-kais-saied\\\/198871\\\/\",\"name\":\"Dbeibah \u00e9voque un faux rapport sur l\u2019assassinat de Kais Saied\",\"isPartOf\":{\"@id\":\"https:\\\/\\\/www.webdo.tn\\\/fr\\\/#website\"},\"primaryImageOfPage\":{\"@id\":\"https:\\\/\\\/www.webdo.tn\\\/fr\\\/actualite\\\/national-45\\\/dbeibah-evoque-un-faux-rapport-sur-l-assassinat-de-kais-saied\\\/198871\\\/#primaryimage\"},\"image\":{\"@id\":\"https:\\\/\\\/www.webdo.tn\\\/fr\\\/actualite\\\/national-45\\\/dbeibah-evoque-un-faux-rapport-sur-l-assassinat-de-kais-saied\\\/198871\\\/#primaryimage\"},\"thumbnailUrl\":\"https:\\\/\\\/www.webdo.tn\\\/fr\\\/wp-content\\\/uploads\\\/2022\\\/11\\\/5168f08a5774b7fd763a80ce02c8305f.jpg\",\"datePublished\":\"2022-11-13T15:11:00+00:00\",\"dateModified\":\"2025-05-22T11:44:45+00:00\",\"description\":\"Le premier ministre libyen par int\u00e9rim, Abdelhamid Dbeibah a accord\u00e9 ce dimanche 13 novembre 2022, une interview \u00e0 la radio Mosa\u00efque FM, dans laquelle il \u00e9voque...\",\"breadcrumb\":{\"@id\":\"https:\\\/\\\/www.webdo.tn\\\/fr\\\/actualite\\\/national-45\\\/dbeibah-evoque-un-faux-rapport-sur-l-assassinat-de-kais-saied\\\/198871\\\/#breadcrumb\"},\"inLanguage\":\"fr-FR\",\"potentialAction\":[{\"@type\":\"ReadAction\",\"target\":[\"https:\\\/\\\/www.webdo.tn\\\/fr\\\/actualite\\\/national-45\\\/dbeibah-evoque-un-faux-rapport-sur-l-assassinat-de-kais-saied\\\/198871\\\/\"]}]},{\"@type\":\"ImageObject\",\"inLanguage\":\"fr-FR\",\"@id\":\"https:\\\/\\\/www.webdo.tn\\\/fr\\\/actualite\\\/national-45\\\/dbeibah-evoque-un-faux-rapport-sur-l-assassinat-de-kais-saied\\\/198871\\\/#primaryimage\",\"url\":\"https:\\\/\\\/www.webdo.tn\\\/fr\\\/wp-content\\\/uploads\\\/2022\\\/11\\\/5168f08a5774b7fd763a80ce02c8305f.jpg\",\"contentUrl\":\"https:\\\/\\\/www.webdo.tn\\\/fr\\\/wp-content\\\/uploads\\\/2022\\\/11\\\/5168f08a5774b7fd763a80ce02c8305f.jpg\",\"width\":750,\"height\":400,\"caption\":\"Dbeibah\"},{\"@type\":\"BreadcrumbList\",\"@id\":\"https:\\\/\\\/www.webdo.tn\\\/fr\\\/actualite\\\/national-45\\\/dbeibah-evoque-un-faux-rapport-sur-l-assassinat-de-kais-saied\\\/198871\\\/#breadcrumb\",\"itemListElement\":[{\"@type\":\"ListItem\",\"position\":1,\"name\":\"Accueil\",\"item\":\"https:\\\/\\\/www.webdo.tn\\\/fr\\\/\"},{\"@type\":\"ListItem\",\"position\":2,\"name\":\"Dbeibah \u00e9voque un faux rapport sur l\u2019assassinat de Kais Saied\"}]},{\"@type\":\"WebSite\",\"@id\":\"https:\\\/\\\/www.webdo.tn\\\/fr\\\/#website\",\"url\":\"https:\\\/\\\/www.webdo.tn\\\/fr\\\/\",\"name\":\"webdo\",\"description\":\"Tunisie - News en Tunisie et \u00e0 l&#039;international sur Webdo.tn\",\"publisher\":{\"@id\":\"https:\\\/\\\/www.webdo.tn\\\/fr\\\/#organization\"},\"potentialAction\":[{\"@type\":\"SearchAction\",\"target\":{\"@type\":\"EntryPoint\",\"urlTemplate\":\"https:\\\/\\\/www.webdo.tn\\\/fr\\\/?s={search_term_string}\"},\"query-input\":{\"@type\":\"PropertyValueSpecification\",\"valueRequired\":true,\"valueName\":\"search_term_string\"}}],\"inLanguage\":\"fr-FR\"},{\"@type\":\"Organization\",\"@id\":\"https:\\\/\\\/www.webdo.tn\\\/fr\\\/#organization\",\"name\":\"Webdo\",\"alternateName\":\"Webdo.tn\",\"url\":\"https:\\\/\\\/www.webdo.tn\\\/fr\\\/\",\"logo\":{\"@type\":\"ImageObject\",\"inLanguage\":\"fr-FR\",\"@id\":\"https:\\\/\\\/www.webdo.tn\\\/fr\\\/#\\\/schema\\\/logo\\\/image\\\/\",\"url\":\"https:\\\/\\\/www.webdo.tn\\\/fr\\\/wp-content\\\/uploads\\\/2025\\\/06\\\/Webdo-Tunisie_168377.jpg\",\"contentUrl\":\"https:\\\/\\\/www.webdo.tn\\\/fr\\\/wp-content\\\/uploads\\\/2025\\\/06\\\/Webdo-Tunisie_168377.jpg\",\"width\":301,\"height\":301,\"caption\":\"Webdo\"},\"image\":{\"@id\":\"https:\\\/\\\/www.webdo.tn\\\/fr\\\/#\\\/schema\\\/logo\\\/image\\\/\"},\"sameAs\":[\"https:\\\/\\\/www.facebook.com\\\/webdotn\",\"https:\\\/\\\/x.com\\\/webdo_tn\"],\"description\":\"Webdo est un m\u00e9dia num\u00e9rique tunisien fond\u00e9 en 2010, sp\u00e9cialis\u00e9 dans l\u2019actualit\u00e9 nationale et internationale, l\u2019\u00e9conomie, la soci\u00e9t\u00e9 et les analyses politiques. Le site s\u2019adresse \u00e0 un large public francophone et couvre l\u2019information tunisienne en temps r\u00e9el.\",\"email\":\"redac@webdo.tn\",\"legalName\":\"YNJ SARL\",\"foundingDate\":\"2010-09-06\",\"numberOfEmployees\":{\"@type\":\"QuantitativeValue\",\"minValue\":\"11\",\"maxValue\":\"50\"}},{\"@type\":\"Person\",\"@id\":\"https:\\\/\\\/www.webdo.tn\\\/fr\\\/#\\\/schema\\\/person\\\/f35b42a42c5e2511bbd282959d6385cc\",\"name\":\"CL\",\"image\":{\"@type\":\"ImageObject\",\"inLanguage\":\"fr-FR\",\"@id\":\"https:\\\/\\\/secure.gravatar.com\\\/avatar\\\/1447a49909b67aa657c488aec6512e1dd6143a480c1ecfee9b5b5cd74eb3b59e?s=96&d=mm&r=g\",\"url\":\"https:\\\/\\\/secure.gravatar.com\\\/avatar\\\/1447a49909b67aa657c488aec6512e1dd6143a480c1ecfee9b5b5cd74eb3b59e?s=96&d=mm&r=g\",\"contentUrl\":\"https:\\\/\\\/secure.gravatar.com\\\/avatar\\\/1447a49909b67aa657c488aec6512e1dd6143a480c1ecfee9b5b5cd74eb3b59e?s=96&d=mm&r=g\",\"caption\":\"CL\"},\"url\":\"https:\\\/\\\/www.webdo.tn\\\/fr\\\/actualite\\\/author\\\/cl\\\/\"}]}<\/script>\n<!-- \/ Yoast SEO Premium plugin. -->","yoast_head_json":{"title":"Dbeibah \u00e9voque un faux rapport sur l\u2019assassinat de Kais Saied","description":"Le premier ministre libyen par int\u00e9rim, Abdelhamid Dbeibah a accord\u00e9 ce dimanche 13 novembre 2022, une interview \u00e0 la radio Mosa\u00efque FM, dans laquelle il \u00e9voque...","canonical":"https:\/\/www.webdo.tn\/fr\/actualite\/national-45\/dbeibah-evoque-un-faux-rapport-sur-l-assassinat-de-kais-saied\/198871\/","og_locale":"fr_FR","og_type":"article","og_title":"Dbeibah \u00e9voque un faux rapport sur l\u2019assassinat de Kais Saied","og_description":"Le premier ministre libyen par int\u00e9rim, Abdelhamid Dbeibah a accord\u00e9 ce dimanche 13 novembre 2022, une interview \u00e0 la radio Mosa\u00efque FM, dans laquelle il \u00e9voque...","og_url":"https:\/\/www.webdo.tn\/fr\/actualite\/national-45\/dbeibah-evoque-un-faux-rapport-sur-l-assassinat-de-kais-saied\/198871\/","og_site_name":"webdo","article_publisher":"https:\/\/www.facebook.com\/webdotn","article_published_time":"2022-11-13T15:11:00+00:00","article_modified_time":"2025-05-22T11:44:45+00:00","og_image":[{"width":750,"height":400,"url":"https:\/\/www.webdo.tn\/fr\/wp-content\/uploads\/2022\/11\/5168f08a5774b7fd763a80ce02c8305f.jpg","type":"image\/jpeg"}],"author":"CL","twitter_card":"summary_large_image","twitter_creator":"@webdo_tn","twitter_site":"@webdo_tn","twitter_misc":{"\u00c9crit par":"CL","Dur\u00e9e de lecture estim\u00e9e":"1 minute"},"schema":{"@context":"https:\/\/schema.org","@graph":[{"@type":"NewsArticle","@id":"https:\/\/www.webdo.tn\/fr\/actualite\/national-45\/dbeibah-evoque-un-faux-rapport-sur-l-assassinat-de-kais-saied\/198871\/#article","isPartOf":{"@id":"https:\/\/www.webdo.tn\/fr\/actualite\/national-45\/dbeibah-evoque-un-faux-rapport-sur-l-assassinat-de-kais-saied\/198871\/"},"author":{"name":"CL","@id":"https:\/\/www.webdo.tn\/fr\/#\/schema\/person\/f35b42a42c5e2511bbd282959d6385cc"},"headline":"Dbeibah \u00e9voque un faux rapport sur l\u2019assassinat de Kais Saied","datePublished":"2022-11-13T15:11:00+00:00","dateModified":"2025-05-22T11:44:45+00:00","mainEntityOfPage":{"@id":"https:\/\/www.webdo.tn\/fr\/actualite\/national-45\/dbeibah-evoque-un-faux-rapport-sur-l-assassinat-de-kais-saied\/198871\/"},"wordCount":175,"commentCount":0,"publisher":{"@id":"https:\/\/www.webdo.tn\/fr\/#organization"},"image":{"@id":"https:\/\/www.webdo.tn\/fr\/actualite\/national-45\/dbeibah-evoque-un-faux-rapport-sur-l-assassinat-de-kais-saied\/198871\/#primaryimage"},"thumbnailUrl":"https:\/\/www.webdo.tn\/fr\/wp-content\/uploads\/2022\/11\/5168f08a5774b7fd763a80ce02c8305f.jpg","keywords":["Libye","Saied","Tunisie"],"articleSection":["National"],"inLanguage":"fr-FR"},{"@type":"WebPage","@id":"https:\/\/www.webdo.tn\/fr\/actualite\/national-45\/dbeibah-evoque-un-faux-rapport-sur-l-assassinat-de-kais-saied\/198871\/","url":"https:\/\/www.webdo.tn\/fr\/actualite\/national-45\/dbeibah-evoque-un-faux-rapport-sur-l-assassinat-de-kais-saied\/198871\/","name":"Dbeibah \u00e9voque un faux rapport sur l\u2019assassinat de Kais Saied","isPartOf":{"@id":"https:\/\/www.webdo.tn\/fr\/#website"},"primaryImageOfPage":{"@id":"https:\/\/www.webdo.tn\/fr\/actualite\/national-45\/dbeibah-evoque-un-faux-rapport-sur-l-assassinat-de-kais-saied\/198871\/#primaryimage"},"image":{"@id":"https:\/\/www.webdo.tn\/fr\/actualite\/national-45\/dbeibah-evoque-un-faux-rapport-sur-l-assassinat-de-kais-saied\/198871\/#primaryimage"},"thumbnailUrl":"https:\/\/www.webdo.tn\/fr\/wp-content\/uploads\/2022\/11\/5168f08a5774b7fd763a80ce02c8305f.jpg","datePublished":"2022-11-13T15:11:00+00:00","dateModified":"2025-05-22T11:44:45+00:00","description":"Le premier ministre libyen par int\u00e9rim, Abdelhamid Dbeibah a accord\u00e9 ce dimanche 13 novembre 2022, une interview \u00e0 la radio Mosa\u00efque FM, dans laquelle il \u00e9voque...","breadcrumb":{"@id":"https:\/\/www.webdo.tn\/fr\/actualite\/national-45\/dbeibah-evoque-un-faux-rapport-sur-l-assassinat-de-kais-saied\/198871\/#breadcrumb"},"inLanguage":"fr-FR","potentialAction":[{"@type":"ReadAction","target":["https:\/\/www.webdo.tn\/fr\/actualite\/national-45\/dbeibah-evoque-un-faux-rapport-sur-l-assassinat-de-kais-saied\/198871\/"]}]},{"@type":"ImageObject","inLanguage":"fr-FR","@id":"https:\/\/www.webdo.tn\/fr\/actualite\/national-45\/dbeibah-evoque-un-faux-rapport-sur-l-assassinat-de-kais-saied\/198871\/#primaryimage","url":"https:\/\/www.webdo.tn\/fr\/wp-content\/uploads\/2022\/11\/5168f08a5774b7fd763a80ce02c8305f.jpg","contentUrl":"https:\/\/www.webdo.tn\/fr\/wp-content\/uploads\/2022\/11\/5168f08a5774b7fd763a80ce02c8305f.jpg","width":750,"height":400,"caption":"Dbeibah"},{"@type":"BreadcrumbList","@id":"https:\/\/www.webdo.tn\/fr\/actualite\/national-45\/dbeibah-evoque-un-faux-rapport-sur-l-assassinat-de-kais-saied\/198871\/#breadcrumb","itemListElement":[{"@type":"ListItem","position":1,"name":"Accueil","item":"https:\/\/www.webdo.tn\/fr\/"},{"@type":"ListItem","position":2,"name":"Dbeibah \u00e9voque un faux rapport sur l\u2019assassinat de Kais Saied"}]},{"@type":"WebSite","@id":"https:\/\/www.webdo.tn\/fr\/#website","url":"https:\/\/www.webdo.tn\/fr\/","name":"webdo","description":"Tunisie - News en Tunisie et \u00e0 l&#039;international sur Webdo.tn","publisher":{"@id":"https:\/\/www.webdo.tn\/fr\/#organization"},"potentialAction":[{"@type":"SearchAction","target":{"@type":"EntryPoint","urlTemplate":"https:\/\/www.webdo.tn\/fr\/?s={search_term_string}"},"query-input":{"@type":"PropertyValueSpecification","valueRequired":true,"valueName":"search_term_string"}}],"inLanguage":"fr-FR"},{"@type":"Organization","@id":"https:\/\/www.webdo.tn\/fr\/#organization","name":"Webdo","alternateName":"Webdo.tn","url":"https:\/\/www.webdo.tn\/fr\/","logo":{"@type":"ImageObject","inLanguage":"fr-FR","@id":"https:\/\/www.webdo.tn\/fr\/#\/schema\/logo\/image\/","url":"https:\/\/www.webdo.tn\/fr\/wp-content\/uploads\/2025\/06\/Webdo-Tunisie_168377.jpg","contentUrl":"https:\/\/www.webdo.tn\/fr\/wp-content\/uploads\/2025\/06\/Webdo-Tunisie_168377.jpg","width":301,"height":301,"caption":"Webdo"},"image":{"@id":"https:\/\/www.webdo.tn\/fr\/#\/schema\/logo\/image\/"},"sameAs":["https:\/\/www.facebook.com\/webdotn","https:\/\/x.com\/webdo_tn"],"description":"Webdo est un m\u00e9dia num\u00e9rique tunisien fond\u00e9 en 2010, sp\u00e9cialis\u00e9 dans l\u2019actualit\u00e9 nationale et internationale, l\u2019\u00e9conomie, la soci\u00e9t\u00e9 et les analyses politiques. Le site s\u2019adresse \u00e0 un large public francophone et couvre l\u2019information tunisienne en temps r\u00e9el.","email":"redac@webdo.tn","legalName":"YNJ SARL","foundingDate":"2010-09-06","numberOfEmployees":{"@type":"QuantitativeValue","minValue":"11","maxValue":"50"}},{"@type":"Person","@id":"https:\/\/www.webdo.tn\/fr\/#\/schema\/person\/f35b42a42c5e2511bbd282959d6385cc","name":"CL","image":{"@type":"ImageObject","inLanguage":"fr-FR","@id":"https:\/\/secure.gravatar.com\/avatar\/1447a49909b67aa657c488aec6512e1dd6143a480c1ecfee9b5b5cd74eb3b59e?s=96&d=mm&r=g","url":"https:\/\/secure.gravatar.com\/avatar\/1447a49909b67aa657c488aec6512e1dd6143a480c1ecfee9b5b5cd74eb3b59e?s=96&d=mm&r=g","contentUrl":"https:\/\/secure.gravatar.com\/avatar\/1447a49909b67aa657c488aec6512e1dd6143a480c1ecfee9b5b5cd74eb3b59e?s=96&d=mm&r=g","caption":"CL"},"url":"https:\/\/www.webdo.tn\/fr\/actualite\/author\/cl\/"}]}},"_links":{"self":[{"href":"https:\/\/www.webdo.tn\/fr\/wp-json\/wp\/v2\/posts\/198871","targetHints":{"allow":["GET"]}}],"collection":[{"href":"https:\/\/www.webdo.tn\/fr\/wp-json\/wp\/v2\/posts"}],"about":[{"href":"https:\/\/www.webdo.tn\/fr\/wp-json\/wp\/v2\/types\/post"}],"author":[{"embeddable":true,"href":"https:\/\/www.webdo.tn\/fr\/wp-json\/wp\/v2\/users\/3175"}],"replies":[{"embeddable":true,"href":"https:\/\/www.webdo.tn\/fr\/wp-json\/wp\/v2\/comments?post=198871"}],"version-history":[{"count":0,"href":"https:\/\/www.webdo.tn\/fr\/wp-json\/wp\/v2\/posts\/198871\/revisions"}],"wp:featuredmedia":[{"embeddable":true,"href":"https:\/\/www.webdo.tn\/fr\/wp-json\/wp\/v2\/media\/348619"}],"wp:attachment":[{"href":"https:\/\/www.webdo.tn\/fr\/wp-json\/wp\/v2\/media?parent=198871"}],"wp:term":[{"taxonomy":"category","embeddable":true,"href":"https:\/\/www.webdo.tn\/fr\/wp-json\/wp\/v2\/categories?post=198871"},{"taxonomy":"post_tag","embeddable":true,"href":"https:\/\/www.webdo.tn\/fr\/wp-json\/wp\/v2\/tags?post=198871"}],"curies":[{"name":"wp","href":"https:\/\/api.w.org\/{rel}","templated":true}]}}