{"id":198869,"date":"2022-11-13T12:20:00","date_gmt":"2022-11-13T12:20:00","guid":{"rendered":"https:\/\/www.webdo.tn\/fr\/actualite\/blog\/louise-mushikiwabo-le-sommet-de-la-francophonie-de-djerba-sera-couronne-de-succes\/198869\/"},"modified":"2025-05-22T11:44:49","modified_gmt":"2025-05-22T11:44:49","slug":"louise-mushikiwabo-le-sommet-de-la-francophonie-de-djerba-sera-couronne-de-succes","status":"publish","type":"post","link":"https:\/\/www.webdo.tn\/fr\/actualite\/national\/louise-mushikiwabo-le-sommet-de-la-francophonie-de-djerba-sera-couronne-de-succes\/198869\/","title":{"rendered":"Louise Mushikiwabo : \u00ab Le sommet de la francophonie de Djerba sera couronn\u00e9 de succ\u00e8s \u00bb"},"content":{"rendered":"<p>La secr\u00e9taire g\u00e9n\u00e9rale de la francophonie, Louise Mushikiwabo, a affirm\u00e9 que la 18\u00e8me \u00e9dition du sommet de la Francophonie de DJerba connaitra un grand succ\u00e8s gr\u00e2ce aux efforts d\u00e9ploy\u00e9s par toutes les parties et structures en Tunisie et \u00e0 la participation d&rsquo;un nombre important des d\u00e9l\u00e9gations des pays francophones.<\/p>\n<p> Le ministre du tourisme, Mohamed Moez Belhassine, a accueilli la secr\u00e9taire g\u00e9n\u00e9rale de la Francophonie et la d\u00e9l\u00e9gation qui l&rsquo;accompagne, samedi soir \u00e0 l&rsquo;a\u00e9roport international de Djerba Zarzis.<\/p>\n<p>Le ministre a inform\u00e9 Mushikiwabo des derniers pr\u00e9paratifs pour l&rsquo;organisation du sommet, soulignant que toutes les conditions n\u00e9cessaires ont \u00e9t\u00e9 assur\u00e9es pour garantir la r\u00e9ussite de cet \u00e9v\u00e9nement mondial.<\/p>\n<p>Il a indiqu\u00e9 que tous les \u00e9tablissements touristiques s&rsquo;appr\u00eatent \u00e0 accueillir et \u00e0 recevoir les h\u00f4tes de la Tunisie, que ce soit dans les diff\u00e9rentes institutions d&rsquo;h\u00e9bergement touristique, le village francophone, les restaurants touristiques, les routes touristiques officielles et le si\u00e8ge de l&rsquo;organisation du sommet.<br \/>\nLe sommet de la francophonie se tiendra, les 19 et 20 novembre courant, \u00e0 Djerba, sur le th\u00e8me \u00a0\u00bb La connectivit\u00e9 dans la diversit\u00e9 : Le num\u00e9rique, vecteur de d\u00e9veloppement et de solidarit\u00e9 dans l\u2019espace francophone\u00a0\u00bb.<\/p>\n<p>En marge de ce sommet, un Forum \u00e9conomique francophone se tiendra, lors duquel, un prix \u00ab\u00a0FEF Djerba 2022\u00a0\u00bb sera d\u00e9cern\u00e9 \u00e0 des start ups qui se sont distingu\u00e9es \u00e0 l&rsquo;international pour leurs efforts et leur contribution active et efficace dans la r\u00e9alisation des objectifs de d\u00e9veloppement dans l\u2019espace Francophone.<\/p>\n","protected":false},"excerpt":{"rendered":"<p>La secr\u00e9taire g\u00e9n\u00e9rale de la francophonie, Louise Mushikiwabo, a affirm\u00e9 que la 18\u00e8me \u00e9dition du sommet de la Francophonie de DJerba connaitra un grand succ\u00e8s g&#8230;<\/p>\n","protected":false},"author":3175,"featured_media":348621,"comment_status":"open","ping_status":"closed","sticky":false,"template":"","format":"standard","meta":{"footnotes":""},"categories":[44],"tags":[9009,2608],"class_list":["post-198869","post","type-post","status-publish","format-standard","has-post-thumbnail","hentry","category-national","tag-francophonie","tag-tunisie"],"yoast_head":"<!-- This site is optimized with the Yoast SEO Premium plugin v27.4 (Yoast SEO v27.5) - https:\/\/yoast.com\/product\/yoast-seo-premium-wordpress\/ -->\n<title>Louise Mushikiwabo : \u00ab Le sommet de la francophonie de Djerba sera couronn\u00e9 de succ\u00e8s \u00bb<\/title>\n<meta name=\"description\" content=\"La secr\u00e9taire g\u00e9n\u00e9rale de la francophonie, Louise Mushikiwabo, a affirm\u00e9 que la 18\u00e8me \u00e9dition du sommet de la Francophonie de DJerba connaitra un grand succ\u00e8s g...\" \/>\n<link rel=\"canonical\" href=\"https:\/\/www.webdo.tn\/fr\/actualite\/national-45\/louise-mushikiwabo-le-sommet-de-la-francophonie-de-djerba-sera-couronne-de-succes\/198869\/\" \/>\n<meta property=\"og:locale\" content=\"fr_FR\" \/>\n<meta property=\"og:type\" content=\"article\" \/>\n<meta property=\"og:title\" content=\"Louise Mushikiwabo : \u00ab Le sommet de la francophonie de Djerba sera couronn\u00e9 de succ\u00e8s \u00bb\" \/>\n<meta property=\"og:description\" content=\"La secr\u00e9taire g\u00e9n\u00e9rale de la francophonie, Louise Mushikiwabo, a affirm\u00e9 que la 18\u00e8me \u00e9dition du sommet de la Francophonie de DJerba connaitra un grand succ\u00e8s g...\" \/>\n<meta property=\"og:url\" content=\"https:\/\/www.webdo.tn\/fr\/actualite\/national-45\/louise-mushikiwabo-le-sommet-de-la-francophonie-de-djerba-sera-couronne-de-succes\/198869\/\" \/>\n<meta property=\"og:site_name\" content=\"webdo\" \/>\n<meta property=\"article:publisher\" content=\"https:\/\/www.facebook.com\/webdotn\" \/>\n<meta property=\"article:published_time\" content=\"2022-11-13T12:20:00+00:00\" \/>\n<meta property=\"article:modified_time\" content=\"2025-05-22T11:44:49+00:00\" \/>\n<meta property=\"og:image\" content=\"https:\/\/www.webdo.tn\/fr\/wp-content\/uploads\/2022\/11\/a7315a4f8c31d833bede62ae807af9d8.jpg\" \/>\n\t<meta property=\"og:image:width\" content=\"750\" \/>\n\t<meta property=\"og:image:height\" content=\"400\" \/>\n\t<meta property=\"og:image:type\" content=\"image\/jpeg\" \/>\n<meta name=\"author\" content=\"CL\" \/>\n<meta name=\"twitter:card\" content=\"summary_large_image\" \/>\n<meta name=\"twitter:creator\" content=\"@webdo_tn\" \/>\n<meta name=\"twitter:site\" content=\"@webdo_tn\" \/>\n<meta name=\"twitter:label1\" content=\"\u00c9crit par\" \/>\n\t<meta name=\"twitter:data1\" content=\"CL\" \/>\n\t<meta name=\"twitter:label2\" content=\"Dur\u00e9e de lecture estim\u00e9e\" \/>\n\t<meta name=\"twitter:data2\" content=\"1 minute\" \/>\n<script type=\"application\/ld+json\" class=\"yoast-schema-graph\">{\"@context\":\"https:\\\/\\\/schema.org\",\"@graph\":[{\"@type\":\"NewsArticle\",\"@id\":\"https:\\\/\\\/www.webdo.tn\\\/fr\\\/actualite\\\/national-45\\\/louise-mushikiwabo-le-sommet-de-la-francophonie-de-djerba-sera-couronne-de-succes\\\/198869\\\/#article\",\"isPartOf\":{\"@id\":\"https:\\\/\\\/www.webdo.tn\\\/fr\\\/actualite\\\/national-45\\\/louise-mushikiwabo-le-sommet-de-la-francophonie-de-djerba-sera-couronne-de-succes\\\/198869\\\/\"},\"author\":{\"name\":\"CL\",\"@id\":\"https:\\\/\\\/www.webdo.tn\\\/fr\\\/#\\\/schema\\\/person\\\/f35b42a42c5e2511bbd282959d6385cc\"},\"headline\":\"Louise Mushikiwabo : \u00ab Le sommet de la francophonie de Djerba sera couronn\u00e9 de succ\u00e8s \u00bb\",\"datePublished\":\"2022-11-13T12:20:00+00:00\",\"dateModified\":\"2025-05-22T11:44:49+00:00\",\"mainEntityOfPage\":{\"@id\":\"https:\\\/\\\/www.webdo.tn\\\/fr\\\/actualite\\\/national-45\\\/louise-mushikiwabo-le-sommet-de-la-francophonie-de-djerba-sera-couronne-de-succes\\\/198869\\\/\"},\"wordCount\":280,\"commentCount\":0,\"publisher\":{\"@id\":\"https:\\\/\\\/www.webdo.tn\\\/fr\\\/#organization\"},\"image\":{\"@id\":\"https:\\\/\\\/www.webdo.tn\\\/fr\\\/actualite\\\/national-45\\\/louise-mushikiwabo-le-sommet-de-la-francophonie-de-djerba-sera-couronne-de-succes\\\/198869\\\/#primaryimage\"},\"thumbnailUrl\":\"https:\\\/\\\/www.webdo.tn\\\/fr\\\/wp-content\\\/uploads\\\/2022\\\/11\\\/a7315a4f8c31d833bede62ae807af9d8.jpg\",\"keywords\":[\"francophonie\",\"Tunisie\"],\"articleSection\":[\"National\"],\"inLanguage\":\"fr-FR\"},{\"@type\":\"WebPage\",\"@id\":\"https:\\\/\\\/www.webdo.tn\\\/fr\\\/actualite\\\/national-45\\\/louise-mushikiwabo-le-sommet-de-la-francophonie-de-djerba-sera-couronne-de-succes\\\/198869\\\/\",\"url\":\"https:\\\/\\\/www.webdo.tn\\\/fr\\\/actualite\\\/national-45\\\/louise-mushikiwabo-le-sommet-de-la-francophonie-de-djerba-sera-couronne-de-succes\\\/198869\\\/\",\"name\":\"Louise Mushikiwabo : \u00ab Le sommet de la francophonie de Djerba sera couronn\u00e9 de succ\u00e8s \u00bb\",\"isPartOf\":{\"@id\":\"https:\\\/\\\/www.webdo.tn\\\/fr\\\/#website\"},\"primaryImageOfPage\":{\"@id\":\"https:\\\/\\\/www.webdo.tn\\\/fr\\\/actualite\\\/national-45\\\/louise-mushikiwabo-le-sommet-de-la-francophonie-de-djerba-sera-couronne-de-succes\\\/198869\\\/#primaryimage\"},\"image\":{\"@id\":\"https:\\\/\\\/www.webdo.tn\\\/fr\\\/actualite\\\/national-45\\\/louise-mushikiwabo-le-sommet-de-la-francophonie-de-djerba-sera-couronne-de-succes\\\/198869\\\/#primaryimage\"},\"thumbnailUrl\":\"https:\\\/\\\/www.webdo.tn\\\/fr\\\/wp-content\\\/uploads\\\/2022\\\/11\\\/a7315a4f8c31d833bede62ae807af9d8.jpg\",\"datePublished\":\"2022-11-13T12:20:00+00:00\",\"dateModified\":\"2025-05-22T11:44:49+00:00\",\"description\":\"La secr\u00e9taire g\u00e9n\u00e9rale de la francophonie, Louise Mushikiwabo, a affirm\u00e9 que la 18\u00e8me \u00e9dition du sommet de la Francophonie de DJerba connaitra un grand succ\u00e8s g...\",\"breadcrumb\":{\"@id\":\"https:\\\/\\\/www.webdo.tn\\\/fr\\\/actualite\\\/national-45\\\/louise-mushikiwabo-le-sommet-de-la-francophonie-de-djerba-sera-couronne-de-succes\\\/198869\\\/#breadcrumb\"},\"inLanguage\":\"fr-FR\",\"potentialAction\":[{\"@type\":\"ReadAction\",\"target\":[\"https:\\\/\\\/www.webdo.tn\\\/fr\\\/actualite\\\/national-45\\\/louise-mushikiwabo-le-sommet-de-la-francophonie-de-djerba-sera-couronne-de-succes\\\/198869\\\/\"]}]},{\"@type\":\"ImageObject\",\"inLanguage\":\"fr-FR\",\"@id\":\"https:\\\/\\\/www.webdo.tn\\\/fr\\\/actualite\\\/national-45\\\/louise-mushikiwabo-le-sommet-de-la-francophonie-de-djerba-sera-couronne-de-succes\\\/198869\\\/#primaryimage\",\"url\":\"https:\\\/\\\/www.webdo.tn\\\/fr\\\/wp-content\\\/uploads\\\/2022\\\/11\\\/a7315a4f8c31d833bede62ae807af9d8.jpg\",\"contentUrl\":\"https:\\\/\\\/www.webdo.tn\\\/fr\\\/wp-content\\\/uploads\\\/2022\\\/11\\\/a7315a4f8c31d833bede62ae807af9d8.jpg\",\"width\":750,\"height\":400,\"caption\":\"Francophonie\"},{\"@type\":\"BreadcrumbList\",\"@id\":\"https:\\\/\\\/www.webdo.tn\\\/fr\\\/actualite\\\/national-45\\\/louise-mushikiwabo-le-sommet-de-la-francophonie-de-djerba-sera-couronne-de-succes\\\/198869\\\/#breadcrumb\",\"itemListElement\":[{\"@type\":\"ListItem\",\"position\":1,\"name\":\"Accueil\",\"item\":\"https:\\\/\\\/www.webdo.tn\\\/fr\\\/\"},{\"@type\":\"ListItem\",\"position\":2,\"name\":\"Louise Mushikiwabo : \u00ab Le sommet de la francophonie de Djerba sera couronn\u00e9 de succ\u00e8s \u00bb\"}]},{\"@type\":\"WebSite\",\"@id\":\"https:\\\/\\\/www.webdo.tn\\\/fr\\\/#website\",\"url\":\"https:\\\/\\\/www.webdo.tn\\\/fr\\\/\",\"name\":\"webdo\",\"description\":\"Tunisie - News en Tunisie et \u00e0 l&#039;international sur Webdo.tn\",\"publisher\":{\"@id\":\"https:\\\/\\\/www.webdo.tn\\\/fr\\\/#organization\"},\"potentialAction\":[{\"@type\":\"SearchAction\",\"target\":{\"@type\":\"EntryPoint\",\"urlTemplate\":\"https:\\\/\\\/www.webdo.tn\\\/fr\\\/?s={search_term_string}\"},\"query-input\":{\"@type\":\"PropertyValueSpecification\",\"valueRequired\":true,\"valueName\":\"search_term_string\"}}],\"inLanguage\":\"fr-FR\"},{\"@type\":\"Organization\",\"@id\":\"https:\\\/\\\/www.webdo.tn\\\/fr\\\/#organization\",\"name\":\"Webdo\",\"alternateName\":\"Webdo.tn\",\"url\":\"https:\\\/\\\/www.webdo.tn\\\/fr\\\/\",\"logo\":{\"@type\":\"ImageObject\",\"inLanguage\":\"fr-FR\",\"@id\":\"https:\\\/\\\/www.webdo.tn\\\/fr\\\/#\\\/schema\\\/logo\\\/image\\\/\",\"url\":\"https:\\\/\\\/www.webdo.tn\\\/fr\\\/wp-content\\\/uploads\\\/2025\\\/06\\\/Webdo-Tunisie_168377.jpg\",\"contentUrl\":\"https:\\\/\\\/www.webdo.tn\\\/fr\\\/wp-content\\\/uploads\\\/2025\\\/06\\\/Webdo-Tunisie_168377.jpg\",\"width\":301,\"height\":301,\"caption\":\"Webdo\"},\"image\":{\"@id\":\"https:\\\/\\\/www.webdo.tn\\\/fr\\\/#\\\/schema\\\/logo\\\/image\\\/\"},\"sameAs\":[\"https:\\\/\\\/www.facebook.com\\\/webdotn\",\"https:\\\/\\\/x.com\\\/webdo_tn\"],\"description\":\"Webdo est un m\u00e9dia num\u00e9rique tunisien fond\u00e9 en 2010, sp\u00e9cialis\u00e9 dans l\u2019actualit\u00e9 nationale et internationale, l\u2019\u00e9conomie, la soci\u00e9t\u00e9 et les analyses politiques. Le site s\u2019adresse \u00e0 un large public francophone et couvre l\u2019information tunisienne en temps r\u00e9el.\",\"email\":\"redac@webdo.tn\",\"legalName\":\"YNJ SARL\",\"foundingDate\":\"2010-09-06\",\"numberOfEmployees\":{\"@type\":\"QuantitativeValue\",\"minValue\":\"11\",\"maxValue\":\"50\"}},{\"@type\":\"Person\",\"@id\":\"https:\\\/\\\/www.webdo.tn\\\/fr\\\/#\\\/schema\\\/person\\\/f35b42a42c5e2511bbd282959d6385cc\",\"name\":\"CL\",\"image\":{\"@type\":\"ImageObject\",\"inLanguage\":\"fr-FR\",\"@id\":\"https:\\\/\\\/secure.gravatar.com\\\/avatar\\\/1447a49909b67aa657c488aec6512e1dd6143a480c1ecfee9b5b5cd74eb3b59e?s=96&d=mm&r=g\",\"url\":\"https:\\\/\\\/secure.gravatar.com\\\/avatar\\\/1447a49909b67aa657c488aec6512e1dd6143a480c1ecfee9b5b5cd74eb3b59e?s=96&d=mm&r=g\",\"contentUrl\":\"https:\\\/\\\/secure.gravatar.com\\\/avatar\\\/1447a49909b67aa657c488aec6512e1dd6143a480c1ecfee9b5b5cd74eb3b59e?s=96&d=mm&r=g\",\"caption\":\"CL\"},\"url\":\"https:\\\/\\\/www.webdo.tn\\\/fr\\\/actualite\\\/author\\\/cl\\\/\"}]}<\/script>\n<!-- \/ Yoast SEO Premium plugin. -->","yoast_head_json":{"title":"Louise Mushikiwabo : \u00ab Le sommet de la francophonie de Djerba sera couronn\u00e9 de succ\u00e8s \u00bb","description":"La secr\u00e9taire g\u00e9n\u00e9rale de la francophonie, Louise Mushikiwabo, a affirm\u00e9 que la 18\u00e8me \u00e9dition du sommet de la Francophonie de DJerba connaitra un grand succ\u00e8s g...","canonical":"https:\/\/www.webdo.tn\/fr\/actualite\/national-45\/louise-mushikiwabo-le-sommet-de-la-francophonie-de-djerba-sera-couronne-de-succes\/198869\/","og_locale":"fr_FR","og_type":"article","og_title":"Louise Mushikiwabo : \u00ab Le sommet de la francophonie de Djerba sera couronn\u00e9 de succ\u00e8s \u00bb","og_description":"La secr\u00e9taire g\u00e9n\u00e9rale de la francophonie, Louise Mushikiwabo, a affirm\u00e9 que la 18\u00e8me \u00e9dition du sommet de la Francophonie de DJerba connaitra un grand succ\u00e8s g...","og_url":"https:\/\/www.webdo.tn\/fr\/actualite\/national-45\/louise-mushikiwabo-le-sommet-de-la-francophonie-de-djerba-sera-couronne-de-succes\/198869\/","og_site_name":"webdo","article_publisher":"https:\/\/www.facebook.com\/webdotn","article_published_time":"2022-11-13T12:20:00+00:00","article_modified_time":"2025-05-22T11:44:49+00:00","og_image":[{"width":750,"height":400,"url":"https:\/\/www.webdo.tn\/fr\/wp-content\/uploads\/2022\/11\/a7315a4f8c31d833bede62ae807af9d8.jpg","type":"image\/jpeg"}],"author":"CL","twitter_card":"summary_large_image","twitter_creator":"@webdo_tn","twitter_site":"@webdo_tn","twitter_misc":{"\u00c9crit par":"CL","Dur\u00e9e de lecture estim\u00e9e":"1 minute"},"schema":{"@context":"https:\/\/schema.org","@graph":[{"@type":"NewsArticle","@id":"https:\/\/www.webdo.tn\/fr\/actualite\/national-45\/louise-mushikiwabo-le-sommet-de-la-francophonie-de-djerba-sera-couronne-de-succes\/198869\/#article","isPartOf":{"@id":"https:\/\/www.webdo.tn\/fr\/actualite\/national-45\/louise-mushikiwabo-le-sommet-de-la-francophonie-de-djerba-sera-couronne-de-succes\/198869\/"},"author":{"name":"CL","@id":"https:\/\/www.webdo.tn\/fr\/#\/schema\/person\/f35b42a42c5e2511bbd282959d6385cc"},"headline":"Louise Mushikiwabo : \u00ab Le sommet de la francophonie de Djerba sera couronn\u00e9 de succ\u00e8s \u00bb","datePublished":"2022-11-13T12:20:00+00:00","dateModified":"2025-05-22T11:44:49+00:00","mainEntityOfPage":{"@id":"https:\/\/www.webdo.tn\/fr\/actualite\/national-45\/louise-mushikiwabo-le-sommet-de-la-francophonie-de-djerba-sera-couronne-de-succes\/198869\/"},"wordCount":280,"commentCount":0,"publisher":{"@id":"https:\/\/www.webdo.tn\/fr\/#organization"},"image":{"@id":"https:\/\/www.webdo.tn\/fr\/actualite\/national-45\/louise-mushikiwabo-le-sommet-de-la-francophonie-de-djerba-sera-couronne-de-succes\/198869\/#primaryimage"},"thumbnailUrl":"https:\/\/www.webdo.tn\/fr\/wp-content\/uploads\/2022\/11\/a7315a4f8c31d833bede62ae807af9d8.jpg","keywords":["francophonie","Tunisie"],"articleSection":["National"],"inLanguage":"fr-FR"},{"@type":"WebPage","@id":"https:\/\/www.webdo.tn\/fr\/actualite\/national-45\/louise-mushikiwabo-le-sommet-de-la-francophonie-de-djerba-sera-couronne-de-succes\/198869\/","url":"https:\/\/www.webdo.tn\/fr\/actualite\/national-45\/louise-mushikiwabo-le-sommet-de-la-francophonie-de-djerba-sera-couronne-de-succes\/198869\/","name":"Louise Mushikiwabo : \u00ab Le sommet de la francophonie de Djerba sera couronn\u00e9 de succ\u00e8s \u00bb","isPartOf":{"@id":"https:\/\/www.webdo.tn\/fr\/#website"},"primaryImageOfPage":{"@id":"https:\/\/www.webdo.tn\/fr\/actualite\/national-45\/louise-mushikiwabo-le-sommet-de-la-francophonie-de-djerba-sera-couronne-de-succes\/198869\/#primaryimage"},"image":{"@id":"https:\/\/www.webdo.tn\/fr\/actualite\/national-45\/louise-mushikiwabo-le-sommet-de-la-francophonie-de-djerba-sera-couronne-de-succes\/198869\/#primaryimage"},"thumbnailUrl":"https:\/\/www.webdo.tn\/fr\/wp-content\/uploads\/2022\/11\/a7315a4f8c31d833bede62ae807af9d8.jpg","datePublished":"2022-11-13T12:20:00+00:00","dateModified":"2025-05-22T11:44:49+00:00","description":"La secr\u00e9taire g\u00e9n\u00e9rale de la francophonie, Louise Mushikiwabo, a affirm\u00e9 que la 18\u00e8me \u00e9dition du sommet de la Francophonie de DJerba connaitra un grand succ\u00e8s g...","breadcrumb":{"@id":"https:\/\/www.webdo.tn\/fr\/actualite\/national-45\/louise-mushikiwabo-le-sommet-de-la-francophonie-de-djerba-sera-couronne-de-succes\/198869\/#breadcrumb"},"inLanguage":"fr-FR","potentialAction":[{"@type":"ReadAction","target":["https:\/\/www.webdo.tn\/fr\/actualite\/national-45\/louise-mushikiwabo-le-sommet-de-la-francophonie-de-djerba-sera-couronne-de-succes\/198869\/"]}]},{"@type":"ImageObject","inLanguage":"fr-FR","@id":"https:\/\/www.webdo.tn\/fr\/actualite\/national-45\/louise-mushikiwabo-le-sommet-de-la-francophonie-de-djerba-sera-couronne-de-succes\/198869\/#primaryimage","url":"https:\/\/www.webdo.tn\/fr\/wp-content\/uploads\/2022\/11\/a7315a4f8c31d833bede62ae807af9d8.jpg","contentUrl":"https:\/\/www.webdo.tn\/fr\/wp-content\/uploads\/2022\/11\/a7315a4f8c31d833bede62ae807af9d8.jpg","width":750,"height":400,"caption":"Francophonie"},{"@type":"BreadcrumbList","@id":"https:\/\/www.webdo.tn\/fr\/actualite\/national-45\/louise-mushikiwabo-le-sommet-de-la-francophonie-de-djerba-sera-couronne-de-succes\/198869\/#breadcrumb","itemListElement":[{"@type":"ListItem","position":1,"name":"Accueil","item":"https:\/\/www.webdo.tn\/fr\/"},{"@type":"ListItem","position":2,"name":"Louise Mushikiwabo : \u00ab Le sommet de la francophonie de Djerba sera couronn\u00e9 de succ\u00e8s \u00bb"}]},{"@type":"WebSite","@id":"https:\/\/www.webdo.tn\/fr\/#website","url":"https:\/\/www.webdo.tn\/fr\/","name":"webdo","description":"Tunisie - News en Tunisie et \u00e0 l&#039;international sur Webdo.tn","publisher":{"@id":"https:\/\/www.webdo.tn\/fr\/#organization"},"potentialAction":[{"@type":"SearchAction","target":{"@type":"EntryPoint","urlTemplate":"https:\/\/www.webdo.tn\/fr\/?s={search_term_string}"},"query-input":{"@type":"PropertyValueSpecification","valueRequired":true,"valueName":"search_term_string"}}],"inLanguage":"fr-FR"},{"@type":"Organization","@id":"https:\/\/www.webdo.tn\/fr\/#organization","name":"Webdo","alternateName":"Webdo.tn","url":"https:\/\/www.webdo.tn\/fr\/","logo":{"@type":"ImageObject","inLanguage":"fr-FR","@id":"https:\/\/www.webdo.tn\/fr\/#\/schema\/logo\/image\/","url":"https:\/\/www.webdo.tn\/fr\/wp-content\/uploads\/2025\/06\/Webdo-Tunisie_168377.jpg","contentUrl":"https:\/\/www.webdo.tn\/fr\/wp-content\/uploads\/2025\/06\/Webdo-Tunisie_168377.jpg","width":301,"height":301,"caption":"Webdo"},"image":{"@id":"https:\/\/www.webdo.tn\/fr\/#\/schema\/logo\/image\/"},"sameAs":["https:\/\/www.facebook.com\/webdotn","https:\/\/x.com\/webdo_tn"],"description":"Webdo est un m\u00e9dia num\u00e9rique tunisien fond\u00e9 en 2010, sp\u00e9cialis\u00e9 dans l\u2019actualit\u00e9 nationale et internationale, l\u2019\u00e9conomie, la soci\u00e9t\u00e9 et les analyses politiques. Le site s\u2019adresse \u00e0 un large public francophone et couvre l\u2019information tunisienne en temps r\u00e9el.","email":"redac@webdo.tn","legalName":"YNJ SARL","foundingDate":"2010-09-06","numberOfEmployees":{"@type":"QuantitativeValue","minValue":"11","maxValue":"50"}},{"@type":"Person","@id":"https:\/\/www.webdo.tn\/fr\/#\/schema\/person\/f35b42a42c5e2511bbd282959d6385cc","name":"CL","image":{"@type":"ImageObject","inLanguage":"fr-FR","@id":"https:\/\/secure.gravatar.com\/avatar\/1447a49909b67aa657c488aec6512e1dd6143a480c1ecfee9b5b5cd74eb3b59e?s=96&d=mm&r=g","url":"https:\/\/secure.gravatar.com\/avatar\/1447a49909b67aa657c488aec6512e1dd6143a480c1ecfee9b5b5cd74eb3b59e?s=96&d=mm&r=g","contentUrl":"https:\/\/secure.gravatar.com\/avatar\/1447a49909b67aa657c488aec6512e1dd6143a480c1ecfee9b5b5cd74eb3b59e?s=96&d=mm&r=g","caption":"CL"},"url":"https:\/\/www.webdo.tn\/fr\/actualite\/author\/cl\/"}]}},"_links":{"self":[{"href":"https:\/\/www.webdo.tn\/fr\/wp-json\/wp\/v2\/posts\/198869","targetHints":{"allow":["GET"]}}],"collection":[{"href":"https:\/\/www.webdo.tn\/fr\/wp-json\/wp\/v2\/posts"}],"about":[{"href":"https:\/\/www.webdo.tn\/fr\/wp-json\/wp\/v2\/types\/post"}],"author":[{"embeddable":true,"href":"https:\/\/www.webdo.tn\/fr\/wp-json\/wp\/v2\/users\/3175"}],"replies":[{"embeddable":true,"href":"https:\/\/www.webdo.tn\/fr\/wp-json\/wp\/v2\/comments?post=198869"}],"version-history":[{"count":0,"href":"https:\/\/www.webdo.tn\/fr\/wp-json\/wp\/v2\/posts\/198869\/revisions"}],"wp:featuredmedia":[{"embeddable":true,"href":"https:\/\/www.webdo.tn\/fr\/wp-json\/wp\/v2\/media\/348621"}],"wp:attachment":[{"href":"https:\/\/www.webdo.tn\/fr\/wp-json\/wp\/v2\/media?parent=198869"}],"wp:term":[{"taxonomy":"category","embeddable":true,"href":"https:\/\/www.webdo.tn\/fr\/wp-json\/wp\/v2\/categories?post=198869"},{"taxonomy":"post_tag","embeddable":true,"href":"https:\/\/www.webdo.tn\/fr\/wp-json\/wp\/v2\/tags?post=198869"}],"curies":[{"name":"wp","href":"https:\/\/api.w.org\/{rel}","templated":true}]}}