{"id":198855,"date":"2022-11-12T13:36:00","date_gmt":"2022-11-12T13:36:00","guid":{"rendered":"https:\/\/www.webdo.tn\/fr\/actualite\/blog\/jort-exclusion-de-27-activites-dans-les-zones-communales-du-regime-forfaitaire\/198855\/"},"modified":"2025-05-22T11:44:41","modified_gmt":"2025-05-22T11:44:41","slug":"jort-exclusion-de-27-activites-dans-les-zones-communales-du-regime-forfaitaire","status":"publish","type":"post","link":"https:\/\/www.webdo.tn\/fr\/actualite\/national\/jort-exclusion-de-27-activites-dans-les-zones-communales-du-regime-forfaitaire\/198855\/","title":{"rendered":"JORT : exclusion de 27 activit\u00e9s dans les zones communales du r\u00e9gime forfaitaire"},"content":{"rendered":"<p>Le gouvernement vient d\u2019exclure 27 activit\u00e9s industrielles, commerciales et de services exerc\u00e9es par les entreprises dans les zones communales du b\u00e9n\u00e9fice du r\u00e9gime forfaitaire.<\/p>\n<p> Cette nouvelle liste, qui entrera en vigueur \u00e0 partir du d\u00e9but du mois de janvier 2023, a \u00e9t\u00e9 publi\u00e9e au Journal officiel de la R\u00e9publique tunisienne du 11 novembre 2022 (D\u00e9cret n\u00b0 2022-802 du 9 novembre 2022, compl\u00e9tant le d\u00e9cret n\u00b0 2014-2939 du 1er ao\u00fbt 2014).<\/p>\n<p>Sont ajout\u00e9es \u00e0 la liste num\u00e9ro 1 relative aux activit\u00e9s industrielles annex\u00e9e au d\u00e9cret du 1er ao\u00fbt 2014 susvis\u00e9, les activit\u00e9s de fabrication du b\u00e9ton pr\u00eat \u00e0 l&#8217;emploi, du d\u00e9coupage du marbre, de fabrication de produits de quincaillerie, d\u2019industrie et de transformation des mati\u00e8res plastiques, de fabrication de p\u00e2te papier, papier et carton, de conditionnement des l\u00e9gumes et fruits, d\u2019huileries et mise en bouteille de l&rsquo;huile d&rsquo;olive et de menuiserie aluminium.<\/p>\n<p>Les activit\u00e9s de commerce des v\u00e9hicules de transport d&rsquo;occasion, du commerce des matelas et mousse, de vente des fruits secs, de vente de ferrailles et de pi\u00e8ces d&rsquo;occasion, de vente de viandes rouges et d\u00e9riv\u00e9s, de vente de p\u00e2tisserie et de glace et de sup\u00e9rettes, sont ajout\u00e9es \u00e0 la liste num\u00e9ro 2 relative aux activit\u00e9s de commerce annex\u00e9e au d\u00e9cret de 2014.<\/p>\n<p>S\u2019agissant des activit\u00e9s de services, sont ajout\u00e9es \u00e0 la liste num\u00e9ro 3 les bureaux de change, le transport de fonds, les kiosques et revente de carburant, les pensions de famille, les chambres d&rsquo;h\u00f4tes, les agences de publicit\u00e9, l\u2019organisation des salons et des foires, les caf\u00e9s de toute cat\u00e9gorie y compris les buvettes, la m\u00e9canique g\u00e9n\u00e9rale, la t\u00f4lerie et peinture automobiles, l\u2019\u00e9lectricit\u00e9 automobiles et la location immobili\u00e8re meubl\u00e9e.<\/p>\n<p>Le projet de d\u00e9cret compl\u00e9tant le d\u00e9cret n\u00b0 2939 du 1 ao\u00fbt 2014, portant fixation de la liste des activit\u00e9s exerc\u00e9es par les entreprises dans les zones communales exclues du b\u00e9n\u00e9fice du r\u00e9gime forfaitaire pr\u00e9vu par l&rsquo;article 44 bis du code de l&rsquo;imp\u00f4t sur le revenu des personnes physiques et de l&rsquo;imp\u00f4t sur les soci\u00e9t\u00e9s a \u00e9t\u00e9 adopt\u00e9 par un conseil minist\u00e9riel tenu, le 22 septembre 2022.<\/p>\n<p>Selon l\u2019article 44 bis du code de l&rsquo;imp\u00f4t sur le revenu des personnes physiques et de l&rsquo;imp\u00f4t sur les soci\u00e9t\u00e9s, sont soumises \u00e0 l&rsquo;imp\u00f4t sur le revenu selon le r\u00e9gime forfaitaire d&rsquo;imposition, les entreprises individuelles qui r\u00e9alisent des revenus de la cat\u00e9gorie des b\u00e9n\u00e9fices industriels et commerciaux dans le cadre d\u2019un \u00e9tablissement unique pour une p\u00e9riode de 4 ans \u00e0 compter de la date du d\u00e9p\u00f4t de la d\u00e9claration d\u2019existence.<\/p>\n","protected":false},"excerpt":{"rendered":"<p>Le gouvernement vient d\u2019exclure 27 activit\u00e9s industrielles, commerciales et de services exerc\u00e9es par les entreprises dans les zones communales du b\u00e9n\u00e9fice du r\u00e9&#8230;<\/p>\n","protected":false},"author":3201,"featured_media":348615,"comment_status":"open","ping_status":"closed","sticky":false,"template":"","format":"standard","meta":{"footnotes":""},"categories":[44],"tags":[3897,11562,11563],"class_list":["post-198855","post","type-post","status-publish","format-standard","has-post-thumbnail","hentry","category-national","tag-jort","tag-regime-forfaitaire","tag-zones-communales"],"yoast_head":"<!-- This site is optimized with the Yoast SEO Premium plugin v27.4 (Yoast SEO v27.4) - https:\/\/yoast.com\/product\/yoast-seo-premium-wordpress\/ -->\n<title>JORT : exclusion de 27 activit\u00e9s dans les zones communales du r\u00e9gime forfaitaire<\/title>\n<meta name=\"description\" content=\"Le gouvernement vient d\u2019exclure 27 activit\u00e9s industrielles, commerciales et de services exerc\u00e9es par les entreprises dans les zones communales du b\u00e9n\u00e9fice du r\u00e9...\" \/>\n<link rel=\"canonical\" href=\"https:\/\/www.webdo.tn\/fr\/actualite\/national-45\/jort-exclusion-de-27-activites-dans-les-zones-communales-du-regime-forfaitaire\/198855\/\" \/>\n<meta property=\"og:locale\" content=\"fr_FR\" \/>\n<meta property=\"og:type\" content=\"article\" \/>\n<meta property=\"og:title\" content=\"JORT : exclusion de 27 activit\u00e9s dans les zones communales du r\u00e9gime forfaitaire\" \/>\n<meta property=\"og:description\" content=\"Le gouvernement vient d\u2019exclure 27 activit\u00e9s industrielles, commerciales et de services exerc\u00e9es par les entreprises dans les zones communales du b\u00e9n\u00e9fice du r\u00e9...\" \/>\n<meta property=\"og:url\" content=\"https:\/\/www.webdo.tn\/fr\/actualite\/national-45\/jort-exclusion-de-27-activites-dans-les-zones-communales-du-regime-forfaitaire\/198855\/\" \/>\n<meta property=\"og:site_name\" content=\"webdo\" \/>\n<meta property=\"article:publisher\" content=\"https:\/\/www.facebook.com\/webdotn\" \/>\n<meta property=\"article:published_time\" content=\"2022-11-12T13:36:00+00:00\" \/>\n<meta property=\"article:modified_time\" content=\"2025-05-22T11:44:41+00:00\" \/>\n<meta property=\"og:image\" content=\"https:\/\/www.webdo.tn\/fr\/wp-content\/uploads\/2022\/11\/f888115aa825c3d973954ff883fe5be1.jpg\" \/>\n\t<meta property=\"og:image:width\" content=\"750\" \/>\n\t<meta property=\"og:image:height\" content=\"400\" \/>\n\t<meta property=\"og:image:type\" content=\"image\/jpeg\" \/>\n<meta name=\"author\" content=\"TAP\" \/>\n<meta name=\"twitter:card\" content=\"summary_large_image\" \/>\n<meta name=\"twitter:creator\" content=\"@webdo_tn\" \/>\n<meta name=\"twitter:site\" content=\"@webdo_tn\" \/>\n<meta name=\"twitter:label1\" content=\"\u00c9crit par\" \/>\n\t<meta name=\"twitter:data1\" content=\"TAP\" \/>\n\t<meta name=\"twitter:label2\" content=\"Dur\u00e9e de lecture estim\u00e9e\" \/>\n\t<meta name=\"twitter:data2\" content=\"2 minutes\" \/>\n<script type=\"application\/ld+json\" class=\"yoast-schema-graph\">{\"@context\":\"https:\\\/\\\/schema.org\",\"@graph\":[{\"@type\":\"NewsArticle\",\"@id\":\"https:\\\/\\\/www.webdo.tn\\\/fr\\\/actualite\\\/national-45\\\/jort-exclusion-de-27-activites-dans-les-zones-communales-du-regime-forfaitaire\\\/198855\\\/#article\",\"isPartOf\":{\"@id\":\"https:\\\/\\\/www.webdo.tn\\\/fr\\\/actualite\\\/national-45\\\/jort-exclusion-de-27-activites-dans-les-zones-communales-du-regime-forfaitaire\\\/198855\\\/\"},\"author\":{\"name\":\"TAP\",\"@id\":\"https:\\\/\\\/www.webdo.tn\\\/fr\\\/#\\\/schema\\\/person\\\/2e5319695d57bc650443a6aa4aebadb3\"},\"headline\":\"JORT : exclusion de 27 activit\u00e9s dans les zones communales du r\u00e9gime forfaitaire\",\"datePublished\":\"2022-11-12T13:36:00+00:00\",\"dateModified\":\"2025-05-22T11:44:41+00:00\",\"mainEntityOfPage\":{\"@id\":\"https:\\\/\\\/www.webdo.tn\\\/fr\\\/actualite\\\/national-45\\\/jort-exclusion-de-27-activites-dans-les-zones-communales-du-regime-forfaitaire\\\/198855\\\/\"},\"wordCount\":493,\"commentCount\":0,\"publisher\":{\"@id\":\"https:\\\/\\\/www.webdo.tn\\\/fr\\\/#organization\"},\"image\":{\"@id\":\"https:\\\/\\\/www.webdo.tn\\\/fr\\\/actualite\\\/national-45\\\/jort-exclusion-de-27-activites-dans-les-zones-communales-du-regime-forfaitaire\\\/198855\\\/#primaryimage\"},\"thumbnailUrl\":\"https:\\\/\\\/www.webdo.tn\\\/fr\\\/wp-content\\\/uploads\\\/2022\\\/11\\\/f888115aa825c3d973954ff883fe5be1.jpg\",\"keywords\":[\"JORT\",\"r\u00e9gime forfaitaire\",\"zones communales\"],\"articleSection\":[\"National\"],\"inLanguage\":\"fr-FR\"},{\"@type\":\"WebPage\",\"@id\":\"https:\\\/\\\/www.webdo.tn\\\/fr\\\/actualite\\\/national-45\\\/jort-exclusion-de-27-activites-dans-les-zones-communales-du-regime-forfaitaire\\\/198855\\\/\",\"url\":\"https:\\\/\\\/www.webdo.tn\\\/fr\\\/actualite\\\/national-45\\\/jort-exclusion-de-27-activites-dans-les-zones-communales-du-regime-forfaitaire\\\/198855\\\/\",\"name\":\"JORT : exclusion de 27 activit\u00e9s dans les zones communales du r\u00e9gime forfaitaire\",\"isPartOf\":{\"@id\":\"https:\\\/\\\/www.webdo.tn\\\/fr\\\/#website\"},\"primaryImageOfPage\":{\"@id\":\"https:\\\/\\\/www.webdo.tn\\\/fr\\\/actualite\\\/national-45\\\/jort-exclusion-de-27-activites-dans-les-zones-communales-du-regime-forfaitaire\\\/198855\\\/#primaryimage\"},\"image\":{\"@id\":\"https:\\\/\\\/www.webdo.tn\\\/fr\\\/actualite\\\/national-45\\\/jort-exclusion-de-27-activites-dans-les-zones-communales-du-regime-forfaitaire\\\/198855\\\/#primaryimage\"},\"thumbnailUrl\":\"https:\\\/\\\/www.webdo.tn\\\/fr\\\/wp-content\\\/uploads\\\/2022\\\/11\\\/f888115aa825c3d973954ff883fe5be1.jpg\",\"datePublished\":\"2022-11-12T13:36:00+00:00\",\"dateModified\":\"2025-05-22T11:44:41+00:00\",\"description\":\"Le gouvernement vient d\u2019exclure 27 activit\u00e9s industrielles, commerciales et de services exerc\u00e9es par les entreprises dans les zones communales du b\u00e9n\u00e9fice du r\u00e9...\",\"breadcrumb\":{\"@id\":\"https:\\\/\\\/www.webdo.tn\\\/fr\\\/actualite\\\/national-45\\\/jort-exclusion-de-27-activites-dans-les-zones-communales-du-regime-forfaitaire\\\/198855\\\/#breadcrumb\"},\"inLanguage\":\"fr-FR\",\"potentialAction\":[{\"@type\":\"ReadAction\",\"target\":[\"https:\\\/\\\/www.webdo.tn\\\/fr\\\/actualite\\\/national-45\\\/jort-exclusion-de-27-activites-dans-les-zones-communales-du-regime-forfaitaire\\\/198855\\\/\"]}]},{\"@type\":\"ImageObject\",\"inLanguage\":\"fr-FR\",\"@id\":\"https:\\\/\\\/www.webdo.tn\\\/fr\\\/actualite\\\/national-45\\\/jort-exclusion-de-27-activites-dans-les-zones-communales-du-regime-forfaitaire\\\/198855\\\/#primaryimage\",\"url\":\"https:\\\/\\\/www.webdo.tn\\\/fr\\\/wp-content\\\/uploads\\\/2022\\\/11\\\/f888115aa825c3d973954ff883fe5be1.jpg\",\"contentUrl\":\"https:\\\/\\\/www.webdo.tn\\\/fr\\\/wp-content\\\/uploads\\\/2022\\\/11\\\/f888115aa825c3d973954ff883fe5be1.jpg\",\"width\":750,\"height\":400,\"caption\":\"r\u00e9gime forfaitaire\"},{\"@type\":\"BreadcrumbList\",\"@id\":\"https:\\\/\\\/www.webdo.tn\\\/fr\\\/actualite\\\/national-45\\\/jort-exclusion-de-27-activites-dans-les-zones-communales-du-regime-forfaitaire\\\/198855\\\/#breadcrumb\",\"itemListElement\":[{\"@type\":\"ListItem\",\"position\":1,\"name\":\"Accueil\",\"item\":\"https:\\\/\\\/www.webdo.tn\\\/fr\\\/\"},{\"@type\":\"ListItem\",\"position\":2,\"name\":\"JORT : exclusion de 27 activit\u00e9s dans les zones communales du r\u00e9gime forfaitaire\"}]},{\"@type\":\"WebSite\",\"@id\":\"https:\\\/\\\/www.webdo.tn\\\/fr\\\/#website\",\"url\":\"https:\\\/\\\/www.webdo.tn\\\/fr\\\/\",\"name\":\"webdo\",\"description\":\"Tunisie - News en Tunisie et \u00e0 l&#039;international sur Webdo.tn\",\"publisher\":{\"@id\":\"https:\\\/\\\/www.webdo.tn\\\/fr\\\/#organization\"},\"potentialAction\":[{\"@type\":\"SearchAction\",\"target\":{\"@type\":\"EntryPoint\",\"urlTemplate\":\"https:\\\/\\\/www.webdo.tn\\\/fr\\\/?s={search_term_string}\"},\"query-input\":{\"@type\":\"PropertyValueSpecification\",\"valueRequired\":true,\"valueName\":\"search_term_string\"}}],\"inLanguage\":\"fr-FR\"},{\"@type\":\"Organization\",\"@id\":\"https:\\\/\\\/www.webdo.tn\\\/fr\\\/#organization\",\"name\":\"Webdo\",\"alternateName\":\"Webdo.tn\",\"url\":\"https:\\\/\\\/www.webdo.tn\\\/fr\\\/\",\"logo\":{\"@type\":\"ImageObject\",\"inLanguage\":\"fr-FR\",\"@id\":\"https:\\\/\\\/www.webdo.tn\\\/fr\\\/#\\\/schema\\\/logo\\\/image\\\/\",\"url\":\"https:\\\/\\\/www.webdo.tn\\\/fr\\\/wp-content\\\/uploads\\\/2025\\\/06\\\/Webdo-Tunisie_168377.jpg\",\"contentUrl\":\"https:\\\/\\\/www.webdo.tn\\\/fr\\\/wp-content\\\/uploads\\\/2025\\\/06\\\/Webdo-Tunisie_168377.jpg\",\"width\":301,\"height\":301,\"caption\":\"Webdo\"},\"image\":{\"@id\":\"https:\\\/\\\/www.webdo.tn\\\/fr\\\/#\\\/schema\\\/logo\\\/image\\\/\"},\"sameAs\":[\"https:\\\/\\\/www.facebook.com\\\/webdotn\",\"https:\\\/\\\/x.com\\\/webdo_tn\"],\"description\":\"Webdo est un m\u00e9dia num\u00e9rique tunisien fond\u00e9 en 2010, sp\u00e9cialis\u00e9 dans l\u2019actualit\u00e9 nationale et internationale, l\u2019\u00e9conomie, la soci\u00e9t\u00e9 et les analyses politiques. Le site s\u2019adresse \u00e0 un large public francophone et couvre l\u2019information tunisienne en temps r\u00e9el.\",\"email\":\"redac@webdo.tn\",\"legalName\":\"YNJ SARL\",\"foundingDate\":\"2010-09-06\",\"numberOfEmployees\":{\"@type\":\"QuantitativeValue\",\"minValue\":\"11\",\"maxValue\":\"50\"}},{\"@type\":\"Person\",\"@id\":\"https:\\\/\\\/www.webdo.tn\\\/fr\\\/#\\\/schema\\\/person\\\/2e5319695d57bc650443a6aa4aebadb3\",\"name\":\"TAP\",\"image\":{\"@type\":\"ImageObject\",\"inLanguage\":\"fr-FR\",\"@id\":\"https:\\\/\\\/secure.gravatar.com\\\/avatar\\\/7d2865de71dd54b6ebd302393720f53ac28d9786885f7b0923f82552e73ac5e3?s=96&d=mm&r=g\",\"url\":\"https:\\\/\\\/secure.gravatar.com\\\/avatar\\\/7d2865de71dd54b6ebd302393720f53ac28d9786885f7b0923f82552e73ac5e3?s=96&d=mm&r=g\",\"contentUrl\":\"https:\\\/\\\/secure.gravatar.com\\\/avatar\\\/7d2865de71dd54b6ebd302393720f53ac28d9786885f7b0923f82552e73ac5e3?s=96&d=mm&r=g\",\"caption\":\"TAP\"},\"url\":\"https:\\\/\\\/www.webdo.tn\\\/fr\\\/actualite\\\/author\\\/tap\\\/\"}]}<\/script>\n<!-- \/ Yoast SEO Premium plugin. -->","yoast_head_json":{"title":"JORT : exclusion de 27 activit\u00e9s dans les zones communales du r\u00e9gime forfaitaire","description":"Le gouvernement vient d\u2019exclure 27 activit\u00e9s industrielles, commerciales et de services exerc\u00e9es par les entreprises dans les zones communales du b\u00e9n\u00e9fice du r\u00e9...","canonical":"https:\/\/www.webdo.tn\/fr\/actualite\/national-45\/jort-exclusion-de-27-activites-dans-les-zones-communales-du-regime-forfaitaire\/198855\/","og_locale":"fr_FR","og_type":"article","og_title":"JORT : exclusion de 27 activit\u00e9s dans les zones communales du r\u00e9gime forfaitaire","og_description":"Le gouvernement vient d\u2019exclure 27 activit\u00e9s industrielles, commerciales et de services exerc\u00e9es par les entreprises dans les zones communales du b\u00e9n\u00e9fice du r\u00e9...","og_url":"https:\/\/www.webdo.tn\/fr\/actualite\/national-45\/jort-exclusion-de-27-activites-dans-les-zones-communales-du-regime-forfaitaire\/198855\/","og_site_name":"webdo","article_publisher":"https:\/\/www.facebook.com\/webdotn","article_published_time":"2022-11-12T13:36:00+00:00","article_modified_time":"2025-05-22T11:44:41+00:00","og_image":[{"width":750,"height":400,"url":"https:\/\/www.webdo.tn\/fr\/wp-content\/uploads\/2022\/11\/f888115aa825c3d973954ff883fe5be1.jpg","type":"image\/jpeg"}],"author":"TAP","twitter_card":"summary_large_image","twitter_creator":"@webdo_tn","twitter_site":"@webdo_tn","twitter_misc":{"\u00c9crit par":"TAP","Dur\u00e9e de lecture estim\u00e9e":"2 minutes"},"schema":{"@context":"https:\/\/schema.org","@graph":[{"@type":"NewsArticle","@id":"https:\/\/www.webdo.tn\/fr\/actualite\/national-45\/jort-exclusion-de-27-activites-dans-les-zones-communales-du-regime-forfaitaire\/198855\/#article","isPartOf":{"@id":"https:\/\/www.webdo.tn\/fr\/actualite\/national-45\/jort-exclusion-de-27-activites-dans-les-zones-communales-du-regime-forfaitaire\/198855\/"},"author":{"name":"TAP","@id":"https:\/\/www.webdo.tn\/fr\/#\/schema\/person\/2e5319695d57bc650443a6aa4aebadb3"},"headline":"JORT : exclusion de 27 activit\u00e9s dans les zones communales du r\u00e9gime forfaitaire","datePublished":"2022-11-12T13:36:00+00:00","dateModified":"2025-05-22T11:44:41+00:00","mainEntityOfPage":{"@id":"https:\/\/www.webdo.tn\/fr\/actualite\/national-45\/jort-exclusion-de-27-activites-dans-les-zones-communales-du-regime-forfaitaire\/198855\/"},"wordCount":493,"commentCount":0,"publisher":{"@id":"https:\/\/www.webdo.tn\/fr\/#organization"},"image":{"@id":"https:\/\/www.webdo.tn\/fr\/actualite\/national-45\/jort-exclusion-de-27-activites-dans-les-zones-communales-du-regime-forfaitaire\/198855\/#primaryimage"},"thumbnailUrl":"https:\/\/www.webdo.tn\/fr\/wp-content\/uploads\/2022\/11\/f888115aa825c3d973954ff883fe5be1.jpg","keywords":["JORT","r\u00e9gime forfaitaire","zones communales"],"articleSection":["National"],"inLanguage":"fr-FR"},{"@type":"WebPage","@id":"https:\/\/www.webdo.tn\/fr\/actualite\/national-45\/jort-exclusion-de-27-activites-dans-les-zones-communales-du-regime-forfaitaire\/198855\/","url":"https:\/\/www.webdo.tn\/fr\/actualite\/national-45\/jort-exclusion-de-27-activites-dans-les-zones-communales-du-regime-forfaitaire\/198855\/","name":"JORT : exclusion de 27 activit\u00e9s dans les zones communales du r\u00e9gime forfaitaire","isPartOf":{"@id":"https:\/\/www.webdo.tn\/fr\/#website"},"primaryImageOfPage":{"@id":"https:\/\/www.webdo.tn\/fr\/actualite\/national-45\/jort-exclusion-de-27-activites-dans-les-zones-communales-du-regime-forfaitaire\/198855\/#primaryimage"},"image":{"@id":"https:\/\/www.webdo.tn\/fr\/actualite\/national-45\/jort-exclusion-de-27-activites-dans-les-zones-communales-du-regime-forfaitaire\/198855\/#primaryimage"},"thumbnailUrl":"https:\/\/www.webdo.tn\/fr\/wp-content\/uploads\/2022\/11\/f888115aa825c3d973954ff883fe5be1.jpg","datePublished":"2022-11-12T13:36:00+00:00","dateModified":"2025-05-22T11:44:41+00:00","description":"Le gouvernement vient d\u2019exclure 27 activit\u00e9s industrielles, commerciales et de services exerc\u00e9es par les entreprises dans les zones communales du b\u00e9n\u00e9fice du r\u00e9...","breadcrumb":{"@id":"https:\/\/www.webdo.tn\/fr\/actualite\/national-45\/jort-exclusion-de-27-activites-dans-les-zones-communales-du-regime-forfaitaire\/198855\/#breadcrumb"},"inLanguage":"fr-FR","potentialAction":[{"@type":"ReadAction","target":["https:\/\/www.webdo.tn\/fr\/actualite\/national-45\/jort-exclusion-de-27-activites-dans-les-zones-communales-du-regime-forfaitaire\/198855\/"]}]},{"@type":"ImageObject","inLanguage":"fr-FR","@id":"https:\/\/www.webdo.tn\/fr\/actualite\/national-45\/jort-exclusion-de-27-activites-dans-les-zones-communales-du-regime-forfaitaire\/198855\/#primaryimage","url":"https:\/\/www.webdo.tn\/fr\/wp-content\/uploads\/2022\/11\/f888115aa825c3d973954ff883fe5be1.jpg","contentUrl":"https:\/\/www.webdo.tn\/fr\/wp-content\/uploads\/2022\/11\/f888115aa825c3d973954ff883fe5be1.jpg","width":750,"height":400,"caption":"r\u00e9gime forfaitaire"},{"@type":"BreadcrumbList","@id":"https:\/\/www.webdo.tn\/fr\/actualite\/national-45\/jort-exclusion-de-27-activites-dans-les-zones-communales-du-regime-forfaitaire\/198855\/#breadcrumb","itemListElement":[{"@type":"ListItem","position":1,"name":"Accueil","item":"https:\/\/www.webdo.tn\/fr\/"},{"@type":"ListItem","position":2,"name":"JORT : exclusion de 27 activit\u00e9s dans les zones communales du r\u00e9gime forfaitaire"}]},{"@type":"WebSite","@id":"https:\/\/www.webdo.tn\/fr\/#website","url":"https:\/\/www.webdo.tn\/fr\/","name":"webdo","description":"Tunisie - News en Tunisie et \u00e0 l&#039;international sur Webdo.tn","publisher":{"@id":"https:\/\/www.webdo.tn\/fr\/#organization"},"potentialAction":[{"@type":"SearchAction","target":{"@type":"EntryPoint","urlTemplate":"https:\/\/www.webdo.tn\/fr\/?s={search_term_string}"},"query-input":{"@type":"PropertyValueSpecification","valueRequired":true,"valueName":"search_term_string"}}],"inLanguage":"fr-FR"},{"@type":"Organization","@id":"https:\/\/www.webdo.tn\/fr\/#organization","name":"Webdo","alternateName":"Webdo.tn","url":"https:\/\/www.webdo.tn\/fr\/","logo":{"@type":"ImageObject","inLanguage":"fr-FR","@id":"https:\/\/www.webdo.tn\/fr\/#\/schema\/logo\/image\/","url":"https:\/\/www.webdo.tn\/fr\/wp-content\/uploads\/2025\/06\/Webdo-Tunisie_168377.jpg","contentUrl":"https:\/\/www.webdo.tn\/fr\/wp-content\/uploads\/2025\/06\/Webdo-Tunisie_168377.jpg","width":301,"height":301,"caption":"Webdo"},"image":{"@id":"https:\/\/www.webdo.tn\/fr\/#\/schema\/logo\/image\/"},"sameAs":["https:\/\/www.facebook.com\/webdotn","https:\/\/x.com\/webdo_tn"],"description":"Webdo est un m\u00e9dia num\u00e9rique tunisien fond\u00e9 en 2010, sp\u00e9cialis\u00e9 dans l\u2019actualit\u00e9 nationale et internationale, l\u2019\u00e9conomie, la soci\u00e9t\u00e9 et les analyses politiques. Le site s\u2019adresse \u00e0 un large public francophone et couvre l\u2019information tunisienne en temps r\u00e9el.","email":"redac@webdo.tn","legalName":"YNJ SARL","foundingDate":"2010-09-06","numberOfEmployees":{"@type":"QuantitativeValue","minValue":"11","maxValue":"50"}},{"@type":"Person","@id":"https:\/\/www.webdo.tn\/fr\/#\/schema\/person\/2e5319695d57bc650443a6aa4aebadb3","name":"TAP","image":{"@type":"ImageObject","inLanguage":"fr-FR","@id":"https:\/\/secure.gravatar.com\/avatar\/7d2865de71dd54b6ebd302393720f53ac28d9786885f7b0923f82552e73ac5e3?s=96&d=mm&r=g","url":"https:\/\/secure.gravatar.com\/avatar\/7d2865de71dd54b6ebd302393720f53ac28d9786885f7b0923f82552e73ac5e3?s=96&d=mm&r=g","contentUrl":"https:\/\/secure.gravatar.com\/avatar\/7d2865de71dd54b6ebd302393720f53ac28d9786885f7b0923f82552e73ac5e3?s=96&d=mm&r=g","caption":"TAP"},"url":"https:\/\/www.webdo.tn\/fr\/actualite\/author\/tap\/"}]}},"_links":{"self":[{"href":"https:\/\/www.webdo.tn\/fr\/wp-json\/wp\/v2\/posts\/198855","targetHints":{"allow":["GET"]}}],"collection":[{"href":"https:\/\/www.webdo.tn\/fr\/wp-json\/wp\/v2\/posts"}],"about":[{"href":"https:\/\/www.webdo.tn\/fr\/wp-json\/wp\/v2\/types\/post"}],"author":[{"embeddable":true,"href":"https:\/\/www.webdo.tn\/fr\/wp-json\/wp\/v2\/users\/3201"}],"replies":[{"embeddable":true,"href":"https:\/\/www.webdo.tn\/fr\/wp-json\/wp\/v2\/comments?post=198855"}],"version-history":[{"count":0,"href":"https:\/\/www.webdo.tn\/fr\/wp-json\/wp\/v2\/posts\/198855\/revisions"}],"wp:featuredmedia":[{"embeddable":true,"href":"https:\/\/www.webdo.tn\/fr\/wp-json\/wp\/v2\/media\/348615"}],"wp:attachment":[{"href":"https:\/\/www.webdo.tn\/fr\/wp-json\/wp\/v2\/media?parent=198855"}],"wp:term":[{"taxonomy":"category","embeddable":true,"href":"https:\/\/www.webdo.tn\/fr\/wp-json\/wp\/v2\/categories?post=198855"},{"taxonomy":"post_tag","embeddable":true,"href":"https:\/\/www.webdo.tn\/fr\/wp-json\/wp\/v2\/tags?post=198855"}],"curies":[{"name":"wp","href":"https:\/\/api.w.org\/{rel}","templated":true}]}}