{"id":198852,"date":"2022-11-12T12:42:00","date_gmt":"2022-11-12T12:42:00","guid":{"rendered":"https:\/\/www.webdo.tn\/fr\/actualite\/blog\/handball-la-tunisie-defend-aujourd-hui-sa-candidature-pour-accueillir-le-championnat-d-afrique-des-nations\/198852\/"},"modified":"2025-05-22T11:44:37","modified_gmt":"2025-05-22T11:44:37","slug":"handball-la-tunisie-defend-aujourd-hui-sa-candidature-pour-accueillir-le-championnat-d-afrique-des-nations","status":"publish","type":"post","link":"https:\/\/www.webdo.tn\/fr\/actualite\/sport\/handball-la-tunisie-defend-aujourd-hui-sa-candidature-pour-accueillir-le-championnat-d-afrique-des-nations\/198852\/","title":{"rendered":"Handball : la Tunisie d\u00e9fend, aujourd\u2019hui, sa candidature pour accueillir le Championnat d&rsquo;Afrique des Nations"},"content":{"rendered":"<p>Le Pr\u00e9sident de la F\u00e9d\u00e9ration Tunisienne de Handball, Karim Helali, participera aujourd&rsquo;hui, samedi 12 novembre 2022, \u00e0 la r\u00e9union du Conseil d&rsquo;Administration de la Conf\u00e9d\u00e9ration Africaine de Handball.<\/p>\n<p> Cette r\u00e9union est d\u2019une importance capitale pour le handball tunisien, puisque le pr\u00e9sident de la f\u00e9d\u00e9ration d\u00e9fendra le dossier de candidature de la Tunisie pour accueillir le Championnat d&rsquo;Afrique des Nations femmes 2026 et le Championnat d&rsquo;Afrique des Nations hommes 2028, qualificatif aux Jeux Olympiques.<\/p>\n","protected":false},"excerpt":{"rendered":"<p>Le Pr\u00e9sident de la F\u00e9d\u00e9ration Tunisienne de Handball, Karim Helali, participera aujourd&rsquo;hui, samedi 12 novembre 2022, \u00e0 la r\u00e9union du Conseil d&rsquo;Administration d&#8230;<\/p>\n","protected":false},"author":3196,"featured_media":348611,"comment_status":"open","ping_status":"closed","sticky":false,"template":"","format":"standard","meta":{"footnotes":""},"categories":[2593],"tags":[11558,11557,11556],"class_list":["post-198852","post","type-post","status-publish","format-standard","has-post-thumbnail","hentry","category-sport","tag-championnat-dafrique-des-nations","tag-confederation-africaine-de-handball","tag-federation-tunisienne-de-handball"],"yoast_head":"<!-- This site is optimized with the Yoast SEO Premium plugin v27.4 (Yoast SEO v27.5) - https:\/\/yoast.com\/product\/yoast-seo-premium-wordpress\/ -->\n<title>Handball : la Tunisie d\u00e9fend, aujourd\u2019hui, sa candidature pour accueillir le Championnat d&#039;Afrique des Nations<\/title>\n<meta name=\"description\" content=\"Le Pr\u00e9sident de la F\u00e9d\u00e9ration Tunisienne de Handball, Karim Helali, participera aujourd&#039;hui, samedi 12 novembre 2022, \u00e0 la r\u00e9union du Conseil d&#039;Administration d...\" \/>\n<link rel=\"canonical\" href=\"https:\/\/www.webdo.tn\/fr\/actualite\/sport\/handball-la-tunisie-defend-aujourd-hui-sa-candidature-pour-accueillir-le-championnat-d-afrique-des-nations\/198852\/\" \/>\n<meta property=\"og:locale\" content=\"fr_FR\" \/>\n<meta property=\"og:type\" content=\"article\" \/>\n<meta property=\"og:title\" content=\"Handball : la Tunisie d\u00e9fend, aujourd\u2019hui, sa candidature pour accueillir le Championnat d&#039;Afrique des Nations\" \/>\n<meta property=\"og:description\" content=\"Le Pr\u00e9sident de la F\u00e9d\u00e9ration Tunisienne de Handball, Karim Helali, participera aujourd&#039;hui, samedi 12 novembre 2022, \u00e0 la r\u00e9union du Conseil d&#039;Administration d...\" \/>\n<meta property=\"og:url\" content=\"https:\/\/www.webdo.tn\/fr\/actualite\/sport\/handball-la-tunisie-defend-aujourd-hui-sa-candidature-pour-accueillir-le-championnat-d-afrique-des-nations\/198852\/\" \/>\n<meta property=\"og:site_name\" content=\"webdo\" \/>\n<meta property=\"article:publisher\" content=\"https:\/\/www.facebook.com\/webdotn\" \/>\n<meta property=\"article:published_time\" content=\"2022-11-12T12:42:00+00:00\" \/>\n<meta property=\"article:modified_time\" content=\"2025-05-22T11:44:37+00:00\" \/>\n<meta property=\"og:image\" content=\"https:\/\/www.webdo.tn\/fr\/wp-content\/uploads\/2022\/11\/cf143b771e6d5c510560ac908d4fad0c.jpg\" \/>\n\t<meta property=\"og:image:width\" content=\"750\" \/>\n\t<meta property=\"og:image:height\" content=\"400\" \/>\n\t<meta property=\"og:image:type\" content=\"image\/jpeg\" \/>\n<meta name=\"author\" content=\"MK\" \/>\n<meta name=\"twitter:card\" content=\"summary_large_image\" \/>\n<meta name=\"twitter:creator\" content=\"@webdo_tn\" \/>\n<meta name=\"twitter:site\" content=\"@webdo_tn\" \/>\n<meta name=\"twitter:label1\" content=\"\u00c9crit par\" \/>\n\t<meta name=\"twitter:data1\" content=\"MK\" \/>\n<script type=\"application\/ld+json\" class=\"yoast-schema-graph\">{\"@context\":\"https:\\\/\\\/schema.org\",\"@graph\":[{\"@type\":\"NewsArticle\",\"@id\":\"https:\\\/\\\/www.webdo.tn\\\/fr\\\/actualite\\\/sport\\\/handball-la-tunisie-defend-aujourd-hui-sa-candidature-pour-accueillir-le-championnat-d-afrique-des-nations\\\/198852\\\/#article\",\"isPartOf\":{\"@id\":\"https:\\\/\\\/www.webdo.tn\\\/fr\\\/actualite\\\/sport\\\/handball-la-tunisie-defend-aujourd-hui-sa-candidature-pour-accueillir-le-championnat-d-afrique-des-nations\\\/198852\\\/\"},\"author\":{\"name\":\"MK\",\"@id\":\"https:\\\/\\\/www.webdo.tn\\\/fr\\\/#\\\/schema\\\/person\\\/c3a9d32fa6d495ca5f4b6510e3db97bf\"},\"headline\":\"Handball : la Tunisie d\u00e9fend, aujourd\u2019hui, sa candidature pour accueillir le Championnat d&rsquo;Afrique des Nations\",\"datePublished\":\"2022-11-12T12:42:00+00:00\",\"dateModified\":\"2025-05-22T11:44:37+00:00\",\"mainEntityOfPage\":{\"@id\":\"https:\\\/\\\/www.webdo.tn\\\/fr\\\/actualite\\\/sport\\\/handball-la-tunisie-defend-aujourd-hui-sa-candidature-pour-accueillir-le-championnat-d-afrique-des-nations\\\/198852\\\/\"},\"wordCount\":101,\"commentCount\":0,\"publisher\":{\"@id\":\"https:\\\/\\\/www.webdo.tn\\\/fr\\\/#organization\"},\"image\":{\"@id\":\"https:\\\/\\\/www.webdo.tn\\\/fr\\\/actualite\\\/sport\\\/handball-la-tunisie-defend-aujourd-hui-sa-candidature-pour-accueillir-le-championnat-d-afrique-des-nations\\\/198852\\\/#primaryimage\"},\"thumbnailUrl\":\"https:\\\/\\\/www.webdo.tn\\\/fr\\\/wp-content\\\/uploads\\\/2022\\\/11\\\/cf143b771e6d5c510560ac908d4fad0c.jpg\",\"keywords\":[\"Championnat d'Afrique des Nations\",\"Conf\u00e9d\u00e9ration Africaine de Handball\",\"F\u00e9d\u00e9ration Tunisienne de Handball\"],\"articleSection\":[\"Sport\"],\"inLanguage\":\"fr-FR\"},{\"@type\":\"WebPage\",\"@id\":\"https:\\\/\\\/www.webdo.tn\\\/fr\\\/actualite\\\/sport\\\/handball-la-tunisie-defend-aujourd-hui-sa-candidature-pour-accueillir-le-championnat-d-afrique-des-nations\\\/198852\\\/\",\"url\":\"https:\\\/\\\/www.webdo.tn\\\/fr\\\/actualite\\\/sport\\\/handball-la-tunisie-defend-aujourd-hui-sa-candidature-pour-accueillir-le-championnat-d-afrique-des-nations\\\/198852\\\/\",\"name\":\"Handball : la Tunisie d\u00e9fend, aujourd\u2019hui, sa candidature pour accueillir le Championnat d'Afrique des Nations\",\"isPartOf\":{\"@id\":\"https:\\\/\\\/www.webdo.tn\\\/fr\\\/#website\"},\"primaryImageOfPage\":{\"@id\":\"https:\\\/\\\/www.webdo.tn\\\/fr\\\/actualite\\\/sport\\\/handball-la-tunisie-defend-aujourd-hui-sa-candidature-pour-accueillir-le-championnat-d-afrique-des-nations\\\/198852\\\/#primaryimage\"},\"image\":{\"@id\":\"https:\\\/\\\/www.webdo.tn\\\/fr\\\/actualite\\\/sport\\\/handball-la-tunisie-defend-aujourd-hui-sa-candidature-pour-accueillir-le-championnat-d-afrique-des-nations\\\/198852\\\/#primaryimage\"},\"thumbnailUrl\":\"https:\\\/\\\/www.webdo.tn\\\/fr\\\/wp-content\\\/uploads\\\/2022\\\/11\\\/cf143b771e6d5c510560ac908d4fad0c.jpg\",\"datePublished\":\"2022-11-12T12:42:00+00:00\",\"dateModified\":\"2025-05-22T11:44:37+00:00\",\"description\":\"Le Pr\u00e9sident de la F\u00e9d\u00e9ration Tunisienne de Handball, Karim Helali, participera aujourd'hui, samedi 12 novembre 2022, \u00e0 la r\u00e9union du Conseil d'Administration d...\",\"breadcrumb\":{\"@id\":\"https:\\\/\\\/www.webdo.tn\\\/fr\\\/actualite\\\/sport\\\/handball-la-tunisie-defend-aujourd-hui-sa-candidature-pour-accueillir-le-championnat-d-afrique-des-nations\\\/198852\\\/#breadcrumb\"},\"inLanguage\":\"fr-FR\",\"potentialAction\":[{\"@type\":\"ReadAction\",\"target\":[\"https:\\\/\\\/www.webdo.tn\\\/fr\\\/actualite\\\/sport\\\/handball-la-tunisie-defend-aujourd-hui-sa-candidature-pour-accueillir-le-championnat-d-afrique-des-nations\\\/198852\\\/\"]}]},{\"@type\":\"ImageObject\",\"inLanguage\":\"fr-FR\",\"@id\":\"https:\\\/\\\/www.webdo.tn\\\/fr\\\/actualite\\\/sport\\\/handball-la-tunisie-defend-aujourd-hui-sa-candidature-pour-accueillir-le-championnat-d-afrique-des-nations\\\/198852\\\/#primaryimage\",\"url\":\"https:\\\/\\\/www.webdo.tn\\\/fr\\\/wp-content\\\/uploads\\\/2022\\\/11\\\/cf143b771e6d5c510560ac908d4fad0c.jpg\",\"contentUrl\":\"https:\\\/\\\/www.webdo.tn\\\/fr\\\/wp-content\\\/uploads\\\/2022\\\/11\\\/cf143b771e6d5c510560ac908d4fad0c.jpg\",\"width\":750,\"height\":400,\"caption\":\"F\u00e9d\u00e9ration Tunisienne de Handball Conf\u00e9d\u00e9ration Africaine de Handball\"},{\"@type\":\"BreadcrumbList\",\"@id\":\"https:\\\/\\\/www.webdo.tn\\\/fr\\\/actualite\\\/sport\\\/handball-la-tunisie-defend-aujourd-hui-sa-candidature-pour-accueillir-le-championnat-d-afrique-des-nations\\\/198852\\\/#breadcrumb\",\"itemListElement\":[{\"@type\":\"ListItem\",\"position\":1,\"name\":\"Accueil\",\"item\":\"https:\\\/\\\/www.webdo.tn\\\/fr\\\/\"},{\"@type\":\"ListItem\",\"position\":2,\"name\":\"Handball : la Tunisie d\u00e9fend, aujourd\u2019hui, sa candidature pour accueillir le Championnat d&rsquo;Afrique des Nations\"}]},{\"@type\":\"WebSite\",\"@id\":\"https:\\\/\\\/www.webdo.tn\\\/fr\\\/#website\",\"url\":\"https:\\\/\\\/www.webdo.tn\\\/fr\\\/\",\"name\":\"webdo\",\"description\":\"Tunisie - News en Tunisie et \u00e0 l&#039;international sur Webdo.tn\",\"publisher\":{\"@id\":\"https:\\\/\\\/www.webdo.tn\\\/fr\\\/#organization\"},\"potentialAction\":[{\"@type\":\"SearchAction\",\"target\":{\"@type\":\"EntryPoint\",\"urlTemplate\":\"https:\\\/\\\/www.webdo.tn\\\/fr\\\/?s={search_term_string}\"},\"query-input\":{\"@type\":\"PropertyValueSpecification\",\"valueRequired\":true,\"valueName\":\"search_term_string\"}}],\"inLanguage\":\"fr-FR\"},{\"@type\":\"Organization\",\"@id\":\"https:\\\/\\\/www.webdo.tn\\\/fr\\\/#organization\",\"name\":\"Webdo\",\"alternateName\":\"Webdo.tn\",\"url\":\"https:\\\/\\\/www.webdo.tn\\\/fr\\\/\",\"logo\":{\"@type\":\"ImageObject\",\"inLanguage\":\"fr-FR\",\"@id\":\"https:\\\/\\\/www.webdo.tn\\\/fr\\\/#\\\/schema\\\/logo\\\/image\\\/\",\"url\":\"https:\\\/\\\/www.webdo.tn\\\/fr\\\/wp-content\\\/uploads\\\/2025\\\/06\\\/Webdo-Tunisie_168377.jpg\",\"contentUrl\":\"https:\\\/\\\/www.webdo.tn\\\/fr\\\/wp-content\\\/uploads\\\/2025\\\/06\\\/Webdo-Tunisie_168377.jpg\",\"width\":301,\"height\":301,\"caption\":\"Webdo\"},\"image\":{\"@id\":\"https:\\\/\\\/www.webdo.tn\\\/fr\\\/#\\\/schema\\\/logo\\\/image\\\/\"},\"sameAs\":[\"https:\\\/\\\/www.facebook.com\\\/webdotn\",\"https:\\\/\\\/x.com\\\/webdo_tn\"],\"description\":\"Webdo est un m\u00e9dia num\u00e9rique tunisien fond\u00e9 en 2010, sp\u00e9cialis\u00e9 dans l\u2019actualit\u00e9 nationale et internationale, l\u2019\u00e9conomie, la soci\u00e9t\u00e9 et les analyses politiques. Le site s\u2019adresse \u00e0 un large public francophone et couvre l\u2019information tunisienne en temps r\u00e9el.\",\"email\":\"redac@webdo.tn\",\"legalName\":\"YNJ SARL\",\"foundingDate\":\"2010-09-06\",\"numberOfEmployees\":{\"@type\":\"QuantitativeValue\",\"minValue\":\"11\",\"maxValue\":\"50\"}},{\"@type\":\"Person\",\"@id\":\"https:\\\/\\\/www.webdo.tn\\\/fr\\\/#\\\/schema\\\/person\\\/c3a9d32fa6d495ca5f4b6510e3db97bf\",\"name\":\"MK\",\"image\":{\"@type\":\"ImageObject\",\"inLanguage\":\"fr-FR\",\"@id\":\"https:\\\/\\\/secure.gravatar.com\\\/avatar\\\/6d44f937f19929f3b75db77056d3e08abd6e302e71bcfea340cd8b00c13e7baf?s=96&d=mm&r=g\",\"url\":\"https:\\\/\\\/secure.gravatar.com\\\/avatar\\\/6d44f937f19929f3b75db77056d3e08abd6e302e71bcfea340cd8b00c13e7baf?s=96&d=mm&r=g\",\"contentUrl\":\"https:\\\/\\\/secure.gravatar.com\\\/avatar\\\/6d44f937f19929f3b75db77056d3e08abd6e302e71bcfea340cd8b00c13e7baf?s=96&d=mm&r=g\",\"caption\":\"MK\"},\"url\":\"https:\\\/\\\/www.webdo.tn\\\/fr\\\/actualite\\\/author\\\/mk\\\/\"}]}<\/script>\n<!-- \/ Yoast SEO Premium plugin. -->","yoast_head_json":{"title":"Handball : la Tunisie d\u00e9fend, aujourd\u2019hui, sa candidature pour accueillir le Championnat d'Afrique des Nations","description":"Le Pr\u00e9sident de la F\u00e9d\u00e9ration Tunisienne de Handball, Karim Helali, participera aujourd'hui, samedi 12 novembre 2022, \u00e0 la r\u00e9union du Conseil d'Administration d...","canonical":"https:\/\/www.webdo.tn\/fr\/actualite\/sport\/handball-la-tunisie-defend-aujourd-hui-sa-candidature-pour-accueillir-le-championnat-d-afrique-des-nations\/198852\/","og_locale":"fr_FR","og_type":"article","og_title":"Handball : la Tunisie d\u00e9fend, aujourd\u2019hui, sa candidature pour accueillir le Championnat d'Afrique des Nations","og_description":"Le Pr\u00e9sident de la F\u00e9d\u00e9ration Tunisienne de Handball, Karim Helali, participera aujourd'hui, samedi 12 novembre 2022, \u00e0 la r\u00e9union du Conseil d'Administration d...","og_url":"https:\/\/www.webdo.tn\/fr\/actualite\/sport\/handball-la-tunisie-defend-aujourd-hui-sa-candidature-pour-accueillir-le-championnat-d-afrique-des-nations\/198852\/","og_site_name":"webdo","article_publisher":"https:\/\/www.facebook.com\/webdotn","article_published_time":"2022-11-12T12:42:00+00:00","article_modified_time":"2025-05-22T11:44:37+00:00","og_image":[{"width":750,"height":400,"url":"https:\/\/www.webdo.tn\/fr\/wp-content\/uploads\/2022\/11\/cf143b771e6d5c510560ac908d4fad0c.jpg","type":"image\/jpeg"}],"author":"MK","twitter_card":"summary_large_image","twitter_creator":"@webdo_tn","twitter_site":"@webdo_tn","twitter_misc":{"\u00c9crit par":"MK"},"schema":{"@context":"https:\/\/schema.org","@graph":[{"@type":"NewsArticle","@id":"https:\/\/www.webdo.tn\/fr\/actualite\/sport\/handball-la-tunisie-defend-aujourd-hui-sa-candidature-pour-accueillir-le-championnat-d-afrique-des-nations\/198852\/#article","isPartOf":{"@id":"https:\/\/www.webdo.tn\/fr\/actualite\/sport\/handball-la-tunisie-defend-aujourd-hui-sa-candidature-pour-accueillir-le-championnat-d-afrique-des-nations\/198852\/"},"author":{"name":"MK","@id":"https:\/\/www.webdo.tn\/fr\/#\/schema\/person\/c3a9d32fa6d495ca5f4b6510e3db97bf"},"headline":"Handball : la Tunisie d\u00e9fend, aujourd\u2019hui, sa candidature pour accueillir le Championnat d&rsquo;Afrique des Nations","datePublished":"2022-11-12T12:42:00+00:00","dateModified":"2025-05-22T11:44:37+00:00","mainEntityOfPage":{"@id":"https:\/\/www.webdo.tn\/fr\/actualite\/sport\/handball-la-tunisie-defend-aujourd-hui-sa-candidature-pour-accueillir-le-championnat-d-afrique-des-nations\/198852\/"},"wordCount":101,"commentCount":0,"publisher":{"@id":"https:\/\/www.webdo.tn\/fr\/#organization"},"image":{"@id":"https:\/\/www.webdo.tn\/fr\/actualite\/sport\/handball-la-tunisie-defend-aujourd-hui-sa-candidature-pour-accueillir-le-championnat-d-afrique-des-nations\/198852\/#primaryimage"},"thumbnailUrl":"https:\/\/www.webdo.tn\/fr\/wp-content\/uploads\/2022\/11\/cf143b771e6d5c510560ac908d4fad0c.jpg","keywords":["Championnat d'Afrique des Nations","Conf\u00e9d\u00e9ration Africaine de Handball","F\u00e9d\u00e9ration Tunisienne de Handball"],"articleSection":["Sport"],"inLanguage":"fr-FR"},{"@type":"WebPage","@id":"https:\/\/www.webdo.tn\/fr\/actualite\/sport\/handball-la-tunisie-defend-aujourd-hui-sa-candidature-pour-accueillir-le-championnat-d-afrique-des-nations\/198852\/","url":"https:\/\/www.webdo.tn\/fr\/actualite\/sport\/handball-la-tunisie-defend-aujourd-hui-sa-candidature-pour-accueillir-le-championnat-d-afrique-des-nations\/198852\/","name":"Handball : la Tunisie d\u00e9fend, aujourd\u2019hui, sa candidature pour accueillir le Championnat d'Afrique des Nations","isPartOf":{"@id":"https:\/\/www.webdo.tn\/fr\/#website"},"primaryImageOfPage":{"@id":"https:\/\/www.webdo.tn\/fr\/actualite\/sport\/handball-la-tunisie-defend-aujourd-hui-sa-candidature-pour-accueillir-le-championnat-d-afrique-des-nations\/198852\/#primaryimage"},"image":{"@id":"https:\/\/www.webdo.tn\/fr\/actualite\/sport\/handball-la-tunisie-defend-aujourd-hui-sa-candidature-pour-accueillir-le-championnat-d-afrique-des-nations\/198852\/#primaryimage"},"thumbnailUrl":"https:\/\/www.webdo.tn\/fr\/wp-content\/uploads\/2022\/11\/cf143b771e6d5c510560ac908d4fad0c.jpg","datePublished":"2022-11-12T12:42:00+00:00","dateModified":"2025-05-22T11:44:37+00:00","description":"Le Pr\u00e9sident de la F\u00e9d\u00e9ration Tunisienne de Handball, Karim Helali, participera aujourd'hui, samedi 12 novembre 2022, \u00e0 la r\u00e9union du Conseil d'Administration d...","breadcrumb":{"@id":"https:\/\/www.webdo.tn\/fr\/actualite\/sport\/handball-la-tunisie-defend-aujourd-hui-sa-candidature-pour-accueillir-le-championnat-d-afrique-des-nations\/198852\/#breadcrumb"},"inLanguage":"fr-FR","potentialAction":[{"@type":"ReadAction","target":["https:\/\/www.webdo.tn\/fr\/actualite\/sport\/handball-la-tunisie-defend-aujourd-hui-sa-candidature-pour-accueillir-le-championnat-d-afrique-des-nations\/198852\/"]}]},{"@type":"ImageObject","inLanguage":"fr-FR","@id":"https:\/\/www.webdo.tn\/fr\/actualite\/sport\/handball-la-tunisie-defend-aujourd-hui-sa-candidature-pour-accueillir-le-championnat-d-afrique-des-nations\/198852\/#primaryimage","url":"https:\/\/www.webdo.tn\/fr\/wp-content\/uploads\/2022\/11\/cf143b771e6d5c510560ac908d4fad0c.jpg","contentUrl":"https:\/\/www.webdo.tn\/fr\/wp-content\/uploads\/2022\/11\/cf143b771e6d5c510560ac908d4fad0c.jpg","width":750,"height":400,"caption":"F\u00e9d\u00e9ration Tunisienne de Handball Conf\u00e9d\u00e9ration Africaine de Handball"},{"@type":"BreadcrumbList","@id":"https:\/\/www.webdo.tn\/fr\/actualite\/sport\/handball-la-tunisie-defend-aujourd-hui-sa-candidature-pour-accueillir-le-championnat-d-afrique-des-nations\/198852\/#breadcrumb","itemListElement":[{"@type":"ListItem","position":1,"name":"Accueil","item":"https:\/\/www.webdo.tn\/fr\/"},{"@type":"ListItem","position":2,"name":"Handball : la Tunisie d\u00e9fend, aujourd\u2019hui, sa candidature pour accueillir le Championnat d&rsquo;Afrique des Nations"}]},{"@type":"WebSite","@id":"https:\/\/www.webdo.tn\/fr\/#website","url":"https:\/\/www.webdo.tn\/fr\/","name":"webdo","description":"Tunisie - News en Tunisie et \u00e0 l&#039;international sur Webdo.tn","publisher":{"@id":"https:\/\/www.webdo.tn\/fr\/#organization"},"potentialAction":[{"@type":"SearchAction","target":{"@type":"EntryPoint","urlTemplate":"https:\/\/www.webdo.tn\/fr\/?s={search_term_string}"},"query-input":{"@type":"PropertyValueSpecification","valueRequired":true,"valueName":"search_term_string"}}],"inLanguage":"fr-FR"},{"@type":"Organization","@id":"https:\/\/www.webdo.tn\/fr\/#organization","name":"Webdo","alternateName":"Webdo.tn","url":"https:\/\/www.webdo.tn\/fr\/","logo":{"@type":"ImageObject","inLanguage":"fr-FR","@id":"https:\/\/www.webdo.tn\/fr\/#\/schema\/logo\/image\/","url":"https:\/\/www.webdo.tn\/fr\/wp-content\/uploads\/2025\/06\/Webdo-Tunisie_168377.jpg","contentUrl":"https:\/\/www.webdo.tn\/fr\/wp-content\/uploads\/2025\/06\/Webdo-Tunisie_168377.jpg","width":301,"height":301,"caption":"Webdo"},"image":{"@id":"https:\/\/www.webdo.tn\/fr\/#\/schema\/logo\/image\/"},"sameAs":["https:\/\/www.facebook.com\/webdotn","https:\/\/x.com\/webdo_tn"],"description":"Webdo est un m\u00e9dia num\u00e9rique tunisien fond\u00e9 en 2010, sp\u00e9cialis\u00e9 dans l\u2019actualit\u00e9 nationale et internationale, l\u2019\u00e9conomie, la soci\u00e9t\u00e9 et les analyses politiques. Le site s\u2019adresse \u00e0 un large public francophone et couvre l\u2019information tunisienne en temps r\u00e9el.","email":"redac@webdo.tn","legalName":"YNJ SARL","foundingDate":"2010-09-06","numberOfEmployees":{"@type":"QuantitativeValue","minValue":"11","maxValue":"50"}},{"@type":"Person","@id":"https:\/\/www.webdo.tn\/fr\/#\/schema\/person\/c3a9d32fa6d495ca5f4b6510e3db97bf","name":"MK","image":{"@type":"ImageObject","inLanguage":"fr-FR","@id":"https:\/\/secure.gravatar.com\/avatar\/6d44f937f19929f3b75db77056d3e08abd6e302e71bcfea340cd8b00c13e7baf?s=96&d=mm&r=g","url":"https:\/\/secure.gravatar.com\/avatar\/6d44f937f19929f3b75db77056d3e08abd6e302e71bcfea340cd8b00c13e7baf?s=96&d=mm&r=g","contentUrl":"https:\/\/secure.gravatar.com\/avatar\/6d44f937f19929f3b75db77056d3e08abd6e302e71bcfea340cd8b00c13e7baf?s=96&d=mm&r=g","caption":"MK"},"url":"https:\/\/www.webdo.tn\/fr\/actualite\/author\/mk\/"}]}},"_links":{"self":[{"href":"https:\/\/www.webdo.tn\/fr\/wp-json\/wp\/v2\/posts\/198852","targetHints":{"allow":["GET"]}}],"collection":[{"href":"https:\/\/www.webdo.tn\/fr\/wp-json\/wp\/v2\/posts"}],"about":[{"href":"https:\/\/www.webdo.tn\/fr\/wp-json\/wp\/v2\/types\/post"}],"author":[{"embeddable":true,"href":"https:\/\/www.webdo.tn\/fr\/wp-json\/wp\/v2\/users\/3196"}],"replies":[{"embeddable":true,"href":"https:\/\/www.webdo.tn\/fr\/wp-json\/wp\/v2\/comments?post=198852"}],"version-history":[{"count":0,"href":"https:\/\/www.webdo.tn\/fr\/wp-json\/wp\/v2\/posts\/198852\/revisions"}],"wp:featuredmedia":[{"embeddable":true,"href":"https:\/\/www.webdo.tn\/fr\/wp-json\/wp\/v2\/media\/348611"}],"wp:attachment":[{"href":"https:\/\/www.webdo.tn\/fr\/wp-json\/wp\/v2\/media?parent=198852"}],"wp:term":[{"taxonomy":"category","embeddable":true,"href":"https:\/\/www.webdo.tn\/fr\/wp-json\/wp\/v2\/categories?post=198852"},{"taxonomy":"post_tag","embeddable":true,"href":"https:\/\/www.webdo.tn\/fr\/wp-json\/wp\/v2\/tags?post=198852"}],"curies":[{"name":"wp","href":"https:\/\/api.w.org\/{rel}","templated":true}]}}