{"id":198839,"date":"2022-11-12T09:11:00","date_gmt":"2022-11-12T09:11:00","guid":{"rendered":"https:\/\/www.webdo.tn\/fr\/blog\/l-ugtt-critique-le-manque-de-transparence-du-gouvernement\/198839\/"},"modified":"2025-05-20T22:05:47","modified_gmt":"2025-05-20T22:05:47","slug":"l-ugtt-critique-le-manque-de-transparence-du-gouvernement","status":"publish","type":"post","link":"https:\/\/www.webdo.tn\/fr\/actualite\/national\/l-ugtt-critique-le-manque-de-transparence-du-gouvernement\/198839\/","title":{"rendered":"L\u2019UGTT critique le manque de transparence du gouvernement"},"content":{"rendered":"<p>L&rsquo;UGTT appelle le gouvernement \u00e0 informer les tunisiens de ce qui a \u00e9t\u00e9 convenu avec le FMI exprimant son refus de la lev\u00e9e des subventions ou la cession des entreprises publiques.<\/p>\n<p>\t\t\t\t\t\t\t\t\tL&rsquo;Union g\u00e9n\u00e9rale tunisienne du travail (UGTT) a appel\u00e9, hier, dans un communiqu\u00e9, le gouvernement \u00e0 informer les Tunisiens de \u00ab\u00a0ce qui a \u00e9t\u00e9 convenu de mani\u00e8re unilat\u00e9rale avec le Fonds mon\u00e9taire international (FMI)\u00a0\u00bb exprimant son rejet de toutes d\u00e9cisions sur la lev\u00e9e des subventions ou la cession des entreprises publiques.<\/p>\n<p>La centrale syndicale a critiqu\u00e9, \u00e0 l&rsquo;issue de la r\u00e9union de son bureau ex\u00e9cutif qui s&rsquo;est tenue vendredi, le manque de transparence du gouvernement qui a pas d\u00e9voil\u00e9 ce qui a \u00e9t\u00e9 convenu avec le FMI, ainsi que ses d\u00e9clarations contradictoires sur les dossiers de la lev\u00e9e des subventions et la cession des entreprises publiques.<\/p>\n<p>Elle a affirm\u00e9 sa disposition \u00e0 entamer un dialogue participatif permettant d&rsquo;introduire des r\u00e9formes justes et \u00e9quitables afin de sauver les entreprises publique qui sont le levier de l&rsquo;\u00e9conomie, notamment en l&rsquo;absence d&rsquo;investissements priv\u00e9s nationaux et \u00e9trangers.<\/p>\n<p>L&rsquo;UGTT a \u00e9galement notamment appel\u00e9 \u00e0 faire face \u00e0 la flamb\u00e9e des prix, \u00e0 adopter une politique claire visant \u00e0 lutter contre la sp\u00e9culation, le monopole, et la contrebande et \u00e0 d\u00e9dommager les citoyens suite \u00e0 la d\u00e9gradation du pouvoir d&rsquo;achat, \u00e0 travers l&rsquo;intervention directe de l&rsquo;Etat pour soutenir la production agricole, r\u00e9viser les circuits de distribution et r\u00e9duire l&rsquo;ing\u00e9rence des lobbies.<\/p>\n","protected":false},"excerpt":{"rendered":"<p>L&rsquo;UGTT appelle le gouvernement \u00e0 informer les tunisiens de ce qui a \u00e9t\u00e9 convenu avec le FMI exprimant son refus de la lev\u00e9e des subventions ou la cession des en&#8230;<\/p>\n","protected":false},"author":3162,"featured_media":277230,"comment_status":"open","ping_status":"closed","sticky":false,"template":"","format":"standard","meta":{"footnotes":""},"categories":[44],"tags":[4233,2651,2649],"class_list":["post-198839","post","type-post","status-publish","format-standard","has-post-thumbnail","hentry","category-national","tag-fmi","tag-gouvernement","tag-ugtt"],"yoast_head":"<!-- This site is optimized with the Yoast SEO Premium plugin v27.5 (Yoast SEO v27.5) - https:\/\/yoast.com\/product\/yoast-seo-premium-wordpress\/ -->\n<title>L\u2019UGTT critique le manque de transparence du gouvernement<\/title>\n<meta name=\"description\" content=\"L&#039;UGTT appelle le gouvernement \u00e0 informer les tunisiens de ce qui a \u00e9t\u00e9 convenu avec le FMI exprimant son refus de la lev\u00e9e des subventions ou la cession des en...\" \/>\n<link rel=\"canonical\" href=\"https:\/\/www.webdo.tn\/fr\/actualite\/national\/l-ugtt-critique-le-manque-de-transparence-du-gouvernement\/198839\/\" \/>\n<meta property=\"og:locale\" content=\"fr_FR\" \/>\n<meta property=\"og:type\" content=\"article\" \/>\n<meta property=\"og:title\" content=\"L\u2019UGTT critique le manque de transparence du gouvernement\" \/>\n<meta property=\"og:description\" content=\"L&#039;UGTT appelle le gouvernement \u00e0 informer les tunisiens de ce qui a \u00e9t\u00e9 convenu avec le FMI exprimant son refus de la lev\u00e9e des subventions ou la cession des en...\" \/>\n<meta property=\"og:url\" content=\"https:\/\/www.webdo.tn\/fr\/actualite\/national\/l-ugtt-critique-le-manque-de-transparence-du-gouvernement\/198839\/\" \/>\n<meta property=\"og:site_name\" content=\"webdo\" \/>\n<meta property=\"article:publisher\" content=\"https:\/\/www.facebook.com\/webdotn\" \/>\n<meta property=\"article:published_time\" content=\"2022-11-12T09:11:00+00:00\" \/>\n<meta property=\"article:modified_time\" content=\"2025-05-20T22:05:47+00:00\" \/>\n<meta property=\"og:image\" content=\"https:\/\/www.webdo.tn\/fr\/wp-content\/uploads\/2022\/11\/c2acb55c1cee302cbb2a54c92882c42f.jpg\" \/>\n\t<meta property=\"og:image:width\" content=\"750\" \/>\n\t<meta property=\"og:image:height\" content=\"400\" \/>\n\t<meta property=\"og:image:type\" content=\"image\/jpeg\" \/>\n<meta name=\"author\" content=\"MC\" \/>\n<meta name=\"twitter:card\" content=\"summary_large_image\" \/>\n<meta name=\"twitter:creator\" content=\"@webdo_tn\" \/>\n<meta name=\"twitter:site\" content=\"@webdo_tn\" \/>\n<meta name=\"twitter:label1\" content=\"\u00c9crit par\" \/>\n\t<meta name=\"twitter:data1\" content=\"MC\" \/>\n\t<meta name=\"twitter:label2\" content=\"Dur\u00e9e de lecture estim\u00e9e\" \/>\n\t<meta name=\"twitter:data2\" content=\"1 minute\" \/>\n<script type=\"application\/ld+json\" class=\"yoast-schema-graph\">{\"@context\":\"https:\\\/\\\/schema.org\",\"@graph\":[{\"@type\":\"NewsArticle\",\"@id\":\"https:\\\/\\\/www.webdo.tn\\\/fr\\\/actualite\\\/national\\\/l-ugtt-critique-le-manque-de-transparence-du-gouvernement\\\/198839\\\/#article\",\"isPartOf\":{\"@id\":\"https:\\\/\\\/www.webdo.tn\\\/fr\\\/actualite\\\/national\\\/l-ugtt-critique-le-manque-de-transparence-du-gouvernement\\\/198839\\\/\"},\"author\":{\"name\":\"MC\",\"@id\":\"https:\\\/\\\/www.webdo.tn\\\/fr\\\/#\\\/schema\\\/person\\\/2c4929cbf5a809e3bd38617c6ce150f6\"},\"headline\":\"L\u2019UGTT critique le manque de transparence du gouvernement\",\"datePublished\":\"2022-11-12T09:11:00+00:00\",\"dateModified\":\"2025-05-20T22:05:47+00:00\",\"mainEntityOfPage\":{\"@id\":\"https:\\\/\\\/www.webdo.tn\\\/fr\\\/actualite\\\/national\\\/l-ugtt-critique-le-manque-de-transparence-du-gouvernement\\\/198839\\\/\"},\"wordCount\":268,\"commentCount\":0,\"publisher\":{\"@id\":\"https:\\\/\\\/www.webdo.tn\\\/fr\\\/#organization\"},\"image\":{\"@id\":\"https:\\\/\\\/www.webdo.tn\\\/fr\\\/actualite\\\/national\\\/l-ugtt-critique-le-manque-de-transparence-du-gouvernement\\\/198839\\\/#primaryimage\"},\"thumbnailUrl\":\"https:\\\/\\\/www.webdo.tn\\\/fr\\\/wp-content\\\/uploads\\\/2022\\\/11\\\/c2acb55c1cee302cbb2a54c92882c42f.jpg\",\"keywords\":[\"FMI\",\"gouvernement\",\"UGTT\"],\"articleSection\":[\"National\"],\"inLanguage\":\"fr-FR\"},{\"@type\":\"WebPage\",\"@id\":\"https:\\\/\\\/www.webdo.tn\\\/fr\\\/actualite\\\/national\\\/l-ugtt-critique-le-manque-de-transparence-du-gouvernement\\\/198839\\\/\",\"url\":\"https:\\\/\\\/www.webdo.tn\\\/fr\\\/actualite\\\/national\\\/l-ugtt-critique-le-manque-de-transparence-du-gouvernement\\\/198839\\\/\",\"name\":\"L\u2019UGTT critique le manque de transparence du gouvernement\",\"isPartOf\":{\"@id\":\"https:\\\/\\\/www.webdo.tn\\\/fr\\\/#website\"},\"primaryImageOfPage\":{\"@id\":\"https:\\\/\\\/www.webdo.tn\\\/fr\\\/actualite\\\/national\\\/l-ugtt-critique-le-manque-de-transparence-du-gouvernement\\\/198839\\\/#primaryimage\"},\"image\":{\"@id\":\"https:\\\/\\\/www.webdo.tn\\\/fr\\\/actualite\\\/national\\\/l-ugtt-critique-le-manque-de-transparence-du-gouvernement\\\/198839\\\/#primaryimage\"},\"thumbnailUrl\":\"https:\\\/\\\/www.webdo.tn\\\/fr\\\/wp-content\\\/uploads\\\/2022\\\/11\\\/c2acb55c1cee302cbb2a54c92882c42f.jpg\",\"datePublished\":\"2022-11-12T09:11:00+00:00\",\"dateModified\":\"2025-05-20T22:05:47+00:00\",\"description\":\"L'UGTT appelle le gouvernement \u00e0 informer les tunisiens de ce qui a \u00e9t\u00e9 convenu avec le FMI exprimant son refus de la lev\u00e9e des subventions ou la cession des en...\",\"breadcrumb\":{\"@id\":\"https:\\\/\\\/www.webdo.tn\\\/fr\\\/actualite\\\/national\\\/l-ugtt-critique-le-manque-de-transparence-du-gouvernement\\\/198839\\\/#breadcrumb\"},\"inLanguage\":\"fr-FR\",\"potentialAction\":[{\"@type\":\"ReadAction\",\"target\":[\"https:\\\/\\\/www.webdo.tn\\\/fr\\\/actualite\\\/national\\\/l-ugtt-critique-le-manque-de-transparence-du-gouvernement\\\/198839\\\/\"]}]},{\"@type\":\"ImageObject\",\"inLanguage\":\"fr-FR\",\"@id\":\"https:\\\/\\\/www.webdo.tn\\\/fr\\\/actualite\\\/national\\\/l-ugtt-critique-le-manque-de-transparence-du-gouvernement\\\/198839\\\/#primaryimage\",\"url\":\"https:\\\/\\\/www.webdo.tn\\\/fr\\\/wp-content\\\/uploads\\\/2022\\\/11\\\/c2acb55c1cee302cbb2a54c92882c42f.jpg\",\"contentUrl\":\"https:\\\/\\\/www.webdo.tn\\\/fr\\\/wp-content\\\/uploads\\\/2022\\\/11\\\/c2acb55c1cee302cbb2a54c92882c42f.jpg\",\"width\":750,\"height\":400,\"caption\":\"UGTT\"},{\"@type\":\"BreadcrumbList\",\"@id\":\"https:\\\/\\\/www.webdo.tn\\\/fr\\\/actualite\\\/national\\\/l-ugtt-critique-le-manque-de-transparence-du-gouvernement\\\/198839\\\/#breadcrumb\",\"itemListElement\":[{\"@type\":\"ListItem\",\"position\":1,\"name\":\"Accueil\",\"item\":\"https:\\\/\\\/www.webdo.tn\\\/fr\\\/\"},{\"@type\":\"ListItem\",\"position\":2,\"name\":\"L\u2019UGTT critique le manque de transparence du gouvernement\"}]},{\"@type\":\"WebSite\",\"@id\":\"https:\\\/\\\/www.webdo.tn\\\/fr\\\/#website\",\"url\":\"https:\\\/\\\/www.webdo.tn\\\/fr\\\/\",\"name\":\"webdo\",\"description\":\"Tunisie - News en Tunisie et \u00e0 l&#039;international sur Webdo.tn\",\"publisher\":{\"@id\":\"https:\\\/\\\/www.webdo.tn\\\/fr\\\/#organization\"},\"potentialAction\":[{\"@type\":\"SearchAction\",\"target\":{\"@type\":\"EntryPoint\",\"urlTemplate\":\"https:\\\/\\\/www.webdo.tn\\\/fr\\\/?s={search_term_string}\"},\"query-input\":{\"@type\":\"PropertyValueSpecification\",\"valueRequired\":true,\"valueName\":\"search_term_string\"}}],\"inLanguage\":\"fr-FR\"},{\"@type\":\"Organization\",\"@id\":\"https:\\\/\\\/www.webdo.tn\\\/fr\\\/#organization\",\"name\":\"Webdo\",\"alternateName\":\"Webdo.tn\",\"url\":\"https:\\\/\\\/www.webdo.tn\\\/fr\\\/\",\"logo\":{\"@type\":\"ImageObject\",\"inLanguage\":\"fr-FR\",\"@id\":\"https:\\\/\\\/www.webdo.tn\\\/fr\\\/#\\\/schema\\\/logo\\\/image\\\/\",\"url\":\"https:\\\/\\\/www.webdo.tn\\\/fr\\\/wp-content\\\/uploads\\\/2025\\\/06\\\/Webdo-Tunisie_168377.jpg\",\"contentUrl\":\"https:\\\/\\\/www.webdo.tn\\\/fr\\\/wp-content\\\/uploads\\\/2025\\\/06\\\/Webdo-Tunisie_168377.jpg\",\"width\":301,\"height\":301,\"caption\":\"Webdo\"},\"image\":{\"@id\":\"https:\\\/\\\/www.webdo.tn\\\/fr\\\/#\\\/schema\\\/logo\\\/image\\\/\"},\"sameAs\":[\"https:\\\/\\\/www.facebook.com\\\/webdotn\",\"https:\\\/\\\/x.com\\\/webdo_tn\"],\"description\":\"Webdo est un m\u00e9dia num\u00e9rique tunisien fond\u00e9 en 2010, sp\u00e9cialis\u00e9 dans l\u2019actualit\u00e9 nationale et internationale, l\u2019\u00e9conomie, la soci\u00e9t\u00e9 et les analyses politiques. Le site s\u2019adresse \u00e0 un large public francophone et couvre l\u2019information tunisienne en temps r\u00e9el.\",\"email\":\"redac@webdo.tn\",\"legalName\":\"YNJ SARL\",\"foundingDate\":\"2010-09-06\",\"numberOfEmployees\":{\"@type\":\"QuantitativeValue\",\"minValue\":\"11\",\"maxValue\":\"50\"}},{\"@type\":\"Person\",\"@id\":\"https:\\\/\\\/www.webdo.tn\\\/fr\\\/#\\\/schema\\\/person\\\/2c4929cbf5a809e3bd38617c6ce150f6\",\"name\":\"MC\",\"image\":{\"@type\":\"ImageObject\",\"inLanguage\":\"fr-FR\",\"@id\":\"https:\\\/\\\/secure.gravatar.com\\\/avatar\\\/a545bbb6f84efdd5553dbbc2895e3ca8f1d12c5215e00a041c9670b54aa9b18a?s=96&d=mm&r=g\",\"url\":\"https:\\\/\\\/secure.gravatar.com\\\/avatar\\\/a545bbb6f84efdd5553dbbc2895e3ca8f1d12c5215e00a041c9670b54aa9b18a?s=96&d=mm&r=g\",\"contentUrl\":\"https:\\\/\\\/secure.gravatar.com\\\/avatar\\\/a545bbb6f84efdd5553dbbc2895e3ca8f1d12c5215e00a041c9670b54aa9b18a?s=96&d=mm&r=g\",\"caption\":\"MC\"},\"url\":\"https:\\\/\\\/www.webdo.tn\\\/fr\\\/actualite\\\/author\\\/mc\\\/\"}]}<\/script>\n<!-- \/ Yoast SEO Premium plugin. -->","yoast_head_json":{"title":"L\u2019UGTT critique le manque de transparence du gouvernement","description":"L'UGTT appelle le gouvernement \u00e0 informer les tunisiens de ce qui a \u00e9t\u00e9 convenu avec le FMI exprimant son refus de la lev\u00e9e des subventions ou la cession des en...","canonical":"https:\/\/www.webdo.tn\/fr\/actualite\/national\/l-ugtt-critique-le-manque-de-transparence-du-gouvernement\/198839\/","og_locale":"fr_FR","og_type":"article","og_title":"L\u2019UGTT critique le manque de transparence du gouvernement","og_description":"L'UGTT appelle le gouvernement \u00e0 informer les tunisiens de ce qui a \u00e9t\u00e9 convenu avec le FMI exprimant son refus de la lev\u00e9e des subventions ou la cession des en...","og_url":"https:\/\/www.webdo.tn\/fr\/actualite\/national\/l-ugtt-critique-le-manque-de-transparence-du-gouvernement\/198839\/","og_site_name":"webdo","article_publisher":"https:\/\/www.facebook.com\/webdotn","article_published_time":"2022-11-12T09:11:00+00:00","article_modified_time":"2025-05-20T22:05:47+00:00","og_image":[{"width":750,"height":400,"url":"https:\/\/www.webdo.tn\/fr\/wp-content\/uploads\/2022\/11\/c2acb55c1cee302cbb2a54c92882c42f.jpg","type":"image\/jpeg"}],"author":"MC","twitter_card":"summary_large_image","twitter_creator":"@webdo_tn","twitter_site":"@webdo_tn","twitter_misc":{"\u00c9crit par":"MC","Dur\u00e9e de lecture estim\u00e9e":"1 minute"},"schema":{"@context":"https:\/\/schema.org","@graph":[{"@type":"NewsArticle","@id":"https:\/\/www.webdo.tn\/fr\/actualite\/national\/l-ugtt-critique-le-manque-de-transparence-du-gouvernement\/198839\/#article","isPartOf":{"@id":"https:\/\/www.webdo.tn\/fr\/actualite\/national\/l-ugtt-critique-le-manque-de-transparence-du-gouvernement\/198839\/"},"author":{"name":"MC","@id":"https:\/\/www.webdo.tn\/fr\/#\/schema\/person\/2c4929cbf5a809e3bd38617c6ce150f6"},"headline":"L\u2019UGTT critique le manque de transparence du gouvernement","datePublished":"2022-11-12T09:11:00+00:00","dateModified":"2025-05-20T22:05:47+00:00","mainEntityOfPage":{"@id":"https:\/\/www.webdo.tn\/fr\/actualite\/national\/l-ugtt-critique-le-manque-de-transparence-du-gouvernement\/198839\/"},"wordCount":268,"commentCount":0,"publisher":{"@id":"https:\/\/www.webdo.tn\/fr\/#organization"},"image":{"@id":"https:\/\/www.webdo.tn\/fr\/actualite\/national\/l-ugtt-critique-le-manque-de-transparence-du-gouvernement\/198839\/#primaryimage"},"thumbnailUrl":"https:\/\/www.webdo.tn\/fr\/wp-content\/uploads\/2022\/11\/c2acb55c1cee302cbb2a54c92882c42f.jpg","keywords":["FMI","gouvernement","UGTT"],"articleSection":["National"],"inLanguage":"fr-FR"},{"@type":"WebPage","@id":"https:\/\/www.webdo.tn\/fr\/actualite\/national\/l-ugtt-critique-le-manque-de-transparence-du-gouvernement\/198839\/","url":"https:\/\/www.webdo.tn\/fr\/actualite\/national\/l-ugtt-critique-le-manque-de-transparence-du-gouvernement\/198839\/","name":"L\u2019UGTT critique le manque de transparence du gouvernement","isPartOf":{"@id":"https:\/\/www.webdo.tn\/fr\/#website"},"primaryImageOfPage":{"@id":"https:\/\/www.webdo.tn\/fr\/actualite\/national\/l-ugtt-critique-le-manque-de-transparence-du-gouvernement\/198839\/#primaryimage"},"image":{"@id":"https:\/\/www.webdo.tn\/fr\/actualite\/national\/l-ugtt-critique-le-manque-de-transparence-du-gouvernement\/198839\/#primaryimage"},"thumbnailUrl":"https:\/\/www.webdo.tn\/fr\/wp-content\/uploads\/2022\/11\/c2acb55c1cee302cbb2a54c92882c42f.jpg","datePublished":"2022-11-12T09:11:00+00:00","dateModified":"2025-05-20T22:05:47+00:00","description":"L'UGTT appelle le gouvernement \u00e0 informer les tunisiens de ce qui a \u00e9t\u00e9 convenu avec le FMI exprimant son refus de la lev\u00e9e des subventions ou la cession des en...","breadcrumb":{"@id":"https:\/\/www.webdo.tn\/fr\/actualite\/national\/l-ugtt-critique-le-manque-de-transparence-du-gouvernement\/198839\/#breadcrumb"},"inLanguage":"fr-FR","potentialAction":[{"@type":"ReadAction","target":["https:\/\/www.webdo.tn\/fr\/actualite\/national\/l-ugtt-critique-le-manque-de-transparence-du-gouvernement\/198839\/"]}]},{"@type":"ImageObject","inLanguage":"fr-FR","@id":"https:\/\/www.webdo.tn\/fr\/actualite\/national\/l-ugtt-critique-le-manque-de-transparence-du-gouvernement\/198839\/#primaryimage","url":"https:\/\/www.webdo.tn\/fr\/wp-content\/uploads\/2022\/11\/c2acb55c1cee302cbb2a54c92882c42f.jpg","contentUrl":"https:\/\/www.webdo.tn\/fr\/wp-content\/uploads\/2022\/11\/c2acb55c1cee302cbb2a54c92882c42f.jpg","width":750,"height":400,"caption":"UGTT"},{"@type":"BreadcrumbList","@id":"https:\/\/www.webdo.tn\/fr\/actualite\/national\/l-ugtt-critique-le-manque-de-transparence-du-gouvernement\/198839\/#breadcrumb","itemListElement":[{"@type":"ListItem","position":1,"name":"Accueil","item":"https:\/\/www.webdo.tn\/fr\/"},{"@type":"ListItem","position":2,"name":"L\u2019UGTT critique le manque de transparence du gouvernement"}]},{"@type":"WebSite","@id":"https:\/\/www.webdo.tn\/fr\/#website","url":"https:\/\/www.webdo.tn\/fr\/","name":"webdo","description":"Tunisie - News en Tunisie et \u00e0 l&#039;international sur Webdo.tn","publisher":{"@id":"https:\/\/www.webdo.tn\/fr\/#organization"},"potentialAction":[{"@type":"SearchAction","target":{"@type":"EntryPoint","urlTemplate":"https:\/\/www.webdo.tn\/fr\/?s={search_term_string}"},"query-input":{"@type":"PropertyValueSpecification","valueRequired":true,"valueName":"search_term_string"}}],"inLanguage":"fr-FR"},{"@type":"Organization","@id":"https:\/\/www.webdo.tn\/fr\/#organization","name":"Webdo","alternateName":"Webdo.tn","url":"https:\/\/www.webdo.tn\/fr\/","logo":{"@type":"ImageObject","inLanguage":"fr-FR","@id":"https:\/\/www.webdo.tn\/fr\/#\/schema\/logo\/image\/","url":"https:\/\/www.webdo.tn\/fr\/wp-content\/uploads\/2025\/06\/Webdo-Tunisie_168377.jpg","contentUrl":"https:\/\/www.webdo.tn\/fr\/wp-content\/uploads\/2025\/06\/Webdo-Tunisie_168377.jpg","width":301,"height":301,"caption":"Webdo"},"image":{"@id":"https:\/\/www.webdo.tn\/fr\/#\/schema\/logo\/image\/"},"sameAs":["https:\/\/www.facebook.com\/webdotn","https:\/\/x.com\/webdo_tn"],"description":"Webdo est un m\u00e9dia num\u00e9rique tunisien fond\u00e9 en 2010, sp\u00e9cialis\u00e9 dans l\u2019actualit\u00e9 nationale et internationale, l\u2019\u00e9conomie, la soci\u00e9t\u00e9 et les analyses politiques. Le site s\u2019adresse \u00e0 un large public francophone et couvre l\u2019information tunisienne en temps r\u00e9el.","email":"redac@webdo.tn","legalName":"YNJ SARL","foundingDate":"2010-09-06","numberOfEmployees":{"@type":"QuantitativeValue","minValue":"11","maxValue":"50"}},{"@type":"Person","@id":"https:\/\/www.webdo.tn\/fr\/#\/schema\/person\/2c4929cbf5a809e3bd38617c6ce150f6","name":"MC","image":{"@type":"ImageObject","inLanguage":"fr-FR","@id":"https:\/\/secure.gravatar.com\/avatar\/a545bbb6f84efdd5553dbbc2895e3ca8f1d12c5215e00a041c9670b54aa9b18a?s=96&d=mm&r=g","url":"https:\/\/secure.gravatar.com\/avatar\/a545bbb6f84efdd5553dbbc2895e3ca8f1d12c5215e00a041c9670b54aa9b18a?s=96&d=mm&r=g","contentUrl":"https:\/\/secure.gravatar.com\/avatar\/a545bbb6f84efdd5553dbbc2895e3ca8f1d12c5215e00a041c9670b54aa9b18a?s=96&d=mm&r=g","caption":"MC"},"url":"https:\/\/www.webdo.tn\/fr\/actualite\/author\/mc\/"}]}},"_links":{"self":[{"href":"https:\/\/www.webdo.tn\/fr\/wp-json\/wp\/v2\/posts\/198839","targetHints":{"allow":["GET"]}}],"collection":[{"href":"https:\/\/www.webdo.tn\/fr\/wp-json\/wp\/v2\/posts"}],"about":[{"href":"https:\/\/www.webdo.tn\/fr\/wp-json\/wp\/v2\/types\/post"}],"author":[{"embeddable":true,"href":"https:\/\/www.webdo.tn\/fr\/wp-json\/wp\/v2\/users\/3162"}],"replies":[{"embeddable":true,"href":"https:\/\/www.webdo.tn\/fr\/wp-json\/wp\/v2\/comments?post=198839"}],"version-history":[{"count":0,"href":"https:\/\/www.webdo.tn\/fr\/wp-json\/wp\/v2\/posts\/198839\/revisions"}],"wp:featuredmedia":[{"embeddable":true,"href":"https:\/\/www.webdo.tn\/fr\/wp-json\/wp\/v2\/media\/277230"}],"wp:attachment":[{"href":"https:\/\/www.webdo.tn\/fr\/wp-json\/wp\/v2\/media?parent=198839"}],"wp:term":[{"taxonomy":"category","embeddable":true,"href":"https:\/\/www.webdo.tn\/fr\/wp-json\/wp\/v2\/categories?post=198839"},{"taxonomy":"post_tag","embeddable":true,"href":"https:\/\/www.webdo.tn\/fr\/wp-json\/wp\/v2\/tags?post=198839"}],"curies":[{"name":"wp","href":"https:\/\/api.w.org\/{rel}","templated":true}]}}