{"id":198822,"date":"2022-11-11T16:11:00","date_gmt":"2022-11-11T16:11:00","guid":{"rendered":"https:\/\/www.webdo.tn\/fr\/blog\/crise-des-dechets-a-sfax-l-ordre-des-avocats-entre-en-jeu\/198822\/"},"modified":"2025-05-20T23:01:49","modified_gmt":"2025-05-20T23:01:49","slug":"crise-des-dechets-a-sfax-l-ordre-des-avocats-entre-en-jeu","status":"publish","type":"post","link":"https:\/\/www.webdo.tn\/fr\/actualite\/regions\/crise-des-dechets-a-sfax-l-ordre-des-avocats-entre-en-jeu\/198822\/","title":{"rendered":"Crise des d\u00e9chets \u00e0 Sfax : l\u2019ordre des avocats entre en jeu"},"content":{"rendered":"<p>Le conseil de la section r\u00e9gionale de Sfax de l\u2019ordre des avocats a indiqu\u00e9 qu\u2019il \u00ab envisage toutes les formes de militantisme \u00bb pour r\u00e9soudre la crise des d\u00e9chets qui polluent la r\u00e9gion.<\/p>\n<p>\t\t\t\t\t\t\t\t\tDans un communiqu\u00e9 publi\u00e9 ce vendredi 11 novembre 2022, le conseil de la section r\u00e9gionale de Sfax de l\u2019ordre des avocats a mis en garde contre la gravit\u00e9 de la situation environnementale \u00e0 Sfax, \u00ab ayant atteint un seuil dangereux \u00e0 cause de l\u2019entassement des ordures, ce qui pr\u00e9sage une catastrophe environnementale et sanitaire imminente mena\u00e7ant directement la vie des citoyens de la r\u00e9gion \u00bb.<\/p>\n<p>Exprimant sa d\u00e9ception des \u00ab solutions de rafistolage adopt\u00e9es par les autorit\u00e9s de tutelle \u00bb, le conseil de la section de Sfax a appel\u00e9 tous les pouvoirs politiques, notamment le pr\u00e9sident de la R\u00e9publique et la cheffe du gouvernement, \u00e0 intervenir d\u2019urgence.<\/p>\n<p>Il les a \u00e9galement somm\u00e9s \u00ab d\u2019accorder l\u2019importance que m\u00e9rite ce dossier, en pr\u00e9sentant des solutions radicales et efficaces pour mettre un terme \u00e0 la crise des d\u00e9chets \u00bb.<\/p>\n<p>Il est \u00e0 rappeler que le gouverneur de Sfax, Fakher Fakhfakh a indiqu\u00e9, mercredi dernier, qu\u2019il contactera la cheffe du gouvernement, Najla Bouden et le ministre de l&rsquo;Int\u00e9rieur, Taoufik Charfeddine pour demander officiellement l&rsquo;intervention de l&rsquo;arm\u00e9e afin de s\u00e9curiser les routes et les installations pour le transport et le stockage des d\u00e9chets.<\/p>\n","protected":false},"excerpt":{"rendered":"<p>Le conseil de la section r\u00e9gionale de Sfax de l\u2019ordre des avocats a indiqu\u00e9 qu\u2019il \u00ab envisage toutes les formes de militantisme \u00bb pour r\u00e9soudre la crise des d\u00e9ch&#8230;<\/p>\n","protected":false},"author":3196,"featured_media":253284,"comment_status":"open","ping_status":"closed","sticky":false,"template":"","format":"standard","meta":{"footnotes":""},"categories":[2595],"tags":[3282,9018,3040,2675],"class_list":["post-198822","post","type-post","status-publish","format-standard","has-post-thumbnail","hentry","category-regions","tag-dechets","tag-fakher-fakhfakh","tag-ordre-des-avocats","tag-sfax"],"yoast_head":"<!-- This site is optimized with the Yoast SEO Premium plugin v27.5 (Yoast SEO v27.5) - https:\/\/yoast.com\/product\/yoast-seo-premium-wordpress\/ -->\n<title>Crise des d\u00e9chets \u00e0 Sfax : l\u2019ordre des avocats entre en jeu<\/title>\n<meta name=\"description\" content=\"Le conseil de la section r\u00e9gionale de Sfax de l\u2019ordre des avocats a indiqu\u00e9 qu\u2019il \u00ab envisage toutes les formes de militantisme \u00bb pour r\u00e9soudre la crise des d\u00e9ch...\" \/>\n<link rel=\"canonical\" href=\"https:\/\/www.webdo.tn\/fr\/actualite\/regions\/crise-des-dechets-a-sfax-l-ordre-des-avocats-entre-en-jeu\/198822\/\" \/>\n<meta property=\"og:locale\" content=\"fr_FR\" \/>\n<meta property=\"og:type\" content=\"article\" \/>\n<meta property=\"og:title\" content=\"Crise des d\u00e9chets \u00e0 Sfax : l\u2019ordre des avocats entre en jeu\" \/>\n<meta property=\"og:description\" content=\"Le conseil de la section r\u00e9gionale de Sfax de l\u2019ordre des avocats a indiqu\u00e9 qu\u2019il \u00ab envisage toutes les formes de militantisme \u00bb pour r\u00e9soudre la crise des d\u00e9ch...\" \/>\n<meta property=\"og:url\" content=\"https:\/\/www.webdo.tn\/fr\/actualite\/regions\/crise-des-dechets-a-sfax-l-ordre-des-avocats-entre-en-jeu\/198822\/\" \/>\n<meta property=\"og:site_name\" content=\"webdo\" \/>\n<meta property=\"article:publisher\" content=\"https:\/\/www.facebook.com\/webdotn\" \/>\n<meta property=\"article:published_time\" content=\"2022-11-11T16:11:00+00:00\" \/>\n<meta property=\"article:modified_time\" content=\"2025-05-20T23:01:49+00:00\" \/>\n<meta property=\"og:image\" content=\"https:\/\/www.webdo.tn\/fr\/wp-content\/uploads\/2022\/11\/f255424e803fdfc6c3224e32ce60e703-1.jpg\" \/>\n\t<meta property=\"og:image:width\" content=\"750\" \/>\n\t<meta property=\"og:image:height\" content=\"400\" \/>\n\t<meta property=\"og:image:type\" content=\"image\/jpeg\" \/>\n<meta name=\"author\" content=\"MK\" \/>\n<meta name=\"twitter:card\" content=\"summary_large_image\" \/>\n<meta name=\"twitter:creator\" content=\"@webdo_tn\" \/>\n<meta name=\"twitter:site\" content=\"@webdo_tn\" \/>\n<meta name=\"twitter:label1\" content=\"\u00c9crit par\" \/>\n\t<meta name=\"twitter:data1\" content=\"MK\" \/>\n\t<meta name=\"twitter:label2\" content=\"Dur\u00e9e de lecture estim\u00e9e\" \/>\n\t<meta name=\"twitter:data2\" content=\"1 minute\" \/>\n<script type=\"application\/ld+json\" class=\"yoast-schema-graph\">{\"@context\":\"https:\\\/\\\/schema.org\",\"@graph\":[{\"@type\":\"NewsArticle\",\"@id\":\"https:\\\/\\\/www.webdo.tn\\\/fr\\\/actualite\\\/regions\\\/crise-des-dechets-a-sfax-l-ordre-des-avocats-entre-en-jeu\\\/198822\\\/#article\",\"isPartOf\":{\"@id\":\"https:\\\/\\\/www.webdo.tn\\\/fr\\\/actualite\\\/regions\\\/crise-des-dechets-a-sfax-l-ordre-des-avocats-entre-en-jeu\\\/198822\\\/\"},\"author\":{\"name\":\"MK\",\"@id\":\"https:\\\/\\\/www.webdo.tn\\\/fr\\\/#\\\/schema\\\/person\\\/c3a9d32fa6d495ca5f4b6510e3db97bf\"},\"headline\":\"Crise des d\u00e9chets \u00e0 Sfax : l\u2019ordre des avocats entre en jeu\",\"datePublished\":\"2022-11-11T16:11:00+00:00\",\"dateModified\":\"2025-05-20T23:01:49+00:00\",\"mainEntityOfPage\":{\"@id\":\"https:\\\/\\\/www.webdo.tn\\\/fr\\\/actualite\\\/regions\\\/crise-des-dechets-a-sfax-l-ordre-des-avocats-entre-en-jeu\\\/198822\\\/\"},\"wordCount\":250,\"commentCount\":0,\"publisher\":{\"@id\":\"https:\\\/\\\/www.webdo.tn\\\/fr\\\/#organization\"},\"image\":{\"@id\":\"https:\\\/\\\/www.webdo.tn\\\/fr\\\/actualite\\\/regions\\\/crise-des-dechets-a-sfax-l-ordre-des-avocats-entre-en-jeu\\\/198822\\\/#primaryimage\"},\"thumbnailUrl\":\"https:\\\/\\\/www.webdo.tn\\\/fr\\\/wp-content\\\/uploads\\\/2022\\\/11\\\/f255424e803fdfc6c3224e32ce60e703-1.jpg\",\"keywords\":[\"d\u00e9chets\",\"Fakher Fakhfakh\",\"Ordre des avocats\",\"Sfax\"],\"articleSection\":[\"regions\"],\"inLanguage\":\"fr-FR\"},{\"@type\":\"WebPage\",\"@id\":\"https:\\\/\\\/www.webdo.tn\\\/fr\\\/actualite\\\/regions\\\/crise-des-dechets-a-sfax-l-ordre-des-avocats-entre-en-jeu\\\/198822\\\/\",\"url\":\"https:\\\/\\\/www.webdo.tn\\\/fr\\\/actualite\\\/regions\\\/crise-des-dechets-a-sfax-l-ordre-des-avocats-entre-en-jeu\\\/198822\\\/\",\"name\":\"Crise des d\u00e9chets \u00e0 Sfax : l\u2019ordre des avocats entre en jeu\",\"isPartOf\":{\"@id\":\"https:\\\/\\\/www.webdo.tn\\\/fr\\\/#website\"},\"primaryImageOfPage\":{\"@id\":\"https:\\\/\\\/www.webdo.tn\\\/fr\\\/actualite\\\/regions\\\/crise-des-dechets-a-sfax-l-ordre-des-avocats-entre-en-jeu\\\/198822\\\/#primaryimage\"},\"image\":{\"@id\":\"https:\\\/\\\/www.webdo.tn\\\/fr\\\/actualite\\\/regions\\\/crise-des-dechets-a-sfax-l-ordre-des-avocats-entre-en-jeu\\\/198822\\\/#primaryimage\"},\"thumbnailUrl\":\"https:\\\/\\\/www.webdo.tn\\\/fr\\\/wp-content\\\/uploads\\\/2022\\\/11\\\/f255424e803fdfc6c3224e32ce60e703-1.jpg\",\"datePublished\":\"2022-11-11T16:11:00+00:00\",\"dateModified\":\"2025-05-20T23:01:49+00:00\",\"description\":\"Le conseil de la section r\u00e9gionale de Sfax de l\u2019ordre des avocats a indiqu\u00e9 qu\u2019il \u00ab envisage toutes les formes de militantisme \u00bb pour r\u00e9soudre la crise des d\u00e9ch...\",\"breadcrumb\":{\"@id\":\"https:\\\/\\\/www.webdo.tn\\\/fr\\\/actualite\\\/regions\\\/crise-des-dechets-a-sfax-l-ordre-des-avocats-entre-en-jeu\\\/198822\\\/#breadcrumb\"},\"inLanguage\":\"fr-FR\",\"potentialAction\":[{\"@type\":\"ReadAction\",\"target\":[\"https:\\\/\\\/www.webdo.tn\\\/fr\\\/actualite\\\/regions\\\/crise-des-dechets-a-sfax-l-ordre-des-avocats-entre-en-jeu\\\/198822\\\/\"]}]},{\"@type\":\"ImageObject\",\"inLanguage\":\"fr-FR\",\"@id\":\"https:\\\/\\\/www.webdo.tn\\\/fr\\\/actualite\\\/regions\\\/crise-des-dechets-a-sfax-l-ordre-des-avocats-entre-en-jeu\\\/198822\\\/#primaryimage\",\"url\":\"https:\\\/\\\/www.webdo.tn\\\/fr\\\/wp-content\\\/uploads\\\/2022\\\/11\\\/f255424e803fdfc6c3224e32ce60e703-1.jpg\",\"contentUrl\":\"https:\\\/\\\/www.webdo.tn\\\/fr\\\/wp-content\\\/uploads\\\/2022\\\/11\\\/f255424e803fdfc6c3224e32ce60e703-1.jpg\",\"width\":750,\"height\":400,\"caption\":\"Ordures Sfax\"},{\"@type\":\"BreadcrumbList\",\"@id\":\"https:\\\/\\\/www.webdo.tn\\\/fr\\\/actualite\\\/regions\\\/crise-des-dechets-a-sfax-l-ordre-des-avocats-entre-en-jeu\\\/198822\\\/#breadcrumb\",\"itemListElement\":[{\"@type\":\"ListItem\",\"position\":1,\"name\":\"Accueil\",\"item\":\"https:\\\/\\\/www.webdo.tn\\\/fr\\\/\"},{\"@type\":\"ListItem\",\"position\":2,\"name\":\"Crise des d\u00e9chets \u00e0 Sfax : l\u2019ordre des avocats entre en jeu\"}]},{\"@type\":\"WebSite\",\"@id\":\"https:\\\/\\\/www.webdo.tn\\\/fr\\\/#website\",\"url\":\"https:\\\/\\\/www.webdo.tn\\\/fr\\\/\",\"name\":\"webdo\",\"description\":\"Tunisie - News en Tunisie et \u00e0 l&#039;international sur Webdo.tn\",\"publisher\":{\"@id\":\"https:\\\/\\\/www.webdo.tn\\\/fr\\\/#organization\"},\"potentialAction\":[{\"@type\":\"SearchAction\",\"target\":{\"@type\":\"EntryPoint\",\"urlTemplate\":\"https:\\\/\\\/www.webdo.tn\\\/fr\\\/?s={search_term_string}\"},\"query-input\":{\"@type\":\"PropertyValueSpecification\",\"valueRequired\":true,\"valueName\":\"search_term_string\"}}],\"inLanguage\":\"fr-FR\"},{\"@type\":\"Organization\",\"@id\":\"https:\\\/\\\/www.webdo.tn\\\/fr\\\/#organization\",\"name\":\"Webdo\",\"alternateName\":\"Webdo.tn\",\"url\":\"https:\\\/\\\/www.webdo.tn\\\/fr\\\/\",\"logo\":{\"@type\":\"ImageObject\",\"inLanguage\":\"fr-FR\",\"@id\":\"https:\\\/\\\/www.webdo.tn\\\/fr\\\/#\\\/schema\\\/logo\\\/image\\\/\",\"url\":\"https:\\\/\\\/www.webdo.tn\\\/fr\\\/wp-content\\\/uploads\\\/2025\\\/06\\\/Webdo-Tunisie_168377.jpg\",\"contentUrl\":\"https:\\\/\\\/www.webdo.tn\\\/fr\\\/wp-content\\\/uploads\\\/2025\\\/06\\\/Webdo-Tunisie_168377.jpg\",\"width\":301,\"height\":301,\"caption\":\"Webdo\"},\"image\":{\"@id\":\"https:\\\/\\\/www.webdo.tn\\\/fr\\\/#\\\/schema\\\/logo\\\/image\\\/\"},\"sameAs\":[\"https:\\\/\\\/www.facebook.com\\\/webdotn\",\"https:\\\/\\\/x.com\\\/webdo_tn\"],\"description\":\"Webdo est un m\u00e9dia num\u00e9rique tunisien fond\u00e9 en 2010, sp\u00e9cialis\u00e9 dans l\u2019actualit\u00e9 nationale et internationale, l\u2019\u00e9conomie, la soci\u00e9t\u00e9 et les analyses politiques. Le site s\u2019adresse \u00e0 un large public francophone et couvre l\u2019information tunisienne en temps r\u00e9el.\",\"email\":\"redac@webdo.tn\",\"legalName\":\"YNJ SARL\",\"foundingDate\":\"2010-09-06\",\"numberOfEmployees\":{\"@type\":\"QuantitativeValue\",\"minValue\":\"11\",\"maxValue\":\"50\"}},{\"@type\":\"Person\",\"@id\":\"https:\\\/\\\/www.webdo.tn\\\/fr\\\/#\\\/schema\\\/person\\\/c3a9d32fa6d495ca5f4b6510e3db97bf\",\"name\":\"MK\",\"image\":{\"@type\":\"ImageObject\",\"inLanguage\":\"fr-FR\",\"@id\":\"https:\\\/\\\/secure.gravatar.com\\\/avatar\\\/6d44f937f19929f3b75db77056d3e08abd6e302e71bcfea340cd8b00c13e7baf?s=96&d=mm&r=g\",\"url\":\"https:\\\/\\\/secure.gravatar.com\\\/avatar\\\/6d44f937f19929f3b75db77056d3e08abd6e302e71bcfea340cd8b00c13e7baf?s=96&d=mm&r=g\",\"contentUrl\":\"https:\\\/\\\/secure.gravatar.com\\\/avatar\\\/6d44f937f19929f3b75db77056d3e08abd6e302e71bcfea340cd8b00c13e7baf?s=96&d=mm&r=g\",\"caption\":\"MK\"},\"url\":\"https:\\\/\\\/www.webdo.tn\\\/fr\\\/actualite\\\/author\\\/mk\\\/\"}]}<\/script>\n<!-- \/ Yoast SEO Premium plugin. -->","yoast_head_json":{"title":"Crise des d\u00e9chets \u00e0 Sfax : l\u2019ordre des avocats entre en jeu","description":"Le conseil de la section r\u00e9gionale de Sfax de l\u2019ordre des avocats a indiqu\u00e9 qu\u2019il \u00ab envisage toutes les formes de militantisme \u00bb pour r\u00e9soudre la crise des d\u00e9ch...","canonical":"https:\/\/www.webdo.tn\/fr\/actualite\/regions\/crise-des-dechets-a-sfax-l-ordre-des-avocats-entre-en-jeu\/198822\/","og_locale":"fr_FR","og_type":"article","og_title":"Crise des d\u00e9chets \u00e0 Sfax : l\u2019ordre des avocats entre en jeu","og_description":"Le conseil de la section r\u00e9gionale de Sfax de l\u2019ordre des avocats a indiqu\u00e9 qu\u2019il \u00ab envisage toutes les formes de militantisme \u00bb pour r\u00e9soudre la crise des d\u00e9ch...","og_url":"https:\/\/www.webdo.tn\/fr\/actualite\/regions\/crise-des-dechets-a-sfax-l-ordre-des-avocats-entre-en-jeu\/198822\/","og_site_name":"webdo","article_publisher":"https:\/\/www.facebook.com\/webdotn","article_published_time":"2022-11-11T16:11:00+00:00","article_modified_time":"2025-05-20T23:01:49+00:00","og_image":[{"width":750,"height":400,"url":"https:\/\/www.webdo.tn\/fr\/wp-content\/uploads\/2022\/11\/f255424e803fdfc6c3224e32ce60e703-1.jpg","type":"image\/jpeg"}],"author":"MK","twitter_card":"summary_large_image","twitter_creator":"@webdo_tn","twitter_site":"@webdo_tn","twitter_misc":{"\u00c9crit par":"MK","Dur\u00e9e de lecture estim\u00e9e":"1 minute"},"schema":{"@context":"https:\/\/schema.org","@graph":[{"@type":"NewsArticle","@id":"https:\/\/www.webdo.tn\/fr\/actualite\/regions\/crise-des-dechets-a-sfax-l-ordre-des-avocats-entre-en-jeu\/198822\/#article","isPartOf":{"@id":"https:\/\/www.webdo.tn\/fr\/actualite\/regions\/crise-des-dechets-a-sfax-l-ordre-des-avocats-entre-en-jeu\/198822\/"},"author":{"name":"MK","@id":"https:\/\/www.webdo.tn\/fr\/#\/schema\/person\/c3a9d32fa6d495ca5f4b6510e3db97bf"},"headline":"Crise des d\u00e9chets \u00e0 Sfax : l\u2019ordre des avocats entre en jeu","datePublished":"2022-11-11T16:11:00+00:00","dateModified":"2025-05-20T23:01:49+00:00","mainEntityOfPage":{"@id":"https:\/\/www.webdo.tn\/fr\/actualite\/regions\/crise-des-dechets-a-sfax-l-ordre-des-avocats-entre-en-jeu\/198822\/"},"wordCount":250,"commentCount":0,"publisher":{"@id":"https:\/\/www.webdo.tn\/fr\/#organization"},"image":{"@id":"https:\/\/www.webdo.tn\/fr\/actualite\/regions\/crise-des-dechets-a-sfax-l-ordre-des-avocats-entre-en-jeu\/198822\/#primaryimage"},"thumbnailUrl":"https:\/\/www.webdo.tn\/fr\/wp-content\/uploads\/2022\/11\/f255424e803fdfc6c3224e32ce60e703-1.jpg","keywords":["d\u00e9chets","Fakher Fakhfakh","Ordre des avocats","Sfax"],"articleSection":["regions"],"inLanguage":"fr-FR"},{"@type":"WebPage","@id":"https:\/\/www.webdo.tn\/fr\/actualite\/regions\/crise-des-dechets-a-sfax-l-ordre-des-avocats-entre-en-jeu\/198822\/","url":"https:\/\/www.webdo.tn\/fr\/actualite\/regions\/crise-des-dechets-a-sfax-l-ordre-des-avocats-entre-en-jeu\/198822\/","name":"Crise des d\u00e9chets \u00e0 Sfax : l\u2019ordre des avocats entre en jeu","isPartOf":{"@id":"https:\/\/www.webdo.tn\/fr\/#website"},"primaryImageOfPage":{"@id":"https:\/\/www.webdo.tn\/fr\/actualite\/regions\/crise-des-dechets-a-sfax-l-ordre-des-avocats-entre-en-jeu\/198822\/#primaryimage"},"image":{"@id":"https:\/\/www.webdo.tn\/fr\/actualite\/regions\/crise-des-dechets-a-sfax-l-ordre-des-avocats-entre-en-jeu\/198822\/#primaryimage"},"thumbnailUrl":"https:\/\/www.webdo.tn\/fr\/wp-content\/uploads\/2022\/11\/f255424e803fdfc6c3224e32ce60e703-1.jpg","datePublished":"2022-11-11T16:11:00+00:00","dateModified":"2025-05-20T23:01:49+00:00","description":"Le conseil de la section r\u00e9gionale de Sfax de l\u2019ordre des avocats a indiqu\u00e9 qu\u2019il \u00ab envisage toutes les formes de militantisme \u00bb pour r\u00e9soudre la crise des d\u00e9ch...","breadcrumb":{"@id":"https:\/\/www.webdo.tn\/fr\/actualite\/regions\/crise-des-dechets-a-sfax-l-ordre-des-avocats-entre-en-jeu\/198822\/#breadcrumb"},"inLanguage":"fr-FR","potentialAction":[{"@type":"ReadAction","target":["https:\/\/www.webdo.tn\/fr\/actualite\/regions\/crise-des-dechets-a-sfax-l-ordre-des-avocats-entre-en-jeu\/198822\/"]}]},{"@type":"ImageObject","inLanguage":"fr-FR","@id":"https:\/\/www.webdo.tn\/fr\/actualite\/regions\/crise-des-dechets-a-sfax-l-ordre-des-avocats-entre-en-jeu\/198822\/#primaryimage","url":"https:\/\/www.webdo.tn\/fr\/wp-content\/uploads\/2022\/11\/f255424e803fdfc6c3224e32ce60e703-1.jpg","contentUrl":"https:\/\/www.webdo.tn\/fr\/wp-content\/uploads\/2022\/11\/f255424e803fdfc6c3224e32ce60e703-1.jpg","width":750,"height":400,"caption":"Ordures Sfax"},{"@type":"BreadcrumbList","@id":"https:\/\/www.webdo.tn\/fr\/actualite\/regions\/crise-des-dechets-a-sfax-l-ordre-des-avocats-entre-en-jeu\/198822\/#breadcrumb","itemListElement":[{"@type":"ListItem","position":1,"name":"Accueil","item":"https:\/\/www.webdo.tn\/fr\/"},{"@type":"ListItem","position":2,"name":"Crise des d\u00e9chets \u00e0 Sfax : l\u2019ordre des avocats entre en jeu"}]},{"@type":"WebSite","@id":"https:\/\/www.webdo.tn\/fr\/#website","url":"https:\/\/www.webdo.tn\/fr\/","name":"webdo","description":"Tunisie - News en Tunisie et \u00e0 l&#039;international sur Webdo.tn","publisher":{"@id":"https:\/\/www.webdo.tn\/fr\/#organization"},"potentialAction":[{"@type":"SearchAction","target":{"@type":"EntryPoint","urlTemplate":"https:\/\/www.webdo.tn\/fr\/?s={search_term_string}"},"query-input":{"@type":"PropertyValueSpecification","valueRequired":true,"valueName":"search_term_string"}}],"inLanguage":"fr-FR"},{"@type":"Organization","@id":"https:\/\/www.webdo.tn\/fr\/#organization","name":"Webdo","alternateName":"Webdo.tn","url":"https:\/\/www.webdo.tn\/fr\/","logo":{"@type":"ImageObject","inLanguage":"fr-FR","@id":"https:\/\/www.webdo.tn\/fr\/#\/schema\/logo\/image\/","url":"https:\/\/www.webdo.tn\/fr\/wp-content\/uploads\/2025\/06\/Webdo-Tunisie_168377.jpg","contentUrl":"https:\/\/www.webdo.tn\/fr\/wp-content\/uploads\/2025\/06\/Webdo-Tunisie_168377.jpg","width":301,"height":301,"caption":"Webdo"},"image":{"@id":"https:\/\/www.webdo.tn\/fr\/#\/schema\/logo\/image\/"},"sameAs":["https:\/\/www.facebook.com\/webdotn","https:\/\/x.com\/webdo_tn"],"description":"Webdo est un m\u00e9dia num\u00e9rique tunisien fond\u00e9 en 2010, sp\u00e9cialis\u00e9 dans l\u2019actualit\u00e9 nationale et internationale, l\u2019\u00e9conomie, la soci\u00e9t\u00e9 et les analyses politiques. Le site s\u2019adresse \u00e0 un large public francophone et couvre l\u2019information tunisienne en temps r\u00e9el.","email":"redac@webdo.tn","legalName":"YNJ SARL","foundingDate":"2010-09-06","numberOfEmployees":{"@type":"QuantitativeValue","minValue":"11","maxValue":"50"}},{"@type":"Person","@id":"https:\/\/www.webdo.tn\/fr\/#\/schema\/person\/c3a9d32fa6d495ca5f4b6510e3db97bf","name":"MK","image":{"@type":"ImageObject","inLanguage":"fr-FR","@id":"https:\/\/secure.gravatar.com\/avatar\/6d44f937f19929f3b75db77056d3e08abd6e302e71bcfea340cd8b00c13e7baf?s=96&d=mm&r=g","url":"https:\/\/secure.gravatar.com\/avatar\/6d44f937f19929f3b75db77056d3e08abd6e302e71bcfea340cd8b00c13e7baf?s=96&d=mm&r=g","contentUrl":"https:\/\/secure.gravatar.com\/avatar\/6d44f937f19929f3b75db77056d3e08abd6e302e71bcfea340cd8b00c13e7baf?s=96&d=mm&r=g","caption":"MK"},"url":"https:\/\/www.webdo.tn\/fr\/actualite\/author\/mk\/"}]}},"_links":{"self":[{"href":"https:\/\/www.webdo.tn\/fr\/wp-json\/wp\/v2\/posts\/198822","targetHints":{"allow":["GET"]}}],"collection":[{"href":"https:\/\/www.webdo.tn\/fr\/wp-json\/wp\/v2\/posts"}],"about":[{"href":"https:\/\/www.webdo.tn\/fr\/wp-json\/wp\/v2\/types\/post"}],"author":[{"embeddable":true,"href":"https:\/\/www.webdo.tn\/fr\/wp-json\/wp\/v2\/users\/3196"}],"replies":[{"embeddable":true,"href":"https:\/\/www.webdo.tn\/fr\/wp-json\/wp\/v2\/comments?post=198822"}],"version-history":[{"count":0,"href":"https:\/\/www.webdo.tn\/fr\/wp-json\/wp\/v2\/posts\/198822\/revisions"}],"wp:featuredmedia":[{"embeddable":true,"href":"https:\/\/www.webdo.tn\/fr\/wp-json\/wp\/v2\/media\/253284"}],"wp:attachment":[{"href":"https:\/\/www.webdo.tn\/fr\/wp-json\/wp\/v2\/media?parent=198822"}],"wp:term":[{"taxonomy":"category","embeddable":true,"href":"https:\/\/www.webdo.tn\/fr\/wp-json\/wp\/v2\/categories?post=198822"},{"taxonomy":"post_tag","embeddable":true,"href":"https:\/\/www.webdo.tn\/fr\/wp-json\/wp\/v2\/tags?post=198822"}],"curies":[{"name":"wp","href":"https:\/\/api.w.org\/{rel}","templated":true}]}}