{"id":198821,"date":"2022-11-11T15:58:00","date_gmt":"2022-11-11T15:58:00","guid":{"rendered":"https:\/\/www.webdo.tn\/fr\/blog\/transtu-10-ans-de-prison-contre-d-anciens-fonctionnaires\/198821\/"},"modified":"2025-05-20T23:01:48","modified_gmt":"2025-05-20T23:01:48","slug":"transtu-10-ans-de-prison-contre-d-anciens-fonctionnaires","status":"publish","type":"post","link":"https:\/\/www.webdo.tn\/fr\/actualite\/divers\/transtu-10-ans-de-prison-contre-d-anciens-fonctionnaires\/198821\/","title":{"rendered":"TRANSTU : 10 ans de prison contre d\u2019anciens fonctionnaires"},"content":{"rendered":"<p>La chambre criminelle en charge des affaires de corruption financi\u00e8re aupr\u00e8s du Tribunal de premi\u00e8re instance de Tunis a condamn\u00e9 neuf anciens fonctionnaires de la TRANSTU \u00e0 dix ans de prison.<\/p>\n<p>\t\t\t\t\t\t\t\t\tA noter que sur les neuf accus\u00e9s, sept sont en fuite.<\/p>\n<p>Les accus\u00e9s ont \u00e9galement \u00e9cop\u00e9 d\u2019amendes allant jusqu&rsquo;\u00e0 4 millions de dinars.<\/p>\n<p>Pour revenir aux faits, les neuf accus\u00e9s ont d\u00e9tourn\u00e9 des revenus de l&rsquo;amicale de la TRANSTU durant deux ans entre 2015 et 2017.\u00a0<br \/>\nLa somme totale d\u00e9rob\u00e9e est estim\u00e9e \u00e0 4 millions de dinars, selon les r\u00e9sultats de l&rsquo;expertise ordonn\u00e9e par le Tribunal, la somme vol\u00e9e est estim\u00e9e \u00e0 4 millions de dinars.<\/p>\n","protected":false},"excerpt":{"rendered":"<p>La chambre criminelle en charge des affaires de corruption financi\u00e8re aupr\u00e8s du Tribunal de premi\u00e8re instance de Tunis a condamn\u00e9 neuf anciens fonctionnaires de&#8230;<\/p>\n","protected":false},"author":3196,"featured_media":253276,"comment_status":"open","ping_status":"closed","sticky":false,"template":"","format":"standard","meta":{"footnotes":""},"categories":[2839],"tags":[4045],"class_list":["post-198821","post","type-post","status-publish","format-standard","has-post-thumbnail","hentry","category-divers","tag-transtu"],"yoast_head":"<!-- This site is optimized with the Yoast SEO Premium plugin v27.4 (Yoast SEO v27.4) - https:\/\/yoast.com\/product\/yoast-seo-premium-wordpress\/ -->\n<title>TRANSTU : 10 ans de prison contre d\u2019anciens fonctionnaires<\/title>\n<meta name=\"description\" content=\"La chambre criminelle en charge des affaires de corruption financi\u00e8re aupr\u00e8s du Tribunal de premi\u00e8re instance de Tunis a condamn\u00e9 neuf anciens fonctionnaires de...\" \/>\n<link rel=\"canonical\" href=\"https:\/\/www.webdo.tn\/fr\/actualite\/divers\/transtu-10-ans-de-prison-contre-d-anciens-fonctionnaires\/198821\/\" \/>\n<meta property=\"og:locale\" content=\"fr_FR\" \/>\n<meta property=\"og:type\" content=\"article\" \/>\n<meta property=\"og:title\" content=\"TRANSTU : 10 ans de prison contre d\u2019anciens fonctionnaires\" \/>\n<meta property=\"og:description\" content=\"La chambre criminelle en charge des affaires de corruption financi\u00e8re aupr\u00e8s du Tribunal de premi\u00e8re instance de Tunis a condamn\u00e9 neuf anciens fonctionnaires de...\" \/>\n<meta property=\"og:url\" content=\"https:\/\/www.webdo.tn\/fr\/actualite\/divers\/transtu-10-ans-de-prison-contre-d-anciens-fonctionnaires\/198821\/\" \/>\n<meta property=\"og:site_name\" content=\"webdo\" \/>\n<meta property=\"article:publisher\" content=\"https:\/\/www.facebook.com\/webdotn\" \/>\n<meta property=\"article:published_time\" content=\"2022-11-11T15:58:00+00:00\" \/>\n<meta property=\"article:modified_time\" content=\"2025-05-20T23:01:48+00:00\" \/>\n<meta property=\"og:image\" content=\"https:\/\/www.webdo.tn\/fr\/wp-content\/uploads\/2022\/11\/926a69ed2175794eecb0f116308b2c61.jpg\" \/>\n\t<meta property=\"og:image:width\" content=\"750\" \/>\n\t<meta property=\"og:image:height\" content=\"400\" \/>\n\t<meta property=\"og:image:type\" content=\"image\/jpeg\" \/>\n<meta name=\"author\" content=\"MK\" \/>\n<meta name=\"twitter:card\" content=\"summary_large_image\" \/>\n<meta name=\"twitter:creator\" content=\"@webdo_tn\" \/>\n<meta name=\"twitter:site\" content=\"@webdo_tn\" \/>\n<meta name=\"twitter:label1\" content=\"\u00c9crit par\" \/>\n\t<meta name=\"twitter:data1\" content=\"MK\" \/>\n\t<meta name=\"twitter:label2\" content=\"Dur\u00e9e de lecture estim\u00e9e\" \/>\n\t<meta name=\"twitter:data2\" content=\"1 minute\" \/>\n<script type=\"application\/ld+json\" class=\"yoast-schema-graph\">{\"@context\":\"https:\\\/\\\/schema.org\",\"@graph\":[{\"@type\":\"NewsArticle\",\"@id\":\"https:\\\/\\\/www.webdo.tn\\\/fr\\\/actualite\\\/divers\\\/transtu-10-ans-de-prison-contre-d-anciens-fonctionnaires\\\/198821\\\/#article\",\"isPartOf\":{\"@id\":\"https:\\\/\\\/www.webdo.tn\\\/fr\\\/actualite\\\/divers\\\/transtu-10-ans-de-prison-contre-d-anciens-fonctionnaires\\\/198821\\\/\"},\"author\":{\"name\":\"MK\",\"@id\":\"https:\\\/\\\/www.webdo.tn\\\/fr\\\/#\\\/schema\\\/person\\\/c3a9d32fa6d495ca5f4b6510e3db97bf\"},\"headline\":\"TRANSTU : 10 ans de prison contre d\u2019anciens fonctionnaires\",\"datePublished\":\"2022-11-11T15:58:00+00:00\",\"dateModified\":\"2025-05-20T23:01:48+00:00\",\"mainEntityOfPage\":{\"@id\":\"https:\\\/\\\/www.webdo.tn\\\/fr\\\/actualite\\\/divers\\\/transtu-10-ans-de-prison-contre-d-anciens-fonctionnaires\\\/198821\\\/\"},\"wordCount\":124,\"commentCount\":0,\"publisher\":{\"@id\":\"https:\\\/\\\/www.webdo.tn\\\/fr\\\/#organization\"},\"image\":{\"@id\":\"https:\\\/\\\/www.webdo.tn\\\/fr\\\/actualite\\\/divers\\\/transtu-10-ans-de-prison-contre-d-anciens-fonctionnaires\\\/198821\\\/#primaryimage\"},\"thumbnailUrl\":\"https:\\\/\\\/www.webdo.tn\\\/fr\\\/wp-content\\\/uploads\\\/2022\\\/11\\\/926a69ed2175794eecb0f116308b2c61.jpg\",\"keywords\":[\"TRANSTU\"],\"articleSection\":[\"Divers\"],\"inLanguage\":\"fr-FR\"},{\"@type\":\"WebPage\",\"@id\":\"https:\\\/\\\/www.webdo.tn\\\/fr\\\/actualite\\\/divers\\\/transtu-10-ans-de-prison-contre-d-anciens-fonctionnaires\\\/198821\\\/\",\"url\":\"https:\\\/\\\/www.webdo.tn\\\/fr\\\/actualite\\\/divers\\\/transtu-10-ans-de-prison-contre-d-anciens-fonctionnaires\\\/198821\\\/\",\"name\":\"TRANSTU : 10 ans de prison contre d\u2019anciens fonctionnaires\",\"isPartOf\":{\"@id\":\"https:\\\/\\\/www.webdo.tn\\\/fr\\\/#website\"},\"primaryImageOfPage\":{\"@id\":\"https:\\\/\\\/www.webdo.tn\\\/fr\\\/actualite\\\/divers\\\/transtu-10-ans-de-prison-contre-d-anciens-fonctionnaires\\\/198821\\\/#primaryimage\"},\"image\":{\"@id\":\"https:\\\/\\\/www.webdo.tn\\\/fr\\\/actualite\\\/divers\\\/transtu-10-ans-de-prison-contre-d-anciens-fonctionnaires\\\/198821\\\/#primaryimage\"},\"thumbnailUrl\":\"https:\\\/\\\/www.webdo.tn\\\/fr\\\/wp-content\\\/uploads\\\/2022\\\/11\\\/926a69ed2175794eecb0f116308b2c61.jpg\",\"datePublished\":\"2022-11-11T15:58:00+00:00\",\"dateModified\":\"2025-05-20T23:01:48+00:00\",\"description\":\"La chambre criminelle en charge des affaires de corruption financi\u00e8re aupr\u00e8s du Tribunal de premi\u00e8re instance de Tunis a condamn\u00e9 neuf anciens fonctionnaires de...\",\"breadcrumb\":{\"@id\":\"https:\\\/\\\/www.webdo.tn\\\/fr\\\/actualite\\\/divers\\\/transtu-10-ans-de-prison-contre-d-anciens-fonctionnaires\\\/198821\\\/#breadcrumb\"},\"inLanguage\":\"fr-FR\",\"potentialAction\":[{\"@type\":\"ReadAction\",\"target\":[\"https:\\\/\\\/www.webdo.tn\\\/fr\\\/actualite\\\/divers\\\/transtu-10-ans-de-prison-contre-d-anciens-fonctionnaires\\\/198821\\\/\"]}]},{\"@type\":\"ImageObject\",\"inLanguage\":\"fr-FR\",\"@id\":\"https:\\\/\\\/www.webdo.tn\\\/fr\\\/actualite\\\/divers\\\/transtu-10-ans-de-prison-contre-d-anciens-fonctionnaires\\\/198821\\\/#primaryimage\",\"url\":\"https:\\\/\\\/www.webdo.tn\\\/fr\\\/wp-content\\\/uploads\\\/2022\\\/11\\\/926a69ed2175794eecb0f116308b2c61.jpg\",\"contentUrl\":\"https:\\\/\\\/www.webdo.tn\\\/fr\\\/wp-content\\\/uploads\\\/2022\\\/11\\\/926a69ed2175794eecb0f116308b2c61.jpg\",\"width\":750,\"height\":400,\"caption\":\"Prison\"},{\"@type\":\"BreadcrumbList\",\"@id\":\"https:\\\/\\\/www.webdo.tn\\\/fr\\\/actualite\\\/divers\\\/transtu-10-ans-de-prison-contre-d-anciens-fonctionnaires\\\/198821\\\/#breadcrumb\",\"itemListElement\":[{\"@type\":\"ListItem\",\"position\":1,\"name\":\"Accueil\",\"item\":\"https:\\\/\\\/www.webdo.tn\\\/fr\\\/\"},{\"@type\":\"ListItem\",\"position\":2,\"name\":\"TRANSTU : 10 ans de prison contre d\u2019anciens fonctionnaires\"}]},{\"@type\":\"WebSite\",\"@id\":\"https:\\\/\\\/www.webdo.tn\\\/fr\\\/#website\",\"url\":\"https:\\\/\\\/www.webdo.tn\\\/fr\\\/\",\"name\":\"webdo\",\"description\":\"Tunisie - News en Tunisie et \u00e0 l&#039;international sur Webdo.tn\",\"publisher\":{\"@id\":\"https:\\\/\\\/www.webdo.tn\\\/fr\\\/#organization\"},\"potentialAction\":[{\"@type\":\"SearchAction\",\"target\":{\"@type\":\"EntryPoint\",\"urlTemplate\":\"https:\\\/\\\/www.webdo.tn\\\/fr\\\/?s={search_term_string}\"},\"query-input\":{\"@type\":\"PropertyValueSpecification\",\"valueRequired\":true,\"valueName\":\"search_term_string\"}}],\"inLanguage\":\"fr-FR\"},{\"@type\":\"Organization\",\"@id\":\"https:\\\/\\\/www.webdo.tn\\\/fr\\\/#organization\",\"name\":\"Webdo\",\"alternateName\":\"Webdo.tn\",\"url\":\"https:\\\/\\\/www.webdo.tn\\\/fr\\\/\",\"logo\":{\"@type\":\"ImageObject\",\"inLanguage\":\"fr-FR\",\"@id\":\"https:\\\/\\\/www.webdo.tn\\\/fr\\\/#\\\/schema\\\/logo\\\/image\\\/\",\"url\":\"https:\\\/\\\/www.webdo.tn\\\/fr\\\/wp-content\\\/uploads\\\/2025\\\/06\\\/Webdo-Tunisie_168377.jpg\",\"contentUrl\":\"https:\\\/\\\/www.webdo.tn\\\/fr\\\/wp-content\\\/uploads\\\/2025\\\/06\\\/Webdo-Tunisie_168377.jpg\",\"width\":301,\"height\":301,\"caption\":\"Webdo\"},\"image\":{\"@id\":\"https:\\\/\\\/www.webdo.tn\\\/fr\\\/#\\\/schema\\\/logo\\\/image\\\/\"},\"sameAs\":[\"https:\\\/\\\/www.facebook.com\\\/webdotn\",\"https:\\\/\\\/x.com\\\/webdo_tn\"],\"description\":\"Webdo est un m\u00e9dia num\u00e9rique tunisien fond\u00e9 en 2010, sp\u00e9cialis\u00e9 dans l\u2019actualit\u00e9 nationale et internationale, l\u2019\u00e9conomie, la soci\u00e9t\u00e9 et les analyses politiques. Le site s\u2019adresse \u00e0 un large public francophone et couvre l\u2019information tunisienne en temps r\u00e9el.\",\"email\":\"redac@webdo.tn\",\"legalName\":\"YNJ SARL\",\"foundingDate\":\"2010-09-06\",\"numberOfEmployees\":{\"@type\":\"QuantitativeValue\",\"minValue\":\"11\",\"maxValue\":\"50\"}},{\"@type\":\"Person\",\"@id\":\"https:\\\/\\\/www.webdo.tn\\\/fr\\\/#\\\/schema\\\/person\\\/c3a9d32fa6d495ca5f4b6510e3db97bf\",\"name\":\"MK\",\"image\":{\"@type\":\"ImageObject\",\"inLanguage\":\"fr-FR\",\"@id\":\"https:\\\/\\\/secure.gravatar.com\\\/avatar\\\/6d44f937f19929f3b75db77056d3e08abd6e302e71bcfea340cd8b00c13e7baf?s=96&d=mm&r=g\",\"url\":\"https:\\\/\\\/secure.gravatar.com\\\/avatar\\\/6d44f937f19929f3b75db77056d3e08abd6e302e71bcfea340cd8b00c13e7baf?s=96&d=mm&r=g\",\"contentUrl\":\"https:\\\/\\\/secure.gravatar.com\\\/avatar\\\/6d44f937f19929f3b75db77056d3e08abd6e302e71bcfea340cd8b00c13e7baf?s=96&d=mm&r=g\",\"caption\":\"MK\"},\"url\":\"https:\\\/\\\/www.webdo.tn\\\/fr\\\/actualite\\\/author\\\/mk\\\/\"}]}<\/script>\n<!-- \/ Yoast SEO Premium plugin. -->","yoast_head_json":{"title":"TRANSTU : 10 ans de prison contre d\u2019anciens fonctionnaires","description":"La chambre criminelle en charge des affaires de corruption financi\u00e8re aupr\u00e8s du Tribunal de premi\u00e8re instance de Tunis a condamn\u00e9 neuf anciens fonctionnaires de...","canonical":"https:\/\/www.webdo.tn\/fr\/actualite\/divers\/transtu-10-ans-de-prison-contre-d-anciens-fonctionnaires\/198821\/","og_locale":"fr_FR","og_type":"article","og_title":"TRANSTU : 10 ans de prison contre d\u2019anciens fonctionnaires","og_description":"La chambre criminelle en charge des affaires de corruption financi\u00e8re aupr\u00e8s du Tribunal de premi\u00e8re instance de Tunis a condamn\u00e9 neuf anciens fonctionnaires de...","og_url":"https:\/\/www.webdo.tn\/fr\/actualite\/divers\/transtu-10-ans-de-prison-contre-d-anciens-fonctionnaires\/198821\/","og_site_name":"webdo","article_publisher":"https:\/\/www.facebook.com\/webdotn","article_published_time":"2022-11-11T15:58:00+00:00","article_modified_time":"2025-05-20T23:01:48+00:00","og_image":[{"width":750,"height":400,"url":"https:\/\/www.webdo.tn\/fr\/wp-content\/uploads\/2022\/11\/926a69ed2175794eecb0f116308b2c61.jpg","type":"image\/jpeg"}],"author":"MK","twitter_card":"summary_large_image","twitter_creator":"@webdo_tn","twitter_site":"@webdo_tn","twitter_misc":{"\u00c9crit par":"MK","Dur\u00e9e de lecture estim\u00e9e":"1 minute"},"schema":{"@context":"https:\/\/schema.org","@graph":[{"@type":"NewsArticle","@id":"https:\/\/www.webdo.tn\/fr\/actualite\/divers\/transtu-10-ans-de-prison-contre-d-anciens-fonctionnaires\/198821\/#article","isPartOf":{"@id":"https:\/\/www.webdo.tn\/fr\/actualite\/divers\/transtu-10-ans-de-prison-contre-d-anciens-fonctionnaires\/198821\/"},"author":{"name":"MK","@id":"https:\/\/www.webdo.tn\/fr\/#\/schema\/person\/c3a9d32fa6d495ca5f4b6510e3db97bf"},"headline":"TRANSTU : 10 ans de prison contre d\u2019anciens fonctionnaires","datePublished":"2022-11-11T15:58:00+00:00","dateModified":"2025-05-20T23:01:48+00:00","mainEntityOfPage":{"@id":"https:\/\/www.webdo.tn\/fr\/actualite\/divers\/transtu-10-ans-de-prison-contre-d-anciens-fonctionnaires\/198821\/"},"wordCount":124,"commentCount":0,"publisher":{"@id":"https:\/\/www.webdo.tn\/fr\/#organization"},"image":{"@id":"https:\/\/www.webdo.tn\/fr\/actualite\/divers\/transtu-10-ans-de-prison-contre-d-anciens-fonctionnaires\/198821\/#primaryimage"},"thumbnailUrl":"https:\/\/www.webdo.tn\/fr\/wp-content\/uploads\/2022\/11\/926a69ed2175794eecb0f116308b2c61.jpg","keywords":["TRANSTU"],"articleSection":["Divers"],"inLanguage":"fr-FR"},{"@type":"WebPage","@id":"https:\/\/www.webdo.tn\/fr\/actualite\/divers\/transtu-10-ans-de-prison-contre-d-anciens-fonctionnaires\/198821\/","url":"https:\/\/www.webdo.tn\/fr\/actualite\/divers\/transtu-10-ans-de-prison-contre-d-anciens-fonctionnaires\/198821\/","name":"TRANSTU : 10 ans de prison contre d\u2019anciens fonctionnaires","isPartOf":{"@id":"https:\/\/www.webdo.tn\/fr\/#website"},"primaryImageOfPage":{"@id":"https:\/\/www.webdo.tn\/fr\/actualite\/divers\/transtu-10-ans-de-prison-contre-d-anciens-fonctionnaires\/198821\/#primaryimage"},"image":{"@id":"https:\/\/www.webdo.tn\/fr\/actualite\/divers\/transtu-10-ans-de-prison-contre-d-anciens-fonctionnaires\/198821\/#primaryimage"},"thumbnailUrl":"https:\/\/www.webdo.tn\/fr\/wp-content\/uploads\/2022\/11\/926a69ed2175794eecb0f116308b2c61.jpg","datePublished":"2022-11-11T15:58:00+00:00","dateModified":"2025-05-20T23:01:48+00:00","description":"La chambre criminelle en charge des affaires de corruption financi\u00e8re aupr\u00e8s du Tribunal de premi\u00e8re instance de Tunis a condamn\u00e9 neuf anciens fonctionnaires de...","breadcrumb":{"@id":"https:\/\/www.webdo.tn\/fr\/actualite\/divers\/transtu-10-ans-de-prison-contre-d-anciens-fonctionnaires\/198821\/#breadcrumb"},"inLanguage":"fr-FR","potentialAction":[{"@type":"ReadAction","target":["https:\/\/www.webdo.tn\/fr\/actualite\/divers\/transtu-10-ans-de-prison-contre-d-anciens-fonctionnaires\/198821\/"]}]},{"@type":"ImageObject","inLanguage":"fr-FR","@id":"https:\/\/www.webdo.tn\/fr\/actualite\/divers\/transtu-10-ans-de-prison-contre-d-anciens-fonctionnaires\/198821\/#primaryimage","url":"https:\/\/www.webdo.tn\/fr\/wp-content\/uploads\/2022\/11\/926a69ed2175794eecb0f116308b2c61.jpg","contentUrl":"https:\/\/www.webdo.tn\/fr\/wp-content\/uploads\/2022\/11\/926a69ed2175794eecb0f116308b2c61.jpg","width":750,"height":400,"caption":"Prison"},{"@type":"BreadcrumbList","@id":"https:\/\/www.webdo.tn\/fr\/actualite\/divers\/transtu-10-ans-de-prison-contre-d-anciens-fonctionnaires\/198821\/#breadcrumb","itemListElement":[{"@type":"ListItem","position":1,"name":"Accueil","item":"https:\/\/www.webdo.tn\/fr\/"},{"@type":"ListItem","position":2,"name":"TRANSTU : 10 ans de prison contre d\u2019anciens fonctionnaires"}]},{"@type":"WebSite","@id":"https:\/\/www.webdo.tn\/fr\/#website","url":"https:\/\/www.webdo.tn\/fr\/","name":"webdo","description":"Tunisie - News en Tunisie et \u00e0 l&#039;international sur Webdo.tn","publisher":{"@id":"https:\/\/www.webdo.tn\/fr\/#organization"},"potentialAction":[{"@type":"SearchAction","target":{"@type":"EntryPoint","urlTemplate":"https:\/\/www.webdo.tn\/fr\/?s={search_term_string}"},"query-input":{"@type":"PropertyValueSpecification","valueRequired":true,"valueName":"search_term_string"}}],"inLanguage":"fr-FR"},{"@type":"Organization","@id":"https:\/\/www.webdo.tn\/fr\/#organization","name":"Webdo","alternateName":"Webdo.tn","url":"https:\/\/www.webdo.tn\/fr\/","logo":{"@type":"ImageObject","inLanguage":"fr-FR","@id":"https:\/\/www.webdo.tn\/fr\/#\/schema\/logo\/image\/","url":"https:\/\/www.webdo.tn\/fr\/wp-content\/uploads\/2025\/06\/Webdo-Tunisie_168377.jpg","contentUrl":"https:\/\/www.webdo.tn\/fr\/wp-content\/uploads\/2025\/06\/Webdo-Tunisie_168377.jpg","width":301,"height":301,"caption":"Webdo"},"image":{"@id":"https:\/\/www.webdo.tn\/fr\/#\/schema\/logo\/image\/"},"sameAs":["https:\/\/www.facebook.com\/webdotn","https:\/\/x.com\/webdo_tn"],"description":"Webdo est un m\u00e9dia num\u00e9rique tunisien fond\u00e9 en 2010, sp\u00e9cialis\u00e9 dans l\u2019actualit\u00e9 nationale et internationale, l\u2019\u00e9conomie, la soci\u00e9t\u00e9 et les analyses politiques. Le site s\u2019adresse \u00e0 un large public francophone et couvre l\u2019information tunisienne en temps r\u00e9el.","email":"redac@webdo.tn","legalName":"YNJ SARL","foundingDate":"2010-09-06","numberOfEmployees":{"@type":"QuantitativeValue","minValue":"11","maxValue":"50"}},{"@type":"Person","@id":"https:\/\/www.webdo.tn\/fr\/#\/schema\/person\/c3a9d32fa6d495ca5f4b6510e3db97bf","name":"MK","image":{"@type":"ImageObject","inLanguage":"fr-FR","@id":"https:\/\/secure.gravatar.com\/avatar\/6d44f937f19929f3b75db77056d3e08abd6e302e71bcfea340cd8b00c13e7baf?s=96&d=mm&r=g","url":"https:\/\/secure.gravatar.com\/avatar\/6d44f937f19929f3b75db77056d3e08abd6e302e71bcfea340cd8b00c13e7baf?s=96&d=mm&r=g","contentUrl":"https:\/\/secure.gravatar.com\/avatar\/6d44f937f19929f3b75db77056d3e08abd6e302e71bcfea340cd8b00c13e7baf?s=96&d=mm&r=g","caption":"MK"},"url":"https:\/\/www.webdo.tn\/fr\/actualite\/author\/mk\/"}]}},"_links":{"self":[{"href":"https:\/\/www.webdo.tn\/fr\/wp-json\/wp\/v2\/posts\/198821","targetHints":{"allow":["GET"]}}],"collection":[{"href":"https:\/\/www.webdo.tn\/fr\/wp-json\/wp\/v2\/posts"}],"about":[{"href":"https:\/\/www.webdo.tn\/fr\/wp-json\/wp\/v2\/types\/post"}],"author":[{"embeddable":true,"href":"https:\/\/www.webdo.tn\/fr\/wp-json\/wp\/v2\/users\/3196"}],"replies":[{"embeddable":true,"href":"https:\/\/www.webdo.tn\/fr\/wp-json\/wp\/v2\/comments?post=198821"}],"version-history":[{"count":0,"href":"https:\/\/www.webdo.tn\/fr\/wp-json\/wp\/v2\/posts\/198821\/revisions"}],"wp:featuredmedia":[{"embeddable":true,"href":"https:\/\/www.webdo.tn\/fr\/wp-json\/wp\/v2\/media\/253276"}],"wp:attachment":[{"href":"https:\/\/www.webdo.tn\/fr\/wp-json\/wp\/v2\/media?parent=198821"}],"wp:term":[{"taxonomy":"category","embeddable":true,"href":"https:\/\/www.webdo.tn\/fr\/wp-json\/wp\/v2\/categories?post=198821"},{"taxonomy":"post_tag","embeddable":true,"href":"https:\/\/www.webdo.tn\/fr\/wp-json\/wp\/v2\/tags?post=198821"}],"curies":[{"name":"wp","href":"https:\/\/api.w.org\/{rel}","templated":true}]}}