{"id":198815,"date":"2022-11-11T14:40:00","date_gmt":"2022-11-11T14:40:00","guid":{"rendered":"https:\/\/www.webdo.tn\/fr\/blog\/la-lnhb-prive-youusef-elmi-du-banc-pendant-dix-matchs\/198815\/"},"modified":"2025-05-20T23:01:48","modified_gmt":"2025-05-20T23:01:48","slug":"la-lnhb-prive-youusef-elmi-du-banc-pendant-dix-matchs","status":"publish","type":"post","link":"https:\/\/www.webdo.tn\/fr\/actualite\/sport\/la-lnhb-prive-youusef-elmi-du-banc-pendant-dix-matchs\/198815\/","title":{"rendered":"La LNHB prive Youusef Elmi du banc pendant dix matchs"},"content":{"rendered":"<p>La Ligue nationale de handball a d\u00e9cid\u00e9 de priver le pr\u00e9sident du Club Africain, Youssef Elmi, de s\u2019asseoir sur le banc des rempla\u00e7ants pendant dix rencontre, et ce \u00e0 partir du 7 novembre.<\/p>\n<p>\t\t\t\t\t\t\t\t\tYoussef Elmi a, \u00e9galement, \u00e9cop\u00e9 d\u2019une premi\u00e8re amende de 5 mille dinars, d\u2019une deuxi\u00e8me de 50 dinars, tous les deux pour non-respect des r\u00e8gles du fair-play, et d\u2019une troisi\u00e8me amende de 200 dinars pour son absence \u00e0 la r\u00e9union \u00e0 laquelle il a \u00e9t\u00e9 convoqu\u00e9, aujourd\u2019hui, au si\u00e8ge de la Ligue.<\/p>\n<p>Les fait pour lesquels Eli a \u00e9t\u00e9 sanctionn\u00e9 remontent au 5 novembre dernier, lors de la rencontre ayant oppos\u00e9 le Club Africain \u00e0 Al Hilal Sport, \u00e0 la salle Gorjeni.<\/p>\n<p>\u00a0Dans un acc\u00e8s de col\u00e8re, Youssef Elmi a insult\u00e9 les arbitres, ainsi que la F\u00e9d\u00e9ration tunisienne de handball et son pr\u00e9sident.<\/p>\n<p>Il est \u00e0 rappeler que le pr\u00e9sident et les membres du Bureau directeur du Club Africain ont annonc\u00e9, hier, leur d\u00e9mission collective.<\/p>\n","protected":false},"excerpt":{"rendered":"<p>La Ligue nationale de handball a d\u00e9cid\u00e9 de priver le pr\u00e9sident du Club Africain, Youssef Elmi, de s\u2019asseoir sur le banc des rempla\u00e7ants pendant dix rencontre, e&#8230;<\/p>\n","protected":false},"author":3196,"featured_media":253275,"comment_status":"open","ping_status":"closed","sticky":false,"template":"","format":"standard","meta":{"footnotes":""},"categories":[2593],"tags":[3101,9036,9035],"class_list":["post-198815","post","type-post","status-publish","format-standard","has-post-thumbnail","hentry","category-sport","tag-club-africain","tag-ligue-nationale-de-handball","tag-youssef-elmi"],"yoast_head":"<!-- This site is optimized with the Yoast SEO Premium plugin v27.4 (Yoast SEO v27.4) - https:\/\/yoast.com\/product\/yoast-seo-premium-wordpress\/ -->\n<title>La LNHB prive Youusef Elmi du banc pendant dix matchs<\/title>\n<meta name=\"description\" content=\"La Ligue nationale de handball a d\u00e9cid\u00e9 de priver le pr\u00e9sident du Club Africain, Youssef Elmi, de s\u2019asseoir sur le banc des rempla\u00e7ants pendant dix rencontre, e...\" \/>\n<link rel=\"canonical\" href=\"https:\/\/www.webdo.tn\/fr\/actualite\/sport\/la-lnhb-prive-youusef-elmi-du-banc-pendant-dix-matchs\/198815\/\" \/>\n<meta property=\"og:locale\" content=\"fr_FR\" \/>\n<meta property=\"og:type\" content=\"article\" \/>\n<meta property=\"og:title\" content=\"La LNHB prive Youusef Elmi du banc pendant dix matchs\" \/>\n<meta property=\"og:description\" content=\"La Ligue nationale de handball a d\u00e9cid\u00e9 de priver le pr\u00e9sident du Club Africain, Youssef Elmi, de s\u2019asseoir sur le banc des rempla\u00e7ants pendant dix rencontre, e...\" \/>\n<meta property=\"og:url\" content=\"https:\/\/www.webdo.tn\/fr\/actualite\/sport\/la-lnhb-prive-youusef-elmi-du-banc-pendant-dix-matchs\/198815\/\" \/>\n<meta property=\"og:site_name\" content=\"webdo\" \/>\n<meta property=\"article:publisher\" content=\"https:\/\/www.facebook.com\/webdotn\" \/>\n<meta property=\"article:published_time\" content=\"2022-11-11T14:40:00+00:00\" \/>\n<meta property=\"article:modified_time\" content=\"2025-05-20T23:01:48+00:00\" \/>\n<meta property=\"og:image\" content=\"https:\/\/www.webdo.tn\/fr\/wp-content\/uploads\/2022\/11\/90c6f97174b4cae9aa834023fb6208a3.png\" \/>\n\t<meta property=\"og:image:width\" content=\"750\" \/>\n\t<meta property=\"og:image:height\" content=\"400\" \/>\n\t<meta property=\"og:image:type\" content=\"image\/png\" \/>\n<meta name=\"author\" content=\"MK\" \/>\n<meta name=\"twitter:card\" content=\"summary_large_image\" \/>\n<meta name=\"twitter:creator\" content=\"@webdo_tn\" \/>\n<meta name=\"twitter:site\" content=\"@webdo_tn\" \/>\n<meta name=\"twitter:label1\" content=\"\u00c9crit par\" \/>\n\t<meta name=\"twitter:data1\" content=\"MK\" \/>\n\t<meta name=\"twitter:label2\" content=\"Dur\u00e9e de lecture estim\u00e9e\" \/>\n\t<meta name=\"twitter:data2\" content=\"1 minute\" \/>\n<script type=\"application\/ld+json\" class=\"yoast-schema-graph\">{\"@context\":\"https:\\\/\\\/schema.org\",\"@graph\":[{\"@type\":\"NewsArticle\",\"@id\":\"https:\\\/\\\/www.webdo.tn\\\/fr\\\/actualite\\\/sport\\\/la-lnhb-prive-youusef-elmi-du-banc-pendant-dix-matchs\\\/198815\\\/#article\",\"isPartOf\":{\"@id\":\"https:\\\/\\\/www.webdo.tn\\\/fr\\\/actualite\\\/sport\\\/la-lnhb-prive-youusef-elmi-du-banc-pendant-dix-matchs\\\/198815\\\/\"},\"author\":{\"name\":\"MK\",\"@id\":\"https:\\\/\\\/www.webdo.tn\\\/fr\\\/#\\\/schema\\\/person\\\/c3a9d32fa6d495ca5f4b6510e3db97bf\"},\"headline\":\"La LNHB prive Youusef Elmi du banc pendant dix matchs\",\"datePublished\":\"2022-11-11T14:40:00+00:00\",\"dateModified\":\"2025-05-20T23:01:48+00:00\",\"mainEntityOfPage\":{\"@id\":\"https:\\\/\\\/www.webdo.tn\\\/fr\\\/actualite\\\/sport\\\/la-lnhb-prive-youusef-elmi-du-banc-pendant-dix-matchs\\\/198815\\\/\"},\"wordCount\":177,\"commentCount\":0,\"publisher\":{\"@id\":\"https:\\\/\\\/www.webdo.tn\\\/fr\\\/#organization\"},\"image\":{\"@id\":\"https:\\\/\\\/www.webdo.tn\\\/fr\\\/actualite\\\/sport\\\/la-lnhb-prive-youusef-elmi-du-banc-pendant-dix-matchs\\\/198815\\\/#primaryimage\"},\"thumbnailUrl\":\"https:\\\/\\\/www.webdo.tn\\\/fr\\\/wp-content\\\/uploads\\\/2022\\\/11\\\/90c6f97174b4cae9aa834023fb6208a3.png\",\"keywords\":[\"Club Africain\",\"Ligue nationale de handball\",\"Youssef Elmi\"],\"articleSection\":[\"Sport\"],\"inLanguage\":\"fr-FR\"},{\"@type\":\"WebPage\",\"@id\":\"https:\\\/\\\/www.webdo.tn\\\/fr\\\/actualite\\\/sport\\\/la-lnhb-prive-youusef-elmi-du-banc-pendant-dix-matchs\\\/198815\\\/\",\"url\":\"https:\\\/\\\/www.webdo.tn\\\/fr\\\/actualite\\\/sport\\\/la-lnhb-prive-youusef-elmi-du-banc-pendant-dix-matchs\\\/198815\\\/\",\"name\":\"La LNHB prive Youusef Elmi du banc pendant dix matchs\",\"isPartOf\":{\"@id\":\"https:\\\/\\\/www.webdo.tn\\\/fr\\\/#website\"},\"primaryImageOfPage\":{\"@id\":\"https:\\\/\\\/www.webdo.tn\\\/fr\\\/actualite\\\/sport\\\/la-lnhb-prive-youusef-elmi-du-banc-pendant-dix-matchs\\\/198815\\\/#primaryimage\"},\"image\":{\"@id\":\"https:\\\/\\\/www.webdo.tn\\\/fr\\\/actualite\\\/sport\\\/la-lnhb-prive-youusef-elmi-du-banc-pendant-dix-matchs\\\/198815\\\/#primaryimage\"},\"thumbnailUrl\":\"https:\\\/\\\/www.webdo.tn\\\/fr\\\/wp-content\\\/uploads\\\/2022\\\/11\\\/90c6f97174b4cae9aa834023fb6208a3.png\",\"datePublished\":\"2022-11-11T14:40:00+00:00\",\"dateModified\":\"2025-05-20T23:01:48+00:00\",\"description\":\"La Ligue nationale de handball a d\u00e9cid\u00e9 de priver le pr\u00e9sident du Club Africain, Youssef Elmi, de s\u2019asseoir sur le banc des rempla\u00e7ants pendant dix rencontre, e...\",\"breadcrumb\":{\"@id\":\"https:\\\/\\\/www.webdo.tn\\\/fr\\\/actualite\\\/sport\\\/la-lnhb-prive-youusef-elmi-du-banc-pendant-dix-matchs\\\/198815\\\/#breadcrumb\"},\"inLanguage\":\"fr-FR\",\"potentialAction\":[{\"@type\":\"ReadAction\",\"target\":[\"https:\\\/\\\/www.webdo.tn\\\/fr\\\/actualite\\\/sport\\\/la-lnhb-prive-youusef-elmi-du-banc-pendant-dix-matchs\\\/198815\\\/\"]}]},{\"@type\":\"ImageObject\",\"inLanguage\":\"fr-FR\",\"@id\":\"https:\\\/\\\/www.webdo.tn\\\/fr\\\/actualite\\\/sport\\\/la-lnhb-prive-youusef-elmi-du-banc-pendant-dix-matchs\\\/198815\\\/#primaryimage\",\"url\":\"https:\\\/\\\/www.webdo.tn\\\/fr\\\/wp-content\\\/uploads\\\/2022\\\/11\\\/90c6f97174b4cae9aa834023fb6208a3.png\",\"contentUrl\":\"https:\\\/\\\/www.webdo.tn\\\/fr\\\/wp-content\\\/uploads\\\/2022\\\/11\\\/90c6f97174b4cae9aa834023fb6208a3.png\",\"width\":750,\"height\":400,\"caption\":\"Youssef Elmi\"},{\"@type\":\"BreadcrumbList\",\"@id\":\"https:\\\/\\\/www.webdo.tn\\\/fr\\\/actualite\\\/sport\\\/la-lnhb-prive-youusef-elmi-du-banc-pendant-dix-matchs\\\/198815\\\/#breadcrumb\",\"itemListElement\":[{\"@type\":\"ListItem\",\"position\":1,\"name\":\"Accueil\",\"item\":\"https:\\\/\\\/www.webdo.tn\\\/fr\\\/\"},{\"@type\":\"ListItem\",\"position\":2,\"name\":\"La LNHB prive Youusef Elmi du banc pendant dix matchs\"}]},{\"@type\":\"WebSite\",\"@id\":\"https:\\\/\\\/www.webdo.tn\\\/fr\\\/#website\",\"url\":\"https:\\\/\\\/www.webdo.tn\\\/fr\\\/\",\"name\":\"webdo\",\"description\":\"Tunisie - News en Tunisie et \u00e0 l&#039;international sur Webdo.tn\",\"publisher\":{\"@id\":\"https:\\\/\\\/www.webdo.tn\\\/fr\\\/#organization\"},\"potentialAction\":[{\"@type\":\"SearchAction\",\"target\":{\"@type\":\"EntryPoint\",\"urlTemplate\":\"https:\\\/\\\/www.webdo.tn\\\/fr\\\/?s={search_term_string}\"},\"query-input\":{\"@type\":\"PropertyValueSpecification\",\"valueRequired\":true,\"valueName\":\"search_term_string\"}}],\"inLanguage\":\"fr-FR\"},{\"@type\":\"Organization\",\"@id\":\"https:\\\/\\\/www.webdo.tn\\\/fr\\\/#organization\",\"name\":\"Webdo\",\"alternateName\":\"Webdo.tn\",\"url\":\"https:\\\/\\\/www.webdo.tn\\\/fr\\\/\",\"logo\":{\"@type\":\"ImageObject\",\"inLanguage\":\"fr-FR\",\"@id\":\"https:\\\/\\\/www.webdo.tn\\\/fr\\\/#\\\/schema\\\/logo\\\/image\\\/\",\"url\":\"https:\\\/\\\/www.webdo.tn\\\/fr\\\/wp-content\\\/uploads\\\/2025\\\/06\\\/Webdo-Tunisie_168377.jpg\",\"contentUrl\":\"https:\\\/\\\/www.webdo.tn\\\/fr\\\/wp-content\\\/uploads\\\/2025\\\/06\\\/Webdo-Tunisie_168377.jpg\",\"width\":301,\"height\":301,\"caption\":\"Webdo\"},\"image\":{\"@id\":\"https:\\\/\\\/www.webdo.tn\\\/fr\\\/#\\\/schema\\\/logo\\\/image\\\/\"},\"sameAs\":[\"https:\\\/\\\/www.facebook.com\\\/webdotn\",\"https:\\\/\\\/x.com\\\/webdo_tn\"],\"description\":\"Webdo est un m\u00e9dia num\u00e9rique tunisien fond\u00e9 en 2010, sp\u00e9cialis\u00e9 dans l\u2019actualit\u00e9 nationale et internationale, l\u2019\u00e9conomie, la soci\u00e9t\u00e9 et les analyses politiques. Le site s\u2019adresse \u00e0 un large public francophone et couvre l\u2019information tunisienne en temps r\u00e9el.\",\"email\":\"redac@webdo.tn\",\"legalName\":\"YNJ SARL\",\"foundingDate\":\"2010-09-06\",\"numberOfEmployees\":{\"@type\":\"QuantitativeValue\",\"minValue\":\"11\",\"maxValue\":\"50\"}},{\"@type\":\"Person\",\"@id\":\"https:\\\/\\\/www.webdo.tn\\\/fr\\\/#\\\/schema\\\/person\\\/c3a9d32fa6d495ca5f4b6510e3db97bf\",\"name\":\"MK\",\"image\":{\"@type\":\"ImageObject\",\"inLanguage\":\"fr-FR\",\"@id\":\"https:\\\/\\\/secure.gravatar.com\\\/avatar\\\/6d44f937f19929f3b75db77056d3e08abd6e302e71bcfea340cd8b00c13e7baf?s=96&d=mm&r=g\",\"url\":\"https:\\\/\\\/secure.gravatar.com\\\/avatar\\\/6d44f937f19929f3b75db77056d3e08abd6e302e71bcfea340cd8b00c13e7baf?s=96&d=mm&r=g\",\"contentUrl\":\"https:\\\/\\\/secure.gravatar.com\\\/avatar\\\/6d44f937f19929f3b75db77056d3e08abd6e302e71bcfea340cd8b00c13e7baf?s=96&d=mm&r=g\",\"caption\":\"MK\"},\"url\":\"https:\\\/\\\/www.webdo.tn\\\/fr\\\/actualite\\\/author\\\/mk\\\/\"}]}<\/script>\n<!-- \/ Yoast SEO Premium plugin. -->","yoast_head_json":{"title":"La LNHB prive Youusef Elmi du banc pendant dix matchs","description":"La Ligue nationale de handball a d\u00e9cid\u00e9 de priver le pr\u00e9sident du Club Africain, Youssef Elmi, de s\u2019asseoir sur le banc des rempla\u00e7ants pendant dix rencontre, e...","canonical":"https:\/\/www.webdo.tn\/fr\/actualite\/sport\/la-lnhb-prive-youusef-elmi-du-banc-pendant-dix-matchs\/198815\/","og_locale":"fr_FR","og_type":"article","og_title":"La LNHB prive Youusef Elmi du banc pendant dix matchs","og_description":"La Ligue nationale de handball a d\u00e9cid\u00e9 de priver le pr\u00e9sident du Club Africain, Youssef Elmi, de s\u2019asseoir sur le banc des rempla\u00e7ants pendant dix rencontre, e...","og_url":"https:\/\/www.webdo.tn\/fr\/actualite\/sport\/la-lnhb-prive-youusef-elmi-du-banc-pendant-dix-matchs\/198815\/","og_site_name":"webdo","article_publisher":"https:\/\/www.facebook.com\/webdotn","article_published_time":"2022-11-11T14:40:00+00:00","article_modified_time":"2025-05-20T23:01:48+00:00","og_image":[{"width":750,"height":400,"url":"https:\/\/www.webdo.tn\/fr\/wp-content\/uploads\/2022\/11\/90c6f97174b4cae9aa834023fb6208a3.png","type":"image\/png"}],"author":"MK","twitter_card":"summary_large_image","twitter_creator":"@webdo_tn","twitter_site":"@webdo_tn","twitter_misc":{"\u00c9crit par":"MK","Dur\u00e9e de lecture estim\u00e9e":"1 minute"},"schema":{"@context":"https:\/\/schema.org","@graph":[{"@type":"NewsArticle","@id":"https:\/\/www.webdo.tn\/fr\/actualite\/sport\/la-lnhb-prive-youusef-elmi-du-banc-pendant-dix-matchs\/198815\/#article","isPartOf":{"@id":"https:\/\/www.webdo.tn\/fr\/actualite\/sport\/la-lnhb-prive-youusef-elmi-du-banc-pendant-dix-matchs\/198815\/"},"author":{"name":"MK","@id":"https:\/\/www.webdo.tn\/fr\/#\/schema\/person\/c3a9d32fa6d495ca5f4b6510e3db97bf"},"headline":"La LNHB prive Youusef Elmi du banc pendant dix matchs","datePublished":"2022-11-11T14:40:00+00:00","dateModified":"2025-05-20T23:01:48+00:00","mainEntityOfPage":{"@id":"https:\/\/www.webdo.tn\/fr\/actualite\/sport\/la-lnhb-prive-youusef-elmi-du-banc-pendant-dix-matchs\/198815\/"},"wordCount":177,"commentCount":0,"publisher":{"@id":"https:\/\/www.webdo.tn\/fr\/#organization"},"image":{"@id":"https:\/\/www.webdo.tn\/fr\/actualite\/sport\/la-lnhb-prive-youusef-elmi-du-banc-pendant-dix-matchs\/198815\/#primaryimage"},"thumbnailUrl":"https:\/\/www.webdo.tn\/fr\/wp-content\/uploads\/2022\/11\/90c6f97174b4cae9aa834023fb6208a3.png","keywords":["Club Africain","Ligue nationale de handball","Youssef Elmi"],"articleSection":["Sport"],"inLanguage":"fr-FR"},{"@type":"WebPage","@id":"https:\/\/www.webdo.tn\/fr\/actualite\/sport\/la-lnhb-prive-youusef-elmi-du-banc-pendant-dix-matchs\/198815\/","url":"https:\/\/www.webdo.tn\/fr\/actualite\/sport\/la-lnhb-prive-youusef-elmi-du-banc-pendant-dix-matchs\/198815\/","name":"La LNHB prive Youusef Elmi du banc pendant dix matchs","isPartOf":{"@id":"https:\/\/www.webdo.tn\/fr\/#website"},"primaryImageOfPage":{"@id":"https:\/\/www.webdo.tn\/fr\/actualite\/sport\/la-lnhb-prive-youusef-elmi-du-banc-pendant-dix-matchs\/198815\/#primaryimage"},"image":{"@id":"https:\/\/www.webdo.tn\/fr\/actualite\/sport\/la-lnhb-prive-youusef-elmi-du-banc-pendant-dix-matchs\/198815\/#primaryimage"},"thumbnailUrl":"https:\/\/www.webdo.tn\/fr\/wp-content\/uploads\/2022\/11\/90c6f97174b4cae9aa834023fb6208a3.png","datePublished":"2022-11-11T14:40:00+00:00","dateModified":"2025-05-20T23:01:48+00:00","description":"La Ligue nationale de handball a d\u00e9cid\u00e9 de priver le pr\u00e9sident du Club Africain, Youssef Elmi, de s\u2019asseoir sur le banc des rempla\u00e7ants pendant dix rencontre, e...","breadcrumb":{"@id":"https:\/\/www.webdo.tn\/fr\/actualite\/sport\/la-lnhb-prive-youusef-elmi-du-banc-pendant-dix-matchs\/198815\/#breadcrumb"},"inLanguage":"fr-FR","potentialAction":[{"@type":"ReadAction","target":["https:\/\/www.webdo.tn\/fr\/actualite\/sport\/la-lnhb-prive-youusef-elmi-du-banc-pendant-dix-matchs\/198815\/"]}]},{"@type":"ImageObject","inLanguage":"fr-FR","@id":"https:\/\/www.webdo.tn\/fr\/actualite\/sport\/la-lnhb-prive-youusef-elmi-du-banc-pendant-dix-matchs\/198815\/#primaryimage","url":"https:\/\/www.webdo.tn\/fr\/wp-content\/uploads\/2022\/11\/90c6f97174b4cae9aa834023fb6208a3.png","contentUrl":"https:\/\/www.webdo.tn\/fr\/wp-content\/uploads\/2022\/11\/90c6f97174b4cae9aa834023fb6208a3.png","width":750,"height":400,"caption":"Youssef Elmi"},{"@type":"BreadcrumbList","@id":"https:\/\/www.webdo.tn\/fr\/actualite\/sport\/la-lnhb-prive-youusef-elmi-du-banc-pendant-dix-matchs\/198815\/#breadcrumb","itemListElement":[{"@type":"ListItem","position":1,"name":"Accueil","item":"https:\/\/www.webdo.tn\/fr\/"},{"@type":"ListItem","position":2,"name":"La LNHB prive Youusef Elmi du banc pendant dix matchs"}]},{"@type":"WebSite","@id":"https:\/\/www.webdo.tn\/fr\/#website","url":"https:\/\/www.webdo.tn\/fr\/","name":"webdo","description":"Tunisie - News en Tunisie et \u00e0 l&#039;international sur Webdo.tn","publisher":{"@id":"https:\/\/www.webdo.tn\/fr\/#organization"},"potentialAction":[{"@type":"SearchAction","target":{"@type":"EntryPoint","urlTemplate":"https:\/\/www.webdo.tn\/fr\/?s={search_term_string}"},"query-input":{"@type":"PropertyValueSpecification","valueRequired":true,"valueName":"search_term_string"}}],"inLanguage":"fr-FR"},{"@type":"Organization","@id":"https:\/\/www.webdo.tn\/fr\/#organization","name":"Webdo","alternateName":"Webdo.tn","url":"https:\/\/www.webdo.tn\/fr\/","logo":{"@type":"ImageObject","inLanguage":"fr-FR","@id":"https:\/\/www.webdo.tn\/fr\/#\/schema\/logo\/image\/","url":"https:\/\/www.webdo.tn\/fr\/wp-content\/uploads\/2025\/06\/Webdo-Tunisie_168377.jpg","contentUrl":"https:\/\/www.webdo.tn\/fr\/wp-content\/uploads\/2025\/06\/Webdo-Tunisie_168377.jpg","width":301,"height":301,"caption":"Webdo"},"image":{"@id":"https:\/\/www.webdo.tn\/fr\/#\/schema\/logo\/image\/"},"sameAs":["https:\/\/www.facebook.com\/webdotn","https:\/\/x.com\/webdo_tn"],"description":"Webdo est un m\u00e9dia num\u00e9rique tunisien fond\u00e9 en 2010, sp\u00e9cialis\u00e9 dans l\u2019actualit\u00e9 nationale et internationale, l\u2019\u00e9conomie, la soci\u00e9t\u00e9 et les analyses politiques. Le site s\u2019adresse \u00e0 un large public francophone et couvre l\u2019information tunisienne en temps r\u00e9el.","email":"redac@webdo.tn","legalName":"YNJ SARL","foundingDate":"2010-09-06","numberOfEmployees":{"@type":"QuantitativeValue","minValue":"11","maxValue":"50"}},{"@type":"Person","@id":"https:\/\/www.webdo.tn\/fr\/#\/schema\/person\/c3a9d32fa6d495ca5f4b6510e3db97bf","name":"MK","image":{"@type":"ImageObject","inLanguage":"fr-FR","@id":"https:\/\/secure.gravatar.com\/avatar\/6d44f937f19929f3b75db77056d3e08abd6e302e71bcfea340cd8b00c13e7baf?s=96&d=mm&r=g","url":"https:\/\/secure.gravatar.com\/avatar\/6d44f937f19929f3b75db77056d3e08abd6e302e71bcfea340cd8b00c13e7baf?s=96&d=mm&r=g","contentUrl":"https:\/\/secure.gravatar.com\/avatar\/6d44f937f19929f3b75db77056d3e08abd6e302e71bcfea340cd8b00c13e7baf?s=96&d=mm&r=g","caption":"MK"},"url":"https:\/\/www.webdo.tn\/fr\/actualite\/author\/mk\/"}]}},"_links":{"self":[{"href":"https:\/\/www.webdo.tn\/fr\/wp-json\/wp\/v2\/posts\/198815","targetHints":{"allow":["GET"]}}],"collection":[{"href":"https:\/\/www.webdo.tn\/fr\/wp-json\/wp\/v2\/posts"}],"about":[{"href":"https:\/\/www.webdo.tn\/fr\/wp-json\/wp\/v2\/types\/post"}],"author":[{"embeddable":true,"href":"https:\/\/www.webdo.tn\/fr\/wp-json\/wp\/v2\/users\/3196"}],"replies":[{"embeddable":true,"href":"https:\/\/www.webdo.tn\/fr\/wp-json\/wp\/v2\/comments?post=198815"}],"version-history":[{"count":0,"href":"https:\/\/www.webdo.tn\/fr\/wp-json\/wp\/v2\/posts\/198815\/revisions"}],"wp:featuredmedia":[{"embeddable":true,"href":"https:\/\/www.webdo.tn\/fr\/wp-json\/wp\/v2\/media\/253275"}],"wp:attachment":[{"href":"https:\/\/www.webdo.tn\/fr\/wp-json\/wp\/v2\/media?parent=198815"}],"wp:term":[{"taxonomy":"category","embeddable":true,"href":"https:\/\/www.webdo.tn\/fr\/wp-json\/wp\/v2\/categories?post=198815"},{"taxonomy":"post_tag","embeddable":true,"href":"https:\/\/www.webdo.tn\/fr\/wp-json\/wp\/v2\/tags?post=198815"}],"curies":[{"name":"wp","href":"https:\/\/api.w.org\/{rel}","templated":true}]}}