{"id":198803,"date":"2022-11-11T12:12:00","date_gmt":"2022-11-11T12:12:00","guid":{"rendered":"https:\/\/www.webdo.tn\/fr\/blog\/sadio-mane-sera-bel-et-bien-au-mondial\/198803\/"},"modified":"2025-05-20T23:01:46","modified_gmt":"2025-05-20T23:01:46","slug":"sadio-mane-sera-bel-et-bien-au-mondial","status":"publish","type":"post","link":"https:\/\/www.webdo.tn\/fr\/actualite\/sport\/sadio-mane-sera-bel-et-bien-au-mondial\/198803\/","title":{"rendered":"Sadio Man\u00e9 sera bel et bien au Mondial"},"content":{"rendered":"<p>C\u2019est officiel. Le s\u00e9n\u00e9galais Sadio Man\u00e9 a \u00e9t\u00e9 s\u00e9lectionn\u00e9 par Aliou Ciss\u00e9 pour participer \u00e0 la Coupe du Monde Qatar 2022, malgr\u00e9 sa r\u00e9cente blessure qui compromettait ses chances d\u2019y participer.<\/p>\n<p>\t\t\t\t\t\t\t\t\tTouch\u00e9 au p\u00e9ron\u00e9, \u00e0 la 21\u00e8me minute de la rencontre ayant oppos\u00e9 le Bayern Munich au Werder Br\u00eame (6-1) mardi soir, le meilleur joueur africain a donn\u00e9 une frayeur \u00e0 tous les amateurs du football. Finalement, il figure parmi la liste des Lions de la Teranga, annonc\u00e9e ce vendredi.<\/p>\n<p>Aliou Ciss\u00e9 a dit devant la presse esp\u00e9rer une \u00e9volution d&rsquo;ici quelques semaines et s&rsquo;est d\u00e9clar\u00e9 \u00ab\u00a0optimiste\u00a0\u00bb, la blessure ne n\u00e9cessitant pas d&rsquo;op\u00e9ration.<\/p>\n<p>Et de poursuivre : \u00ab\u00a0On se donnera tous les moyens n\u00e9cessaires pour pouvoir r\u00e9cup\u00e9rer Sadio Man\u00e9\u00a0\u00bb.<\/p>\n<p>La liste du S\u00e9n\u00e9gal pour la Coupe du Monde :<\/p>\n<p>Gardiens : Edouard Mendy, Alfred Gomis, Seny Dieng<\/p>\n<p>D\u00e9fenseurs : Kalidou Koulibaly, Abdou Diallo, Youssouf Sabaly, Fode Ballo Toure, Pape Abou Ciss\u00e9, Ismail Jakobs, Formose Mendy.<\/p>\n<p>Milieux de terrain : Gana Gueye, Cheikhou Kouyate, Nampalys Mendy, Krepin Diatta, Pape Gueye, Pape Matar Sarr, Pathe Ciss, Mustapha Name, Loum Ndiaye.<\/p>\n<p>Attaquants : Sadio Man\u00e9, Ismaila Sarr, Boulaye Dia, Bamba Dieng, Famara Diedhiou, Nicolas Jackson, Iliman Ndiaye.<\/p>\n<p>Le S\u00e9n\u00e9gal se trouve dans le groupe A avec les Pays-Bas, le Qatar et l&rsquo;Equateur<\/p>\n","protected":false},"excerpt":{"rendered":"<p>C\u2019est officiel. Le s\u00e9n\u00e9galais Sadio Man\u00e9 a \u00e9t\u00e9 s\u00e9lectionn\u00e9 par Aliou Ciss\u00e9 pour participer \u00e0 la Coupe du Monde Qatar 2022, malgr\u00e9 sa r\u00e9cente blessure qui compro&#8230;<\/p>\n","protected":false},"author":3196,"featured_media":253265,"comment_status":"open","ping_status":"closed","sticky":false,"template":"","format":"standard","meta":{"footnotes":""},"categories":[2593],"tags":[4066,8935,9033,3127],"class_list":["post-198803","post","type-post","status-publish","format-standard","has-post-thumbnail","hentry","category-sport","tag-coupe-du-monde","tag-qatar2022","tag-sadio-mane","tag-senegal"],"yoast_head":"<!-- This site is optimized with the Yoast SEO Premium plugin v27.4 (Yoast SEO v27.5) - https:\/\/yoast.com\/product\/yoast-seo-premium-wordpress\/ -->\n<title>Sadio Man\u00e9 sera bel et bien au Mondial<\/title>\n<meta name=\"description\" content=\"C\u2019est officiel. Le s\u00e9n\u00e9galais Sadio Man\u00e9 a \u00e9t\u00e9 s\u00e9lectionn\u00e9 par Aliou Ciss\u00e9 pour participer \u00e0 la Coupe du Monde Qatar 2022, malgr\u00e9 sa r\u00e9cente blessure qui compro...\" \/>\n<link rel=\"canonical\" href=\"https:\/\/www.webdo.tn\/fr\/actualite\/sport\/sadio-mane-sera-bel-et-bien-au-mondial\/198803\/\" \/>\n<meta property=\"og:locale\" content=\"fr_FR\" \/>\n<meta property=\"og:type\" content=\"article\" \/>\n<meta property=\"og:title\" content=\"Sadio Man\u00e9 sera bel et bien au Mondial\" \/>\n<meta property=\"og:description\" content=\"C\u2019est officiel. Le s\u00e9n\u00e9galais Sadio Man\u00e9 a \u00e9t\u00e9 s\u00e9lectionn\u00e9 par Aliou Ciss\u00e9 pour participer \u00e0 la Coupe du Monde Qatar 2022, malgr\u00e9 sa r\u00e9cente blessure qui compro...\" \/>\n<meta property=\"og:url\" content=\"https:\/\/www.webdo.tn\/fr\/actualite\/sport\/sadio-mane-sera-bel-et-bien-au-mondial\/198803\/\" \/>\n<meta property=\"og:site_name\" content=\"webdo\" \/>\n<meta property=\"article:publisher\" content=\"https:\/\/www.facebook.com\/webdotn\" \/>\n<meta property=\"article:published_time\" content=\"2022-11-11T12:12:00+00:00\" \/>\n<meta property=\"article:modified_time\" content=\"2025-05-20T23:01:46+00:00\" \/>\n<meta property=\"og:image\" content=\"https:\/\/www.webdo.tn\/fr\/wp-content\/uploads\/2022\/11\/3610544fcbf0e744a439ad413fab50b2.jpg\" \/>\n\t<meta property=\"og:image:width\" content=\"750\" \/>\n\t<meta property=\"og:image:height\" content=\"400\" \/>\n\t<meta property=\"og:image:type\" content=\"image\/jpeg\" \/>\n<meta name=\"author\" content=\"MK\" \/>\n<meta name=\"twitter:card\" content=\"summary_large_image\" \/>\n<meta name=\"twitter:creator\" content=\"@webdo_tn\" \/>\n<meta name=\"twitter:site\" content=\"@webdo_tn\" \/>\n<meta name=\"twitter:label1\" content=\"\u00c9crit par\" \/>\n\t<meta name=\"twitter:data1\" content=\"MK\" \/>\n\t<meta name=\"twitter:label2\" content=\"Dur\u00e9e de lecture estim\u00e9e\" \/>\n\t<meta name=\"twitter:data2\" content=\"1 minute\" \/>\n<script type=\"application\/ld+json\" class=\"yoast-schema-graph\">{\"@context\":\"https:\\\/\\\/schema.org\",\"@graph\":[{\"@type\":\"NewsArticle\",\"@id\":\"https:\\\/\\\/www.webdo.tn\\\/fr\\\/actualite\\\/sport\\\/sadio-mane-sera-bel-et-bien-au-mondial\\\/198803\\\/#article\",\"isPartOf\":{\"@id\":\"https:\\\/\\\/www.webdo.tn\\\/fr\\\/actualite\\\/sport\\\/sadio-mane-sera-bel-et-bien-au-mondial\\\/198803\\\/\"},\"author\":{\"name\":\"MK\",\"@id\":\"https:\\\/\\\/www.webdo.tn\\\/fr\\\/#\\\/schema\\\/person\\\/c3a9d32fa6d495ca5f4b6510e3db97bf\"},\"headline\":\"Sadio Man\u00e9 sera bel et bien au Mondial\",\"datePublished\":\"2022-11-11T12:12:00+00:00\",\"dateModified\":\"2025-05-20T23:01:46+00:00\",\"mainEntityOfPage\":{\"@id\":\"https:\\\/\\\/www.webdo.tn\\\/fr\\\/actualite\\\/sport\\\/sadio-mane-sera-bel-et-bien-au-mondial\\\/198803\\\/\"},\"wordCount\":232,\"commentCount\":0,\"publisher\":{\"@id\":\"https:\\\/\\\/www.webdo.tn\\\/fr\\\/#organization\"},\"image\":{\"@id\":\"https:\\\/\\\/www.webdo.tn\\\/fr\\\/actualite\\\/sport\\\/sadio-mane-sera-bel-et-bien-au-mondial\\\/198803\\\/#primaryimage\"},\"thumbnailUrl\":\"https:\\\/\\\/www.webdo.tn\\\/fr\\\/wp-content\\\/uploads\\\/2022\\\/11\\\/3610544fcbf0e744a439ad413fab50b2.jpg\",\"keywords\":[\"Coupe du Monde\",\"Qatar2022\",\"sadio man\u00e9\",\"S\u00e9n\u00e9gal\"],\"articleSection\":[\"Sport\"],\"inLanguage\":\"fr-FR\"},{\"@type\":\"WebPage\",\"@id\":\"https:\\\/\\\/www.webdo.tn\\\/fr\\\/actualite\\\/sport\\\/sadio-mane-sera-bel-et-bien-au-mondial\\\/198803\\\/\",\"url\":\"https:\\\/\\\/www.webdo.tn\\\/fr\\\/actualite\\\/sport\\\/sadio-mane-sera-bel-et-bien-au-mondial\\\/198803\\\/\",\"name\":\"Sadio Man\u00e9 sera bel et bien au Mondial\",\"isPartOf\":{\"@id\":\"https:\\\/\\\/www.webdo.tn\\\/fr\\\/#website\"},\"primaryImageOfPage\":{\"@id\":\"https:\\\/\\\/www.webdo.tn\\\/fr\\\/actualite\\\/sport\\\/sadio-mane-sera-bel-et-bien-au-mondial\\\/198803\\\/#primaryimage\"},\"image\":{\"@id\":\"https:\\\/\\\/www.webdo.tn\\\/fr\\\/actualite\\\/sport\\\/sadio-mane-sera-bel-et-bien-au-mondial\\\/198803\\\/#primaryimage\"},\"thumbnailUrl\":\"https:\\\/\\\/www.webdo.tn\\\/fr\\\/wp-content\\\/uploads\\\/2022\\\/11\\\/3610544fcbf0e744a439ad413fab50b2.jpg\",\"datePublished\":\"2022-11-11T12:12:00+00:00\",\"dateModified\":\"2025-05-20T23:01:46+00:00\",\"description\":\"C\u2019est officiel. Le s\u00e9n\u00e9galais Sadio Man\u00e9 a \u00e9t\u00e9 s\u00e9lectionn\u00e9 par Aliou Ciss\u00e9 pour participer \u00e0 la Coupe du Monde Qatar 2022, malgr\u00e9 sa r\u00e9cente blessure qui compro...\",\"breadcrumb\":{\"@id\":\"https:\\\/\\\/www.webdo.tn\\\/fr\\\/actualite\\\/sport\\\/sadio-mane-sera-bel-et-bien-au-mondial\\\/198803\\\/#breadcrumb\"},\"inLanguage\":\"fr-FR\",\"potentialAction\":[{\"@type\":\"ReadAction\",\"target\":[\"https:\\\/\\\/www.webdo.tn\\\/fr\\\/actualite\\\/sport\\\/sadio-mane-sera-bel-et-bien-au-mondial\\\/198803\\\/\"]}]},{\"@type\":\"ImageObject\",\"inLanguage\":\"fr-FR\",\"@id\":\"https:\\\/\\\/www.webdo.tn\\\/fr\\\/actualite\\\/sport\\\/sadio-mane-sera-bel-et-bien-au-mondial\\\/198803\\\/#primaryimage\",\"url\":\"https:\\\/\\\/www.webdo.tn\\\/fr\\\/wp-content\\\/uploads\\\/2022\\\/11\\\/3610544fcbf0e744a439ad413fab50b2.jpg\",\"contentUrl\":\"https:\\\/\\\/www.webdo.tn\\\/fr\\\/wp-content\\\/uploads\\\/2022\\\/11\\\/3610544fcbf0e744a439ad413fab50b2.jpg\",\"width\":750,\"height\":400,\"caption\":\"Sadio Man\u00e9\"},{\"@type\":\"BreadcrumbList\",\"@id\":\"https:\\\/\\\/www.webdo.tn\\\/fr\\\/actualite\\\/sport\\\/sadio-mane-sera-bel-et-bien-au-mondial\\\/198803\\\/#breadcrumb\",\"itemListElement\":[{\"@type\":\"ListItem\",\"position\":1,\"name\":\"Accueil\",\"item\":\"https:\\\/\\\/www.webdo.tn\\\/fr\\\/\"},{\"@type\":\"ListItem\",\"position\":2,\"name\":\"Sadio Man\u00e9 sera bel et bien au Mondial\"}]},{\"@type\":\"WebSite\",\"@id\":\"https:\\\/\\\/www.webdo.tn\\\/fr\\\/#website\",\"url\":\"https:\\\/\\\/www.webdo.tn\\\/fr\\\/\",\"name\":\"webdo\",\"description\":\"Tunisie - News en Tunisie et \u00e0 l&#039;international sur Webdo.tn\",\"publisher\":{\"@id\":\"https:\\\/\\\/www.webdo.tn\\\/fr\\\/#organization\"},\"potentialAction\":[{\"@type\":\"SearchAction\",\"target\":{\"@type\":\"EntryPoint\",\"urlTemplate\":\"https:\\\/\\\/www.webdo.tn\\\/fr\\\/?s={search_term_string}\"},\"query-input\":{\"@type\":\"PropertyValueSpecification\",\"valueRequired\":true,\"valueName\":\"search_term_string\"}}],\"inLanguage\":\"fr-FR\"},{\"@type\":\"Organization\",\"@id\":\"https:\\\/\\\/www.webdo.tn\\\/fr\\\/#organization\",\"name\":\"Webdo\",\"alternateName\":\"Webdo.tn\",\"url\":\"https:\\\/\\\/www.webdo.tn\\\/fr\\\/\",\"logo\":{\"@type\":\"ImageObject\",\"inLanguage\":\"fr-FR\",\"@id\":\"https:\\\/\\\/www.webdo.tn\\\/fr\\\/#\\\/schema\\\/logo\\\/image\\\/\",\"url\":\"https:\\\/\\\/www.webdo.tn\\\/fr\\\/wp-content\\\/uploads\\\/2025\\\/06\\\/Webdo-Tunisie_168377.jpg\",\"contentUrl\":\"https:\\\/\\\/www.webdo.tn\\\/fr\\\/wp-content\\\/uploads\\\/2025\\\/06\\\/Webdo-Tunisie_168377.jpg\",\"width\":301,\"height\":301,\"caption\":\"Webdo\"},\"image\":{\"@id\":\"https:\\\/\\\/www.webdo.tn\\\/fr\\\/#\\\/schema\\\/logo\\\/image\\\/\"},\"sameAs\":[\"https:\\\/\\\/www.facebook.com\\\/webdotn\",\"https:\\\/\\\/x.com\\\/webdo_tn\"],\"description\":\"Webdo est un m\u00e9dia num\u00e9rique tunisien fond\u00e9 en 2010, sp\u00e9cialis\u00e9 dans l\u2019actualit\u00e9 nationale et internationale, l\u2019\u00e9conomie, la soci\u00e9t\u00e9 et les analyses politiques. Le site s\u2019adresse \u00e0 un large public francophone et couvre l\u2019information tunisienne en temps r\u00e9el.\",\"email\":\"redac@webdo.tn\",\"legalName\":\"YNJ SARL\",\"foundingDate\":\"2010-09-06\",\"numberOfEmployees\":{\"@type\":\"QuantitativeValue\",\"minValue\":\"11\",\"maxValue\":\"50\"}},{\"@type\":\"Person\",\"@id\":\"https:\\\/\\\/www.webdo.tn\\\/fr\\\/#\\\/schema\\\/person\\\/c3a9d32fa6d495ca5f4b6510e3db97bf\",\"name\":\"MK\",\"image\":{\"@type\":\"ImageObject\",\"inLanguage\":\"fr-FR\",\"@id\":\"https:\\\/\\\/secure.gravatar.com\\\/avatar\\\/6d44f937f19929f3b75db77056d3e08abd6e302e71bcfea340cd8b00c13e7baf?s=96&d=mm&r=g\",\"url\":\"https:\\\/\\\/secure.gravatar.com\\\/avatar\\\/6d44f937f19929f3b75db77056d3e08abd6e302e71bcfea340cd8b00c13e7baf?s=96&d=mm&r=g\",\"contentUrl\":\"https:\\\/\\\/secure.gravatar.com\\\/avatar\\\/6d44f937f19929f3b75db77056d3e08abd6e302e71bcfea340cd8b00c13e7baf?s=96&d=mm&r=g\",\"caption\":\"MK\"},\"url\":\"https:\\\/\\\/www.webdo.tn\\\/fr\\\/actualite\\\/author\\\/mk\\\/\"}]}<\/script>\n<!-- \/ Yoast SEO Premium plugin. -->","yoast_head_json":{"title":"Sadio Man\u00e9 sera bel et bien au Mondial","description":"C\u2019est officiel. Le s\u00e9n\u00e9galais Sadio Man\u00e9 a \u00e9t\u00e9 s\u00e9lectionn\u00e9 par Aliou Ciss\u00e9 pour participer \u00e0 la Coupe du Monde Qatar 2022, malgr\u00e9 sa r\u00e9cente blessure qui compro...","canonical":"https:\/\/www.webdo.tn\/fr\/actualite\/sport\/sadio-mane-sera-bel-et-bien-au-mondial\/198803\/","og_locale":"fr_FR","og_type":"article","og_title":"Sadio Man\u00e9 sera bel et bien au Mondial","og_description":"C\u2019est officiel. Le s\u00e9n\u00e9galais Sadio Man\u00e9 a \u00e9t\u00e9 s\u00e9lectionn\u00e9 par Aliou Ciss\u00e9 pour participer \u00e0 la Coupe du Monde Qatar 2022, malgr\u00e9 sa r\u00e9cente blessure qui compro...","og_url":"https:\/\/www.webdo.tn\/fr\/actualite\/sport\/sadio-mane-sera-bel-et-bien-au-mondial\/198803\/","og_site_name":"webdo","article_publisher":"https:\/\/www.facebook.com\/webdotn","article_published_time":"2022-11-11T12:12:00+00:00","article_modified_time":"2025-05-20T23:01:46+00:00","og_image":[{"width":750,"height":400,"url":"https:\/\/www.webdo.tn\/fr\/wp-content\/uploads\/2022\/11\/3610544fcbf0e744a439ad413fab50b2.jpg","type":"image\/jpeg"}],"author":"MK","twitter_card":"summary_large_image","twitter_creator":"@webdo_tn","twitter_site":"@webdo_tn","twitter_misc":{"\u00c9crit par":"MK","Dur\u00e9e de lecture estim\u00e9e":"1 minute"},"schema":{"@context":"https:\/\/schema.org","@graph":[{"@type":"NewsArticle","@id":"https:\/\/www.webdo.tn\/fr\/actualite\/sport\/sadio-mane-sera-bel-et-bien-au-mondial\/198803\/#article","isPartOf":{"@id":"https:\/\/www.webdo.tn\/fr\/actualite\/sport\/sadio-mane-sera-bel-et-bien-au-mondial\/198803\/"},"author":{"name":"MK","@id":"https:\/\/www.webdo.tn\/fr\/#\/schema\/person\/c3a9d32fa6d495ca5f4b6510e3db97bf"},"headline":"Sadio Man\u00e9 sera bel et bien au Mondial","datePublished":"2022-11-11T12:12:00+00:00","dateModified":"2025-05-20T23:01:46+00:00","mainEntityOfPage":{"@id":"https:\/\/www.webdo.tn\/fr\/actualite\/sport\/sadio-mane-sera-bel-et-bien-au-mondial\/198803\/"},"wordCount":232,"commentCount":0,"publisher":{"@id":"https:\/\/www.webdo.tn\/fr\/#organization"},"image":{"@id":"https:\/\/www.webdo.tn\/fr\/actualite\/sport\/sadio-mane-sera-bel-et-bien-au-mondial\/198803\/#primaryimage"},"thumbnailUrl":"https:\/\/www.webdo.tn\/fr\/wp-content\/uploads\/2022\/11\/3610544fcbf0e744a439ad413fab50b2.jpg","keywords":["Coupe du Monde","Qatar2022","sadio man\u00e9","S\u00e9n\u00e9gal"],"articleSection":["Sport"],"inLanguage":"fr-FR"},{"@type":"WebPage","@id":"https:\/\/www.webdo.tn\/fr\/actualite\/sport\/sadio-mane-sera-bel-et-bien-au-mondial\/198803\/","url":"https:\/\/www.webdo.tn\/fr\/actualite\/sport\/sadio-mane-sera-bel-et-bien-au-mondial\/198803\/","name":"Sadio Man\u00e9 sera bel et bien au Mondial","isPartOf":{"@id":"https:\/\/www.webdo.tn\/fr\/#website"},"primaryImageOfPage":{"@id":"https:\/\/www.webdo.tn\/fr\/actualite\/sport\/sadio-mane-sera-bel-et-bien-au-mondial\/198803\/#primaryimage"},"image":{"@id":"https:\/\/www.webdo.tn\/fr\/actualite\/sport\/sadio-mane-sera-bel-et-bien-au-mondial\/198803\/#primaryimage"},"thumbnailUrl":"https:\/\/www.webdo.tn\/fr\/wp-content\/uploads\/2022\/11\/3610544fcbf0e744a439ad413fab50b2.jpg","datePublished":"2022-11-11T12:12:00+00:00","dateModified":"2025-05-20T23:01:46+00:00","description":"C\u2019est officiel. Le s\u00e9n\u00e9galais Sadio Man\u00e9 a \u00e9t\u00e9 s\u00e9lectionn\u00e9 par Aliou Ciss\u00e9 pour participer \u00e0 la Coupe du Monde Qatar 2022, malgr\u00e9 sa r\u00e9cente blessure qui compro...","breadcrumb":{"@id":"https:\/\/www.webdo.tn\/fr\/actualite\/sport\/sadio-mane-sera-bel-et-bien-au-mondial\/198803\/#breadcrumb"},"inLanguage":"fr-FR","potentialAction":[{"@type":"ReadAction","target":["https:\/\/www.webdo.tn\/fr\/actualite\/sport\/sadio-mane-sera-bel-et-bien-au-mondial\/198803\/"]}]},{"@type":"ImageObject","inLanguage":"fr-FR","@id":"https:\/\/www.webdo.tn\/fr\/actualite\/sport\/sadio-mane-sera-bel-et-bien-au-mondial\/198803\/#primaryimage","url":"https:\/\/www.webdo.tn\/fr\/wp-content\/uploads\/2022\/11\/3610544fcbf0e744a439ad413fab50b2.jpg","contentUrl":"https:\/\/www.webdo.tn\/fr\/wp-content\/uploads\/2022\/11\/3610544fcbf0e744a439ad413fab50b2.jpg","width":750,"height":400,"caption":"Sadio Man\u00e9"},{"@type":"BreadcrumbList","@id":"https:\/\/www.webdo.tn\/fr\/actualite\/sport\/sadio-mane-sera-bel-et-bien-au-mondial\/198803\/#breadcrumb","itemListElement":[{"@type":"ListItem","position":1,"name":"Accueil","item":"https:\/\/www.webdo.tn\/fr\/"},{"@type":"ListItem","position":2,"name":"Sadio Man\u00e9 sera bel et bien au Mondial"}]},{"@type":"WebSite","@id":"https:\/\/www.webdo.tn\/fr\/#website","url":"https:\/\/www.webdo.tn\/fr\/","name":"webdo","description":"Tunisie - News en Tunisie et \u00e0 l&#039;international sur Webdo.tn","publisher":{"@id":"https:\/\/www.webdo.tn\/fr\/#organization"},"potentialAction":[{"@type":"SearchAction","target":{"@type":"EntryPoint","urlTemplate":"https:\/\/www.webdo.tn\/fr\/?s={search_term_string}"},"query-input":{"@type":"PropertyValueSpecification","valueRequired":true,"valueName":"search_term_string"}}],"inLanguage":"fr-FR"},{"@type":"Organization","@id":"https:\/\/www.webdo.tn\/fr\/#organization","name":"Webdo","alternateName":"Webdo.tn","url":"https:\/\/www.webdo.tn\/fr\/","logo":{"@type":"ImageObject","inLanguage":"fr-FR","@id":"https:\/\/www.webdo.tn\/fr\/#\/schema\/logo\/image\/","url":"https:\/\/www.webdo.tn\/fr\/wp-content\/uploads\/2025\/06\/Webdo-Tunisie_168377.jpg","contentUrl":"https:\/\/www.webdo.tn\/fr\/wp-content\/uploads\/2025\/06\/Webdo-Tunisie_168377.jpg","width":301,"height":301,"caption":"Webdo"},"image":{"@id":"https:\/\/www.webdo.tn\/fr\/#\/schema\/logo\/image\/"},"sameAs":["https:\/\/www.facebook.com\/webdotn","https:\/\/x.com\/webdo_tn"],"description":"Webdo est un m\u00e9dia num\u00e9rique tunisien fond\u00e9 en 2010, sp\u00e9cialis\u00e9 dans l\u2019actualit\u00e9 nationale et internationale, l\u2019\u00e9conomie, la soci\u00e9t\u00e9 et les analyses politiques. Le site s\u2019adresse \u00e0 un large public francophone et couvre l\u2019information tunisienne en temps r\u00e9el.","email":"redac@webdo.tn","legalName":"YNJ SARL","foundingDate":"2010-09-06","numberOfEmployees":{"@type":"QuantitativeValue","minValue":"11","maxValue":"50"}},{"@type":"Person","@id":"https:\/\/www.webdo.tn\/fr\/#\/schema\/person\/c3a9d32fa6d495ca5f4b6510e3db97bf","name":"MK","image":{"@type":"ImageObject","inLanguage":"fr-FR","@id":"https:\/\/secure.gravatar.com\/avatar\/6d44f937f19929f3b75db77056d3e08abd6e302e71bcfea340cd8b00c13e7baf?s=96&d=mm&r=g","url":"https:\/\/secure.gravatar.com\/avatar\/6d44f937f19929f3b75db77056d3e08abd6e302e71bcfea340cd8b00c13e7baf?s=96&d=mm&r=g","contentUrl":"https:\/\/secure.gravatar.com\/avatar\/6d44f937f19929f3b75db77056d3e08abd6e302e71bcfea340cd8b00c13e7baf?s=96&d=mm&r=g","caption":"MK"},"url":"https:\/\/www.webdo.tn\/fr\/actualite\/author\/mk\/"}]}},"_links":{"self":[{"href":"https:\/\/www.webdo.tn\/fr\/wp-json\/wp\/v2\/posts\/198803","targetHints":{"allow":["GET"]}}],"collection":[{"href":"https:\/\/www.webdo.tn\/fr\/wp-json\/wp\/v2\/posts"}],"about":[{"href":"https:\/\/www.webdo.tn\/fr\/wp-json\/wp\/v2\/types\/post"}],"author":[{"embeddable":true,"href":"https:\/\/www.webdo.tn\/fr\/wp-json\/wp\/v2\/users\/3196"}],"replies":[{"embeddable":true,"href":"https:\/\/www.webdo.tn\/fr\/wp-json\/wp\/v2\/comments?post=198803"}],"version-history":[{"count":0,"href":"https:\/\/www.webdo.tn\/fr\/wp-json\/wp\/v2\/posts\/198803\/revisions"}],"wp:featuredmedia":[{"embeddable":true,"href":"https:\/\/www.webdo.tn\/fr\/wp-json\/wp\/v2\/media\/253265"}],"wp:attachment":[{"href":"https:\/\/www.webdo.tn\/fr\/wp-json\/wp\/v2\/media?parent=198803"}],"wp:term":[{"taxonomy":"category","embeddable":true,"href":"https:\/\/www.webdo.tn\/fr\/wp-json\/wp\/v2\/categories?post=198803"},{"taxonomy":"post_tag","embeddable":true,"href":"https:\/\/www.webdo.tn\/fr\/wp-json\/wp\/v2\/tags?post=198803"}],"curies":[{"name":"wp","href":"https:\/\/api.w.org\/{rel}","templated":true}]}}