{"id":198798,"date":"2022-11-11T11:10:00","date_gmt":"2022-11-11T11:10:00","guid":{"rendered":"https:\/\/www.webdo.tn\/fr\/blog\/boycottqatar2022-la-campagne-bat-son-plein\/198798\/"},"modified":"2025-05-20T23:01:52","modified_gmt":"2025-05-20T23:01:52","slug":"boycottqatar2022-la-campagne-bat-son-plein","status":"publish","type":"post","link":"https:\/\/www.webdo.tn\/fr\/actualite\/sport\/boycottqatar2022-la-campagne-bat-son-plein\/198798\/","title":{"rendered":"BoycottQatar2022 : la campagne bat son plein"},"content":{"rendered":"<p>A dix jours du coup d\u2019envoi de la Coupe du Monde, Qatar2022, la campagne BoycottQatar2022 bat son plein. En cause, les atteintes aux droits de l\u2019Homme lors de la construction de stades, ainsi que les restrictions d\u00e9cid\u00e9es par le Qatar lors de cet \u00e9v\u00e8nement plan\u00e9taire.<\/p>\n<p>\t\t\t\t\t\t\t\t\tDes banderoles \u00ab BoycottQatar2022 \u00bb, on en voit d\u00e9sormais chaque semaine dans les stades europ\u00e9ens.<\/p>\n<p>Les supporters ont choisi leur camp<\/p>\n<p>Il ne se passe presque pas une semaine sans que des supporters ne hissent des banderoles appelant \u00e0 boycotter la Coupe du Monde. Les supporters \u00ab Ultras \u00bb, connus pour leur engagement antisyst\u00e8me, voient en ce Mondial la concr\u00e9tisation du football moderne, bas\u00e9e sur l\u2019argent, les gains et la politique. Un football qu\u2019ils ha\u00efssent tant.<\/p>\n<p>Outre ce c\u00f4t\u00e9 bling-bling, les supporters d\u00e9noncent les atteintes aux droits de l\u2019Homme, enregistr\u00e9es lors de la construction des stades au Qatar. Le pays du Golfe a beau publi\u00e9 et republi\u00e9 des images montrant \u00ab les bonnes conditions \u00bb dans lesquelles les ouvriers travaillaient, rien \u00e0 faire. Les multiples enqu\u00eates r\u00e9alis\u00e9es par les journalistes ind\u00e9pendants d\u00e9montrent qu\u2019il y a eu bel et bien des d\u00e9passements.<\/p>\n<p>Les supporters d\u00e9noncent \u00e9galement les restrictions d\u00e9cid\u00e9es par le Qatar lors du Mondial : pas d\u2019alcool sauf dans des endroits pr\u00e9d\u00e9finis, pas de f\u00eates au petit matin, pas de relations sexuelles, pas de ce que le pays du Golfe a qualifi\u00e9 \u00ab d\u2019atteinte aux m\u0153urs \u00bb, etc\u2026 Ils d\u00e9noncent aussi la r\u00e9pression des droits des personnes LGBT+ ainsi que l\u2019impact \u00e9cologique d\u00e9sastreux de ce tournoi.<\/p>\n<p>Les supporters consid\u00e8rent la Coupe du Monde comme une grande f\u00eate o\u00f9 on se d\u00e9place, justement, pour faire la f\u00eate. Toutes ces restrictions ont pouss\u00e9 plus d\u2019un \u00e0 annuler le d\u00e9placement au Qatar. \u00a0 \u00a0 \u00a0 \u00a0\u00a0<\/p>\n<p>Bras de fer entre la FIFA et les pays participants<\/p>\n<p>Se rendant compte que le ph\u00e9nom\u00e8ne BoycottQatar2022 prend de plus en plus d\u2019ampleur, la FIFA a r\u00e9agi et a somm\u00e9 les 32 pays participants, dans un courrier sign\u00e9 par son pr\u00e9sident Gianni Infantino et sa secr\u00e9taire g\u00e9n\u00e9rale Fatma Samoura, de \u00ab ne pas laisser le football \u00eatre entra\u00een\u00e9 dans chaque bataille id\u00e9ologique ou politique \u00bb.\u00a0<\/p>\n<p>La FIFA voulait que les f\u00e9d\u00e9rations de ces pays interdisent les banderoles BoycottQatar2022 dans les stades.<\/p>\n<p>Dix des pays concern\u00e9s ont refus\u00e9 d&rsquo;ob\u00e9ir \u00e0 la demande de la FIFA. En effet, l\u2019Allemagne, l\u2019Angleterre, la Belgique, le Danemark, la Norv\u00e8ge, les Pays-Bas, le Pays de Galles, le Portugal, la Su\u00e8de et la Suisse, ont r\u00e9affirm\u00e9, dans un courrier envoy\u00e9 \u00e0 la FIFA, leur volont\u00e9 de \u00ab d\u00e9fendre les droits humains, soutenir les travailleurs migrants et continuer \u00e0 faire pression sur la FIFA \u00bb.<\/p>\n<p>La France n&rsquo;est \u00e9videmment pas signataire, appliquant l&rsquo;adage de Zin\u00e9dine Zidane, ambassadeur de la candidature du Qatar, faut-il le rappeler : \u00ab il faut laisser la pol\u00e9mique de c\u00f4t\u00e9, laisser la place au jeu et \u00e0 la Coupe du Monde \u00bb.<\/p>\n<p>Les dix pays ont \u00e9galement sign\u00e9 un courrier conjoint, dans lequel ils demandent des \u00ab r\u00e9ponses concr\u00e8tes \u00bb concernant le fonds d\u2019indemnisation pour les travailleurs migrants et le concept d\u2019un centre de travailleurs migrants \u00e0 Doha.<\/p>\n<p>Des personnalit\u00e9s et des villes<\/p>\n<p>Nombre de personnalit\u00e9s publiques, sportives et autres, ont publiquement annonc\u00e9 et appel\u00e9 au boycott de la CM Qatar 2022.<\/p>\n<p>Eric Cantona a d\u00e9clar\u00e9, au Daily Mail dans un entretien publi\u00e9 le 12 janvier, \u00ab personnellement, je ne la regarderai pas. Pour \u00eatre honn\u00eate, je ne me soucie pas vraiment de la prochaine Coupe du monde, qui n\u2019est pas une vraie Coupe du monde pour moi. Au cours des derni\u00e8res d\u00e9cennies, beaucoup d\u2019\u00e9v\u00e9nements comme les Jeux olympiques ou les Coupes du monde se sont d\u00e9roul\u00e9s dans des pays \u00e9mergents, comme la Russie ou la Chine. Mais le Qatar, ce n\u2019est pas le pays du football. Ce n\u2019est qu\u2019une question d\u2019argent et la fa\u00e7on dont ils ont trait\u00e9 les gens qui ont construit les stades est horrible. Et des milliers de personnes sont mortes \u00bb.<\/p>\n<p>De son c\u00f4t\u00e9, l\u2019ancien international allemand, et d\u00e9sormais pr\u00e9sident du comit\u00e9 d\u2019organisation de l\u2019Euro 2024 en Allemagne, Philipp Lahm, a indiqu\u00e9 que, hors raison professionnelle, il n\u2019irait pas assister au Mondial au Qatar, pr\u00e9cisant qu\u2019il n\u2019avait \u00ab pas envie de s\u2019y rendre en tant que fan. Je pr\u00e9f\u00e8re suivre le tournoi depuis chez moi. Si, dans ma fonction de directeur du tournoi de l\u2019Euro, j\u2019avais une mission ou un agenda au Qatar, ce serait bien s\u00fbr diff\u00e9rent \u00bb.<\/p>\n<p>Tom Daley, plongeur britannique, champion olympique \u00e0 Tokyo, ouvertement homosexuel, a appel\u00e9, en octobre 2021, au boycott, estimant que \u00ab la Coupe du monde qui se d\u00e9roulera au Qatar est soumise \u00e0 des r\u00e8gles extr\u00eames \u00e0 l\u2019encontre des personnes LGBT+ et des femmes. Je pense qu\u2019il ne devrait pas \u00eatre permis d\u2019accueillir un \u00e9v\u00e9nement sportif dans un pays qui criminalise les droits humains fondamentaux \u00bb.<\/p>\n<p>Une partie du staff de l\u2019\u00e9quipe du pays de Galles a fait savoir en juin qu\u2019elle ne rendrait pas au Qatar, malgr\u00e9 la qualification de son \u00e9quipe, en raison du non-respect des droits des personnes LGBT+.<\/p>\n<p>Plusieurs grandes villes fran\u00e7aises ont indiqu\u00e9 qu\u2019elles ne mettront en place des \u00ab fans zones \u00bb et ne diffuseraient aucun match du tournoi sur des \u00e9crans g\u00e9ants public, et ce qu\u2019importe l\u2019issue des matches pour les Bleus. Il s\u2019agit de Besan\u00e7on, Brest, Bordeaux, Clermont-Ferrand, la Courneuve, Lille, Limoges, Lyon, Marseille, Nancy, Paris, Reims, Rennes, Rodez, Saint-Etienne, Strasbourg et Tours.<\/p>\n<p>Si ce ph\u00e9nom\u00e8ne semble surtout toucher la France, au vu de l\u2019int\u00e9r\u00eat par la presse internationale, l\u2019initiative est \u00e9galement suivie par plusieurs communes en Belgique, notamment dans l\u2019agglom\u00e9ration bruxelloise.<\/p>\n<p>La r\u00e9ponse du Qatar<\/p>\n<p>Le Qatar n\u2019a pas r\u00e9pondu officiellement \u00e0 cette campagne de boycott, mais a fait conna\u00eetre sa position officieusement, \u00e0 travers, notamment, les m\u00e9dias qu\u2019elle contr\u00f4le.<\/p>\n<p>Sur BeINsport arabe, les animateurs et chroniqueurs ne cessent d\u2019\u00e9voquer le sujet en expliquant qu\u2019il est n\u00e9cessaire de respecter les traditions et la culture du pays h\u00f4te du mondial, comme c\u2019\u00e9tait le cas dans tous les autres pays qui ont accueilli auparavant la CM.<\/p>\n<p>De temps \u00e0 autres, ils rappellent, \u00e9galement, qu\u2019aucune campagne de boycott n\u2019a \u00e9t\u00e9 orchestr\u00e9e contre la Russie en 2018, alors que le pays de Poutine est aussi renferm\u00e9, notamment en ce qui concerne les droits de l\u2019Homme et les droits de la communaut\u00e9 LGBT+, que le Qatar.<\/p>\n<p>Les personnalit\u00e9s qui d\u00e9fendent le Qatar estiment que les pays occidentaux ne veulent pas qu\u2019un pays arabe organise une Coupe du Monde \u00ab qui sera la meilleure de tous les temps \u00bb.<\/p>\n","protected":false},"excerpt":{"rendered":"<p>A dix jours du coup d\u2019envoi de la Coupe du Monde, Qatar2022, la campagne BoycottQatar2022 bat son plein. En cause, les atteintes aux droits de l\u2019Homme lors de l&#8230;<\/p>\n","protected":false},"author":3196,"featured_media":277227,"comment_status":"open","ping_status":"closed","sticky":false,"template":"","format":"standard","meta":{"footnotes":""},"categories":[2593],"tags":[9139,4066,8935],"class_list":["post-198798","post","type-post","status-publish","format-standard","has-post-thumbnail","hentry","category-sport","tag-boycottqatar2022","tag-coupe-du-monde","tag-qatar2022"],"yoast_head":"<!-- This site is optimized with the Yoast SEO Premium plugin v27.4 (Yoast SEO v27.5) - https:\/\/yoast.com\/product\/yoast-seo-premium-wordpress\/ -->\n<title>BoycottQatar2022 : la campagne bat son plein<\/title>\n<meta name=\"description\" content=\"A dix jours du coup d\u2019envoi de la Coupe du Monde, Qatar2022, la campagne BoycottQatar2022 bat son plein. En cause, les atteintes aux droits de l\u2019Homme lors de l...\" \/>\n<link rel=\"canonical\" href=\"https:\/\/www.webdo.tn\/fr\/actualite\/sport\/boycottqatar2022-la-campagne-bat-son-plein\/198798\/\" \/>\n<meta property=\"og:locale\" content=\"fr_FR\" \/>\n<meta property=\"og:type\" content=\"article\" \/>\n<meta property=\"og:title\" content=\"BoycottQatar2022 : la campagne bat son plein\" \/>\n<meta property=\"og:description\" content=\"A dix jours du coup d\u2019envoi de la Coupe du Monde, Qatar2022, la campagne BoycottQatar2022 bat son plein. En cause, les atteintes aux droits de l\u2019Homme lors de l...\" \/>\n<meta property=\"og:url\" content=\"https:\/\/www.webdo.tn\/fr\/actualite\/sport\/boycottqatar2022-la-campagne-bat-son-plein\/198798\/\" \/>\n<meta property=\"og:site_name\" content=\"webdo\" \/>\n<meta property=\"article:publisher\" content=\"https:\/\/www.facebook.com\/webdotn\" \/>\n<meta property=\"article:published_time\" content=\"2022-11-11T11:10:00+00:00\" \/>\n<meta property=\"article:modified_time\" content=\"2025-05-20T23:01:52+00:00\" \/>\n<meta property=\"og:image\" content=\"https:\/\/www.webdo.tn\/fr\/wp-content\/uploads\/2022\/11\/3498c32c83e92f6c9c1dc25ef3d12362.jpg\" \/>\n\t<meta property=\"og:image:width\" content=\"750\" \/>\n\t<meta property=\"og:image:height\" content=\"400\" \/>\n\t<meta property=\"og:image:type\" content=\"image\/jpeg\" \/>\n<meta name=\"author\" content=\"MK\" \/>\n<meta name=\"twitter:card\" content=\"summary_large_image\" \/>\n<meta name=\"twitter:creator\" content=\"@webdo_tn\" \/>\n<meta name=\"twitter:site\" content=\"@webdo_tn\" \/>\n<meta name=\"twitter:label1\" content=\"\u00c9crit par\" \/>\n\t<meta name=\"twitter:data1\" content=\"MK\" \/>\n\t<meta name=\"twitter:label2\" content=\"Dur\u00e9e de lecture estim\u00e9e\" \/>\n\t<meta name=\"twitter:data2\" content=\"6 minutes\" \/>\n<script type=\"application\/ld+json\" class=\"yoast-schema-graph\">{\"@context\":\"https:\\\/\\\/schema.org\",\"@graph\":[{\"@type\":\"NewsArticle\",\"@id\":\"https:\\\/\\\/www.webdo.tn\\\/fr\\\/actualite\\\/sport\\\/boycottqatar2022-la-campagne-bat-son-plein\\\/198798\\\/#article\",\"isPartOf\":{\"@id\":\"https:\\\/\\\/www.webdo.tn\\\/fr\\\/actualite\\\/sport\\\/boycottqatar2022-la-campagne-bat-son-plein\\\/198798\\\/\"},\"author\":{\"name\":\"MK\",\"@id\":\"https:\\\/\\\/www.webdo.tn\\\/fr\\\/#\\\/schema\\\/person\\\/c3a9d32fa6d495ca5f4b6510e3db97bf\"},\"headline\":\"BoycottQatar2022 : la campagne bat son plein\",\"datePublished\":\"2022-11-11T11:10:00+00:00\",\"dateModified\":\"2025-05-20T23:01:52+00:00\",\"mainEntityOfPage\":{\"@id\":\"https:\\\/\\\/www.webdo.tn\\\/fr\\\/actualite\\\/sport\\\/boycottqatar2022-la-campagne-bat-son-plein\\\/198798\\\/\"},\"wordCount\":1173,\"commentCount\":0,\"publisher\":{\"@id\":\"https:\\\/\\\/www.webdo.tn\\\/fr\\\/#organization\"},\"image\":{\"@id\":\"https:\\\/\\\/www.webdo.tn\\\/fr\\\/actualite\\\/sport\\\/boycottqatar2022-la-campagne-bat-son-plein\\\/198798\\\/#primaryimage\"},\"thumbnailUrl\":\"https:\\\/\\\/www.webdo.tn\\\/fr\\\/wp-content\\\/uploads\\\/2022\\\/11\\\/3498c32c83e92f6c9c1dc25ef3d12362.jpg\",\"keywords\":[\"BoycottQatar2022\",\"Coupe du Monde\",\"Qatar2022\"],\"articleSection\":[\"Sport\"],\"inLanguage\":\"fr-FR\"},{\"@type\":\"WebPage\",\"@id\":\"https:\\\/\\\/www.webdo.tn\\\/fr\\\/actualite\\\/sport\\\/boycottqatar2022-la-campagne-bat-son-plein\\\/198798\\\/\",\"url\":\"https:\\\/\\\/www.webdo.tn\\\/fr\\\/actualite\\\/sport\\\/boycottqatar2022-la-campagne-bat-son-plein\\\/198798\\\/\",\"name\":\"BoycottQatar2022 : la campagne bat son plein\",\"isPartOf\":{\"@id\":\"https:\\\/\\\/www.webdo.tn\\\/fr\\\/#website\"},\"primaryImageOfPage\":{\"@id\":\"https:\\\/\\\/www.webdo.tn\\\/fr\\\/actualite\\\/sport\\\/boycottqatar2022-la-campagne-bat-son-plein\\\/198798\\\/#primaryimage\"},\"image\":{\"@id\":\"https:\\\/\\\/www.webdo.tn\\\/fr\\\/actualite\\\/sport\\\/boycottqatar2022-la-campagne-bat-son-plein\\\/198798\\\/#primaryimage\"},\"thumbnailUrl\":\"https:\\\/\\\/www.webdo.tn\\\/fr\\\/wp-content\\\/uploads\\\/2022\\\/11\\\/3498c32c83e92f6c9c1dc25ef3d12362.jpg\",\"datePublished\":\"2022-11-11T11:10:00+00:00\",\"dateModified\":\"2025-05-20T23:01:52+00:00\",\"description\":\"A dix jours du coup d\u2019envoi de la Coupe du Monde, Qatar2022, la campagne BoycottQatar2022 bat son plein. En cause, les atteintes aux droits de l\u2019Homme lors de l...\",\"breadcrumb\":{\"@id\":\"https:\\\/\\\/www.webdo.tn\\\/fr\\\/actualite\\\/sport\\\/boycottqatar2022-la-campagne-bat-son-plein\\\/198798\\\/#breadcrumb\"},\"inLanguage\":\"fr-FR\",\"potentialAction\":[{\"@type\":\"ReadAction\",\"target\":[\"https:\\\/\\\/www.webdo.tn\\\/fr\\\/actualite\\\/sport\\\/boycottqatar2022-la-campagne-bat-son-plein\\\/198798\\\/\"]}]},{\"@type\":\"ImageObject\",\"inLanguage\":\"fr-FR\",\"@id\":\"https:\\\/\\\/www.webdo.tn\\\/fr\\\/actualite\\\/sport\\\/boycottqatar2022-la-campagne-bat-son-plein\\\/198798\\\/#primaryimage\",\"url\":\"https:\\\/\\\/www.webdo.tn\\\/fr\\\/wp-content\\\/uploads\\\/2022\\\/11\\\/3498c32c83e92f6c9c1dc25ef3d12362.jpg\",\"contentUrl\":\"https:\\\/\\\/www.webdo.tn\\\/fr\\\/wp-content\\\/uploads\\\/2022\\\/11\\\/3498c32c83e92f6c9c1dc25ef3d12362.jpg\",\"width\":750,\"height\":400,\"caption\":\"BoycottQatar2022\"},{\"@type\":\"BreadcrumbList\",\"@id\":\"https:\\\/\\\/www.webdo.tn\\\/fr\\\/actualite\\\/sport\\\/boycottqatar2022-la-campagne-bat-son-plein\\\/198798\\\/#breadcrumb\",\"itemListElement\":[{\"@type\":\"ListItem\",\"position\":1,\"name\":\"Accueil\",\"item\":\"https:\\\/\\\/www.webdo.tn\\\/fr\\\/\"},{\"@type\":\"ListItem\",\"position\":2,\"name\":\"BoycottQatar2022 : la campagne bat son plein\"}]},{\"@type\":\"WebSite\",\"@id\":\"https:\\\/\\\/www.webdo.tn\\\/fr\\\/#website\",\"url\":\"https:\\\/\\\/www.webdo.tn\\\/fr\\\/\",\"name\":\"webdo\",\"description\":\"Tunisie - News en Tunisie et \u00e0 l&#039;international sur Webdo.tn\",\"publisher\":{\"@id\":\"https:\\\/\\\/www.webdo.tn\\\/fr\\\/#organization\"},\"potentialAction\":[{\"@type\":\"SearchAction\",\"target\":{\"@type\":\"EntryPoint\",\"urlTemplate\":\"https:\\\/\\\/www.webdo.tn\\\/fr\\\/?s={search_term_string}\"},\"query-input\":{\"@type\":\"PropertyValueSpecification\",\"valueRequired\":true,\"valueName\":\"search_term_string\"}}],\"inLanguage\":\"fr-FR\"},{\"@type\":\"Organization\",\"@id\":\"https:\\\/\\\/www.webdo.tn\\\/fr\\\/#organization\",\"name\":\"Webdo\",\"alternateName\":\"Webdo.tn\",\"url\":\"https:\\\/\\\/www.webdo.tn\\\/fr\\\/\",\"logo\":{\"@type\":\"ImageObject\",\"inLanguage\":\"fr-FR\",\"@id\":\"https:\\\/\\\/www.webdo.tn\\\/fr\\\/#\\\/schema\\\/logo\\\/image\\\/\",\"url\":\"https:\\\/\\\/www.webdo.tn\\\/fr\\\/wp-content\\\/uploads\\\/2025\\\/06\\\/Webdo-Tunisie_168377.jpg\",\"contentUrl\":\"https:\\\/\\\/www.webdo.tn\\\/fr\\\/wp-content\\\/uploads\\\/2025\\\/06\\\/Webdo-Tunisie_168377.jpg\",\"width\":301,\"height\":301,\"caption\":\"Webdo\"},\"image\":{\"@id\":\"https:\\\/\\\/www.webdo.tn\\\/fr\\\/#\\\/schema\\\/logo\\\/image\\\/\"},\"sameAs\":[\"https:\\\/\\\/www.facebook.com\\\/webdotn\",\"https:\\\/\\\/x.com\\\/webdo_tn\"],\"description\":\"Webdo est un m\u00e9dia num\u00e9rique tunisien fond\u00e9 en 2010, sp\u00e9cialis\u00e9 dans l\u2019actualit\u00e9 nationale et internationale, l\u2019\u00e9conomie, la soci\u00e9t\u00e9 et les analyses politiques. Le site s\u2019adresse \u00e0 un large public francophone et couvre l\u2019information tunisienne en temps r\u00e9el.\",\"email\":\"redac@webdo.tn\",\"legalName\":\"YNJ SARL\",\"foundingDate\":\"2010-09-06\",\"numberOfEmployees\":{\"@type\":\"QuantitativeValue\",\"minValue\":\"11\",\"maxValue\":\"50\"}},{\"@type\":\"Person\",\"@id\":\"https:\\\/\\\/www.webdo.tn\\\/fr\\\/#\\\/schema\\\/person\\\/c3a9d32fa6d495ca5f4b6510e3db97bf\",\"name\":\"MK\",\"image\":{\"@type\":\"ImageObject\",\"inLanguage\":\"fr-FR\",\"@id\":\"https:\\\/\\\/secure.gravatar.com\\\/avatar\\\/6d44f937f19929f3b75db77056d3e08abd6e302e71bcfea340cd8b00c13e7baf?s=96&d=mm&r=g\",\"url\":\"https:\\\/\\\/secure.gravatar.com\\\/avatar\\\/6d44f937f19929f3b75db77056d3e08abd6e302e71bcfea340cd8b00c13e7baf?s=96&d=mm&r=g\",\"contentUrl\":\"https:\\\/\\\/secure.gravatar.com\\\/avatar\\\/6d44f937f19929f3b75db77056d3e08abd6e302e71bcfea340cd8b00c13e7baf?s=96&d=mm&r=g\",\"caption\":\"MK\"},\"url\":\"https:\\\/\\\/www.webdo.tn\\\/fr\\\/actualite\\\/author\\\/mk\\\/\"}]}<\/script>\n<!-- \/ Yoast SEO Premium plugin. -->","yoast_head_json":{"title":"BoycottQatar2022 : la campagne bat son plein","description":"A dix jours du coup d\u2019envoi de la Coupe du Monde, Qatar2022, la campagne BoycottQatar2022 bat son plein. En cause, les atteintes aux droits de l\u2019Homme lors de l...","canonical":"https:\/\/www.webdo.tn\/fr\/actualite\/sport\/boycottqatar2022-la-campagne-bat-son-plein\/198798\/","og_locale":"fr_FR","og_type":"article","og_title":"BoycottQatar2022 : la campagne bat son plein","og_description":"A dix jours du coup d\u2019envoi de la Coupe du Monde, Qatar2022, la campagne BoycottQatar2022 bat son plein. En cause, les atteintes aux droits de l\u2019Homme lors de l...","og_url":"https:\/\/www.webdo.tn\/fr\/actualite\/sport\/boycottqatar2022-la-campagne-bat-son-plein\/198798\/","og_site_name":"webdo","article_publisher":"https:\/\/www.facebook.com\/webdotn","article_published_time":"2022-11-11T11:10:00+00:00","article_modified_time":"2025-05-20T23:01:52+00:00","og_image":[{"width":750,"height":400,"url":"https:\/\/www.webdo.tn\/fr\/wp-content\/uploads\/2022\/11\/3498c32c83e92f6c9c1dc25ef3d12362.jpg","type":"image\/jpeg"}],"author":"MK","twitter_card":"summary_large_image","twitter_creator":"@webdo_tn","twitter_site":"@webdo_tn","twitter_misc":{"\u00c9crit par":"MK","Dur\u00e9e de lecture estim\u00e9e":"6 minutes"},"schema":{"@context":"https:\/\/schema.org","@graph":[{"@type":"NewsArticle","@id":"https:\/\/www.webdo.tn\/fr\/actualite\/sport\/boycottqatar2022-la-campagne-bat-son-plein\/198798\/#article","isPartOf":{"@id":"https:\/\/www.webdo.tn\/fr\/actualite\/sport\/boycottqatar2022-la-campagne-bat-son-plein\/198798\/"},"author":{"name":"MK","@id":"https:\/\/www.webdo.tn\/fr\/#\/schema\/person\/c3a9d32fa6d495ca5f4b6510e3db97bf"},"headline":"BoycottQatar2022 : la campagne bat son plein","datePublished":"2022-11-11T11:10:00+00:00","dateModified":"2025-05-20T23:01:52+00:00","mainEntityOfPage":{"@id":"https:\/\/www.webdo.tn\/fr\/actualite\/sport\/boycottqatar2022-la-campagne-bat-son-plein\/198798\/"},"wordCount":1173,"commentCount":0,"publisher":{"@id":"https:\/\/www.webdo.tn\/fr\/#organization"},"image":{"@id":"https:\/\/www.webdo.tn\/fr\/actualite\/sport\/boycottqatar2022-la-campagne-bat-son-plein\/198798\/#primaryimage"},"thumbnailUrl":"https:\/\/www.webdo.tn\/fr\/wp-content\/uploads\/2022\/11\/3498c32c83e92f6c9c1dc25ef3d12362.jpg","keywords":["BoycottQatar2022","Coupe du Monde","Qatar2022"],"articleSection":["Sport"],"inLanguage":"fr-FR"},{"@type":"WebPage","@id":"https:\/\/www.webdo.tn\/fr\/actualite\/sport\/boycottqatar2022-la-campagne-bat-son-plein\/198798\/","url":"https:\/\/www.webdo.tn\/fr\/actualite\/sport\/boycottqatar2022-la-campagne-bat-son-plein\/198798\/","name":"BoycottQatar2022 : la campagne bat son plein","isPartOf":{"@id":"https:\/\/www.webdo.tn\/fr\/#website"},"primaryImageOfPage":{"@id":"https:\/\/www.webdo.tn\/fr\/actualite\/sport\/boycottqatar2022-la-campagne-bat-son-plein\/198798\/#primaryimage"},"image":{"@id":"https:\/\/www.webdo.tn\/fr\/actualite\/sport\/boycottqatar2022-la-campagne-bat-son-plein\/198798\/#primaryimage"},"thumbnailUrl":"https:\/\/www.webdo.tn\/fr\/wp-content\/uploads\/2022\/11\/3498c32c83e92f6c9c1dc25ef3d12362.jpg","datePublished":"2022-11-11T11:10:00+00:00","dateModified":"2025-05-20T23:01:52+00:00","description":"A dix jours du coup d\u2019envoi de la Coupe du Monde, Qatar2022, la campagne BoycottQatar2022 bat son plein. En cause, les atteintes aux droits de l\u2019Homme lors de l...","breadcrumb":{"@id":"https:\/\/www.webdo.tn\/fr\/actualite\/sport\/boycottqatar2022-la-campagne-bat-son-plein\/198798\/#breadcrumb"},"inLanguage":"fr-FR","potentialAction":[{"@type":"ReadAction","target":["https:\/\/www.webdo.tn\/fr\/actualite\/sport\/boycottqatar2022-la-campagne-bat-son-plein\/198798\/"]}]},{"@type":"ImageObject","inLanguage":"fr-FR","@id":"https:\/\/www.webdo.tn\/fr\/actualite\/sport\/boycottqatar2022-la-campagne-bat-son-plein\/198798\/#primaryimage","url":"https:\/\/www.webdo.tn\/fr\/wp-content\/uploads\/2022\/11\/3498c32c83e92f6c9c1dc25ef3d12362.jpg","contentUrl":"https:\/\/www.webdo.tn\/fr\/wp-content\/uploads\/2022\/11\/3498c32c83e92f6c9c1dc25ef3d12362.jpg","width":750,"height":400,"caption":"BoycottQatar2022"},{"@type":"BreadcrumbList","@id":"https:\/\/www.webdo.tn\/fr\/actualite\/sport\/boycottqatar2022-la-campagne-bat-son-plein\/198798\/#breadcrumb","itemListElement":[{"@type":"ListItem","position":1,"name":"Accueil","item":"https:\/\/www.webdo.tn\/fr\/"},{"@type":"ListItem","position":2,"name":"BoycottQatar2022 : la campagne bat son plein"}]},{"@type":"WebSite","@id":"https:\/\/www.webdo.tn\/fr\/#website","url":"https:\/\/www.webdo.tn\/fr\/","name":"webdo","description":"Tunisie - News en Tunisie et \u00e0 l&#039;international sur Webdo.tn","publisher":{"@id":"https:\/\/www.webdo.tn\/fr\/#organization"},"potentialAction":[{"@type":"SearchAction","target":{"@type":"EntryPoint","urlTemplate":"https:\/\/www.webdo.tn\/fr\/?s={search_term_string}"},"query-input":{"@type":"PropertyValueSpecification","valueRequired":true,"valueName":"search_term_string"}}],"inLanguage":"fr-FR"},{"@type":"Organization","@id":"https:\/\/www.webdo.tn\/fr\/#organization","name":"Webdo","alternateName":"Webdo.tn","url":"https:\/\/www.webdo.tn\/fr\/","logo":{"@type":"ImageObject","inLanguage":"fr-FR","@id":"https:\/\/www.webdo.tn\/fr\/#\/schema\/logo\/image\/","url":"https:\/\/www.webdo.tn\/fr\/wp-content\/uploads\/2025\/06\/Webdo-Tunisie_168377.jpg","contentUrl":"https:\/\/www.webdo.tn\/fr\/wp-content\/uploads\/2025\/06\/Webdo-Tunisie_168377.jpg","width":301,"height":301,"caption":"Webdo"},"image":{"@id":"https:\/\/www.webdo.tn\/fr\/#\/schema\/logo\/image\/"},"sameAs":["https:\/\/www.facebook.com\/webdotn","https:\/\/x.com\/webdo_tn"],"description":"Webdo est un m\u00e9dia num\u00e9rique tunisien fond\u00e9 en 2010, sp\u00e9cialis\u00e9 dans l\u2019actualit\u00e9 nationale et internationale, l\u2019\u00e9conomie, la soci\u00e9t\u00e9 et les analyses politiques. Le site s\u2019adresse \u00e0 un large public francophone et couvre l\u2019information tunisienne en temps r\u00e9el.","email":"redac@webdo.tn","legalName":"YNJ SARL","foundingDate":"2010-09-06","numberOfEmployees":{"@type":"QuantitativeValue","minValue":"11","maxValue":"50"}},{"@type":"Person","@id":"https:\/\/www.webdo.tn\/fr\/#\/schema\/person\/c3a9d32fa6d495ca5f4b6510e3db97bf","name":"MK","image":{"@type":"ImageObject","inLanguage":"fr-FR","@id":"https:\/\/secure.gravatar.com\/avatar\/6d44f937f19929f3b75db77056d3e08abd6e302e71bcfea340cd8b00c13e7baf?s=96&d=mm&r=g","url":"https:\/\/secure.gravatar.com\/avatar\/6d44f937f19929f3b75db77056d3e08abd6e302e71bcfea340cd8b00c13e7baf?s=96&d=mm&r=g","contentUrl":"https:\/\/secure.gravatar.com\/avatar\/6d44f937f19929f3b75db77056d3e08abd6e302e71bcfea340cd8b00c13e7baf?s=96&d=mm&r=g","caption":"MK"},"url":"https:\/\/www.webdo.tn\/fr\/actualite\/author\/mk\/"}]}},"_links":{"self":[{"href":"https:\/\/www.webdo.tn\/fr\/wp-json\/wp\/v2\/posts\/198798","targetHints":{"allow":["GET"]}}],"collection":[{"href":"https:\/\/www.webdo.tn\/fr\/wp-json\/wp\/v2\/posts"}],"about":[{"href":"https:\/\/www.webdo.tn\/fr\/wp-json\/wp\/v2\/types\/post"}],"author":[{"embeddable":true,"href":"https:\/\/www.webdo.tn\/fr\/wp-json\/wp\/v2\/users\/3196"}],"replies":[{"embeddable":true,"href":"https:\/\/www.webdo.tn\/fr\/wp-json\/wp\/v2\/comments?post=198798"}],"version-history":[{"count":0,"href":"https:\/\/www.webdo.tn\/fr\/wp-json\/wp\/v2\/posts\/198798\/revisions"}],"wp:featuredmedia":[{"embeddable":true,"href":"https:\/\/www.webdo.tn\/fr\/wp-json\/wp\/v2\/media\/277227"}],"wp:attachment":[{"href":"https:\/\/www.webdo.tn\/fr\/wp-json\/wp\/v2\/media?parent=198798"}],"wp:term":[{"taxonomy":"category","embeddable":true,"href":"https:\/\/www.webdo.tn\/fr\/wp-json\/wp\/v2\/categories?post=198798"},{"taxonomy":"post_tag","embeddable":true,"href":"https:\/\/www.webdo.tn\/fr\/wp-json\/wp\/v2\/tags?post=198798"}],"curies":[{"name":"wp","href":"https:\/\/api.w.org\/{rel}","templated":true}]}}