{"id":198796,"date":"2022-11-11T10:48:00","date_gmt":"2022-11-11T10:48:00","guid":{"rendered":"https:\/\/www.webdo.tn\/fr\/blog\/les-diktats-imposes-par-le-fmi-conduiront-a-des-soulevements-populaires-violents-estime-echaa\/198796\/"},"modified":"2025-05-20T22:05:47","modified_gmt":"2025-05-20T22:05:47","slug":"les-diktats-imposes-par-le-fmi-conduiront-a-des-soulevements-populaires-violents-estime-echaa","status":"publish","type":"post","link":"https:\/\/www.webdo.tn\/fr\/actualite\/national\/les-diktats-imposes-par-le-fmi-conduiront-a-des-soulevements-populaires-violents-estime-echaa\/198796\/","title":{"rendered":"Les diktats impos\u00e9s par le FMI, conduiront \u00e0 des soul\u00e8vements populaires violents , estime Echa\u00e2b"},"content":{"rendered":"<p>Le mouvement Echa\u00e2b a mis en garde contre toute abstention des Tunisiens aux prochaines \u00e9lections l\u00e9gislatives \u00e0 cause des tensions sociales que conna\u00eet le pays.<\/p>\n<p>\t\t\t\t\t\t\t\t\tSelon un communiqu\u00e9 publi\u00e9 par le mouvement, des mesures urgentes permettant au processus du 25 juillet de regagner le soutien populaire et d&rsquo;organiser des \u00e9lections \u00ab\u00a0libres et cr\u00e9dibles\u00a0\u00bb, doivent \u00eatre prises, reconnaissant ainsi \u00e0 demi-mot que ce processus s&rsquo;est essouffl\u00e9.<\/p>\n<p>Il a critiqu\u00e9 la r\u00e9action du gouvernement face \u00e0 la crise \u00e9conomique et sociale d\u00e9non\u00e7ant qu\u2019il soit ainsi \u00ab\u00a0rest\u00e9 les bras crois\u00e9s devant la flamb\u00e9e vertigineuse des prix et la p\u00e9nurie des produits de base et des m\u00e9dicaments\u00a0\u00bb.<\/p>\n<p>\u00ab\u00a0Face \u00e0 cette crise, le gouvernement a brandi le spectre de la lev\u00e9e de la subvention des carburants et des produits de base et la cession de plusieurs institutions publiques, conform\u00e9ment aux diktats impos\u00e9s par le Fonds mon\u00e9taire international\u00a0\u00bb, a-t-il regrett\u00e9.<\/p>\n<p>Et d&rsquo;avertir que tout cela conduira \u00e0 des soul\u00e8vements populaires violents qui pourraient menacer la stabilit\u00e9 du pays et des institutions de l&rsquo;Etat\u00a0\u00bb.<\/p>\n<p>Par ailleurs, le mouvement a appel\u00e9 le pr\u00e9sident de la R\u00e9publique \u00e0 intervenir pour mettre un terme aux \u00ab\u00a0frasques\u00a0\u00bb de certains ministres et responsables r\u00e9gionaux.<\/p>\n","protected":false},"excerpt":{"rendered":"<p>Le mouvement Echa\u00e2b a mis en garde contre toute abstention des Tunisiens aux prochaines \u00e9lections l\u00e9gislatives \u00e0 cause des tensions sociales que conna\u00eet le pays&#8230;<\/p>\n","protected":false},"author":3162,"featured_media":277225,"comment_status":"open","ping_status":"closed","sticky":false,"template":"","format":"standard","meta":{"footnotes":""},"categories":[44],"tags":[4233,9138,3860,2608],"class_list":["post-198796","post","type-post","status-publish","format-standard","has-post-thumbnail","hentry","category-national","tag-fmi","tag-soulevement","tag-tension","tag-tunisie"],"yoast_head":"<!-- This site is optimized with the Yoast SEO Premium plugin v27.4 (Yoast SEO v27.5) - https:\/\/yoast.com\/product\/yoast-seo-premium-wordpress\/ -->\n<title>Les diktats impos\u00e9s par le FMI, conduiront \u00e0 des soul\u00e8vements populaires violents , estime Echa\u00e2b<\/title>\n<meta name=\"description\" content=\"Le mouvement Echa\u00e2b a mis en garde contre toute abstention des Tunisiens aux prochaines \u00e9lections l\u00e9gislatives \u00e0 cause des tensions sociales que conna\u00eet le pays...\" \/>\n<link rel=\"canonical\" href=\"https:\/\/www.webdo.tn\/fr\/actualite\/national\/les-diktats-imposes-par-le-fmi-conduiront-a-des-soulevements-populaires-violents-estime-echaa\/198796\/\" \/>\n<meta property=\"og:locale\" content=\"fr_FR\" \/>\n<meta property=\"og:type\" content=\"article\" \/>\n<meta property=\"og:title\" content=\"Les diktats impos\u00e9s par le FMI, conduiront \u00e0 des soul\u00e8vements populaires violents , estime Echa\u00e2b\" \/>\n<meta property=\"og:description\" content=\"Le mouvement Echa\u00e2b a mis en garde contre toute abstention des Tunisiens aux prochaines \u00e9lections l\u00e9gislatives \u00e0 cause des tensions sociales que conna\u00eet le pays...\" \/>\n<meta property=\"og:url\" content=\"https:\/\/www.webdo.tn\/fr\/actualite\/national\/les-diktats-imposes-par-le-fmi-conduiront-a-des-soulevements-populaires-violents-estime-echaa\/198796\/\" \/>\n<meta property=\"og:site_name\" content=\"webdo\" \/>\n<meta property=\"article:publisher\" content=\"https:\/\/www.facebook.com\/webdotn\" \/>\n<meta property=\"article:published_time\" content=\"2022-11-11T10:48:00+00:00\" \/>\n<meta property=\"article:modified_time\" content=\"2025-05-20T22:05:47+00:00\" \/>\n<meta property=\"og:image\" content=\"https:\/\/www.webdo.tn\/fr\/wp-content\/uploads\/2022\/11\/5c9ec64b1aca9852f4da6a1f63d71501.jpg\" \/>\n\t<meta property=\"og:image:width\" content=\"680\" \/>\n\t<meta property=\"og:image:height\" content=\"363\" \/>\n\t<meta property=\"og:image:type\" content=\"image\/jpeg\" \/>\n<meta name=\"author\" content=\"MC\" \/>\n<meta name=\"twitter:card\" content=\"summary_large_image\" \/>\n<meta name=\"twitter:creator\" content=\"@webdo_tn\" \/>\n<meta name=\"twitter:site\" content=\"@webdo_tn\" \/>\n<meta name=\"twitter:label1\" content=\"\u00c9crit par\" \/>\n\t<meta name=\"twitter:data1\" content=\"MC\" \/>\n\t<meta name=\"twitter:label2\" content=\"Dur\u00e9e de lecture estim\u00e9e\" \/>\n\t<meta name=\"twitter:data2\" content=\"1 minute\" \/>\n<script type=\"application\/ld+json\" class=\"yoast-schema-graph\">{\"@context\":\"https:\\\/\\\/schema.org\",\"@graph\":[{\"@type\":\"NewsArticle\",\"@id\":\"https:\\\/\\\/www.webdo.tn\\\/fr\\\/actualite\\\/national\\\/les-diktats-imposes-par-le-fmi-conduiront-a-des-soulevements-populaires-violents-estime-echaa\\\/198796\\\/#article\",\"isPartOf\":{\"@id\":\"https:\\\/\\\/www.webdo.tn\\\/fr\\\/actualite\\\/national\\\/les-diktats-imposes-par-le-fmi-conduiront-a-des-soulevements-populaires-violents-estime-echaa\\\/198796\\\/\"},\"author\":{\"name\":\"MC\",\"@id\":\"https:\\\/\\\/www.webdo.tn\\\/fr\\\/#\\\/schema\\\/person\\\/2c4929cbf5a809e3bd38617c6ce150f6\"},\"headline\":\"Les diktats impos\u00e9s par le FMI, conduiront \u00e0 des soul\u00e8vements populaires violents , estime Echa\u00e2b\",\"datePublished\":\"2022-11-11T10:48:00+00:00\",\"dateModified\":\"2025-05-20T22:05:47+00:00\",\"mainEntityOfPage\":{\"@id\":\"https:\\\/\\\/www.webdo.tn\\\/fr\\\/actualite\\\/national\\\/les-diktats-imposes-par-le-fmi-conduiront-a-des-soulevements-populaires-violents-estime-echaa\\\/198796\\\/\"},\"wordCount\":225,\"commentCount\":0,\"publisher\":{\"@id\":\"https:\\\/\\\/www.webdo.tn\\\/fr\\\/#organization\"},\"image\":{\"@id\":\"https:\\\/\\\/www.webdo.tn\\\/fr\\\/actualite\\\/national\\\/les-diktats-imposes-par-le-fmi-conduiront-a-des-soulevements-populaires-violents-estime-echaa\\\/198796\\\/#primaryimage\"},\"thumbnailUrl\":\"https:\\\/\\\/www.webdo.tn\\\/fr\\\/wp-content\\\/uploads\\\/2022\\\/11\\\/5c9ec64b1aca9852f4da6a1f63d71501.jpg\",\"keywords\":[\"FMI\",\"soul\u00e8vement\",\"tension\",\"Tunisie\"],\"articleSection\":[\"National\"],\"inLanguage\":\"fr-FR\"},{\"@type\":\"WebPage\",\"@id\":\"https:\\\/\\\/www.webdo.tn\\\/fr\\\/actualite\\\/national\\\/les-diktats-imposes-par-le-fmi-conduiront-a-des-soulevements-populaires-violents-estime-echaa\\\/198796\\\/\",\"url\":\"https:\\\/\\\/www.webdo.tn\\\/fr\\\/actualite\\\/national\\\/les-diktats-imposes-par-le-fmi-conduiront-a-des-soulevements-populaires-violents-estime-echaa\\\/198796\\\/\",\"name\":\"Les diktats impos\u00e9s par le FMI, conduiront \u00e0 des soul\u00e8vements populaires violents , estime Echa\u00e2b\",\"isPartOf\":{\"@id\":\"https:\\\/\\\/www.webdo.tn\\\/fr\\\/#website\"},\"primaryImageOfPage\":{\"@id\":\"https:\\\/\\\/www.webdo.tn\\\/fr\\\/actualite\\\/national\\\/les-diktats-imposes-par-le-fmi-conduiront-a-des-soulevements-populaires-violents-estime-echaa\\\/198796\\\/#primaryimage\"},\"image\":{\"@id\":\"https:\\\/\\\/www.webdo.tn\\\/fr\\\/actualite\\\/national\\\/les-diktats-imposes-par-le-fmi-conduiront-a-des-soulevements-populaires-violents-estime-echaa\\\/198796\\\/#primaryimage\"},\"thumbnailUrl\":\"https:\\\/\\\/www.webdo.tn\\\/fr\\\/wp-content\\\/uploads\\\/2022\\\/11\\\/5c9ec64b1aca9852f4da6a1f63d71501.jpg\",\"datePublished\":\"2022-11-11T10:48:00+00:00\",\"dateModified\":\"2025-05-20T22:05:47+00:00\",\"description\":\"Le mouvement Echa\u00e2b a mis en garde contre toute abstention des Tunisiens aux prochaines \u00e9lections l\u00e9gislatives \u00e0 cause des tensions sociales que conna\u00eet le pays...\",\"breadcrumb\":{\"@id\":\"https:\\\/\\\/www.webdo.tn\\\/fr\\\/actualite\\\/national\\\/les-diktats-imposes-par-le-fmi-conduiront-a-des-soulevements-populaires-violents-estime-echaa\\\/198796\\\/#breadcrumb\"},\"inLanguage\":\"fr-FR\",\"potentialAction\":[{\"@type\":\"ReadAction\",\"target\":[\"https:\\\/\\\/www.webdo.tn\\\/fr\\\/actualite\\\/national\\\/les-diktats-imposes-par-le-fmi-conduiront-a-des-soulevements-populaires-violents-estime-echaa\\\/198796\\\/\"]}]},{\"@type\":\"ImageObject\",\"inLanguage\":\"fr-FR\",\"@id\":\"https:\\\/\\\/www.webdo.tn\\\/fr\\\/actualite\\\/national\\\/les-diktats-imposes-par-le-fmi-conduiront-a-des-soulevements-populaires-violents-estime-echaa\\\/198796\\\/#primaryimage\",\"url\":\"https:\\\/\\\/www.webdo.tn\\\/fr\\\/wp-content\\\/uploads\\\/2022\\\/11\\\/5c9ec64b1aca9852f4da6a1f63d71501.jpg\",\"contentUrl\":\"https:\\\/\\\/www.webdo.tn\\\/fr\\\/wp-content\\\/uploads\\\/2022\\\/11\\\/5c9ec64b1aca9852f4da6a1f63d71501.jpg\",\"width\":680,\"height\":363,\"caption\":\"Echaa\u00e2b\"},{\"@type\":\"BreadcrumbList\",\"@id\":\"https:\\\/\\\/www.webdo.tn\\\/fr\\\/actualite\\\/national\\\/les-diktats-imposes-par-le-fmi-conduiront-a-des-soulevements-populaires-violents-estime-echaa\\\/198796\\\/#breadcrumb\",\"itemListElement\":[{\"@type\":\"ListItem\",\"position\":1,\"name\":\"Accueil\",\"item\":\"https:\\\/\\\/www.webdo.tn\\\/fr\\\/\"},{\"@type\":\"ListItem\",\"position\":2,\"name\":\"Les diktats impos\u00e9s par le FMI, conduiront \u00e0 des soul\u00e8vements populaires violents , estime Echa\u00e2b\"}]},{\"@type\":\"WebSite\",\"@id\":\"https:\\\/\\\/www.webdo.tn\\\/fr\\\/#website\",\"url\":\"https:\\\/\\\/www.webdo.tn\\\/fr\\\/\",\"name\":\"webdo\",\"description\":\"Tunisie - News en Tunisie et \u00e0 l&#039;international sur Webdo.tn\",\"publisher\":{\"@id\":\"https:\\\/\\\/www.webdo.tn\\\/fr\\\/#organization\"},\"potentialAction\":[{\"@type\":\"SearchAction\",\"target\":{\"@type\":\"EntryPoint\",\"urlTemplate\":\"https:\\\/\\\/www.webdo.tn\\\/fr\\\/?s={search_term_string}\"},\"query-input\":{\"@type\":\"PropertyValueSpecification\",\"valueRequired\":true,\"valueName\":\"search_term_string\"}}],\"inLanguage\":\"fr-FR\"},{\"@type\":\"Organization\",\"@id\":\"https:\\\/\\\/www.webdo.tn\\\/fr\\\/#organization\",\"name\":\"Webdo\",\"alternateName\":\"Webdo.tn\",\"url\":\"https:\\\/\\\/www.webdo.tn\\\/fr\\\/\",\"logo\":{\"@type\":\"ImageObject\",\"inLanguage\":\"fr-FR\",\"@id\":\"https:\\\/\\\/www.webdo.tn\\\/fr\\\/#\\\/schema\\\/logo\\\/image\\\/\",\"url\":\"https:\\\/\\\/www.webdo.tn\\\/fr\\\/wp-content\\\/uploads\\\/2025\\\/06\\\/Webdo-Tunisie_168377.jpg\",\"contentUrl\":\"https:\\\/\\\/www.webdo.tn\\\/fr\\\/wp-content\\\/uploads\\\/2025\\\/06\\\/Webdo-Tunisie_168377.jpg\",\"width\":301,\"height\":301,\"caption\":\"Webdo\"},\"image\":{\"@id\":\"https:\\\/\\\/www.webdo.tn\\\/fr\\\/#\\\/schema\\\/logo\\\/image\\\/\"},\"sameAs\":[\"https:\\\/\\\/www.facebook.com\\\/webdotn\",\"https:\\\/\\\/x.com\\\/webdo_tn\"],\"description\":\"Webdo est un m\u00e9dia num\u00e9rique tunisien fond\u00e9 en 2010, sp\u00e9cialis\u00e9 dans l\u2019actualit\u00e9 nationale et internationale, l\u2019\u00e9conomie, la soci\u00e9t\u00e9 et les analyses politiques. Le site s\u2019adresse \u00e0 un large public francophone et couvre l\u2019information tunisienne en temps r\u00e9el.\",\"email\":\"redac@webdo.tn\",\"legalName\":\"YNJ SARL\",\"foundingDate\":\"2010-09-06\",\"numberOfEmployees\":{\"@type\":\"QuantitativeValue\",\"minValue\":\"11\",\"maxValue\":\"50\"}},{\"@type\":\"Person\",\"@id\":\"https:\\\/\\\/www.webdo.tn\\\/fr\\\/#\\\/schema\\\/person\\\/2c4929cbf5a809e3bd38617c6ce150f6\",\"name\":\"MC\",\"image\":{\"@type\":\"ImageObject\",\"inLanguage\":\"fr-FR\",\"@id\":\"https:\\\/\\\/secure.gravatar.com\\\/avatar\\\/a545bbb6f84efdd5553dbbc2895e3ca8f1d12c5215e00a041c9670b54aa9b18a?s=96&d=mm&r=g\",\"url\":\"https:\\\/\\\/secure.gravatar.com\\\/avatar\\\/a545bbb6f84efdd5553dbbc2895e3ca8f1d12c5215e00a041c9670b54aa9b18a?s=96&d=mm&r=g\",\"contentUrl\":\"https:\\\/\\\/secure.gravatar.com\\\/avatar\\\/a545bbb6f84efdd5553dbbc2895e3ca8f1d12c5215e00a041c9670b54aa9b18a?s=96&d=mm&r=g\",\"caption\":\"MC\"},\"url\":\"https:\\\/\\\/www.webdo.tn\\\/fr\\\/actualite\\\/author\\\/mc\\\/\"}]}<\/script>\n<!-- \/ Yoast SEO Premium plugin. -->","yoast_head_json":{"title":"Les diktats impos\u00e9s par le FMI, conduiront \u00e0 des soul\u00e8vements populaires violents , estime Echa\u00e2b","description":"Le mouvement Echa\u00e2b a mis en garde contre toute abstention des Tunisiens aux prochaines \u00e9lections l\u00e9gislatives \u00e0 cause des tensions sociales que conna\u00eet le pays...","canonical":"https:\/\/www.webdo.tn\/fr\/actualite\/national\/les-diktats-imposes-par-le-fmi-conduiront-a-des-soulevements-populaires-violents-estime-echaa\/198796\/","og_locale":"fr_FR","og_type":"article","og_title":"Les diktats impos\u00e9s par le FMI, conduiront \u00e0 des soul\u00e8vements populaires violents , estime Echa\u00e2b","og_description":"Le mouvement Echa\u00e2b a mis en garde contre toute abstention des Tunisiens aux prochaines \u00e9lections l\u00e9gislatives \u00e0 cause des tensions sociales que conna\u00eet le pays...","og_url":"https:\/\/www.webdo.tn\/fr\/actualite\/national\/les-diktats-imposes-par-le-fmi-conduiront-a-des-soulevements-populaires-violents-estime-echaa\/198796\/","og_site_name":"webdo","article_publisher":"https:\/\/www.facebook.com\/webdotn","article_published_time":"2022-11-11T10:48:00+00:00","article_modified_time":"2025-05-20T22:05:47+00:00","og_image":[{"width":680,"height":363,"url":"https:\/\/www.webdo.tn\/fr\/wp-content\/uploads\/2022\/11\/5c9ec64b1aca9852f4da6a1f63d71501.jpg","type":"image\/jpeg"}],"author":"MC","twitter_card":"summary_large_image","twitter_creator":"@webdo_tn","twitter_site":"@webdo_tn","twitter_misc":{"\u00c9crit par":"MC","Dur\u00e9e de lecture estim\u00e9e":"1 minute"},"schema":{"@context":"https:\/\/schema.org","@graph":[{"@type":"NewsArticle","@id":"https:\/\/www.webdo.tn\/fr\/actualite\/national\/les-diktats-imposes-par-le-fmi-conduiront-a-des-soulevements-populaires-violents-estime-echaa\/198796\/#article","isPartOf":{"@id":"https:\/\/www.webdo.tn\/fr\/actualite\/national\/les-diktats-imposes-par-le-fmi-conduiront-a-des-soulevements-populaires-violents-estime-echaa\/198796\/"},"author":{"name":"MC","@id":"https:\/\/www.webdo.tn\/fr\/#\/schema\/person\/2c4929cbf5a809e3bd38617c6ce150f6"},"headline":"Les diktats impos\u00e9s par le FMI, conduiront \u00e0 des soul\u00e8vements populaires violents , estime Echa\u00e2b","datePublished":"2022-11-11T10:48:00+00:00","dateModified":"2025-05-20T22:05:47+00:00","mainEntityOfPage":{"@id":"https:\/\/www.webdo.tn\/fr\/actualite\/national\/les-diktats-imposes-par-le-fmi-conduiront-a-des-soulevements-populaires-violents-estime-echaa\/198796\/"},"wordCount":225,"commentCount":0,"publisher":{"@id":"https:\/\/www.webdo.tn\/fr\/#organization"},"image":{"@id":"https:\/\/www.webdo.tn\/fr\/actualite\/national\/les-diktats-imposes-par-le-fmi-conduiront-a-des-soulevements-populaires-violents-estime-echaa\/198796\/#primaryimage"},"thumbnailUrl":"https:\/\/www.webdo.tn\/fr\/wp-content\/uploads\/2022\/11\/5c9ec64b1aca9852f4da6a1f63d71501.jpg","keywords":["FMI","soul\u00e8vement","tension","Tunisie"],"articleSection":["National"],"inLanguage":"fr-FR"},{"@type":"WebPage","@id":"https:\/\/www.webdo.tn\/fr\/actualite\/national\/les-diktats-imposes-par-le-fmi-conduiront-a-des-soulevements-populaires-violents-estime-echaa\/198796\/","url":"https:\/\/www.webdo.tn\/fr\/actualite\/national\/les-diktats-imposes-par-le-fmi-conduiront-a-des-soulevements-populaires-violents-estime-echaa\/198796\/","name":"Les diktats impos\u00e9s par le FMI, conduiront \u00e0 des soul\u00e8vements populaires violents , estime Echa\u00e2b","isPartOf":{"@id":"https:\/\/www.webdo.tn\/fr\/#website"},"primaryImageOfPage":{"@id":"https:\/\/www.webdo.tn\/fr\/actualite\/national\/les-diktats-imposes-par-le-fmi-conduiront-a-des-soulevements-populaires-violents-estime-echaa\/198796\/#primaryimage"},"image":{"@id":"https:\/\/www.webdo.tn\/fr\/actualite\/national\/les-diktats-imposes-par-le-fmi-conduiront-a-des-soulevements-populaires-violents-estime-echaa\/198796\/#primaryimage"},"thumbnailUrl":"https:\/\/www.webdo.tn\/fr\/wp-content\/uploads\/2022\/11\/5c9ec64b1aca9852f4da6a1f63d71501.jpg","datePublished":"2022-11-11T10:48:00+00:00","dateModified":"2025-05-20T22:05:47+00:00","description":"Le mouvement Echa\u00e2b a mis en garde contre toute abstention des Tunisiens aux prochaines \u00e9lections l\u00e9gislatives \u00e0 cause des tensions sociales que conna\u00eet le pays...","breadcrumb":{"@id":"https:\/\/www.webdo.tn\/fr\/actualite\/national\/les-diktats-imposes-par-le-fmi-conduiront-a-des-soulevements-populaires-violents-estime-echaa\/198796\/#breadcrumb"},"inLanguage":"fr-FR","potentialAction":[{"@type":"ReadAction","target":["https:\/\/www.webdo.tn\/fr\/actualite\/national\/les-diktats-imposes-par-le-fmi-conduiront-a-des-soulevements-populaires-violents-estime-echaa\/198796\/"]}]},{"@type":"ImageObject","inLanguage":"fr-FR","@id":"https:\/\/www.webdo.tn\/fr\/actualite\/national\/les-diktats-imposes-par-le-fmi-conduiront-a-des-soulevements-populaires-violents-estime-echaa\/198796\/#primaryimage","url":"https:\/\/www.webdo.tn\/fr\/wp-content\/uploads\/2022\/11\/5c9ec64b1aca9852f4da6a1f63d71501.jpg","contentUrl":"https:\/\/www.webdo.tn\/fr\/wp-content\/uploads\/2022\/11\/5c9ec64b1aca9852f4da6a1f63d71501.jpg","width":680,"height":363,"caption":"Echaa\u00e2b"},{"@type":"BreadcrumbList","@id":"https:\/\/www.webdo.tn\/fr\/actualite\/national\/les-diktats-imposes-par-le-fmi-conduiront-a-des-soulevements-populaires-violents-estime-echaa\/198796\/#breadcrumb","itemListElement":[{"@type":"ListItem","position":1,"name":"Accueil","item":"https:\/\/www.webdo.tn\/fr\/"},{"@type":"ListItem","position":2,"name":"Les diktats impos\u00e9s par le FMI, conduiront \u00e0 des soul\u00e8vements populaires violents , estime Echa\u00e2b"}]},{"@type":"WebSite","@id":"https:\/\/www.webdo.tn\/fr\/#website","url":"https:\/\/www.webdo.tn\/fr\/","name":"webdo","description":"Tunisie - News en Tunisie et \u00e0 l&#039;international sur Webdo.tn","publisher":{"@id":"https:\/\/www.webdo.tn\/fr\/#organization"},"potentialAction":[{"@type":"SearchAction","target":{"@type":"EntryPoint","urlTemplate":"https:\/\/www.webdo.tn\/fr\/?s={search_term_string}"},"query-input":{"@type":"PropertyValueSpecification","valueRequired":true,"valueName":"search_term_string"}}],"inLanguage":"fr-FR"},{"@type":"Organization","@id":"https:\/\/www.webdo.tn\/fr\/#organization","name":"Webdo","alternateName":"Webdo.tn","url":"https:\/\/www.webdo.tn\/fr\/","logo":{"@type":"ImageObject","inLanguage":"fr-FR","@id":"https:\/\/www.webdo.tn\/fr\/#\/schema\/logo\/image\/","url":"https:\/\/www.webdo.tn\/fr\/wp-content\/uploads\/2025\/06\/Webdo-Tunisie_168377.jpg","contentUrl":"https:\/\/www.webdo.tn\/fr\/wp-content\/uploads\/2025\/06\/Webdo-Tunisie_168377.jpg","width":301,"height":301,"caption":"Webdo"},"image":{"@id":"https:\/\/www.webdo.tn\/fr\/#\/schema\/logo\/image\/"},"sameAs":["https:\/\/www.facebook.com\/webdotn","https:\/\/x.com\/webdo_tn"],"description":"Webdo est un m\u00e9dia num\u00e9rique tunisien fond\u00e9 en 2010, sp\u00e9cialis\u00e9 dans l\u2019actualit\u00e9 nationale et internationale, l\u2019\u00e9conomie, la soci\u00e9t\u00e9 et les analyses politiques. Le site s\u2019adresse \u00e0 un large public francophone et couvre l\u2019information tunisienne en temps r\u00e9el.","email":"redac@webdo.tn","legalName":"YNJ SARL","foundingDate":"2010-09-06","numberOfEmployees":{"@type":"QuantitativeValue","minValue":"11","maxValue":"50"}},{"@type":"Person","@id":"https:\/\/www.webdo.tn\/fr\/#\/schema\/person\/2c4929cbf5a809e3bd38617c6ce150f6","name":"MC","image":{"@type":"ImageObject","inLanguage":"fr-FR","@id":"https:\/\/secure.gravatar.com\/avatar\/a545bbb6f84efdd5553dbbc2895e3ca8f1d12c5215e00a041c9670b54aa9b18a?s=96&d=mm&r=g","url":"https:\/\/secure.gravatar.com\/avatar\/a545bbb6f84efdd5553dbbc2895e3ca8f1d12c5215e00a041c9670b54aa9b18a?s=96&d=mm&r=g","contentUrl":"https:\/\/secure.gravatar.com\/avatar\/a545bbb6f84efdd5553dbbc2895e3ca8f1d12c5215e00a041c9670b54aa9b18a?s=96&d=mm&r=g","caption":"MC"},"url":"https:\/\/www.webdo.tn\/fr\/actualite\/author\/mc\/"}]}},"_links":{"self":[{"href":"https:\/\/www.webdo.tn\/fr\/wp-json\/wp\/v2\/posts\/198796","targetHints":{"allow":["GET"]}}],"collection":[{"href":"https:\/\/www.webdo.tn\/fr\/wp-json\/wp\/v2\/posts"}],"about":[{"href":"https:\/\/www.webdo.tn\/fr\/wp-json\/wp\/v2\/types\/post"}],"author":[{"embeddable":true,"href":"https:\/\/www.webdo.tn\/fr\/wp-json\/wp\/v2\/users\/3162"}],"replies":[{"embeddable":true,"href":"https:\/\/www.webdo.tn\/fr\/wp-json\/wp\/v2\/comments?post=198796"}],"version-history":[{"count":0,"href":"https:\/\/www.webdo.tn\/fr\/wp-json\/wp\/v2\/posts\/198796\/revisions"}],"wp:featuredmedia":[{"embeddable":true,"href":"https:\/\/www.webdo.tn\/fr\/wp-json\/wp\/v2\/media\/277225"}],"wp:attachment":[{"href":"https:\/\/www.webdo.tn\/fr\/wp-json\/wp\/v2\/media?parent=198796"}],"wp:term":[{"taxonomy":"category","embeddable":true,"href":"https:\/\/www.webdo.tn\/fr\/wp-json\/wp\/v2\/categories?post=198796"},{"taxonomy":"post_tag","embeddable":true,"href":"https:\/\/www.webdo.tn\/fr\/wp-json\/wp\/v2\/tags?post=198796"}],"curies":[{"name":"wp","href":"https:\/\/api.w.org\/{rel}","templated":true}]}}